{"id":41266,"date":"2022-09-12T11:35:24","date_gmt":"2022-09-12T09:35:24","guid":{"rendered":"https:\/\/www.esplac.cat\/?p=41266"},"modified":"2022-09-14T09:39:30","modified_gmt":"2022-09-14T07:39:30","slug":"training-internacional-alemanya-education-for-social-change","status":"publish","type":"post","link":"https:\/\/www.esplac.cat\/en\/training-internacional-alemanya-education-for-social-change\/","title":{"rendered":"Arriba la nova edici\u00f3 de la fomaci\u00f3 internacional \u201cEducation for social change\u201d a Alemanya"},"content":{"rendered":"<div class=\"fusion-fullwidth fullwidth-box fusion-builder-row-1 nonhundred-percent-fullwidth non-hundred-percent-height-scrolling\" style=\"--awb-border-radius-top-left:0px;--awb-border-radius-top-right:0px;--awb-border-radius-bottom-right:0px;--awb-border-radius-bottom-left:0px;--awb-flex-wrap:wrap;\" ><div class=\"fusion-builder-row fusion-row\"><div class=\"fusion-layout-column fusion_builder_column fusion-builder-column-0 fusion_builder_column_1_1 1_1 fusion-one-full fusion-column-first fusion-column-last\" style=\"--awb-bg-size:cover;--awb-margin-bottom:0px;\"><div class=\"fusion-column-wrapper fusion-flex-column-wrapper-legacy\"><div class=\"fusion-text fusion-text-1\"><h6><strong>Del 22 al 29 d\u2019octubre el Centre Kurt Low\u00ebnstein (Berl\u00edn) organitza aquest training formatiu sobre educaci\u00f3 no formal.<\/strong><\/h6>\n<p><span style=\"font-weight: 400;\">Fa m\u00e9s de 20 anys que el Centre Kurt L\u00f6wenstein de l\u2019entitat SJD-Die Falken d\u2019Alemanya \u00e9s un lloc de trobada i reuni\u00f3 per a membres i activistes de la IFM-SEI, IUSY i YES. En aquest centre s\u2019organitzen les formacions, ja tradicionals, de la Summer School, la Winter School i la Queer Easter, entre d\u2019altres. Les seves activitats<\/span><b> fomenten la reflexi\u00f3, el debat i la solidaritat internacional amb l\u2019objectiu de transformar la societat<\/b><span style=\"font-weight: 400;\">.\u00a0<\/span><\/p>\n<p><span style=\"font-weight: 400;\">T\u2019agradaria formar part de l\u2019equip internacional de formadores del centre o simplement est\u00e0s interessada en aquest seminari? L\u2019educaci\u00f3 \u00e9s l\u2019eina m\u00e9s potent per posar en pr\u00e0ctica els valors i ideari de les nostres organitzacions i arribar a transformar la societat.<\/span><\/p>\n<p><span style=\"font-weight: 400;\">En aquest seminari s\u2019explorar\u00e0 quines habilitats i motivacions necess\u00e0ries per a una bona facilitaci\u00f3 i s\u2019aprendr\u00e0 a estructurar els processos educatius per tal d\u2019implementar els valors i idearis de les entitats.<\/span><\/p>\n<p><b>Al seminari es treballar\u00e0 sobre:<\/b><\/p>\n<ul>\n<li style=\"font-weight: 400;\" aria-level=\"1\"><span style=\"font-weight: 400;\">Idees i metodologia sobre l\u2019educaci\u00f3 no formal<\/span><\/li>\n<li style=\"font-weight: 400;\" aria-level=\"1\"><span style=\"font-weight: 400;\">Inclusi\u00f3 dels aspectes pol\u00edtics i culturals a les activitats d\u2019educaci\u00f3 no formal<\/span><\/li>\n<li style=\"font-weight: 400;\" aria-level=\"1\"><span style=\"font-weight: 400;\">Coneixements d\u2019educaci\u00f3 socialista i educaci\u00f3 reflexiva i antidiscriminat\u00f2ria<\/span><\/li>\n<\/ul>\n<p><b>Quan? <\/b><span style=\"font-weight: 400;\">Del 22 al 29 d\u2019octubre de 2022<\/span><\/p>\n<p><b>On?<\/b><span style=\"font-weight: 400;\"> Al Kurt L\u00f6wenstein Education Centre, a prop de Berl\u00edn (Werftpfuhl, Alemanya)<\/span><\/p>\n<p><b>Idioma de treball?<\/b><span style=\"font-weight: 400;\"> Angl\u00e8s (cal tenir un bon nivell per poder participar activament de les sessions)<\/span><\/p>\n<p><b>Cost? <\/b>70\u20ac per participant (es retornar\u00e0 l&#8217;import del transport)<\/p>\n<p><b>Apunta\u2019t a trav\u00e9s de l\u2019Era: <\/b><span style=\"font-weight: 400;\">Personal &gt; Activitats. Tens temps fins al 26 setembre!*<\/span><\/p>\n<p><b>Per inscriure\u2019t o demanar m\u00e9s informaci\u00f3:<\/b><span style=\"font-weight: 400;\"> escriu un correu a <\/span><a href=\"mailto:internacional@esplac.cat\"><span style=\"font-weight: 400;\">internacional@esplac.cat<\/span><\/a><\/p>\n<p><span style=\"font-weight: 400;\">*un cop tanquem el per\u00edode d\u2019inscripci\u00f3 segons el n\u00famero de places disponibles, durem a terme un proc\u00e9s de selecci\u00f3 entre totes les inscrites<\/span><\/p>\n<\/div><div class=\"fusion-clearfix\"><\/div><\/div><\/div><\/div><\/div>\n","protected":false},"excerpt":{"rendered":"","protected":false},"author":3,"featured_media":41267,"comment_status":"closed","ping_status":"closed","sticky":false,"template":"","format":"standard","meta":{"om_disable_all_campaigns":false,"_monsterinsights_skip_tracking":false,"_monsterinsights_sitenote_active":false,"_monsterinsights_sitenote_note":"","_monsterinsights_sitenote_category":0,"_uf_show_specific_survey":0,"_uf_disable_surveys":false,"footnotes":""},"categories":[1112],"tags":[],"class_list":["post-41266","post","type-post","status-publish","format-standard","has-post-thumbnail","hentry","category-esplac-al-mon"],"yoast_head":"<!-- This site is optimized with the Yoast SEO plugin v27.5 - https:\/\/yoast.com\/product\/yoast-seo-wordpress\/ -->\n<title>Arriba la nova edici\u00f3 de la fomaci\u00f3 internacional \u201cEducation for social change\u201d a Alemanya - Esplac<\/title>\n<meta name=\"robots\" content=\"index, follow, max-snippet:-1, max-image-preview:large, max-video-preview:-1\" \/>\n<link rel=\"canonical\" href=\"https:\/\/www.esplac.cat\/training-internacional-alemanya-education-for-social-change\/\" \/>\n<meta property=\"og:locale\" content=\"en_US\" \/>\n<meta property=\"og:type\" content=\"article\" \/>\n<meta property=\"og:title\" content=\"Arriba la nova edici\u00f3 de la fomaci\u00f3 internacional \u201cEducation for social change\u201d a Alemanya - Esplac\" \/>\n<meta property=\"og:url\" content=\"https:\/\/www.esplac.cat\/training-internacional-alemanya-education-for-social-change\/\" \/>\n<meta property=\"og:site_name\" content=\"Esplac\" \/>\n<meta property=\"article:published_time\" content=\"2022-09-12T09:35:24+00:00\" \/>\n<meta property=\"article:modified_time\" content=\"2022-09-14T07:39:30+00:00\" \/>\n<meta property=\"og:image\" content=\"https:\/\/www.esplac.cat\/wp-content\/uploads\/2022\/09\/Portades-web-22.jpg\" \/>\n\t<meta property=\"og:image:width\" content=\"1694\" \/>\n\t<meta property=\"og:image:height\" content=\"700\" \/>\n\t<meta property=\"og:image:type\" content=\"image\/jpeg\" \/>\n<meta name=\"author\" content=\"Comunicaci\u00f3 Esplac\" \/>\n<meta name=\"twitter:card\" content=\"summary_large_image\" \/>\n<meta name=\"twitter:label1\" content=\"Written by\" \/>\n\t<meta name=\"twitter:data1\" content=\"Comunicaci\u00f3 Esplac\" \/>\n\t<meta name=\"twitter:label2\" content=\"Est. reading time\" \/>\n\t<meta name=\"twitter:data2\" content=\"2 minutes\" \/>\n<script type=\"application\/ld+json\" class=\"yoast-schema-graph\">{\"@context\":\"https:\\\/\\\/schema.org\",\"@graph\":[{\"@type\":\"Article\",\"@id\":\"https:\\\/\\\/www.esplac.cat\\\/training-internacional-alemanya-education-for-social-change\\\/#article\",\"isPartOf\":{\"@id\":\"https:\\\/\\\/www.esplac.cat\\\/training-internacional-alemanya-education-for-social-change\\\/\"},\"author\":{\"name\":\"Comunicaci\u00f3 Esplac\",\"@id\":\"https:\\\/\\\/www.esplac.cat\\\/#\\\/schema\\\/person\\\/908383cf240be18b68f8855d0583faca\"},\"headline\":\"Arriba la nova edici\u00f3 de la fomaci\u00f3 internacional \u201cEducation for social change\u201d a Alemanya\",\"datePublished\":\"2022-09-12T09:35:24+00:00\",\"dateModified\":\"2022-09-14T07:39:30+00:00\",\"mainEntityOfPage\":{\"@id\":\"https:\\\/\\\/www.esplac.cat\\\/training-internacional-alemanya-education-for-social-change\\\/\"},\"wordCount\":495,\"publisher\":{\"@id\":\"https:\\\/\\\/www.esplac.cat\\\/#organization\"},\"image\":{\"@id\":\"https:\\\/\\\/www.esplac.cat\\\/training-internacional-alemanya-education-for-social-change\\\/#primaryimage\"},\"thumbnailUrl\":\"https:\\\/\\\/www.esplac.cat\\\/wp-content\\\/uploads\\\/2022\\\/09\\\/Portades-web-22.jpg\",\"articleSection\":[\"Esplac al m\u00f3n\"],\"inLanguage\":\"en-US\"},{\"@type\":\"WebPage\",\"@id\":\"https:\\\/\\\/www.esplac.cat\\\/training-internacional-alemanya-education-for-social-change\\\/\",\"url\":\"https:\\\/\\\/www.esplac.cat\\\/training-internacional-alemanya-education-for-social-change\\\/\",\"name\":\"Arriba la nova edici\u00f3 de la fomaci\u00f3 internacional \u201cEducation for social change\u201d a Alemanya - Esplac\",\"isPartOf\":{\"@id\":\"https:\\\/\\\/www.esplac.cat\\\/#website\"},\"primaryImageOfPage\":{\"@id\":\"https:\\\/\\\/www.esplac.cat\\\/training-internacional-alemanya-education-for-social-change\\\/#primaryimage\"},\"image\":{\"@id\":\"https:\\\/\\\/www.esplac.cat\\\/training-internacional-alemanya-education-for-social-change\\\/#primaryimage\"},\"thumbnailUrl\":\"https:\\\/\\\/www.esplac.cat\\\/wp-content\\\/uploads\\\/2022\\\/09\\\/Portades-web-22.jpg\",\"datePublished\":\"2022-09-12T09:35:24+00:00\",\"dateModified\":\"2022-09-14T07:39:30+00:00\",\"breadcrumb\":{\"@id\":\"https:\\\/\\\/www.esplac.cat\\\/training-internacional-alemanya-education-for-social-change\\\/#breadcrumb\"},\"inLanguage\":\"en-US\",\"potentialAction\":[{\"@type\":\"ReadAction\",\"target\":[\"https:\\\/\\\/www.esplac.cat\\\/training-internacional-alemanya-education-for-social-change\\\/\"]}]},{\"@type\":\"ImageObject\",\"inLanguage\":\"en-US\",\"@id\":\"https:\\\/\\\/www.esplac.cat\\\/training-internacional-alemanya-education-for-social-change\\\/#primaryimage\",\"url\":\"https:\\\/\\\/www.esplac.cat\\\/wp-content\\\/uploads\\\/2022\\\/09\\\/Portades-web-22.jpg\",\"contentUrl\":\"https:\\\/\\\/www.esplac.cat\\\/wp-content\\\/uploads\\\/2022\\\/09\\\/Portades-web-22.jpg\",\"width\":1694,\"height\":700},{\"@type\":\"BreadcrumbList\",\"@id\":\"https:\\\/\\\/www.esplac.cat\\\/training-internacional-alemanya-education-for-social-change\\\/#breadcrumb\",\"itemListElement\":[{\"@type\":\"ListItem\",\"position\":1,\"name\":\"Inici\",\"item\":\"https:\\\/\\\/www.esplac.cat\\\/en\\\/\"},{\"@type\":\"ListItem\",\"position\":2,\"name\":\"Arriba la nova edici\u00f3 de la fomaci\u00f3 internacional \u201cEducation for social change\u201d a Alemanya\"}]},{\"@type\":\"WebSite\",\"@id\":\"https:\\\/\\\/www.esplac.cat\\\/#website\",\"url\":\"https:\\\/\\\/www.esplac.cat\\\/\",\"name\":\"Esplac\",\"description\":\"Esplais Catalans\",\"publisher\":{\"@id\":\"https:\\\/\\\/www.esplac.cat\\\/#organization\"},\"potentialAction\":[{\"@type\":\"SearchAction\",\"target\":{\"@type\":\"EntryPoint\",\"urlTemplate\":\"https:\\\/\\\/www.esplac.cat\\\/?s={search_term_string}\"},\"query-input\":{\"@type\":\"PropertyValueSpecification\",\"valueRequired\":true,\"valueName\":\"search_term_string\"}}],\"inLanguage\":\"en-US\"},{\"@type\":\"Organization\",\"@id\":\"https:\\\/\\\/www.esplac.cat\\\/#organization\",\"name\":\"Esplac\",\"url\":\"https:\\\/\\\/www.esplac.cat\\\/\",\"logo\":{\"@type\":\"ImageObject\",\"inLanguage\":\"en-US\",\"@id\":\"https:\\\/\\\/www.esplac.cat\\\/#\\\/schema\\\/logo\\\/image\\\/\",\"url\":\"https:\\\/\\\/www.esplac.cat\\\/wp-content\\\/uploads\\\/2019\\\/08\\\/logox2.png\",\"contentUrl\":\"https:\\\/\\\/www.esplac.cat\\\/wp-content\\\/uploads\\\/2019\\\/08\\\/logox2.png\",\"width\":600,\"height\":295,\"caption\":\"Esplac\"},\"image\":{\"@id\":\"https:\\\/\\\/www.esplac.cat\\\/#\\\/schema\\\/logo\\\/image\\\/\"}},{\"@type\":\"Person\",\"@id\":\"https:\\\/\\\/www.esplac.cat\\\/#\\\/schema\\\/person\\\/908383cf240be18b68f8855d0583faca\",\"name\":\"Comunicaci\u00f3 Esplac\",\"image\":{\"@type\":\"ImageObject\",\"inLanguage\":\"en-US\",\"@id\":\"https:\\\/\\\/secure.gravatar.com\\\/avatar\\\/7a4cf8feb412a76ea4a740ca02d95b06b2907b5a6c648c2dd0a1082a093c3141?s=96&d=mm&r=g\",\"url\":\"https:\\\/\\\/secure.gravatar.com\\\/avatar\\\/7a4cf8feb412a76ea4a740ca02d95b06b2907b5a6c648c2dd0a1082a093c3141?s=96&d=mm&r=g\",\"contentUrl\":\"https:\\\/\\\/secure.gravatar.com\\\/avatar\\\/7a4cf8feb412a76ea4a740ca02d95b06b2907b5a6c648c2dd0a1082a093c3141?s=96&d=mm&r=g\",\"caption\":\"Comunicaci\u00f3 Esplac\"}}]}<\/script>\n<!-- \/ Yoast SEO plugin. -->","yoast_head_json":{"title":"Arriba la nova edici\u00f3 de la fomaci\u00f3 internacional \u201cEducation for social change\u201d a Alemanya - Esplac","robots":{"index":"index","follow":"follow","max-snippet":"max-snippet:-1","max-image-preview":"max-image-preview:large","max-video-preview":"max-video-preview:-1"},"canonical":"https:\/\/www.esplac.cat\/training-internacional-alemanya-education-for-social-change\/","og_locale":"en_US","og_type":"article","og_title":"Arriba la nova edici\u00f3 de la fomaci\u00f3 internacional \u201cEducation for social change\u201d a Alemanya - Esplac","og_url":"https:\/\/www.esplac.cat\/training-internacional-alemanya-education-for-social-change\/","og_site_name":"Esplac","article_published_time":"2022-09-12T09:35:24+00:00","article_modified_time":"2022-09-14T07:39:30+00:00","og_image":[{"width":1694,"height":700,"url":"https:\/\/www.esplac.cat\/wp-content\/uploads\/2022\/09\/Portades-web-22.jpg","type":"image\/jpeg"}],"author":"Comunicaci\u00f3 Esplac","twitter_card":"summary_large_image","twitter_misc":{"Written by":"Comunicaci\u00f3 Esplac","Est. reading time":"2 minutes"},"schema":{"@context":"https:\/\/schema.org","@graph":[{"@type":"Article","@id":"https:\/\/www.esplac.cat\/training-internacional-alemanya-education-for-social-change\/#article","isPartOf":{"@id":"https:\/\/www.esplac.cat\/training-internacional-alemanya-education-for-social-change\/"},"author":{"name":"Comunicaci\u00f3 Esplac","@id":"https:\/\/www.esplac.cat\/#\/schema\/person\/908383cf240be18b68f8855d0583faca"},"headline":"Arriba la nova edici\u00f3 de la fomaci\u00f3 internacional \u201cEducation for social change\u201d a Alemanya","datePublished":"2022-09-12T09:35:24+00:00","dateModified":"2022-09-14T07:39:30+00:00","mainEntityOfPage":{"@id":"https:\/\/www.esplac.cat\/training-internacional-alemanya-education-for-social-change\/"},"wordCount":495,"publisher":{"@id":"https:\/\/www.esplac.cat\/#organization"},"image":{"@id":"https:\/\/www.esplac.cat\/training-internacional-alemanya-education-for-social-change\/#primaryimage"},"thumbnailUrl":"https:\/\/www.esplac.cat\/wp-content\/uploads\/2022\/09\/Portades-web-22.jpg","articleSection":["Esplac al m\u00f3n"],"inLanguage":"en-US"},{"@type":"WebPage","@id":"https:\/\/www.esplac.cat\/training-internacional-alemanya-education-for-social-change\/","url":"https:\/\/www.esplac.cat\/training-internacional-alemanya-education-for-social-change\/","name":"Arriba la nova edici\u00f3 de la fomaci\u00f3 internacional \u201cEducation for social change\u201d a Alemanya - Esplac","isPartOf":{"@id":"https:\/\/www.esplac.cat\/#website"},"primaryImageOfPage":{"@id":"https:\/\/www.esplac.cat\/training-internacional-alemanya-education-for-social-change\/#primaryimage"},"image":{"@id":"https:\/\/www.esplac.cat\/training-internacional-alemanya-education-for-social-change\/#primaryimage"},"thumbnailUrl":"https:\/\/www.esplac.cat\/wp-content\/uploads\/2022\/09\/Portades-web-22.jpg","datePublished":"2022-09-12T09:35:24+00:00","dateModified":"2022-09-14T07:39:30+00:00","breadcrumb":{"@id":"https:\/\/www.esplac.cat\/training-internacional-alemanya-education-for-social-change\/#breadcrumb"},"inLanguage":"en-US","potentialAction":[{"@type":"ReadAction","target":["https:\/\/www.esplac.cat\/training-internacional-alemanya-education-for-social-change\/"]}]},{"@type":"ImageObject","inLanguage":"en-US","@id":"https:\/\/www.esplac.cat\/training-internacional-alemanya-education-for-social-change\/#primaryimage","url":"https:\/\/www.esplac.cat\/wp-content\/uploads\/2022\/09\/Portades-web-22.jpg","contentUrl":"https:\/\/www.esplac.cat\/wp-content\/uploads\/2022\/09\/Portades-web-22.jpg","width":1694,"height":700},{"@type":"BreadcrumbList","@id":"https:\/\/www.esplac.cat\/training-internacional-alemanya-education-for-social-change\/#breadcrumb","itemListElement":[{"@type":"ListItem","position":1,"name":"Inici","item":"https:\/\/www.esplac.cat\/en\/"},{"@type":"ListItem","position":2,"name":"Arriba la nova edici\u00f3 de la fomaci\u00f3 internacional \u201cEducation for social change\u201d a Alemanya"}]},{"@type":"WebSite","@id":"https:\/\/www.esplac.cat\/#website","url":"https:\/\/www.esplac.cat\/","name":"Esplac","description":"Esplais Catalans","publisher":{"@id":"https:\/\/www.esplac.cat\/#organization"},"potentialAction":[{"@type":"SearchAction","target":{"@type":"EntryPoint","urlTemplate":"https:\/\/www.esplac.cat\/?s={search_term_string}"},"query-input":{"@type":"PropertyValueSpecification","valueRequired":true,"valueName":"search_term_string"}}],"inLanguage":"en-US"},{"@type":"Organization","@id":"https:\/\/www.esplac.cat\/#organization","name":"Esplac","url":"https:\/\/www.esplac.cat\/","logo":{"@type":"ImageObject","inLanguage":"en-US","@id":"https:\/\/www.esplac.cat\/#\/schema\/logo\/image\/","url":"https:\/\/www.esplac.cat\/wp-content\/uploads\/2019\/08\/logox2.png","contentUrl":"https:\/\/www.esplac.cat\/wp-content\/uploads\/2019\/08\/logox2.png","width":600,"height":295,"caption":"Esplac"},"image":{"@id":"https:\/\/www.esplac.cat\/#\/schema\/logo\/image\/"}},{"@type":"Person","@id":"https:\/\/www.esplac.cat\/#\/schema\/person\/908383cf240be18b68f8855d0583faca","name":"Comunicaci\u00f3 Esplac","image":{"@type":"ImageObject","inLanguage":"en-US","@id":"https:\/\/secure.gravatar.com\/avatar\/7a4cf8feb412a76ea4a740ca02d95b06b2907b5a6c648c2dd0a1082a093c3141?s=96&d=mm&r=g","url":"https:\/\/secure.gravatar.com\/avatar\/7a4cf8feb412a76ea4a740ca02d95b06b2907b5a6c648c2dd0a1082a093c3141?s=96&d=mm&r=g","contentUrl":"https:\/\/secure.gravatar.com\/avatar\/7a4cf8feb412a76ea4a740ca02d95b06b2907b5a6c648c2dd0a1082a093c3141?s=96&d=mm&r=g","caption":"Comunicaci\u00f3 Esplac"}}]}},"_links":{"self":[{"href":"https:\/\/www.esplac.cat\/en\/wp-json\/wp\/v2\/posts\/41266","targetHints":{"allow":["GET"]}}],"collection":[{"href":"https:\/\/www.esplac.cat\/en\/wp-json\/wp\/v2\/posts"}],"about":[{"href":"https:\/\/www.esplac.cat\/en\/wp-json\/wp\/v2\/types\/post"}],"author":[{"embeddable":true,"href":"https:\/\/www.esplac.cat\/en\/wp-json\/wp\/v2\/users\/3"}],"replies":[{"embeddable":true,"href":"https:\/\/www.esplac.cat\/en\/wp-json\/wp\/v2\/comments?post=41266"}],"version-history":[{"count":0,"href":"https:\/\/www.esplac.cat\/en\/wp-json\/wp\/v2\/posts\/41266\/revisions"}],"wp:featuredmedia":[{"embeddable":true,"href":"https:\/\/www.esplac.cat\/en\/wp-json\/wp\/v2\/media\/41267"}],"wp:attachment":[{"href":"https:\/\/www.esplac.cat\/en\/wp-json\/wp\/v2\/media?parent=41266"}],"wp:term":[{"taxonomy":"category","embeddable":true,"href":"https:\/\/www.esplac.cat\/en\/wp-json\/wp\/v2\/categories?post=41266"},{"taxonomy":"post_tag","embeddable":true,"href":"https:\/\/www.esplac.cat\/en\/wp-json\/wp\/v2\/tags?post=41266"}],"curies":[{"name":"wp","href":"https:\/\/api.w.org\/{rel}","templated":true}]}}