{"id":41313,"date":"2022-09-15T11:15:14","date_gmt":"2022-09-15T09:15:14","guid":{"rendered":"https:\/\/www.esplac.cat\/?p=41313"},"modified":"2022-09-22T11:45:04","modified_gmt":"2022-09-22T09:45:04","slug":"jornades-ambientals-2022-colapse-esplais-agents-canvi-ecosocial","status":"publish","type":"post","link":"https:\/\/www.esplac.cat\/en\/jornades-ambientals-2022-colapse-esplais-agents-canvi-ecosocial\/","title":{"rendered":"Jornades Ambientals 2022: Davant el col\u00b7lapse, som els esplais agents de canvi ecosocial?"},"content":{"rendered":"<h6><strong>Diumenge 2 d\u2019octubre debatrem sobre els efectes de l\u2019emerg\u00e8ncia clim\u00e0tica, aprendrem quines estrat\u00e8gies es plantegen des del decreixement com a sortida a la crisi ecosocial i coneixerem iniciatives que promouen models transformadors a la nova edici\u00f3 de les Jornades Ambientals d&#8217;Esplac.<\/strong><\/h6>\n<p>Fen\u00f2mens meteorol\u00f2gics extrems, sequeres prolongades, grans incendis forestals, crisi energ\u00e8tica global, guerres pel control dels recursos, desforestaci\u00f3 de l\u2019Amazones, contaminaci\u00f3 del s\u00f2l, l\u2019impacte de la ind\u00fastria c\u00e0rnica\u2026 s\u00f3n efectes cada cop m\u00e9s freq\u00fcents i presents als mitjans de comunicaci\u00f3, la paraula col\u00b7lapse ens aboca cap a un futur fosc amb poques esperances de revertir les conseq\u00fc\u00e8ncies d\u2019un sistema que posa per davant el capital a la vida. Davant aquest escenari,<b>\u00a0quin paper tenim els esplais?<\/b><\/p>\n<p><b>Educar en el catastrofisme<\/b> \u00e9s educar en un context d\u2019incertesa, crisi social i econ\u00f2mica, des de la realitat de les nostres entitats. Quin rol juguem les monitores i monitors com a agents educatius en la transformaci\u00f3 social? Tenim la capacitat de generar canvis i contribuir en una transici\u00f3 ecol\u00f2gica necess\u00e0ria per pal\u00b7liar els efectes del col\u00b7lapse? Les Jornades Ambientals d\u2019enguany busquen analitzar la realitat que ens envolta i el futur que ens espera per tal de detectar quines possibilitats tenim des de l\u2019educaci\u00f3 en el lleure per transformar-la i avan\u00e7ar cap a un model socioecon\u00f2mic que posa la vida per davant. Tindr\u00e0n lloc el proper<strong> diumenge 2 d&#8217;octubre<\/strong> a la <strong>Lleialtat Santsenca de Barcelona<\/strong> (Carrer d&#8217;Olzinelles, 31).<\/p>\n<p>Si ets moni,<strong> pots incriure&#8217;t a trav\u00e9s de l&#8217;Era<\/strong>. Si ets s\u00f2cia, <span style=\"color: #ff9900;\"><a style=\"color: #ff9900;\" href=\"https:\/\/infoesplac.typeform.com\/to\/DltQTnAz?typeform-source=www.google.com\" target=\"_blank\" rel=\"noopener noreferrer\">en aquest enlla\u00e7.<\/a><\/span><\/p>\n<p>Tens tota la informaci\u00f3 detallada a la <span style=\"color: #ff9900;\"><a style=\"color: #ff9900;\" href=\"https:\/\/www.esplac.cat\/formacions\/jornades-ambientals\" target=\"_blank\" rel=\"noopener noreferrer\">p\u00e0gina de les Jornades Ambientals.<\/a><\/span><\/p>\n<p><img decoding=\"async\" class=\"aligncenter wp-image-41475 size-large\" src=\"https:\/\/www.esplac.cat\/wp-content\/uploads\/2022\/09\/CARTELL-JORNADES-LLEURE-I-FEMINISMES-AMBIENTALS-2022-2-724x1024.jpg\" alt=\"\" width=\"724\" height=\"1024\" srcset=\"https:\/\/www.esplac.cat\/wp-content\/uploads\/2022\/09\/CARTELL-JORNADES-LLEURE-I-FEMINISMES-AMBIENTALS-2022-2-200x283.jpg 200w, https:\/\/www.esplac.cat\/wp-content\/uploads\/2022\/09\/CARTELL-JORNADES-LLEURE-I-FEMINISMES-AMBIENTALS-2022-2-212x300.jpg 212w, https:\/\/www.esplac.cat\/wp-content\/uploads\/2022\/09\/CARTELL-JORNADES-LLEURE-I-FEMINISMES-AMBIENTALS-2022-2-400x566.jpg 400w, https:\/\/www.esplac.cat\/wp-content\/uploads\/2022\/09\/CARTELL-JORNADES-LLEURE-I-FEMINISMES-AMBIENTALS-2022-2-600x849.jpg 600w, https:\/\/www.esplac.cat\/wp-content\/uploads\/2022\/09\/CARTELL-JORNADES-LLEURE-I-FEMINISMES-AMBIENTALS-2022-2-724x1024.jpg 724w, https:\/\/www.esplac.cat\/wp-content\/uploads\/2022\/09\/CARTELL-JORNADES-LLEURE-I-FEMINISMES-AMBIENTALS-2022-2-768x1086.jpg 768w, https:\/\/www.esplac.cat\/wp-content\/uploads\/2022\/09\/CARTELL-JORNADES-LLEURE-I-FEMINISMES-AMBIENTALS-2022-2-800x1132.jpg 800w, https:\/\/www.esplac.cat\/wp-content\/uploads\/2022\/09\/CARTELL-JORNADES-LLEURE-I-FEMINISMES-AMBIENTALS-2022-2-1086x1536.jpg 1086w, https:\/\/www.esplac.cat\/wp-content\/uploads\/2022\/09\/CARTELL-JORNADES-LLEURE-I-FEMINISMES-AMBIENTALS-2022-2-1200x1698.jpg 1200w, https:\/\/www.esplac.cat\/wp-content\/uploads\/2022\/09\/CARTELL-JORNADES-LLEURE-I-FEMINISMES-AMBIENTALS-2022-2-1448x2048.jpg 1448w, https:\/\/www.esplac.cat\/wp-content\/uploads\/2022\/09\/CARTELL-JORNADES-LLEURE-I-FEMINISMES-AMBIENTALS-2022-2.jpg 1587w\" sizes=\"(max-width: 724px) 100vw, 724px\" \/><\/p>\n<p><img decoding=\"async\" class=\"aligncenter wp-image-41478 size-large\" src=\"https:\/\/www.esplac.cat\/wp-content\/uploads\/2022\/09\/CARTELL-JORNADES-LLEURE-I-FEMINISMES-AMBIENTALS-2022-3-724x1024.jpg\" alt=\"\" width=\"724\" height=\"1024\" srcset=\"https:\/\/www.esplac.cat\/wp-content\/uploads\/2022\/09\/CARTELL-JORNADES-LLEURE-I-FEMINISMES-AMBIENTALS-2022-3-200x283.jpg 200w, https:\/\/www.esplac.cat\/wp-content\/uploads\/2022\/09\/CARTELL-JORNADES-LLEURE-I-FEMINISMES-AMBIENTALS-2022-3-212x300.jpg 212w, https:\/\/www.esplac.cat\/wp-content\/uploads\/2022\/09\/CARTELL-JORNADES-LLEURE-I-FEMINISMES-AMBIENTALS-2022-3-400x566.jpg 400w, https:\/\/www.esplac.cat\/wp-content\/uploads\/2022\/09\/CARTELL-JORNADES-LLEURE-I-FEMINISMES-AMBIENTALS-2022-3-600x849.jpg 600w, https:\/\/www.esplac.cat\/wp-content\/uploads\/2022\/09\/CARTELL-JORNADES-LLEURE-I-FEMINISMES-AMBIENTALS-2022-3-724x1024.jpg 724w, https:\/\/www.esplac.cat\/wp-content\/uploads\/2022\/09\/CARTELL-JORNADES-LLEURE-I-FEMINISMES-AMBIENTALS-2022-3-768x1086.jpg 768w, https:\/\/www.esplac.cat\/wp-content\/uploads\/2022\/09\/CARTELL-JORNADES-LLEURE-I-FEMINISMES-AMBIENTALS-2022-3-800x1132.jpg 800w, https:\/\/www.esplac.cat\/wp-content\/uploads\/2022\/09\/CARTELL-JORNADES-LLEURE-I-FEMINISMES-AMBIENTALS-2022-3-1086x1536.jpg 1086w, https:\/\/www.esplac.cat\/wp-content\/uploads\/2022\/09\/CARTELL-JORNADES-LLEURE-I-FEMINISMES-AMBIENTALS-2022-3-1200x1698.jpg 1200w, https:\/\/www.esplac.cat\/wp-content\/uploads\/2022\/09\/CARTELL-JORNADES-LLEURE-I-FEMINISMES-AMBIENTALS-2022-3-1448x2048.jpg 1448w, https:\/\/www.esplac.cat\/wp-content\/uploads\/2022\/09\/CARTELL-JORNADES-LLEURE-I-FEMINISMES-AMBIENTALS-2022-3.jpg 1587w\" sizes=\"(max-width: 724px) 100vw, 724px\" \/><\/p>\n","protected":false},"excerpt":{"rendered":"<p>Diumenge 2 d\u2019octubre debatrem sobre els efectes de l\u2019emerg\u00e8ncia clim\u00e0tica, [&hellip;]<\/p>\n","protected":false},"author":3,"featured_media":41327,"comment_status":"closed","ping_status":"closed","sticky":false,"template":"","format":"standard","meta":{"om_disable_all_campaigns":false,"_monsterinsights_skip_tracking":false,"_monsterinsights_sitenote_active":false,"_monsterinsights_sitenote_note":"","_monsterinsights_sitenote_category":0,"_uf_show_specific_survey":0,"_uf_disable_surveys":false,"footnotes":""},"categories":[1111,1161,1159],"tags":[],"class_list":["post-41313","post","type-post","status-publish","format-standard","has-post-thumbnail","hentry","category-activitats-esplac","category-comissio-reduint-petjada","category-jornades-ambientals"],"yoast_head":"<!-- This site is optimized with the Yoast SEO plugin v27.4 - https:\/\/yoast.com\/product\/yoast-seo-wordpress\/ -->\n<title>Jornades Ambientals 2022: Davant el col\u00b7lapse, som els esplais agents de canvi ecosocial? - Esplac<\/title>\n<meta name=\"robots\" content=\"index, follow, max-snippet:-1, max-image-preview:large, max-video-preview:-1\" \/>\n<link rel=\"canonical\" href=\"https:\/\/www.esplac.cat\/en\/jornades-ambientals-2022-colapse-esplais-agents-canvi-ecosocial\/\" \/>\n<meta property=\"og:locale\" content=\"en_US\" \/>\n<meta property=\"og:type\" content=\"article\" \/>\n<meta property=\"og:title\" content=\"Jornades Ambientals 2022: Davant el col\u00b7lapse, som els esplais agents de canvi ecosocial? - Esplac\" \/>\n<meta property=\"og:description\" content=\"Diumenge 2 d\u2019octubre debatrem sobre els efectes de l\u2019emerg\u00e8ncia clim\u00e0tica, [&hellip;]\" \/>\n<meta property=\"og:url\" content=\"https:\/\/www.esplac.cat\/en\/jornades-ambientals-2022-colapse-esplais-agents-canvi-ecosocial\/\" \/>\n<meta property=\"og:site_name\" content=\"Esplac\" \/>\n<meta property=\"article:published_time\" content=\"2022-09-15T09:15:14+00:00\" \/>\n<meta property=\"article:modified_time\" content=\"2022-09-22T09:45:04+00:00\" \/>\n<meta property=\"og:image\" content=\"https:\/\/www.esplac.cat\/wp-content\/uploads\/2022\/09\/JA_portada.jpg\" \/>\n\t<meta property=\"og:image:width\" content=\"1694\" \/>\n\t<meta property=\"og:image:height\" content=\"700\" \/>\n\t<meta property=\"og:image:type\" content=\"image\/jpeg\" \/>\n<meta name=\"author\" content=\"Comunicaci\u00f3 Esplac\" \/>\n<meta name=\"twitter:card\" content=\"summary_large_image\" \/>\n<meta name=\"twitter:label1\" content=\"Written by\" \/>\n\t<meta name=\"twitter:data1\" content=\"Comunicaci\u00f3 Esplac\" \/>\n\t<meta name=\"twitter:label2\" content=\"Est. reading time\" \/>\n\t<meta name=\"twitter:data2\" content=\"1 minute\" \/>\n<script type=\"application\/ld+json\" class=\"yoast-schema-graph\">{\"@context\":\"https:\\\/\\\/schema.org\",\"@graph\":[{\"@type\":\"Article\",\"@id\":\"https:\\\/\\\/www.esplac.cat\\\/en\\\/jornades-ambientals-2022-colapse-esplais-agents-canvi-ecosocial\\\/#article\",\"isPartOf\":{\"@id\":\"https:\\\/\\\/www.esplac.cat\\\/en\\\/jornades-ambientals-2022-colapse-esplais-agents-canvi-ecosocial\\\/\"},\"author\":{\"name\":\"Comunicaci\u00f3 Esplac\",\"@id\":\"https:\\\/\\\/www.esplac.cat\\\/#\\\/schema\\\/person\\\/908383cf240be18b68f8855d0583faca\"},\"headline\":\"Jornades Ambientals 2022: Davant el col\u00b7lapse, som els esplais agents de canvi ecosocial?\",\"datePublished\":\"2022-09-15T09:15:14+00:00\",\"dateModified\":\"2022-09-22T09:45:04+00:00\",\"mainEntityOfPage\":{\"@id\":\"https:\\\/\\\/www.esplac.cat\\\/en\\\/jornades-ambientals-2022-colapse-esplais-agents-canvi-ecosocial\\\/\"},\"wordCount\":308,\"publisher\":{\"@id\":\"https:\\\/\\\/www.esplac.cat\\\/#organization\"},\"image\":{\"@id\":\"https:\\\/\\\/www.esplac.cat\\\/en\\\/jornades-ambientals-2022-colapse-esplais-agents-canvi-ecosocial\\\/#primaryimage\"},\"thumbnailUrl\":\"https:\\\/\\\/www.esplac.cat\\\/wp-content\\\/uploads\\\/2022\\\/09\\\/JA_portada.jpg\",\"articleSection\":[\"Activitats esplac\",\"Comissi\u00f3 Reduint Petjada\",\"Jornades ambientals\"],\"inLanguage\":\"en-US\"},{\"@type\":\"WebPage\",\"@id\":\"https:\\\/\\\/www.esplac.cat\\\/en\\\/jornades-ambientals-2022-colapse-esplais-agents-canvi-ecosocial\\\/\",\"url\":\"https:\\\/\\\/www.esplac.cat\\\/en\\\/jornades-ambientals-2022-colapse-esplais-agents-canvi-ecosocial\\\/\",\"name\":\"Jornades Ambientals 2022: Davant el col\u00b7lapse, som els esplais agents de canvi ecosocial? - Esplac\",\"isPartOf\":{\"@id\":\"https:\\\/\\\/www.esplac.cat\\\/#website\"},\"primaryImageOfPage\":{\"@id\":\"https:\\\/\\\/www.esplac.cat\\\/en\\\/jornades-ambientals-2022-colapse-esplais-agents-canvi-ecosocial\\\/#primaryimage\"},\"image\":{\"@id\":\"https:\\\/\\\/www.esplac.cat\\\/en\\\/jornades-ambientals-2022-colapse-esplais-agents-canvi-ecosocial\\\/#primaryimage\"},\"thumbnailUrl\":\"https:\\\/\\\/www.esplac.cat\\\/wp-content\\\/uploads\\\/2022\\\/09\\\/JA_portada.jpg\",\"datePublished\":\"2022-09-15T09:15:14+00:00\",\"dateModified\":\"2022-09-22T09:45:04+00:00\",\"breadcrumb\":{\"@id\":\"https:\\\/\\\/www.esplac.cat\\\/en\\\/jornades-ambientals-2022-colapse-esplais-agents-canvi-ecosocial\\\/#breadcrumb\"},\"inLanguage\":\"en-US\",\"potentialAction\":[{\"@type\":\"ReadAction\",\"target\":[\"https:\\\/\\\/www.esplac.cat\\\/en\\\/jornades-ambientals-2022-colapse-esplais-agents-canvi-ecosocial\\\/\"]}]},{\"@type\":\"ImageObject\",\"inLanguage\":\"en-US\",\"@id\":\"https:\\\/\\\/www.esplac.cat\\\/en\\\/jornades-ambientals-2022-colapse-esplais-agents-canvi-ecosocial\\\/#primaryimage\",\"url\":\"https:\\\/\\\/www.esplac.cat\\\/wp-content\\\/uploads\\\/2022\\\/09\\\/JA_portada.jpg\",\"contentUrl\":\"https:\\\/\\\/www.esplac.cat\\\/wp-content\\\/uploads\\\/2022\\\/09\\\/JA_portada.jpg\",\"width\":1694,\"height\":700},{\"@type\":\"BreadcrumbList\",\"@id\":\"https:\\\/\\\/www.esplac.cat\\\/en\\\/jornades-ambientals-2022-colapse-esplais-agents-canvi-ecosocial\\\/#breadcrumb\",\"itemListElement\":[{\"@type\":\"ListItem\",\"position\":1,\"name\":\"Inici\",\"item\":\"https:\\\/\\\/www.esplac.cat\\\/en\\\/\"},{\"@type\":\"ListItem\",\"position\":2,\"name\":\"Jornades Ambientals 2022: Davant el col\u00b7lapse, som els esplais agents de canvi ecosocial?\"}]},{\"@type\":\"WebSite\",\"@id\":\"https:\\\/\\\/www.esplac.cat\\\/#website\",\"url\":\"https:\\\/\\\/www.esplac.cat\\\/\",\"name\":\"Esplac\",\"description\":\"Esplais Catalans\",\"publisher\":{\"@id\":\"https:\\\/\\\/www.esplac.cat\\\/#organization\"},\"potentialAction\":[{\"@type\":\"SearchAction\",\"target\":{\"@type\":\"EntryPoint\",\"urlTemplate\":\"https:\\\/\\\/www.esplac.cat\\\/?s={search_term_string}\"},\"query-input\":{\"@type\":\"PropertyValueSpecification\",\"valueRequired\":true,\"valueName\":\"search_term_string\"}}],\"inLanguage\":\"en-US\"},{\"@type\":\"Organization\",\"@id\":\"https:\\\/\\\/www.esplac.cat\\\/#organization\",\"name\":\"Esplac\",\"url\":\"https:\\\/\\\/www.esplac.cat\\\/\",\"logo\":{\"@type\":\"ImageObject\",\"inLanguage\":\"en-US\",\"@id\":\"https:\\\/\\\/www.esplac.cat\\\/#\\\/schema\\\/logo\\\/image\\\/\",\"url\":\"https:\\\/\\\/www.esplac.cat\\\/wp-content\\\/uploads\\\/2019\\\/08\\\/logox2.png\",\"contentUrl\":\"https:\\\/\\\/www.esplac.cat\\\/wp-content\\\/uploads\\\/2019\\\/08\\\/logox2.png\",\"width\":600,\"height\":295,\"caption\":\"Esplac\"},\"image\":{\"@id\":\"https:\\\/\\\/www.esplac.cat\\\/#\\\/schema\\\/logo\\\/image\\\/\"}},{\"@type\":\"Person\",\"@id\":\"https:\\\/\\\/www.esplac.cat\\\/#\\\/schema\\\/person\\\/908383cf240be18b68f8855d0583faca\",\"name\":\"Comunicaci\u00f3 Esplac\",\"image\":{\"@type\":\"ImageObject\",\"inLanguage\":\"en-US\",\"@id\":\"https:\\\/\\\/secure.gravatar.com\\\/avatar\\\/7a4cf8feb412a76ea4a740ca02d95b06b2907b5a6c648c2dd0a1082a093c3141?s=96&d=mm&r=g\",\"url\":\"https:\\\/\\\/secure.gravatar.com\\\/avatar\\\/7a4cf8feb412a76ea4a740ca02d95b06b2907b5a6c648c2dd0a1082a093c3141?s=96&d=mm&r=g\",\"contentUrl\":\"https:\\\/\\\/secure.gravatar.com\\\/avatar\\\/7a4cf8feb412a76ea4a740ca02d95b06b2907b5a6c648c2dd0a1082a093c3141?s=96&d=mm&r=g\",\"caption\":\"Comunicaci\u00f3 Esplac\"}}]}<\/script>\n<!-- \/ Yoast SEO plugin. -->","yoast_head_json":{"title":"Jornades Ambientals 2022: Davant el col\u00b7lapse, som els esplais agents de canvi ecosocial? - Esplac","robots":{"index":"index","follow":"follow","max-snippet":"max-snippet:-1","max-image-preview":"max-image-preview:large","max-video-preview":"max-video-preview:-1"},"canonical":"https:\/\/www.esplac.cat\/en\/jornades-ambientals-2022-colapse-esplais-agents-canvi-ecosocial\/","og_locale":"en_US","og_type":"article","og_title":"Jornades Ambientals 2022: Davant el col\u00b7lapse, som els esplais agents de canvi ecosocial? - Esplac","og_description":"Diumenge 2 d\u2019octubre debatrem sobre els efectes de l\u2019emerg\u00e8ncia clim\u00e0tica, [&hellip;]","og_url":"https:\/\/www.esplac.cat\/en\/jornades-ambientals-2022-colapse-esplais-agents-canvi-ecosocial\/","og_site_name":"Esplac","article_published_time":"2022-09-15T09:15:14+00:00","article_modified_time":"2022-09-22T09:45:04+00:00","og_image":[{"width":1694,"height":700,"url":"https:\/\/www.esplac.cat\/wp-content\/uploads\/2022\/09\/JA_portada.jpg","type":"image\/jpeg"}],"author":"Comunicaci\u00f3 Esplac","twitter_card":"summary_large_image","twitter_misc":{"Written by":"Comunicaci\u00f3 Esplac","Est. reading time":"1 minute"},"schema":{"@context":"https:\/\/schema.org","@graph":[{"@type":"Article","@id":"https:\/\/www.esplac.cat\/en\/jornades-ambientals-2022-colapse-esplais-agents-canvi-ecosocial\/#article","isPartOf":{"@id":"https:\/\/www.esplac.cat\/en\/jornades-ambientals-2022-colapse-esplais-agents-canvi-ecosocial\/"},"author":{"name":"Comunicaci\u00f3 Esplac","@id":"https:\/\/www.esplac.cat\/#\/schema\/person\/908383cf240be18b68f8855d0583faca"},"headline":"Jornades Ambientals 2022: Davant el col\u00b7lapse, som els esplais agents de canvi ecosocial?","datePublished":"2022-09-15T09:15:14+00:00","dateModified":"2022-09-22T09:45:04+00:00","mainEntityOfPage":{"@id":"https:\/\/www.esplac.cat\/en\/jornades-ambientals-2022-colapse-esplais-agents-canvi-ecosocial\/"},"wordCount":308,"publisher":{"@id":"https:\/\/www.esplac.cat\/#organization"},"image":{"@id":"https:\/\/www.esplac.cat\/en\/jornades-ambientals-2022-colapse-esplais-agents-canvi-ecosocial\/#primaryimage"},"thumbnailUrl":"https:\/\/www.esplac.cat\/wp-content\/uploads\/2022\/09\/JA_portada.jpg","articleSection":["Activitats esplac","Comissi\u00f3 Reduint Petjada","Jornades ambientals"],"inLanguage":"en-US"},{"@type":"WebPage","@id":"https:\/\/www.esplac.cat\/en\/jornades-ambientals-2022-colapse-esplais-agents-canvi-ecosocial\/","url":"https:\/\/www.esplac.cat\/en\/jornades-ambientals-2022-colapse-esplais-agents-canvi-ecosocial\/","name":"Jornades Ambientals 2022: Davant el col\u00b7lapse, som els esplais agents de canvi ecosocial? - Esplac","isPartOf":{"@id":"https:\/\/www.esplac.cat\/#website"},"primaryImageOfPage":{"@id":"https:\/\/www.esplac.cat\/en\/jornades-ambientals-2022-colapse-esplais-agents-canvi-ecosocial\/#primaryimage"},"image":{"@id":"https:\/\/www.esplac.cat\/en\/jornades-ambientals-2022-colapse-esplais-agents-canvi-ecosocial\/#primaryimage"},"thumbnailUrl":"https:\/\/www.esplac.cat\/wp-content\/uploads\/2022\/09\/JA_portada.jpg","datePublished":"2022-09-15T09:15:14+00:00","dateModified":"2022-09-22T09:45:04+00:00","breadcrumb":{"@id":"https:\/\/www.esplac.cat\/en\/jornades-ambientals-2022-colapse-esplais-agents-canvi-ecosocial\/#breadcrumb"},"inLanguage":"en-US","potentialAction":[{"@type":"ReadAction","target":["https:\/\/www.esplac.cat\/en\/jornades-ambientals-2022-colapse-esplais-agents-canvi-ecosocial\/"]}]},{"@type":"ImageObject","inLanguage":"en-US","@id":"https:\/\/www.esplac.cat\/en\/jornades-ambientals-2022-colapse-esplais-agents-canvi-ecosocial\/#primaryimage","url":"https:\/\/www.esplac.cat\/wp-content\/uploads\/2022\/09\/JA_portada.jpg","contentUrl":"https:\/\/www.esplac.cat\/wp-content\/uploads\/2022\/09\/JA_portada.jpg","width":1694,"height":700},{"@type":"BreadcrumbList","@id":"https:\/\/www.esplac.cat\/en\/jornades-ambientals-2022-colapse-esplais-agents-canvi-ecosocial\/#breadcrumb","itemListElement":[{"@type":"ListItem","position":1,"name":"Inici","item":"https:\/\/www.esplac.cat\/en\/"},{"@type":"ListItem","position":2,"name":"Jornades Ambientals 2022: Davant el col\u00b7lapse, som els esplais agents de canvi ecosocial?"}]},{"@type":"WebSite","@id":"https:\/\/www.esplac.cat\/#website","url":"https:\/\/www.esplac.cat\/","name":"Esplac","description":"Esplais Catalans","publisher":{"@id":"https:\/\/www.esplac.cat\/#organization"},"potentialAction":[{"@type":"SearchAction","target":{"@type":"EntryPoint","urlTemplate":"https:\/\/www.esplac.cat\/?s={search_term_string}"},"query-input":{"@type":"PropertyValueSpecification","valueRequired":true,"valueName":"search_term_string"}}],"inLanguage":"en-US"},{"@type":"Organization","@id":"https:\/\/www.esplac.cat\/#organization","name":"Esplac","url":"https:\/\/www.esplac.cat\/","logo":{"@type":"ImageObject","inLanguage":"en-US","@id":"https:\/\/www.esplac.cat\/#\/schema\/logo\/image\/","url":"https:\/\/www.esplac.cat\/wp-content\/uploads\/2019\/08\/logox2.png","contentUrl":"https:\/\/www.esplac.cat\/wp-content\/uploads\/2019\/08\/logox2.png","width":600,"height":295,"caption":"Esplac"},"image":{"@id":"https:\/\/www.esplac.cat\/#\/schema\/logo\/image\/"}},{"@type":"Person","@id":"https:\/\/www.esplac.cat\/#\/schema\/person\/908383cf240be18b68f8855d0583faca","name":"Comunicaci\u00f3 Esplac","image":{"@type":"ImageObject","inLanguage":"en-US","@id":"https:\/\/secure.gravatar.com\/avatar\/7a4cf8feb412a76ea4a740ca02d95b06b2907b5a6c648c2dd0a1082a093c3141?s=96&d=mm&r=g","url":"https:\/\/secure.gravatar.com\/avatar\/7a4cf8feb412a76ea4a740ca02d95b06b2907b5a6c648c2dd0a1082a093c3141?s=96&d=mm&r=g","contentUrl":"https:\/\/secure.gravatar.com\/avatar\/7a4cf8feb412a76ea4a740ca02d95b06b2907b5a6c648c2dd0a1082a093c3141?s=96&d=mm&r=g","caption":"Comunicaci\u00f3 Esplac"}}]}},"_links":{"self":[{"href":"https:\/\/www.esplac.cat\/en\/wp-json\/wp\/v2\/posts\/41313","targetHints":{"allow":["GET"]}}],"collection":[{"href":"https:\/\/www.esplac.cat\/en\/wp-json\/wp\/v2\/posts"}],"about":[{"href":"https:\/\/www.esplac.cat\/en\/wp-json\/wp\/v2\/types\/post"}],"author":[{"embeddable":true,"href":"https:\/\/www.esplac.cat\/en\/wp-json\/wp\/v2\/users\/3"}],"replies":[{"embeddable":true,"href":"https:\/\/www.esplac.cat\/en\/wp-json\/wp\/v2\/comments?post=41313"}],"version-history":[{"count":0,"href":"https:\/\/www.esplac.cat\/en\/wp-json\/wp\/v2\/posts\/41313\/revisions"}],"wp:featuredmedia":[{"embeddable":true,"href":"https:\/\/www.esplac.cat\/en\/wp-json\/wp\/v2\/media\/41327"}],"wp:attachment":[{"href":"https:\/\/www.esplac.cat\/en\/wp-json\/wp\/v2\/media?parent=41313"}],"wp:term":[{"taxonomy":"category","embeddable":true,"href":"https:\/\/www.esplac.cat\/en\/wp-json\/wp\/v2\/categories?post=41313"},{"taxonomy":"post_tag","embeddable":true,"href":"https:\/\/www.esplac.cat\/en\/wp-json\/wp\/v2\/tags?post=41313"}],"curies":[{"name":"wp","href":"https:\/\/api.w.org\/{rel}","templated":true}]}}