{"id":41337,"date":"2022-09-19T11:53:04","date_gmt":"2022-09-19T09:53:04","guid":{"rendered":"https:\/\/www.esplac.cat\/?p=41337"},"modified":"2022-09-19T12:49:42","modified_gmt":"2022-09-19T10:49:42","slug":"participa-projecte-vincles","status":"publish","type":"post","link":"https:\/\/www.esplac.cat\/en\/participa-projecte-vincles\/","title":{"rendered":"Participa en el projecte &#8220;Vincles&#8221;!"},"content":{"rendered":"<h6 class=\"gmail_default\"><strong>Participa en el projecte &#8220;Vincles&#8221;, una experi\u00e8ncia real de conviv\u00e8ncia en la diversitat cultural, de g\u00e8nere, religiosa, generacional i funcional entre altres, orientada a desmuntar els estereotips i prejudicis i a promoure la conviv\u00e8ncia.\u00a0<\/strong><\/h6>\n<div class=\"gmail_default\">&#8220;Vincles&#8221; \u00e9s un projecte que consisteix en un cicle de 5 sessions en les que, a trav\u00e9s de diferents t\u00e8cniques i exercicis, es promou el coneixement mutu de les persones participants i la seva col\u00b7laboraci\u00f3. La intenci\u00f3 d\u2019aquesta activitat \u00e9s desmuntar estereotips i prejudicis i <strong>promoure aix\u00ed la creaci\u00f3 de vincles<\/strong> amb persones que d\u2019una altra manera potser no arribarien a coincidir.<\/div>\n<div><span style=\"color: #ffffff;\">.<\/span><\/div>\n<div class=\"gmail_default\"><strong>Quan i on?<\/strong><\/div>\n<ul>\n<li class=\"gmail_default\">5 sessions els <strong>dijous 6, 13, 20, 27 d\u2019octubre i 3 novembre<\/strong><\/li>\n<li class=\"gmail_default\">De dues hores cadascuna, de<strong> 18:00 a 20:00 h <\/strong><\/li>\n<li class=\"gmail_default\">Lloc: a la sala d\u2019actes del CIEMEN (Rocafort 242 bis, baixos. Barcelona).<\/li>\n<\/ul>\n<div class=\"gmail_default\">Hi ha places reservades per a monis i dirigent d&#8217;Esplac, si vols apuntar-te, <span style=\"color: #ff9900;\"><a style=\"color: #ff9900;\" href=\"https:\/\/infoesplac.typeform.com\/to\/GkD3riAJ\" target=\"_blank\" rel=\"noopener noreferrer\">omple aquest formulari<\/a><\/span>! M\u00e9s informaci\u00f3 a la\u00a0<span style=\"color: #ff9900;\"><a style=\"color: #ff9900;\" href=\"http:\/\/vinclesperladiversitat.org\/\" target=\"_blank\" rel=\"noopener noreferrer\" data-saferedirecturl=\"https:\/\/www.google.com\/url?q=http:\/\/vinclesperladiversitat.org&amp;source=gmail&amp;ust=1663662058997000&amp;usg=AOvVaw38QchSfjd_TCkdsKis6fHb\">p\u00e0gina web<\/a><\/span>\u00a0del projecte.<\/div>\n","protected":false},"excerpt":{"rendered":"<p>Participa en el projecte &#8220;Vincles&#8221;, una experi\u00e8ncia real de conviv\u00e8ncia [&hellip;]<\/p>\n","protected":false},"author":3,"featured_media":41338,"comment_status":"closed","ping_status":"closed","sticky":false,"template":"","format":"standard","meta":{"om_disable_all_campaigns":false,"_monsterinsights_skip_tracking":false,"_monsterinsights_sitenote_active":false,"_monsterinsights_sitenote_note":"","_monsterinsights_sitenote_category":0,"_uf_show_specific_survey":0,"_uf_disable_surveys":false,"footnotes":""},"categories":[1166],"tags":[],"class_list":["post-41337","post","type-post","status-publish","format-standard","has-post-thumbnail","hentry","category-inclusio-i-diversitat"],"yoast_head":"<!-- This site is optimized with the Yoast SEO plugin v27.4 - https:\/\/yoast.com\/product\/yoast-seo-wordpress\/ -->\n<title>Participa en el projecte &quot;Vincles&quot;! - Esplac<\/title>\n<meta name=\"description\" content=\"Si ets moni o dirigent d&#039;Esplac, pots participar al projecte &quot;Vincles&quot;, una experi\u00e8ncia real de conviv\u00e8ncia en la diversitat no nom\u00e9s cultural, sin\u00f3 tamb\u00e9 de g\u00e8nere, religiosa, generacional i funcional entre altres, orientada a desmuntar els estereotips i prejudicis i a promoure la conviv\u00e8ncia.\u00a0\" \/>\n<meta name=\"robots\" content=\"index, follow, max-snippet:-1, max-image-preview:large, max-video-preview:-1\" \/>\n<link rel=\"canonical\" href=\"https:\/\/www.esplac.cat\/participa-projecte-vincles\/\" \/>\n<meta property=\"og:locale\" content=\"en_US\" \/>\n<meta property=\"og:type\" content=\"article\" \/>\n<meta property=\"og:title\" content=\"Participa en el projecte &quot;Vincles&quot;! - Esplac\" \/>\n<meta property=\"og:description\" content=\"Si ets moni o dirigent d&#039;Esplac, pots participar al projecte &quot;Vincles&quot;, una experi\u00e8ncia real de conviv\u00e8ncia en la diversitat no nom\u00e9s cultural, sin\u00f3 tamb\u00e9 de g\u00e8nere, religiosa, generacional i funcional entre altres, orientada a desmuntar els estereotips i prejudicis i a promoure la conviv\u00e8ncia.\u00a0\" \/>\n<meta property=\"og:url\" content=\"https:\/\/www.esplac.cat\/participa-projecte-vincles\/\" \/>\n<meta property=\"og:site_name\" content=\"Esplac\" \/>\n<meta property=\"article:published_time\" content=\"2022-09-19T09:53:04+00:00\" \/>\n<meta property=\"article:modified_time\" content=\"2022-09-19T10:49:42+00:00\" \/>\n<meta property=\"og:image\" content=\"https:\/\/www.esplac.cat\/wp-content\/uploads\/2022\/09\/vincles_portada.jpg\" \/>\n\t<meta property=\"og:image:width\" content=\"1694\" \/>\n\t<meta property=\"og:image:height\" content=\"700\" \/>\n\t<meta property=\"og:image:type\" content=\"image\/jpeg\" \/>\n<meta name=\"author\" content=\"Comunicaci\u00f3 Esplac\" \/>\n<meta name=\"twitter:card\" content=\"summary_large_image\" \/>\n<meta name=\"twitter:label1\" content=\"Written by\" \/>\n\t<meta name=\"twitter:data1\" content=\"Comunicaci\u00f3 Esplac\" \/>\n\t<meta name=\"twitter:label2\" content=\"Est. reading time\" \/>\n\t<meta name=\"twitter:data2\" content=\"1 minute\" \/>\n<script type=\"application\/ld+json\" class=\"yoast-schema-graph\">{\"@context\":\"https:\\\/\\\/schema.org\",\"@graph\":[{\"@type\":\"Article\",\"@id\":\"https:\\\/\\\/www.esplac.cat\\\/participa-projecte-vincles\\\/#article\",\"isPartOf\":{\"@id\":\"https:\\\/\\\/www.esplac.cat\\\/participa-projecte-vincles\\\/\"},\"author\":{\"name\":\"Comunicaci\u00f3 Esplac\",\"@id\":\"https:\\\/\\\/www.esplac.cat\\\/#\\\/schema\\\/person\\\/908383cf240be18b68f8855d0583faca\"},\"headline\":\"Participa en el projecte &#8220;Vincles&#8221;!\",\"datePublished\":\"2022-09-19T09:53:04+00:00\",\"dateModified\":\"2022-09-19T10:49:42+00:00\",\"mainEntityOfPage\":{\"@id\":\"https:\\\/\\\/www.esplac.cat\\\/participa-projecte-vincles\\\/\"},\"wordCount\":165,\"publisher\":{\"@id\":\"https:\\\/\\\/www.esplac.cat\\\/#organization\"},\"image\":{\"@id\":\"https:\\\/\\\/www.esplac.cat\\\/participa-projecte-vincles\\\/#primaryimage\"},\"thumbnailUrl\":\"https:\\\/\\\/www.esplac.cat\\\/wp-content\\\/uploads\\\/2022\\\/09\\\/vincles_portada.jpg\",\"articleSection\":[\"Inclusi\u00f3 i diversitat\"],\"inLanguage\":\"en-US\"},{\"@type\":\"WebPage\",\"@id\":\"https:\\\/\\\/www.esplac.cat\\\/participa-projecte-vincles\\\/\",\"url\":\"https:\\\/\\\/www.esplac.cat\\\/participa-projecte-vincles\\\/\",\"name\":\"Participa en el projecte \\\"Vincles\\\"! - Esplac\",\"isPartOf\":{\"@id\":\"https:\\\/\\\/www.esplac.cat\\\/#website\"},\"primaryImageOfPage\":{\"@id\":\"https:\\\/\\\/www.esplac.cat\\\/participa-projecte-vincles\\\/#primaryimage\"},\"image\":{\"@id\":\"https:\\\/\\\/www.esplac.cat\\\/participa-projecte-vincles\\\/#primaryimage\"},\"thumbnailUrl\":\"https:\\\/\\\/www.esplac.cat\\\/wp-content\\\/uploads\\\/2022\\\/09\\\/vincles_portada.jpg\",\"datePublished\":\"2022-09-19T09:53:04+00:00\",\"dateModified\":\"2022-09-19T10:49:42+00:00\",\"description\":\"Si ets moni o dirigent d'Esplac, pots participar al projecte \\\"Vincles\\\", una experi\u00e8ncia real de conviv\u00e8ncia en la diversitat no nom\u00e9s cultural, sin\u00f3 tamb\u00e9 de g\u00e8nere, religiosa, generacional i funcional entre altres, orientada a desmuntar els estereotips i prejudicis i a promoure la conviv\u00e8ncia.\u00a0\",\"breadcrumb\":{\"@id\":\"https:\\\/\\\/www.esplac.cat\\\/participa-projecte-vincles\\\/#breadcrumb\"},\"inLanguage\":\"en-US\",\"potentialAction\":[{\"@type\":\"ReadAction\",\"target\":[\"https:\\\/\\\/www.esplac.cat\\\/participa-projecte-vincles\\\/\"]}]},{\"@type\":\"ImageObject\",\"inLanguage\":\"en-US\",\"@id\":\"https:\\\/\\\/www.esplac.cat\\\/participa-projecte-vincles\\\/#primaryimage\",\"url\":\"https:\\\/\\\/www.esplac.cat\\\/wp-content\\\/uploads\\\/2022\\\/09\\\/vincles_portada.jpg\",\"contentUrl\":\"https:\\\/\\\/www.esplac.cat\\\/wp-content\\\/uploads\\\/2022\\\/09\\\/vincles_portada.jpg\",\"width\":1694,\"height\":700},{\"@type\":\"BreadcrumbList\",\"@id\":\"https:\\\/\\\/www.esplac.cat\\\/participa-projecte-vincles\\\/#breadcrumb\",\"itemListElement\":[{\"@type\":\"ListItem\",\"position\":1,\"name\":\"Inici\",\"item\":\"https:\\\/\\\/www.esplac.cat\\\/en\\\/\"},{\"@type\":\"ListItem\",\"position\":2,\"name\":\"Participa en el projecte &#8220;Vincles&#8221;!\"}]},{\"@type\":\"WebSite\",\"@id\":\"https:\\\/\\\/www.esplac.cat\\\/#website\",\"url\":\"https:\\\/\\\/www.esplac.cat\\\/\",\"name\":\"Esplac\",\"description\":\"Esplais Catalans\",\"publisher\":{\"@id\":\"https:\\\/\\\/www.esplac.cat\\\/#organization\"},\"potentialAction\":[{\"@type\":\"SearchAction\",\"target\":{\"@type\":\"EntryPoint\",\"urlTemplate\":\"https:\\\/\\\/www.esplac.cat\\\/?s={search_term_string}\"},\"query-input\":{\"@type\":\"PropertyValueSpecification\",\"valueRequired\":true,\"valueName\":\"search_term_string\"}}],\"inLanguage\":\"en-US\"},{\"@type\":\"Organization\",\"@id\":\"https:\\\/\\\/www.esplac.cat\\\/#organization\",\"name\":\"Esplac\",\"url\":\"https:\\\/\\\/www.esplac.cat\\\/\",\"logo\":{\"@type\":\"ImageObject\",\"inLanguage\":\"en-US\",\"@id\":\"https:\\\/\\\/www.esplac.cat\\\/#\\\/schema\\\/logo\\\/image\\\/\",\"url\":\"https:\\\/\\\/www.esplac.cat\\\/wp-content\\\/uploads\\\/2019\\\/08\\\/logox2.png\",\"contentUrl\":\"https:\\\/\\\/www.esplac.cat\\\/wp-content\\\/uploads\\\/2019\\\/08\\\/logox2.png\",\"width\":600,\"height\":295,\"caption\":\"Esplac\"},\"image\":{\"@id\":\"https:\\\/\\\/www.esplac.cat\\\/#\\\/schema\\\/logo\\\/image\\\/\"}},{\"@type\":\"Person\",\"@id\":\"https:\\\/\\\/www.esplac.cat\\\/#\\\/schema\\\/person\\\/908383cf240be18b68f8855d0583faca\",\"name\":\"Comunicaci\u00f3 Esplac\",\"image\":{\"@type\":\"ImageObject\",\"inLanguage\":\"en-US\",\"@id\":\"https:\\\/\\\/secure.gravatar.com\\\/avatar\\\/7a4cf8feb412a76ea4a740ca02d95b06b2907b5a6c648c2dd0a1082a093c3141?s=96&d=mm&r=g\",\"url\":\"https:\\\/\\\/secure.gravatar.com\\\/avatar\\\/7a4cf8feb412a76ea4a740ca02d95b06b2907b5a6c648c2dd0a1082a093c3141?s=96&d=mm&r=g\",\"contentUrl\":\"https:\\\/\\\/secure.gravatar.com\\\/avatar\\\/7a4cf8feb412a76ea4a740ca02d95b06b2907b5a6c648c2dd0a1082a093c3141?s=96&d=mm&r=g\",\"caption\":\"Comunicaci\u00f3 Esplac\"}}]}<\/script>\n<!-- \/ Yoast SEO plugin. -->","yoast_head_json":{"title":"Participa en el projecte \"Vincles\"! - Esplac","description":"Si ets moni o dirigent d'Esplac, pots participar al projecte \"Vincles\", una experi\u00e8ncia real de conviv\u00e8ncia en la diversitat no nom\u00e9s cultural, sin\u00f3 tamb\u00e9 de g\u00e8nere, religiosa, generacional i funcional entre altres, orientada a desmuntar els estereotips i prejudicis i a promoure la conviv\u00e8ncia.\u00a0","robots":{"index":"index","follow":"follow","max-snippet":"max-snippet:-1","max-image-preview":"max-image-preview:large","max-video-preview":"max-video-preview:-1"},"canonical":"https:\/\/www.esplac.cat\/participa-projecte-vincles\/","og_locale":"en_US","og_type":"article","og_title":"Participa en el projecte \"Vincles\"! - Esplac","og_description":"Si ets moni o dirigent d'Esplac, pots participar al projecte \"Vincles\", una experi\u00e8ncia real de conviv\u00e8ncia en la diversitat no nom\u00e9s cultural, sin\u00f3 tamb\u00e9 de g\u00e8nere, religiosa, generacional i funcional entre altres, orientada a desmuntar els estereotips i prejudicis i a promoure la conviv\u00e8ncia.\u00a0","og_url":"https:\/\/www.esplac.cat\/participa-projecte-vincles\/","og_site_name":"Esplac","article_published_time":"2022-09-19T09:53:04+00:00","article_modified_time":"2022-09-19T10:49:42+00:00","og_image":[{"width":1694,"height":700,"url":"https:\/\/www.esplac.cat\/wp-content\/uploads\/2022\/09\/vincles_portada.jpg","type":"image\/jpeg"}],"author":"Comunicaci\u00f3 Esplac","twitter_card":"summary_large_image","twitter_misc":{"Written by":"Comunicaci\u00f3 Esplac","Est. reading time":"1 minute"},"schema":{"@context":"https:\/\/schema.org","@graph":[{"@type":"Article","@id":"https:\/\/www.esplac.cat\/participa-projecte-vincles\/#article","isPartOf":{"@id":"https:\/\/www.esplac.cat\/participa-projecte-vincles\/"},"author":{"name":"Comunicaci\u00f3 Esplac","@id":"https:\/\/www.esplac.cat\/#\/schema\/person\/908383cf240be18b68f8855d0583faca"},"headline":"Participa en el projecte &#8220;Vincles&#8221;!","datePublished":"2022-09-19T09:53:04+00:00","dateModified":"2022-09-19T10:49:42+00:00","mainEntityOfPage":{"@id":"https:\/\/www.esplac.cat\/participa-projecte-vincles\/"},"wordCount":165,"publisher":{"@id":"https:\/\/www.esplac.cat\/#organization"},"image":{"@id":"https:\/\/www.esplac.cat\/participa-projecte-vincles\/#primaryimage"},"thumbnailUrl":"https:\/\/www.esplac.cat\/wp-content\/uploads\/2022\/09\/vincles_portada.jpg","articleSection":["Inclusi\u00f3 i diversitat"],"inLanguage":"en-US"},{"@type":"WebPage","@id":"https:\/\/www.esplac.cat\/participa-projecte-vincles\/","url":"https:\/\/www.esplac.cat\/participa-projecte-vincles\/","name":"Participa en el projecte \"Vincles\"! - Esplac","isPartOf":{"@id":"https:\/\/www.esplac.cat\/#website"},"primaryImageOfPage":{"@id":"https:\/\/www.esplac.cat\/participa-projecte-vincles\/#primaryimage"},"image":{"@id":"https:\/\/www.esplac.cat\/participa-projecte-vincles\/#primaryimage"},"thumbnailUrl":"https:\/\/www.esplac.cat\/wp-content\/uploads\/2022\/09\/vincles_portada.jpg","datePublished":"2022-09-19T09:53:04+00:00","dateModified":"2022-09-19T10:49:42+00:00","description":"Si ets moni o dirigent d'Esplac, pots participar al projecte \"Vincles\", una experi\u00e8ncia real de conviv\u00e8ncia en la diversitat no nom\u00e9s cultural, sin\u00f3 tamb\u00e9 de g\u00e8nere, religiosa, generacional i funcional entre altres, orientada a desmuntar els estereotips i prejudicis i a promoure la conviv\u00e8ncia.\u00a0","breadcrumb":{"@id":"https:\/\/www.esplac.cat\/participa-projecte-vincles\/#breadcrumb"},"inLanguage":"en-US","potentialAction":[{"@type":"ReadAction","target":["https:\/\/www.esplac.cat\/participa-projecte-vincles\/"]}]},{"@type":"ImageObject","inLanguage":"en-US","@id":"https:\/\/www.esplac.cat\/participa-projecte-vincles\/#primaryimage","url":"https:\/\/www.esplac.cat\/wp-content\/uploads\/2022\/09\/vincles_portada.jpg","contentUrl":"https:\/\/www.esplac.cat\/wp-content\/uploads\/2022\/09\/vincles_portada.jpg","width":1694,"height":700},{"@type":"BreadcrumbList","@id":"https:\/\/www.esplac.cat\/participa-projecte-vincles\/#breadcrumb","itemListElement":[{"@type":"ListItem","position":1,"name":"Inici","item":"https:\/\/www.esplac.cat\/en\/"},{"@type":"ListItem","position":2,"name":"Participa en el projecte &#8220;Vincles&#8221;!"}]},{"@type":"WebSite","@id":"https:\/\/www.esplac.cat\/#website","url":"https:\/\/www.esplac.cat\/","name":"Esplac","description":"Esplais Catalans","publisher":{"@id":"https:\/\/www.esplac.cat\/#organization"},"potentialAction":[{"@type":"SearchAction","target":{"@type":"EntryPoint","urlTemplate":"https:\/\/www.esplac.cat\/?s={search_term_string}"},"query-input":{"@type":"PropertyValueSpecification","valueRequired":true,"valueName":"search_term_string"}}],"inLanguage":"en-US"},{"@type":"Organization","@id":"https:\/\/www.esplac.cat\/#organization","name":"Esplac","url":"https:\/\/www.esplac.cat\/","logo":{"@type":"ImageObject","inLanguage":"en-US","@id":"https:\/\/www.esplac.cat\/#\/schema\/logo\/image\/","url":"https:\/\/www.esplac.cat\/wp-content\/uploads\/2019\/08\/logox2.png","contentUrl":"https:\/\/www.esplac.cat\/wp-content\/uploads\/2019\/08\/logox2.png","width":600,"height":295,"caption":"Esplac"},"image":{"@id":"https:\/\/www.esplac.cat\/#\/schema\/logo\/image\/"}},{"@type":"Person","@id":"https:\/\/www.esplac.cat\/#\/schema\/person\/908383cf240be18b68f8855d0583faca","name":"Comunicaci\u00f3 Esplac","image":{"@type":"ImageObject","inLanguage":"en-US","@id":"https:\/\/secure.gravatar.com\/avatar\/7a4cf8feb412a76ea4a740ca02d95b06b2907b5a6c648c2dd0a1082a093c3141?s=96&d=mm&r=g","url":"https:\/\/secure.gravatar.com\/avatar\/7a4cf8feb412a76ea4a740ca02d95b06b2907b5a6c648c2dd0a1082a093c3141?s=96&d=mm&r=g","contentUrl":"https:\/\/secure.gravatar.com\/avatar\/7a4cf8feb412a76ea4a740ca02d95b06b2907b5a6c648c2dd0a1082a093c3141?s=96&d=mm&r=g","caption":"Comunicaci\u00f3 Esplac"}}]}},"_links":{"self":[{"href":"https:\/\/www.esplac.cat\/en\/wp-json\/wp\/v2\/posts\/41337","targetHints":{"allow":["GET"]}}],"collection":[{"href":"https:\/\/www.esplac.cat\/en\/wp-json\/wp\/v2\/posts"}],"about":[{"href":"https:\/\/www.esplac.cat\/en\/wp-json\/wp\/v2\/types\/post"}],"author":[{"embeddable":true,"href":"https:\/\/www.esplac.cat\/en\/wp-json\/wp\/v2\/users\/3"}],"replies":[{"embeddable":true,"href":"https:\/\/www.esplac.cat\/en\/wp-json\/wp\/v2\/comments?post=41337"}],"version-history":[{"count":0,"href":"https:\/\/www.esplac.cat\/en\/wp-json\/wp\/v2\/posts\/41337\/revisions"}],"wp:featuredmedia":[{"embeddable":true,"href":"https:\/\/www.esplac.cat\/en\/wp-json\/wp\/v2\/media\/41338"}],"wp:attachment":[{"href":"https:\/\/www.esplac.cat\/en\/wp-json\/wp\/v2\/media?parent=41337"}],"wp:term":[{"taxonomy":"category","embeddable":true,"href":"https:\/\/www.esplac.cat\/en\/wp-json\/wp\/v2\/categories?post=41337"},{"taxonomy":"post_tag","embeddable":true,"href":"https:\/\/www.esplac.cat\/en\/wp-json\/wp\/v2\/tags?post=41337"}],"curies":[{"name":"wp","href":"https:\/\/api.w.org\/{rel}","templated":true}]}}