{"id":41427,"date":"2022-09-20T12:58:44","date_gmt":"2022-09-20T10:58:44","guid":{"rendered":"https:\/\/www.esplac.cat\/?p=41427"},"modified":"2022-09-21T11:30:59","modified_gmt":"2022-09-21T09:30:59","slug":"dotzena-edicio-jornades-lleure-feminismes","status":"publish","type":"post","link":"https:\/\/www.esplac.cat\/en\/dotzena-edicio-jornades-lleure-feminismes\/","title":{"rendered":"Dotzena edici\u00f3 de les Jornades de Lleure i Feminismes a la Masia de la Guineueta (Nou Barris, Barcelona)"},"content":{"rendered":"<div class=\"fusion-fullwidth fullwidth-box fusion-builder-row-1 nonhundred-percent-fullwidth non-hundred-percent-height-scrolling\" style=\"--awb-border-radius-top-left:0px;--awb-border-radius-top-right:0px;--awb-border-radius-bottom-right:0px;--awb-border-radius-bottom-left:0px;--awb-flex-wrap:wrap;\" ><div class=\"fusion-builder-row fusion-row\"><div class=\"fusion-layout-column fusion_builder_column fusion-builder-column-0 fusion_builder_column_1_1 1_1 fusion-one-full fusion-column-first fusion-column-last\" style=\"--awb-bg-size:cover;--awb-margin-bottom:0px;\"><div class=\"fusion-column-wrapper fusion-flex-column-wrapper-legacy\"><div class=\"fusion-text fusion-text-1\"><h6><strong>Com cada any, engeguem el curs amb les Jornades de Lleure i Feminismes, coorganitzades per l\u2019Escola Lliure El Sol, Escoltes Catalans i Esplais Catalans. Diumenge 23 d&#8217;octubre reflexionarem sobre la pregunta\/afirmaci\u00f3: Som feministes (?).\u00a0<\/strong><\/h6>\n<p><span style=\"font-weight: 400;\">Sota el t\u00edtol \u201cSom feministes(?)\u201d, enguany reflexionarem a les Jornades de Lleure i Feminismes sobre quines pr\u00e0ctiques hi ha darrere d&#8217;aquest posicionament i quin cam\u00ed ens queda per rec\u00f3rrer. Les inscripcions <strong>s&#8217;obren el dilluns 26 de setembre. <\/strong>Es faran\u00a0a trav\u00e9s de la p\u00e0gina web de l\u2019<a href=\"https:\/\/escolaelsol.coop\/formacions\/Jornades-de-Lleure-i-Feminismes-2022\/2571\/\" target=\"_blank\" rel=\"noopener noreferrer\"><span style=\"color: #ff9900;\">Escola Lliure El Sol<\/span><\/a>. Aquestes tindran dues etapes:\u00a0<\/span><\/p>\n<ol>\n<li style=\"font-weight: 400;\" aria-level=\"1\"><span style=\"font-weight: 400;\">Del <strong>26 de setembre al 10 d\u2019octubre<\/strong> estaran disponibles per a <strong>monitores\/caps\/formadores<\/strong> de l\u2019Escola Lliure El Sol, Escoltes Catalans i Esplais Catalans.<\/span><\/li>\n<li style=\"font-weight: 400;\" aria-level=\"1\"><span style=\"font-weight: 400;\">Del <strong>10 d\u2019octubre al 17 d\u2019octubre<\/strong> s\u2019obriran tamb\u00e9 per a <strong>persones externes<\/strong>, \u00e9s a dir, persones que no formen part de cap de les tres entitats organitzadores.\u00a0<\/span><\/li>\n<\/ol>\n<p><span style=\"font-weight: 400;\">Un cop completada la inscripci\u00f3, rebreu un correu electr\u00f2nic que us indicar\u00e0 el seg\u00fcent pas a seguir per tal de poder prioritzar els tallers on voleu participar. Tot i que procurarem tenir en compte les prioritats de totes, l\u2019organitzaci\u00f3 vetllar\u00e0 per l\u2019equilibri en el nombre de participants dels tallers.<\/span><\/p>\n<p><span style=\"font-weight: 400;\">L\u2019horari de les Jornades \u00e9s de 9 h a 19 h, i la inscripci\u00f3 t\u00e9 un cost de 8\u20ac (amb dinar incl\u00f2s). Seguint en la l\u00ednia dels darrers dos anys, <strong>la setmana anterior hi haur\u00e0 una activitat virtual i oberta.<\/strong> Aquest any ser\u00e0 una taula rodona titulada <strong>\u201cCom abordem les viol\u00e8ncies a les entitats?\u201d<\/strong>. Ser\u00e0 el dijous 20 d\u2019octubre a les 18:30 h i hi participaran membres de les tres entitats organitzadores.\u00a0<\/span><\/p>\n<p><span style=\"font-weight: 400;\">Pots consultar tota la informaci\u00f3 actualitzada a la <\/span><span style=\"color: #ff9900;\"><a style=\"color: #ff9900;\" href=\"https:\/\/lleureisexisme.wordpress.com\/\" target=\"_blank\" rel=\"noopener noreferrer\"><span style=\"font-weight: 400;\">web<\/span><\/a><\/span><span style=\"font-weight: 400;\">, <\/span><span style=\"color: #ff9900;\"><a style=\"color: #ff9900;\" href=\"https:\/\/www.instagram.com\/lleureifeminismes\/\" target=\"_blank\" rel=\"noopener noreferrer\"><span style=\"font-weight: 400;\">instagram<\/span><\/a><\/span><span style=\"font-weight: 400;\"> i <\/span><span style=\"color: #ff9900;\"><a style=\"color: #ff9900;\" href=\"https:\/\/mobile.twitter.com\/jllifeminismes\" target=\"_blank\" rel=\"noopener noreferrer\"><span style=\"font-weight: 400;\">twitter<\/span><\/a><\/span><span style=\"font-weight: 400;\"> de les Jornades, i pots veure les edicions anteriors a l\u2019<\/span><span style=\"color: #ff9900;\"><a style=\"color: #ff9900;\" href=\"https:\/\/www.esplac.cat\/formacions\/jornades-de-lleure-i-feminismes\/\" target=\"_blank\" rel=\"noopener noreferrer\"><span style=\"font-weight: 400;\">apartat del web<\/span><\/a> <\/span><span style=\"font-weight: 400;\">d\u2019Esplac sobre les Jornades de Lleure i Feminismes.<\/span><\/p>\n<p>Tamb\u00e9, si com a esplai us voleu encarregar del dinar de diumenge com a campanya econ\u00f2mica, poseu-vos en contacte amb generesisexualitats@esplac.cat per parlar de les condicions (abans del 29 de setembre)!<\/p>\n\n\t\t<style type=\"text\/css\">\n\t\t\t#gallery-1 {\n\t\t\t\tmargin: auto;\n\t\t\t}\n\t\t\t#gallery-1 .gallery-item {\n\t\t\t\tfloat: left;\n\t\t\t\tmargin-top: 10px;\n\t\t\t\ttext-align: center;\n\t\t\t\twidth: 33%;\n\t\t\t}\n\t\t\t#gallery-1 img {\n\t\t\t\tborder: 2px solid #cfcfcf;\n\t\t\t}\n\t\t\t#gallery-1 .gallery-caption {\n\t\t\t\tmargin-left: 0;\n\t\t\t}\n\t\t\t\/* see gallery_shortcode() in wp-includes\/media.php *\/\n\t\t<\/style>\n\t\t<div id='gallery-1' class='gallery galleryid-41427 gallery-columns-3 gallery-size-large'><dl class='gallery-item'>\n\t\t\t<dt class='gallery-icon portrait'>\n\t\t\t\t<a data-rel=\"iLightbox[postimages]\" data-title=\"CARTELL JORNADES LLEURE I FEMINISMES 2022 (2)\" data-caption=\"\" href='https:\/\/www.esplac.cat\/wp-content\/uploads\/2022\/09\/CARTELL-JORNADES-LLEURE-I-FEMINISMES-2022-2.jpg'><img decoding=\"async\" width=\"724\" height=\"1024\" src=\"https:\/\/www.esplac.cat\/wp-content\/uploads\/2022\/09\/CARTELL-JORNADES-LLEURE-I-FEMINISMES-2022-2-724x1024.jpg\" class=\"attachment-large size-large\" alt=\"\" srcset=\"https:\/\/www.esplac.cat\/wp-content\/uploads\/2022\/09\/CARTELL-JORNADES-LLEURE-I-FEMINISMES-2022-2-200x283.jpg 200w, https:\/\/www.esplac.cat\/wp-content\/uploads\/2022\/09\/CARTELL-JORNADES-LLEURE-I-FEMINISMES-2022-2-212x300.jpg 212w, https:\/\/www.esplac.cat\/wp-content\/uploads\/2022\/09\/CARTELL-JORNADES-LLEURE-I-FEMINISMES-2022-2-400x566.jpg 400w, https:\/\/www.esplac.cat\/wp-content\/uploads\/2022\/09\/CARTELL-JORNADES-LLEURE-I-FEMINISMES-2022-2-600x849.jpg 600w, https:\/\/www.esplac.cat\/wp-content\/uploads\/2022\/09\/CARTELL-JORNADES-LLEURE-I-FEMINISMES-2022-2-724x1024.jpg 724w, https:\/\/www.esplac.cat\/wp-content\/uploads\/2022\/09\/CARTELL-JORNADES-LLEURE-I-FEMINISMES-2022-2-768x1086.jpg 768w, https:\/\/www.esplac.cat\/wp-content\/uploads\/2022\/09\/CARTELL-JORNADES-LLEURE-I-FEMINISMES-2022-2-800x1132.jpg 800w, https:\/\/www.esplac.cat\/wp-content\/uploads\/2022\/09\/CARTELL-JORNADES-LLEURE-I-FEMINISMES-2022-2-1086x1536.jpg 1086w, https:\/\/www.esplac.cat\/wp-content\/uploads\/2022\/09\/CARTELL-JORNADES-LLEURE-I-FEMINISMES-2022-2-1200x1698.jpg 1200w, https:\/\/www.esplac.cat\/wp-content\/uploads\/2022\/09\/CARTELL-JORNADES-LLEURE-I-FEMINISMES-2022-2-1448x2048.jpg 1448w, https:\/\/www.esplac.cat\/wp-content\/uploads\/2022\/09\/CARTELL-JORNADES-LLEURE-I-FEMINISMES-2022-2.jpg 1587w\" sizes=\"(max-width: 724px) 100vw, 724px\" \/><\/a>\n\t\t\t<\/dt><\/dl><dl class='gallery-item'>\n\t\t\t<dt class='gallery-icon portrait'>\n\t\t\t\t<a data-rel=\"iLightbox[postimages]\" data-title=\"PROGRAMA JORNADES LLEURE I FEMINISMES2022\" data-caption=\"\" href='https:\/\/www.esplac.cat\/wp-content\/uploads\/2022\/09\/PROGRAMA-JORNADES-LLEURE-I-FEMINISMES2022.jpg'><img decoding=\"async\" width=\"724\" height=\"1024\" src=\"https:\/\/www.esplac.cat\/wp-content\/uploads\/2022\/09\/PROGRAMA-JORNADES-LLEURE-I-FEMINISMES2022-724x1024.jpg\" class=\"attachment-large size-large\" alt=\"\" srcset=\"https:\/\/www.esplac.cat\/wp-content\/uploads\/2022\/09\/PROGRAMA-JORNADES-LLEURE-I-FEMINISMES2022-200x283.jpg 200w, https:\/\/www.esplac.cat\/wp-content\/uploads\/2022\/09\/PROGRAMA-JORNADES-LLEURE-I-FEMINISMES2022-212x300.jpg 212w, https:\/\/www.esplac.cat\/wp-content\/uploads\/2022\/09\/PROGRAMA-JORNADES-LLEURE-I-FEMINISMES2022-400x566.jpg 400w, https:\/\/www.esplac.cat\/wp-content\/uploads\/2022\/09\/PROGRAMA-JORNADES-LLEURE-I-FEMINISMES2022-600x849.jpg 600w, https:\/\/www.esplac.cat\/wp-content\/uploads\/2022\/09\/PROGRAMA-JORNADES-LLEURE-I-FEMINISMES2022-724x1024.jpg 724w, https:\/\/www.esplac.cat\/wp-content\/uploads\/2022\/09\/PROGRAMA-JORNADES-LLEURE-I-FEMINISMES2022-768x1086.jpg 768w, https:\/\/www.esplac.cat\/wp-content\/uploads\/2022\/09\/PROGRAMA-JORNADES-LLEURE-I-FEMINISMES2022-800x1132.jpg 800w, https:\/\/www.esplac.cat\/wp-content\/uploads\/2022\/09\/PROGRAMA-JORNADES-LLEURE-I-FEMINISMES2022-1086x1536.jpg 1086w, https:\/\/www.esplac.cat\/wp-content\/uploads\/2022\/09\/PROGRAMA-JORNADES-LLEURE-I-FEMINISMES2022-1200x1698.jpg 1200w, https:\/\/www.esplac.cat\/wp-content\/uploads\/2022\/09\/PROGRAMA-JORNADES-LLEURE-I-FEMINISMES2022-1448x2048.jpg 1448w, https:\/\/www.esplac.cat\/wp-content\/uploads\/2022\/09\/PROGRAMA-JORNADES-LLEURE-I-FEMINISMES2022.jpg 1587w\" sizes=\"(max-width: 724px) 100vw, 724px\" \/><\/a>\n\t\t\t<\/dt><\/dl>\n\t\t\t<br style='clear: both' \/>\n\t\t<\/div>\n\n<p>\u00a0<\/p>\n<p>\u00a0<\/p>\n<\/div><div class=\"fusion-clearfix\"><\/div><\/div><\/div><\/div><\/div>\n","protected":false},"excerpt":{"rendered":"","protected":false},"author":3,"featured_media":41435,"comment_status":"closed","ping_status":"closed","sticky":false,"template":"","format":"standard","meta":{"om_disable_all_campaigns":false,"_monsterinsights_skip_tracking":false,"_monsterinsights_sitenote_active":false,"_monsterinsights_sitenote_note":"","_monsterinsights_sitenote_category":0,"_uf_show_specific_survey":0,"_uf_disable_surveys":false,"footnotes":""},"categories":[1158],"tags":[],"class_list":["post-41427","post","type-post","status-publish","format-standard","has-post-thumbnail","hentry","category-jornades-lleure-feminismes"],"yoast_head":"<!-- This site is optimized with the Yoast SEO plugin v27.5 - https:\/\/yoast.com\/product\/yoast-seo-wordpress\/ -->\n<title>Dotzena edici\u00f3 de les Jornades de Lleure i Feminismes a la Masia de la Guineueta (Nou Barris, Barcelona) - Esplac<\/title>\n<meta name=\"description\" content=\"Com cada any, engeguem el curs amb les Jornades de Lleure i Feminismes, coorganitzades per l\u2019Escola Lliure El Sol, Escoltes Catalans i Esplais Catalans. Diumenge 23 d&#039;octubre reflexionarem sobre la pregunta\/afirmaci\u00f3: Som feministes (?).\u00a0\" \/>\n<meta name=\"robots\" content=\"index, follow, max-snippet:-1, max-image-preview:large, max-video-preview:-1\" \/>\n<link rel=\"canonical\" href=\"https:\/\/www.esplac.cat\/dotzena-edicio-jornades-lleure-feminismes\/\" \/>\n<meta property=\"og:locale\" content=\"en_US\" \/>\n<meta property=\"og:type\" content=\"article\" \/>\n<meta property=\"og:title\" content=\"Dotzena edici\u00f3 de les Jornades de Lleure i Feminismes a la Masia de la Guineueta (Nou Barris, Barcelona) - Esplac\" \/>\n<meta property=\"og:description\" content=\"Com cada any, engeguem el curs amb les Jornades de Lleure i Feminismes, coorganitzades per l\u2019Escola Lliure El Sol, Escoltes Catalans i Esplais Catalans. Diumenge 23 d&#039;octubre reflexionarem sobre la pregunta\/afirmaci\u00f3: Som feministes (?).\u00a0\" \/>\n<meta property=\"og:url\" content=\"https:\/\/www.esplac.cat\/dotzena-edicio-jornades-lleure-feminismes\/\" \/>\n<meta property=\"og:site_name\" content=\"Esplac\" \/>\n<meta property=\"article:published_time\" content=\"2022-09-20T10:58:44+00:00\" \/>\n<meta property=\"article:modified_time\" content=\"2022-09-21T09:30:59+00:00\" \/>\n<meta property=\"og:image\" content=\"https:\/\/www.esplac.cat\/wp-content\/uploads\/2022\/09\/jorades_lleure_feminismes_2022.jpg\" \/>\n\t<meta property=\"og:image:width\" content=\"1694\" \/>\n\t<meta property=\"og:image:height\" content=\"700\" \/>\n\t<meta property=\"og:image:type\" content=\"image\/jpeg\" \/>\n<meta name=\"author\" content=\"Comunicaci\u00f3 Esplac\" \/>\n<meta name=\"twitter:card\" content=\"summary_large_image\" \/>\n<meta name=\"twitter:label1\" content=\"Written by\" \/>\n\t<meta name=\"twitter:data1\" content=\"Comunicaci\u00f3 Esplac\" \/>\n\t<meta name=\"twitter:label2\" content=\"Est. reading time\" \/>\n\t<meta name=\"twitter:data2\" content=\"3 minutes\" \/>\n<script type=\"application\/ld+json\" class=\"yoast-schema-graph\">{\"@context\":\"https:\\\/\\\/schema.org\",\"@graph\":[{\"@type\":\"Article\",\"@id\":\"https:\\\/\\\/www.esplac.cat\\\/dotzena-edicio-jornades-lleure-feminismes\\\/#article\",\"isPartOf\":{\"@id\":\"https:\\\/\\\/www.esplac.cat\\\/dotzena-edicio-jornades-lleure-feminismes\\\/\"},\"author\":{\"name\":\"Comunicaci\u00f3 Esplac\",\"@id\":\"https:\\\/\\\/www.esplac.cat\\\/#\\\/schema\\\/person\\\/908383cf240be18b68f8855d0583faca\"},\"headline\":\"Dotzena edici\u00f3 de les Jornades de Lleure i Feminismes a la Masia de la Guineueta (Nou Barris, Barcelona)\",\"datePublished\":\"2022-09-20T10:58:44+00:00\",\"dateModified\":\"2022-09-21T09:30:59+00:00\",\"mainEntityOfPage\":{\"@id\":\"https:\\\/\\\/www.esplac.cat\\\/dotzena-edicio-jornades-lleure-feminismes\\\/\"},\"wordCount\":526,\"publisher\":{\"@id\":\"https:\\\/\\\/www.esplac.cat\\\/#organization\"},\"image\":{\"@id\":\"https:\\\/\\\/www.esplac.cat\\\/dotzena-edicio-jornades-lleure-feminismes\\\/#primaryimage\"},\"thumbnailUrl\":\"https:\\\/\\\/www.esplac.cat\\\/wp-content\\\/uploads\\\/2022\\\/09\\\/jorades_lleure_feminismes_2022.jpg\",\"articleSection\":[\"Jornades de Lleure i Feminismes\"],\"inLanguage\":\"en-US\"},{\"@type\":\"WebPage\",\"@id\":\"https:\\\/\\\/www.esplac.cat\\\/dotzena-edicio-jornades-lleure-feminismes\\\/\",\"url\":\"https:\\\/\\\/www.esplac.cat\\\/dotzena-edicio-jornades-lleure-feminismes\\\/\",\"name\":\"Dotzena edici\u00f3 de les Jornades de Lleure i Feminismes a la Masia de la Guineueta (Nou Barris, Barcelona) - Esplac\",\"isPartOf\":{\"@id\":\"https:\\\/\\\/www.esplac.cat\\\/#website\"},\"primaryImageOfPage\":{\"@id\":\"https:\\\/\\\/www.esplac.cat\\\/dotzena-edicio-jornades-lleure-feminismes\\\/#primaryimage\"},\"image\":{\"@id\":\"https:\\\/\\\/www.esplac.cat\\\/dotzena-edicio-jornades-lleure-feminismes\\\/#primaryimage\"},\"thumbnailUrl\":\"https:\\\/\\\/www.esplac.cat\\\/wp-content\\\/uploads\\\/2022\\\/09\\\/jorades_lleure_feminismes_2022.jpg\",\"datePublished\":\"2022-09-20T10:58:44+00:00\",\"dateModified\":\"2022-09-21T09:30:59+00:00\",\"description\":\"Com cada any, engeguem el curs amb les Jornades de Lleure i Feminismes, coorganitzades per l\u2019Escola Lliure El Sol, Escoltes Catalans i Esplais Catalans. Diumenge 23 d'octubre reflexionarem sobre la pregunta\\\/afirmaci\u00f3: Som feministes (?).\u00a0\",\"breadcrumb\":{\"@id\":\"https:\\\/\\\/www.esplac.cat\\\/dotzena-edicio-jornades-lleure-feminismes\\\/#breadcrumb\"},\"inLanguage\":\"en-US\",\"potentialAction\":[{\"@type\":\"ReadAction\",\"target\":[\"https:\\\/\\\/www.esplac.cat\\\/dotzena-edicio-jornades-lleure-feminismes\\\/\"]}]},{\"@type\":\"ImageObject\",\"inLanguage\":\"en-US\",\"@id\":\"https:\\\/\\\/www.esplac.cat\\\/dotzena-edicio-jornades-lleure-feminismes\\\/#primaryimage\",\"url\":\"https:\\\/\\\/www.esplac.cat\\\/wp-content\\\/uploads\\\/2022\\\/09\\\/jorades_lleure_feminismes_2022.jpg\",\"contentUrl\":\"https:\\\/\\\/www.esplac.cat\\\/wp-content\\\/uploads\\\/2022\\\/09\\\/jorades_lleure_feminismes_2022.jpg\",\"width\":1694,\"height\":700,\"caption\":\"Jornades de Lleure i Feminismes\"},{\"@type\":\"BreadcrumbList\",\"@id\":\"https:\\\/\\\/www.esplac.cat\\\/dotzena-edicio-jornades-lleure-feminismes\\\/#breadcrumb\",\"itemListElement\":[{\"@type\":\"ListItem\",\"position\":1,\"name\":\"Inici\",\"item\":\"https:\\\/\\\/www.esplac.cat\\\/en\\\/\"},{\"@type\":\"ListItem\",\"position\":2,\"name\":\"Dotzena edici\u00f3 de les Jornades de Lleure i Feminismes a la Masia de la Guineueta (Nou Barris, Barcelona)\"}]},{\"@type\":\"WebSite\",\"@id\":\"https:\\\/\\\/www.esplac.cat\\\/#website\",\"url\":\"https:\\\/\\\/www.esplac.cat\\\/\",\"name\":\"Esplac\",\"description\":\"Esplais Catalans\",\"publisher\":{\"@id\":\"https:\\\/\\\/www.esplac.cat\\\/#organization\"},\"potentialAction\":[{\"@type\":\"SearchAction\",\"target\":{\"@type\":\"EntryPoint\",\"urlTemplate\":\"https:\\\/\\\/www.esplac.cat\\\/?s={search_term_string}\"},\"query-input\":{\"@type\":\"PropertyValueSpecification\",\"valueRequired\":true,\"valueName\":\"search_term_string\"}}],\"inLanguage\":\"en-US\"},{\"@type\":\"Organization\",\"@id\":\"https:\\\/\\\/www.esplac.cat\\\/#organization\",\"name\":\"Esplac\",\"url\":\"https:\\\/\\\/www.esplac.cat\\\/\",\"logo\":{\"@type\":\"ImageObject\",\"inLanguage\":\"en-US\",\"@id\":\"https:\\\/\\\/www.esplac.cat\\\/#\\\/schema\\\/logo\\\/image\\\/\",\"url\":\"https:\\\/\\\/www.esplac.cat\\\/wp-content\\\/uploads\\\/2019\\\/08\\\/logox2.png\",\"contentUrl\":\"https:\\\/\\\/www.esplac.cat\\\/wp-content\\\/uploads\\\/2019\\\/08\\\/logox2.png\",\"width\":600,\"height\":295,\"caption\":\"Esplac\"},\"image\":{\"@id\":\"https:\\\/\\\/www.esplac.cat\\\/#\\\/schema\\\/logo\\\/image\\\/\"}},{\"@type\":\"Person\",\"@id\":\"https:\\\/\\\/www.esplac.cat\\\/#\\\/schema\\\/person\\\/908383cf240be18b68f8855d0583faca\",\"name\":\"Comunicaci\u00f3 Esplac\",\"image\":{\"@type\":\"ImageObject\",\"inLanguage\":\"en-US\",\"@id\":\"https:\\\/\\\/secure.gravatar.com\\\/avatar\\\/7a4cf8feb412a76ea4a740ca02d95b06b2907b5a6c648c2dd0a1082a093c3141?s=96&d=mm&r=g\",\"url\":\"https:\\\/\\\/secure.gravatar.com\\\/avatar\\\/7a4cf8feb412a76ea4a740ca02d95b06b2907b5a6c648c2dd0a1082a093c3141?s=96&d=mm&r=g\",\"contentUrl\":\"https:\\\/\\\/secure.gravatar.com\\\/avatar\\\/7a4cf8feb412a76ea4a740ca02d95b06b2907b5a6c648c2dd0a1082a093c3141?s=96&d=mm&r=g\",\"caption\":\"Comunicaci\u00f3 Esplac\"}}]}<\/script>\n<!-- \/ Yoast SEO plugin. -->","yoast_head_json":{"title":"Dotzena edici\u00f3 de les Jornades de Lleure i Feminismes a la Masia de la Guineueta (Nou Barris, Barcelona) - Esplac","description":"Com cada any, engeguem el curs amb les Jornades de Lleure i Feminismes, coorganitzades per l\u2019Escola Lliure El Sol, Escoltes Catalans i Esplais Catalans. Diumenge 23 d'octubre reflexionarem sobre la pregunta\/afirmaci\u00f3: Som feministes (?).\u00a0","robots":{"index":"index","follow":"follow","max-snippet":"max-snippet:-1","max-image-preview":"max-image-preview:large","max-video-preview":"max-video-preview:-1"},"canonical":"https:\/\/www.esplac.cat\/dotzena-edicio-jornades-lleure-feminismes\/","og_locale":"en_US","og_type":"article","og_title":"Dotzena edici\u00f3 de les Jornades de Lleure i Feminismes a la Masia de la Guineueta (Nou Barris, Barcelona) - Esplac","og_description":"Com cada any, engeguem el curs amb les Jornades de Lleure i Feminismes, coorganitzades per l\u2019Escola Lliure El Sol, Escoltes Catalans i Esplais Catalans. Diumenge 23 d'octubre reflexionarem sobre la pregunta\/afirmaci\u00f3: Som feministes (?).\u00a0","og_url":"https:\/\/www.esplac.cat\/dotzena-edicio-jornades-lleure-feminismes\/","og_site_name":"Esplac","article_published_time":"2022-09-20T10:58:44+00:00","article_modified_time":"2022-09-21T09:30:59+00:00","og_image":[{"width":1694,"height":700,"url":"https:\/\/www.esplac.cat\/wp-content\/uploads\/2022\/09\/jorades_lleure_feminismes_2022.jpg","type":"image\/jpeg"}],"author":"Comunicaci\u00f3 Esplac","twitter_card":"summary_large_image","twitter_misc":{"Written by":"Comunicaci\u00f3 Esplac","Est. reading time":"3 minutes"},"schema":{"@context":"https:\/\/schema.org","@graph":[{"@type":"Article","@id":"https:\/\/www.esplac.cat\/dotzena-edicio-jornades-lleure-feminismes\/#article","isPartOf":{"@id":"https:\/\/www.esplac.cat\/dotzena-edicio-jornades-lleure-feminismes\/"},"author":{"name":"Comunicaci\u00f3 Esplac","@id":"https:\/\/www.esplac.cat\/#\/schema\/person\/908383cf240be18b68f8855d0583faca"},"headline":"Dotzena edici\u00f3 de les Jornades de Lleure i Feminismes a la Masia de la Guineueta (Nou Barris, Barcelona)","datePublished":"2022-09-20T10:58:44+00:00","dateModified":"2022-09-21T09:30:59+00:00","mainEntityOfPage":{"@id":"https:\/\/www.esplac.cat\/dotzena-edicio-jornades-lleure-feminismes\/"},"wordCount":526,"publisher":{"@id":"https:\/\/www.esplac.cat\/#organization"},"image":{"@id":"https:\/\/www.esplac.cat\/dotzena-edicio-jornades-lleure-feminismes\/#primaryimage"},"thumbnailUrl":"https:\/\/www.esplac.cat\/wp-content\/uploads\/2022\/09\/jorades_lleure_feminismes_2022.jpg","articleSection":["Jornades de Lleure i Feminismes"],"inLanguage":"en-US"},{"@type":"WebPage","@id":"https:\/\/www.esplac.cat\/dotzena-edicio-jornades-lleure-feminismes\/","url":"https:\/\/www.esplac.cat\/dotzena-edicio-jornades-lleure-feminismes\/","name":"Dotzena edici\u00f3 de les Jornades de Lleure i Feminismes a la Masia de la Guineueta (Nou Barris, Barcelona) - Esplac","isPartOf":{"@id":"https:\/\/www.esplac.cat\/#website"},"primaryImageOfPage":{"@id":"https:\/\/www.esplac.cat\/dotzena-edicio-jornades-lleure-feminismes\/#primaryimage"},"image":{"@id":"https:\/\/www.esplac.cat\/dotzena-edicio-jornades-lleure-feminismes\/#primaryimage"},"thumbnailUrl":"https:\/\/www.esplac.cat\/wp-content\/uploads\/2022\/09\/jorades_lleure_feminismes_2022.jpg","datePublished":"2022-09-20T10:58:44+00:00","dateModified":"2022-09-21T09:30:59+00:00","description":"Com cada any, engeguem el curs amb les Jornades de Lleure i Feminismes, coorganitzades per l\u2019Escola Lliure El Sol, Escoltes Catalans i Esplais Catalans. Diumenge 23 d'octubre reflexionarem sobre la pregunta\/afirmaci\u00f3: Som feministes (?).\u00a0","breadcrumb":{"@id":"https:\/\/www.esplac.cat\/dotzena-edicio-jornades-lleure-feminismes\/#breadcrumb"},"inLanguage":"en-US","potentialAction":[{"@type":"ReadAction","target":["https:\/\/www.esplac.cat\/dotzena-edicio-jornades-lleure-feminismes\/"]}]},{"@type":"ImageObject","inLanguage":"en-US","@id":"https:\/\/www.esplac.cat\/dotzena-edicio-jornades-lleure-feminismes\/#primaryimage","url":"https:\/\/www.esplac.cat\/wp-content\/uploads\/2022\/09\/jorades_lleure_feminismes_2022.jpg","contentUrl":"https:\/\/www.esplac.cat\/wp-content\/uploads\/2022\/09\/jorades_lleure_feminismes_2022.jpg","width":1694,"height":700,"caption":"Jornades de Lleure i Feminismes"},{"@type":"BreadcrumbList","@id":"https:\/\/www.esplac.cat\/dotzena-edicio-jornades-lleure-feminismes\/#breadcrumb","itemListElement":[{"@type":"ListItem","position":1,"name":"Inici","item":"https:\/\/www.esplac.cat\/en\/"},{"@type":"ListItem","position":2,"name":"Dotzena edici\u00f3 de les Jornades de Lleure i Feminismes a la Masia de la Guineueta (Nou Barris, Barcelona)"}]},{"@type":"WebSite","@id":"https:\/\/www.esplac.cat\/#website","url":"https:\/\/www.esplac.cat\/","name":"Esplac","description":"Esplais Catalans","publisher":{"@id":"https:\/\/www.esplac.cat\/#organization"},"potentialAction":[{"@type":"SearchAction","target":{"@type":"EntryPoint","urlTemplate":"https:\/\/www.esplac.cat\/?s={search_term_string}"},"query-input":{"@type":"PropertyValueSpecification","valueRequired":true,"valueName":"search_term_string"}}],"inLanguage":"en-US"},{"@type":"Organization","@id":"https:\/\/www.esplac.cat\/#organization","name":"Esplac","url":"https:\/\/www.esplac.cat\/","logo":{"@type":"ImageObject","inLanguage":"en-US","@id":"https:\/\/www.esplac.cat\/#\/schema\/logo\/image\/","url":"https:\/\/www.esplac.cat\/wp-content\/uploads\/2019\/08\/logox2.png","contentUrl":"https:\/\/www.esplac.cat\/wp-content\/uploads\/2019\/08\/logox2.png","width":600,"height":295,"caption":"Esplac"},"image":{"@id":"https:\/\/www.esplac.cat\/#\/schema\/logo\/image\/"}},{"@type":"Person","@id":"https:\/\/www.esplac.cat\/#\/schema\/person\/908383cf240be18b68f8855d0583faca","name":"Comunicaci\u00f3 Esplac","image":{"@type":"ImageObject","inLanguage":"en-US","@id":"https:\/\/secure.gravatar.com\/avatar\/7a4cf8feb412a76ea4a740ca02d95b06b2907b5a6c648c2dd0a1082a093c3141?s=96&d=mm&r=g","url":"https:\/\/secure.gravatar.com\/avatar\/7a4cf8feb412a76ea4a740ca02d95b06b2907b5a6c648c2dd0a1082a093c3141?s=96&d=mm&r=g","contentUrl":"https:\/\/secure.gravatar.com\/avatar\/7a4cf8feb412a76ea4a740ca02d95b06b2907b5a6c648c2dd0a1082a093c3141?s=96&d=mm&r=g","caption":"Comunicaci\u00f3 Esplac"}}]}},"_links":{"self":[{"href":"https:\/\/www.esplac.cat\/en\/wp-json\/wp\/v2\/posts\/41427","targetHints":{"allow":["GET"]}}],"collection":[{"href":"https:\/\/www.esplac.cat\/en\/wp-json\/wp\/v2\/posts"}],"about":[{"href":"https:\/\/www.esplac.cat\/en\/wp-json\/wp\/v2\/types\/post"}],"author":[{"embeddable":true,"href":"https:\/\/www.esplac.cat\/en\/wp-json\/wp\/v2\/users\/3"}],"replies":[{"embeddable":true,"href":"https:\/\/www.esplac.cat\/en\/wp-json\/wp\/v2\/comments?post=41427"}],"version-history":[{"count":0,"href":"https:\/\/www.esplac.cat\/en\/wp-json\/wp\/v2\/posts\/41427\/revisions"}],"wp:featuredmedia":[{"embeddable":true,"href":"https:\/\/www.esplac.cat\/en\/wp-json\/wp\/v2\/media\/41435"}],"wp:attachment":[{"href":"https:\/\/www.esplac.cat\/en\/wp-json\/wp\/v2\/media?parent=41427"}],"wp:term":[{"taxonomy":"category","embeddable":true,"href":"https:\/\/www.esplac.cat\/en\/wp-json\/wp\/v2\/categories?post=41427"},{"taxonomy":"post_tag","embeddable":true,"href":"https:\/\/www.esplac.cat\/en\/wp-json\/wp\/v2\/tags?post=41427"}],"curies":[{"name":"wp","href":"https:\/\/api.w.org\/{rel}","templated":true}]}}