{"id":41510,"date":"2022-09-22T14:01:11","date_gmt":"2022-09-22T12:01:11","guid":{"rendered":"https:\/\/www.esplac.cat\/?p=41510"},"modified":"2022-09-22T15:34:11","modified_gmt":"2022-09-22T13:34:11","slug":"prepararen-monifestat-2023-primera-reunio","status":"publish","type":"post","link":"https:\/\/www.esplac.cat\/en\/prepararen-monifestat-2023-primera-reunio\/","title":{"rendered":"Preparem la Monifesta&#8217;t 2023: Primera reuni\u00f3 del Grup de Treball!"},"content":{"rendered":"<h6><strong>Dimecres 28 de setembre tindr\u00e0 lloc la primera reuni\u00f3 del Grup de Treball de la Monifesta&#8217;t 2023, la Trobada General de Monitores i Monitors d&#8217;Esplac.<\/strong><\/h6>\n<p>Els dies 19, 20 i 21 de maig de 2023 torna l&#8217;esperada Monifesta\u2019t. Aquesta Trobada General de Monitores i Monitors d\u2019Esplac \u00e9s el punt de trobada per cr\u00e9ixer, aprendre i formar-nos tant amb t\u00e8cniques i coneixements, com a trav\u00e9s de l\u2019intercanvi d\u2019experi\u00e8ncies per millorar la nostra tasca com a monitores i referents d\u2019infants i joves. Tamb\u00e9 \u00e9s un espai per visibilitzar la import\u00e0ncia de l\u2019educaci\u00f3 en el lleure a la societat i construir un sentiment col\u00b7lectiu i de vincle entre els esplais d&#8217;Esplac.<\/p>\n<p>El proper dimecres 28 de setembre es far\u00e0 la<strong> primera reuni\u00f3 del Grup de Treball<\/strong>\u00a0per comen\u00e7ar a preparar tots els detalls de la trobada. Ambientaci\u00f3, acte unitari, formacions, concerts, activitats&#8230; Durant l&#8217;estiu, membres del Gran Comit\u00e8 i t\u00e8cniques han anat donant forma, per\u00f2 ara toca constituir el Grup de Treball. Aquesta reuni\u00f3 es far\u00e0 a les 16:00h a la seu d&#8217;Esplac:\u00a0C\/Aviny\u00f3 44, 2n pis.<\/p>\n<p>La reuni\u00f3 \u00e9s oberta a monis, s\u00f2cies i dirigents de l&#8217;entitat. Descobreix i decideix qu\u00e8 passar\u00e0 a l&#8217;esperada Monifesta&#8217;t abans que ning\u00fa, pots venir a la primera reuni\u00f3 i decidir de quina manera t&#8217;implicar\u00e0s. Si ets moni, confirma assist\u00e8ncia a l&#8217;Era; si ets s\u00f2cia, envia correu a organitzacio@esplac.cat.<\/p>\n<p>De moment, seguiu-nos tamb\u00e9 a les xarxes per no perdre-us cap detall. I per anar escalfant motors, podeu reviure la Monifesta&#8217;t passada amb <a href=\"https:\/\/www.youtube.com\/watch?v=g2jmgPCNth8&amp;t=42s&amp;ab_channel=EsplaisCatalans\" target=\"_blank\" rel=\"noopener noreferrer\"><strong><span style=\"color: #ff9900;\">el v\u00eddeo resum<\/span><\/strong>!<\/a><\/p>\n","protected":false},"excerpt":{"rendered":"<p>Dimecres 28 de setembre tindr\u00e0 lloc la primera reuni\u00f3 del [&hellip;]<\/p>\n","protected":false},"author":3,"featured_media":41512,"comment_status":"closed","ping_status":"closed","sticky":false,"template":"","format":"standard","meta":{"om_disable_all_campaigns":false,"_monsterinsights_skip_tracking":false,"_monsterinsights_sitenote_active":false,"_monsterinsights_sitenote_note":"","_monsterinsights_sitenote_category":0,"_uf_show_specific_survey":0,"_uf_disable_surveys":false,"footnotes":""},"categories":[1115],"tags":[],"class_list":["post-41510","post","type-post","status-publish","format-standard","has-post-thumbnail","hentry","category-monifestat"],"yoast_head":"<!-- This site is optimized with the Yoast SEO plugin v27.4 - https:\/\/yoast.com\/product\/yoast-seo-wordpress\/ -->\n<title>Preparem la Monifesta&#039;t 2023: Primera reuni\u00f3 del Grup de Treball! - Esplac<\/title>\n<meta name=\"robots\" content=\"index, follow, max-snippet:-1, max-image-preview:large, max-video-preview:-1\" \/>\n<link rel=\"canonical\" href=\"https:\/\/www.esplac.cat\/es\/prepararen-monifestat-2023-primera-reunio\/\" \/>\n<meta property=\"og:locale\" content=\"en_US\" \/>\n<meta property=\"og:type\" content=\"article\" \/>\n<meta property=\"og:title\" content=\"Preparem la Monifesta&#039;t 2023: Primera reuni\u00f3 del Grup de Treball! - Esplac\" \/>\n<meta property=\"og:description\" content=\"Dimecres 28 de setembre tindr\u00e0 lloc la primera reuni\u00f3 del [&hellip;]\" \/>\n<meta property=\"og:url\" content=\"https:\/\/www.esplac.cat\/es\/prepararen-monifestat-2023-primera-reunio\/\" \/>\n<meta property=\"og:site_name\" content=\"Esplac\" \/>\n<meta property=\"article:published_time\" content=\"2022-09-22T12:01:11+00:00\" \/>\n<meta property=\"article:modified_time\" content=\"2022-09-22T13:34:11+00:00\" \/>\n<meta property=\"og:image\" content=\"https:\/\/www.esplac.cat\/wp-content\/uploads\/2022\/09\/gdt_monifestat.jpg\" \/>\n\t<meta property=\"og:image:width\" content=\"1694\" \/>\n\t<meta property=\"og:image:height\" content=\"700\" \/>\n\t<meta property=\"og:image:type\" content=\"image\/jpeg\" \/>\n<meta name=\"author\" content=\"Comunicaci\u00f3 Esplac\" \/>\n<meta name=\"twitter:card\" content=\"summary_large_image\" \/>\n<meta name=\"twitter:label1\" content=\"Written by\" \/>\n\t<meta name=\"twitter:data1\" content=\"Comunicaci\u00f3 Esplac\" \/>\n\t<meta name=\"twitter:label2\" content=\"Est. reading time\" \/>\n\t<meta name=\"twitter:data2\" content=\"1 minute\" \/>\n<script type=\"application\/ld+json\" class=\"yoast-schema-graph\">{\"@context\":\"https:\\\/\\\/schema.org\",\"@graph\":[{\"@type\":\"Article\",\"@id\":\"https:\\\/\\\/www.esplac.cat\\\/es\\\/prepararen-monifestat-2023-primera-reunio\\\/#article\",\"isPartOf\":{\"@id\":\"https:\\\/\\\/www.esplac.cat\\\/es\\\/prepararen-monifestat-2023-primera-reunio\\\/\"},\"author\":{\"name\":\"Comunicaci\u00f3 Esplac\",\"@id\":\"https:\\\/\\\/www.esplac.cat\\\/#\\\/schema\\\/person\\\/908383cf240be18b68f8855d0583faca\"},\"headline\":\"Preparem la Monifesta&#8217;t 2023: Primera reuni\u00f3 del Grup de Treball!\",\"datePublished\":\"2022-09-22T12:01:11+00:00\",\"dateModified\":\"2022-09-22T13:34:11+00:00\",\"mainEntityOfPage\":{\"@id\":\"https:\\\/\\\/www.esplac.cat\\\/es\\\/prepararen-monifestat-2023-primera-reunio\\\/\"},\"wordCount\":284,\"publisher\":{\"@id\":\"https:\\\/\\\/www.esplac.cat\\\/#organization\"},\"image\":{\"@id\":\"https:\\\/\\\/www.esplac.cat\\\/es\\\/prepararen-monifestat-2023-primera-reunio\\\/#primaryimage\"},\"thumbnailUrl\":\"https:\\\/\\\/www.esplac.cat\\\/wp-content\\\/uploads\\\/2022\\\/09\\\/gdt_monifestat.jpg\",\"articleSection\":[\"Monifesta't\"],\"inLanguage\":\"en-US\"},{\"@type\":\"WebPage\",\"@id\":\"https:\\\/\\\/www.esplac.cat\\\/es\\\/prepararen-monifestat-2023-primera-reunio\\\/\",\"url\":\"https:\\\/\\\/www.esplac.cat\\\/es\\\/prepararen-monifestat-2023-primera-reunio\\\/\",\"name\":\"Preparem la Monifesta't 2023: Primera reuni\u00f3 del Grup de Treball! - Esplac\",\"isPartOf\":{\"@id\":\"https:\\\/\\\/www.esplac.cat\\\/#website\"},\"primaryImageOfPage\":{\"@id\":\"https:\\\/\\\/www.esplac.cat\\\/es\\\/prepararen-monifestat-2023-primera-reunio\\\/#primaryimage\"},\"image\":{\"@id\":\"https:\\\/\\\/www.esplac.cat\\\/es\\\/prepararen-monifestat-2023-primera-reunio\\\/#primaryimage\"},\"thumbnailUrl\":\"https:\\\/\\\/www.esplac.cat\\\/wp-content\\\/uploads\\\/2022\\\/09\\\/gdt_monifestat.jpg\",\"datePublished\":\"2022-09-22T12:01:11+00:00\",\"dateModified\":\"2022-09-22T13:34:11+00:00\",\"breadcrumb\":{\"@id\":\"https:\\\/\\\/www.esplac.cat\\\/es\\\/prepararen-monifestat-2023-primera-reunio\\\/#breadcrumb\"},\"inLanguage\":\"en-US\",\"potentialAction\":[{\"@type\":\"ReadAction\",\"target\":[\"https:\\\/\\\/www.esplac.cat\\\/es\\\/prepararen-monifestat-2023-primera-reunio\\\/\"]}]},{\"@type\":\"ImageObject\",\"inLanguage\":\"en-US\",\"@id\":\"https:\\\/\\\/www.esplac.cat\\\/es\\\/prepararen-monifestat-2023-primera-reunio\\\/#primaryimage\",\"url\":\"https:\\\/\\\/www.esplac.cat\\\/wp-content\\\/uploads\\\/2022\\\/09\\\/gdt_monifestat.jpg\",\"contentUrl\":\"https:\\\/\\\/www.esplac.cat\\\/wp-content\\\/uploads\\\/2022\\\/09\\\/gdt_monifestat.jpg\",\"width\":1694,\"height\":700},{\"@type\":\"BreadcrumbList\",\"@id\":\"https:\\\/\\\/www.esplac.cat\\\/es\\\/prepararen-monifestat-2023-primera-reunio\\\/#breadcrumb\",\"itemListElement\":[{\"@type\":\"ListItem\",\"position\":1,\"name\":\"Inici\",\"item\":\"https:\\\/\\\/www.esplac.cat\\\/en\\\/\"},{\"@type\":\"ListItem\",\"position\":2,\"name\":\"Preparem la Monifesta&#8217;t 2023: Primera reuni\u00f3 del Grup de Treball!\"}]},{\"@type\":\"WebSite\",\"@id\":\"https:\\\/\\\/www.esplac.cat\\\/#website\",\"url\":\"https:\\\/\\\/www.esplac.cat\\\/\",\"name\":\"Esplac\",\"description\":\"Esplais Catalans\",\"publisher\":{\"@id\":\"https:\\\/\\\/www.esplac.cat\\\/#organization\"},\"potentialAction\":[{\"@type\":\"SearchAction\",\"target\":{\"@type\":\"EntryPoint\",\"urlTemplate\":\"https:\\\/\\\/www.esplac.cat\\\/?s={search_term_string}\"},\"query-input\":{\"@type\":\"PropertyValueSpecification\",\"valueRequired\":true,\"valueName\":\"search_term_string\"}}],\"inLanguage\":\"en-US\"},{\"@type\":\"Organization\",\"@id\":\"https:\\\/\\\/www.esplac.cat\\\/#organization\",\"name\":\"Esplac\",\"url\":\"https:\\\/\\\/www.esplac.cat\\\/\",\"logo\":{\"@type\":\"ImageObject\",\"inLanguage\":\"en-US\",\"@id\":\"https:\\\/\\\/www.esplac.cat\\\/#\\\/schema\\\/logo\\\/image\\\/\",\"url\":\"https:\\\/\\\/www.esplac.cat\\\/wp-content\\\/uploads\\\/2019\\\/08\\\/logox2.png\",\"contentUrl\":\"https:\\\/\\\/www.esplac.cat\\\/wp-content\\\/uploads\\\/2019\\\/08\\\/logox2.png\",\"width\":600,\"height\":295,\"caption\":\"Esplac\"},\"image\":{\"@id\":\"https:\\\/\\\/www.esplac.cat\\\/#\\\/schema\\\/logo\\\/image\\\/\"}},{\"@type\":\"Person\",\"@id\":\"https:\\\/\\\/www.esplac.cat\\\/#\\\/schema\\\/person\\\/908383cf240be18b68f8855d0583faca\",\"name\":\"Comunicaci\u00f3 Esplac\",\"image\":{\"@type\":\"ImageObject\",\"inLanguage\":\"en-US\",\"@id\":\"https:\\\/\\\/secure.gravatar.com\\\/avatar\\\/7a4cf8feb412a76ea4a740ca02d95b06b2907b5a6c648c2dd0a1082a093c3141?s=96&d=mm&r=g\",\"url\":\"https:\\\/\\\/secure.gravatar.com\\\/avatar\\\/7a4cf8feb412a76ea4a740ca02d95b06b2907b5a6c648c2dd0a1082a093c3141?s=96&d=mm&r=g\",\"contentUrl\":\"https:\\\/\\\/secure.gravatar.com\\\/avatar\\\/7a4cf8feb412a76ea4a740ca02d95b06b2907b5a6c648c2dd0a1082a093c3141?s=96&d=mm&r=g\",\"caption\":\"Comunicaci\u00f3 Esplac\"}}]}<\/script>\n<!-- \/ Yoast SEO plugin. -->","yoast_head_json":{"title":"Preparem la Monifesta't 2023: Primera reuni\u00f3 del Grup de Treball! - Esplac","robots":{"index":"index","follow":"follow","max-snippet":"max-snippet:-1","max-image-preview":"max-image-preview:large","max-video-preview":"max-video-preview:-1"},"canonical":"https:\/\/www.esplac.cat\/es\/prepararen-monifestat-2023-primera-reunio\/","og_locale":"en_US","og_type":"article","og_title":"Preparem la Monifesta't 2023: Primera reuni\u00f3 del Grup de Treball! - Esplac","og_description":"Dimecres 28 de setembre tindr\u00e0 lloc la primera reuni\u00f3 del [&hellip;]","og_url":"https:\/\/www.esplac.cat\/es\/prepararen-monifestat-2023-primera-reunio\/","og_site_name":"Esplac","article_published_time":"2022-09-22T12:01:11+00:00","article_modified_time":"2022-09-22T13:34:11+00:00","og_image":[{"width":1694,"height":700,"url":"https:\/\/www.esplac.cat\/wp-content\/uploads\/2022\/09\/gdt_monifestat.jpg","type":"image\/jpeg"}],"author":"Comunicaci\u00f3 Esplac","twitter_card":"summary_large_image","twitter_misc":{"Written by":"Comunicaci\u00f3 Esplac","Est. reading time":"1 minute"},"schema":{"@context":"https:\/\/schema.org","@graph":[{"@type":"Article","@id":"https:\/\/www.esplac.cat\/es\/prepararen-monifestat-2023-primera-reunio\/#article","isPartOf":{"@id":"https:\/\/www.esplac.cat\/es\/prepararen-monifestat-2023-primera-reunio\/"},"author":{"name":"Comunicaci\u00f3 Esplac","@id":"https:\/\/www.esplac.cat\/#\/schema\/person\/908383cf240be18b68f8855d0583faca"},"headline":"Preparem la Monifesta&#8217;t 2023: Primera reuni\u00f3 del Grup de Treball!","datePublished":"2022-09-22T12:01:11+00:00","dateModified":"2022-09-22T13:34:11+00:00","mainEntityOfPage":{"@id":"https:\/\/www.esplac.cat\/es\/prepararen-monifestat-2023-primera-reunio\/"},"wordCount":284,"publisher":{"@id":"https:\/\/www.esplac.cat\/#organization"},"image":{"@id":"https:\/\/www.esplac.cat\/es\/prepararen-monifestat-2023-primera-reunio\/#primaryimage"},"thumbnailUrl":"https:\/\/www.esplac.cat\/wp-content\/uploads\/2022\/09\/gdt_monifestat.jpg","articleSection":["Monifesta't"],"inLanguage":"en-US"},{"@type":"WebPage","@id":"https:\/\/www.esplac.cat\/es\/prepararen-monifestat-2023-primera-reunio\/","url":"https:\/\/www.esplac.cat\/es\/prepararen-monifestat-2023-primera-reunio\/","name":"Preparem la Monifesta't 2023: Primera reuni\u00f3 del Grup de Treball! - Esplac","isPartOf":{"@id":"https:\/\/www.esplac.cat\/#website"},"primaryImageOfPage":{"@id":"https:\/\/www.esplac.cat\/es\/prepararen-monifestat-2023-primera-reunio\/#primaryimage"},"image":{"@id":"https:\/\/www.esplac.cat\/es\/prepararen-monifestat-2023-primera-reunio\/#primaryimage"},"thumbnailUrl":"https:\/\/www.esplac.cat\/wp-content\/uploads\/2022\/09\/gdt_monifestat.jpg","datePublished":"2022-09-22T12:01:11+00:00","dateModified":"2022-09-22T13:34:11+00:00","breadcrumb":{"@id":"https:\/\/www.esplac.cat\/es\/prepararen-monifestat-2023-primera-reunio\/#breadcrumb"},"inLanguage":"en-US","potentialAction":[{"@type":"ReadAction","target":["https:\/\/www.esplac.cat\/es\/prepararen-monifestat-2023-primera-reunio\/"]}]},{"@type":"ImageObject","inLanguage":"en-US","@id":"https:\/\/www.esplac.cat\/es\/prepararen-monifestat-2023-primera-reunio\/#primaryimage","url":"https:\/\/www.esplac.cat\/wp-content\/uploads\/2022\/09\/gdt_monifestat.jpg","contentUrl":"https:\/\/www.esplac.cat\/wp-content\/uploads\/2022\/09\/gdt_monifestat.jpg","width":1694,"height":700},{"@type":"BreadcrumbList","@id":"https:\/\/www.esplac.cat\/es\/prepararen-monifestat-2023-primera-reunio\/#breadcrumb","itemListElement":[{"@type":"ListItem","position":1,"name":"Inici","item":"https:\/\/www.esplac.cat\/en\/"},{"@type":"ListItem","position":2,"name":"Preparem la Monifesta&#8217;t 2023: Primera reuni\u00f3 del Grup de Treball!"}]},{"@type":"WebSite","@id":"https:\/\/www.esplac.cat\/#website","url":"https:\/\/www.esplac.cat\/","name":"Esplac","description":"Esplais Catalans","publisher":{"@id":"https:\/\/www.esplac.cat\/#organization"},"potentialAction":[{"@type":"SearchAction","target":{"@type":"EntryPoint","urlTemplate":"https:\/\/www.esplac.cat\/?s={search_term_string}"},"query-input":{"@type":"PropertyValueSpecification","valueRequired":true,"valueName":"search_term_string"}}],"inLanguage":"en-US"},{"@type":"Organization","@id":"https:\/\/www.esplac.cat\/#organization","name":"Esplac","url":"https:\/\/www.esplac.cat\/","logo":{"@type":"ImageObject","inLanguage":"en-US","@id":"https:\/\/www.esplac.cat\/#\/schema\/logo\/image\/","url":"https:\/\/www.esplac.cat\/wp-content\/uploads\/2019\/08\/logox2.png","contentUrl":"https:\/\/www.esplac.cat\/wp-content\/uploads\/2019\/08\/logox2.png","width":600,"height":295,"caption":"Esplac"},"image":{"@id":"https:\/\/www.esplac.cat\/#\/schema\/logo\/image\/"}},{"@type":"Person","@id":"https:\/\/www.esplac.cat\/#\/schema\/person\/908383cf240be18b68f8855d0583faca","name":"Comunicaci\u00f3 Esplac","image":{"@type":"ImageObject","inLanguage":"en-US","@id":"https:\/\/secure.gravatar.com\/avatar\/7a4cf8feb412a76ea4a740ca02d95b06b2907b5a6c648c2dd0a1082a093c3141?s=96&d=mm&r=g","url":"https:\/\/secure.gravatar.com\/avatar\/7a4cf8feb412a76ea4a740ca02d95b06b2907b5a6c648c2dd0a1082a093c3141?s=96&d=mm&r=g","contentUrl":"https:\/\/secure.gravatar.com\/avatar\/7a4cf8feb412a76ea4a740ca02d95b06b2907b5a6c648c2dd0a1082a093c3141?s=96&d=mm&r=g","caption":"Comunicaci\u00f3 Esplac"}}]}},"_links":{"self":[{"href":"https:\/\/www.esplac.cat\/en\/wp-json\/wp\/v2\/posts\/41510","targetHints":{"allow":["GET"]}}],"collection":[{"href":"https:\/\/www.esplac.cat\/en\/wp-json\/wp\/v2\/posts"}],"about":[{"href":"https:\/\/www.esplac.cat\/en\/wp-json\/wp\/v2\/types\/post"}],"author":[{"embeddable":true,"href":"https:\/\/www.esplac.cat\/en\/wp-json\/wp\/v2\/users\/3"}],"replies":[{"embeddable":true,"href":"https:\/\/www.esplac.cat\/en\/wp-json\/wp\/v2\/comments?post=41510"}],"version-history":[{"count":0,"href":"https:\/\/www.esplac.cat\/en\/wp-json\/wp\/v2\/posts\/41510\/revisions"}],"wp:featuredmedia":[{"embeddable":true,"href":"https:\/\/www.esplac.cat\/en\/wp-json\/wp\/v2\/media\/41512"}],"wp:attachment":[{"href":"https:\/\/www.esplac.cat\/en\/wp-json\/wp\/v2\/media?parent=41510"}],"wp:term":[{"taxonomy":"category","embeddable":true,"href":"https:\/\/www.esplac.cat\/en\/wp-json\/wp\/v2\/categories?post=41510"},{"taxonomy":"post_tag","embeddable":true,"href":"https:\/\/www.esplac.cat\/en\/wp-json\/wp\/v2\/tags?post=41510"}],"curies":[{"name":"wp","href":"https:\/\/api.w.org\/{rel}","templated":true}]}}