{"id":41651,"date":"2022-10-10T10:24:25","date_gmt":"2022-10-10T08:24:25","guid":{"rendered":"https:\/\/www.esplac.cat\/?p=41651"},"modified":"2022-10-10T10:28:20","modified_gmt":"2022-10-10T08:28:20","slug":"ultims-dies-premis-jaume-ciurana-actuacio-juvenil","status":"publish","type":"post","link":"https:\/\/www.esplac.cat\/en\/ultims-dies-premis-jaume-ciurana-actuacio-juvenil\/","title":{"rendered":"\u00daltims dies per presentar-se als premis Jaume Ciurana a l&#8217;actuaci\u00f3 juvenil"},"content":{"rendered":"<h6><strong>La Direcci\u00f3 General d\u2019Acci\u00f3 C\u00edvica i Comunit\u00e0ria del Departament de Drets Socials ha obert la convocat\u00f2ria dels Premis de Civisme 2022. El teu esplai es pot emportar 3000 euros del primer premi Jaume Ciurana a l&#8217;actuaci\u00f3 juvenil!<\/strong><\/h6>\n<p>El Premi Jaume Ciurana a l&#8217;actuaci\u00f3 juvenil t\u00e9 com a destinat\u00e0ries les entitats sense \u00e0nim de lucre que estiguin fent o hagin dut a terme accions amb grups d&#8217;infants a partir de 10 anys o de joves, de manera volunt\u00e0ria i gratu\u00efta. \u00c9s per aix\u00f2 que com a esplai podeu presentar-vos i optar al Premi Jaume Ciurana en les categories seg\u00fcents:<\/p>\n<ul class=\"llista-especial\">\n<li>A favor de les persones.<\/li>\n<li>A la millora de l&#8217;entorn natural.<\/li>\n<\/ul>\n<div>Per cada una de les categories hi ha tres premis, el primer \u00e9s de 3.000\u20ac i el segon i tercer \u00e9s un gravat de reconeixement. Nom\u00e9s heu de presentar la mem\u00f2ria o el projecte pel qual voleu optar al premi.<\/div>\n<div><\/div>\n<div>El termini per presentar-se acaba el dia <b>17 d&#8217;octubre a les 14 h<\/b>. <a href=\"https:\/\/web.gencat.cat\/ca\/tramits\/tramits-temes\/Premis-Civisme?moda=2\" target=\"_blank\" rel=\"noopener noreferrer\" data-saferedirecturl=\"https:\/\/www.google.com\/url?q=https:\/\/web.gencat.cat\/ca\/tramits\/tramits-temes\/Premis-Civisme?moda%3D2&amp;source=gmail&amp;ust=1665474053371000&amp;usg=AOvVaw1qsq-5dxGgAMtpoVqW7kfl\"><span style=\"color: #ff9900;\">En aquest enlla\u00e7<\/span><\/a> hi ha tots els requisits, la documentaci\u00f3 a entregar i les bases.<\/div>\n","protected":false},"excerpt":{"rendered":"<p>La Direcci\u00f3 General d\u2019Acci\u00f3 C\u00edvica i Comunit\u00e0ria del Departament de [&hellip;]<\/p>\n","protected":false},"author":3,"featured_media":41654,"comment_status":"closed","ping_status":"closed","sticky":false,"template":"","format":"standard","meta":{"om_disable_all_campaigns":false,"_monsterinsights_skip_tracking":false,"_monsterinsights_sitenote_active":false,"_monsterinsights_sitenote_note":"","_monsterinsights_sitenote_category":0,"_uf_show_specific_survey":0,"_uf_disable_surveys":false,"footnotes":""},"categories":[1121],"tags":[],"class_list":["post-41651","post","type-post","status-publish","format-standard","has-post-thumbnail","hentry","category-bones-practiques-2"],"yoast_head":"<!-- This site is optimized with the Yoast SEO plugin v27.4 - https:\/\/yoast.com\/product\/yoast-seo-wordpress\/ -->\n<title>\u00daltims dies per presentar-se als premis Jaume Ciurana a l&#039;actuaci\u00f3 juvenil - Esplac<\/title>\n<meta name=\"robots\" content=\"index, follow, max-snippet:-1, max-image-preview:large, max-video-preview:-1\" \/>\n<link rel=\"canonical\" href=\"https:\/\/www.esplac.cat\/ultims-dies-premis-jaume-ciurana-actuacio-juvenil\/\" \/>\n<meta property=\"og:locale\" content=\"en_US\" \/>\n<meta property=\"og:type\" content=\"article\" \/>\n<meta property=\"og:title\" content=\"\u00daltims dies per presentar-se als premis Jaume Ciurana a l&#039;actuaci\u00f3 juvenil - Esplac\" \/>\n<meta property=\"og:description\" content=\"La Direcci\u00f3 General d\u2019Acci\u00f3 C\u00edvica i Comunit\u00e0ria del Departament de [&hellip;]\" \/>\n<meta property=\"og:url\" content=\"https:\/\/www.esplac.cat\/ultims-dies-premis-jaume-ciurana-actuacio-juvenil\/\" \/>\n<meta property=\"og:site_name\" content=\"Esplac\" \/>\n<meta property=\"article:published_time\" content=\"2022-10-10T08:24:25+00:00\" \/>\n<meta property=\"article:modified_time\" content=\"2022-10-10T08:28:20+00:00\" \/>\n<meta property=\"og:image\" content=\"https:\/\/www.esplac.cat\/wp-content\/uploads\/2022\/10\/premisjaumec.jpg\" \/>\n\t<meta property=\"og:image:width\" content=\"1694\" \/>\n\t<meta property=\"og:image:height\" content=\"700\" \/>\n\t<meta property=\"og:image:type\" content=\"image\/jpeg\" \/>\n<meta name=\"author\" content=\"Comunicaci\u00f3 Esplac\" \/>\n<meta name=\"twitter:card\" content=\"summary_large_image\" \/>\n<meta name=\"twitter:label1\" content=\"Written by\" \/>\n\t<meta name=\"twitter:data1\" content=\"Comunicaci\u00f3 Esplac\" \/>\n\t<meta name=\"twitter:label2\" content=\"Est. reading time\" \/>\n\t<meta name=\"twitter:data2\" content=\"1 minute\" \/>\n<script type=\"application\/ld+json\" class=\"yoast-schema-graph\">{\"@context\":\"https:\\\/\\\/schema.org\",\"@graph\":[{\"@type\":\"Article\",\"@id\":\"https:\\\/\\\/www.esplac.cat\\\/ultims-dies-premis-jaume-ciurana-actuacio-juvenil\\\/#article\",\"isPartOf\":{\"@id\":\"https:\\\/\\\/www.esplac.cat\\\/ultims-dies-premis-jaume-ciurana-actuacio-juvenil\\\/\"},\"author\":{\"name\":\"Comunicaci\u00f3 Esplac\",\"@id\":\"https:\\\/\\\/www.esplac.cat\\\/#\\\/schema\\\/person\\\/908383cf240be18b68f8855d0583faca\"},\"headline\":\"\u00daltims dies per presentar-se als premis Jaume Ciurana a l&#8217;actuaci\u00f3 juvenil\",\"datePublished\":\"2022-10-10T08:24:25+00:00\",\"dateModified\":\"2022-10-10T08:28:20+00:00\",\"mainEntityOfPage\":{\"@id\":\"https:\\\/\\\/www.esplac.cat\\\/ultims-dies-premis-jaume-ciurana-actuacio-juvenil\\\/\"},\"wordCount\":198,\"publisher\":{\"@id\":\"https:\\\/\\\/www.esplac.cat\\\/#organization\"},\"image\":{\"@id\":\"https:\\\/\\\/www.esplac.cat\\\/ultims-dies-premis-jaume-ciurana-actuacio-juvenil\\\/#primaryimage\"},\"thumbnailUrl\":\"https:\\\/\\\/www.esplac.cat\\\/wp-content\\\/uploads\\\/2022\\\/10\\\/premisjaumec.jpg\",\"articleSection\":[\"Bones pr\u00e0ctiques\"],\"inLanguage\":\"en-US\"},{\"@type\":\"WebPage\",\"@id\":\"https:\\\/\\\/www.esplac.cat\\\/ultims-dies-premis-jaume-ciurana-actuacio-juvenil\\\/\",\"url\":\"https:\\\/\\\/www.esplac.cat\\\/ultims-dies-premis-jaume-ciurana-actuacio-juvenil\\\/\",\"name\":\"\u00daltims dies per presentar-se als premis Jaume Ciurana a l'actuaci\u00f3 juvenil - Esplac\",\"isPartOf\":{\"@id\":\"https:\\\/\\\/www.esplac.cat\\\/#website\"},\"primaryImageOfPage\":{\"@id\":\"https:\\\/\\\/www.esplac.cat\\\/ultims-dies-premis-jaume-ciurana-actuacio-juvenil\\\/#primaryimage\"},\"image\":{\"@id\":\"https:\\\/\\\/www.esplac.cat\\\/ultims-dies-premis-jaume-ciurana-actuacio-juvenil\\\/#primaryimage\"},\"thumbnailUrl\":\"https:\\\/\\\/www.esplac.cat\\\/wp-content\\\/uploads\\\/2022\\\/10\\\/premisjaumec.jpg\",\"datePublished\":\"2022-10-10T08:24:25+00:00\",\"dateModified\":\"2022-10-10T08:28:20+00:00\",\"breadcrumb\":{\"@id\":\"https:\\\/\\\/www.esplac.cat\\\/ultims-dies-premis-jaume-ciurana-actuacio-juvenil\\\/#breadcrumb\"},\"inLanguage\":\"en-US\",\"potentialAction\":[{\"@type\":\"ReadAction\",\"target\":[\"https:\\\/\\\/www.esplac.cat\\\/ultims-dies-premis-jaume-ciurana-actuacio-juvenil\\\/\"]}]},{\"@type\":\"ImageObject\",\"inLanguage\":\"en-US\",\"@id\":\"https:\\\/\\\/www.esplac.cat\\\/ultims-dies-premis-jaume-ciurana-actuacio-juvenil\\\/#primaryimage\",\"url\":\"https:\\\/\\\/www.esplac.cat\\\/wp-content\\\/uploads\\\/2022\\\/10\\\/premisjaumec.jpg\",\"contentUrl\":\"https:\\\/\\\/www.esplac.cat\\\/wp-content\\\/uploads\\\/2022\\\/10\\\/premisjaumec.jpg\",\"width\":1694,\"height\":700},{\"@type\":\"BreadcrumbList\",\"@id\":\"https:\\\/\\\/www.esplac.cat\\\/ultims-dies-premis-jaume-ciurana-actuacio-juvenil\\\/#breadcrumb\",\"itemListElement\":[{\"@type\":\"ListItem\",\"position\":1,\"name\":\"Inici\",\"item\":\"https:\\\/\\\/www.esplac.cat\\\/en\\\/\"},{\"@type\":\"ListItem\",\"position\":2,\"name\":\"\u00daltims dies per presentar-se als premis Jaume Ciurana a l&#8217;actuaci\u00f3 juvenil\"}]},{\"@type\":\"WebSite\",\"@id\":\"https:\\\/\\\/www.esplac.cat\\\/#website\",\"url\":\"https:\\\/\\\/www.esplac.cat\\\/\",\"name\":\"Esplac\",\"description\":\"Esplais Catalans\",\"publisher\":{\"@id\":\"https:\\\/\\\/www.esplac.cat\\\/#organization\"},\"potentialAction\":[{\"@type\":\"SearchAction\",\"target\":{\"@type\":\"EntryPoint\",\"urlTemplate\":\"https:\\\/\\\/www.esplac.cat\\\/?s={search_term_string}\"},\"query-input\":{\"@type\":\"PropertyValueSpecification\",\"valueRequired\":true,\"valueName\":\"search_term_string\"}}],\"inLanguage\":\"en-US\"},{\"@type\":\"Organization\",\"@id\":\"https:\\\/\\\/www.esplac.cat\\\/#organization\",\"name\":\"Esplac\",\"url\":\"https:\\\/\\\/www.esplac.cat\\\/\",\"logo\":{\"@type\":\"ImageObject\",\"inLanguage\":\"en-US\",\"@id\":\"https:\\\/\\\/www.esplac.cat\\\/#\\\/schema\\\/logo\\\/image\\\/\",\"url\":\"https:\\\/\\\/www.esplac.cat\\\/wp-content\\\/uploads\\\/2019\\\/08\\\/logox2.png\",\"contentUrl\":\"https:\\\/\\\/www.esplac.cat\\\/wp-content\\\/uploads\\\/2019\\\/08\\\/logox2.png\",\"width\":600,\"height\":295,\"caption\":\"Esplac\"},\"image\":{\"@id\":\"https:\\\/\\\/www.esplac.cat\\\/#\\\/schema\\\/logo\\\/image\\\/\"}},{\"@type\":\"Person\",\"@id\":\"https:\\\/\\\/www.esplac.cat\\\/#\\\/schema\\\/person\\\/908383cf240be18b68f8855d0583faca\",\"name\":\"Comunicaci\u00f3 Esplac\",\"image\":{\"@type\":\"ImageObject\",\"inLanguage\":\"en-US\",\"@id\":\"https:\\\/\\\/secure.gravatar.com\\\/avatar\\\/7a4cf8feb412a76ea4a740ca02d95b06b2907b5a6c648c2dd0a1082a093c3141?s=96&d=mm&r=g\",\"url\":\"https:\\\/\\\/secure.gravatar.com\\\/avatar\\\/7a4cf8feb412a76ea4a740ca02d95b06b2907b5a6c648c2dd0a1082a093c3141?s=96&d=mm&r=g\",\"contentUrl\":\"https:\\\/\\\/secure.gravatar.com\\\/avatar\\\/7a4cf8feb412a76ea4a740ca02d95b06b2907b5a6c648c2dd0a1082a093c3141?s=96&d=mm&r=g\",\"caption\":\"Comunicaci\u00f3 Esplac\"}}]}<\/script>\n<!-- \/ Yoast SEO plugin. -->","yoast_head_json":{"title":"\u00daltims dies per presentar-se als premis Jaume Ciurana a l'actuaci\u00f3 juvenil - Esplac","robots":{"index":"index","follow":"follow","max-snippet":"max-snippet:-1","max-image-preview":"max-image-preview:large","max-video-preview":"max-video-preview:-1"},"canonical":"https:\/\/www.esplac.cat\/ultims-dies-premis-jaume-ciurana-actuacio-juvenil\/","og_locale":"en_US","og_type":"article","og_title":"\u00daltims dies per presentar-se als premis Jaume Ciurana a l'actuaci\u00f3 juvenil - Esplac","og_description":"La Direcci\u00f3 General d\u2019Acci\u00f3 C\u00edvica i Comunit\u00e0ria del Departament de [&hellip;]","og_url":"https:\/\/www.esplac.cat\/ultims-dies-premis-jaume-ciurana-actuacio-juvenil\/","og_site_name":"Esplac","article_published_time":"2022-10-10T08:24:25+00:00","article_modified_time":"2022-10-10T08:28:20+00:00","og_image":[{"width":1694,"height":700,"url":"https:\/\/www.esplac.cat\/wp-content\/uploads\/2022\/10\/premisjaumec.jpg","type":"image\/jpeg"}],"author":"Comunicaci\u00f3 Esplac","twitter_card":"summary_large_image","twitter_misc":{"Written by":"Comunicaci\u00f3 Esplac","Est. reading time":"1 minute"},"schema":{"@context":"https:\/\/schema.org","@graph":[{"@type":"Article","@id":"https:\/\/www.esplac.cat\/ultims-dies-premis-jaume-ciurana-actuacio-juvenil\/#article","isPartOf":{"@id":"https:\/\/www.esplac.cat\/ultims-dies-premis-jaume-ciurana-actuacio-juvenil\/"},"author":{"name":"Comunicaci\u00f3 Esplac","@id":"https:\/\/www.esplac.cat\/#\/schema\/person\/908383cf240be18b68f8855d0583faca"},"headline":"\u00daltims dies per presentar-se als premis Jaume Ciurana a l&#8217;actuaci\u00f3 juvenil","datePublished":"2022-10-10T08:24:25+00:00","dateModified":"2022-10-10T08:28:20+00:00","mainEntityOfPage":{"@id":"https:\/\/www.esplac.cat\/ultims-dies-premis-jaume-ciurana-actuacio-juvenil\/"},"wordCount":198,"publisher":{"@id":"https:\/\/www.esplac.cat\/#organization"},"image":{"@id":"https:\/\/www.esplac.cat\/ultims-dies-premis-jaume-ciurana-actuacio-juvenil\/#primaryimage"},"thumbnailUrl":"https:\/\/www.esplac.cat\/wp-content\/uploads\/2022\/10\/premisjaumec.jpg","articleSection":["Bones pr\u00e0ctiques"],"inLanguage":"en-US"},{"@type":"WebPage","@id":"https:\/\/www.esplac.cat\/ultims-dies-premis-jaume-ciurana-actuacio-juvenil\/","url":"https:\/\/www.esplac.cat\/ultims-dies-premis-jaume-ciurana-actuacio-juvenil\/","name":"\u00daltims dies per presentar-se als premis Jaume Ciurana a l'actuaci\u00f3 juvenil - Esplac","isPartOf":{"@id":"https:\/\/www.esplac.cat\/#website"},"primaryImageOfPage":{"@id":"https:\/\/www.esplac.cat\/ultims-dies-premis-jaume-ciurana-actuacio-juvenil\/#primaryimage"},"image":{"@id":"https:\/\/www.esplac.cat\/ultims-dies-premis-jaume-ciurana-actuacio-juvenil\/#primaryimage"},"thumbnailUrl":"https:\/\/www.esplac.cat\/wp-content\/uploads\/2022\/10\/premisjaumec.jpg","datePublished":"2022-10-10T08:24:25+00:00","dateModified":"2022-10-10T08:28:20+00:00","breadcrumb":{"@id":"https:\/\/www.esplac.cat\/ultims-dies-premis-jaume-ciurana-actuacio-juvenil\/#breadcrumb"},"inLanguage":"en-US","potentialAction":[{"@type":"ReadAction","target":["https:\/\/www.esplac.cat\/ultims-dies-premis-jaume-ciurana-actuacio-juvenil\/"]}]},{"@type":"ImageObject","inLanguage":"en-US","@id":"https:\/\/www.esplac.cat\/ultims-dies-premis-jaume-ciurana-actuacio-juvenil\/#primaryimage","url":"https:\/\/www.esplac.cat\/wp-content\/uploads\/2022\/10\/premisjaumec.jpg","contentUrl":"https:\/\/www.esplac.cat\/wp-content\/uploads\/2022\/10\/premisjaumec.jpg","width":1694,"height":700},{"@type":"BreadcrumbList","@id":"https:\/\/www.esplac.cat\/ultims-dies-premis-jaume-ciurana-actuacio-juvenil\/#breadcrumb","itemListElement":[{"@type":"ListItem","position":1,"name":"Inici","item":"https:\/\/www.esplac.cat\/en\/"},{"@type":"ListItem","position":2,"name":"\u00daltims dies per presentar-se als premis Jaume Ciurana a l&#8217;actuaci\u00f3 juvenil"}]},{"@type":"WebSite","@id":"https:\/\/www.esplac.cat\/#website","url":"https:\/\/www.esplac.cat\/","name":"Esplac","description":"Esplais Catalans","publisher":{"@id":"https:\/\/www.esplac.cat\/#organization"},"potentialAction":[{"@type":"SearchAction","target":{"@type":"EntryPoint","urlTemplate":"https:\/\/www.esplac.cat\/?s={search_term_string}"},"query-input":{"@type":"PropertyValueSpecification","valueRequired":true,"valueName":"search_term_string"}}],"inLanguage":"en-US"},{"@type":"Organization","@id":"https:\/\/www.esplac.cat\/#organization","name":"Esplac","url":"https:\/\/www.esplac.cat\/","logo":{"@type":"ImageObject","inLanguage":"en-US","@id":"https:\/\/www.esplac.cat\/#\/schema\/logo\/image\/","url":"https:\/\/www.esplac.cat\/wp-content\/uploads\/2019\/08\/logox2.png","contentUrl":"https:\/\/www.esplac.cat\/wp-content\/uploads\/2019\/08\/logox2.png","width":600,"height":295,"caption":"Esplac"},"image":{"@id":"https:\/\/www.esplac.cat\/#\/schema\/logo\/image\/"}},{"@type":"Person","@id":"https:\/\/www.esplac.cat\/#\/schema\/person\/908383cf240be18b68f8855d0583faca","name":"Comunicaci\u00f3 Esplac","image":{"@type":"ImageObject","inLanguage":"en-US","@id":"https:\/\/secure.gravatar.com\/avatar\/7a4cf8feb412a76ea4a740ca02d95b06b2907b5a6c648c2dd0a1082a093c3141?s=96&d=mm&r=g","url":"https:\/\/secure.gravatar.com\/avatar\/7a4cf8feb412a76ea4a740ca02d95b06b2907b5a6c648c2dd0a1082a093c3141?s=96&d=mm&r=g","contentUrl":"https:\/\/secure.gravatar.com\/avatar\/7a4cf8feb412a76ea4a740ca02d95b06b2907b5a6c648c2dd0a1082a093c3141?s=96&d=mm&r=g","caption":"Comunicaci\u00f3 Esplac"}}]}},"_links":{"self":[{"href":"https:\/\/www.esplac.cat\/en\/wp-json\/wp\/v2\/posts\/41651","targetHints":{"allow":["GET"]}}],"collection":[{"href":"https:\/\/www.esplac.cat\/en\/wp-json\/wp\/v2\/posts"}],"about":[{"href":"https:\/\/www.esplac.cat\/en\/wp-json\/wp\/v2\/types\/post"}],"author":[{"embeddable":true,"href":"https:\/\/www.esplac.cat\/en\/wp-json\/wp\/v2\/users\/3"}],"replies":[{"embeddable":true,"href":"https:\/\/www.esplac.cat\/en\/wp-json\/wp\/v2\/comments?post=41651"}],"version-history":[{"count":0,"href":"https:\/\/www.esplac.cat\/en\/wp-json\/wp\/v2\/posts\/41651\/revisions"}],"wp:featuredmedia":[{"embeddable":true,"href":"https:\/\/www.esplac.cat\/en\/wp-json\/wp\/v2\/media\/41654"}],"wp:attachment":[{"href":"https:\/\/www.esplac.cat\/en\/wp-json\/wp\/v2\/media?parent=41651"}],"wp:term":[{"taxonomy":"category","embeddable":true,"href":"https:\/\/www.esplac.cat\/en\/wp-json\/wp\/v2\/categories?post=41651"},{"taxonomy":"post_tag","embeddable":true,"href":"https:\/\/www.esplac.cat\/en\/wp-json\/wp\/v2\/tags?post=41651"}],"curies":[{"name":"wp","href":"https:\/\/api.w.org\/{rel}","templated":true}]}}