{"id":41664,"date":"2022-10-10T12:32:25","date_gmt":"2022-10-10T10:32:25","guid":{"rendered":"https:\/\/www.esplac.cat\/?p=41664"},"modified":"2022-10-25T13:28:10","modified_gmt":"2022-10-25T11:28:10","slug":"convocatoria-gerencia-esplais-catalans","status":"publish","type":"post","link":"https:\/\/www.esplac.cat\/en\/convocatoria-gerencia-esplais-catalans\/","title":{"rendered":"Obrim convocat\u00f2ria per cobrir la pla\u00e7a de Ger\u00e8ncia d\u2019Esplais Catalans"},"content":{"rendered":"<h6><strong>Busquem una persona per cobrir la pla\u00e7a de Ger\u00e8ncia d&#8217;Esplais Catalans. El termini de presentaci\u00f3 finalitza el dia 3 de novembre de 2022.<\/strong><\/h6>\n<p><span style=\"font-weight: 300;\">Des d&#8217;Esplac hem obert un termini per a la presentaci\u00f3 de curr\u00edculums amb l\u2019objectiu de cobrir la pla\u00e7a de Ger\u00e8ncia. <\/span><span style=\"font-weight: 300;\">El termini finalitza el dia <\/span><b>3 de novembre. <\/b>Podeu fer-nos arribar e<span style=\"font-weight: 300;\">ls curr\u00edculums i les cartes de motivaci\u00f3 mitjan\u00e7ant<strong> <span style=\"color: #ff9900;\"><a style=\"color: #ff9900;\" href=\"https:\/\/infoesplac.typeform.com\/to\/CSoDJeNH\" target=\"_blank\" rel=\"noopener noreferrer\">aquest formulari.<\/a><\/span>\u00a0<\/strong><\/span><\/p>\n<p><b>Funcions del lloc de treball de ger\u00e8ncia:<\/b><\/p>\n<ul>\n<li style=\"font-weight: 300;\" aria-level=\"1\"><b>Responsable de la gesti\u00f3 econ\u00f2mica<\/b><span style=\"font-weight: 300;\">: Planificaci\u00f3 i seguiment pressupostari de l\u2019Entitat, an\u00e0lisi dels estats comptables, financers i de liquiditat. Coordinaci\u00f3 de la gesti\u00f3 de subvencions, convenis i altres fons de finan\u00e7ament. Elaboraci\u00f3 de la documentaci\u00f3 econ\u00f2mica de l\u2019entitat i facilitar la presa de decisions en l\u2019\u00e0rea econ\u00f2mica.<\/span><\/li>\n<li style=\"font-weight: 300;\" aria-level=\"1\"><b>Lideratge i gesti\u00f3 d\u2019equips<\/b><span style=\"font-weight: 300;\">: Seguiment continuat del personal. Planificaci\u00f3 i coordinaci\u00f3 del treball de la Secretaria t\u00e8cnica, establiment d\u2019objectius i definici\u00f3 de la metodologia de treball i les formacions. Avaluaci\u00f3 del rendiment\/resultats del personal i promoci\u00f3 del treball en equip. Lideratge i gesti\u00f3 de la Secretaria t\u00e8cnica.\u00a0<\/span><\/li>\n<li style=\"font-weight: 300;\" aria-level=\"1\"><b>Lideratge t\u00e8cnic dels projectes i subvencions<\/b><span style=\"font-weight: 300;\">: Seguiment i avaluaci\u00f3 continuada dels Caps d\u2019\u00e0rea (Cap de Projectes i Cap de Comunicaci\u00f3) en relaci\u00f3 als projectes del pla de treball anual. Planificaci\u00f3 estrat\u00e8gica en concordan\u00e7a amb la missi\u00f3 i la visi\u00f3 de l\u2019entitat. Reunions de treball i coordinaci\u00f3 d\u2019equips. Supervisi\u00f3 i redacci\u00f3 del pla de treball, projectes, mem\u00f2ries i pressupostos. Relaci\u00f3 i interlocuci\u00f3 amb les administracions locals, auton\u00f2miques i estatals.<\/span><\/li>\n<li style=\"font-weight: 300;\" aria-level=\"1\"><b>Suport t\u00e8cnic a la tasca de la Junta de l\u2019entitat<\/b><span style=\"font-weight: 300;\">: Preparaci\u00f3 de documentaci\u00f3, informes, assessoraments, escenaris per a facilitar la presa de decisions. Execuci\u00f3 i seguiment d\u2019acords presos. Execuci\u00f3 delegada del pla de treball anual per adaptar l\u2019organitzaci\u00f3 t\u00e8cnica a les accions que se\u2019n deriven. I representaci\u00f3 delegada de l\u2019associaci\u00f3 quan s\u2019escau.<\/span><\/li>\n<\/ul>\n<p><b>Es demana:<\/b><\/p>\n<ul>\n<li style=\"font-weight: 300;\" aria-level=\"1\"><span style=\"font-weight: 300;\">Formaci\u00f3 reglada d\u2019estudis superiors en Ci\u00e8ncies empresarials, Administraci\u00f3 i Direcci\u00f3 d\u2019Empreses o similar. Tamb\u00e9 es valorar\u00e0 experi\u00e8ncia assimilable.<\/span><\/li>\n<li style=\"font-weight: 300;\" aria-level=\"1\"><span style=\"font-weight: 300;\">Experi\u00e8ncia en les funcions descrites.<\/span><\/li>\n<li style=\"font-weight: 300;\" aria-level=\"1\"><span style=\"font-weight: 300;\">Tenir menys de 35 anys.<\/span><\/li>\n<li style=\"font-weight: 300;\" aria-level=\"1\"><span style=\"font-weight: 300;\">Nivell alt de catal\u00e0 i castell\u00e0.<\/span><\/li>\n<li style=\"font-weight: 300;\" aria-level=\"1\"><span style=\"font-weight: 300;\">Bones habilitats comunicatives i compet\u00e8ncia escrita: redacci\u00f3 de correus, mem\u00f2ries, informes i altra documentaci\u00f3. Comunicaci\u00f3 clara i assertiva.<\/span><\/li>\n<li style=\"font-weight: 300;\" aria-level=\"1\"><span style=\"font-weight: 300;\">Alt domini del paquet office, correu electr\u00f2nic, Google Apps.<\/span><\/li>\n<li style=\"font-weight: 300;\" aria-level=\"1\"><span style=\"font-weight: 300;\">Alta capacitat d\u2019organitzaci\u00f3, gesti\u00f3 del temps, treball en equip, autonomia personal, flexibilitat i adaptabilitat.<\/span><\/li>\n<li style=\"font-weight: 300;\" aria-level=\"1\"><span style=\"font-weight: 300;\">Capacitat de lideratge i gesti\u00f3 d\u2019equips.<\/span><\/li>\n<li style=\"font-weight: 300;\" aria-level=\"1\"><span style=\"font-weight: 300;\">Coneixement i experi\u00e8ncia en l\u2019\u00e0mbit de l\u2019associacionisme i es valorar\u00e0 que sigui en l\u2019\u00e0mbit educatiu i els esplais.<\/span><\/li>\n<li style=\"font-weight: 300;\" aria-level=\"1\"><span style=\"font-weight: 300;\">Comprom\u00eds amb els valors d\u2019Esplais Catalans<\/span><\/li>\n<\/ul>\n<p><b>Es valorar\u00e0:<\/b><\/p>\n<ul>\n<li style=\"font-weight: 300;\" aria-level=\"1\"><span style=\"font-weight: 300;\">Coneixement de treball per projectes.<\/span><\/li>\n<li style=\"font-weight: 300;\" aria-level=\"1\"><span style=\"font-weight: 300;\">Titulaci\u00f3 espec\u00edfica (m\u00e0sters o postgraus en gesti\u00f3 econ\u00f2mica, empresarial, gesti\u00f3 d\u2019equips\u2026)<\/span><\/li>\n<li style=\"font-weight: 300;\" aria-level=\"1\"><span style=\"font-weight: 300;\">Facilitat per con\u00e8ixer noves eines de treball.<\/span><\/li>\n<li style=\"font-weight: 300;\" aria-level=\"1\"><span style=\"font-weight: 300;\">Coneixements d\u2019altres idiomes.<\/span><\/li>\n<li style=\"font-weight: 300;\" aria-level=\"1\"><span style=\"font-weight: 300;\">Flexibilitat i capacitat d\u2019adaptaci\u00f3.<\/span><\/li>\n<li style=\"font-weight: 300;\" aria-level=\"1\"><span style=\"font-weight: 300;\">Carnet de conduir i vehicle disponible.<\/span><\/li>\n<\/ul>\n<p><b>Condicions laborals:<\/b><\/p>\n<ul>\n<li style=\"font-weight: 300;\" aria-level=\"1\"><span style=\"font-weight: 300;\">Contracte indefinit de 37,5 hores setmanals.<\/span><\/li>\n<li style=\"font-weight: 300;\" aria-level=\"1\"><span style=\"font-weight: 300;\">Sou segons l\u2019escala salarial de l\u2019entitat i 6 mesos de prova (Sou brut: 31.000 \u20ac\/any)<\/span><\/li>\n<li style=\"font-weight: 300;\" aria-level=\"1\"><span style=\"font-weight: 300;\">Incorporaci\u00f3 finals de novembre.<\/span><\/li>\n<li style=\"font-weight: 300;\" aria-level=\"1\"><span style=\"font-weight: 300;\">Lloc de treball habitual: Barcelona.<\/span><\/li>\n<\/ul>\n<p>Teniu tamb\u00e9 la convocat\u00f2ria <span style=\"color: #ff9900;\"><a style=\"color: #ff9900;\" href=\"https:\/\/infoesplac.typeform.com\/to\/CSoDJeNH\" target=\"_blank\" rel=\"noopener noreferrer\">en format pdf.<\/a><\/span><\/p>\n","protected":false},"excerpt":{"rendered":"<p>Busquem una persona per cobrir la pla\u00e7a de Ger\u00e8ncia d&#8217;Esplais [&hellip;]<\/p>\n","protected":false},"author":3,"featured_media":41665,"comment_status":"closed","ping_status":"closed","sticky":false,"template":"","format":"standard","meta":{"om_disable_all_campaigns":false,"_monsterinsights_skip_tracking":false,"_monsterinsights_sitenote_active":false,"_monsterinsights_sitenote_note":"","_monsterinsights_sitenote_category":0,"_uf_show_specific_survey":0,"_uf_disable_surveys":false,"footnotes":""},"categories":[1116],"tags":[],"class_list":["post-41664","post","type-post","status-publish","format-standard","has-post-thumbnail","hentry","category-secretaria-esplac"],"yoast_head":"<!-- This site is optimized with the Yoast SEO plugin v27.4 - https:\/\/yoast.com\/product\/yoast-seo-wordpress\/ -->\n<title>Obrim convocat\u00f2ria per cobrir la pla\u00e7a de Ger\u00e8ncia d\u2019Esplais Catalans<\/title>\n<meta name=\"description\" content=\"Busquem una persona per cobrir la pla\u00e7a de Ger\u00e8ncia d&#039;Esplais Catalans. El termini de presentaci\u00f3 finalitza el dia 3 de novembre de 2022.\" \/>\n<meta name=\"robots\" content=\"index, follow, max-snippet:-1, max-image-preview:large, max-video-preview:-1\" \/>\n<link rel=\"canonical\" href=\"https:\/\/www.esplac.cat\/es\/convocatoria-gerencia-esplais-catalans\/\" \/>\n<meta property=\"og:locale\" content=\"en_US\" \/>\n<meta property=\"og:type\" content=\"article\" \/>\n<meta property=\"og:title\" content=\"Obrim convocat\u00f2ria per cobrir la pla\u00e7a de Ger\u00e8ncia d\u2019Esplais Catalans\" \/>\n<meta property=\"og:description\" content=\"Busquem una persona per cobrir la pla\u00e7a de Ger\u00e8ncia d&#039;Esplais Catalans. El termini de presentaci\u00f3 finalitza el dia 3 de novembre de 2022.\" \/>\n<meta property=\"og:url\" content=\"https:\/\/www.esplac.cat\/es\/convocatoria-gerencia-esplais-catalans\/\" \/>\n<meta property=\"og:site_name\" content=\"Esplac\" \/>\n<meta property=\"article:published_time\" content=\"2022-10-10T10:32:25+00:00\" \/>\n<meta property=\"article:modified_time\" content=\"2022-10-25T11:28:10+00:00\" \/>\n<meta property=\"og:image\" content=\"https:\/\/www.esplac.cat\/wp-content\/uploads\/2022\/10\/oferta_gerencia.jpg\" \/>\n\t<meta property=\"og:image:width\" content=\"1694\" \/>\n\t<meta property=\"og:image:height\" content=\"700\" \/>\n\t<meta property=\"og:image:type\" content=\"image\/jpeg\" \/>\n<meta name=\"author\" content=\"Comunicaci\u00f3 Esplac\" \/>\n<meta name=\"twitter:card\" content=\"summary_large_image\" \/>\n<meta name=\"twitter:label1\" content=\"Written by\" \/>\n\t<meta name=\"twitter:data1\" content=\"Comunicaci\u00f3 Esplac\" \/>\n\t<meta name=\"twitter:label2\" content=\"Est. reading time\" \/>\n\t<meta name=\"twitter:data2\" content=\"3 minutes\" \/>\n<script type=\"application\/ld+json\" class=\"yoast-schema-graph\">{\"@context\":\"https:\\\/\\\/schema.org\",\"@graph\":[{\"@type\":\"Article\",\"@id\":\"https:\\\/\\\/www.esplac.cat\\\/es\\\/convocatoria-gerencia-esplais-catalans\\\/#article\",\"isPartOf\":{\"@id\":\"https:\\\/\\\/www.esplac.cat\\\/es\\\/convocatoria-gerencia-esplais-catalans\\\/\"},\"author\":{\"name\":\"Comunicaci\u00f3 Esplac\",\"@id\":\"https:\\\/\\\/www.esplac.cat\\\/#\\\/schema\\\/person\\\/908383cf240be18b68f8855d0583faca\"},\"headline\":\"Obrim convocat\u00f2ria per cobrir la pla\u00e7a de Ger\u00e8ncia d\u2019Esplais Catalans\",\"datePublished\":\"2022-10-10T10:32:25+00:00\",\"dateModified\":\"2022-10-25T11:28:10+00:00\",\"mainEntityOfPage\":{\"@id\":\"https:\\\/\\\/www.esplac.cat\\\/es\\\/convocatoria-gerencia-esplais-catalans\\\/\"},\"wordCount\":542,\"publisher\":{\"@id\":\"https:\\\/\\\/www.esplac.cat\\\/#organization\"},\"image\":{\"@id\":\"https:\\\/\\\/www.esplac.cat\\\/es\\\/convocatoria-gerencia-esplais-catalans\\\/#primaryimage\"},\"thumbnailUrl\":\"https:\\\/\\\/www.esplac.cat\\\/wp-content\\\/uploads\\\/2022\\\/10\\\/oferta_gerencia.jpg\",\"articleSection\":[\"Secretaria T\u00e8cnica\"],\"inLanguage\":\"en-US\"},{\"@type\":\"WebPage\",\"@id\":\"https:\\\/\\\/www.esplac.cat\\\/es\\\/convocatoria-gerencia-esplais-catalans\\\/\",\"url\":\"https:\\\/\\\/www.esplac.cat\\\/es\\\/convocatoria-gerencia-esplais-catalans\\\/\",\"name\":\"Obrim convocat\u00f2ria per cobrir la pla\u00e7a de Ger\u00e8ncia d\u2019Esplais Catalans\",\"isPartOf\":{\"@id\":\"https:\\\/\\\/www.esplac.cat\\\/#website\"},\"primaryImageOfPage\":{\"@id\":\"https:\\\/\\\/www.esplac.cat\\\/es\\\/convocatoria-gerencia-esplais-catalans\\\/#primaryimage\"},\"image\":{\"@id\":\"https:\\\/\\\/www.esplac.cat\\\/es\\\/convocatoria-gerencia-esplais-catalans\\\/#primaryimage\"},\"thumbnailUrl\":\"https:\\\/\\\/www.esplac.cat\\\/wp-content\\\/uploads\\\/2022\\\/10\\\/oferta_gerencia.jpg\",\"datePublished\":\"2022-10-10T10:32:25+00:00\",\"dateModified\":\"2022-10-25T11:28:10+00:00\",\"description\":\"Busquem una persona per cobrir la pla\u00e7a de Ger\u00e8ncia d'Esplais Catalans. El termini de presentaci\u00f3 finalitza el dia 3 de novembre de 2022.\",\"breadcrumb\":{\"@id\":\"https:\\\/\\\/www.esplac.cat\\\/es\\\/convocatoria-gerencia-esplais-catalans\\\/#breadcrumb\"},\"inLanguage\":\"en-US\",\"potentialAction\":[{\"@type\":\"ReadAction\",\"target\":[\"https:\\\/\\\/www.esplac.cat\\\/es\\\/convocatoria-gerencia-esplais-catalans\\\/\"]}]},{\"@type\":\"ImageObject\",\"inLanguage\":\"en-US\",\"@id\":\"https:\\\/\\\/www.esplac.cat\\\/es\\\/convocatoria-gerencia-esplais-catalans\\\/#primaryimage\",\"url\":\"https:\\\/\\\/www.esplac.cat\\\/wp-content\\\/uploads\\\/2022\\\/10\\\/oferta_gerencia.jpg\",\"contentUrl\":\"https:\\\/\\\/www.esplac.cat\\\/wp-content\\\/uploads\\\/2022\\\/10\\\/oferta_gerencia.jpg\",\"width\":1694,\"height\":700},{\"@type\":\"BreadcrumbList\",\"@id\":\"https:\\\/\\\/www.esplac.cat\\\/es\\\/convocatoria-gerencia-esplais-catalans\\\/#breadcrumb\",\"itemListElement\":[{\"@type\":\"ListItem\",\"position\":1,\"name\":\"Inici\",\"item\":\"https:\\\/\\\/www.esplac.cat\\\/en\\\/\"},{\"@type\":\"ListItem\",\"position\":2,\"name\":\"Obrim convocat\u00f2ria per cobrir la pla\u00e7a de Ger\u00e8ncia d\u2019Esplais Catalans\"}]},{\"@type\":\"WebSite\",\"@id\":\"https:\\\/\\\/www.esplac.cat\\\/#website\",\"url\":\"https:\\\/\\\/www.esplac.cat\\\/\",\"name\":\"Esplac\",\"description\":\"Esplais Catalans\",\"publisher\":{\"@id\":\"https:\\\/\\\/www.esplac.cat\\\/#organization\"},\"potentialAction\":[{\"@type\":\"SearchAction\",\"target\":{\"@type\":\"EntryPoint\",\"urlTemplate\":\"https:\\\/\\\/www.esplac.cat\\\/?s={search_term_string}\"},\"query-input\":{\"@type\":\"PropertyValueSpecification\",\"valueRequired\":true,\"valueName\":\"search_term_string\"}}],\"inLanguage\":\"en-US\"},{\"@type\":\"Organization\",\"@id\":\"https:\\\/\\\/www.esplac.cat\\\/#organization\",\"name\":\"Esplac\",\"url\":\"https:\\\/\\\/www.esplac.cat\\\/\",\"logo\":{\"@type\":\"ImageObject\",\"inLanguage\":\"en-US\",\"@id\":\"https:\\\/\\\/www.esplac.cat\\\/#\\\/schema\\\/logo\\\/image\\\/\",\"url\":\"https:\\\/\\\/www.esplac.cat\\\/wp-content\\\/uploads\\\/2019\\\/08\\\/logox2.png\",\"contentUrl\":\"https:\\\/\\\/www.esplac.cat\\\/wp-content\\\/uploads\\\/2019\\\/08\\\/logox2.png\",\"width\":600,\"height\":295,\"caption\":\"Esplac\"},\"image\":{\"@id\":\"https:\\\/\\\/www.esplac.cat\\\/#\\\/schema\\\/logo\\\/image\\\/\"}},{\"@type\":\"Person\",\"@id\":\"https:\\\/\\\/www.esplac.cat\\\/#\\\/schema\\\/person\\\/908383cf240be18b68f8855d0583faca\",\"name\":\"Comunicaci\u00f3 Esplac\",\"image\":{\"@type\":\"ImageObject\",\"inLanguage\":\"en-US\",\"@id\":\"https:\\\/\\\/secure.gravatar.com\\\/avatar\\\/7a4cf8feb412a76ea4a740ca02d95b06b2907b5a6c648c2dd0a1082a093c3141?s=96&d=mm&r=g\",\"url\":\"https:\\\/\\\/secure.gravatar.com\\\/avatar\\\/7a4cf8feb412a76ea4a740ca02d95b06b2907b5a6c648c2dd0a1082a093c3141?s=96&d=mm&r=g\",\"contentUrl\":\"https:\\\/\\\/secure.gravatar.com\\\/avatar\\\/7a4cf8feb412a76ea4a740ca02d95b06b2907b5a6c648c2dd0a1082a093c3141?s=96&d=mm&r=g\",\"caption\":\"Comunicaci\u00f3 Esplac\"}}]}<\/script>\n<!-- \/ Yoast SEO plugin. -->","yoast_head_json":{"title":"Obrim convocat\u00f2ria per cobrir la pla\u00e7a de Ger\u00e8ncia d\u2019Esplais Catalans","description":"Busquem una persona per cobrir la pla\u00e7a de Ger\u00e8ncia d'Esplais Catalans. El termini de presentaci\u00f3 finalitza el dia 3 de novembre de 2022.","robots":{"index":"index","follow":"follow","max-snippet":"max-snippet:-1","max-image-preview":"max-image-preview:large","max-video-preview":"max-video-preview:-1"},"canonical":"https:\/\/www.esplac.cat\/es\/convocatoria-gerencia-esplais-catalans\/","og_locale":"en_US","og_type":"article","og_title":"Obrim convocat\u00f2ria per cobrir la pla\u00e7a de Ger\u00e8ncia d\u2019Esplais Catalans","og_description":"Busquem una persona per cobrir la pla\u00e7a de Ger\u00e8ncia d'Esplais Catalans. El termini de presentaci\u00f3 finalitza el dia 3 de novembre de 2022.","og_url":"https:\/\/www.esplac.cat\/es\/convocatoria-gerencia-esplais-catalans\/","og_site_name":"Esplac","article_published_time":"2022-10-10T10:32:25+00:00","article_modified_time":"2022-10-25T11:28:10+00:00","og_image":[{"width":1694,"height":700,"url":"https:\/\/www.esplac.cat\/wp-content\/uploads\/2022\/10\/oferta_gerencia.jpg","type":"image\/jpeg"}],"author":"Comunicaci\u00f3 Esplac","twitter_card":"summary_large_image","twitter_misc":{"Written by":"Comunicaci\u00f3 Esplac","Est. reading time":"3 minutes"},"schema":{"@context":"https:\/\/schema.org","@graph":[{"@type":"Article","@id":"https:\/\/www.esplac.cat\/es\/convocatoria-gerencia-esplais-catalans\/#article","isPartOf":{"@id":"https:\/\/www.esplac.cat\/es\/convocatoria-gerencia-esplais-catalans\/"},"author":{"name":"Comunicaci\u00f3 Esplac","@id":"https:\/\/www.esplac.cat\/#\/schema\/person\/908383cf240be18b68f8855d0583faca"},"headline":"Obrim convocat\u00f2ria per cobrir la pla\u00e7a de Ger\u00e8ncia d\u2019Esplais Catalans","datePublished":"2022-10-10T10:32:25+00:00","dateModified":"2022-10-25T11:28:10+00:00","mainEntityOfPage":{"@id":"https:\/\/www.esplac.cat\/es\/convocatoria-gerencia-esplais-catalans\/"},"wordCount":542,"publisher":{"@id":"https:\/\/www.esplac.cat\/#organization"},"image":{"@id":"https:\/\/www.esplac.cat\/es\/convocatoria-gerencia-esplais-catalans\/#primaryimage"},"thumbnailUrl":"https:\/\/www.esplac.cat\/wp-content\/uploads\/2022\/10\/oferta_gerencia.jpg","articleSection":["Secretaria T\u00e8cnica"],"inLanguage":"en-US"},{"@type":"WebPage","@id":"https:\/\/www.esplac.cat\/es\/convocatoria-gerencia-esplais-catalans\/","url":"https:\/\/www.esplac.cat\/es\/convocatoria-gerencia-esplais-catalans\/","name":"Obrim convocat\u00f2ria per cobrir la pla\u00e7a de Ger\u00e8ncia d\u2019Esplais Catalans","isPartOf":{"@id":"https:\/\/www.esplac.cat\/#website"},"primaryImageOfPage":{"@id":"https:\/\/www.esplac.cat\/es\/convocatoria-gerencia-esplais-catalans\/#primaryimage"},"image":{"@id":"https:\/\/www.esplac.cat\/es\/convocatoria-gerencia-esplais-catalans\/#primaryimage"},"thumbnailUrl":"https:\/\/www.esplac.cat\/wp-content\/uploads\/2022\/10\/oferta_gerencia.jpg","datePublished":"2022-10-10T10:32:25+00:00","dateModified":"2022-10-25T11:28:10+00:00","description":"Busquem una persona per cobrir la pla\u00e7a de Ger\u00e8ncia d'Esplais Catalans. El termini de presentaci\u00f3 finalitza el dia 3 de novembre de 2022.","breadcrumb":{"@id":"https:\/\/www.esplac.cat\/es\/convocatoria-gerencia-esplais-catalans\/#breadcrumb"},"inLanguage":"en-US","potentialAction":[{"@type":"ReadAction","target":["https:\/\/www.esplac.cat\/es\/convocatoria-gerencia-esplais-catalans\/"]}]},{"@type":"ImageObject","inLanguage":"en-US","@id":"https:\/\/www.esplac.cat\/es\/convocatoria-gerencia-esplais-catalans\/#primaryimage","url":"https:\/\/www.esplac.cat\/wp-content\/uploads\/2022\/10\/oferta_gerencia.jpg","contentUrl":"https:\/\/www.esplac.cat\/wp-content\/uploads\/2022\/10\/oferta_gerencia.jpg","width":1694,"height":700},{"@type":"BreadcrumbList","@id":"https:\/\/www.esplac.cat\/es\/convocatoria-gerencia-esplais-catalans\/#breadcrumb","itemListElement":[{"@type":"ListItem","position":1,"name":"Inici","item":"https:\/\/www.esplac.cat\/en\/"},{"@type":"ListItem","position":2,"name":"Obrim convocat\u00f2ria per cobrir la pla\u00e7a de Ger\u00e8ncia d\u2019Esplais Catalans"}]},{"@type":"WebSite","@id":"https:\/\/www.esplac.cat\/#website","url":"https:\/\/www.esplac.cat\/","name":"Esplac","description":"Esplais Catalans","publisher":{"@id":"https:\/\/www.esplac.cat\/#organization"},"potentialAction":[{"@type":"SearchAction","target":{"@type":"EntryPoint","urlTemplate":"https:\/\/www.esplac.cat\/?s={search_term_string}"},"query-input":{"@type":"PropertyValueSpecification","valueRequired":true,"valueName":"search_term_string"}}],"inLanguage":"en-US"},{"@type":"Organization","@id":"https:\/\/www.esplac.cat\/#organization","name":"Esplac","url":"https:\/\/www.esplac.cat\/","logo":{"@type":"ImageObject","inLanguage":"en-US","@id":"https:\/\/www.esplac.cat\/#\/schema\/logo\/image\/","url":"https:\/\/www.esplac.cat\/wp-content\/uploads\/2019\/08\/logox2.png","contentUrl":"https:\/\/www.esplac.cat\/wp-content\/uploads\/2019\/08\/logox2.png","width":600,"height":295,"caption":"Esplac"},"image":{"@id":"https:\/\/www.esplac.cat\/#\/schema\/logo\/image\/"}},{"@type":"Person","@id":"https:\/\/www.esplac.cat\/#\/schema\/person\/908383cf240be18b68f8855d0583faca","name":"Comunicaci\u00f3 Esplac","image":{"@type":"ImageObject","inLanguage":"en-US","@id":"https:\/\/secure.gravatar.com\/avatar\/7a4cf8feb412a76ea4a740ca02d95b06b2907b5a6c648c2dd0a1082a093c3141?s=96&d=mm&r=g","url":"https:\/\/secure.gravatar.com\/avatar\/7a4cf8feb412a76ea4a740ca02d95b06b2907b5a6c648c2dd0a1082a093c3141?s=96&d=mm&r=g","contentUrl":"https:\/\/secure.gravatar.com\/avatar\/7a4cf8feb412a76ea4a740ca02d95b06b2907b5a6c648c2dd0a1082a093c3141?s=96&d=mm&r=g","caption":"Comunicaci\u00f3 Esplac"}}]}},"_links":{"self":[{"href":"https:\/\/www.esplac.cat\/en\/wp-json\/wp\/v2\/posts\/41664","targetHints":{"allow":["GET"]}}],"collection":[{"href":"https:\/\/www.esplac.cat\/en\/wp-json\/wp\/v2\/posts"}],"about":[{"href":"https:\/\/www.esplac.cat\/en\/wp-json\/wp\/v2\/types\/post"}],"author":[{"embeddable":true,"href":"https:\/\/www.esplac.cat\/en\/wp-json\/wp\/v2\/users\/3"}],"replies":[{"embeddable":true,"href":"https:\/\/www.esplac.cat\/en\/wp-json\/wp\/v2\/comments?post=41664"}],"version-history":[{"count":0,"href":"https:\/\/www.esplac.cat\/en\/wp-json\/wp\/v2\/posts\/41664\/revisions"}],"wp:featuredmedia":[{"embeddable":true,"href":"https:\/\/www.esplac.cat\/en\/wp-json\/wp\/v2\/media\/41665"}],"wp:attachment":[{"href":"https:\/\/www.esplac.cat\/en\/wp-json\/wp\/v2\/media?parent=41664"}],"wp:term":[{"taxonomy":"category","embeddable":true,"href":"https:\/\/www.esplac.cat\/en\/wp-json\/wp\/v2\/categories?post=41664"},{"taxonomy":"post_tag","embeddable":true,"href":"https:\/\/www.esplac.cat\/en\/wp-json\/wp\/v2\/tags?post=41664"}],"curies":[{"name":"wp","href":"https:\/\/api.w.org\/{rel}","templated":true}]}}