{"id":41729,"date":"2022-10-18T13:39:57","date_gmt":"2022-10-18T11:39:57","guid":{"rendered":"https:\/\/www.esplac.cat\/?p=41729"},"modified":"2022-10-18T13:57:56","modified_gmt":"2022-10-18T11:57:56","slug":"exit-participacio-ultima-ago-conjunta-sector-barcelona","status":"publish","type":"post","link":"https:\/\/www.esplac.cat\/en\/exit-participacio-ultima-ago-conjunta-sector-barcelona\/","title":{"rendered":"\u00c8xit de participaci\u00f3 a l\u2019\u00faltima AGO conjunta del Sector Barcelona"},"content":{"rendered":"<h4><b>Aquest dilluns 18 d\u2019octubre, el Sector Barcelona ha celebrat la seva \u00faltima Assemblea General Ordin\u00e0ria de Sector amb 22 esplais participants i m\u00e9s de 60 assistents.\u00a0<\/b><\/h4>\n<p><span style=\"font-weight: 400;\">El Sector Barcelona s\u2019acomiada en la seva \u00faltima AGO conjunta en qu\u00e8 els esplais <\/span><b>han aprovat la seva dissoluci\u00f3<\/b><span style=\"font-weight: 400;\"> i conseq\u00fcent creaci\u00f3 dels <\/span><b>nous sectors Barcelona Sud, Barcelona Oest i Barcelona Nord-Est.<\/b><\/p>\n<p><span style=\"font-weight: 400;\">L\u2019Assemblea s\u2019ha dut a terme a l\u2019Espai Jove La Fontana, seu provisional dels esplais Matinada-P\u00f2rtics i Espurna de Gr\u00e0cia, i ha comptat amb la participaci\u00f3 de 59 monitores i monitors referents dels esplais de Barcelona, l\u2019Equip General de Sector, les Coordinadores de Projectes de Sector i representants de l\u2019Equip de Coordinaci\u00f3 d\u2019Esplac.\u00a0<\/span><\/p>\n<p><span style=\"font-weight: 400;\">Amb l\u2019aprovaci\u00f3 de la separaci\u00f3 del Sector Barcelona en tres nous sectors, s\u2019ha formalitzat un proc\u00e9s que <strong>culminar\u00e0 a l\u2019AGO d\u2019Esplac<\/strong> del proper cap de setmana 26 i 27 de novembre, en qu\u00e8 els subsectors Gregal, SantsAntxample i Gracioles es portaran a votaci\u00f3 per esdevenir tres sectors aut\u00f2noms, Barcelona Nord-Est, Barcelona Sud i Barcelona Oest, respectivament.<\/span><\/p>\n<p><span style=\"font-weight: 400;\">L\u2019Assemblea ha aprovat, a m\u00e9s, el <strong>Pla de Treball del curs 2022-23<\/strong>, amb les activitats de sector que es duran a terme de forma majorit\u00e0riament separada per sectors, aix\u00ed com la mem\u00f2ria del curs passat.\u00a0<\/span><\/p>\n<p><span style=\"font-weight: 400;\">En les properes reunions de sector de novembre i desembre, previsiblement, se celebraran<strong> Assemblees General Extraordin\u00e0ries<\/strong> en els sectors de nova creaci\u00f3, en qu\u00e8 es votaran les diferents noves incorporacions als Equips Generals de Sector (EGS), aix\u00ed com el Pressupost del curs 2022-23.<\/span><\/p>\n\n\t\t<style type=\"text\/css\">\n\t\t\t#gallery-1 {\n\t\t\t\tmargin: auto;\n\t\t\t}\n\t\t\t#gallery-1 .gallery-item {\n\t\t\t\tfloat: left;\n\t\t\t\tmargin-top: 10px;\n\t\t\t\ttext-align: center;\n\t\t\t\twidth: 33%;\n\t\t\t}\n\t\t\t#gallery-1 img {\n\t\t\t\tborder: 2px solid #cfcfcf;\n\t\t\t}\n\t\t\t#gallery-1 .gallery-caption {\n\t\t\t\tmargin-left: 0;\n\t\t\t}\n\t\t\t\/* see gallery_shortcode() in wp-includes\/media.php *\/\n\t\t<\/style>\n\t\t<div id='gallery-1' class='gallery galleryid-41729 gallery-columns-3 gallery-size-medium'><dl class='gallery-item'>\n\t\t\t<dt class='gallery-icon landscape'>\n\t\t\t\t<a data-rel=\"iLightbox[postimages]\" data-title=\"WhatsApp Image 2022-10-18 at 09.30.19 (1)\" data-caption=\"\" href='https:\/\/www.esplac.cat\/wp-content\/uploads\/2022\/10\/WhatsApp-Image-2022-10-18-at-09.30.19-1.jpeg'><img decoding=\"async\" width=\"300\" height=\"225\" src=\"https:\/\/www.esplac.cat\/wp-content\/uploads\/2022\/10\/WhatsApp-Image-2022-10-18-at-09.30.19-1-300x225.jpeg\" class=\"attachment-medium size-medium\" alt=\"\" srcset=\"https:\/\/www.esplac.cat\/wp-content\/uploads\/2022\/10\/WhatsApp-Image-2022-10-18-at-09.30.19-1-200x150.jpeg 200w, https:\/\/www.esplac.cat\/wp-content\/uploads\/2022\/10\/WhatsApp-Image-2022-10-18-at-09.30.19-1-300x225.jpeg 300w, https:\/\/www.esplac.cat\/wp-content\/uploads\/2022\/10\/WhatsApp-Image-2022-10-18-at-09.30.19-1-400x300.jpeg 400w, https:\/\/www.esplac.cat\/wp-content\/uploads\/2022\/10\/WhatsApp-Image-2022-10-18-at-09.30.19-1-600x450.jpeg 600w, https:\/\/www.esplac.cat\/wp-content\/uploads\/2022\/10\/WhatsApp-Image-2022-10-18-at-09.30.19-1-768x576.jpeg 768w, https:\/\/www.esplac.cat\/wp-content\/uploads\/2022\/10\/WhatsApp-Image-2022-10-18-at-09.30.19-1-800x600.jpeg 800w, https:\/\/www.esplac.cat\/wp-content\/uploads\/2022\/10\/WhatsApp-Image-2022-10-18-at-09.30.19-1-1024x768.jpeg 1024w, https:\/\/www.esplac.cat\/wp-content\/uploads\/2022\/10\/WhatsApp-Image-2022-10-18-at-09.30.19-1-1200x900.jpeg 1200w, https:\/\/www.esplac.cat\/wp-content\/uploads\/2022\/10\/WhatsApp-Image-2022-10-18-at-09.30.19-1-1536x1152.jpeg 1536w\" sizes=\"(max-width: 300px) 100vw, 300px\" \/><\/a>\n\t\t\t<\/dt><\/dl><dl class='gallery-item'>\n\t\t\t<dt class='gallery-icon landscape'>\n\t\t\t\t<a data-rel=\"iLightbox[postimages]\" data-title=\"WhatsApp Image 2022-10-18 at 09.30.18 (2)\" data-caption=\"\" href='https:\/\/www.esplac.cat\/wp-content\/uploads\/2022\/10\/WhatsApp-Image-2022-10-18-at-09.30.18-2.jpeg'><img decoding=\"async\" width=\"300\" height=\"225\" src=\"https:\/\/www.esplac.cat\/wp-content\/uploads\/2022\/10\/WhatsApp-Image-2022-10-18-at-09.30.18-2-300x225.jpeg\" class=\"attachment-medium size-medium\" alt=\"\" srcset=\"https:\/\/www.esplac.cat\/wp-content\/uploads\/2022\/10\/WhatsApp-Image-2022-10-18-at-09.30.18-2-200x150.jpeg 200w, https:\/\/www.esplac.cat\/wp-content\/uploads\/2022\/10\/WhatsApp-Image-2022-10-18-at-09.30.18-2-300x225.jpeg 300w, https:\/\/www.esplac.cat\/wp-content\/uploads\/2022\/10\/WhatsApp-Image-2022-10-18-at-09.30.18-2-400x300.jpeg 400w, https:\/\/www.esplac.cat\/wp-content\/uploads\/2022\/10\/WhatsApp-Image-2022-10-18-at-09.30.18-2-600x450.jpeg 600w, https:\/\/www.esplac.cat\/wp-content\/uploads\/2022\/10\/WhatsApp-Image-2022-10-18-at-09.30.18-2-768x576.jpeg 768w, https:\/\/www.esplac.cat\/wp-content\/uploads\/2022\/10\/WhatsApp-Image-2022-10-18-at-09.30.18-2-800x600.jpeg 800w, https:\/\/www.esplac.cat\/wp-content\/uploads\/2022\/10\/WhatsApp-Image-2022-10-18-at-09.30.18-2-1024x768.jpeg 1024w, https:\/\/www.esplac.cat\/wp-content\/uploads\/2022\/10\/WhatsApp-Image-2022-10-18-at-09.30.18-2-1200x900.jpeg 1200w, https:\/\/www.esplac.cat\/wp-content\/uploads\/2022\/10\/WhatsApp-Image-2022-10-18-at-09.30.18-2-1536x1152.jpeg 1536w\" sizes=\"(max-width: 300px) 100vw, 300px\" \/><\/a>\n\t\t\t<\/dt><\/dl><dl class='gallery-item'>\n\t\t\t<dt class='gallery-icon landscape'>\n\t\t\t\t<a data-rel=\"iLightbox[postimages]\" data-title=\"WhatsApp Image 2022-10-18 at 09.30.18 (1)\" data-caption=\"\" href='https:\/\/www.esplac.cat\/wp-content\/uploads\/2022\/10\/WhatsApp-Image-2022-10-18-at-09.30.18-1.jpg'><img decoding=\"async\" width=\"300\" height=\"225\" src=\"https:\/\/www.esplac.cat\/wp-content\/uploads\/2022\/10\/WhatsApp-Image-2022-10-18-at-09.30.18-1-300x225.jpg\" class=\"attachment-medium size-medium\" alt=\"AGO Sector Barcelona\" srcset=\"https:\/\/www.esplac.cat\/wp-content\/uploads\/2022\/10\/WhatsApp-Image-2022-10-18-at-09.30.18-1-200x150.jpg 200w, https:\/\/www.esplac.cat\/wp-content\/uploads\/2022\/10\/WhatsApp-Image-2022-10-18-at-09.30.18-1-300x225.jpg 300w, https:\/\/www.esplac.cat\/wp-content\/uploads\/2022\/10\/WhatsApp-Image-2022-10-18-at-09.30.18-1-400x300.jpg 400w, https:\/\/www.esplac.cat\/wp-content\/uploads\/2022\/10\/WhatsApp-Image-2022-10-18-at-09.30.18-1-600x450.jpg 600w, https:\/\/www.esplac.cat\/wp-content\/uploads\/2022\/10\/WhatsApp-Image-2022-10-18-at-09.30.18-1-768x576.jpg 768w, https:\/\/www.esplac.cat\/wp-content\/uploads\/2022\/10\/WhatsApp-Image-2022-10-18-at-09.30.18-1-800x600.jpg 800w, https:\/\/www.esplac.cat\/wp-content\/uploads\/2022\/10\/WhatsApp-Image-2022-10-18-at-09.30.18-1-1024x768.jpg 1024w, https:\/\/www.esplac.cat\/wp-content\/uploads\/2022\/10\/WhatsApp-Image-2022-10-18-at-09.30.18-1-1200x900.jpg 1200w, https:\/\/www.esplac.cat\/wp-content\/uploads\/2022\/10\/WhatsApp-Image-2022-10-18-at-09.30.18-1-1536x1152.jpg 1536w, https:\/\/www.esplac.cat\/wp-content\/uploads\/2022\/10\/WhatsApp-Image-2022-10-18-at-09.30.18-1.jpg 1893w\" sizes=\"(max-width: 300px) 100vw, 300px\" \/><\/a>\n\t\t\t<\/dt><\/dl><br style=\"clear: both\" \/>\n\t\t<\/div>\n\n","protected":false},"excerpt":{"rendered":"<p>Aquest dilluns 18 d\u2019octubre, el Sector Barcelona ha celebrat la [&hellip;]<\/p>\n","protected":false},"author":3,"featured_media":41744,"comment_status":"closed","ping_status":"closed","sticky":false,"template":"","format":"standard","meta":{"om_disable_all_campaigns":false,"_monsterinsights_skip_tracking":false,"_monsterinsights_sitenote_active":false,"_monsterinsights_sitenote_note":"","_monsterinsights_sitenote_category":0,"_uf_show_specific_survey":0,"_uf_disable_surveys":false,"footnotes":""},"categories":[1128],"tags":[],"class_list":["post-41729","post","type-post","status-publish","format-standard","has-post-thumbnail","hentry","category-sector-barcelona"],"yoast_head":"<!-- This site is optimized with the Yoast SEO plugin v27.5 - https:\/\/yoast.com\/product\/yoast-seo-wordpress\/ -->\n<title>\u00c8xit de participaci\u00f3 a l\u2019\u00faltima AGO conjunta del Sector Barcelona - Esplac<\/title>\n<meta name=\"description\" content=\"El Sector Barcelona ha celebrat la seva \u00faltima Assemblea General Ordin\u00e0ria de Sector amb 22 esplais participants i m\u00e9s de 60 assistents.\u00a0\" \/>\n<meta name=\"robots\" content=\"index, follow, max-snippet:-1, max-image-preview:large, max-video-preview:-1\" \/>\n<link rel=\"canonical\" href=\"https:\/\/www.esplac.cat\/es\/exit-participacio-ultima-ago-conjunta-sector-barcelona\/\" \/>\n<meta property=\"og:locale\" content=\"en_US\" \/>\n<meta property=\"og:type\" content=\"article\" \/>\n<meta property=\"og:title\" content=\"\u00c8xit de participaci\u00f3 a l\u2019\u00faltima AGO conjunta del Sector Barcelona - Esplac\" \/>\n<meta property=\"og:description\" content=\"El Sector Barcelona ha celebrat la seva \u00faltima Assemblea General Ordin\u00e0ria de Sector amb 22 esplais participants i m\u00e9s de 60 assistents.\u00a0\" \/>\n<meta property=\"og:url\" content=\"https:\/\/www.esplac.cat\/es\/exit-participacio-ultima-ago-conjunta-sector-barcelona\/\" \/>\n<meta property=\"og:site_name\" content=\"Esplac\" \/>\n<meta property=\"article:published_time\" content=\"2022-10-18T11:39:57+00:00\" \/>\n<meta property=\"article:modified_time\" content=\"2022-10-18T11:57:56+00:00\" \/>\n<meta property=\"og:image\" content=\"https:\/\/www.esplac.cat\/wp-content\/uploads\/2022\/10\/portada_ago_bcn.jpg\" \/>\n\t<meta property=\"og:image:width\" content=\"1694\" \/>\n\t<meta property=\"og:image:height\" content=\"700\" \/>\n\t<meta property=\"og:image:type\" content=\"image\/jpeg\" \/>\n<meta name=\"author\" content=\"Comunicaci\u00f3 Esplac\" \/>\n<meta name=\"twitter:card\" content=\"summary_large_image\" \/>\n<meta name=\"twitter:label1\" content=\"Written by\" \/>\n\t<meta name=\"twitter:data1\" content=\"Comunicaci\u00f3 Esplac\" \/>\n\t<meta name=\"twitter:label2\" content=\"Est. reading time\" \/>\n\t<meta name=\"twitter:data2\" content=\"1 minute\" \/>\n<script type=\"application\/ld+json\" class=\"yoast-schema-graph\">{\"@context\":\"https:\\\/\\\/schema.org\",\"@graph\":[{\"@type\":\"Article\",\"@id\":\"https:\\\/\\\/www.esplac.cat\\\/es\\\/exit-participacio-ultima-ago-conjunta-sector-barcelona\\\/#article\",\"isPartOf\":{\"@id\":\"https:\\\/\\\/www.esplac.cat\\\/es\\\/exit-participacio-ultima-ago-conjunta-sector-barcelona\\\/\"},\"author\":{\"name\":\"Comunicaci\u00f3 Esplac\",\"@id\":\"https:\\\/\\\/www.esplac.cat\\\/#\\\/schema\\\/person\\\/908383cf240be18b68f8855d0583faca\"},\"headline\":\"\u00c8xit de participaci\u00f3 a l\u2019\u00faltima AGO conjunta del Sector Barcelona\",\"datePublished\":\"2022-10-18T11:39:57+00:00\",\"dateModified\":\"2022-10-18T11:57:56+00:00\",\"mainEntityOfPage\":{\"@id\":\"https:\\\/\\\/www.esplac.cat\\\/es\\\/exit-participacio-ultima-ago-conjunta-sector-barcelona\\\/\"},\"wordCount\":279,\"publisher\":{\"@id\":\"https:\\\/\\\/www.esplac.cat\\\/#organization\"},\"image\":{\"@id\":\"https:\\\/\\\/www.esplac.cat\\\/es\\\/exit-participacio-ultima-ago-conjunta-sector-barcelona\\\/#primaryimage\"},\"thumbnailUrl\":\"https:\\\/\\\/www.esplac.cat\\\/wp-content\\\/uploads\\\/2022\\\/10\\\/portada_ago_bcn.jpg\",\"articleSection\":[\"Sector Barcelona\"],\"inLanguage\":\"en-US\"},{\"@type\":\"WebPage\",\"@id\":\"https:\\\/\\\/www.esplac.cat\\\/es\\\/exit-participacio-ultima-ago-conjunta-sector-barcelona\\\/\",\"url\":\"https:\\\/\\\/www.esplac.cat\\\/es\\\/exit-participacio-ultima-ago-conjunta-sector-barcelona\\\/\",\"name\":\"\u00c8xit de participaci\u00f3 a l\u2019\u00faltima AGO conjunta del Sector Barcelona - Esplac\",\"isPartOf\":{\"@id\":\"https:\\\/\\\/www.esplac.cat\\\/#website\"},\"primaryImageOfPage\":{\"@id\":\"https:\\\/\\\/www.esplac.cat\\\/es\\\/exit-participacio-ultima-ago-conjunta-sector-barcelona\\\/#primaryimage\"},\"image\":{\"@id\":\"https:\\\/\\\/www.esplac.cat\\\/es\\\/exit-participacio-ultima-ago-conjunta-sector-barcelona\\\/#primaryimage\"},\"thumbnailUrl\":\"https:\\\/\\\/www.esplac.cat\\\/wp-content\\\/uploads\\\/2022\\\/10\\\/portada_ago_bcn.jpg\",\"datePublished\":\"2022-10-18T11:39:57+00:00\",\"dateModified\":\"2022-10-18T11:57:56+00:00\",\"description\":\"El Sector Barcelona ha celebrat la seva \u00faltima Assemblea General Ordin\u00e0ria de Sector amb 22 esplais participants i m\u00e9s de 60 assistents.\u00a0\",\"breadcrumb\":{\"@id\":\"https:\\\/\\\/www.esplac.cat\\\/es\\\/exit-participacio-ultima-ago-conjunta-sector-barcelona\\\/#breadcrumb\"},\"inLanguage\":\"en-US\",\"potentialAction\":[{\"@type\":\"ReadAction\",\"target\":[\"https:\\\/\\\/www.esplac.cat\\\/es\\\/exit-participacio-ultima-ago-conjunta-sector-barcelona\\\/\"]}]},{\"@type\":\"ImageObject\",\"inLanguage\":\"en-US\",\"@id\":\"https:\\\/\\\/www.esplac.cat\\\/es\\\/exit-participacio-ultima-ago-conjunta-sector-barcelona\\\/#primaryimage\",\"url\":\"https:\\\/\\\/www.esplac.cat\\\/wp-content\\\/uploads\\\/2022\\\/10\\\/portada_ago_bcn.jpg\",\"contentUrl\":\"https:\\\/\\\/www.esplac.cat\\\/wp-content\\\/uploads\\\/2022\\\/10\\\/portada_ago_bcn.jpg\",\"width\":1694,\"height\":700},{\"@type\":\"BreadcrumbList\",\"@id\":\"https:\\\/\\\/www.esplac.cat\\\/es\\\/exit-participacio-ultima-ago-conjunta-sector-barcelona\\\/#breadcrumb\",\"itemListElement\":[{\"@type\":\"ListItem\",\"position\":1,\"name\":\"Inici\",\"item\":\"https:\\\/\\\/www.esplac.cat\\\/en\\\/\"},{\"@type\":\"ListItem\",\"position\":2,\"name\":\"\u00c8xit de participaci\u00f3 a l\u2019\u00faltima AGO conjunta del Sector Barcelona\"}]},{\"@type\":\"WebSite\",\"@id\":\"https:\\\/\\\/www.esplac.cat\\\/#website\",\"url\":\"https:\\\/\\\/www.esplac.cat\\\/\",\"name\":\"Esplac\",\"description\":\"Esplais Catalans\",\"publisher\":{\"@id\":\"https:\\\/\\\/www.esplac.cat\\\/#organization\"},\"potentialAction\":[{\"@type\":\"SearchAction\",\"target\":{\"@type\":\"EntryPoint\",\"urlTemplate\":\"https:\\\/\\\/www.esplac.cat\\\/?s={search_term_string}\"},\"query-input\":{\"@type\":\"PropertyValueSpecification\",\"valueRequired\":true,\"valueName\":\"search_term_string\"}}],\"inLanguage\":\"en-US\"},{\"@type\":\"Organization\",\"@id\":\"https:\\\/\\\/www.esplac.cat\\\/#organization\",\"name\":\"Esplac\",\"url\":\"https:\\\/\\\/www.esplac.cat\\\/\",\"logo\":{\"@type\":\"ImageObject\",\"inLanguage\":\"en-US\",\"@id\":\"https:\\\/\\\/www.esplac.cat\\\/#\\\/schema\\\/logo\\\/image\\\/\",\"url\":\"https:\\\/\\\/www.esplac.cat\\\/wp-content\\\/uploads\\\/2019\\\/08\\\/logox2.png\",\"contentUrl\":\"https:\\\/\\\/www.esplac.cat\\\/wp-content\\\/uploads\\\/2019\\\/08\\\/logox2.png\",\"width\":600,\"height\":295,\"caption\":\"Esplac\"},\"image\":{\"@id\":\"https:\\\/\\\/www.esplac.cat\\\/#\\\/schema\\\/logo\\\/image\\\/\"}},{\"@type\":\"Person\",\"@id\":\"https:\\\/\\\/www.esplac.cat\\\/#\\\/schema\\\/person\\\/908383cf240be18b68f8855d0583faca\",\"name\":\"Comunicaci\u00f3 Esplac\",\"image\":{\"@type\":\"ImageObject\",\"inLanguage\":\"en-US\",\"@id\":\"https:\\\/\\\/secure.gravatar.com\\\/avatar\\\/7a4cf8feb412a76ea4a740ca02d95b06b2907b5a6c648c2dd0a1082a093c3141?s=96&d=mm&r=g\",\"url\":\"https:\\\/\\\/secure.gravatar.com\\\/avatar\\\/7a4cf8feb412a76ea4a740ca02d95b06b2907b5a6c648c2dd0a1082a093c3141?s=96&d=mm&r=g\",\"contentUrl\":\"https:\\\/\\\/secure.gravatar.com\\\/avatar\\\/7a4cf8feb412a76ea4a740ca02d95b06b2907b5a6c648c2dd0a1082a093c3141?s=96&d=mm&r=g\",\"caption\":\"Comunicaci\u00f3 Esplac\"}}]}<\/script>\n<!-- \/ Yoast SEO plugin. -->","yoast_head_json":{"title":"\u00c8xit de participaci\u00f3 a l\u2019\u00faltima AGO conjunta del Sector Barcelona - Esplac","description":"El Sector Barcelona ha celebrat la seva \u00faltima Assemblea General Ordin\u00e0ria de Sector amb 22 esplais participants i m\u00e9s de 60 assistents.\u00a0","robots":{"index":"index","follow":"follow","max-snippet":"max-snippet:-1","max-image-preview":"max-image-preview:large","max-video-preview":"max-video-preview:-1"},"canonical":"https:\/\/www.esplac.cat\/es\/exit-participacio-ultima-ago-conjunta-sector-barcelona\/","og_locale":"en_US","og_type":"article","og_title":"\u00c8xit de participaci\u00f3 a l\u2019\u00faltima AGO conjunta del Sector Barcelona - Esplac","og_description":"El Sector Barcelona ha celebrat la seva \u00faltima Assemblea General Ordin\u00e0ria de Sector amb 22 esplais participants i m\u00e9s de 60 assistents.\u00a0","og_url":"https:\/\/www.esplac.cat\/es\/exit-participacio-ultima-ago-conjunta-sector-barcelona\/","og_site_name":"Esplac","article_published_time":"2022-10-18T11:39:57+00:00","article_modified_time":"2022-10-18T11:57:56+00:00","og_image":[{"width":1694,"height":700,"url":"https:\/\/www.esplac.cat\/wp-content\/uploads\/2022\/10\/portada_ago_bcn.jpg","type":"image\/jpeg"}],"author":"Comunicaci\u00f3 Esplac","twitter_card":"summary_large_image","twitter_misc":{"Written by":"Comunicaci\u00f3 Esplac","Est. reading time":"1 minute"},"schema":{"@context":"https:\/\/schema.org","@graph":[{"@type":"Article","@id":"https:\/\/www.esplac.cat\/es\/exit-participacio-ultima-ago-conjunta-sector-barcelona\/#article","isPartOf":{"@id":"https:\/\/www.esplac.cat\/es\/exit-participacio-ultima-ago-conjunta-sector-barcelona\/"},"author":{"name":"Comunicaci\u00f3 Esplac","@id":"https:\/\/www.esplac.cat\/#\/schema\/person\/908383cf240be18b68f8855d0583faca"},"headline":"\u00c8xit de participaci\u00f3 a l\u2019\u00faltima AGO conjunta del Sector Barcelona","datePublished":"2022-10-18T11:39:57+00:00","dateModified":"2022-10-18T11:57:56+00:00","mainEntityOfPage":{"@id":"https:\/\/www.esplac.cat\/es\/exit-participacio-ultima-ago-conjunta-sector-barcelona\/"},"wordCount":279,"publisher":{"@id":"https:\/\/www.esplac.cat\/#organization"},"image":{"@id":"https:\/\/www.esplac.cat\/es\/exit-participacio-ultima-ago-conjunta-sector-barcelona\/#primaryimage"},"thumbnailUrl":"https:\/\/www.esplac.cat\/wp-content\/uploads\/2022\/10\/portada_ago_bcn.jpg","articleSection":["Sector Barcelona"],"inLanguage":"en-US"},{"@type":"WebPage","@id":"https:\/\/www.esplac.cat\/es\/exit-participacio-ultima-ago-conjunta-sector-barcelona\/","url":"https:\/\/www.esplac.cat\/es\/exit-participacio-ultima-ago-conjunta-sector-barcelona\/","name":"\u00c8xit de participaci\u00f3 a l\u2019\u00faltima AGO conjunta del Sector Barcelona - Esplac","isPartOf":{"@id":"https:\/\/www.esplac.cat\/#website"},"primaryImageOfPage":{"@id":"https:\/\/www.esplac.cat\/es\/exit-participacio-ultima-ago-conjunta-sector-barcelona\/#primaryimage"},"image":{"@id":"https:\/\/www.esplac.cat\/es\/exit-participacio-ultima-ago-conjunta-sector-barcelona\/#primaryimage"},"thumbnailUrl":"https:\/\/www.esplac.cat\/wp-content\/uploads\/2022\/10\/portada_ago_bcn.jpg","datePublished":"2022-10-18T11:39:57+00:00","dateModified":"2022-10-18T11:57:56+00:00","description":"El Sector Barcelona ha celebrat la seva \u00faltima Assemblea General Ordin\u00e0ria de Sector amb 22 esplais participants i m\u00e9s de 60 assistents.\u00a0","breadcrumb":{"@id":"https:\/\/www.esplac.cat\/es\/exit-participacio-ultima-ago-conjunta-sector-barcelona\/#breadcrumb"},"inLanguage":"en-US","potentialAction":[{"@type":"ReadAction","target":["https:\/\/www.esplac.cat\/es\/exit-participacio-ultima-ago-conjunta-sector-barcelona\/"]}]},{"@type":"ImageObject","inLanguage":"en-US","@id":"https:\/\/www.esplac.cat\/es\/exit-participacio-ultima-ago-conjunta-sector-barcelona\/#primaryimage","url":"https:\/\/www.esplac.cat\/wp-content\/uploads\/2022\/10\/portada_ago_bcn.jpg","contentUrl":"https:\/\/www.esplac.cat\/wp-content\/uploads\/2022\/10\/portada_ago_bcn.jpg","width":1694,"height":700},{"@type":"BreadcrumbList","@id":"https:\/\/www.esplac.cat\/es\/exit-participacio-ultima-ago-conjunta-sector-barcelona\/#breadcrumb","itemListElement":[{"@type":"ListItem","position":1,"name":"Inici","item":"https:\/\/www.esplac.cat\/en\/"},{"@type":"ListItem","position":2,"name":"\u00c8xit de participaci\u00f3 a l\u2019\u00faltima AGO conjunta del Sector Barcelona"}]},{"@type":"WebSite","@id":"https:\/\/www.esplac.cat\/#website","url":"https:\/\/www.esplac.cat\/","name":"Esplac","description":"Esplais Catalans","publisher":{"@id":"https:\/\/www.esplac.cat\/#organization"},"potentialAction":[{"@type":"SearchAction","target":{"@type":"EntryPoint","urlTemplate":"https:\/\/www.esplac.cat\/?s={search_term_string}"},"query-input":{"@type":"PropertyValueSpecification","valueRequired":true,"valueName":"search_term_string"}}],"inLanguage":"en-US"},{"@type":"Organization","@id":"https:\/\/www.esplac.cat\/#organization","name":"Esplac","url":"https:\/\/www.esplac.cat\/","logo":{"@type":"ImageObject","inLanguage":"en-US","@id":"https:\/\/www.esplac.cat\/#\/schema\/logo\/image\/","url":"https:\/\/www.esplac.cat\/wp-content\/uploads\/2019\/08\/logox2.png","contentUrl":"https:\/\/www.esplac.cat\/wp-content\/uploads\/2019\/08\/logox2.png","width":600,"height":295,"caption":"Esplac"},"image":{"@id":"https:\/\/www.esplac.cat\/#\/schema\/logo\/image\/"}},{"@type":"Person","@id":"https:\/\/www.esplac.cat\/#\/schema\/person\/908383cf240be18b68f8855d0583faca","name":"Comunicaci\u00f3 Esplac","image":{"@type":"ImageObject","inLanguage":"en-US","@id":"https:\/\/secure.gravatar.com\/avatar\/7a4cf8feb412a76ea4a740ca02d95b06b2907b5a6c648c2dd0a1082a093c3141?s=96&d=mm&r=g","url":"https:\/\/secure.gravatar.com\/avatar\/7a4cf8feb412a76ea4a740ca02d95b06b2907b5a6c648c2dd0a1082a093c3141?s=96&d=mm&r=g","contentUrl":"https:\/\/secure.gravatar.com\/avatar\/7a4cf8feb412a76ea4a740ca02d95b06b2907b5a6c648c2dd0a1082a093c3141?s=96&d=mm&r=g","caption":"Comunicaci\u00f3 Esplac"}}]}},"_links":{"self":[{"href":"https:\/\/www.esplac.cat\/en\/wp-json\/wp\/v2\/posts\/41729","targetHints":{"allow":["GET"]}}],"collection":[{"href":"https:\/\/www.esplac.cat\/en\/wp-json\/wp\/v2\/posts"}],"about":[{"href":"https:\/\/www.esplac.cat\/en\/wp-json\/wp\/v2\/types\/post"}],"author":[{"embeddable":true,"href":"https:\/\/www.esplac.cat\/en\/wp-json\/wp\/v2\/users\/3"}],"replies":[{"embeddable":true,"href":"https:\/\/www.esplac.cat\/en\/wp-json\/wp\/v2\/comments?post=41729"}],"version-history":[{"count":0,"href":"https:\/\/www.esplac.cat\/en\/wp-json\/wp\/v2\/posts\/41729\/revisions"}],"wp:featuredmedia":[{"embeddable":true,"href":"https:\/\/www.esplac.cat\/en\/wp-json\/wp\/v2\/media\/41744"}],"wp:attachment":[{"href":"https:\/\/www.esplac.cat\/en\/wp-json\/wp\/v2\/media?parent=41729"}],"wp:term":[{"taxonomy":"category","embeddable":true,"href":"https:\/\/www.esplac.cat\/en\/wp-json\/wp\/v2\/categories?post=41729"},{"taxonomy":"post_tag","embeddable":true,"href":"https:\/\/www.esplac.cat\/en\/wp-json\/wp\/v2\/tags?post=41729"}],"curies":[{"name":"wp","href":"https:\/\/api.w.org\/{rel}","templated":true}]}}