{"id":41750,"date":"2022-10-19T10:51:03","date_gmt":"2022-10-19T08:51:03","guid":{"rendered":"https:\/\/www.esplac.cat\/?p=41750"},"modified":"2022-10-19T11:03:03","modified_gmt":"2022-10-19T09:03:03","slug":"sector-maresme-engega-curs-santa-pinya-ago","status":"publish","type":"post","link":"https:\/\/www.esplac.cat\/en\/sector-maresme-engega-curs-santa-pinya-ago\/","title":{"rendered":"El Sector Maresme engega el curs amb la Santa Pinya i l&#8217;AGO!"},"content":{"rendered":"<h6><strong>Els esplais del Maresme es formen sobre relleu a l&#8217;esplai, amb la Santa Pinya, i fan l&#8217;AGO de sector al local de l&#8217;Esplai La Tribu, a Matar\u00f3.\u00a0<\/strong><\/h6>\n<p>Pel ja tradicional nom de &#8220;Santa Pinya&#8221; \u00e9s com el Sector Maresme coneix les seves trobades de formaci\u00f3. El passat diumenge 16 d&#8217;octubre, just amb l&#8217;arrencada de curs, 25 monitores i monitors de 5 esplais diferents van formar-se en el <strong>relleu a l&#8217;entitat.<\/strong> Aquesta formaci\u00f3, impartida per l&#8217;Escola Lliure El Sol, la va acollir l&#8217;esplai La Tribu de Matar\u00f3.<\/p>\n<p>La jornada no va acabar amb la formaci\u00f3 de mat\u00ed, sin\u00f3 que va comptar amb un dinar posterior per agafar forces per la celebraci\u00f3 de l&#8217;<strong>Assemblea General Ordin\u00e0ria (AGO)<\/strong> <strong>del sector<\/strong> que es duria a terme a la tarda. Aix\u00ed doncs, les monis van poder aprofitar l&#8217;espai de cuina que hi ha al local de La Tribu per tal de preparar els seus menjars i fer el primer \u00e0pat conjunt del curs. Durant el dinar les diferents membres del sector van poder con\u00e8ixer-se una mica m\u00e9s i fer cohesi\u00f3.<\/p>\n<p>Un cop fet el dinar, a primera hora de la tarda, amb la incorporaci\u00f3 de dos membres de l&#8217;Equip de Coordinaci\u00f3 (Equico), va comen\u00e7ar l&#8217;assemblea. Els esplais van treballar la creaci\u00f3 del <strong>Pla de Treball del curs 2022-23<\/strong>, aix\u00ed com tamb\u00e9 van escollir el que ser\u00e0 el flamant nou <strong>Equip General de Sector (EGS)<\/strong>, format per la Laura Monson\u00eds, en Marc Punsola i en Pau Cumplido. A m\u00e9s a m\u00e9s, tamb\u00e9 es van decidir<strong> noves comissions i grups de treball.<\/strong> Aquest curs el sector t\u00e9 per objectius la celebraci\u00f3 de la <strong>Tropicalitza&#8217;t!, la Trobada General del Sector<\/strong> que aplegar\u00e0 tots els grups d&#8217;infants i joves dels esplais del Maresme. D&#8217;altra banda, tamb\u00e9 es faran noves edicions de la Santa Pinya, la Trobada de Monis, un Curs d&#8217;Iniciaci\u00f3 al Monitoratge (CIM), entre d&#8217;altres.<\/p>\n<p>El Sector Maresme agafa embranzida per assolir els seus objectius i accions i seguir sent el sector m\u00e9s lliure i tropical d&#8217;Esplac!<\/p>\n\n\t\t<style type=\"text\/css\">\n\t\t\t#gallery-1 {\n\t\t\t\tmargin: auto;\n\t\t\t}\n\t\t\t#gallery-1 .gallery-item {\n\t\t\t\tfloat: left;\n\t\t\t\tmargin-top: 10px;\n\t\t\t\ttext-align: center;\n\t\t\t\twidth: 50%;\n\t\t\t}\n\t\t\t#gallery-1 img {\n\t\t\t\tborder: 2px solid #cfcfcf;\n\t\t\t}\n\t\t\t#gallery-1 .gallery-caption {\n\t\t\t\tmargin-left: 0;\n\t\t\t}\n\t\t\t\/* see gallery_shortcode() in wp-includes\/media.php *\/\n\t\t<\/style>\n\t\t<div id='gallery-1' class='gallery galleryid-41750 gallery-columns-2 gallery-size-medium'><dl class='gallery-item'>\n\t\t\t<dt class='gallery-icon landscape'>\n\t\t\t\t<a data-rel=\"iLightbox[postimages]\" data-title=\"WhatsApp Image 2022-10-19 at 10.40.54 (1)\" data-caption=\"\" href='https:\/\/www.esplac.cat\/wp-content\/uploads\/2022\/10\/WhatsApp-Image-2022-10-19-at-10.40.54-1.jpeg'><img decoding=\"async\" width=\"300\" height=\"225\" src=\"https:\/\/www.esplac.cat\/wp-content\/uploads\/2022\/10\/WhatsApp-Image-2022-10-19-at-10.40.54-1-300x225.jpeg\" class=\"attachment-medium size-medium\" alt=\"\" srcset=\"https:\/\/www.esplac.cat\/wp-content\/uploads\/2022\/10\/WhatsApp-Image-2022-10-19-at-10.40.54-1-200x150.jpeg 200w, https:\/\/www.esplac.cat\/wp-content\/uploads\/2022\/10\/WhatsApp-Image-2022-10-19-at-10.40.54-1-300x225.jpeg 300w, https:\/\/www.esplac.cat\/wp-content\/uploads\/2022\/10\/WhatsApp-Image-2022-10-19-at-10.40.54-1-400x300.jpeg 400w, https:\/\/www.esplac.cat\/wp-content\/uploads\/2022\/10\/WhatsApp-Image-2022-10-19-at-10.40.54-1-600x450.jpeg 600w, https:\/\/www.esplac.cat\/wp-content\/uploads\/2022\/10\/WhatsApp-Image-2022-10-19-at-10.40.54-1-768x576.jpeg 768w, https:\/\/www.esplac.cat\/wp-content\/uploads\/2022\/10\/WhatsApp-Image-2022-10-19-at-10.40.54-1-800x600.jpeg 800w, https:\/\/www.esplac.cat\/wp-content\/uploads\/2022\/10\/WhatsApp-Image-2022-10-19-at-10.40.54-1-1024x768.jpeg 1024w, https:\/\/www.esplac.cat\/wp-content\/uploads\/2022\/10\/WhatsApp-Image-2022-10-19-at-10.40.54-1-1200x900.jpeg 1200w, https:\/\/www.esplac.cat\/wp-content\/uploads\/2022\/10\/WhatsApp-Image-2022-10-19-at-10.40.54-1-1536x1152.jpeg 1536w, https:\/\/www.esplac.cat\/wp-content\/uploads\/2022\/10\/WhatsApp-Image-2022-10-19-at-10.40.54-1.jpeg 1600w\" sizes=\"(max-width: 300px) 100vw, 300px\" \/><\/a>\n\t\t\t<\/dt><\/dl><dl class='gallery-item'>\n\t\t\t<dt class='gallery-icon portrait'>\n\t\t\t\t<a data-rel=\"iLightbox[postimages]\" data-title=\"WhatsApp Image 2022-10-19 at 10.40.54\" data-caption=\"\" href='https:\/\/www.esplac.cat\/wp-content\/uploads\/2022\/10\/WhatsApp-Image-2022-10-19-at-10.40.54.jpeg'><img decoding=\"async\" width=\"225\" height=\"300\" src=\"https:\/\/www.esplac.cat\/wp-content\/uploads\/2022\/10\/WhatsApp-Image-2022-10-19-at-10.40.54-225x300.jpeg\" class=\"attachment-medium size-medium\" alt=\"\" srcset=\"https:\/\/www.esplac.cat\/wp-content\/uploads\/2022\/10\/WhatsApp-Image-2022-10-19-at-10.40.54-200x267.jpeg 200w, https:\/\/www.esplac.cat\/wp-content\/uploads\/2022\/10\/WhatsApp-Image-2022-10-19-at-10.40.54-225x300.jpeg 225w, https:\/\/www.esplac.cat\/wp-content\/uploads\/2022\/10\/WhatsApp-Image-2022-10-19-at-10.40.54-400x533.jpeg 400w, https:\/\/www.esplac.cat\/wp-content\/uploads\/2022\/10\/WhatsApp-Image-2022-10-19-at-10.40.54-600x800.jpeg 600w, https:\/\/www.esplac.cat\/wp-content\/uploads\/2022\/10\/WhatsApp-Image-2022-10-19-at-10.40.54-768x1024.jpeg 768w, https:\/\/www.esplac.cat\/wp-content\/uploads\/2022\/10\/WhatsApp-Image-2022-10-19-at-10.40.54-800x1067.jpeg 800w, https:\/\/www.esplac.cat\/wp-content\/uploads\/2022\/10\/WhatsApp-Image-2022-10-19-at-10.40.54-1152x1536.jpeg 1152w, https:\/\/www.esplac.cat\/wp-content\/uploads\/2022\/10\/WhatsApp-Image-2022-10-19-at-10.40.54.jpeg 1200w\" sizes=\"(max-width: 225px) 100vw, 225px\" \/><\/a>\n\t\t\t<\/dt><\/dl><br style=\"clear: both\" \/>\n\t\t<\/div>\n\n","protected":false},"excerpt":{"rendered":"<p>Els esplais del Maresme es formen sobre relleu a l&#8217;esplai, [&hellip;]<\/p>\n","protected":false},"author":3,"featured_media":41751,"comment_status":"closed","ping_status":"closed","sticky":false,"template":"","format":"standard","meta":{"om_disable_all_campaigns":false,"_monsterinsights_skip_tracking":false,"_monsterinsights_sitenote_active":false,"_monsterinsights_sitenote_note":"","_monsterinsights_sitenote_category":0,"_uf_show_specific_survey":0,"_uf_disable_surveys":false,"footnotes":""},"categories":[1113],"tags":[],"class_list":["post-41750","post","type-post","status-publish","format-standard","has-post-thumbnail","hentry","category-sector-maresme"],"yoast_head":"<!-- This site is optimized with the Yoast SEO plugin v27.5 - https:\/\/yoast.com\/product\/yoast-seo-wordpress\/ -->\n<title>El Sector Maresme engega el curs amb la Santa Pinya i l&#039;AGO! - Esplac<\/title>\n<meta name=\"description\" content=\"Els esplais del Maresme es formen, amb la Santa Pinya, i fan l&#039;AGO de sector al local de l&#039;Esplai La Tribu, a Matar\u00f3.\u00a0\" \/>\n<meta name=\"robots\" content=\"index, follow, max-snippet:-1, max-image-preview:large, max-video-preview:-1\" \/>\n<link rel=\"canonical\" href=\"https:\/\/www.esplac.cat\/sector-maresme-engega-curs-santa-pinya-ago\/\" \/>\n<meta property=\"og:locale\" content=\"en_US\" \/>\n<meta property=\"og:type\" content=\"article\" \/>\n<meta property=\"og:title\" content=\"El Sector Maresme engega el curs amb la Santa Pinya i l&#039;AGO! - Esplac\" \/>\n<meta property=\"og:description\" content=\"Els esplais del Maresme es formen, amb la Santa Pinya, i fan l&#039;AGO de sector al local de l&#039;Esplai La Tribu, a Matar\u00f3.\u00a0\" \/>\n<meta property=\"og:url\" content=\"https:\/\/www.esplac.cat\/sector-maresme-engega-curs-santa-pinya-ago\/\" \/>\n<meta property=\"og:site_name\" content=\"Esplac\" \/>\n<meta property=\"article:published_time\" content=\"2022-10-19T08:51:03+00:00\" \/>\n<meta property=\"article:modified_time\" content=\"2022-10-19T09:03:03+00:00\" \/>\n<meta property=\"og:image\" content=\"https:\/\/www.esplac.cat\/wp-content\/uploads\/2022\/10\/portada-santapinya-maresme.jpg\" \/>\n\t<meta property=\"og:image:width\" content=\"1694\" \/>\n\t<meta property=\"og:image:height\" content=\"700\" \/>\n\t<meta property=\"og:image:type\" content=\"image\/jpeg\" \/>\n<meta name=\"author\" content=\"Comunicaci\u00f3 Esplac\" \/>\n<meta name=\"twitter:card\" content=\"summary_large_image\" \/>\n<meta name=\"twitter:label1\" content=\"Written by\" \/>\n\t<meta name=\"twitter:data1\" content=\"Comunicaci\u00f3 Esplac\" \/>\n\t<meta name=\"twitter:label2\" content=\"Est. reading time\" \/>\n\t<meta name=\"twitter:data2\" content=\"2 minutes\" \/>\n<script type=\"application\/ld+json\" class=\"yoast-schema-graph\">{\"@context\":\"https:\\\/\\\/schema.org\",\"@graph\":[{\"@type\":\"Article\",\"@id\":\"https:\\\/\\\/www.esplac.cat\\\/sector-maresme-engega-curs-santa-pinya-ago\\\/#article\",\"isPartOf\":{\"@id\":\"https:\\\/\\\/www.esplac.cat\\\/sector-maresme-engega-curs-santa-pinya-ago\\\/\"},\"author\":{\"name\":\"Comunicaci\u00f3 Esplac\",\"@id\":\"https:\\\/\\\/www.esplac.cat\\\/#\\\/schema\\\/person\\\/908383cf240be18b68f8855d0583faca\"},\"headline\":\"El Sector Maresme engega el curs amb la Santa Pinya i l&#8217;AGO!\",\"datePublished\":\"2022-10-19T08:51:03+00:00\",\"dateModified\":\"2022-10-19T09:03:03+00:00\",\"mainEntityOfPage\":{\"@id\":\"https:\\\/\\\/www.esplac.cat\\\/sector-maresme-engega-curs-santa-pinya-ago\\\/\"},\"wordCount\":372,\"publisher\":{\"@id\":\"https:\\\/\\\/www.esplac.cat\\\/#organization\"},\"image\":{\"@id\":\"https:\\\/\\\/www.esplac.cat\\\/sector-maresme-engega-curs-santa-pinya-ago\\\/#primaryimage\"},\"thumbnailUrl\":\"https:\\\/\\\/www.esplac.cat\\\/wp-content\\\/uploads\\\/2022\\\/10\\\/portada-santapinya-maresme.jpg\",\"articleSection\":[\"Sector Maresme\"],\"inLanguage\":\"en-US\"},{\"@type\":\"WebPage\",\"@id\":\"https:\\\/\\\/www.esplac.cat\\\/sector-maresme-engega-curs-santa-pinya-ago\\\/\",\"url\":\"https:\\\/\\\/www.esplac.cat\\\/sector-maresme-engega-curs-santa-pinya-ago\\\/\",\"name\":\"El Sector Maresme engega el curs amb la Santa Pinya i l'AGO! - Esplac\",\"isPartOf\":{\"@id\":\"https:\\\/\\\/www.esplac.cat\\\/#website\"},\"primaryImageOfPage\":{\"@id\":\"https:\\\/\\\/www.esplac.cat\\\/sector-maresme-engega-curs-santa-pinya-ago\\\/#primaryimage\"},\"image\":{\"@id\":\"https:\\\/\\\/www.esplac.cat\\\/sector-maresme-engega-curs-santa-pinya-ago\\\/#primaryimage\"},\"thumbnailUrl\":\"https:\\\/\\\/www.esplac.cat\\\/wp-content\\\/uploads\\\/2022\\\/10\\\/portada-santapinya-maresme.jpg\",\"datePublished\":\"2022-10-19T08:51:03+00:00\",\"dateModified\":\"2022-10-19T09:03:03+00:00\",\"description\":\"Els esplais del Maresme es formen, amb la Santa Pinya, i fan l'AGO de sector al local de l'Esplai La Tribu, a Matar\u00f3.\u00a0\",\"breadcrumb\":{\"@id\":\"https:\\\/\\\/www.esplac.cat\\\/sector-maresme-engega-curs-santa-pinya-ago\\\/#breadcrumb\"},\"inLanguage\":\"en-US\",\"potentialAction\":[{\"@type\":\"ReadAction\",\"target\":[\"https:\\\/\\\/www.esplac.cat\\\/sector-maresme-engega-curs-santa-pinya-ago\\\/\"]}]},{\"@type\":\"ImageObject\",\"inLanguage\":\"en-US\",\"@id\":\"https:\\\/\\\/www.esplac.cat\\\/sector-maresme-engega-curs-santa-pinya-ago\\\/#primaryimage\",\"url\":\"https:\\\/\\\/www.esplac.cat\\\/wp-content\\\/uploads\\\/2022\\\/10\\\/portada-santapinya-maresme.jpg\",\"contentUrl\":\"https:\\\/\\\/www.esplac.cat\\\/wp-content\\\/uploads\\\/2022\\\/10\\\/portada-santapinya-maresme.jpg\",\"width\":1694,\"height\":700,\"caption\":\"santa pinya\"},{\"@type\":\"BreadcrumbList\",\"@id\":\"https:\\\/\\\/www.esplac.cat\\\/sector-maresme-engega-curs-santa-pinya-ago\\\/#breadcrumb\",\"itemListElement\":[{\"@type\":\"ListItem\",\"position\":1,\"name\":\"Inici\",\"item\":\"https:\\\/\\\/www.esplac.cat\\\/en\\\/\"},{\"@type\":\"ListItem\",\"position\":2,\"name\":\"El Sector Maresme engega el curs amb la Santa Pinya i l&#8217;AGO!\"}]},{\"@type\":\"WebSite\",\"@id\":\"https:\\\/\\\/www.esplac.cat\\\/#website\",\"url\":\"https:\\\/\\\/www.esplac.cat\\\/\",\"name\":\"Esplac\",\"description\":\"Esplais Catalans\",\"publisher\":{\"@id\":\"https:\\\/\\\/www.esplac.cat\\\/#organization\"},\"potentialAction\":[{\"@type\":\"SearchAction\",\"target\":{\"@type\":\"EntryPoint\",\"urlTemplate\":\"https:\\\/\\\/www.esplac.cat\\\/?s={search_term_string}\"},\"query-input\":{\"@type\":\"PropertyValueSpecification\",\"valueRequired\":true,\"valueName\":\"search_term_string\"}}],\"inLanguage\":\"en-US\"},{\"@type\":\"Organization\",\"@id\":\"https:\\\/\\\/www.esplac.cat\\\/#organization\",\"name\":\"Esplac\",\"url\":\"https:\\\/\\\/www.esplac.cat\\\/\",\"logo\":{\"@type\":\"ImageObject\",\"inLanguage\":\"en-US\",\"@id\":\"https:\\\/\\\/www.esplac.cat\\\/#\\\/schema\\\/logo\\\/image\\\/\",\"url\":\"https:\\\/\\\/www.esplac.cat\\\/wp-content\\\/uploads\\\/2019\\\/08\\\/logox2.png\",\"contentUrl\":\"https:\\\/\\\/www.esplac.cat\\\/wp-content\\\/uploads\\\/2019\\\/08\\\/logox2.png\",\"width\":600,\"height\":295,\"caption\":\"Esplac\"},\"image\":{\"@id\":\"https:\\\/\\\/www.esplac.cat\\\/#\\\/schema\\\/logo\\\/image\\\/\"}},{\"@type\":\"Person\",\"@id\":\"https:\\\/\\\/www.esplac.cat\\\/#\\\/schema\\\/person\\\/908383cf240be18b68f8855d0583faca\",\"name\":\"Comunicaci\u00f3 Esplac\",\"image\":{\"@type\":\"ImageObject\",\"inLanguage\":\"en-US\",\"@id\":\"https:\\\/\\\/secure.gravatar.com\\\/avatar\\\/7a4cf8feb412a76ea4a740ca02d95b06b2907b5a6c648c2dd0a1082a093c3141?s=96&d=mm&r=g\",\"url\":\"https:\\\/\\\/secure.gravatar.com\\\/avatar\\\/7a4cf8feb412a76ea4a740ca02d95b06b2907b5a6c648c2dd0a1082a093c3141?s=96&d=mm&r=g\",\"contentUrl\":\"https:\\\/\\\/secure.gravatar.com\\\/avatar\\\/7a4cf8feb412a76ea4a740ca02d95b06b2907b5a6c648c2dd0a1082a093c3141?s=96&d=mm&r=g\",\"caption\":\"Comunicaci\u00f3 Esplac\"}}]}<\/script>\n<!-- \/ Yoast SEO plugin. -->","yoast_head_json":{"title":"El Sector Maresme engega el curs amb la Santa Pinya i l'AGO! - Esplac","description":"Els esplais del Maresme es formen, amb la Santa Pinya, i fan l'AGO de sector al local de l'Esplai La Tribu, a Matar\u00f3.\u00a0","robots":{"index":"index","follow":"follow","max-snippet":"max-snippet:-1","max-image-preview":"max-image-preview:large","max-video-preview":"max-video-preview:-1"},"canonical":"https:\/\/www.esplac.cat\/sector-maresme-engega-curs-santa-pinya-ago\/","og_locale":"en_US","og_type":"article","og_title":"El Sector Maresme engega el curs amb la Santa Pinya i l'AGO! - Esplac","og_description":"Els esplais del Maresme es formen, amb la Santa Pinya, i fan l'AGO de sector al local de l'Esplai La Tribu, a Matar\u00f3.\u00a0","og_url":"https:\/\/www.esplac.cat\/sector-maresme-engega-curs-santa-pinya-ago\/","og_site_name":"Esplac","article_published_time":"2022-10-19T08:51:03+00:00","article_modified_time":"2022-10-19T09:03:03+00:00","og_image":[{"width":1694,"height":700,"url":"https:\/\/www.esplac.cat\/wp-content\/uploads\/2022\/10\/portada-santapinya-maresme.jpg","type":"image\/jpeg"}],"author":"Comunicaci\u00f3 Esplac","twitter_card":"summary_large_image","twitter_misc":{"Written by":"Comunicaci\u00f3 Esplac","Est. reading time":"2 minutes"},"schema":{"@context":"https:\/\/schema.org","@graph":[{"@type":"Article","@id":"https:\/\/www.esplac.cat\/sector-maresme-engega-curs-santa-pinya-ago\/#article","isPartOf":{"@id":"https:\/\/www.esplac.cat\/sector-maresme-engega-curs-santa-pinya-ago\/"},"author":{"name":"Comunicaci\u00f3 Esplac","@id":"https:\/\/www.esplac.cat\/#\/schema\/person\/908383cf240be18b68f8855d0583faca"},"headline":"El Sector Maresme engega el curs amb la Santa Pinya i l&#8217;AGO!","datePublished":"2022-10-19T08:51:03+00:00","dateModified":"2022-10-19T09:03:03+00:00","mainEntityOfPage":{"@id":"https:\/\/www.esplac.cat\/sector-maresme-engega-curs-santa-pinya-ago\/"},"wordCount":372,"publisher":{"@id":"https:\/\/www.esplac.cat\/#organization"},"image":{"@id":"https:\/\/www.esplac.cat\/sector-maresme-engega-curs-santa-pinya-ago\/#primaryimage"},"thumbnailUrl":"https:\/\/www.esplac.cat\/wp-content\/uploads\/2022\/10\/portada-santapinya-maresme.jpg","articleSection":["Sector Maresme"],"inLanguage":"en-US"},{"@type":"WebPage","@id":"https:\/\/www.esplac.cat\/sector-maresme-engega-curs-santa-pinya-ago\/","url":"https:\/\/www.esplac.cat\/sector-maresme-engega-curs-santa-pinya-ago\/","name":"El Sector Maresme engega el curs amb la Santa Pinya i l'AGO! - Esplac","isPartOf":{"@id":"https:\/\/www.esplac.cat\/#website"},"primaryImageOfPage":{"@id":"https:\/\/www.esplac.cat\/sector-maresme-engega-curs-santa-pinya-ago\/#primaryimage"},"image":{"@id":"https:\/\/www.esplac.cat\/sector-maresme-engega-curs-santa-pinya-ago\/#primaryimage"},"thumbnailUrl":"https:\/\/www.esplac.cat\/wp-content\/uploads\/2022\/10\/portada-santapinya-maresme.jpg","datePublished":"2022-10-19T08:51:03+00:00","dateModified":"2022-10-19T09:03:03+00:00","description":"Els esplais del Maresme es formen, amb la Santa Pinya, i fan l'AGO de sector al local de l'Esplai La Tribu, a Matar\u00f3.\u00a0","breadcrumb":{"@id":"https:\/\/www.esplac.cat\/sector-maresme-engega-curs-santa-pinya-ago\/#breadcrumb"},"inLanguage":"en-US","potentialAction":[{"@type":"ReadAction","target":["https:\/\/www.esplac.cat\/sector-maresme-engega-curs-santa-pinya-ago\/"]}]},{"@type":"ImageObject","inLanguage":"en-US","@id":"https:\/\/www.esplac.cat\/sector-maresme-engega-curs-santa-pinya-ago\/#primaryimage","url":"https:\/\/www.esplac.cat\/wp-content\/uploads\/2022\/10\/portada-santapinya-maresme.jpg","contentUrl":"https:\/\/www.esplac.cat\/wp-content\/uploads\/2022\/10\/portada-santapinya-maresme.jpg","width":1694,"height":700,"caption":"santa pinya"},{"@type":"BreadcrumbList","@id":"https:\/\/www.esplac.cat\/sector-maresme-engega-curs-santa-pinya-ago\/#breadcrumb","itemListElement":[{"@type":"ListItem","position":1,"name":"Inici","item":"https:\/\/www.esplac.cat\/en\/"},{"@type":"ListItem","position":2,"name":"El Sector Maresme engega el curs amb la Santa Pinya i l&#8217;AGO!"}]},{"@type":"WebSite","@id":"https:\/\/www.esplac.cat\/#website","url":"https:\/\/www.esplac.cat\/","name":"Esplac","description":"Esplais Catalans","publisher":{"@id":"https:\/\/www.esplac.cat\/#organization"},"potentialAction":[{"@type":"SearchAction","target":{"@type":"EntryPoint","urlTemplate":"https:\/\/www.esplac.cat\/?s={search_term_string}"},"query-input":{"@type":"PropertyValueSpecification","valueRequired":true,"valueName":"search_term_string"}}],"inLanguage":"en-US"},{"@type":"Organization","@id":"https:\/\/www.esplac.cat\/#organization","name":"Esplac","url":"https:\/\/www.esplac.cat\/","logo":{"@type":"ImageObject","inLanguage":"en-US","@id":"https:\/\/www.esplac.cat\/#\/schema\/logo\/image\/","url":"https:\/\/www.esplac.cat\/wp-content\/uploads\/2019\/08\/logox2.png","contentUrl":"https:\/\/www.esplac.cat\/wp-content\/uploads\/2019\/08\/logox2.png","width":600,"height":295,"caption":"Esplac"},"image":{"@id":"https:\/\/www.esplac.cat\/#\/schema\/logo\/image\/"}},{"@type":"Person","@id":"https:\/\/www.esplac.cat\/#\/schema\/person\/908383cf240be18b68f8855d0583faca","name":"Comunicaci\u00f3 Esplac","image":{"@type":"ImageObject","inLanguage":"en-US","@id":"https:\/\/secure.gravatar.com\/avatar\/7a4cf8feb412a76ea4a740ca02d95b06b2907b5a6c648c2dd0a1082a093c3141?s=96&d=mm&r=g","url":"https:\/\/secure.gravatar.com\/avatar\/7a4cf8feb412a76ea4a740ca02d95b06b2907b5a6c648c2dd0a1082a093c3141?s=96&d=mm&r=g","contentUrl":"https:\/\/secure.gravatar.com\/avatar\/7a4cf8feb412a76ea4a740ca02d95b06b2907b5a6c648c2dd0a1082a093c3141?s=96&d=mm&r=g","caption":"Comunicaci\u00f3 Esplac"}}]}},"_links":{"self":[{"href":"https:\/\/www.esplac.cat\/en\/wp-json\/wp\/v2\/posts\/41750","targetHints":{"allow":["GET"]}}],"collection":[{"href":"https:\/\/www.esplac.cat\/en\/wp-json\/wp\/v2\/posts"}],"about":[{"href":"https:\/\/www.esplac.cat\/en\/wp-json\/wp\/v2\/types\/post"}],"author":[{"embeddable":true,"href":"https:\/\/www.esplac.cat\/en\/wp-json\/wp\/v2\/users\/3"}],"replies":[{"embeddable":true,"href":"https:\/\/www.esplac.cat\/en\/wp-json\/wp\/v2\/comments?post=41750"}],"version-history":[{"count":0,"href":"https:\/\/www.esplac.cat\/en\/wp-json\/wp\/v2\/posts\/41750\/revisions"}],"wp:featuredmedia":[{"embeddable":true,"href":"https:\/\/www.esplac.cat\/en\/wp-json\/wp\/v2\/media\/41751"}],"wp:attachment":[{"href":"https:\/\/www.esplac.cat\/en\/wp-json\/wp\/v2\/media?parent=41750"}],"wp:term":[{"taxonomy":"category","embeddable":true,"href":"https:\/\/www.esplac.cat\/en\/wp-json\/wp\/v2\/categories?post=41750"},{"taxonomy":"post_tag","embeddable":true,"href":"https:\/\/www.esplac.cat\/en\/wp-json\/wp\/v2\/tags?post=41750"}],"curies":[{"name":"wp","href":"https:\/\/api.w.org\/{rel}","templated":true}]}}