{"id":41785,"date":"2022-10-21T11:05:15","date_gmt":"2022-10-21T09:05:15","guid":{"rendered":"https:\/\/www.esplac.cat\/?p=41785"},"modified":"2022-10-21T11:36:44","modified_gmt":"2022-10-21T09:36:44","slug":"sector-valles-oriental-engega-curs-ago-cuquivetllada","status":"publish","type":"post","link":"https:\/\/www.esplac.cat\/en\/sector-valles-oriental-engega-curs-ago-cuquivetllada\/","title":{"rendered":"El Sector Vall\u00e8s Oriental engega el curs amb l&#8217;AGO i la Cuquivetllada"},"content":{"rendered":"<h6><b>El Sector Vall\u00e8s Oriental ha encetat el curs amb l\u2019AGO de sector i dues noves membres de l\u2019EGS!<\/b><\/h6>\n<p><span style=\"font-weight: 300;\">Durant la Reuni\u00f3 de Sector del mes de setembre es va celebrar l\u2019Assemblea General Ordin\u00e0ria del sector Vall\u00e8s Oriental a Santa Perp\u00e8tua de Mogoda. Amb l\u2019aprovaci\u00f3 un\u00e0nime de la documentaci\u00f3 que es presentava, la Mem\u00f2ria del curs passat i el nou Pla de Treball, el sector arrenca el curs amb 4 activitats planejades: la <\/span><b>Cuquivetllada<\/b><span style=\"font-weight: 300;\">, el <\/span><b>Domingueo Formatiu<\/b><span style=\"font-weight: 300;\">, la <\/span><b>Trobada d\u2019Infants i Joves<\/b><span style=\"font-weight: 300;\"> i <strong>El<\/strong> <\/span><b>Turonet<\/b><span style=\"font-weight: 300;\">.<\/span><\/p>\n<p><span style=\"font-weight: 300;\">I aix\u00f2 no \u00e9s tot\u2026 amb l&#8217;embranzida de l\u2019inici de curs, s\u2019ha celebrat una Assemblea General Extraordin\u00e0ria (AGE) durant la Reuni\u00f3 de Sector d\u2019octubre per <\/span><b>presentar la candidatura de dues membres de l\u2019EGS,<\/b><span style=\"font-weight: 300;\"> que entren a formar-hi part amb unanimitat de vots a favor. Aix\u00ed doncs, aquest curs gaudirem d\u2019un equip confomat per l\u2019Eva Agramunt, l\u2019Adri\u00e0 Gonzalez, la Paula Duaso i la Mireia Bartolom\u00e9.<\/span><\/p>\n<p><span style=\"font-weight: 300;\">El sector comen\u00e7a el curs amb moltes ganes i motivaci\u00f3 per seguir consolidant el lleure al Vall\u00e8s Oriental!<\/span><\/p>\n<h6><b>El 14 i 15 d\u2019octubre, les monitores i monitors van marxar a Caldes de Montbui per comen\u00e7ar el curs amb una activitat de cohesi\u00f3 i formaci\u00f3.<\/b><\/h6>\n<p><span style=\"font-weight: 300;\">La ja tradicional Cuquivetllada, les jornades de formaci\u00f3 del Vall\u00e8s Oriental, ha tingut lloc al camping El Pasqualet i ha estat la primera activitat del curs, on hi han pogut participar noves monitores que tot just comencen la seva etapa a l\u2019esplai i al sector. Com cada any, es comen\u00e7a el curs amb aquesta trobada per tal de posar cara i con\u00e8ixer a les persones que formaran part dels esplais durant el curs, permetent aix\u00ed una millor cohesi\u00f3 i funcionament del sector.<\/span><\/p>\n<p><span style=\"font-weight: 300;\">Durant l\u2019activitat s\u2019han organitzat din\u00e0miques i jocs, per facilitar la coneixen\u00e7a entre participants, i algun espai formatiu per introduir les noves participants a la din\u00e0mica del sector, contextualitzant i explicant el funcionament del dia a dia que t\u00e9 aquest. L\u2019activitat ha finalitzat amb un dinar conjunt preparat per les mateixes monitores i monitors i l&#8217;EGS, i gaudit entre totes, amb una llarga sobretaula.<\/span><\/p>\n<p><span style=\"font-weight: 300;\">Aquesta trobada es valora molt positivament com a impuls per comen\u00e7ar el curs amb for\u00e7a i motivaci\u00f3!<\/span><\/p>\n<p><a href=\"https:\/\/www.esplac.cat\/wp-content\/uploads\/2022\/10\/vallorcuqui1.jpeg\"><img decoding=\"async\" class=\"aligncenter wp-image-41792 size-medium\" src=\"https:\/\/www.esplac.cat\/wp-content\/uploads\/2022\/10\/vallorcuqui1-225x300.jpeg\" alt=\"\" width=\"225\" height=\"300\" srcset=\"https:\/\/www.esplac.cat\/wp-content\/uploads\/2022\/10\/vallorcuqui1-200x267.jpeg 200w, https:\/\/www.esplac.cat\/wp-content\/uploads\/2022\/10\/vallorcuqui1-225x300.jpeg 225w, https:\/\/www.esplac.cat\/wp-content\/uploads\/2022\/10\/vallorcuqui1.jpeg 384w\" sizes=\"(max-width: 225px) 100vw, 225px\" \/><\/a><\/p>\n<p><span style=\"font-weight: 300;\">\u00a0<\/span><\/p>\n","protected":false},"excerpt":{"rendered":"<p>El Sector Vall\u00e8s Oriental ha encetat el curs amb l\u2019AGO [&hellip;]<\/p>\n","protected":false},"author":3,"featured_media":41787,"comment_status":"closed","ping_status":"closed","sticky":false,"template":"","format":"standard","meta":{"om_disable_all_campaigns":false,"_monsterinsights_skip_tracking":false,"_monsterinsights_sitenote_active":false,"_monsterinsights_sitenote_note":"","_monsterinsights_sitenote_category":0,"_uf_show_specific_survey":0,"_uf_disable_surveys":false,"footnotes":""},"categories":[1125],"tags":[],"class_list":["post-41785","post","type-post","status-publish","format-standard","has-post-thumbnail","hentry","category-sector-valles-oriental"],"yoast_head":"<!-- This site is optimized with the Yoast SEO plugin v27.5 - https:\/\/yoast.com\/product\/yoast-seo-wordpress\/ -->\n<title>El Sector Vall\u00e8s Oriental engega el curs amb l&#039;AGO i la Cuquivetllada - Esplac<\/title>\n<meta name=\"robots\" content=\"index, follow, max-snippet:-1, max-image-preview:large, max-video-preview:-1\" \/>\n<link rel=\"canonical\" href=\"https:\/\/www.esplac.cat\/sector-valles-oriental-engega-curs-ago-cuquivetllada\/\" \/>\n<meta property=\"og:locale\" content=\"en_US\" \/>\n<meta property=\"og:type\" content=\"article\" \/>\n<meta property=\"og:title\" content=\"El Sector Vall\u00e8s Oriental engega el curs amb l&#039;AGO i la Cuquivetllada - Esplac\" \/>\n<meta property=\"og:description\" content=\"El Sector Vall\u00e8s Oriental ha encetat el curs amb l\u2019AGO [&hellip;]\" \/>\n<meta property=\"og:url\" content=\"https:\/\/www.esplac.cat\/sector-valles-oriental-engega-curs-ago-cuquivetllada\/\" \/>\n<meta property=\"og:site_name\" content=\"Esplac\" \/>\n<meta property=\"article:published_time\" content=\"2022-10-21T09:05:15+00:00\" \/>\n<meta property=\"article:modified_time\" content=\"2022-10-21T09:36:44+00:00\" \/>\n<meta property=\"og:image\" content=\"https:\/\/www.esplac.cat\/wp-content\/uploads\/2022\/10\/Portades-web-32.jpg\" \/>\n\t<meta property=\"og:image:width\" content=\"1694\" \/>\n\t<meta property=\"og:image:height\" content=\"700\" \/>\n\t<meta property=\"og:image:type\" content=\"image\/jpeg\" \/>\n<meta name=\"author\" content=\"Comunicaci\u00f3 Esplac\" \/>\n<meta name=\"twitter:card\" content=\"summary_large_image\" \/>\n<meta name=\"twitter:image\" content=\"https:\/\/www.esplac.cat\/wp-content\/uploads\/2022\/10\/Portades-web-32.jpg\" \/>\n<meta name=\"twitter:label1\" content=\"Written by\" \/>\n\t<meta name=\"twitter:data1\" content=\"Comunicaci\u00f3 Esplac\" \/>\n\t<meta name=\"twitter:label2\" content=\"Est. reading time\" \/>\n\t<meta name=\"twitter:data2\" content=\"2 minutes\" \/>\n<script type=\"application\/ld+json\" class=\"yoast-schema-graph\">{\"@context\":\"https:\\\/\\\/schema.org\",\"@graph\":[{\"@type\":\"Article\",\"@id\":\"https:\\\/\\\/www.esplac.cat\\\/sector-valles-oriental-engega-curs-ago-cuquivetllada\\\/#article\",\"isPartOf\":{\"@id\":\"https:\\\/\\\/www.esplac.cat\\\/sector-valles-oriental-engega-curs-ago-cuquivetllada\\\/\"},\"author\":{\"name\":\"Comunicaci\u00f3 Esplac\",\"@id\":\"https:\\\/\\\/www.esplac.cat\\\/#\\\/schema\\\/person\\\/908383cf240be18b68f8855d0583faca\"},\"headline\":\"El Sector Vall\u00e8s Oriental engega el curs amb l&#8217;AGO i la Cuquivetllada\",\"datePublished\":\"2022-10-21T09:05:15+00:00\",\"dateModified\":\"2022-10-21T09:36:44+00:00\",\"mainEntityOfPage\":{\"@id\":\"https:\\\/\\\/www.esplac.cat\\\/sector-valles-oriental-engega-curs-ago-cuquivetllada\\\/\"},\"wordCount\":402,\"publisher\":{\"@id\":\"https:\\\/\\\/www.esplac.cat\\\/#organization\"},\"image\":{\"@id\":\"https:\\\/\\\/www.esplac.cat\\\/sector-valles-oriental-engega-curs-ago-cuquivetllada\\\/#primaryimage\"},\"thumbnailUrl\":\"https:\\\/\\\/www.esplac.cat\\\/wp-content\\\/uploads\\\/2022\\\/10\\\/Portades-web-32.jpg\",\"articleSection\":[\"Sector Vall\u00e8s Oriental\"],\"inLanguage\":\"en-US\"},{\"@type\":\"WebPage\",\"@id\":\"https:\\\/\\\/www.esplac.cat\\\/sector-valles-oriental-engega-curs-ago-cuquivetllada\\\/\",\"url\":\"https:\\\/\\\/www.esplac.cat\\\/sector-valles-oriental-engega-curs-ago-cuquivetllada\\\/\",\"name\":\"El Sector Vall\u00e8s Oriental engega el curs amb l'AGO i la Cuquivetllada - Esplac\",\"isPartOf\":{\"@id\":\"https:\\\/\\\/www.esplac.cat\\\/#website\"},\"primaryImageOfPage\":{\"@id\":\"https:\\\/\\\/www.esplac.cat\\\/sector-valles-oriental-engega-curs-ago-cuquivetllada\\\/#primaryimage\"},\"image\":{\"@id\":\"https:\\\/\\\/www.esplac.cat\\\/sector-valles-oriental-engega-curs-ago-cuquivetllada\\\/#primaryimage\"},\"thumbnailUrl\":\"https:\\\/\\\/www.esplac.cat\\\/wp-content\\\/uploads\\\/2022\\\/10\\\/Portades-web-32.jpg\",\"datePublished\":\"2022-10-21T09:05:15+00:00\",\"dateModified\":\"2022-10-21T09:36:44+00:00\",\"breadcrumb\":{\"@id\":\"https:\\\/\\\/www.esplac.cat\\\/sector-valles-oriental-engega-curs-ago-cuquivetllada\\\/#breadcrumb\"},\"inLanguage\":\"en-US\",\"potentialAction\":[{\"@type\":\"ReadAction\",\"target\":[\"https:\\\/\\\/www.esplac.cat\\\/sector-valles-oriental-engega-curs-ago-cuquivetllada\\\/\"]}]},{\"@type\":\"ImageObject\",\"inLanguage\":\"en-US\",\"@id\":\"https:\\\/\\\/www.esplac.cat\\\/sector-valles-oriental-engega-curs-ago-cuquivetllada\\\/#primaryimage\",\"url\":\"https:\\\/\\\/www.esplac.cat\\\/wp-content\\\/uploads\\\/2022\\\/10\\\/Portades-web-32.jpg\",\"contentUrl\":\"https:\\\/\\\/www.esplac.cat\\\/wp-content\\\/uploads\\\/2022\\\/10\\\/Portades-web-32.jpg\",\"width\":1694,\"height\":700},{\"@type\":\"BreadcrumbList\",\"@id\":\"https:\\\/\\\/www.esplac.cat\\\/sector-valles-oriental-engega-curs-ago-cuquivetllada\\\/#breadcrumb\",\"itemListElement\":[{\"@type\":\"ListItem\",\"position\":1,\"name\":\"Inici\",\"item\":\"https:\\\/\\\/www.esplac.cat\\\/en\\\/\"},{\"@type\":\"ListItem\",\"position\":2,\"name\":\"El Sector Vall\u00e8s Oriental engega el curs amb l&#8217;AGO i la Cuquivetllada\"}]},{\"@type\":\"WebSite\",\"@id\":\"https:\\\/\\\/www.esplac.cat\\\/#website\",\"url\":\"https:\\\/\\\/www.esplac.cat\\\/\",\"name\":\"Esplac\",\"description\":\"Esplais Catalans\",\"publisher\":{\"@id\":\"https:\\\/\\\/www.esplac.cat\\\/#organization\"},\"potentialAction\":[{\"@type\":\"SearchAction\",\"target\":{\"@type\":\"EntryPoint\",\"urlTemplate\":\"https:\\\/\\\/www.esplac.cat\\\/?s={search_term_string}\"},\"query-input\":{\"@type\":\"PropertyValueSpecification\",\"valueRequired\":true,\"valueName\":\"search_term_string\"}}],\"inLanguage\":\"en-US\"},{\"@type\":\"Organization\",\"@id\":\"https:\\\/\\\/www.esplac.cat\\\/#organization\",\"name\":\"Esplac\",\"url\":\"https:\\\/\\\/www.esplac.cat\\\/\",\"logo\":{\"@type\":\"ImageObject\",\"inLanguage\":\"en-US\",\"@id\":\"https:\\\/\\\/www.esplac.cat\\\/#\\\/schema\\\/logo\\\/image\\\/\",\"url\":\"https:\\\/\\\/www.esplac.cat\\\/wp-content\\\/uploads\\\/2019\\\/08\\\/logox2.png\",\"contentUrl\":\"https:\\\/\\\/www.esplac.cat\\\/wp-content\\\/uploads\\\/2019\\\/08\\\/logox2.png\",\"width\":600,\"height\":295,\"caption\":\"Esplac\"},\"image\":{\"@id\":\"https:\\\/\\\/www.esplac.cat\\\/#\\\/schema\\\/logo\\\/image\\\/\"}},{\"@type\":\"Person\",\"@id\":\"https:\\\/\\\/www.esplac.cat\\\/#\\\/schema\\\/person\\\/908383cf240be18b68f8855d0583faca\",\"name\":\"Comunicaci\u00f3 Esplac\",\"image\":{\"@type\":\"ImageObject\",\"inLanguage\":\"en-US\",\"@id\":\"https:\\\/\\\/secure.gravatar.com\\\/avatar\\\/7a4cf8feb412a76ea4a740ca02d95b06b2907b5a6c648c2dd0a1082a093c3141?s=96&d=mm&r=g\",\"url\":\"https:\\\/\\\/secure.gravatar.com\\\/avatar\\\/7a4cf8feb412a76ea4a740ca02d95b06b2907b5a6c648c2dd0a1082a093c3141?s=96&d=mm&r=g\",\"contentUrl\":\"https:\\\/\\\/secure.gravatar.com\\\/avatar\\\/7a4cf8feb412a76ea4a740ca02d95b06b2907b5a6c648c2dd0a1082a093c3141?s=96&d=mm&r=g\",\"caption\":\"Comunicaci\u00f3 Esplac\"}}]}<\/script>\n<!-- \/ Yoast SEO plugin. -->","yoast_head_json":{"title":"El Sector Vall\u00e8s Oriental engega el curs amb l'AGO i la Cuquivetllada - Esplac","robots":{"index":"index","follow":"follow","max-snippet":"max-snippet:-1","max-image-preview":"max-image-preview:large","max-video-preview":"max-video-preview:-1"},"canonical":"https:\/\/www.esplac.cat\/sector-valles-oriental-engega-curs-ago-cuquivetllada\/","og_locale":"en_US","og_type":"article","og_title":"El Sector Vall\u00e8s Oriental engega el curs amb l'AGO i la Cuquivetllada - Esplac","og_description":"El Sector Vall\u00e8s Oriental ha encetat el curs amb l\u2019AGO [&hellip;]","og_url":"https:\/\/www.esplac.cat\/sector-valles-oriental-engega-curs-ago-cuquivetllada\/","og_site_name":"Esplac","article_published_time":"2022-10-21T09:05:15+00:00","article_modified_time":"2022-10-21T09:36:44+00:00","og_image":[{"width":1694,"height":700,"url":"https:\/\/www.esplac.cat\/wp-content\/uploads\/2022\/10\/Portades-web-32.jpg","type":"image\/jpeg"}],"author":"Comunicaci\u00f3 Esplac","twitter_card":"summary_large_image","twitter_image":"https:\/\/www.esplac.cat\/wp-content\/uploads\/2022\/10\/Portades-web-32.jpg","twitter_misc":{"Written by":"Comunicaci\u00f3 Esplac","Est. reading time":"2 minutes"},"schema":{"@context":"https:\/\/schema.org","@graph":[{"@type":"Article","@id":"https:\/\/www.esplac.cat\/sector-valles-oriental-engega-curs-ago-cuquivetllada\/#article","isPartOf":{"@id":"https:\/\/www.esplac.cat\/sector-valles-oriental-engega-curs-ago-cuquivetllada\/"},"author":{"name":"Comunicaci\u00f3 Esplac","@id":"https:\/\/www.esplac.cat\/#\/schema\/person\/908383cf240be18b68f8855d0583faca"},"headline":"El Sector Vall\u00e8s Oriental engega el curs amb l&#8217;AGO i la Cuquivetllada","datePublished":"2022-10-21T09:05:15+00:00","dateModified":"2022-10-21T09:36:44+00:00","mainEntityOfPage":{"@id":"https:\/\/www.esplac.cat\/sector-valles-oriental-engega-curs-ago-cuquivetllada\/"},"wordCount":402,"publisher":{"@id":"https:\/\/www.esplac.cat\/#organization"},"image":{"@id":"https:\/\/www.esplac.cat\/sector-valles-oriental-engega-curs-ago-cuquivetllada\/#primaryimage"},"thumbnailUrl":"https:\/\/www.esplac.cat\/wp-content\/uploads\/2022\/10\/Portades-web-32.jpg","articleSection":["Sector Vall\u00e8s Oriental"],"inLanguage":"en-US"},{"@type":"WebPage","@id":"https:\/\/www.esplac.cat\/sector-valles-oriental-engega-curs-ago-cuquivetllada\/","url":"https:\/\/www.esplac.cat\/sector-valles-oriental-engega-curs-ago-cuquivetllada\/","name":"El Sector Vall\u00e8s Oriental engega el curs amb l'AGO i la Cuquivetllada - Esplac","isPartOf":{"@id":"https:\/\/www.esplac.cat\/#website"},"primaryImageOfPage":{"@id":"https:\/\/www.esplac.cat\/sector-valles-oriental-engega-curs-ago-cuquivetllada\/#primaryimage"},"image":{"@id":"https:\/\/www.esplac.cat\/sector-valles-oriental-engega-curs-ago-cuquivetllada\/#primaryimage"},"thumbnailUrl":"https:\/\/www.esplac.cat\/wp-content\/uploads\/2022\/10\/Portades-web-32.jpg","datePublished":"2022-10-21T09:05:15+00:00","dateModified":"2022-10-21T09:36:44+00:00","breadcrumb":{"@id":"https:\/\/www.esplac.cat\/sector-valles-oriental-engega-curs-ago-cuquivetllada\/#breadcrumb"},"inLanguage":"en-US","potentialAction":[{"@type":"ReadAction","target":["https:\/\/www.esplac.cat\/sector-valles-oriental-engega-curs-ago-cuquivetllada\/"]}]},{"@type":"ImageObject","inLanguage":"en-US","@id":"https:\/\/www.esplac.cat\/sector-valles-oriental-engega-curs-ago-cuquivetllada\/#primaryimage","url":"https:\/\/www.esplac.cat\/wp-content\/uploads\/2022\/10\/Portades-web-32.jpg","contentUrl":"https:\/\/www.esplac.cat\/wp-content\/uploads\/2022\/10\/Portades-web-32.jpg","width":1694,"height":700},{"@type":"BreadcrumbList","@id":"https:\/\/www.esplac.cat\/sector-valles-oriental-engega-curs-ago-cuquivetllada\/#breadcrumb","itemListElement":[{"@type":"ListItem","position":1,"name":"Inici","item":"https:\/\/www.esplac.cat\/en\/"},{"@type":"ListItem","position":2,"name":"El Sector Vall\u00e8s Oriental engega el curs amb l&#8217;AGO i la Cuquivetllada"}]},{"@type":"WebSite","@id":"https:\/\/www.esplac.cat\/#website","url":"https:\/\/www.esplac.cat\/","name":"Esplac","description":"Esplais Catalans","publisher":{"@id":"https:\/\/www.esplac.cat\/#organization"},"potentialAction":[{"@type":"SearchAction","target":{"@type":"EntryPoint","urlTemplate":"https:\/\/www.esplac.cat\/?s={search_term_string}"},"query-input":{"@type":"PropertyValueSpecification","valueRequired":true,"valueName":"search_term_string"}}],"inLanguage":"en-US"},{"@type":"Organization","@id":"https:\/\/www.esplac.cat\/#organization","name":"Esplac","url":"https:\/\/www.esplac.cat\/","logo":{"@type":"ImageObject","inLanguage":"en-US","@id":"https:\/\/www.esplac.cat\/#\/schema\/logo\/image\/","url":"https:\/\/www.esplac.cat\/wp-content\/uploads\/2019\/08\/logox2.png","contentUrl":"https:\/\/www.esplac.cat\/wp-content\/uploads\/2019\/08\/logox2.png","width":600,"height":295,"caption":"Esplac"},"image":{"@id":"https:\/\/www.esplac.cat\/#\/schema\/logo\/image\/"}},{"@type":"Person","@id":"https:\/\/www.esplac.cat\/#\/schema\/person\/908383cf240be18b68f8855d0583faca","name":"Comunicaci\u00f3 Esplac","image":{"@type":"ImageObject","inLanguage":"en-US","@id":"https:\/\/secure.gravatar.com\/avatar\/7a4cf8feb412a76ea4a740ca02d95b06b2907b5a6c648c2dd0a1082a093c3141?s=96&d=mm&r=g","url":"https:\/\/secure.gravatar.com\/avatar\/7a4cf8feb412a76ea4a740ca02d95b06b2907b5a6c648c2dd0a1082a093c3141?s=96&d=mm&r=g","contentUrl":"https:\/\/secure.gravatar.com\/avatar\/7a4cf8feb412a76ea4a740ca02d95b06b2907b5a6c648c2dd0a1082a093c3141?s=96&d=mm&r=g","caption":"Comunicaci\u00f3 Esplac"}}]}},"_links":{"self":[{"href":"https:\/\/www.esplac.cat\/en\/wp-json\/wp\/v2\/posts\/41785","targetHints":{"allow":["GET"]}}],"collection":[{"href":"https:\/\/www.esplac.cat\/en\/wp-json\/wp\/v2\/posts"}],"about":[{"href":"https:\/\/www.esplac.cat\/en\/wp-json\/wp\/v2\/types\/post"}],"author":[{"embeddable":true,"href":"https:\/\/www.esplac.cat\/en\/wp-json\/wp\/v2\/users\/3"}],"replies":[{"embeddable":true,"href":"https:\/\/www.esplac.cat\/en\/wp-json\/wp\/v2\/comments?post=41785"}],"version-history":[{"count":0,"href":"https:\/\/www.esplac.cat\/en\/wp-json\/wp\/v2\/posts\/41785\/revisions"}],"wp:featuredmedia":[{"embeddable":true,"href":"https:\/\/www.esplac.cat\/en\/wp-json\/wp\/v2\/media\/41787"}],"wp:attachment":[{"href":"https:\/\/www.esplac.cat\/en\/wp-json\/wp\/v2\/media?parent=41785"}],"wp:term":[{"taxonomy":"category","embeddable":true,"href":"https:\/\/www.esplac.cat\/en\/wp-json\/wp\/v2\/categories?post=41785"},{"taxonomy":"post_tag","embeddable":true,"href":"https:\/\/www.esplac.cat\/en\/wp-json\/wp\/v2\/tags?post=41785"}],"curies":[{"name":"wp","href":"https:\/\/api.w.org\/{rel}","templated":true}]}}