{"id":41871,"date":"2022-10-25T13:57:36","date_gmt":"2022-10-25T11:57:36","guid":{"rendered":"https:\/\/www.esplac.cat\/?p=41871"},"modified":"2022-10-25T13:57:36","modified_gmt":"2022-10-25T11:57:36","slug":"pregunta-afirmacio-som-feministes-dotzena-jornades-lleure-feminismes-exit","status":"publish","type":"post","link":"https:\/\/www.esplac.cat\/en\/pregunta-afirmacio-som-feministes-dotzena-jornades-lleure-feminismes-exit\/","title":{"rendered":"Sota la pregunta i afirmaci\u00f3 \u201cSom feministes(?)\u201d, la dotzena edici\u00f3 de les Jornades de Lleure i Feminismes han estat un \u00e8xit"},"content":{"rendered":"<h6><b>Aquest diumenge 23 d\u2019octubre vam celebrar les Jornades a la Masia de la Guineueta, a Barcelona. 80 persones d\u2019Esplais Catalans, Escoltes Catalans i altres entitats han pogut gaudir d&#8217;aquestes jornades.<\/b><\/h6>\n<p>Les <a href=\"https:\/\/www.esplac.cat\/formacions\/jornades-de-lleure-i-feminismes\/\" target=\"_blank\" rel=\"noopener noreferrer\"><strong>Jornades de Lleure i Feminismes<\/strong><\/a> s\u00f3n un espai de trobada entre l\u2019associacionisme educatiu i el moviment feminista i LGBTIQ. Un espai de col\u00b7laboraci\u00f3 que ens permet estendre discursos, teixir complicitats i intercanviar experi\u00e8ncies. Enguany, ha sigut el moment de l&#8217;edici\u00f3 n\u00famero dotze, aquest cop al barri de la Guineueta de Barcelona. Aquestes han estat organitzades per l&#8217;Escola Lliure El Sol, Escoltes Catalans i Esplais Catalans, concretament, per la Comissi\u00f3 de G\u00e8neres i Sexualitats Diverses i Dissidents d&#8217;Esplac (GSDD). \u00c9s per aix\u00f2, que des de la Comi ens han explicat com ha anat la jornada del passat 23 d&#8217;octubre:<\/p>\n<p>Les persones organitzadores i volunt\u00e0ries ens hem trobat a les vuit del mat\u00ed a la <span style=\"color: #ff9900;\"><a style=\"color: #ff9900;\" href=\"https:\/\/www.instagram.com\/lamasiadelaguineueta\/\" target=\"_blank\" rel=\"noopener noreferrer\">Masia de la Guineueta<\/a><\/span>. Sent\u00edem nervis, il\u00b7lusi\u00f3 i ganes que el dia sort\u00eds b\u00e9. Ens hem repartit les tasques a fer i de seguida s\u2019han fet les nou i han comen\u00e7at a venir les participants. Han pogut veure a quin taller anaven i els hem presentat l&#8217;<span style=\"color: #ff9900;\"><a style=\"color: #ff9900;\" href=\"https:\/\/regularizacionya.com\/\" target=\"_blank\" rel=\"noopener noreferrer\">ILP Regularizaci\u00f3n Ya<\/a>\u00a0<\/span>per tal de que aquelles persones que no haguessin firmat, ho fessin. Hi havia fruita, caf\u00e8, infusions i galetes per fer temps i preparar-se pel mat\u00ed.<\/p>\n<p>A tres quarts de deu hem fet la presentaci\u00f3 i la pon\u00e8ncia inicial a c\u00e0rrec de <strong><span style=\"color: #ff9900;\"><a style=\"color: #ff9900;\" href=\"https:\/\/candela.cat\/inici\/\" target=\"_blank\" rel=\"noopener noreferrer\">Candela Cooperativa<\/a><\/span><\/strong>. Amb la pon\u00e8ncia hem pogut fer una retrospectiva d\u2019aquests darrers dotze anys de les Jornades de Lleure i Feminismes: d\u2019on venim, qu\u00e8 ha passat, qu\u00e8 hem fet\u2026<\/p>\n<p>Una hora m\u00e9s tard han comen\u00e7at els tallers matinals. En aquests, hem parlat sobre com introduir la perspectiva de les cures a les nostres assemblees i amb infans i joves gr\u00e0cies a<strong> <span style=\"color: #ff9900;\"><a style=\"color: #ff9900;\" href=\"https:\/\/quatrecantonades.cat\/\" target=\"_blank\" rel=\"noopener noreferrer\">Quatre Cantonades<\/a><\/span><\/strong>. <strong><span style=\"color: #ff9900;\"><a style=\"color: #ff9900;\" href=\"https:\/\/www.instagram.com\/empatravas\/\" target=\"_blank\" rel=\"noopener noreferrer\">Empatravas<\/a><\/span><\/strong> ens ha explicat el marc te\u00f2ric i legal de les viv\u00e8ncies i experi\u00e8ncies trans* i hem compartit recursos per introduir aquesta perspectiva a les nostres entitats. Finalment, la <strong><span style=\"color: #ff9900;\"><a style=\"color: #ff9900;\" href=\"https:\/\/www.instagram.com\/mireiaredon\/\" target=\"_blank\" rel=\"noopener noreferrer\">Mireia Redondo<\/a><\/span><\/strong> ens ha facilitat un espai per reflexionar sobre la prevenci\u00f3 i l\u2019abordatge de les viol\u00e8ncies masclistes i LGTBIQf\u00f2biques a les nostres entitats.<\/p>\n<p>Pensar i reflexionar tant fa obrir la gana\u2026 dues companyes properes a l\u2019organitzaci\u00f3 s\u2019han encarregat de preparar el dinar: de plat principal, macarrons amb salsa bolonyesa vegana de soja texturitzada i llenties. I per acompanyar, amanida. Un dinar bon\u00edssim!<\/p>\n<p>Sense gaire temps per prendre el caf\u00e8 de despr\u00e9s de dinar, hem comen\u00e7at els tallers de tarda. La <strong>Columba Zavala<\/strong> ens ha dinamitzat un espai no mixte sobre experi\u00e8ncies i coneixements del cos. Amb<strong><span style=\"color: #ff9900;\"><a style=\"color: #ff9900;\" href=\"https:\/\/www.instagram.com\/lasfritasteatre\/\" target=\"_blank\" rel=\"noopener noreferrer\"> Las Fritas Teatre<\/a><\/span><\/strong> hem pogut reflexionar sobre l\u2019amor rom\u00e0ntic a trav\u00e9s de la seva obra \u201cPortrait\u201d. La <strong><span style=\"color: #ff9900;\"><a style=\"color: #ff9900;\" href=\"https:\/\/www.instagram.com\/daisombraaisha\/\" target=\"_blank\" rel=\"noopener noreferrer\">Dai Sombra Aisha<\/a><\/span><\/strong> ens ha acompanyat oferint-nos un taller sobre feminisme antiracista.<\/p>\n<p>S\u00f3n quarts de set i ens sentim remogudes, cansades i contentes. Durant el tot el dia hem apr\u00e8s, desapr\u00e8s, ens hem emocionat, hem conegut persones d\u2019altres entitats\u2026 En resum, un curs m\u00e9s, hem posat una nova pe\u00e7a al llarg cam\u00ed de fer-nos feministes. I que aix\u00ed sigui per molts m\u00e9s anys!<\/p>\n<p>Gr\u00e0cies a totes les participants, organitzaci\u00f3 i talleristes!<\/p>\n\n\t\t<style type=\"text\/css\">\n\t\t\t#gallery-1 {\n\t\t\t\tmargin: auto;\n\t\t\t}\n\t\t\t#gallery-1 .gallery-item {\n\t\t\t\tfloat: left;\n\t\t\t\tmargin-top: 10px;\n\t\t\t\ttext-align: center;\n\t\t\t\twidth: 33%;\n\t\t\t}\n\t\t\t#gallery-1 img {\n\t\t\t\tborder: 2px solid #cfcfcf;\n\t\t\t}\n\t\t\t#gallery-1 .gallery-caption {\n\t\t\t\tmargin-left: 0;\n\t\t\t}\n\t\t\t\/* see gallery_shortcode() in wp-includes\/media.php *\/\n\t\t<\/style>\n\t\t<div id='gallery-1' class='gallery galleryid-41871 gallery-columns-3 gallery-size-medium'><dl class='gallery-item'>\n\t\t\t<dt class='gallery-icon landscape'>\n\t\t\t\t<a data-rel=\"iLightbox[postimages]\" data-title=\"IMG-20221023-WA0023\" data-caption=\"\" href='https:\/\/www.esplac.cat\/wp-content\/uploads\/2022\/10\/IMG-20221023-WA0023.jpg'><img decoding=\"async\" width=\"300\" height=\"225\" src=\"https:\/\/www.esplac.cat\/wp-content\/uploads\/2022\/10\/IMG-20221023-WA0023-300x225.jpg\" class=\"attachment-medium size-medium\" alt=\"\" srcset=\"https:\/\/www.esplac.cat\/wp-content\/uploads\/2022\/10\/IMG-20221023-WA0023-200x150.jpg 200w, https:\/\/www.esplac.cat\/wp-content\/uploads\/2022\/10\/IMG-20221023-WA0023-300x225.jpg 300w, https:\/\/www.esplac.cat\/wp-content\/uploads\/2022\/10\/IMG-20221023-WA0023-400x300.jpg 400w, https:\/\/www.esplac.cat\/wp-content\/uploads\/2022\/10\/IMG-20221023-WA0023-600x450.jpg 600w, https:\/\/www.esplac.cat\/wp-content\/uploads\/2022\/10\/IMG-20221023-WA0023-768x576.jpg 768w, https:\/\/www.esplac.cat\/wp-content\/uploads\/2022\/10\/IMG-20221023-WA0023-800x600.jpg 800w, https:\/\/www.esplac.cat\/wp-content\/uploads\/2022\/10\/IMG-20221023-WA0023-1024x768.jpg 1024w, https:\/\/www.esplac.cat\/wp-content\/uploads\/2022\/10\/IMG-20221023-WA0023-1200x900.jpg 1200w, https:\/\/www.esplac.cat\/wp-content\/uploads\/2022\/10\/IMG-20221023-WA0023-1536x1152.jpg 1536w\" sizes=\"(max-width: 300px) 100vw, 300px\" \/><\/a>\n\t\t\t<\/dt><\/dl><dl class='gallery-item'>\n\t\t\t<dt class='gallery-icon landscape'>\n\t\t\t\t<a data-rel=\"iLightbox[postimages]\" data-title=\"IMG_20221023_175501_181\" data-caption=\"\" href='https:\/\/www.esplac.cat\/wp-content\/uploads\/2022\/10\/IMG_20221023_175501_181.jpg'><img decoding=\"async\" width=\"300\" height=\"225\" src=\"https:\/\/www.esplac.cat\/wp-content\/uploads\/2022\/10\/IMG_20221023_175501_181-300x225.jpg\" class=\"attachment-medium size-medium\" alt=\"\" srcset=\"https:\/\/www.esplac.cat\/wp-content\/uploads\/2022\/10\/IMG_20221023_175501_181-200x150.jpg 200w, https:\/\/www.esplac.cat\/wp-content\/uploads\/2022\/10\/IMG_20221023_175501_181-300x225.jpg 300w, https:\/\/www.esplac.cat\/wp-content\/uploads\/2022\/10\/IMG_20221023_175501_181-400x300.jpg 400w, https:\/\/www.esplac.cat\/wp-content\/uploads\/2022\/10\/IMG_20221023_175501_181-600x450.jpg 600w, https:\/\/www.esplac.cat\/wp-content\/uploads\/2022\/10\/IMG_20221023_175501_181.jpg 720w\" sizes=\"(max-width: 300px) 100vw, 300px\" \/><\/a>\n\t\t\t<\/dt><\/dl><dl class='gallery-item'>\n\t\t\t<dt class='gallery-icon portrait'>\n\t\t\t\t<a data-rel=\"iLightbox[postimages]\" data-title=\"IMG-20221023-WA0015\" data-caption=\"\" href='https:\/\/www.esplac.cat\/wp-content\/uploads\/2022\/10\/IMG-20221023-WA0015.jpg'><img decoding=\"async\" width=\"225\" height=\"300\" src=\"https:\/\/www.esplac.cat\/wp-content\/uploads\/2022\/10\/IMG-20221023-WA0015-225x300.jpg\" class=\"attachment-medium size-medium\" alt=\"\" srcset=\"https:\/\/www.esplac.cat\/wp-content\/uploads\/2022\/10\/IMG-20221023-WA0015-200x267.jpg 200w, https:\/\/www.esplac.cat\/wp-content\/uploads\/2022\/10\/IMG-20221023-WA0015-225x300.jpg 225w, https:\/\/www.esplac.cat\/wp-content\/uploads\/2022\/10\/IMG-20221023-WA0015-400x533.jpg 400w, https:\/\/www.esplac.cat\/wp-content\/uploads\/2022\/10\/IMG-20221023-WA0015-600x800.jpg 600w, https:\/\/www.esplac.cat\/wp-content\/uploads\/2022\/10\/IMG-20221023-WA0015-768x1024.jpg 768w, https:\/\/www.esplac.cat\/wp-content\/uploads\/2022\/10\/IMG-20221023-WA0015-800x1067.jpg 800w, https:\/\/www.esplac.cat\/wp-content\/uploads\/2022\/10\/IMG-20221023-WA0015-1152x1536.jpg 1152w, https:\/\/www.esplac.cat\/wp-content\/uploads\/2022\/10\/IMG-20221023-WA0015-1200x1600.jpg 1200w, https:\/\/www.esplac.cat\/wp-content\/uploads\/2022\/10\/IMG-20221023-WA0015.jpg 1536w\" sizes=\"(max-width: 225px) 100vw, 225px\" \/><\/a>\n\t\t\t<\/dt><\/dl><br style=\"clear: both\" \/>\n\t\t<\/div>\n\n","protected":false},"excerpt":{"rendered":"<p>Aquest diumenge 23 d\u2019octubre vam celebrar les Jornades a la [&hellip;]<\/p>\n","protected":false},"author":3,"featured_media":41872,"comment_status":"closed","ping_status":"closed","sticky":false,"template":"","format":"standard","meta":{"om_disable_all_campaigns":false,"_monsterinsights_skip_tracking":false,"_monsterinsights_sitenote_active":false,"_monsterinsights_sitenote_note":"","_monsterinsights_sitenote_category":0,"_uf_show_specific_survey":0,"_uf_disable_surveys":false,"footnotes":""},"categories":[1158],"tags":[],"class_list":["post-41871","post","type-post","status-publish","format-standard","has-post-thumbnail","hentry","category-jornades-lleure-feminismes"],"yoast_head":"<!-- This site is optimized with the Yoast SEO plugin v27.5 - https:\/\/yoast.com\/product\/yoast-seo-wordpress\/ -->\n<title>Sota la pregunta i afirmaci\u00f3 \u201cSom feministes(?)\u201d, la dotzena edici\u00f3 de les Jornades de Lleure i Feminismes han estat un \u00e8xit - Esplac<\/title>\n<meta name=\"description\" content=\"Aquest diumenge 23 d\u2019octubre vam celebrar les Jornades de Lleure i Feminismes a la Masia de la Guineueta, a Barcelona.\" \/>\n<meta name=\"robots\" content=\"index, follow, max-snippet:-1, max-image-preview:large, max-video-preview:-1\" \/>\n<link rel=\"canonical\" href=\"https:\/\/www.esplac.cat\/pregunta-afirmacio-som-feministes-dotzena-jornades-lleure-feminismes-exit\/\" \/>\n<meta property=\"og:locale\" content=\"en_US\" \/>\n<meta property=\"og:type\" content=\"article\" \/>\n<meta property=\"og:title\" content=\"Sota la pregunta i afirmaci\u00f3 \u201cSom feministes(?)\u201d, la dotzena edici\u00f3 de les Jornades de Lleure i Feminismes han estat un \u00e8xit - Esplac\" \/>\n<meta property=\"og:description\" content=\"Aquest diumenge 23 d\u2019octubre vam celebrar les Jornades de Lleure i Feminismes a la Masia de la Guineueta, a Barcelona.\" \/>\n<meta property=\"og:url\" content=\"https:\/\/www.esplac.cat\/pregunta-afirmacio-som-feministes-dotzena-jornades-lleure-feminismes-exit\/\" \/>\n<meta property=\"og:site_name\" content=\"Esplac\" \/>\n<meta property=\"article:published_time\" content=\"2022-10-25T11:57:36+00:00\" \/>\n<meta property=\"og:image\" content=\"https:\/\/www.esplac.cat\/wp-content\/uploads\/2022\/10\/portada_jornadesLLiF22.jpg\" \/>\n\t<meta property=\"og:image:width\" content=\"1694\" \/>\n\t<meta property=\"og:image:height\" content=\"700\" \/>\n\t<meta property=\"og:image:type\" content=\"image\/jpeg\" \/>\n<meta name=\"author\" content=\"Comunicaci\u00f3 Esplac\" \/>\n<meta name=\"twitter:card\" content=\"summary_large_image\" \/>\n<meta name=\"twitter:label1\" content=\"Written by\" \/>\n\t<meta name=\"twitter:data1\" content=\"Comunicaci\u00f3 Esplac\" \/>\n\t<meta name=\"twitter:label2\" content=\"Est. reading time\" \/>\n\t<meta name=\"twitter:data2\" content=\"3 minutes\" \/>\n<script type=\"application\/ld+json\" class=\"yoast-schema-graph\">{\"@context\":\"https:\\\/\\\/schema.org\",\"@graph\":[{\"@type\":\"Article\",\"@id\":\"https:\\\/\\\/www.esplac.cat\\\/pregunta-afirmacio-som-feministes-dotzena-jornades-lleure-feminismes-exit\\\/#article\",\"isPartOf\":{\"@id\":\"https:\\\/\\\/www.esplac.cat\\\/pregunta-afirmacio-som-feministes-dotzena-jornades-lleure-feminismes-exit\\\/\"},\"author\":{\"name\":\"Comunicaci\u00f3 Esplac\",\"@id\":\"https:\\\/\\\/www.esplac.cat\\\/#\\\/schema\\\/person\\\/908383cf240be18b68f8855d0583faca\"},\"headline\":\"Sota la pregunta i afirmaci\u00f3 \u201cSom feministes(?)\u201d, la dotzena edici\u00f3 de les Jornades de Lleure i Feminismes han estat un \u00e8xit\",\"datePublished\":\"2022-10-25T11:57:36+00:00\",\"mainEntityOfPage\":{\"@id\":\"https:\\\/\\\/www.esplac.cat\\\/pregunta-afirmacio-som-feministes-dotzena-jornades-lleure-feminismes-exit\\\/\"},\"wordCount\":588,\"publisher\":{\"@id\":\"https:\\\/\\\/www.esplac.cat\\\/#organization\"},\"image\":{\"@id\":\"https:\\\/\\\/www.esplac.cat\\\/pregunta-afirmacio-som-feministes-dotzena-jornades-lleure-feminismes-exit\\\/#primaryimage\"},\"thumbnailUrl\":\"https:\\\/\\\/www.esplac.cat\\\/wp-content\\\/uploads\\\/2022\\\/10\\\/portada_jornadesLLiF22.jpg\",\"articleSection\":[\"Jornades de Lleure i Feminismes\"],\"inLanguage\":\"en-US\"},{\"@type\":\"WebPage\",\"@id\":\"https:\\\/\\\/www.esplac.cat\\\/pregunta-afirmacio-som-feministes-dotzena-jornades-lleure-feminismes-exit\\\/\",\"url\":\"https:\\\/\\\/www.esplac.cat\\\/pregunta-afirmacio-som-feministes-dotzena-jornades-lleure-feminismes-exit\\\/\",\"name\":\"Sota la pregunta i afirmaci\u00f3 \u201cSom feministes(?)\u201d, la dotzena edici\u00f3 de les Jornades de Lleure i Feminismes han estat un \u00e8xit - Esplac\",\"isPartOf\":{\"@id\":\"https:\\\/\\\/www.esplac.cat\\\/#website\"},\"primaryImageOfPage\":{\"@id\":\"https:\\\/\\\/www.esplac.cat\\\/pregunta-afirmacio-som-feministes-dotzena-jornades-lleure-feminismes-exit\\\/#primaryimage\"},\"image\":{\"@id\":\"https:\\\/\\\/www.esplac.cat\\\/pregunta-afirmacio-som-feministes-dotzena-jornades-lleure-feminismes-exit\\\/#primaryimage\"},\"thumbnailUrl\":\"https:\\\/\\\/www.esplac.cat\\\/wp-content\\\/uploads\\\/2022\\\/10\\\/portada_jornadesLLiF22.jpg\",\"datePublished\":\"2022-10-25T11:57:36+00:00\",\"description\":\"Aquest diumenge 23 d\u2019octubre vam celebrar les Jornades de Lleure i Feminismes a la Masia de la Guineueta, a Barcelona.\",\"breadcrumb\":{\"@id\":\"https:\\\/\\\/www.esplac.cat\\\/pregunta-afirmacio-som-feministes-dotzena-jornades-lleure-feminismes-exit\\\/#breadcrumb\"},\"inLanguage\":\"en-US\",\"potentialAction\":[{\"@type\":\"ReadAction\",\"target\":[\"https:\\\/\\\/www.esplac.cat\\\/pregunta-afirmacio-som-feministes-dotzena-jornades-lleure-feminismes-exit\\\/\"]}]},{\"@type\":\"ImageObject\",\"inLanguage\":\"en-US\",\"@id\":\"https:\\\/\\\/www.esplac.cat\\\/pregunta-afirmacio-som-feministes-dotzena-jornades-lleure-feminismes-exit\\\/#primaryimage\",\"url\":\"https:\\\/\\\/www.esplac.cat\\\/wp-content\\\/uploads\\\/2022\\\/10\\\/portada_jornadesLLiF22.jpg\",\"contentUrl\":\"https:\\\/\\\/www.esplac.cat\\\/wp-content\\\/uploads\\\/2022\\\/10\\\/portada_jornadesLLiF22.jpg\",\"width\":1694,\"height\":700},{\"@type\":\"BreadcrumbList\",\"@id\":\"https:\\\/\\\/www.esplac.cat\\\/pregunta-afirmacio-som-feministes-dotzena-jornades-lleure-feminismes-exit\\\/#breadcrumb\",\"itemListElement\":[{\"@type\":\"ListItem\",\"position\":1,\"name\":\"Inici\",\"item\":\"https:\\\/\\\/www.esplac.cat\\\/en\\\/\"},{\"@type\":\"ListItem\",\"position\":2,\"name\":\"Sota la pregunta i afirmaci\u00f3 \u201cSom feministes(?)\u201d, la dotzena edici\u00f3 de les Jornades de Lleure i Feminismes han estat un \u00e8xit\"}]},{\"@type\":\"WebSite\",\"@id\":\"https:\\\/\\\/www.esplac.cat\\\/#website\",\"url\":\"https:\\\/\\\/www.esplac.cat\\\/\",\"name\":\"Esplac\",\"description\":\"Esplais Catalans\",\"publisher\":{\"@id\":\"https:\\\/\\\/www.esplac.cat\\\/#organization\"},\"potentialAction\":[{\"@type\":\"SearchAction\",\"target\":{\"@type\":\"EntryPoint\",\"urlTemplate\":\"https:\\\/\\\/www.esplac.cat\\\/?s={search_term_string}\"},\"query-input\":{\"@type\":\"PropertyValueSpecification\",\"valueRequired\":true,\"valueName\":\"search_term_string\"}}],\"inLanguage\":\"en-US\"},{\"@type\":\"Organization\",\"@id\":\"https:\\\/\\\/www.esplac.cat\\\/#organization\",\"name\":\"Esplac\",\"url\":\"https:\\\/\\\/www.esplac.cat\\\/\",\"logo\":{\"@type\":\"ImageObject\",\"inLanguage\":\"en-US\",\"@id\":\"https:\\\/\\\/www.esplac.cat\\\/#\\\/schema\\\/logo\\\/image\\\/\",\"url\":\"https:\\\/\\\/www.esplac.cat\\\/wp-content\\\/uploads\\\/2019\\\/08\\\/logox2.png\",\"contentUrl\":\"https:\\\/\\\/www.esplac.cat\\\/wp-content\\\/uploads\\\/2019\\\/08\\\/logox2.png\",\"width\":600,\"height\":295,\"caption\":\"Esplac\"},\"image\":{\"@id\":\"https:\\\/\\\/www.esplac.cat\\\/#\\\/schema\\\/logo\\\/image\\\/\"}},{\"@type\":\"Person\",\"@id\":\"https:\\\/\\\/www.esplac.cat\\\/#\\\/schema\\\/person\\\/908383cf240be18b68f8855d0583faca\",\"name\":\"Comunicaci\u00f3 Esplac\",\"image\":{\"@type\":\"ImageObject\",\"inLanguage\":\"en-US\",\"@id\":\"https:\\\/\\\/secure.gravatar.com\\\/avatar\\\/7a4cf8feb412a76ea4a740ca02d95b06b2907b5a6c648c2dd0a1082a093c3141?s=96&d=mm&r=g\",\"url\":\"https:\\\/\\\/secure.gravatar.com\\\/avatar\\\/7a4cf8feb412a76ea4a740ca02d95b06b2907b5a6c648c2dd0a1082a093c3141?s=96&d=mm&r=g\",\"contentUrl\":\"https:\\\/\\\/secure.gravatar.com\\\/avatar\\\/7a4cf8feb412a76ea4a740ca02d95b06b2907b5a6c648c2dd0a1082a093c3141?s=96&d=mm&r=g\",\"caption\":\"Comunicaci\u00f3 Esplac\"}}]}<\/script>\n<!-- \/ Yoast SEO plugin. -->","yoast_head_json":{"title":"Sota la pregunta i afirmaci\u00f3 \u201cSom feministes(?)\u201d, la dotzena edici\u00f3 de les Jornades de Lleure i Feminismes han estat un \u00e8xit - Esplac","description":"Aquest diumenge 23 d\u2019octubre vam celebrar les Jornades de Lleure i Feminismes a la Masia de la Guineueta, a Barcelona.","robots":{"index":"index","follow":"follow","max-snippet":"max-snippet:-1","max-image-preview":"max-image-preview:large","max-video-preview":"max-video-preview:-1"},"canonical":"https:\/\/www.esplac.cat\/pregunta-afirmacio-som-feministes-dotzena-jornades-lleure-feminismes-exit\/","og_locale":"en_US","og_type":"article","og_title":"Sota la pregunta i afirmaci\u00f3 \u201cSom feministes(?)\u201d, la dotzena edici\u00f3 de les Jornades de Lleure i Feminismes han estat un \u00e8xit - Esplac","og_description":"Aquest diumenge 23 d\u2019octubre vam celebrar les Jornades de Lleure i Feminismes a la Masia de la Guineueta, a Barcelona.","og_url":"https:\/\/www.esplac.cat\/pregunta-afirmacio-som-feministes-dotzena-jornades-lleure-feminismes-exit\/","og_site_name":"Esplac","article_published_time":"2022-10-25T11:57:36+00:00","og_image":[{"width":1694,"height":700,"url":"https:\/\/www.esplac.cat\/wp-content\/uploads\/2022\/10\/portada_jornadesLLiF22.jpg","type":"image\/jpeg"}],"author":"Comunicaci\u00f3 Esplac","twitter_card":"summary_large_image","twitter_misc":{"Written by":"Comunicaci\u00f3 Esplac","Est. reading time":"3 minutes"},"schema":{"@context":"https:\/\/schema.org","@graph":[{"@type":"Article","@id":"https:\/\/www.esplac.cat\/pregunta-afirmacio-som-feministes-dotzena-jornades-lleure-feminismes-exit\/#article","isPartOf":{"@id":"https:\/\/www.esplac.cat\/pregunta-afirmacio-som-feministes-dotzena-jornades-lleure-feminismes-exit\/"},"author":{"name":"Comunicaci\u00f3 Esplac","@id":"https:\/\/www.esplac.cat\/#\/schema\/person\/908383cf240be18b68f8855d0583faca"},"headline":"Sota la pregunta i afirmaci\u00f3 \u201cSom feministes(?)\u201d, la dotzena edici\u00f3 de les Jornades de Lleure i Feminismes han estat un \u00e8xit","datePublished":"2022-10-25T11:57:36+00:00","mainEntityOfPage":{"@id":"https:\/\/www.esplac.cat\/pregunta-afirmacio-som-feministes-dotzena-jornades-lleure-feminismes-exit\/"},"wordCount":588,"publisher":{"@id":"https:\/\/www.esplac.cat\/#organization"},"image":{"@id":"https:\/\/www.esplac.cat\/pregunta-afirmacio-som-feministes-dotzena-jornades-lleure-feminismes-exit\/#primaryimage"},"thumbnailUrl":"https:\/\/www.esplac.cat\/wp-content\/uploads\/2022\/10\/portada_jornadesLLiF22.jpg","articleSection":["Jornades de Lleure i Feminismes"],"inLanguage":"en-US"},{"@type":"WebPage","@id":"https:\/\/www.esplac.cat\/pregunta-afirmacio-som-feministes-dotzena-jornades-lleure-feminismes-exit\/","url":"https:\/\/www.esplac.cat\/pregunta-afirmacio-som-feministes-dotzena-jornades-lleure-feminismes-exit\/","name":"Sota la pregunta i afirmaci\u00f3 \u201cSom feministes(?)\u201d, la dotzena edici\u00f3 de les Jornades de Lleure i Feminismes han estat un \u00e8xit - Esplac","isPartOf":{"@id":"https:\/\/www.esplac.cat\/#website"},"primaryImageOfPage":{"@id":"https:\/\/www.esplac.cat\/pregunta-afirmacio-som-feministes-dotzena-jornades-lleure-feminismes-exit\/#primaryimage"},"image":{"@id":"https:\/\/www.esplac.cat\/pregunta-afirmacio-som-feministes-dotzena-jornades-lleure-feminismes-exit\/#primaryimage"},"thumbnailUrl":"https:\/\/www.esplac.cat\/wp-content\/uploads\/2022\/10\/portada_jornadesLLiF22.jpg","datePublished":"2022-10-25T11:57:36+00:00","description":"Aquest diumenge 23 d\u2019octubre vam celebrar les Jornades de Lleure i Feminismes a la Masia de la Guineueta, a Barcelona.","breadcrumb":{"@id":"https:\/\/www.esplac.cat\/pregunta-afirmacio-som-feministes-dotzena-jornades-lleure-feminismes-exit\/#breadcrumb"},"inLanguage":"en-US","potentialAction":[{"@type":"ReadAction","target":["https:\/\/www.esplac.cat\/pregunta-afirmacio-som-feministes-dotzena-jornades-lleure-feminismes-exit\/"]}]},{"@type":"ImageObject","inLanguage":"en-US","@id":"https:\/\/www.esplac.cat\/pregunta-afirmacio-som-feministes-dotzena-jornades-lleure-feminismes-exit\/#primaryimage","url":"https:\/\/www.esplac.cat\/wp-content\/uploads\/2022\/10\/portada_jornadesLLiF22.jpg","contentUrl":"https:\/\/www.esplac.cat\/wp-content\/uploads\/2022\/10\/portada_jornadesLLiF22.jpg","width":1694,"height":700},{"@type":"BreadcrumbList","@id":"https:\/\/www.esplac.cat\/pregunta-afirmacio-som-feministes-dotzena-jornades-lleure-feminismes-exit\/#breadcrumb","itemListElement":[{"@type":"ListItem","position":1,"name":"Inici","item":"https:\/\/www.esplac.cat\/en\/"},{"@type":"ListItem","position":2,"name":"Sota la pregunta i afirmaci\u00f3 \u201cSom feministes(?)\u201d, la dotzena edici\u00f3 de les Jornades de Lleure i Feminismes han estat un \u00e8xit"}]},{"@type":"WebSite","@id":"https:\/\/www.esplac.cat\/#website","url":"https:\/\/www.esplac.cat\/","name":"Esplac","description":"Esplais Catalans","publisher":{"@id":"https:\/\/www.esplac.cat\/#organization"},"potentialAction":[{"@type":"SearchAction","target":{"@type":"EntryPoint","urlTemplate":"https:\/\/www.esplac.cat\/?s={search_term_string}"},"query-input":{"@type":"PropertyValueSpecification","valueRequired":true,"valueName":"search_term_string"}}],"inLanguage":"en-US"},{"@type":"Organization","@id":"https:\/\/www.esplac.cat\/#organization","name":"Esplac","url":"https:\/\/www.esplac.cat\/","logo":{"@type":"ImageObject","inLanguage":"en-US","@id":"https:\/\/www.esplac.cat\/#\/schema\/logo\/image\/","url":"https:\/\/www.esplac.cat\/wp-content\/uploads\/2019\/08\/logox2.png","contentUrl":"https:\/\/www.esplac.cat\/wp-content\/uploads\/2019\/08\/logox2.png","width":600,"height":295,"caption":"Esplac"},"image":{"@id":"https:\/\/www.esplac.cat\/#\/schema\/logo\/image\/"}},{"@type":"Person","@id":"https:\/\/www.esplac.cat\/#\/schema\/person\/908383cf240be18b68f8855d0583faca","name":"Comunicaci\u00f3 Esplac","image":{"@type":"ImageObject","inLanguage":"en-US","@id":"https:\/\/secure.gravatar.com\/avatar\/7a4cf8feb412a76ea4a740ca02d95b06b2907b5a6c648c2dd0a1082a093c3141?s=96&d=mm&r=g","url":"https:\/\/secure.gravatar.com\/avatar\/7a4cf8feb412a76ea4a740ca02d95b06b2907b5a6c648c2dd0a1082a093c3141?s=96&d=mm&r=g","contentUrl":"https:\/\/secure.gravatar.com\/avatar\/7a4cf8feb412a76ea4a740ca02d95b06b2907b5a6c648c2dd0a1082a093c3141?s=96&d=mm&r=g","caption":"Comunicaci\u00f3 Esplac"}}]}},"_links":{"self":[{"href":"https:\/\/www.esplac.cat\/en\/wp-json\/wp\/v2\/posts\/41871","targetHints":{"allow":["GET"]}}],"collection":[{"href":"https:\/\/www.esplac.cat\/en\/wp-json\/wp\/v2\/posts"}],"about":[{"href":"https:\/\/www.esplac.cat\/en\/wp-json\/wp\/v2\/types\/post"}],"author":[{"embeddable":true,"href":"https:\/\/www.esplac.cat\/en\/wp-json\/wp\/v2\/users\/3"}],"replies":[{"embeddable":true,"href":"https:\/\/www.esplac.cat\/en\/wp-json\/wp\/v2\/comments?post=41871"}],"version-history":[{"count":0,"href":"https:\/\/www.esplac.cat\/en\/wp-json\/wp\/v2\/posts\/41871\/revisions"}],"wp:featuredmedia":[{"embeddable":true,"href":"https:\/\/www.esplac.cat\/en\/wp-json\/wp\/v2\/media\/41872"}],"wp:attachment":[{"href":"https:\/\/www.esplac.cat\/en\/wp-json\/wp\/v2\/media?parent=41871"}],"wp:term":[{"taxonomy":"category","embeddable":true,"href":"https:\/\/www.esplac.cat\/en\/wp-json\/wp\/v2\/categories?post=41871"},{"taxonomy":"post_tag","embeddable":true,"href":"https:\/\/www.esplac.cat\/en\/wp-json\/wp\/v2\/tags?post=41871"}],"curies":[{"name":"wp","href":"https:\/\/api.w.org\/{rel}","templated":true}]}}