{"id":41905,"date":"2022-10-28T10:46:02","date_gmt":"2022-10-28T08:46:02","guid":{"rendered":"https:\/\/www.esplac.cat\/?p=41905"},"modified":"2022-10-28T13:05:57","modified_gmt":"2022-10-28T11:05:57","slug":"sector-baix-besos-en-marxa-curs-cap-setmana-activitats","status":"publish","type":"post","link":"https:\/\/www.esplac.cat\/en\/sector-baix-besos-en-marxa-curs-cap-setmana-activitats\/","title":{"rendered":"El Sector Baix Bes\u00f2s posa en marxa el curs amb un cap de setmana d&#8217;activitats"},"content":{"rendered":"<h6><strong>Aquest cap de setmana s\u2019han realitzat les dues primeres activitats del curs: la primera edici\u00f3 de La Melic i l\u2019AGO del sector, ambdues amb una gran acollida per part dels esplais del Baix Bes\u00f2s.<\/strong><\/h6>\n<p><strong>La Melic<\/strong>, <strong>la trobada d&#8217;infants per gups d&#8217;edat del Sector Baix Bes\u00f2s<\/strong>, va tenir lloc el darrer dissabte 22 d\u2019octubre, per diversos espais de Santa Coloma de Gramenet. Cada grup d\u2019edat va poder compartir un seguit d\u2019activitats preparades i dinamitzades per les monitores dels esplais participants; el Diplodocus, el Puigcastellar i el Xirusplai. Els infants van valorar molt b\u00e9 poder con\u00e8ixer els infants dels altres esplais i ja tenen ganes de la Trobada General del Sector per tornar a jugar junts.<\/p>\n<p>En acabar l\u2019activitat, totes les monitores i monitors van dirigir-se cap a Badalona per realitzar l\u2019<strong>AGO del Sector<\/strong>. En aquesta hi van participar m\u00e9s de <strong>40 monitores i monitors del sector<\/strong> i es van aprovar la Mem\u00f2ria del curs passat i el Pla de Treball d\u2019enguany, que acull les propostes de les membres del sector per aquest nou curs. Aquestes engloben un munt d\u2019activitats, com ara una Vesprada Formativa, la Trobada General del Sector, la Trobada de Joves i el Domingueo Formatiu. A part d\u2019aquests documents, es va renovar el mandat de la N\u00faria D\u00edaz, de l&#8217;esplai Puigcastellar, despr\u00e9s de dos anys formant part de l\u2019EGS, conformant un equip amb tres membres, juntament amb l\u2019Elena Bornay i la Sara Casanovas, de l\u2019Esplai Xirusplai.<\/p>\n<p>El Sector Baix Bes\u00f2s ja ho t\u00e9 tot llest per engegar el curs!<\/p>\n<p>&nbsp;<\/p>\n\n\t\t<style type=\"text\/css\">\n\t\t\t#gallery-1 {\n\t\t\t\tmargin: auto;\n\t\t\t}\n\t\t\t#gallery-1 .gallery-item {\n\t\t\t\tfloat: left;\n\t\t\t\tmargin-top: 10px;\n\t\t\t\ttext-align: center;\n\t\t\t\twidth: 33%;\n\t\t\t}\n\t\t\t#gallery-1 img {\n\t\t\t\tborder: 2px solid #cfcfcf;\n\t\t\t}\n\t\t\t#gallery-1 .gallery-caption {\n\t\t\t\tmargin-left: 0;\n\t\t\t}\n\t\t\t\/* see gallery_shortcode() in wp-includes\/media.php *\/\n\t\t<\/style>\n\t\t<div id='gallery-1' class='gallery galleryid-41905 gallery-columns-3 gallery-size-medium'><dl class='gallery-item'>\n\t\t\t<dt class='gallery-icon landscape'>\n\t\t\t\t<a data-rel=\"iLightbox[postimages]\" data-title=\"WhatsApp Image 2022-10-24 at 17.11.39\" data-caption=\"\" href='https:\/\/www.esplac.cat\/wp-content\/uploads\/2022\/10\/WhatsApp-Image-2022-10-24-at-17.11.39.jpeg'><img decoding=\"async\" width=\"300\" height=\"225\" src=\"https:\/\/www.esplac.cat\/wp-content\/uploads\/2022\/10\/WhatsApp-Image-2022-10-24-at-17.11.39-300x225.jpeg\" class=\"attachment-medium size-medium\" alt=\"\" srcset=\"https:\/\/www.esplac.cat\/wp-content\/uploads\/2022\/10\/WhatsApp-Image-2022-10-24-at-17.11.39-200x150.jpeg 200w, https:\/\/www.esplac.cat\/wp-content\/uploads\/2022\/10\/WhatsApp-Image-2022-10-24-at-17.11.39-300x225.jpeg 300w, https:\/\/www.esplac.cat\/wp-content\/uploads\/2022\/10\/WhatsApp-Image-2022-10-24-at-17.11.39-400x300.jpeg 400w, https:\/\/www.esplac.cat\/wp-content\/uploads\/2022\/10\/WhatsApp-Image-2022-10-24-at-17.11.39-600x450.jpeg 600w, https:\/\/www.esplac.cat\/wp-content\/uploads\/2022\/10\/WhatsApp-Image-2022-10-24-at-17.11.39-768x576.jpeg 768w, https:\/\/www.esplac.cat\/wp-content\/uploads\/2022\/10\/WhatsApp-Image-2022-10-24-at-17.11.39-800x600.jpeg 800w, https:\/\/www.esplac.cat\/wp-content\/uploads\/2022\/10\/WhatsApp-Image-2022-10-24-at-17.11.39-1024x768.jpeg 1024w, https:\/\/www.esplac.cat\/wp-content\/uploads\/2022\/10\/WhatsApp-Image-2022-10-24-at-17.11.39-1200x900.jpeg 1200w, https:\/\/www.esplac.cat\/wp-content\/uploads\/2022\/10\/WhatsApp-Image-2022-10-24-at-17.11.39-1536x1152.jpeg 1536w\" sizes=\"(max-width: 300px) 100vw, 300px\" \/><\/a>\n\t\t\t<\/dt><\/dl><dl class='gallery-item'>\n\t\t\t<dt class='gallery-icon landscape'>\n\t\t\t\t<a data-rel=\"iLightbox[postimages]\" data-title=\"WhatsApp Image 2022-10-26 at 10.11.13\" data-caption=\"\" href='https:\/\/www.esplac.cat\/wp-content\/uploads\/2022\/10\/WhatsApp-Image-2022-10-26-at-10.11.13.jpeg'><img decoding=\"async\" width=\"300\" height=\"225\" src=\"https:\/\/www.esplac.cat\/wp-content\/uploads\/2022\/10\/WhatsApp-Image-2022-10-26-at-10.11.13-300x225.jpeg\" class=\"attachment-medium size-medium\" alt=\"\" srcset=\"https:\/\/www.esplac.cat\/wp-content\/uploads\/2022\/10\/WhatsApp-Image-2022-10-26-at-10.11.13-200x150.jpeg 200w, https:\/\/www.esplac.cat\/wp-content\/uploads\/2022\/10\/WhatsApp-Image-2022-10-26-at-10.11.13-300x225.jpeg 300w, https:\/\/www.esplac.cat\/wp-content\/uploads\/2022\/10\/WhatsApp-Image-2022-10-26-at-10.11.13-400x300.jpeg 400w, https:\/\/www.esplac.cat\/wp-content\/uploads\/2022\/10\/WhatsApp-Image-2022-10-26-at-10.11.13-600x450.jpeg 600w, https:\/\/www.esplac.cat\/wp-content\/uploads\/2022\/10\/WhatsApp-Image-2022-10-26-at-10.11.13-768x576.jpeg 768w, https:\/\/www.esplac.cat\/wp-content\/uploads\/2022\/10\/WhatsApp-Image-2022-10-26-at-10.11.13-800x600.jpeg 800w, https:\/\/www.esplac.cat\/wp-content\/uploads\/2022\/10\/WhatsApp-Image-2022-10-26-at-10.11.13-1024x768.jpeg 1024w, https:\/\/www.esplac.cat\/wp-content\/uploads\/2022\/10\/WhatsApp-Image-2022-10-26-at-10.11.13-1200x900.jpeg 1200w, https:\/\/www.esplac.cat\/wp-content\/uploads\/2022\/10\/WhatsApp-Image-2022-10-26-at-10.11.13-1536x1152.jpeg 1536w\" sizes=\"(max-width: 300px) 100vw, 300px\" \/><\/a>\n\t\t\t<\/dt><\/dl><dl class='gallery-item'>\n\t\t\t<dt class='gallery-icon landscape'>\n\t\t\t\t<a data-rel=\"iLightbox[postimages]\" data-title=\"WhatsApp Image 2022-10-24 at 20.25.06\" data-caption=\"\" href='https:\/\/www.esplac.cat\/wp-content\/uploads\/2022\/10\/WhatsApp-Image-2022-10-24-at-20.25.06.jpeg'><img decoding=\"async\" width=\"300\" height=\"225\" src=\"https:\/\/www.esplac.cat\/wp-content\/uploads\/2022\/10\/WhatsApp-Image-2022-10-24-at-20.25.06-300x225.jpeg\" class=\"attachment-medium size-medium\" alt=\"\" srcset=\"https:\/\/www.esplac.cat\/wp-content\/uploads\/2022\/10\/WhatsApp-Image-2022-10-24-at-20.25.06-200x150.jpeg 200w, https:\/\/www.esplac.cat\/wp-content\/uploads\/2022\/10\/WhatsApp-Image-2022-10-24-at-20.25.06-300x225.jpeg 300w, https:\/\/www.esplac.cat\/wp-content\/uploads\/2022\/10\/WhatsApp-Image-2022-10-24-at-20.25.06-400x300.jpeg 400w, https:\/\/www.esplac.cat\/wp-content\/uploads\/2022\/10\/WhatsApp-Image-2022-10-24-at-20.25.06-600x450.jpeg 600w, https:\/\/www.esplac.cat\/wp-content\/uploads\/2022\/10\/WhatsApp-Image-2022-10-24-at-20.25.06-768x576.jpeg 768w, https:\/\/www.esplac.cat\/wp-content\/uploads\/2022\/10\/WhatsApp-Image-2022-10-24-at-20.25.06-800x600.jpeg 800w, https:\/\/www.esplac.cat\/wp-content\/uploads\/2022\/10\/WhatsApp-Image-2022-10-24-at-20.25.06-1024x768.jpeg 1024w, https:\/\/www.esplac.cat\/wp-content\/uploads\/2022\/10\/WhatsApp-Image-2022-10-24-at-20.25.06-1200x900.jpeg 1200w, https:\/\/www.esplac.cat\/wp-content\/uploads\/2022\/10\/WhatsApp-Image-2022-10-24-at-20.25.06-1536x1152.jpeg 1536w\" sizes=\"(max-width: 300px) 100vw, 300px\" \/><\/a>\n\t\t\t<\/dt><\/dl><br style=\"clear: both\" \/>\n\t\t<\/div>\n\n","protected":false},"excerpt":{"rendered":"<p>Aquest cap de setmana s\u2019han realitzat les dues primeres activitats [&hellip;]<\/p>\n","protected":false},"author":3,"featured_media":41927,"comment_status":"closed","ping_status":"closed","sticky":false,"template":"","format":"standard","meta":{"om_disable_all_campaigns":false,"_monsterinsights_skip_tracking":false,"_monsterinsights_sitenote_active":false,"_monsterinsights_sitenote_note":"","_monsterinsights_sitenote_category":0,"_uf_show_specific_survey":0,"_uf_disable_surveys":false,"footnotes":""},"categories":[1132],"tags":[],"class_list":["post-41905","post","type-post","status-publish","format-standard","has-post-thumbnail","hentry","category-baix-besos"],"yoast_head":"<!-- This site is optimized with the Yoast SEO plugin v27.4 - https:\/\/yoast.com\/product\/yoast-seo-wordpress\/ -->\n<title>El Sector Baix Bes\u00f2s posa en marxa el curs amb un cap de setmana d&#039;activitats - Esplac<\/title>\n<meta name=\"robots\" content=\"index, follow, max-snippet:-1, max-image-preview:large, max-video-preview:-1\" \/>\n<link rel=\"canonical\" href=\"https:\/\/www.esplac.cat\/sector-baix-besos-en-marxa-curs-cap-setmana-activitats\/\" \/>\n<meta property=\"og:locale\" content=\"en_US\" \/>\n<meta property=\"og:type\" content=\"article\" \/>\n<meta property=\"og:title\" content=\"El Sector Baix Bes\u00f2s posa en marxa el curs amb un cap de setmana d&#039;activitats - Esplac\" \/>\n<meta property=\"og:description\" content=\"Aquest cap de setmana s\u2019han realitzat les dues primeres activitats [&hellip;]\" \/>\n<meta property=\"og:url\" content=\"https:\/\/www.esplac.cat\/sector-baix-besos-en-marxa-curs-cap-setmana-activitats\/\" \/>\n<meta property=\"og:site_name\" content=\"Esplac\" \/>\n<meta property=\"article:published_time\" content=\"2022-10-28T08:46:02+00:00\" \/>\n<meta property=\"article:modified_time\" content=\"2022-10-28T11:05:57+00:00\" \/>\n<meta property=\"og:image\" content=\"https:\/\/www.esplac.cat\/wp-content\/uploads\/2022\/10\/AGO22_BAixbesos.jpg\" \/>\n\t<meta property=\"og:image:width\" content=\"1694\" \/>\n\t<meta property=\"og:image:height\" content=\"700\" \/>\n\t<meta property=\"og:image:type\" content=\"image\/jpeg\" \/>\n<meta name=\"author\" content=\"Comunicaci\u00f3 Esplac\" \/>\n<meta name=\"twitter:card\" content=\"summary_large_image\" \/>\n<meta name=\"twitter:label1\" content=\"Written by\" \/>\n\t<meta name=\"twitter:data1\" content=\"Comunicaci\u00f3 Esplac\" \/>\n\t<meta name=\"twitter:label2\" content=\"Est. reading time\" \/>\n\t<meta name=\"twitter:data2\" content=\"1 minute\" \/>\n<script type=\"application\/ld+json\" class=\"yoast-schema-graph\">{\"@context\":\"https:\\\/\\\/schema.org\",\"@graph\":[{\"@type\":\"Article\",\"@id\":\"https:\\\/\\\/www.esplac.cat\\\/sector-baix-besos-en-marxa-curs-cap-setmana-activitats\\\/#article\",\"isPartOf\":{\"@id\":\"https:\\\/\\\/www.esplac.cat\\\/sector-baix-besos-en-marxa-curs-cap-setmana-activitats\\\/\"},\"author\":{\"name\":\"Comunicaci\u00f3 Esplac\",\"@id\":\"https:\\\/\\\/www.esplac.cat\\\/#\\\/schema\\\/person\\\/908383cf240be18b68f8855d0583faca\"},\"headline\":\"El Sector Baix Bes\u00f2s posa en marxa el curs amb un cap de setmana d&#8217;activitats\",\"datePublished\":\"2022-10-28T08:46:02+00:00\",\"dateModified\":\"2022-10-28T11:05:57+00:00\",\"mainEntityOfPage\":{\"@id\":\"https:\\\/\\\/www.esplac.cat\\\/sector-baix-besos-en-marxa-curs-cap-setmana-activitats\\\/\"},\"wordCount\":298,\"publisher\":{\"@id\":\"https:\\\/\\\/www.esplac.cat\\\/#organization\"},\"image\":{\"@id\":\"https:\\\/\\\/www.esplac.cat\\\/sector-baix-besos-en-marxa-curs-cap-setmana-activitats\\\/#primaryimage\"},\"thumbnailUrl\":\"https:\\\/\\\/www.esplac.cat\\\/wp-content\\\/uploads\\\/2022\\\/10\\\/AGO22_BAixbesos.jpg\",\"articleSection\":[\"Sector Baix Bes\u00f2s\"],\"inLanguage\":\"en-US\"},{\"@type\":\"WebPage\",\"@id\":\"https:\\\/\\\/www.esplac.cat\\\/sector-baix-besos-en-marxa-curs-cap-setmana-activitats\\\/\",\"url\":\"https:\\\/\\\/www.esplac.cat\\\/sector-baix-besos-en-marxa-curs-cap-setmana-activitats\\\/\",\"name\":\"El Sector Baix Bes\u00f2s posa en marxa el curs amb un cap de setmana d'activitats - Esplac\",\"isPartOf\":{\"@id\":\"https:\\\/\\\/www.esplac.cat\\\/#website\"},\"primaryImageOfPage\":{\"@id\":\"https:\\\/\\\/www.esplac.cat\\\/sector-baix-besos-en-marxa-curs-cap-setmana-activitats\\\/#primaryimage\"},\"image\":{\"@id\":\"https:\\\/\\\/www.esplac.cat\\\/sector-baix-besos-en-marxa-curs-cap-setmana-activitats\\\/#primaryimage\"},\"thumbnailUrl\":\"https:\\\/\\\/www.esplac.cat\\\/wp-content\\\/uploads\\\/2022\\\/10\\\/AGO22_BAixbesos.jpg\",\"datePublished\":\"2022-10-28T08:46:02+00:00\",\"dateModified\":\"2022-10-28T11:05:57+00:00\",\"breadcrumb\":{\"@id\":\"https:\\\/\\\/www.esplac.cat\\\/sector-baix-besos-en-marxa-curs-cap-setmana-activitats\\\/#breadcrumb\"},\"inLanguage\":\"en-US\",\"potentialAction\":[{\"@type\":\"ReadAction\",\"target\":[\"https:\\\/\\\/www.esplac.cat\\\/sector-baix-besos-en-marxa-curs-cap-setmana-activitats\\\/\"]}]},{\"@type\":\"ImageObject\",\"inLanguage\":\"en-US\",\"@id\":\"https:\\\/\\\/www.esplac.cat\\\/sector-baix-besos-en-marxa-curs-cap-setmana-activitats\\\/#primaryimage\",\"url\":\"https:\\\/\\\/www.esplac.cat\\\/wp-content\\\/uploads\\\/2022\\\/10\\\/AGO22_BAixbesos.jpg\",\"contentUrl\":\"https:\\\/\\\/www.esplac.cat\\\/wp-content\\\/uploads\\\/2022\\\/10\\\/AGO22_BAixbesos.jpg\",\"width\":1694,\"height\":700},{\"@type\":\"BreadcrumbList\",\"@id\":\"https:\\\/\\\/www.esplac.cat\\\/sector-baix-besos-en-marxa-curs-cap-setmana-activitats\\\/#breadcrumb\",\"itemListElement\":[{\"@type\":\"ListItem\",\"position\":1,\"name\":\"Inici\",\"item\":\"https:\\\/\\\/www.esplac.cat\\\/en\\\/\"},{\"@type\":\"ListItem\",\"position\":2,\"name\":\"El Sector Baix Bes\u00f2s posa en marxa el curs amb un cap de setmana d&#8217;activitats\"}]},{\"@type\":\"WebSite\",\"@id\":\"https:\\\/\\\/www.esplac.cat\\\/#website\",\"url\":\"https:\\\/\\\/www.esplac.cat\\\/\",\"name\":\"Esplac\",\"description\":\"Esplais Catalans\",\"publisher\":{\"@id\":\"https:\\\/\\\/www.esplac.cat\\\/#organization\"},\"potentialAction\":[{\"@type\":\"SearchAction\",\"target\":{\"@type\":\"EntryPoint\",\"urlTemplate\":\"https:\\\/\\\/www.esplac.cat\\\/?s={search_term_string}\"},\"query-input\":{\"@type\":\"PropertyValueSpecification\",\"valueRequired\":true,\"valueName\":\"search_term_string\"}}],\"inLanguage\":\"en-US\"},{\"@type\":\"Organization\",\"@id\":\"https:\\\/\\\/www.esplac.cat\\\/#organization\",\"name\":\"Esplac\",\"url\":\"https:\\\/\\\/www.esplac.cat\\\/\",\"logo\":{\"@type\":\"ImageObject\",\"inLanguage\":\"en-US\",\"@id\":\"https:\\\/\\\/www.esplac.cat\\\/#\\\/schema\\\/logo\\\/image\\\/\",\"url\":\"https:\\\/\\\/www.esplac.cat\\\/wp-content\\\/uploads\\\/2019\\\/08\\\/logox2.png\",\"contentUrl\":\"https:\\\/\\\/www.esplac.cat\\\/wp-content\\\/uploads\\\/2019\\\/08\\\/logox2.png\",\"width\":600,\"height\":295,\"caption\":\"Esplac\"},\"image\":{\"@id\":\"https:\\\/\\\/www.esplac.cat\\\/#\\\/schema\\\/logo\\\/image\\\/\"}},{\"@type\":\"Person\",\"@id\":\"https:\\\/\\\/www.esplac.cat\\\/#\\\/schema\\\/person\\\/908383cf240be18b68f8855d0583faca\",\"name\":\"Comunicaci\u00f3 Esplac\",\"image\":{\"@type\":\"ImageObject\",\"inLanguage\":\"en-US\",\"@id\":\"https:\\\/\\\/secure.gravatar.com\\\/avatar\\\/7a4cf8feb412a76ea4a740ca02d95b06b2907b5a6c648c2dd0a1082a093c3141?s=96&d=mm&r=g\",\"url\":\"https:\\\/\\\/secure.gravatar.com\\\/avatar\\\/7a4cf8feb412a76ea4a740ca02d95b06b2907b5a6c648c2dd0a1082a093c3141?s=96&d=mm&r=g\",\"contentUrl\":\"https:\\\/\\\/secure.gravatar.com\\\/avatar\\\/7a4cf8feb412a76ea4a740ca02d95b06b2907b5a6c648c2dd0a1082a093c3141?s=96&d=mm&r=g\",\"caption\":\"Comunicaci\u00f3 Esplac\"}}]}<\/script>\n<!-- \/ Yoast SEO plugin. -->","yoast_head_json":{"title":"El Sector Baix Bes\u00f2s posa en marxa el curs amb un cap de setmana d'activitats - Esplac","robots":{"index":"index","follow":"follow","max-snippet":"max-snippet:-1","max-image-preview":"max-image-preview:large","max-video-preview":"max-video-preview:-1"},"canonical":"https:\/\/www.esplac.cat\/sector-baix-besos-en-marxa-curs-cap-setmana-activitats\/","og_locale":"en_US","og_type":"article","og_title":"El Sector Baix Bes\u00f2s posa en marxa el curs amb un cap de setmana d'activitats - Esplac","og_description":"Aquest cap de setmana s\u2019han realitzat les dues primeres activitats [&hellip;]","og_url":"https:\/\/www.esplac.cat\/sector-baix-besos-en-marxa-curs-cap-setmana-activitats\/","og_site_name":"Esplac","article_published_time":"2022-10-28T08:46:02+00:00","article_modified_time":"2022-10-28T11:05:57+00:00","og_image":[{"width":1694,"height":700,"url":"https:\/\/www.esplac.cat\/wp-content\/uploads\/2022\/10\/AGO22_BAixbesos.jpg","type":"image\/jpeg"}],"author":"Comunicaci\u00f3 Esplac","twitter_card":"summary_large_image","twitter_misc":{"Written by":"Comunicaci\u00f3 Esplac","Est. reading time":"1 minute"},"schema":{"@context":"https:\/\/schema.org","@graph":[{"@type":"Article","@id":"https:\/\/www.esplac.cat\/sector-baix-besos-en-marxa-curs-cap-setmana-activitats\/#article","isPartOf":{"@id":"https:\/\/www.esplac.cat\/sector-baix-besos-en-marxa-curs-cap-setmana-activitats\/"},"author":{"name":"Comunicaci\u00f3 Esplac","@id":"https:\/\/www.esplac.cat\/#\/schema\/person\/908383cf240be18b68f8855d0583faca"},"headline":"El Sector Baix Bes\u00f2s posa en marxa el curs amb un cap de setmana d&#8217;activitats","datePublished":"2022-10-28T08:46:02+00:00","dateModified":"2022-10-28T11:05:57+00:00","mainEntityOfPage":{"@id":"https:\/\/www.esplac.cat\/sector-baix-besos-en-marxa-curs-cap-setmana-activitats\/"},"wordCount":298,"publisher":{"@id":"https:\/\/www.esplac.cat\/#organization"},"image":{"@id":"https:\/\/www.esplac.cat\/sector-baix-besos-en-marxa-curs-cap-setmana-activitats\/#primaryimage"},"thumbnailUrl":"https:\/\/www.esplac.cat\/wp-content\/uploads\/2022\/10\/AGO22_BAixbesos.jpg","articleSection":["Sector Baix Bes\u00f2s"],"inLanguage":"en-US"},{"@type":"WebPage","@id":"https:\/\/www.esplac.cat\/sector-baix-besos-en-marxa-curs-cap-setmana-activitats\/","url":"https:\/\/www.esplac.cat\/sector-baix-besos-en-marxa-curs-cap-setmana-activitats\/","name":"El Sector Baix Bes\u00f2s posa en marxa el curs amb un cap de setmana d'activitats - Esplac","isPartOf":{"@id":"https:\/\/www.esplac.cat\/#website"},"primaryImageOfPage":{"@id":"https:\/\/www.esplac.cat\/sector-baix-besos-en-marxa-curs-cap-setmana-activitats\/#primaryimage"},"image":{"@id":"https:\/\/www.esplac.cat\/sector-baix-besos-en-marxa-curs-cap-setmana-activitats\/#primaryimage"},"thumbnailUrl":"https:\/\/www.esplac.cat\/wp-content\/uploads\/2022\/10\/AGO22_BAixbesos.jpg","datePublished":"2022-10-28T08:46:02+00:00","dateModified":"2022-10-28T11:05:57+00:00","breadcrumb":{"@id":"https:\/\/www.esplac.cat\/sector-baix-besos-en-marxa-curs-cap-setmana-activitats\/#breadcrumb"},"inLanguage":"en-US","potentialAction":[{"@type":"ReadAction","target":["https:\/\/www.esplac.cat\/sector-baix-besos-en-marxa-curs-cap-setmana-activitats\/"]}]},{"@type":"ImageObject","inLanguage":"en-US","@id":"https:\/\/www.esplac.cat\/sector-baix-besos-en-marxa-curs-cap-setmana-activitats\/#primaryimage","url":"https:\/\/www.esplac.cat\/wp-content\/uploads\/2022\/10\/AGO22_BAixbesos.jpg","contentUrl":"https:\/\/www.esplac.cat\/wp-content\/uploads\/2022\/10\/AGO22_BAixbesos.jpg","width":1694,"height":700},{"@type":"BreadcrumbList","@id":"https:\/\/www.esplac.cat\/sector-baix-besos-en-marxa-curs-cap-setmana-activitats\/#breadcrumb","itemListElement":[{"@type":"ListItem","position":1,"name":"Inici","item":"https:\/\/www.esplac.cat\/en\/"},{"@type":"ListItem","position":2,"name":"El Sector Baix Bes\u00f2s posa en marxa el curs amb un cap de setmana d&#8217;activitats"}]},{"@type":"WebSite","@id":"https:\/\/www.esplac.cat\/#website","url":"https:\/\/www.esplac.cat\/","name":"Esplac","description":"Esplais Catalans","publisher":{"@id":"https:\/\/www.esplac.cat\/#organization"},"potentialAction":[{"@type":"SearchAction","target":{"@type":"EntryPoint","urlTemplate":"https:\/\/www.esplac.cat\/?s={search_term_string}"},"query-input":{"@type":"PropertyValueSpecification","valueRequired":true,"valueName":"search_term_string"}}],"inLanguage":"en-US"},{"@type":"Organization","@id":"https:\/\/www.esplac.cat\/#organization","name":"Esplac","url":"https:\/\/www.esplac.cat\/","logo":{"@type":"ImageObject","inLanguage":"en-US","@id":"https:\/\/www.esplac.cat\/#\/schema\/logo\/image\/","url":"https:\/\/www.esplac.cat\/wp-content\/uploads\/2019\/08\/logox2.png","contentUrl":"https:\/\/www.esplac.cat\/wp-content\/uploads\/2019\/08\/logox2.png","width":600,"height":295,"caption":"Esplac"},"image":{"@id":"https:\/\/www.esplac.cat\/#\/schema\/logo\/image\/"}},{"@type":"Person","@id":"https:\/\/www.esplac.cat\/#\/schema\/person\/908383cf240be18b68f8855d0583faca","name":"Comunicaci\u00f3 Esplac","image":{"@type":"ImageObject","inLanguage":"en-US","@id":"https:\/\/secure.gravatar.com\/avatar\/7a4cf8feb412a76ea4a740ca02d95b06b2907b5a6c648c2dd0a1082a093c3141?s=96&d=mm&r=g","url":"https:\/\/secure.gravatar.com\/avatar\/7a4cf8feb412a76ea4a740ca02d95b06b2907b5a6c648c2dd0a1082a093c3141?s=96&d=mm&r=g","contentUrl":"https:\/\/secure.gravatar.com\/avatar\/7a4cf8feb412a76ea4a740ca02d95b06b2907b5a6c648c2dd0a1082a093c3141?s=96&d=mm&r=g","caption":"Comunicaci\u00f3 Esplac"}}]}},"_links":{"self":[{"href":"https:\/\/www.esplac.cat\/en\/wp-json\/wp\/v2\/posts\/41905","targetHints":{"allow":["GET"]}}],"collection":[{"href":"https:\/\/www.esplac.cat\/en\/wp-json\/wp\/v2\/posts"}],"about":[{"href":"https:\/\/www.esplac.cat\/en\/wp-json\/wp\/v2\/types\/post"}],"author":[{"embeddable":true,"href":"https:\/\/www.esplac.cat\/en\/wp-json\/wp\/v2\/users\/3"}],"replies":[{"embeddable":true,"href":"https:\/\/www.esplac.cat\/en\/wp-json\/wp\/v2\/comments?post=41905"}],"version-history":[{"count":0,"href":"https:\/\/www.esplac.cat\/en\/wp-json\/wp\/v2\/posts\/41905\/revisions"}],"wp:featuredmedia":[{"embeddable":true,"href":"https:\/\/www.esplac.cat\/en\/wp-json\/wp\/v2\/media\/41927"}],"wp:attachment":[{"href":"https:\/\/www.esplac.cat\/en\/wp-json\/wp\/v2\/media?parent=41905"}],"wp:term":[{"taxonomy":"category","embeddable":true,"href":"https:\/\/www.esplac.cat\/en\/wp-json\/wp\/v2\/categories?post=41905"},{"taxonomy":"post_tag","embeddable":true,"href":"https:\/\/www.esplac.cat\/en\/wp-json\/wp\/v2\/tags?post=41905"}],"curies":[{"name":"wp","href":"https:\/\/api.w.org\/{rel}","templated":true}]}}