{"id":42031,"date":"2022-11-18T12:40:25","date_gmt":"2022-11-18T10:40:25","guid":{"rendered":"https:\/\/www.esplac.cat\/?p=42031"},"modified":"2022-11-18T12:43:07","modified_gmt":"2022-11-18T10:43:07","slug":"exit-participacio-trobada-monis-sector-barcelona","status":"publish","type":"post","link":"https:\/\/www.esplac.cat\/en\/exit-participacio-trobada-monis-sector-barcelona\/","title":{"rendered":"\u00c8xit de participaci\u00f3 a la Trobada de Monis del Sector Barcelona"},"content":{"rendered":"<h6><span style=\"color: #000000;\"><b>Aquest curs, la Trobada de Monitores i Monitors del Sector Barcelona ha reunit 250 monitores de 20 esplais diferents, seguint la tradici\u00f3 hist\u00f2rica d\u2019aquest esdeveniment.<\/b><\/span><\/h6>\n<p><span style=\"color: #000000;\"><span style=\"font-weight: 400;\">La Trobada de Monitores i Monitors del <\/span><span style=\"color: #ff9900;\"><a style=\"color: #ff9900;\" href=\"https:\/\/www.esplac.cat\/sectors-geografics\/barcelona\/\"><span style=\"font-weight: 400;\">Sector Barcelona<\/span><\/a><\/span><\/span><span style=\"font-weight: 400;\"><span style=\"color: #000000;\"> \u00e9s una de les activitats amb m\u00e9s pes del Sector. De fet, tot i haver formalitzat la dissoluci\u00f3 del Sector en tres nous sectors, aquesta \u00e9s una<\/span> <span style=\"color: #000000;\">de les activitats que<strong> es vol mantenir conjunta<\/strong>. Enguany, s\u2019ha celebrat aquest passat cap de setmana del 12 i 13 de novembre a la Casa de Col\u00f2nies Artur Martorell, a Calafell.\u00a0<\/span><\/span><\/p>\n<p><span style=\"font-weight: 400; color: #000000;\">Un total de 250 monitores (50 m\u00e9s que l\u2019any passat!) han participat en les <strong>9 formacions<\/strong> ofertes, que es van escollir per part de la comissi\u00f3 organitzadora. Les formacions van ser les seg\u00fcents: Alternatives al c\u00e0stig, Masculinitats, Saps debatre?, Educaci\u00f3 emocional amb infants i joves, Salut mental, en parlem?, Prevenci\u00f3 i detecci\u00f3 de l\u2019Ab\u00fas Sexual Infantil, Atenci\u00f3 a les necessitats educatives espec\u00edfiques, Com abordar la sexualitat infantil a l\u2019educaci\u00f3 en el lleure i Interculturalitat al m\u00f3n educatiu.\u00a0<\/span><\/p>\n<p><span style=\"font-weight: 400; color: #000000;\">Despr\u00e9s de les formacions, que van ser dissabte a la tarda, es va fer un<strong> concurs de ball<\/strong> de l\u2019estil Got Talent. L\u2019esplai guanyador va ser el Kasperle (seguint la l\u00ednia dels \u00faltims anys!), que com a reconeixement es va endur una tenda de campanya. Diumenge, l\u2019EGS va preparar el dinar, que estava molt bo: amanida de llenties i verdures!<\/span><\/p>\n<p><span style=\"font-weight: 400; color: #000000;\">El Sector est\u00e0 molt content de la Trobada. I s&#8217;emporten moltes an\u00e8cdotes i aprenentatges!<\/span><\/p>\n<p><span style=\"font-weight: 400; color: #000000;\">Volem agrair especialment les monitores que han estat organitzant l\u2019activitat, sense vosaltres no hauria estat possible!<\/span><\/p>\n\n\t\t<style type=\"text\/css\">\n\t\t\t#gallery-1 {\n\t\t\t\tmargin: auto;\n\t\t\t}\n\t\t\t#gallery-1 .gallery-item {\n\t\t\t\tfloat: left;\n\t\t\t\tmargin-top: 10px;\n\t\t\t\ttext-align: center;\n\t\t\t\twidth: 25%;\n\t\t\t}\n\t\t\t#gallery-1 img {\n\t\t\t\tborder: 2px solid #cfcfcf;\n\t\t\t}\n\t\t\t#gallery-1 .gallery-caption {\n\t\t\t\tmargin-left: 0;\n\t\t\t}\n\t\t\t\/* see gallery_shortcode() in wp-includes\/media.php *\/\n\t\t<\/style>\n\t\t<div id='gallery-1' class='gallery galleryid-42031 gallery-columns-4 gallery-size-medium'><dl class='gallery-item'>\n\t\t\t<dt class='gallery-icon landscape'>\n\t\t\t\t<a data-rel=\"iLightbox[postimages]\" data-title=\"trobada monis4\" data-caption=\"\" href='https:\/\/www.esplac.cat\/wp-content\/uploads\/2022\/11\/trobada-monis4-1.jpeg'><img decoding=\"async\" width=\"300\" height=\"225\" src=\"https:\/\/www.esplac.cat\/wp-content\/uploads\/2022\/11\/trobada-monis4-1-300x225.jpeg\" class=\"attachment-medium size-medium\" alt=\"\" srcset=\"https:\/\/www.esplac.cat\/wp-content\/uploads\/2022\/11\/trobada-monis4-1-200x150.jpeg 200w, https:\/\/www.esplac.cat\/wp-content\/uploads\/2022\/11\/trobada-monis4-1-300x225.jpeg 300w, https:\/\/www.esplac.cat\/wp-content\/uploads\/2022\/11\/trobada-monis4-1-400x300.jpeg 400w, https:\/\/www.esplac.cat\/wp-content\/uploads\/2022\/11\/trobada-monis4-1-600x450.jpeg 600w, https:\/\/www.esplac.cat\/wp-content\/uploads\/2022\/11\/trobada-monis4-1-768x576.jpeg 768w, https:\/\/www.esplac.cat\/wp-content\/uploads\/2022\/11\/trobada-monis4-1-800x600.jpeg 800w, https:\/\/www.esplac.cat\/wp-content\/uploads\/2022\/11\/trobada-monis4-1-1024x768.jpeg 1024w, https:\/\/www.esplac.cat\/wp-content\/uploads\/2022\/11\/trobada-monis4-1-1200x900.jpeg 1200w, https:\/\/www.esplac.cat\/wp-content\/uploads\/2022\/11\/trobada-monis4-1-1536x1152.jpeg 1536w\" sizes=\"(max-width: 300px) 100vw, 300px\" \/><\/a>\n\t\t\t<\/dt><\/dl><dl class='gallery-item'>\n\t\t\t<dt class='gallery-icon landscape'>\n\t\t\t\t<a data-rel=\"iLightbox[postimages]\" data-title=\"trobada monis3\" data-caption=\"\" href='https:\/\/www.esplac.cat\/wp-content\/uploads\/2022\/11\/trobada-monis3-1.jpeg'><img decoding=\"async\" width=\"300\" height=\"225\" src=\"https:\/\/www.esplac.cat\/wp-content\/uploads\/2022\/11\/trobada-monis3-1-300x225.jpeg\" class=\"attachment-medium size-medium\" alt=\"\" srcset=\"https:\/\/www.esplac.cat\/wp-content\/uploads\/2022\/11\/trobada-monis3-1-200x150.jpeg 200w, https:\/\/www.esplac.cat\/wp-content\/uploads\/2022\/11\/trobada-monis3-1-300x225.jpeg 300w, https:\/\/www.esplac.cat\/wp-content\/uploads\/2022\/11\/trobada-monis3-1-400x300.jpeg 400w, https:\/\/www.esplac.cat\/wp-content\/uploads\/2022\/11\/trobada-monis3-1-600x450.jpeg 600w, https:\/\/www.esplac.cat\/wp-content\/uploads\/2022\/11\/trobada-monis3-1-768x576.jpeg 768w, https:\/\/www.esplac.cat\/wp-content\/uploads\/2022\/11\/trobada-monis3-1-800x600.jpeg 800w, https:\/\/www.esplac.cat\/wp-content\/uploads\/2022\/11\/trobada-monis3-1-1024x768.jpeg 1024w, https:\/\/www.esplac.cat\/wp-content\/uploads\/2022\/11\/trobada-monis3-1-1200x900.jpeg 1200w, https:\/\/www.esplac.cat\/wp-content\/uploads\/2022\/11\/trobada-monis3-1-1536x1152.jpeg 1536w\" sizes=\"(max-width: 300px) 100vw, 300px\" \/><\/a>\n\t\t\t<\/dt><\/dl><dl class='gallery-item'>\n\t\t\t<dt class='gallery-icon landscape'>\n\t\t\t\t<a data-rel=\"iLightbox[postimages]\" data-title=\"trobada monis2\" data-caption=\"\" href='https:\/\/www.esplac.cat\/wp-content\/uploads\/2022\/11\/trobada-monis2-1.jpeg'><img decoding=\"async\" width=\"300\" height=\"225\" src=\"https:\/\/www.esplac.cat\/wp-content\/uploads\/2022\/11\/trobada-monis2-1-300x225.jpeg\" class=\"attachment-medium size-medium\" alt=\"\" srcset=\"https:\/\/www.esplac.cat\/wp-content\/uploads\/2022\/11\/trobada-monis2-1-200x150.jpeg 200w, https:\/\/www.esplac.cat\/wp-content\/uploads\/2022\/11\/trobada-monis2-1-300x225.jpeg 300w, https:\/\/www.esplac.cat\/wp-content\/uploads\/2022\/11\/trobada-monis2-1-400x300.jpeg 400w, https:\/\/www.esplac.cat\/wp-content\/uploads\/2022\/11\/trobada-monis2-1-600x450.jpeg 600w, https:\/\/www.esplac.cat\/wp-content\/uploads\/2022\/11\/trobada-monis2-1-768x576.jpeg 768w, https:\/\/www.esplac.cat\/wp-content\/uploads\/2022\/11\/trobada-monis2-1-800x600.jpeg 800w, https:\/\/www.esplac.cat\/wp-content\/uploads\/2022\/11\/trobada-monis2-1-1024x768.jpeg 1024w, https:\/\/www.esplac.cat\/wp-content\/uploads\/2022\/11\/trobada-monis2-1-1200x900.jpeg 1200w, https:\/\/www.esplac.cat\/wp-content\/uploads\/2022\/11\/trobada-monis2-1-1536x1152.jpeg 1536w\" sizes=\"(max-width: 300px) 100vw, 300px\" \/><\/a>\n\t\t\t<\/dt><\/dl><dl class='gallery-item'>\n\t\t\t<dt class='gallery-icon landscape'>\n\t\t\t\t<a data-rel=\"iLightbox[postimages]\" data-title=\"trobada monis\" data-caption=\"\" href='https:\/\/www.esplac.cat\/wp-content\/uploads\/2022\/11\/trobada-monis-1.jpeg'><img decoding=\"async\" width=\"300\" height=\"225\" src=\"https:\/\/www.esplac.cat\/wp-content\/uploads\/2022\/11\/trobada-monis-1-300x225.jpeg\" class=\"attachment-medium size-medium\" alt=\"\" srcset=\"https:\/\/www.esplac.cat\/wp-content\/uploads\/2022\/11\/trobada-monis-1-200x150.jpeg 200w, https:\/\/www.esplac.cat\/wp-content\/uploads\/2022\/11\/trobada-monis-1-300x225.jpeg 300w, https:\/\/www.esplac.cat\/wp-content\/uploads\/2022\/11\/trobada-monis-1-400x300.jpeg 400w, https:\/\/www.esplac.cat\/wp-content\/uploads\/2022\/11\/trobada-monis-1-600x450.jpeg 600w, https:\/\/www.esplac.cat\/wp-content\/uploads\/2022\/11\/trobada-monis-1-768x576.jpeg 768w, https:\/\/www.esplac.cat\/wp-content\/uploads\/2022\/11\/trobada-monis-1-800x600.jpeg 800w, https:\/\/www.esplac.cat\/wp-content\/uploads\/2022\/11\/trobada-monis-1-1024x768.jpeg 1024w, https:\/\/www.esplac.cat\/wp-content\/uploads\/2022\/11\/trobada-monis-1-1200x900.jpeg 1200w, https:\/\/www.esplac.cat\/wp-content\/uploads\/2022\/11\/trobada-monis-1-1536x1152.jpeg 1536w\" sizes=\"(max-width: 300px) 100vw, 300px\" \/><\/a>\n\t\t\t<\/dt><\/dl><br style=\"clear: both\" \/>\n\t\t<\/div>\n\n","protected":false},"excerpt":{"rendered":"<p>Aquest curs, la Trobada de Monitores i Monitors del Sector [&hellip;]<\/p>\n","protected":false},"author":3,"featured_media":42044,"comment_status":"closed","ping_status":"closed","sticky":false,"template":"","format":"standard","meta":{"om_disable_all_campaigns":false,"_monsterinsights_skip_tracking":false,"_monsterinsights_sitenote_active":false,"_monsterinsights_sitenote_note":"","_monsterinsights_sitenote_category":0,"_uf_show_specific_survey":0,"_uf_disable_surveys":false,"footnotes":""},"categories":[1128],"tags":[],"class_list":["post-42031","post","type-post","status-publish","format-standard","has-post-thumbnail","hentry","category-sector-barcelona"],"yoast_head":"<!-- This site is optimized with the Yoast SEO plugin v27.5 - https:\/\/yoast.com\/product\/yoast-seo-wordpress\/ -->\n<title>\u00c8xit de participaci\u00f3 a la Trobada de Monis del Sector Barcelona - Esplac<\/title>\n<meta name=\"robots\" content=\"index, follow, max-snippet:-1, max-image-preview:large, max-video-preview:-1\" \/>\n<link rel=\"canonical\" href=\"https:\/\/www.esplac.cat\/exit-participacio-trobada-monis-sector-barcelona\/\" \/>\n<meta property=\"og:locale\" content=\"en_US\" \/>\n<meta property=\"og:type\" content=\"article\" \/>\n<meta property=\"og:title\" content=\"\u00c8xit de participaci\u00f3 a la Trobada de Monis del Sector Barcelona - Esplac\" \/>\n<meta property=\"og:description\" content=\"Aquest curs, la Trobada de Monitores i Monitors del Sector [&hellip;]\" \/>\n<meta property=\"og:url\" content=\"https:\/\/www.esplac.cat\/exit-participacio-trobada-monis-sector-barcelona\/\" \/>\n<meta property=\"og:site_name\" content=\"Esplac\" \/>\n<meta property=\"article:published_time\" content=\"2022-11-18T10:40:25+00:00\" \/>\n<meta property=\"article:modified_time\" content=\"2022-11-18T10:43:07+00:00\" \/>\n<meta property=\"og:image\" content=\"https:\/\/www.esplac.cat\/wp-content\/uploads\/2022\/11\/portada_trobada-moni.jpg\" \/>\n\t<meta property=\"og:image:width\" content=\"1694\" \/>\n\t<meta property=\"og:image:height\" content=\"700\" \/>\n\t<meta property=\"og:image:type\" content=\"image\/jpeg\" \/>\n<meta name=\"author\" content=\"Comunicaci\u00f3 Esplac\" \/>\n<meta name=\"twitter:card\" content=\"summary_large_image\" \/>\n<meta name=\"twitter:label1\" content=\"Written by\" \/>\n\t<meta name=\"twitter:data1\" content=\"Comunicaci\u00f3 Esplac\" \/>\n\t<meta name=\"twitter:label2\" content=\"Est. reading time\" \/>\n\t<meta name=\"twitter:data2\" content=\"2 minutes\" \/>\n<script type=\"application\/ld+json\" class=\"yoast-schema-graph\">{\"@context\":\"https:\\\/\\\/schema.org\",\"@graph\":[{\"@type\":\"Article\",\"@id\":\"https:\\\/\\\/www.esplac.cat\\\/exit-participacio-trobada-monis-sector-barcelona\\\/#article\",\"isPartOf\":{\"@id\":\"https:\\\/\\\/www.esplac.cat\\\/exit-participacio-trobada-monis-sector-barcelona\\\/\"},\"author\":{\"name\":\"Comunicaci\u00f3 Esplac\",\"@id\":\"https:\\\/\\\/www.esplac.cat\\\/#\\\/schema\\\/person\\\/908383cf240be18b68f8855d0583faca\"},\"headline\":\"\u00c8xit de participaci\u00f3 a la Trobada de Monis del Sector Barcelona\",\"datePublished\":\"2022-11-18T10:40:25+00:00\",\"dateModified\":\"2022-11-18T10:43:07+00:00\",\"mainEntityOfPage\":{\"@id\":\"https:\\\/\\\/www.esplac.cat\\\/exit-participacio-trobada-monis-sector-barcelona\\\/\"},\"wordCount\":292,\"publisher\":{\"@id\":\"https:\\\/\\\/www.esplac.cat\\\/#organization\"},\"image\":{\"@id\":\"https:\\\/\\\/www.esplac.cat\\\/exit-participacio-trobada-monis-sector-barcelona\\\/#primaryimage\"},\"thumbnailUrl\":\"https:\\\/\\\/www.esplac.cat\\\/wp-content\\\/uploads\\\/2022\\\/11\\\/portada_trobada-moni.jpg\",\"articleSection\":[\"Sector Barcelona\"],\"inLanguage\":\"en-US\"},{\"@type\":\"WebPage\",\"@id\":\"https:\\\/\\\/www.esplac.cat\\\/exit-participacio-trobada-monis-sector-barcelona\\\/\",\"url\":\"https:\\\/\\\/www.esplac.cat\\\/exit-participacio-trobada-monis-sector-barcelona\\\/\",\"name\":\"\u00c8xit de participaci\u00f3 a la Trobada de Monis del Sector Barcelona - Esplac\",\"isPartOf\":{\"@id\":\"https:\\\/\\\/www.esplac.cat\\\/#website\"},\"primaryImageOfPage\":{\"@id\":\"https:\\\/\\\/www.esplac.cat\\\/exit-participacio-trobada-monis-sector-barcelona\\\/#primaryimage\"},\"image\":{\"@id\":\"https:\\\/\\\/www.esplac.cat\\\/exit-participacio-trobada-monis-sector-barcelona\\\/#primaryimage\"},\"thumbnailUrl\":\"https:\\\/\\\/www.esplac.cat\\\/wp-content\\\/uploads\\\/2022\\\/11\\\/portada_trobada-moni.jpg\",\"datePublished\":\"2022-11-18T10:40:25+00:00\",\"dateModified\":\"2022-11-18T10:43:07+00:00\",\"breadcrumb\":{\"@id\":\"https:\\\/\\\/www.esplac.cat\\\/exit-participacio-trobada-monis-sector-barcelona\\\/#breadcrumb\"},\"inLanguage\":\"en-US\",\"potentialAction\":[{\"@type\":\"ReadAction\",\"target\":[\"https:\\\/\\\/www.esplac.cat\\\/exit-participacio-trobada-monis-sector-barcelona\\\/\"]}]},{\"@type\":\"ImageObject\",\"inLanguage\":\"en-US\",\"@id\":\"https:\\\/\\\/www.esplac.cat\\\/exit-participacio-trobada-monis-sector-barcelona\\\/#primaryimage\",\"url\":\"https:\\\/\\\/www.esplac.cat\\\/wp-content\\\/uploads\\\/2022\\\/11\\\/portada_trobada-moni.jpg\",\"contentUrl\":\"https:\\\/\\\/www.esplac.cat\\\/wp-content\\\/uploads\\\/2022\\\/11\\\/portada_trobada-moni.jpg\",\"width\":1694,\"height\":700},{\"@type\":\"BreadcrumbList\",\"@id\":\"https:\\\/\\\/www.esplac.cat\\\/exit-participacio-trobada-monis-sector-barcelona\\\/#breadcrumb\",\"itemListElement\":[{\"@type\":\"ListItem\",\"position\":1,\"name\":\"Inici\",\"item\":\"https:\\\/\\\/www.esplac.cat\\\/en\\\/\"},{\"@type\":\"ListItem\",\"position\":2,\"name\":\"\u00c8xit de participaci\u00f3 a la Trobada de Monis del Sector Barcelona\"}]},{\"@type\":\"WebSite\",\"@id\":\"https:\\\/\\\/www.esplac.cat\\\/#website\",\"url\":\"https:\\\/\\\/www.esplac.cat\\\/\",\"name\":\"Esplac\",\"description\":\"Esplais Catalans\",\"publisher\":{\"@id\":\"https:\\\/\\\/www.esplac.cat\\\/#organization\"},\"potentialAction\":[{\"@type\":\"SearchAction\",\"target\":{\"@type\":\"EntryPoint\",\"urlTemplate\":\"https:\\\/\\\/www.esplac.cat\\\/?s={search_term_string}\"},\"query-input\":{\"@type\":\"PropertyValueSpecification\",\"valueRequired\":true,\"valueName\":\"search_term_string\"}}],\"inLanguage\":\"en-US\"},{\"@type\":\"Organization\",\"@id\":\"https:\\\/\\\/www.esplac.cat\\\/#organization\",\"name\":\"Esplac\",\"url\":\"https:\\\/\\\/www.esplac.cat\\\/\",\"logo\":{\"@type\":\"ImageObject\",\"inLanguage\":\"en-US\",\"@id\":\"https:\\\/\\\/www.esplac.cat\\\/#\\\/schema\\\/logo\\\/image\\\/\",\"url\":\"https:\\\/\\\/www.esplac.cat\\\/wp-content\\\/uploads\\\/2019\\\/08\\\/logox2.png\",\"contentUrl\":\"https:\\\/\\\/www.esplac.cat\\\/wp-content\\\/uploads\\\/2019\\\/08\\\/logox2.png\",\"width\":600,\"height\":295,\"caption\":\"Esplac\"},\"image\":{\"@id\":\"https:\\\/\\\/www.esplac.cat\\\/#\\\/schema\\\/logo\\\/image\\\/\"}},{\"@type\":\"Person\",\"@id\":\"https:\\\/\\\/www.esplac.cat\\\/#\\\/schema\\\/person\\\/908383cf240be18b68f8855d0583faca\",\"name\":\"Comunicaci\u00f3 Esplac\",\"image\":{\"@type\":\"ImageObject\",\"inLanguage\":\"en-US\",\"@id\":\"https:\\\/\\\/secure.gravatar.com\\\/avatar\\\/7a4cf8feb412a76ea4a740ca02d95b06b2907b5a6c648c2dd0a1082a093c3141?s=96&d=mm&r=g\",\"url\":\"https:\\\/\\\/secure.gravatar.com\\\/avatar\\\/7a4cf8feb412a76ea4a740ca02d95b06b2907b5a6c648c2dd0a1082a093c3141?s=96&d=mm&r=g\",\"contentUrl\":\"https:\\\/\\\/secure.gravatar.com\\\/avatar\\\/7a4cf8feb412a76ea4a740ca02d95b06b2907b5a6c648c2dd0a1082a093c3141?s=96&d=mm&r=g\",\"caption\":\"Comunicaci\u00f3 Esplac\"}}]}<\/script>\n<!-- \/ Yoast SEO plugin. -->","yoast_head_json":{"title":"\u00c8xit de participaci\u00f3 a la Trobada de Monis del Sector Barcelona - Esplac","robots":{"index":"index","follow":"follow","max-snippet":"max-snippet:-1","max-image-preview":"max-image-preview:large","max-video-preview":"max-video-preview:-1"},"canonical":"https:\/\/www.esplac.cat\/exit-participacio-trobada-monis-sector-barcelona\/","og_locale":"en_US","og_type":"article","og_title":"\u00c8xit de participaci\u00f3 a la Trobada de Monis del Sector Barcelona - Esplac","og_description":"Aquest curs, la Trobada de Monitores i Monitors del Sector [&hellip;]","og_url":"https:\/\/www.esplac.cat\/exit-participacio-trobada-monis-sector-barcelona\/","og_site_name":"Esplac","article_published_time":"2022-11-18T10:40:25+00:00","article_modified_time":"2022-11-18T10:43:07+00:00","og_image":[{"width":1694,"height":700,"url":"https:\/\/www.esplac.cat\/wp-content\/uploads\/2022\/11\/portada_trobada-moni.jpg","type":"image\/jpeg"}],"author":"Comunicaci\u00f3 Esplac","twitter_card":"summary_large_image","twitter_misc":{"Written by":"Comunicaci\u00f3 Esplac","Est. reading time":"2 minutes"},"schema":{"@context":"https:\/\/schema.org","@graph":[{"@type":"Article","@id":"https:\/\/www.esplac.cat\/exit-participacio-trobada-monis-sector-barcelona\/#article","isPartOf":{"@id":"https:\/\/www.esplac.cat\/exit-participacio-trobada-monis-sector-barcelona\/"},"author":{"name":"Comunicaci\u00f3 Esplac","@id":"https:\/\/www.esplac.cat\/#\/schema\/person\/908383cf240be18b68f8855d0583faca"},"headline":"\u00c8xit de participaci\u00f3 a la Trobada de Monis del Sector Barcelona","datePublished":"2022-11-18T10:40:25+00:00","dateModified":"2022-11-18T10:43:07+00:00","mainEntityOfPage":{"@id":"https:\/\/www.esplac.cat\/exit-participacio-trobada-monis-sector-barcelona\/"},"wordCount":292,"publisher":{"@id":"https:\/\/www.esplac.cat\/#organization"},"image":{"@id":"https:\/\/www.esplac.cat\/exit-participacio-trobada-monis-sector-barcelona\/#primaryimage"},"thumbnailUrl":"https:\/\/www.esplac.cat\/wp-content\/uploads\/2022\/11\/portada_trobada-moni.jpg","articleSection":["Sector Barcelona"],"inLanguage":"en-US"},{"@type":"WebPage","@id":"https:\/\/www.esplac.cat\/exit-participacio-trobada-monis-sector-barcelona\/","url":"https:\/\/www.esplac.cat\/exit-participacio-trobada-monis-sector-barcelona\/","name":"\u00c8xit de participaci\u00f3 a la Trobada de Monis del Sector Barcelona - Esplac","isPartOf":{"@id":"https:\/\/www.esplac.cat\/#website"},"primaryImageOfPage":{"@id":"https:\/\/www.esplac.cat\/exit-participacio-trobada-monis-sector-barcelona\/#primaryimage"},"image":{"@id":"https:\/\/www.esplac.cat\/exit-participacio-trobada-monis-sector-barcelona\/#primaryimage"},"thumbnailUrl":"https:\/\/www.esplac.cat\/wp-content\/uploads\/2022\/11\/portada_trobada-moni.jpg","datePublished":"2022-11-18T10:40:25+00:00","dateModified":"2022-11-18T10:43:07+00:00","breadcrumb":{"@id":"https:\/\/www.esplac.cat\/exit-participacio-trobada-monis-sector-barcelona\/#breadcrumb"},"inLanguage":"en-US","potentialAction":[{"@type":"ReadAction","target":["https:\/\/www.esplac.cat\/exit-participacio-trobada-monis-sector-barcelona\/"]}]},{"@type":"ImageObject","inLanguage":"en-US","@id":"https:\/\/www.esplac.cat\/exit-participacio-trobada-monis-sector-barcelona\/#primaryimage","url":"https:\/\/www.esplac.cat\/wp-content\/uploads\/2022\/11\/portada_trobada-moni.jpg","contentUrl":"https:\/\/www.esplac.cat\/wp-content\/uploads\/2022\/11\/portada_trobada-moni.jpg","width":1694,"height":700},{"@type":"BreadcrumbList","@id":"https:\/\/www.esplac.cat\/exit-participacio-trobada-monis-sector-barcelona\/#breadcrumb","itemListElement":[{"@type":"ListItem","position":1,"name":"Inici","item":"https:\/\/www.esplac.cat\/en\/"},{"@type":"ListItem","position":2,"name":"\u00c8xit de participaci\u00f3 a la Trobada de Monis del Sector Barcelona"}]},{"@type":"WebSite","@id":"https:\/\/www.esplac.cat\/#website","url":"https:\/\/www.esplac.cat\/","name":"Esplac","description":"Esplais Catalans","publisher":{"@id":"https:\/\/www.esplac.cat\/#organization"},"potentialAction":[{"@type":"SearchAction","target":{"@type":"EntryPoint","urlTemplate":"https:\/\/www.esplac.cat\/?s={search_term_string}"},"query-input":{"@type":"PropertyValueSpecification","valueRequired":true,"valueName":"search_term_string"}}],"inLanguage":"en-US"},{"@type":"Organization","@id":"https:\/\/www.esplac.cat\/#organization","name":"Esplac","url":"https:\/\/www.esplac.cat\/","logo":{"@type":"ImageObject","inLanguage":"en-US","@id":"https:\/\/www.esplac.cat\/#\/schema\/logo\/image\/","url":"https:\/\/www.esplac.cat\/wp-content\/uploads\/2019\/08\/logox2.png","contentUrl":"https:\/\/www.esplac.cat\/wp-content\/uploads\/2019\/08\/logox2.png","width":600,"height":295,"caption":"Esplac"},"image":{"@id":"https:\/\/www.esplac.cat\/#\/schema\/logo\/image\/"}},{"@type":"Person","@id":"https:\/\/www.esplac.cat\/#\/schema\/person\/908383cf240be18b68f8855d0583faca","name":"Comunicaci\u00f3 Esplac","image":{"@type":"ImageObject","inLanguage":"en-US","@id":"https:\/\/secure.gravatar.com\/avatar\/7a4cf8feb412a76ea4a740ca02d95b06b2907b5a6c648c2dd0a1082a093c3141?s=96&d=mm&r=g","url":"https:\/\/secure.gravatar.com\/avatar\/7a4cf8feb412a76ea4a740ca02d95b06b2907b5a6c648c2dd0a1082a093c3141?s=96&d=mm&r=g","contentUrl":"https:\/\/secure.gravatar.com\/avatar\/7a4cf8feb412a76ea4a740ca02d95b06b2907b5a6c648c2dd0a1082a093c3141?s=96&d=mm&r=g","caption":"Comunicaci\u00f3 Esplac"}}]}},"_links":{"self":[{"href":"https:\/\/www.esplac.cat\/en\/wp-json\/wp\/v2\/posts\/42031","targetHints":{"allow":["GET"]}}],"collection":[{"href":"https:\/\/www.esplac.cat\/en\/wp-json\/wp\/v2\/posts"}],"about":[{"href":"https:\/\/www.esplac.cat\/en\/wp-json\/wp\/v2\/types\/post"}],"author":[{"embeddable":true,"href":"https:\/\/www.esplac.cat\/en\/wp-json\/wp\/v2\/users\/3"}],"replies":[{"embeddable":true,"href":"https:\/\/www.esplac.cat\/en\/wp-json\/wp\/v2\/comments?post=42031"}],"version-history":[{"count":0,"href":"https:\/\/www.esplac.cat\/en\/wp-json\/wp\/v2\/posts\/42031\/revisions"}],"wp:featuredmedia":[{"embeddable":true,"href":"https:\/\/www.esplac.cat\/en\/wp-json\/wp\/v2\/media\/42044"}],"wp:attachment":[{"href":"https:\/\/www.esplac.cat\/en\/wp-json\/wp\/v2\/media?parent=42031"}],"wp:term":[{"taxonomy":"category","embeddable":true,"href":"https:\/\/www.esplac.cat\/en\/wp-json\/wp\/v2\/categories?post=42031"},{"taxonomy":"post_tag","embeddable":true,"href":"https:\/\/www.esplac.cat\/en\/wp-json\/wp\/v2\/tags?post=42031"}],"curies":[{"name":"wp","href":"https:\/\/api.w.org\/{rel}","templated":true}]}}