{"id":42061,"date":"2022-11-18T14:19:42","date_gmt":"2022-11-18T12:19:42","guid":{"rendered":"https:\/\/www.esplac.cat\/?p=42061"},"modified":"2022-11-18T14:25:56","modified_gmt":"2022-11-18T12:25:56","slug":"recurs-guia-practica-educacio-drets-infants","status":"publish","type":"post","link":"https:\/\/www.esplac.cat\/en\/recurs-guia-practica-educacio-drets-infants\/","title":{"rendered":"RECURS: Guia pr\u00e0ctica per a l&#8217;educaci\u00f3 en els Drets dels Infants"},"content":{"rendered":"<h6><strong>Els infants del projecte internacional Kids Got Rights han creat una Guia pr\u00e0ctica per a l&#8217;educaci\u00f3 en els Drets dels Infants.<\/strong><\/h6>\n<p>Arriba un nou recurs, creat per infants per a d&#8217;altres infants, que t\u00e9 com a objectiu la promoci\u00f3 dels drets dels infants. La guia neix com a culminaci\u00f3 del projecte Kids Got Rights, organitzat per l&#8217;IFM-SEI, on infants de 7 pa\u00efsos europeus diferents s&#8217;han ajuntat per reflexionar i poder reivindicar els seus drets. En el projecte hi havia un grup d&#8217;infants d&#8217;Esplac, els quals van poder participar en totes les activitats i decisions durant tot el passat curs.<\/p>\n<p>Els infants del projecte, els &#8220;superherois&#8221;, van decidir l&#8217;estructura del conjunt d&#8217;eines d&#8217;aquest recurs durant la <span style=\"color: #ff9900;\"><a style=\"color: #ff9900;\" href=\"https:\/\/www.esplac.cat\/trobada-internacional-del-projecte-kids-got-rights-a-italia\/\" target=\"_blank\" rel=\"noopener\">trobada que van fer a It\u00e0lia<\/a><\/span>. Despr\u00e9s, les van dissenyar i implementar en el conjunt d&#8217;eines que trobareu a la guia.<\/p>\n<p>S&#8217;ha fet arribar una c\u00f2pia a cada esplai, per\u00f2 podeu trobar el recurs digital en el seg\u00fcent enlla\u00e7:<\/p>\n<div class=\"fusion-button-wrapper\"><a class=\"fusion-button button-flat fusion-button-default-size button-default fusion-button-default button-1 fusion-button-default-span fusion-button-default-type\" target=\"_self\" href=\"https:\/\/ifm-sei.org\/kgr-toolkit\/\"><span class=\"fusion-button-text\">Guia pr\u00e0ctica per a l&#8217;educaci\u00f3 en els Drets dels Infants<\/span><\/a><\/div>\n","protected":false},"excerpt":{"rendered":"<p>Els infants del projecte internacional Kids Got Rights han creat [&hellip;]<\/p>\n","protected":false},"author":3,"featured_media":42066,"comment_status":"closed","ping_status":"closed","sticky":false,"template":"","format":"standard","meta":{"om_disable_all_campaigns":false,"_monsterinsights_skip_tracking":false,"_monsterinsights_sitenote_active":false,"_monsterinsights_sitenote_note":"","_monsterinsights_sitenote_category":0,"_uf_show_specific_survey":0,"_uf_disable_surveys":false,"footnotes":""},"categories":[1112,1114],"tags":[],"class_list":["post-42061","post","type-post","status-publish","format-standard","has-post-thumbnail","hentry","category-esplac-al-mon","category-recursos"],"yoast_head":"<!-- This site is optimized with the Yoast SEO plugin v27.4 - https:\/\/yoast.com\/product\/yoast-seo-wordpress\/ -->\n<title>RECURS: Guia pr\u00e0ctica per a l&#039;educaci\u00f3 en els Drets dels Infants - Esplac<\/title>\n<meta name=\"robots\" content=\"index, follow, max-snippet:-1, max-image-preview:large, max-video-preview:-1\" \/>\n<link rel=\"canonical\" href=\"https:\/\/www.esplac.cat\/recurs-guia-practica-educacio-drets-infants\/\" \/>\n<meta property=\"og:locale\" content=\"en_US\" \/>\n<meta property=\"og:type\" content=\"article\" \/>\n<meta property=\"og:title\" content=\"RECURS: Guia pr\u00e0ctica per a l&#039;educaci\u00f3 en els Drets dels Infants - Esplac\" \/>\n<meta property=\"og:description\" content=\"Els infants del projecte internacional Kids Got Rights han creat [&hellip;]\" \/>\n<meta property=\"og:url\" content=\"https:\/\/www.esplac.cat\/recurs-guia-practica-educacio-drets-infants\/\" \/>\n<meta property=\"og:site_name\" content=\"Esplac\" \/>\n<meta property=\"article:published_time\" content=\"2022-11-18T12:19:42+00:00\" \/>\n<meta property=\"article:modified_time\" content=\"2022-11-18T12:25:56+00:00\" \/>\n<meta property=\"og:image\" content=\"https:\/\/www.esplac.cat\/wp-content\/uploads\/2022\/11\/Portades-web-37.jpg\" \/>\n\t<meta property=\"og:image:width\" content=\"1694\" \/>\n\t<meta property=\"og:image:height\" content=\"700\" \/>\n\t<meta property=\"og:image:type\" content=\"image\/jpeg\" \/>\n<meta name=\"author\" content=\"Comunicaci\u00f3 Esplac\" \/>\n<meta name=\"twitter:card\" content=\"summary_large_image\" \/>\n<meta name=\"twitter:label1\" content=\"Written by\" \/>\n\t<meta name=\"twitter:data1\" content=\"Comunicaci\u00f3 Esplac\" \/>\n\t<meta name=\"twitter:label2\" content=\"Est. reading time\" \/>\n\t<meta name=\"twitter:data2\" content=\"2 minutes\" \/>\n<script type=\"application\/ld+json\" class=\"yoast-schema-graph\">{\"@context\":\"https:\\\/\\\/schema.org\",\"@graph\":[{\"@type\":\"Article\",\"@id\":\"https:\\\/\\\/www.esplac.cat\\\/recurs-guia-practica-educacio-drets-infants\\\/#article\",\"isPartOf\":{\"@id\":\"https:\\\/\\\/www.esplac.cat\\\/recurs-guia-practica-educacio-drets-infants\\\/\"},\"author\":{\"name\":\"Comunicaci\u00f3 Esplac\",\"@id\":\"https:\\\/\\\/www.esplac.cat\\\/#\\\/schema\\\/person\\\/908383cf240be18b68f8855d0583faca\"},\"headline\":\"RECURS: Guia pr\u00e0ctica per a l&#8217;educaci\u00f3 en els Drets dels Infants\",\"datePublished\":\"2022-11-18T12:19:42+00:00\",\"dateModified\":\"2022-11-18T12:25:56+00:00\",\"mainEntityOfPage\":{\"@id\":\"https:\\\/\\\/www.esplac.cat\\\/recurs-guia-practica-educacio-drets-infants\\\/\"},\"wordCount\":356,\"publisher\":{\"@id\":\"https:\\\/\\\/www.esplac.cat\\\/#organization\"},\"image\":{\"@id\":\"https:\\\/\\\/www.esplac.cat\\\/recurs-guia-practica-educacio-drets-infants\\\/#primaryimage\"},\"thumbnailUrl\":\"https:\\\/\\\/www.esplac.cat\\\/wp-content\\\/uploads\\\/2022\\\/11\\\/Portades-web-37.jpg\",\"articleSection\":[\"Esplac al m\u00f3n\",\"Recursos\"],\"inLanguage\":\"en-US\"},{\"@type\":\"WebPage\",\"@id\":\"https:\\\/\\\/www.esplac.cat\\\/recurs-guia-practica-educacio-drets-infants\\\/\",\"url\":\"https:\\\/\\\/www.esplac.cat\\\/recurs-guia-practica-educacio-drets-infants\\\/\",\"name\":\"RECURS: Guia pr\u00e0ctica per a l'educaci\u00f3 en els Drets dels Infants - Esplac\",\"isPartOf\":{\"@id\":\"https:\\\/\\\/www.esplac.cat\\\/#website\"},\"primaryImageOfPage\":{\"@id\":\"https:\\\/\\\/www.esplac.cat\\\/recurs-guia-practica-educacio-drets-infants\\\/#primaryimage\"},\"image\":{\"@id\":\"https:\\\/\\\/www.esplac.cat\\\/recurs-guia-practica-educacio-drets-infants\\\/#primaryimage\"},\"thumbnailUrl\":\"https:\\\/\\\/www.esplac.cat\\\/wp-content\\\/uploads\\\/2022\\\/11\\\/Portades-web-37.jpg\",\"datePublished\":\"2022-11-18T12:19:42+00:00\",\"dateModified\":\"2022-11-18T12:25:56+00:00\",\"breadcrumb\":{\"@id\":\"https:\\\/\\\/www.esplac.cat\\\/recurs-guia-practica-educacio-drets-infants\\\/#breadcrumb\"},\"inLanguage\":\"en-US\",\"potentialAction\":[{\"@type\":\"ReadAction\",\"target\":[\"https:\\\/\\\/www.esplac.cat\\\/recurs-guia-practica-educacio-drets-infants\\\/\"]}]},{\"@type\":\"ImageObject\",\"inLanguage\":\"en-US\",\"@id\":\"https:\\\/\\\/www.esplac.cat\\\/recurs-guia-practica-educacio-drets-infants\\\/#primaryimage\",\"url\":\"https:\\\/\\\/www.esplac.cat\\\/wp-content\\\/uploads\\\/2022\\\/11\\\/Portades-web-37.jpg\",\"contentUrl\":\"https:\\\/\\\/www.esplac.cat\\\/wp-content\\\/uploads\\\/2022\\\/11\\\/Portades-web-37.jpg\",\"width\":1694,\"height\":700},{\"@type\":\"BreadcrumbList\",\"@id\":\"https:\\\/\\\/www.esplac.cat\\\/recurs-guia-practica-educacio-drets-infants\\\/#breadcrumb\",\"itemListElement\":[{\"@type\":\"ListItem\",\"position\":1,\"name\":\"Inici\",\"item\":\"https:\\\/\\\/www.esplac.cat\\\/en\\\/\"},{\"@type\":\"ListItem\",\"position\":2,\"name\":\"RECURS: Guia pr\u00e0ctica per a l&#8217;educaci\u00f3 en els Drets dels Infants\"}]},{\"@type\":\"WebSite\",\"@id\":\"https:\\\/\\\/www.esplac.cat\\\/#website\",\"url\":\"https:\\\/\\\/www.esplac.cat\\\/\",\"name\":\"Esplac\",\"description\":\"Esplais Catalans\",\"publisher\":{\"@id\":\"https:\\\/\\\/www.esplac.cat\\\/#organization\"},\"potentialAction\":[{\"@type\":\"SearchAction\",\"target\":{\"@type\":\"EntryPoint\",\"urlTemplate\":\"https:\\\/\\\/www.esplac.cat\\\/?s={search_term_string}\"},\"query-input\":{\"@type\":\"PropertyValueSpecification\",\"valueRequired\":true,\"valueName\":\"search_term_string\"}}],\"inLanguage\":\"en-US\"},{\"@type\":\"Organization\",\"@id\":\"https:\\\/\\\/www.esplac.cat\\\/#organization\",\"name\":\"Esplac\",\"url\":\"https:\\\/\\\/www.esplac.cat\\\/\",\"logo\":{\"@type\":\"ImageObject\",\"inLanguage\":\"en-US\",\"@id\":\"https:\\\/\\\/www.esplac.cat\\\/#\\\/schema\\\/logo\\\/image\\\/\",\"url\":\"https:\\\/\\\/www.esplac.cat\\\/wp-content\\\/uploads\\\/2019\\\/08\\\/logox2.png\",\"contentUrl\":\"https:\\\/\\\/www.esplac.cat\\\/wp-content\\\/uploads\\\/2019\\\/08\\\/logox2.png\",\"width\":600,\"height\":295,\"caption\":\"Esplac\"},\"image\":{\"@id\":\"https:\\\/\\\/www.esplac.cat\\\/#\\\/schema\\\/logo\\\/image\\\/\"}},{\"@type\":\"Person\",\"@id\":\"https:\\\/\\\/www.esplac.cat\\\/#\\\/schema\\\/person\\\/908383cf240be18b68f8855d0583faca\",\"name\":\"Comunicaci\u00f3 Esplac\",\"image\":{\"@type\":\"ImageObject\",\"inLanguage\":\"en-US\",\"@id\":\"https:\\\/\\\/secure.gravatar.com\\\/avatar\\\/7a4cf8feb412a76ea4a740ca02d95b06b2907b5a6c648c2dd0a1082a093c3141?s=96&d=mm&r=g\",\"url\":\"https:\\\/\\\/secure.gravatar.com\\\/avatar\\\/7a4cf8feb412a76ea4a740ca02d95b06b2907b5a6c648c2dd0a1082a093c3141?s=96&d=mm&r=g\",\"contentUrl\":\"https:\\\/\\\/secure.gravatar.com\\\/avatar\\\/7a4cf8feb412a76ea4a740ca02d95b06b2907b5a6c648c2dd0a1082a093c3141?s=96&d=mm&r=g\",\"caption\":\"Comunicaci\u00f3 Esplac\"}}]}<\/script>\n<!-- \/ Yoast SEO plugin. -->","yoast_head_json":{"title":"RECURS: Guia pr\u00e0ctica per a l'educaci\u00f3 en els Drets dels Infants - Esplac","robots":{"index":"index","follow":"follow","max-snippet":"max-snippet:-1","max-image-preview":"max-image-preview:large","max-video-preview":"max-video-preview:-1"},"canonical":"https:\/\/www.esplac.cat\/recurs-guia-practica-educacio-drets-infants\/","og_locale":"en_US","og_type":"article","og_title":"RECURS: Guia pr\u00e0ctica per a l'educaci\u00f3 en els Drets dels Infants - Esplac","og_description":"Els infants del projecte internacional Kids Got Rights han creat [&hellip;]","og_url":"https:\/\/www.esplac.cat\/recurs-guia-practica-educacio-drets-infants\/","og_site_name":"Esplac","article_published_time":"2022-11-18T12:19:42+00:00","article_modified_time":"2022-11-18T12:25:56+00:00","og_image":[{"width":1694,"height":700,"url":"https:\/\/www.esplac.cat\/wp-content\/uploads\/2022\/11\/Portades-web-37.jpg","type":"image\/jpeg"}],"author":"Comunicaci\u00f3 Esplac","twitter_card":"summary_large_image","twitter_misc":{"Written by":"Comunicaci\u00f3 Esplac","Est. reading time":"2 minutes"},"schema":{"@context":"https:\/\/schema.org","@graph":[{"@type":"Article","@id":"https:\/\/www.esplac.cat\/recurs-guia-practica-educacio-drets-infants\/#article","isPartOf":{"@id":"https:\/\/www.esplac.cat\/recurs-guia-practica-educacio-drets-infants\/"},"author":{"name":"Comunicaci\u00f3 Esplac","@id":"https:\/\/www.esplac.cat\/#\/schema\/person\/908383cf240be18b68f8855d0583faca"},"headline":"RECURS: Guia pr\u00e0ctica per a l&#8217;educaci\u00f3 en els Drets dels Infants","datePublished":"2022-11-18T12:19:42+00:00","dateModified":"2022-11-18T12:25:56+00:00","mainEntityOfPage":{"@id":"https:\/\/www.esplac.cat\/recurs-guia-practica-educacio-drets-infants\/"},"wordCount":356,"publisher":{"@id":"https:\/\/www.esplac.cat\/#organization"},"image":{"@id":"https:\/\/www.esplac.cat\/recurs-guia-practica-educacio-drets-infants\/#primaryimage"},"thumbnailUrl":"https:\/\/www.esplac.cat\/wp-content\/uploads\/2022\/11\/Portades-web-37.jpg","articleSection":["Esplac al m\u00f3n","Recursos"],"inLanguage":"en-US"},{"@type":"WebPage","@id":"https:\/\/www.esplac.cat\/recurs-guia-practica-educacio-drets-infants\/","url":"https:\/\/www.esplac.cat\/recurs-guia-practica-educacio-drets-infants\/","name":"RECURS: Guia pr\u00e0ctica per a l'educaci\u00f3 en els Drets dels Infants - Esplac","isPartOf":{"@id":"https:\/\/www.esplac.cat\/#website"},"primaryImageOfPage":{"@id":"https:\/\/www.esplac.cat\/recurs-guia-practica-educacio-drets-infants\/#primaryimage"},"image":{"@id":"https:\/\/www.esplac.cat\/recurs-guia-practica-educacio-drets-infants\/#primaryimage"},"thumbnailUrl":"https:\/\/www.esplac.cat\/wp-content\/uploads\/2022\/11\/Portades-web-37.jpg","datePublished":"2022-11-18T12:19:42+00:00","dateModified":"2022-11-18T12:25:56+00:00","breadcrumb":{"@id":"https:\/\/www.esplac.cat\/recurs-guia-practica-educacio-drets-infants\/#breadcrumb"},"inLanguage":"en-US","potentialAction":[{"@type":"ReadAction","target":["https:\/\/www.esplac.cat\/recurs-guia-practica-educacio-drets-infants\/"]}]},{"@type":"ImageObject","inLanguage":"en-US","@id":"https:\/\/www.esplac.cat\/recurs-guia-practica-educacio-drets-infants\/#primaryimage","url":"https:\/\/www.esplac.cat\/wp-content\/uploads\/2022\/11\/Portades-web-37.jpg","contentUrl":"https:\/\/www.esplac.cat\/wp-content\/uploads\/2022\/11\/Portades-web-37.jpg","width":1694,"height":700},{"@type":"BreadcrumbList","@id":"https:\/\/www.esplac.cat\/recurs-guia-practica-educacio-drets-infants\/#breadcrumb","itemListElement":[{"@type":"ListItem","position":1,"name":"Inici","item":"https:\/\/www.esplac.cat\/en\/"},{"@type":"ListItem","position":2,"name":"RECURS: Guia pr\u00e0ctica per a l&#8217;educaci\u00f3 en els Drets dels Infants"}]},{"@type":"WebSite","@id":"https:\/\/www.esplac.cat\/#website","url":"https:\/\/www.esplac.cat\/","name":"Esplac","description":"Esplais Catalans","publisher":{"@id":"https:\/\/www.esplac.cat\/#organization"},"potentialAction":[{"@type":"SearchAction","target":{"@type":"EntryPoint","urlTemplate":"https:\/\/www.esplac.cat\/?s={search_term_string}"},"query-input":{"@type":"PropertyValueSpecification","valueRequired":true,"valueName":"search_term_string"}}],"inLanguage":"en-US"},{"@type":"Organization","@id":"https:\/\/www.esplac.cat\/#organization","name":"Esplac","url":"https:\/\/www.esplac.cat\/","logo":{"@type":"ImageObject","inLanguage":"en-US","@id":"https:\/\/www.esplac.cat\/#\/schema\/logo\/image\/","url":"https:\/\/www.esplac.cat\/wp-content\/uploads\/2019\/08\/logox2.png","contentUrl":"https:\/\/www.esplac.cat\/wp-content\/uploads\/2019\/08\/logox2.png","width":600,"height":295,"caption":"Esplac"},"image":{"@id":"https:\/\/www.esplac.cat\/#\/schema\/logo\/image\/"}},{"@type":"Person","@id":"https:\/\/www.esplac.cat\/#\/schema\/person\/908383cf240be18b68f8855d0583faca","name":"Comunicaci\u00f3 Esplac","image":{"@type":"ImageObject","inLanguage":"en-US","@id":"https:\/\/secure.gravatar.com\/avatar\/7a4cf8feb412a76ea4a740ca02d95b06b2907b5a6c648c2dd0a1082a093c3141?s=96&d=mm&r=g","url":"https:\/\/secure.gravatar.com\/avatar\/7a4cf8feb412a76ea4a740ca02d95b06b2907b5a6c648c2dd0a1082a093c3141?s=96&d=mm&r=g","contentUrl":"https:\/\/secure.gravatar.com\/avatar\/7a4cf8feb412a76ea4a740ca02d95b06b2907b5a6c648c2dd0a1082a093c3141?s=96&d=mm&r=g","caption":"Comunicaci\u00f3 Esplac"}}]}},"_links":{"self":[{"href":"https:\/\/www.esplac.cat\/en\/wp-json\/wp\/v2\/posts\/42061","targetHints":{"allow":["GET"]}}],"collection":[{"href":"https:\/\/www.esplac.cat\/en\/wp-json\/wp\/v2\/posts"}],"about":[{"href":"https:\/\/www.esplac.cat\/en\/wp-json\/wp\/v2\/types\/post"}],"author":[{"embeddable":true,"href":"https:\/\/www.esplac.cat\/en\/wp-json\/wp\/v2\/users\/3"}],"replies":[{"embeddable":true,"href":"https:\/\/www.esplac.cat\/en\/wp-json\/wp\/v2\/comments?post=42061"}],"version-history":[{"count":0,"href":"https:\/\/www.esplac.cat\/en\/wp-json\/wp\/v2\/posts\/42061\/revisions"}],"wp:featuredmedia":[{"embeddable":true,"href":"https:\/\/www.esplac.cat\/en\/wp-json\/wp\/v2\/media\/42066"}],"wp:attachment":[{"href":"https:\/\/www.esplac.cat\/en\/wp-json\/wp\/v2\/media?parent=42061"}],"wp:term":[{"taxonomy":"category","embeddable":true,"href":"https:\/\/www.esplac.cat\/en\/wp-json\/wp\/v2\/categories?post=42061"},{"taxonomy":"post_tag","embeddable":true,"href":"https:\/\/www.esplac.cat\/en\/wp-json\/wp\/v2\/tags?post=42061"}],"curies":[{"name":"wp","href":"https:\/\/api.w.org\/{rel}","templated":true}]}}