{"id":42144,"date":"2022-11-23T09:42:59","date_gmt":"2022-11-23T07:42:59","guid":{"rendered":"https:\/\/www.esplac.cat\/?p=42144"},"modified":"2022-11-23T11:07:49","modified_gmt":"2022-11-23T09:07:49","slug":"esplais-catalans-celebrem-el-dia-universal-dels-drets-dels-infants-amb-reivindicacions-i-activitats-arreu-del-territori","status":"publish","type":"post","link":"https:\/\/www.esplac.cat\/en\/esplais-catalans-celebrem-el-dia-universal-dels-drets-dels-infants-amb-reivindicacions-i-activitats-arreu-del-territori\/","title":{"rendered":"Esplais Catalans celebrem el Dia Universal dels Drets dels Infants amb reivindicacions i activitats arreu del territori"},"content":{"rendered":"<h6><strong>Santa Coloma de Cervell\u00f3 acull la DUDI del Sector Baix Llobregat sota el lema &#8220;Som Infants i Tenim Drets&#8221;<\/strong><\/h6>\n<p>El Sector Baix Llobregat, el Greska, el Guspira, L&#8217;Agrupa, la Peti Ki Peti, el Pa amb Tom\u00e0quet, el Vol i Vol i l&#8217;Arc de Sant Mart\u00ed, es van trobar aquest cap de setmana a <strong>Santa Coloma de Cervell\u00f3<\/strong>, amb motiu del Dia Universal dels Drets dels Infants.<\/p>\n<p>La Diada va comen\u00e7ar dissabte al mat\u00ed, amb l&#8217;arribada dels grups m\u00e9s petits, van realitzar tot un seguit d&#8217;activitats per tractar els drets dels infants i tamb\u00e9 van fer jocs de coneixen\u00e7a entre els diferents esplais. Van pintar uns llen\u00e7ols amb el lema de\u00a0<strong>&#8220;Som Infants\u00a0i\u00a0Tenim\u00a0Drets&#8221;<\/strong>\u00a0i van penjar-los a la pla\u00e7a de les Vinyes.<\/p>\n<p>A la tarda, amb l&#8217;arribada dels joves va tenir lloc l&#8217;acte Unitari on es va fer la foto conjunta. Les monitores i monitors van dinamitzar des de l&#8217;escenari diferents can\u00e7ons d&#8217;animaci\u00f3. Finalment, els joves van fer activitats de coneixen\u00e7a i cohesi\u00f3, van dormir en tendes a Can Carletes i l&#8217;endem\u00e0 despr\u00e9s d&#8217;esmorzar van tornar cap a casa.<\/p>\n<p>Va ser una jornada reivindicativa i divertida arreplegant m\u00e9s de <strong>300 infants i joves<\/strong> de tot el Baix Llobregat!<\/p>\n\n\t\t<style type=\"text\/css\">\n\t\t\t#gallery-1 {\n\t\t\t\tmargin: auto;\n\t\t\t}\n\t\t\t#gallery-1 .gallery-item {\n\t\t\t\tfloat: left;\n\t\t\t\tmargin-top: 10px;\n\t\t\t\ttext-align: center;\n\t\t\t\twidth: 50%;\n\t\t\t}\n\t\t\t#gallery-1 img {\n\t\t\t\tborder: 2px solid #cfcfcf;\n\t\t\t}\n\t\t\t#gallery-1 .gallery-caption {\n\t\t\t\tmargin-left: 0;\n\t\t\t}\n\t\t\t\/* see gallery_shortcode() in wp-includes\/media.php *\/\n\t\t<\/style>\n\t\t<div id='gallery-1' class='gallery galleryid-42144 gallery-columns-2 gallery-size-medium'><dl class='gallery-item'>\n\t\t\t<dt class='gallery-icon landscape'>\n\t\t\t\t<a data-rel=\"iLightbox[postimages]\" data-title=\"unnamed (2)\" data-caption=\"\" href='https:\/\/www.esplac.cat\/wp-content\/uploads\/2022\/11\/unnamed-2-1.jpeg'><img decoding=\"async\" width=\"300\" height=\"169\" src=\"https:\/\/www.esplac.cat\/wp-content\/uploads\/2022\/11\/unnamed-2-1-300x169.jpeg\" class=\"attachment-medium size-medium\" alt=\"\" srcset=\"https:\/\/www.esplac.cat\/wp-content\/uploads\/2022\/11\/unnamed-2-1-200x113.jpeg 200w, https:\/\/www.esplac.cat\/wp-content\/uploads\/2022\/11\/unnamed-2-1-300x169.jpeg 300w, https:\/\/www.esplac.cat\/wp-content\/uploads\/2022\/11\/unnamed-2-1-400x226.jpeg 400w, https:\/\/www.esplac.cat\/wp-content\/uploads\/2022\/11\/unnamed-2-1-600x338.jpeg 600w, https:\/\/www.esplac.cat\/wp-content\/uploads\/2022\/11\/unnamed-2-1-768x433.jpeg 768w, https:\/\/www.esplac.cat\/wp-content\/uploads\/2022\/11\/unnamed-2-1-800x451.jpeg 800w, https:\/\/www.esplac.cat\/wp-content\/uploads\/2022\/11\/unnamed-2-1-1024x577.jpeg 1024w, https:\/\/www.esplac.cat\/wp-content\/uploads\/2022\/11\/unnamed-2-1-1200x677.jpeg 1200w, https:\/\/www.esplac.cat\/wp-content\/uploads\/2022\/11\/unnamed-2-1-1536x866.jpeg 1536w, https:\/\/www.esplac.cat\/wp-content\/uploads\/2022\/11\/unnamed-2-1.jpeg 1600w\" sizes=\"(max-width: 300px) 100vw, 300px\" \/><\/a>\n\t\t\t<\/dt><\/dl><dl class='gallery-item'>\n\t\t\t<dt class='gallery-icon landscape'>\n\t\t\t\t<a data-rel=\"iLightbox[postimages]\" data-title=\"02c5ff26-51e7-47cc-bfb1-a044eb1f6bb8 (1)\" data-caption=\"\" href='https:\/\/www.esplac.cat\/wp-content\/uploads\/2022\/11\/02c5ff26-51e7-47cc-bfb1-a044eb1f6bb8-1-1.jpg'><img decoding=\"async\" width=\"300\" height=\"148\" src=\"https:\/\/www.esplac.cat\/wp-content\/uploads\/2022\/11\/02c5ff26-51e7-47cc-bfb1-a044eb1f6bb8-1-1-300x148.jpg\" class=\"attachment-medium size-medium\" alt=\"\" srcset=\"https:\/\/www.esplac.cat\/wp-content\/uploads\/2022\/11\/02c5ff26-51e7-47cc-bfb1-a044eb1f6bb8-1-1-200x99.jpg 200w, https:\/\/www.esplac.cat\/wp-content\/uploads\/2022\/11\/02c5ff26-51e7-47cc-bfb1-a044eb1f6bb8-1-1-300x148.jpg 300w, https:\/\/www.esplac.cat\/wp-content\/uploads\/2022\/11\/02c5ff26-51e7-47cc-bfb1-a044eb1f6bb8-1-1-400x198.jpg 400w, https:\/\/www.esplac.cat\/wp-content\/uploads\/2022\/11\/02c5ff26-51e7-47cc-bfb1-a044eb1f6bb8-1-1-600x296.jpg 600w, https:\/\/www.esplac.cat\/wp-content\/uploads\/2022\/11\/02c5ff26-51e7-47cc-bfb1-a044eb1f6bb8-1-1-768x379.jpg 768w, https:\/\/www.esplac.cat\/wp-content\/uploads\/2022\/11\/02c5ff26-51e7-47cc-bfb1-a044eb1f6bb8-1-1-800x395.jpg 800w, https:\/\/www.esplac.cat\/wp-content\/uploads\/2022\/11\/02c5ff26-51e7-47cc-bfb1-a044eb1f6bb8-1-1-1024x506.jpg 1024w, https:\/\/www.esplac.cat\/wp-content\/uploads\/2022\/11\/02c5ff26-51e7-47cc-bfb1-a044eb1f6bb8-1-1-1200x593.jpg 1200w, https:\/\/www.esplac.cat\/wp-content\/uploads\/2022\/11\/02c5ff26-51e7-47cc-bfb1-a044eb1f6bb8-1-1.jpg 1421w\" sizes=\"(max-width: 300px) 100vw, 300px\" \/><\/a>\n\t\t\t<\/dt><\/dl><br style=\"clear: both\" \/>\n\t\t<\/div>\n\n<h6><strong>Cap de setmana reivindicatiu al Sector Ripoll\u00e8s, Osona i Moian\u00e8s<\/strong><\/h6>\n<div dir=\"auto\">&#8220;Volem que tothom vagi a l&#8217;escola&#8221;<br \/>\n&#8220;Que tothom sigui feli\u00e7&#8221;<br \/>\n&#8220;Que tothom pugui accedir a l&#8217;educaci\u00f3 en el lleure&#8221;<br \/>\n&#8220;Mentre un sol infant no pugui gaudir de l&#8217;educaci\u00f3 per culpa de guerres, viol\u00e8ncies, salut, sitauci\u00f3 economica, llargs trajectes&#8230; el dret a l&#8217;eucaci\u00f3 no s&#8217;estar\u00e0 cumplint&#8221;<br \/>\n&#8220;S&#8217;ha de tenir acc\u00e9s a una educaci\u00f3 digne, p\u00fablica de qualitat, accessible i equitativa, independentmnent de la situaci\u00f3 de cada infant&#8221;<br \/>\n&#8220;Considerem que s&#8217;ha de celebrar la DUDI perqu\u00e8 ens ensenya valors que a altrs llocs no ho fan.&#8221;Aquestes s\u00f3n algunes de les frases que van llegir els infants a l&#8217;acte unitari de la DUDI del ROM, celebrada a<strong> Roda de Ter<\/strong> els passats 18 i 19 de novembre. Com a novetat aquest any la DUDI es va celebrar al llarg de dos dies, i prop de les <strong>duescentes persones<\/strong> participants es van quedar a dormir repartides entre als locals de l&#8217;esplai El Casalot i la sala polivalent de Les Masies de Roda.<\/p>\n<p>Les monitores i monitors del sector dels quatre esplais participants (les 100 Teies, el Casalot, el Creixent i G\u00fcitxi-G\u00fcitxi) es van organitzar per preparar activitats, jocs i din\u00e0miques pels diferents grups d&#8217;edat, i reflexionar aix\u00ed sobre els Drets dels Infants i prendre consci\u00e8ncia de l&#8217;import\u00e0ncia d&#8217;aquests.<\/p>\n<p>A m\u00e9s a m\u00e9s, es va reformular la can\u00e7\u00f3 del sector, aix\u00ed que ja us la podeu anar aprenent que segur que la sentireu sovint:<\/p>\n<p>&#8220;G\u00fctixi-G\u00fcitxi, les 100 Teies, Draks i tamb\u00e9 el Creixent,<br \/>\nno ens oblidem del Casalot i del Serrallonga tampoc.<br \/>\nTots formem amb il\u00b7lusi\u00f3 el sector<br \/>\nR, O, M, ROM. ROM, ROM, ROM!&#8221;<\/p>\n\n\t\t<style type=\"text\/css\">\n\t\t\t#gallery-2 {\n\t\t\t\tmargin: auto;\n\t\t\t}\n\t\t\t#gallery-2 .gallery-item {\n\t\t\t\tfloat: left;\n\t\t\t\tmargin-top: 10px;\n\t\t\t\ttext-align: center;\n\t\t\t\twidth: 25%;\n\t\t\t}\n\t\t\t#gallery-2 img {\n\t\t\t\tborder: 2px solid #cfcfcf;\n\t\t\t}\n\t\t\t#gallery-2 .gallery-caption {\n\t\t\t\tmargin-left: 0;\n\t\t\t}\n\t\t\t\/* see gallery_shortcode() in wp-includes\/media.php *\/\n\t\t<\/style>\n\t\t<div id='gallery-2' class='gallery galleryid-42144 gallery-columns-4 gallery-size-medium'><dl class='gallery-item'>\n\t\t\t<dt class='gallery-icon landscape'>\n\t\t\t\t<a data-rel=\"iLightbox[postimages]\" data-title=\"IMG-20221122-WA0008\" data-caption=\"\" href='https:\/\/www.esplac.cat\/wp-content\/uploads\/2022\/11\/IMG-20221122-WA0008.jpg'><img decoding=\"async\" width=\"300\" height=\"225\" src=\"https:\/\/www.esplac.cat\/wp-content\/uploads\/2022\/11\/IMG-20221122-WA0008-300x225.jpg\" class=\"attachment-medium size-medium\" alt=\"\" srcset=\"https:\/\/www.esplac.cat\/wp-content\/uploads\/2022\/11\/IMG-20221122-WA0008-200x150.jpg 200w, https:\/\/www.esplac.cat\/wp-content\/uploads\/2022\/11\/IMG-20221122-WA0008-300x225.jpg 300w, https:\/\/www.esplac.cat\/wp-content\/uploads\/2022\/11\/IMG-20221122-WA0008-400x300.jpg 400w, https:\/\/www.esplac.cat\/wp-content\/uploads\/2022\/11\/IMG-20221122-WA0008-600x450.jpg 600w, https:\/\/www.esplac.cat\/wp-content\/uploads\/2022\/11\/IMG-20221122-WA0008-768x576.jpg 768w, https:\/\/www.esplac.cat\/wp-content\/uploads\/2022\/11\/IMG-20221122-WA0008-800x600.jpg 800w, https:\/\/www.esplac.cat\/wp-content\/uploads\/2022\/11\/IMG-20221122-WA0008-1024x768.jpg 1024w, https:\/\/www.esplac.cat\/wp-content\/uploads\/2022\/11\/IMG-20221122-WA0008-1200x900.jpg 1200w, https:\/\/www.esplac.cat\/wp-content\/uploads\/2022\/11\/IMG-20221122-WA0008-1536x1152.jpg 1536w\" sizes=\"(max-width: 300px) 100vw, 300px\" \/><\/a>\n\t\t\t<\/dt><\/dl><dl class='gallery-item'>\n\t\t\t<dt class='gallery-icon portrait'>\n\t\t\t\t<a data-rel=\"iLightbox[postimages]\" data-title=\"IMG-20221122-WA0036\" data-caption=\"\" href='https:\/\/www.esplac.cat\/wp-content\/uploads\/2022\/11\/IMG-20221122-WA0036.jpg'><img decoding=\"async\" width=\"225\" height=\"300\" src=\"https:\/\/www.esplac.cat\/wp-content\/uploads\/2022\/11\/IMG-20221122-WA0036-225x300.jpg\" class=\"attachment-medium size-medium\" alt=\"\" srcset=\"https:\/\/www.esplac.cat\/wp-content\/uploads\/2022\/11\/IMG-20221122-WA0036-200x267.jpg 200w, https:\/\/www.esplac.cat\/wp-content\/uploads\/2022\/11\/IMG-20221122-WA0036-225x300.jpg 225w, https:\/\/www.esplac.cat\/wp-content\/uploads\/2022\/11\/IMG-20221122-WA0036-400x533.jpg 400w, https:\/\/www.esplac.cat\/wp-content\/uploads\/2022\/11\/IMG-20221122-WA0036-600x800.jpg 600w, https:\/\/www.esplac.cat\/wp-content\/uploads\/2022\/11\/IMG-20221122-WA0036-768x1024.jpg 768w, https:\/\/www.esplac.cat\/wp-content\/uploads\/2022\/11\/IMG-20221122-WA0036-800x1067.jpg 800w, https:\/\/www.esplac.cat\/wp-content\/uploads\/2022\/11\/IMG-20221122-WA0036-1152x1536.jpg 1152w, https:\/\/www.esplac.cat\/wp-content\/uploads\/2022\/11\/IMG-20221122-WA0036.jpg 1200w\" sizes=\"(max-width: 225px) 100vw, 225px\" \/><\/a>\n\t\t\t<\/dt><\/dl><dl class='gallery-item'>\n\t\t\t<dt class='gallery-icon landscape'>\n\t\t\t\t<a data-rel=\"iLightbox[postimages]\" data-title=\"IMG-20221122-WA0042\" data-caption=\"\" href='https:\/\/www.esplac.cat\/wp-content\/uploads\/2022\/11\/IMG-20221122-WA0042.jpg'><img decoding=\"async\" width=\"300\" height=\"225\" src=\"https:\/\/www.esplac.cat\/wp-content\/uploads\/2022\/11\/IMG-20221122-WA0042-300x225.jpg\" class=\"attachment-medium size-medium\" alt=\"\" srcset=\"https:\/\/www.esplac.cat\/wp-content\/uploads\/2022\/11\/IMG-20221122-WA0042-200x150.jpg 200w, https:\/\/www.esplac.cat\/wp-content\/uploads\/2022\/11\/IMG-20221122-WA0042-300x225.jpg 300w, https:\/\/www.esplac.cat\/wp-content\/uploads\/2022\/11\/IMG-20221122-WA0042-400x300.jpg 400w, https:\/\/www.esplac.cat\/wp-content\/uploads\/2022\/11\/IMG-20221122-WA0042-600x450.jpg 600w, https:\/\/www.esplac.cat\/wp-content\/uploads\/2022\/11\/IMG-20221122-WA0042-768x576.jpg 768w, https:\/\/www.esplac.cat\/wp-content\/uploads\/2022\/11\/IMG-20221122-WA0042-800x600.jpg 800w, https:\/\/www.esplac.cat\/wp-content\/uploads\/2022\/11\/IMG-20221122-WA0042-1024x768.jpg 1024w, https:\/\/www.esplac.cat\/wp-content\/uploads\/2022\/11\/IMG-20221122-WA0042-1200x900.jpg 1200w, https:\/\/www.esplac.cat\/wp-content\/uploads\/2022\/11\/IMG-20221122-WA0042-1536x1152.jpg 1536w\" sizes=\"(max-width: 300px) 100vw, 300px\" \/><\/a>\n\t\t\t<\/dt><\/dl><dl class='gallery-item'>\n\t\t\t<dt class='gallery-icon portrait'>\n\t\t\t\t<a data-rel=\"iLightbox[postimages]\" data-title=\"IMG-20221122-WA0031\" data-caption=\"\" href='https:\/\/www.esplac.cat\/wp-content\/uploads\/2022\/11\/IMG-20221122-WA0031.jpg'><img decoding=\"async\" width=\"225\" height=\"300\" src=\"https:\/\/www.esplac.cat\/wp-content\/uploads\/2022\/11\/IMG-20221122-WA0031-225x300.jpg\" class=\"attachment-medium size-medium\" alt=\"\" srcset=\"https:\/\/www.esplac.cat\/wp-content\/uploads\/2022\/11\/IMG-20221122-WA0031-200x267.jpg 200w, https:\/\/www.esplac.cat\/wp-content\/uploads\/2022\/11\/IMG-20221122-WA0031-225x300.jpg 225w, https:\/\/www.esplac.cat\/wp-content\/uploads\/2022\/11\/IMG-20221122-WA0031-400x533.jpg 400w, https:\/\/www.esplac.cat\/wp-content\/uploads\/2022\/11\/IMG-20221122-WA0031-600x800.jpg 600w, https:\/\/www.esplac.cat\/wp-content\/uploads\/2022\/11\/IMG-20221122-WA0031-768x1024.jpg 768w, https:\/\/www.esplac.cat\/wp-content\/uploads\/2022\/11\/IMG-20221122-WA0031-800x1067.jpg 800w, https:\/\/www.esplac.cat\/wp-content\/uploads\/2022\/11\/IMG-20221122-WA0031-1152x1536.jpg 1152w, https:\/\/www.esplac.cat\/wp-content\/uploads\/2022\/11\/IMG-20221122-WA0031.jpg 1200w\" sizes=\"(max-width: 225px) 100vw, 225px\" \/><\/a>\n\t\t\t<\/dt><\/dl><br style=\"clear: both\" \/>\n\t\t<\/div>\n\n<\/div>\n<h6 dir=\"auto\"><strong>Un 20N al Sector Pened\u00e8s, Garraf i Anoia amb una ja tradicional trobada de sector al Vendrell\u00a0<\/strong><\/h6>\n<div dir=\"auto\">Aquest cap de setmana els esplais GER, MIV, Zig-Zag i Drac M\u00e0gc s&#8217;han trobat <strong>al Vendrell<\/strong> amb motiu de la jornada del 20 de novembre,\u00a0 on han repr\u00e8s la tradicional trobada de sector on reivindiquen els drets dels infants.<\/div>\n<div dir=\"auto\">\n<div dir=\"auto\"><\/div>\n<div dir=\"auto\">El mat\u00ed ha comen\u00e7at amb una dansa conjunta dinamitzada per l&#8217;esplai amfitri\u00f3, el Zig-zag, i seguidament els infants s&#8217;han repartit en funci\u00f3 del grup d&#8217;edat per diferents espais i han realitzat diverses <strong>activitats relacionades amb el 20 N.<\/strong><\/div>\n<div dir=\"auto\"><\/div>\n<div dir=\"auto\">Despr\u00e9s de dinar, el grup de joves ha preparat un manifest i la resta de grups han fet pancartes que han pogut utilitzar i lluir a la <strong>manifestaci\u00f3<\/strong> que han celebrat tots els grups conjuntament pels carrers del Vendrell, acompanyats d&#8217;una batucada del municipi.<\/div>\n<div dir=\"auto\"><\/div>\n<div dir=\"auto\">Tot seguit, s&#8217;ha posat punt i final a la manifestaci\u00f3 amb un acte unitari on els grups de joves han fet la lectura del manifest i tothom ha pogut gaudir d&#8217;un berenar conjunt.<\/div>\n<div dir=\"auto\"><\/div>\n<div dir=\"auto\">Ha sigut un dia ple de cohesi\u00f3 i reivindicaci\u00f3 dels esplais del sector!<\/div>\n<div dir=\"auto\"><\/div>\n<\/div>\n<div dir=\"auto\"><img decoding=\"async\" class=\"aligncenter wp-image-42187 \" src=\"https:\/\/www.esplac.cat\/wp-content\/uploads\/2022\/11\/IMG-20221120-WA0000-1.jpg\" alt=\"\" width=\"547\" height=\"411\" srcset=\"https:\/\/www.esplac.cat\/wp-content\/uploads\/2022\/11\/IMG-20221120-WA0000-1-200x150.jpg 200w, https:\/\/www.esplac.cat\/wp-content\/uploads\/2022\/11\/IMG-20221120-WA0000-1-300x225.jpg 300w, https:\/\/www.esplac.cat\/wp-content\/uploads\/2022\/11\/IMG-20221120-WA0000-1-400x300.jpg 400w, https:\/\/www.esplac.cat\/wp-content\/uploads\/2022\/11\/IMG-20221120-WA0000-1-600x450.jpg 600w, https:\/\/www.esplac.cat\/wp-content\/uploads\/2022\/11\/IMG-20221120-WA0000-1-768x576.jpg 768w, https:\/\/www.esplac.cat\/wp-content\/uploads\/2022\/11\/IMG-20221120-WA0000-1-800x600.jpg 800w, https:\/\/www.esplac.cat\/wp-content\/uploads\/2022\/11\/IMG-20221120-WA0000-1-1024x768.jpg 1024w, https:\/\/www.esplac.cat\/wp-content\/uploads\/2022\/11\/IMG-20221120-WA0000-1-1200x900.jpg 1200w, https:\/\/www.esplac.cat\/wp-content\/uploads\/2022\/11\/IMG-20221120-WA0000-1-1536x1152.jpg 1536w, https:\/\/www.esplac.cat\/wp-content\/uploads\/2022\/11\/IMG-20221120-WA0000-1.jpg 2048w\" sizes=\"(max-width: 547px) 100vw, 547px\" \/><\/div>\n","protected":false},"excerpt":{"rendered":"<p>Santa Coloma de Cervell\u00f3 acull la DUDI del Sector Baix [&hellip;]<\/p>\n","protected":false},"author":3,"featured_media":42191,"comment_status":"closed","ping_status":"closed","sticky":false,"template":"","format":"standard","meta":{"om_disable_all_campaigns":false,"_monsterinsights_skip_tracking":false,"_monsterinsights_sitenote_active":false,"_monsterinsights_sitenote_note":"","_monsterinsights_sitenote_category":0,"_uf_show_specific_survey":0,"_uf_disable_surveys":false,"footnotes":""},"categories":[1135,1],"tags":[],"class_list":["post-42144","post","type-post","status-publish","format-standard","has-post-thumbnail","hentry","category-20-n-drets-dels-infants","category-sense-categoria"],"yoast_head":"<!-- This site is optimized with the Yoast SEO plugin v27.4 - https:\/\/yoast.com\/product\/yoast-seo-wordpress\/ -->\n<title>Esplais Catalans celebrem el Dia Universal dels Drets dels Infants amb reivindicacions i activitats arreu del territori - Esplac<\/title>\n<meta name=\"robots\" content=\"index, follow, max-snippet:-1, max-image-preview:large, max-video-preview:-1\" \/>\n<link rel=\"canonical\" href=\"https:\/\/www.esplac.cat\/esplais-catalans-celebrem-el-dia-universal-dels-drets-dels-infants-amb-reivindicacions-i-activitats-arreu-del-territori\/\" \/>\n<meta property=\"og:locale\" content=\"en_US\" \/>\n<meta property=\"og:type\" content=\"article\" \/>\n<meta property=\"og:title\" content=\"Esplais Catalans celebrem el Dia Universal dels Drets dels Infants amb reivindicacions i activitats arreu del territori - Esplac\" \/>\n<meta property=\"og:description\" content=\"Santa Coloma de Cervell\u00f3 acull la DUDI del Sector Baix [&hellip;]\" \/>\n<meta property=\"og:url\" content=\"https:\/\/www.esplac.cat\/esplais-catalans-celebrem-el-dia-universal-dels-drets-dels-infants-amb-reivindicacions-i-activitats-arreu-del-territori\/\" \/>\n<meta property=\"og:site_name\" content=\"Esplac\" \/>\n<meta property=\"article:published_time\" content=\"2022-11-23T07:42:59+00:00\" \/>\n<meta property=\"article:modified_time\" content=\"2022-11-23T09:07:49+00:00\" \/>\n<meta property=\"og:image\" content=\"https:\/\/www.esplac.cat\/wp-content\/uploads\/2022\/11\/dudi22.jpg\" \/>\n\t<meta property=\"og:image:width\" content=\"1697\" \/>\n\t<meta property=\"og:image:height\" content=\"700\" \/>\n\t<meta property=\"og:image:type\" content=\"image\/jpeg\" \/>\n<meta name=\"author\" content=\"Comunicaci\u00f3 Esplac\" \/>\n<meta name=\"twitter:card\" content=\"summary_large_image\" \/>\n<meta name=\"twitter:label1\" content=\"Written by\" \/>\n\t<meta name=\"twitter:data1\" content=\"Comunicaci\u00f3 Esplac\" \/>\n\t<meta name=\"twitter:label2\" content=\"Est. reading time\" \/>\n\t<meta name=\"twitter:data2\" content=\"4 minutes\" \/>\n<script type=\"application\/ld+json\" class=\"yoast-schema-graph\">{\"@context\":\"https:\\\/\\\/schema.org\",\"@graph\":[{\"@type\":\"Article\",\"@id\":\"https:\\\/\\\/www.esplac.cat\\\/esplais-catalans-celebrem-el-dia-universal-dels-drets-dels-infants-amb-reivindicacions-i-activitats-arreu-del-territori\\\/#article\",\"isPartOf\":{\"@id\":\"https:\\\/\\\/www.esplac.cat\\\/esplais-catalans-celebrem-el-dia-universal-dels-drets-dels-infants-amb-reivindicacions-i-activitats-arreu-del-territori\\\/\"},\"author\":{\"name\":\"Comunicaci\u00f3 Esplac\",\"@id\":\"https:\\\/\\\/www.esplac.cat\\\/#\\\/schema\\\/person\\\/908383cf240be18b68f8855d0583faca\"},\"headline\":\"Esplais Catalans celebrem el Dia Universal dels Drets dels Infants amb reivindicacions i activitats arreu del territori\",\"datePublished\":\"2022-11-23T07:42:59+00:00\",\"dateModified\":\"2022-11-23T09:07:49+00:00\",\"mainEntityOfPage\":{\"@id\":\"https:\\\/\\\/www.esplac.cat\\\/esplais-catalans-celebrem-el-dia-universal-dels-drets-dels-infants-amb-reivindicacions-i-activitats-arreu-del-territori\\\/\"},\"wordCount\":739,\"publisher\":{\"@id\":\"https:\\\/\\\/www.esplac.cat\\\/#organization\"},\"image\":{\"@id\":\"https:\\\/\\\/www.esplac.cat\\\/esplais-catalans-celebrem-el-dia-universal-dels-drets-dels-infants-amb-reivindicacions-i-activitats-arreu-del-territori\\\/#primaryimage\"},\"thumbnailUrl\":\"https:\\\/\\\/www.esplac.cat\\\/wp-content\\\/uploads\\\/2022\\\/11\\\/dudi22.jpg\",\"articleSection\":[\"20-N: Drets dels infants\",\"Sense categoria\"],\"inLanguage\":\"en-US\"},{\"@type\":\"WebPage\",\"@id\":\"https:\\\/\\\/www.esplac.cat\\\/esplais-catalans-celebrem-el-dia-universal-dels-drets-dels-infants-amb-reivindicacions-i-activitats-arreu-del-territori\\\/\",\"url\":\"https:\\\/\\\/www.esplac.cat\\\/esplais-catalans-celebrem-el-dia-universal-dels-drets-dels-infants-amb-reivindicacions-i-activitats-arreu-del-territori\\\/\",\"name\":\"Esplais Catalans celebrem el Dia Universal dels Drets dels Infants amb reivindicacions i activitats arreu del territori - Esplac\",\"isPartOf\":{\"@id\":\"https:\\\/\\\/www.esplac.cat\\\/#website\"},\"primaryImageOfPage\":{\"@id\":\"https:\\\/\\\/www.esplac.cat\\\/esplais-catalans-celebrem-el-dia-universal-dels-drets-dels-infants-amb-reivindicacions-i-activitats-arreu-del-territori\\\/#primaryimage\"},\"image\":{\"@id\":\"https:\\\/\\\/www.esplac.cat\\\/esplais-catalans-celebrem-el-dia-universal-dels-drets-dels-infants-amb-reivindicacions-i-activitats-arreu-del-territori\\\/#primaryimage\"},\"thumbnailUrl\":\"https:\\\/\\\/www.esplac.cat\\\/wp-content\\\/uploads\\\/2022\\\/11\\\/dudi22.jpg\",\"datePublished\":\"2022-11-23T07:42:59+00:00\",\"dateModified\":\"2022-11-23T09:07:49+00:00\",\"breadcrumb\":{\"@id\":\"https:\\\/\\\/www.esplac.cat\\\/esplais-catalans-celebrem-el-dia-universal-dels-drets-dels-infants-amb-reivindicacions-i-activitats-arreu-del-territori\\\/#breadcrumb\"},\"inLanguage\":\"en-US\",\"potentialAction\":[{\"@type\":\"ReadAction\",\"target\":[\"https:\\\/\\\/www.esplac.cat\\\/esplais-catalans-celebrem-el-dia-universal-dels-drets-dels-infants-amb-reivindicacions-i-activitats-arreu-del-territori\\\/\"]}]},{\"@type\":\"ImageObject\",\"inLanguage\":\"en-US\",\"@id\":\"https:\\\/\\\/www.esplac.cat\\\/esplais-catalans-celebrem-el-dia-universal-dels-drets-dels-infants-amb-reivindicacions-i-activitats-arreu-del-territori\\\/#primaryimage\",\"url\":\"https:\\\/\\\/www.esplac.cat\\\/wp-content\\\/uploads\\\/2022\\\/11\\\/dudi22.jpg\",\"contentUrl\":\"https:\\\/\\\/www.esplac.cat\\\/wp-content\\\/uploads\\\/2022\\\/11\\\/dudi22.jpg\",\"width\":1697,\"height\":700},{\"@type\":\"BreadcrumbList\",\"@id\":\"https:\\\/\\\/www.esplac.cat\\\/esplais-catalans-celebrem-el-dia-universal-dels-drets-dels-infants-amb-reivindicacions-i-activitats-arreu-del-territori\\\/#breadcrumb\",\"itemListElement\":[{\"@type\":\"ListItem\",\"position\":1,\"name\":\"Inici\",\"item\":\"https:\\\/\\\/www.esplac.cat\\\/en\\\/\"},{\"@type\":\"ListItem\",\"position\":2,\"name\":\"Esplais Catalans celebrem el Dia Universal dels Drets dels Infants amb reivindicacions i activitats arreu del territori\"}]},{\"@type\":\"WebSite\",\"@id\":\"https:\\\/\\\/www.esplac.cat\\\/#website\",\"url\":\"https:\\\/\\\/www.esplac.cat\\\/\",\"name\":\"Esplac\",\"description\":\"Esplais Catalans\",\"publisher\":{\"@id\":\"https:\\\/\\\/www.esplac.cat\\\/#organization\"},\"potentialAction\":[{\"@type\":\"SearchAction\",\"target\":{\"@type\":\"EntryPoint\",\"urlTemplate\":\"https:\\\/\\\/www.esplac.cat\\\/?s={search_term_string}\"},\"query-input\":{\"@type\":\"PropertyValueSpecification\",\"valueRequired\":true,\"valueName\":\"search_term_string\"}}],\"inLanguage\":\"en-US\"},{\"@type\":\"Organization\",\"@id\":\"https:\\\/\\\/www.esplac.cat\\\/#organization\",\"name\":\"Esplac\",\"url\":\"https:\\\/\\\/www.esplac.cat\\\/\",\"logo\":{\"@type\":\"ImageObject\",\"inLanguage\":\"en-US\",\"@id\":\"https:\\\/\\\/www.esplac.cat\\\/#\\\/schema\\\/logo\\\/image\\\/\",\"url\":\"https:\\\/\\\/www.esplac.cat\\\/wp-content\\\/uploads\\\/2019\\\/08\\\/logox2.png\",\"contentUrl\":\"https:\\\/\\\/www.esplac.cat\\\/wp-content\\\/uploads\\\/2019\\\/08\\\/logox2.png\",\"width\":600,\"height\":295,\"caption\":\"Esplac\"},\"image\":{\"@id\":\"https:\\\/\\\/www.esplac.cat\\\/#\\\/schema\\\/logo\\\/image\\\/\"}},{\"@type\":\"Person\",\"@id\":\"https:\\\/\\\/www.esplac.cat\\\/#\\\/schema\\\/person\\\/908383cf240be18b68f8855d0583faca\",\"name\":\"Comunicaci\u00f3 Esplac\",\"image\":{\"@type\":\"ImageObject\",\"inLanguage\":\"en-US\",\"@id\":\"https:\\\/\\\/secure.gravatar.com\\\/avatar\\\/7a4cf8feb412a76ea4a740ca02d95b06b2907b5a6c648c2dd0a1082a093c3141?s=96&d=mm&r=g\",\"url\":\"https:\\\/\\\/secure.gravatar.com\\\/avatar\\\/7a4cf8feb412a76ea4a740ca02d95b06b2907b5a6c648c2dd0a1082a093c3141?s=96&d=mm&r=g\",\"contentUrl\":\"https:\\\/\\\/secure.gravatar.com\\\/avatar\\\/7a4cf8feb412a76ea4a740ca02d95b06b2907b5a6c648c2dd0a1082a093c3141?s=96&d=mm&r=g\",\"caption\":\"Comunicaci\u00f3 Esplac\"}}]}<\/script>\n<!-- \/ Yoast SEO plugin. -->","yoast_head_json":{"title":"Esplais Catalans celebrem el Dia Universal dels Drets dels Infants amb reivindicacions i activitats arreu del territori - Esplac","robots":{"index":"index","follow":"follow","max-snippet":"max-snippet:-1","max-image-preview":"max-image-preview:large","max-video-preview":"max-video-preview:-1"},"canonical":"https:\/\/www.esplac.cat\/esplais-catalans-celebrem-el-dia-universal-dels-drets-dels-infants-amb-reivindicacions-i-activitats-arreu-del-territori\/","og_locale":"en_US","og_type":"article","og_title":"Esplais Catalans celebrem el Dia Universal dels Drets dels Infants amb reivindicacions i activitats arreu del territori - Esplac","og_description":"Santa Coloma de Cervell\u00f3 acull la DUDI del Sector Baix [&hellip;]","og_url":"https:\/\/www.esplac.cat\/esplais-catalans-celebrem-el-dia-universal-dels-drets-dels-infants-amb-reivindicacions-i-activitats-arreu-del-territori\/","og_site_name":"Esplac","article_published_time":"2022-11-23T07:42:59+00:00","article_modified_time":"2022-11-23T09:07:49+00:00","og_image":[{"width":1697,"height":700,"url":"https:\/\/www.esplac.cat\/wp-content\/uploads\/2022\/11\/dudi22.jpg","type":"image\/jpeg"}],"author":"Comunicaci\u00f3 Esplac","twitter_card":"summary_large_image","twitter_misc":{"Written by":"Comunicaci\u00f3 Esplac","Est. reading time":"4 minutes"},"schema":{"@context":"https:\/\/schema.org","@graph":[{"@type":"Article","@id":"https:\/\/www.esplac.cat\/esplais-catalans-celebrem-el-dia-universal-dels-drets-dels-infants-amb-reivindicacions-i-activitats-arreu-del-territori\/#article","isPartOf":{"@id":"https:\/\/www.esplac.cat\/esplais-catalans-celebrem-el-dia-universal-dels-drets-dels-infants-amb-reivindicacions-i-activitats-arreu-del-territori\/"},"author":{"name":"Comunicaci\u00f3 Esplac","@id":"https:\/\/www.esplac.cat\/#\/schema\/person\/908383cf240be18b68f8855d0583faca"},"headline":"Esplais Catalans celebrem el Dia Universal dels Drets dels Infants amb reivindicacions i activitats arreu del territori","datePublished":"2022-11-23T07:42:59+00:00","dateModified":"2022-11-23T09:07:49+00:00","mainEntityOfPage":{"@id":"https:\/\/www.esplac.cat\/esplais-catalans-celebrem-el-dia-universal-dels-drets-dels-infants-amb-reivindicacions-i-activitats-arreu-del-territori\/"},"wordCount":739,"publisher":{"@id":"https:\/\/www.esplac.cat\/#organization"},"image":{"@id":"https:\/\/www.esplac.cat\/esplais-catalans-celebrem-el-dia-universal-dels-drets-dels-infants-amb-reivindicacions-i-activitats-arreu-del-territori\/#primaryimage"},"thumbnailUrl":"https:\/\/www.esplac.cat\/wp-content\/uploads\/2022\/11\/dudi22.jpg","articleSection":["20-N: Drets dels infants","Sense categoria"],"inLanguage":"en-US"},{"@type":"WebPage","@id":"https:\/\/www.esplac.cat\/esplais-catalans-celebrem-el-dia-universal-dels-drets-dels-infants-amb-reivindicacions-i-activitats-arreu-del-territori\/","url":"https:\/\/www.esplac.cat\/esplais-catalans-celebrem-el-dia-universal-dels-drets-dels-infants-amb-reivindicacions-i-activitats-arreu-del-territori\/","name":"Esplais Catalans celebrem el Dia Universal dels Drets dels Infants amb reivindicacions i activitats arreu del territori - Esplac","isPartOf":{"@id":"https:\/\/www.esplac.cat\/#website"},"primaryImageOfPage":{"@id":"https:\/\/www.esplac.cat\/esplais-catalans-celebrem-el-dia-universal-dels-drets-dels-infants-amb-reivindicacions-i-activitats-arreu-del-territori\/#primaryimage"},"image":{"@id":"https:\/\/www.esplac.cat\/esplais-catalans-celebrem-el-dia-universal-dels-drets-dels-infants-amb-reivindicacions-i-activitats-arreu-del-territori\/#primaryimage"},"thumbnailUrl":"https:\/\/www.esplac.cat\/wp-content\/uploads\/2022\/11\/dudi22.jpg","datePublished":"2022-11-23T07:42:59+00:00","dateModified":"2022-11-23T09:07:49+00:00","breadcrumb":{"@id":"https:\/\/www.esplac.cat\/esplais-catalans-celebrem-el-dia-universal-dels-drets-dels-infants-amb-reivindicacions-i-activitats-arreu-del-territori\/#breadcrumb"},"inLanguage":"en-US","potentialAction":[{"@type":"ReadAction","target":["https:\/\/www.esplac.cat\/esplais-catalans-celebrem-el-dia-universal-dels-drets-dels-infants-amb-reivindicacions-i-activitats-arreu-del-territori\/"]}]},{"@type":"ImageObject","inLanguage":"en-US","@id":"https:\/\/www.esplac.cat\/esplais-catalans-celebrem-el-dia-universal-dels-drets-dels-infants-amb-reivindicacions-i-activitats-arreu-del-territori\/#primaryimage","url":"https:\/\/www.esplac.cat\/wp-content\/uploads\/2022\/11\/dudi22.jpg","contentUrl":"https:\/\/www.esplac.cat\/wp-content\/uploads\/2022\/11\/dudi22.jpg","width":1697,"height":700},{"@type":"BreadcrumbList","@id":"https:\/\/www.esplac.cat\/esplais-catalans-celebrem-el-dia-universal-dels-drets-dels-infants-amb-reivindicacions-i-activitats-arreu-del-territori\/#breadcrumb","itemListElement":[{"@type":"ListItem","position":1,"name":"Inici","item":"https:\/\/www.esplac.cat\/en\/"},{"@type":"ListItem","position":2,"name":"Esplais Catalans celebrem el Dia Universal dels Drets dels Infants amb reivindicacions i activitats arreu del territori"}]},{"@type":"WebSite","@id":"https:\/\/www.esplac.cat\/#website","url":"https:\/\/www.esplac.cat\/","name":"Esplac","description":"Esplais Catalans","publisher":{"@id":"https:\/\/www.esplac.cat\/#organization"},"potentialAction":[{"@type":"SearchAction","target":{"@type":"EntryPoint","urlTemplate":"https:\/\/www.esplac.cat\/?s={search_term_string}"},"query-input":{"@type":"PropertyValueSpecification","valueRequired":true,"valueName":"search_term_string"}}],"inLanguage":"en-US"},{"@type":"Organization","@id":"https:\/\/www.esplac.cat\/#organization","name":"Esplac","url":"https:\/\/www.esplac.cat\/","logo":{"@type":"ImageObject","inLanguage":"en-US","@id":"https:\/\/www.esplac.cat\/#\/schema\/logo\/image\/","url":"https:\/\/www.esplac.cat\/wp-content\/uploads\/2019\/08\/logox2.png","contentUrl":"https:\/\/www.esplac.cat\/wp-content\/uploads\/2019\/08\/logox2.png","width":600,"height":295,"caption":"Esplac"},"image":{"@id":"https:\/\/www.esplac.cat\/#\/schema\/logo\/image\/"}},{"@type":"Person","@id":"https:\/\/www.esplac.cat\/#\/schema\/person\/908383cf240be18b68f8855d0583faca","name":"Comunicaci\u00f3 Esplac","image":{"@type":"ImageObject","inLanguage":"en-US","@id":"https:\/\/secure.gravatar.com\/avatar\/7a4cf8feb412a76ea4a740ca02d95b06b2907b5a6c648c2dd0a1082a093c3141?s=96&d=mm&r=g","url":"https:\/\/secure.gravatar.com\/avatar\/7a4cf8feb412a76ea4a740ca02d95b06b2907b5a6c648c2dd0a1082a093c3141?s=96&d=mm&r=g","contentUrl":"https:\/\/secure.gravatar.com\/avatar\/7a4cf8feb412a76ea4a740ca02d95b06b2907b5a6c648c2dd0a1082a093c3141?s=96&d=mm&r=g","caption":"Comunicaci\u00f3 Esplac"}}]}},"_links":{"self":[{"href":"https:\/\/www.esplac.cat\/en\/wp-json\/wp\/v2\/posts\/42144","targetHints":{"allow":["GET"]}}],"collection":[{"href":"https:\/\/www.esplac.cat\/en\/wp-json\/wp\/v2\/posts"}],"about":[{"href":"https:\/\/www.esplac.cat\/en\/wp-json\/wp\/v2\/types\/post"}],"author":[{"embeddable":true,"href":"https:\/\/www.esplac.cat\/en\/wp-json\/wp\/v2\/users\/3"}],"replies":[{"embeddable":true,"href":"https:\/\/www.esplac.cat\/en\/wp-json\/wp\/v2\/comments?post=42144"}],"version-history":[{"count":0,"href":"https:\/\/www.esplac.cat\/en\/wp-json\/wp\/v2\/posts\/42144\/revisions"}],"wp:featuredmedia":[{"embeddable":true,"href":"https:\/\/www.esplac.cat\/en\/wp-json\/wp\/v2\/media\/42191"}],"wp:attachment":[{"href":"https:\/\/www.esplac.cat\/en\/wp-json\/wp\/v2\/media?parent=42144"}],"wp:term":[{"taxonomy":"category","embeddable":true,"href":"https:\/\/www.esplac.cat\/en\/wp-json\/wp\/v2\/categories?post=42144"},{"taxonomy":"post_tag","embeddable":true,"href":"https:\/\/www.esplac.cat\/en\/wp-json\/wp\/v2\/tags?post=42144"}],"curies":[{"name":"wp","href":"https:\/\/api.w.org\/{rel}","templated":true}]}}