{"id":42315,"date":"2022-12-01T13:54:19","date_gmt":"2022-12-01T11:54:19","guid":{"rendered":"https:\/\/www.esplac.cat\/?p=42315"},"modified":"2022-12-01T13:59:01","modified_gmt":"2022-12-01T11:59:01","slug":"obrim-convocatoria-placa-tecnica-suport-comunicacio-esplais-catalans","status":"publish","type":"post","link":"https:\/\/www.esplac.cat\/en\/obrim-convocatoria-placa-tecnica-suport-comunicacio-esplais-catalans\/","title":{"rendered":"Obrim convocat\u00f2ria per cobrir la pla\u00e7a de t\u00e8cnic\/a de suport a la comunicaci\u00f3 d&#8217;Esplais Catalans"},"content":{"rendered":"<div class=\"fusion-fullwidth fullwidth-box fusion-builder-row-1 fusion-flex-container nonhundred-percent-fullwidth non-hundred-percent-height-scrolling\" style=\"--awb-border-radius-top-left:0px;--awb-border-radius-top-right:0px;--awb-border-radius-bottom-right:0px;--awb-border-radius-bottom-left:0px;--awb-flex-wrap:wrap;\" ><div class=\"fusion-builder-row fusion-row fusion-flex-align-items-flex-start fusion-flex-content-wrap\" style=\"max-width:1248px;margin-left: calc(-4% \/ 2 );margin-right: calc(-4% \/ 2 );\"><div class=\"fusion-layout-column fusion_builder_column fusion-builder-column-0 fusion_builder_column_1_1 1_1 fusion-flex-column\" style=\"--awb-bg-size:cover;--awb-width-large:100%;--awb-margin-top-large:0px;--awb-spacing-right-large:1.92%;--awb-margin-bottom-large:0px;--awb-spacing-left-large:1.92%;--awb-width-medium:100%;--awb-spacing-right-medium:1.92%;--awb-spacing-left-medium:1.92%;--awb-width-small:100%;--awb-spacing-right-small:1.92%;--awb-spacing-left-small:1.92%;\"><div class=\"fusion-column-wrapper fusion-flex-justify-content-flex-start fusion-content-layout-column\"><div class=\"fusion-text fusion-text-1\"><h6><strong>Busquem una persona per cobrir una pla\u00e7a de t\u00e8cnic\/a de suport a la comunicaci\u00f3 d&#8217;Esplais Catalans. Teniu temps per presentar-vos fins al 14 de desembre de 2022.\u00a0<\/strong><\/h6>\n<p><span style=\"font-weight: 300;\">Esplac hem obert convocat\u00f2ria per cobrir una pla\u00e7a de t\u00e8cnic\/a de suport a la comunicaci\u00f3. El termini per a la presentaci\u00f3 de curr\u00edculums i cartes de motivaci\u00f3 finalitza el dia <strong>14 de desembre de 2022.<\/strong><\/span><\/p>\n<p><span style=\"font-weight: 300;\">Els curr\u00edculums i les cartes de motivaci\u00f3 les heu de fer arribar mitjan\u00e7ant el seg\u00fcent formulari:<\/span><\/p>\n<\/div><div style=\"text-align:center;\"><a class=\"fusion-button button-flat fusion-button-default-size button-default fusion-button-default button-1 fusion-button-default-span fusion-button-default-type\" target=\"_blank\" rel=\"noopener noreferrer\" href=\"https:\/\/infoesplac.typeform.com\/to\/IF137hKi\"><span class=\"fusion-button-text\">FORMULARI DE PRESENTACI\u00d3<\/span><\/a><\/div><div class=\"fusion-text fusion-text-2\"><p><strong>Funcions:<\/strong><\/p>\n<ul>\n<li style=\"font-weight: 300;\" aria-level=\"1\"><span style=\"font-weight: 300;\">Suport a l&#8217;execuci\u00f3 del pla de comunicaci\u00f3 intern i extern.<\/span><\/li>\n<li style=\"font-weight: 300;\" aria-level=\"1\"><span style=\"font-weight: 300;\">Gravaci\u00f3 i edici\u00f3 de v\u00eddeo.<\/span><\/li>\n<li style=\"font-weight: 300;\" aria-level=\"1\"><span style=\"font-weight: 300;\">Redacci\u00f3 i correcci\u00f3 de not\u00edcies.<\/span><\/li>\n<li style=\"font-weight: 300;\" aria-level=\"1\"><span style=\"font-weight: 300;\">Actualitzaci\u00f3 de continguts als llocs web i xarxes socials de l&#8217;entitat.<\/span><\/li>\n<li style=\"font-weight: 300;\" aria-level=\"1\"><span style=\"font-weight: 300;\">Seguiment i manteniment de campanyes a xarxes socials.<\/span><\/li>\n<li style=\"font-weight: 300;\" aria-level=\"1\"><span style=\"font-weight: 300;\">Maquetaci\u00f3 de publicacions digitals i disseny de cartells.<\/span><\/li>\n<li style=\"font-weight: 300;\" aria-level=\"1\"><span style=\"font-weight: 300;\">Suport en la gesti\u00f3 de la identitat corporativa i les publicacions d&#8217;Esplais Catalans.<\/span><\/li>\n<li style=\"font-weight: 300;\" aria-level=\"1\"><span style=\"font-weight: 300;\">Redacci\u00f3, seguiment i avaluaci\u00f3 de projectes i activitats definits en el Pla de Treball d&#8217;Esplais Catalans i assignats a la posici\u00f3.<\/span><\/li>\n<li style=\"font-weight: 300;\" aria-level=\"1\"><span style=\"font-weight: 300;\">Coordinaci\u00f3 amb la Cap de Comunicaci\u00f3 per a les funcions assignades i d&#8217;altres que puguin sorgir.<\/span><\/li>\n<\/ul>\n<p><strong>Es demana:<\/strong><\/p>\n<ul>\n<li style=\"font-weight: 300;\" aria-level=\"1\"><span style=\"font-weight: 300;\">Titulaci\u00f3 universit\u00e0ria acabada o en curs en el camp del periodisme, comunicaci\u00f3 audiovisual, publicitat o disseny gr\u00e0fic.<\/span><\/li>\n<li style=\"font-weight: 300;\" aria-level=\"1\"><span style=\"font-weight: 300;\">Coneixements i habilitats en edici\u00f3 de v\u00eddeo i imatges.<\/span><\/li>\n<li style=\"font-weight: 300;\" aria-level=\"1\"><span style=\"font-weight: 300;\">Coneixements i habilitats en disseny gr\u00e0fic, fotografia i gesti\u00f3 web.<\/span><\/li>\n<li style=\"font-weight: 300;\" aria-level=\"1\"><span style=\"font-weight: 300;\">Tenir menys de 30 anys.<\/span><\/li>\n<li style=\"font-weight: 300;\" aria-level=\"1\"><span style=\"font-weight: 300;\">Nivell alt de catal\u00e0 i castell\u00e0 i bon nivell d&#8217;angl\u00e8s.<\/span><\/li>\n<li style=\"font-weight: 300;\" aria-level=\"1\"><span style=\"font-weight: 300;\">Compet\u00e8ncia escrita: redacci\u00f3 de projectes, mem\u00f2ries, articles, notes de premsa i altra documentaci\u00f3.<\/span><\/li>\n<li style=\"font-weight: 300;\" aria-level=\"1\"><span style=\"font-weight: 300;\">Domini del gestor de continguts web WordPress.<\/span><\/li>\n<li style=\"font-weight: 300;\" aria-level=\"1\"><span style=\"font-weight: 300;\">Coneixements en gesti\u00f3 de comunitats (community management).<\/span><\/li>\n<li style=\"font-weight: 300;\" aria-level=\"1\"><span style=\"font-weight: 300;\">Capacitat d&#8217;organitzaci\u00f3, gesti\u00f3 del temps, treball en equip, autonomia personal, flexibilitat i adaptabilitat.<\/span><\/li>\n<li style=\"font-weight: 300;\" aria-level=\"1\"><span style=\"font-weight: 300;\">Assist\u00e8ncia a reunions o activitats d\u2019especial inter\u00e8s fora de l\u2019horari laboral, vocaci\u00f3 de servei als esplais i comprom\u00eds amb els valors d&#8217;Esplais Catalans.<\/span><\/li>\n<li style=\"font-weight: 300;\" aria-level=\"1\"><span style=\"font-weight: 300;\">Coneixement i experi\u00e8ncia en l&#8217;\u00e0mbit de l&#8217;associacionisme educatiu i els esplais.<\/span><\/li>\n<\/ul>\n<p><strong>Es valorar\u00e0:<\/strong><\/p>\n<ul>\n<li style=\"font-weight: 300;\" aria-level=\"1\"><span style=\"font-weight: 300;\">Coneixement de treball per projectes.<\/span><\/li>\n<li style=\"font-weight: 300;\" aria-level=\"1\"><span style=\"font-weight: 300;\">Coneixements b\u00e0sics en programes d\u2019animaci\u00f3.<\/span><\/li>\n<li style=\"font-weight: 300;\" aria-level=\"1\"><span style=\"font-weight: 300;\">Coneixement d\u2019altres idiomes.<\/span><\/li>\n<li style=\"font-weight: 300;\" aria-level=\"1\"><span style=\"font-weight: 300;\">Coneixement en programaci\u00f3 web.<\/span><\/li>\n<li style=\"font-weight: 300;\" aria-level=\"1\"><span style=\"font-weight: 300;\">Coneixement en temes espec\u00edfics relacionats amb el projecte educatiu d&#8217;Esplais Catalans.<\/span><\/li>\n<li style=\"font-weight: 300;\" aria-level=\"1\"><span style=\"font-weight: 300;\">Facilitat per con\u00e8ixer noves eines de treball.<\/span><\/li>\n<\/ul>\n<p><strong>Condicions laborals:<\/strong><\/p>\n<ul>\n<li style=\"font-weight: 300;\" aria-level=\"1\"><span style=\"font-weight: 300;\">Contracte de 25 hores setmanals. Sou segons l\u2019escala salarial de l\u2019entitat (13.698,93 \u20ac bruts anuals).<\/span><\/li>\n<li style=\"font-weight: 300;\" aria-level=\"1\"><span style=\"font-weight: 300;\">2 mesos de prova.<\/span><\/li>\n<li style=\"font-weight: 300;\" aria-level=\"1\"><span style=\"font-weight: 300;\">Incorporaci\u00f3 immediata.<\/span><\/li>\n<li style=\"font-weight: 300;\" aria-level=\"1\"><span style=\"font-weight: 300;\">Lloc de treball habitual: Barcelona.<\/span><\/li>\n<\/ul>\n<p>Tamb\u00e9, teniu la <span style=\"color: #ff9900;\"><a style=\"color: #ff9900;\" href=\"https:\/\/www.esplac.cat\/wp-content\/uploads\/2022\/12\/Convocatoria_Sup_Comunicacio.pdf\" target=\"_blank\" rel=\"noopener\">convocat\u00f2ria en format pdf.\u00a0<\/a><\/span><\/p>\n<\/div><\/div><\/div><\/div><\/div>\n","protected":false},"excerpt":{"rendered":"","protected":false},"author":3,"featured_media":42320,"comment_status":"closed","ping_status":"closed","sticky":false,"template":"","format":"standard","meta":{"om_disable_all_campaigns":false,"_monsterinsights_skip_tracking":false,"_monsterinsights_sitenote_active":false,"_monsterinsights_sitenote_note":"","_monsterinsights_sitenote_category":0,"_uf_show_specific_survey":0,"_uf_disable_surveys":false,"footnotes":""},"categories":[1116],"tags":[],"class_list":["post-42315","post","type-post","status-publish","format-standard","has-post-thumbnail","hentry","category-secretaria-esplac"],"yoast_head":"<!-- This site is optimized with the Yoast SEO plugin v27.4 - https:\/\/yoast.com\/product\/yoast-seo-wordpress\/ -->\n<title>Obrim convocat\u00f2ria per cobrir la pla\u00e7a de t\u00e8cnic\/a de suport a la comunicaci\u00f3 d&#039;Esplais Catalans - Esplac<\/title>\n<meta name=\"robots\" content=\"index, follow, max-snippet:-1, max-image-preview:large, max-video-preview:-1\" \/>\n<link rel=\"canonical\" href=\"https:\/\/www.esplac.cat\/obrim-convocatoria-placa-tecnica-suport-comunicacio-esplais-catalans\/\" \/>\n<meta property=\"og:locale\" content=\"en_US\" \/>\n<meta property=\"og:type\" content=\"article\" \/>\n<meta property=\"og:title\" content=\"Obrim convocat\u00f2ria per cobrir la pla\u00e7a de t\u00e8cnic\/a de suport a la comunicaci\u00f3 d&#039;Esplais Catalans - Esplac\" \/>\n<meta property=\"og:url\" content=\"https:\/\/www.esplac.cat\/obrim-convocatoria-placa-tecnica-suport-comunicacio-esplais-catalans\/\" \/>\n<meta property=\"og:site_name\" content=\"Esplac\" \/>\n<meta property=\"article:published_time\" content=\"2022-12-01T11:54:19+00:00\" \/>\n<meta property=\"article:modified_time\" content=\"2022-12-01T11:59:01+00:00\" \/>\n<meta property=\"og:image\" content=\"https:\/\/www.esplac.cat\/wp-content\/uploads\/2022\/12\/PORTADA_S_COM.jpg\" \/>\n\t<meta property=\"og:image:width\" content=\"1694\" \/>\n\t<meta property=\"og:image:height\" content=\"700\" \/>\n\t<meta property=\"og:image:type\" content=\"image\/jpeg\" \/>\n<meta name=\"author\" content=\"Comunicaci\u00f3 Esplac\" \/>\n<meta name=\"twitter:card\" content=\"summary_large_image\" \/>\n<meta name=\"twitter:label1\" content=\"Written by\" \/>\n\t<meta name=\"twitter:data1\" content=\"Comunicaci\u00f3 Esplac\" \/>\n\t<meta name=\"twitter:label2\" content=\"Est. reading time\" \/>\n\t<meta name=\"twitter:data2\" content=\"3 minutes\" \/>\n<script type=\"application\/ld+json\" class=\"yoast-schema-graph\">{\"@context\":\"https:\\\/\\\/schema.org\",\"@graph\":[{\"@type\":\"Article\",\"@id\":\"https:\\\/\\\/www.esplac.cat\\\/obrim-convocatoria-placa-tecnica-suport-comunicacio-esplais-catalans\\\/#article\",\"isPartOf\":{\"@id\":\"https:\\\/\\\/www.esplac.cat\\\/obrim-convocatoria-placa-tecnica-suport-comunicacio-esplais-catalans\\\/\"},\"author\":{\"name\":\"Comunicaci\u00f3 Esplac\",\"@id\":\"https:\\\/\\\/www.esplac.cat\\\/#\\\/schema\\\/person\\\/908383cf240be18b68f8855d0583faca\"},\"headline\":\"Obrim convocat\u00f2ria per cobrir la pla\u00e7a de t\u00e8cnic\\\/a de suport a la comunicaci\u00f3 d&#8217;Esplais Catalans\",\"datePublished\":\"2022-12-01T11:54:19+00:00\",\"dateModified\":\"2022-12-01T11:59:01+00:00\",\"mainEntityOfPage\":{\"@id\":\"https:\\\/\\\/www.esplac.cat\\\/obrim-convocatoria-placa-tecnica-suport-comunicacio-esplais-catalans\\\/\"},\"wordCount\":775,\"publisher\":{\"@id\":\"https:\\\/\\\/www.esplac.cat\\\/#organization\"},\"image\":{\"@id\":\"https:\\\/\\\/www.esplac.cat\\\/obrim-convocatoria-placa-tecnica-suport-comunicacio-esplais-catalans\\\/#primaryimage\"},\"thumbnailUrl\":\"https:\\\/\\\/www.esplac.cat\\\/wp-content\\\/uploads\\\/2022\\\/12\\\/PORTADA_S_COM.jpg\",\"articleSection\":[\"Secretaria T\u00e8cnica\"],\"inLanguage\":\"en-US\"},{\"@type\":\"WebPage\",\"@id\":\"https:\\\/\\\/www.esplac.cat\\\/obrim-convocatoria-placa-tecnica-suport-comunicacio-esplais-catalans\\\/\",\"url\":\"https:\\\/\\\/www.esplac.cat\\\/obrim-convocatoria-placa-tecnica-suport-comunicacio-esplais-catalans\\\/\",\"name\":\"Obrim convocat\u00f2ria per cobrir la pla\u00e7a de t\u00e8cnic\\\/a de suport a la comunicaci\u00f3 d'Esplais Catalans - Esplac\",\"isPartOf\":{\"@id\":\"https:\\\/\\\/www.esplac.cat\\\/#website\"},\"primaryImageOfPage\":{\"@id\":\"https:\\\/\\\/www.esplac.cat\\\/obrim-convocatoria-placa-tecnica-suport-comunicacio-esplais-catalans\\\/#primaryimage\"},\"image\":{\"@id\":\"https:\\\/\\\/www.esplac.cat\\\/obrim-convocatoria-placa-tecnica-suport-comunicacio-esplais-catalans\\\/#primaryimage\"},\"thumbnailUrl\":\"https:\\\/\\\/www.esplac.cat\\\/wp-content\\\/uploads\\\/2022\\\/12\\\/PORTADA_S_COM.jpg\",\"datePublished\":\"2022-12-01T11:54:19+00:00\",\"dateModified\":\"2022-12-01T11:59:01+00:00\",\"breadcrumb\":{\"@id\":\"https:\\\/\\\/www.esplac.cat\\\/obrim-convocatoria-placa-tecnica-suport-comunicacio-esplais-catalans\\\/#breadcrumb\"},\"inLanguage\":\"en-US\",\"potentialAction\":[{\"@type\":\"ReadAction\",\"target\":[\"https:\\\/\\\/www.esplac.cat\\\/obrim-convocatoria-placa-tecnica-suport-comunicacio-esplais-catalans\\\/\"]}]},{\"@type\":\"ImageObject\",\"inLanguage\":\"en-US\",\"@id\":\"https:\\\/\\\/www.esplac.cat\\\/obrim-convocatoria-placa-tecnica-suport-comunicacio-esplais-catalans\\\/#primaryimage\",\"url\":\"https:\\\/\\\/www.esplac.cat\\\/wp-content\\\/uploads\\\/2022\\\/12\\\/PORTADA_S_COM.jpg\",\"contentUrl\":\"https:\\\/\\\/www.esplac.cat\\\/wp-content\\\/uploads\\\/2022\\\/12\\\/PORTADA_S_COM.jpg\",\"width\":1694,\"height\":700},{\"@type\":\"BreadcrumbList\",\"@id\":\"https:\\\/\\\/www.esplac.cat\\\/obrim-convocatoria-placa-tecnica-suport-comunicacio-esplais-catalans\\\/#breadcrumb\",\"itemListElement\":[{\"@type\":\"ListItem\",\"position\":1,\"name\":\"Inici\",\"item\":\"https:\\\/\\\/www.esplac.cat\\\/en\\\/\"},{\"@type\":\"ListItem\",\"position\":2,\"name\":\"Obrim convocat\u00f2ria per cobrir la pla\u00e7a de t\u00e8cnic\\\/a de suport a la comunicaci\u00f3 d&#8217;Esplais Catalans\"}]},{\"@type\":\"WebSite\",\"@id\":\"https:\\\/\\\/www.esplac.cat\\\/#website\",\"url\":\"https:\\\/\\\/www.esplac.cat\\\/\",\"name\":\"Esplac\",\"description\":\"Esplais Catalans\",\"publisher\":{\"@id\":\"https:\\\/\\\/www.esplac.cat\\\/#organization\"},\"potentialAction\":[{\"@type\":\"SearchAction\",\"target\":{\"@type\":\"EntryPoint\",\"urlTemplate\":\"https:\\\/\\\/www.esplac.cat\\\/?s={search_term_string}\"},\"query-input\":{\"@type\":\"PropertyValueSpecification\",\"valueRequired\":true,\"valueName\":\"search_term_string\"}}],\"inLanguage\":\"en-US\"},{\"@type\":\"Organization\",\"@id\":\"https:\\\/\\\/www.esplac.cat\\\/#organization\",\"name\":\"Esplac\",\"url\":\"https:\\\/\\\/www.esplac.cat\\\/\",\"logo\":{\"@type\":\"ImageObject\",\"inLanguage\":\"en-US\",\"@id\":\"https:\\\/\\\/www.esplac.cat\\\/#\\\/schema\\\/logo\\\/image\\\/\",\"url\":\"https:\\\/\\\/www.esplac.cat\\\/wp-content\\\/uploads\\\/2019\\\/08\\\/logox2.png\",\"contentUrl\":\"https:\\\/\\\/www.esplac.cat\\\/wp-content\\\/uploads\\\/2019\\\/08\\\/logox2.png\",\"width\":600,\"height\":295,\"caption\":\"Esplac\"},\"image\":{\"@id\":\"https:\\\/\\\/www.esplac.cat\\\/#\\\/schema\\\/logo\\\/image\\\/\"}},{\"@type\":\"Person\",\"@id\":\"https:\\\/\\\/www.esplac.cat\\\/#\\\/schema\\\/person\\\/908383cf240be18b68f8855d0583faca\",\"name\":\"Comunicaci\u00f3 Esplac\",\"image\":{\"@type\":\"ImageObject\",\"inLanguage\":\"en-US\",\"@id\":\"https:\\\/\\\/secure.gravatar.com\\\/avatar\\\/7a4cf8feb412a76ea4a740ca02d95b06b2907b5a6c648c2dd0a1082a093c3141?s=96&d=mm&r=g\",\"url\":\"https:\\\/\\\/secure.gravatar.com\\\/avatar\\\/7a4cf8feb412a76ea4a740ca02d95b06b2907b5a6c648c2dd0a1082a093c3141?s=96&d=mm&r=g\",\"contentUrl\":\"https:\\\/\\\/secure.gravatar.com\\\/avatar\\\/7a4cf8feb412a76ea4a740ca02d95b06b2907b5a6c648c2dd0a1082a093c3141?s=96&d=mm&r=g\",\"caption\":\"Comunicaci\u00f3 Esplac\"}}]}<\/script>\n<!-- \/ Yoast SEO plugin. -->","yoast_head_json":{"title":"Obrim convocat\u00f2ria per cobrir la pla\u00e7a de t\u00e8cnic\/a de suport a la comunicaci\u00f3 d'Esplais Catalans - Esplac","robots":{"index":"index","follow":"follow","max-snippet":"max-snippet:-1","max-image-preview":"max-image-preview:large","max-video-preview":"max-video-preview:-1"},"canonical":"https:\/\/www.esplac.cat\/obrim-convocatoria-placa-tecnica-suport-comunicacio-esplais-catalans\/","og_locale":"en_US","og_type":"article","og_title":"Obrim convocat\u00f2ria per cobrir la pla\u00e7a de t\u00e8cnic\/a de suport a la comunicaci\u00f3 d'Esplais Catalans - Esplac","og_url":"https:\/\/www.esplac.cat\/obrim-convocatoria-placa-tecnica-suport-comunicacio-esplais-catalans\/","og_site_name":"Esplac","article_published_time":"2022-12-01T11:54:19+00:00","article_modified_time":"2022-12-01T11:59:01+00:00","og_image":[{"width":1694,"height":700,"url":"https:\/\/www.esplac.cat\/wp-content\/uploads\/2022\/12\/PORTADA_S_COM.jpg","type":"image\/jpeg"}],"author":"Comunicaci\u00f3 Esplac","twitter_card":"summary_large_image","twitter_misc":{"Written by":"Comunicaci\u00f3 Esplac","Est. reading time":"3 minutes"},"schema":{"@context":"https:\/\/schema.org","@graph":[{"@type":"Article","@id":"https:\/\/www.esplac.cat\/obrim-convocatoria-placa-tecnica-suport-comunicacio-esplais-catalans\/#article","isPartOf":{"@id":"https:\/\/www.esplac.cat\/obrim-convocatoria-placa-tecnica-suport-comunicacio-esplais-catalans\/"},"author":{"name":"Comunicaci\u00f3 Esplac","@id":"https:\/\/www.esplac.cat\/#\/schema\/person\/908383cf240be18b68f8855d0583faca"},"headline":"Obrim convocat\u00f2ria per cobrir la pla\u00e7a de t\u00e8cnic\/a de suport a la comunicaci\u00f3 d&#8217;Esplais Catalans","datePublished":"2022-12-01T11:54:19+00:00","dateModified":"2022-12-01T11:59:01+00:00","mainEntityOfPage":{"@id":"https:\/\/www.esplac.cat\/obrim-convocatoria-placa-tecnica-suport-comunicacio-esplais-catalans\/"},"wordCount":775,"publisher":{"@id":"https:\/\/www.esplac.cat\/#organization"},"image":{"@id":"https:\/\/www.esplac.cat\/obrim-convocatoria-placa-tecnica-suport-comunicacio-esplais-catalans\/#primaryimage"},"thumbnailUrl":"https:\/\/www.esplac.cat\/wp-content\/uploads\/2022\/12\/PORTADA_S_COM.jpg","articleSection":["Secretaria T\u00e8cnica"],"inLanguage":"en-US"},{"@type":"WebPage","@id":"https:\/\/www.esplac.cat\/obrim-convocatoria-placa-tecnica-suport-comunicacio-esplais-catalans\/","url":"https:\/\/www.esplac.cat\/obrim-convocatoria-placa-tecnica-suport-comunicacio-esplais-catalans\/","name":"Obrim convocat\u00f2ria per cobrir la pla\u00e7a de t\u00e8cnic\/a de suport a la comunicaci\u00f3 d'Esplais Catalans - Esplac","isPartOf":{"@id":"https:\/\/www.esplac.cat\/#website"},"primaryImageOfPage":{"@id":"https:\/\/www.esplac.cat\/obrim-convocatoria-placa-tecnica-suport-comunicacio-esplais-catalans\/#primaryimage"},"image":{"@id":"https:\/\/www.esplac.cat\/obrim-convocatoria-placa-tecnica-suport-comunicacio-esplais-catalans\/#primaryimage"},"thumbnailUrl":"https:\/\/www.esplac.cat\/wp-content\/uploads\/2022\/12\/PORTADA_S_COM.jpg","datePublished":"2022-12-01T11:54:19+00:00","dateModified":"2022-12-01T11:59:01+00:00","breadcrumb":{"@id":"https:\/\/www.esplac.cat\/obrim-convocatoria-placa-tecnica-suport-comunicacio-esplais-catalans\/#breadcrumb"},"inLanguage":"en-US","potentialAction":[{"@type":"ReadAction","target":["https:\/\/www.esplac.cat\/obrim-convocatoria-placa-tecnica-suport-comunicacio-esplais-catalans\/"]}]},{"@type":"ImageObject","inLanguage":"en-US","@id":"https:\/\/www.esplac.cat\/obrim-convocatoria-placa-tecnica-suport-comunicacio-esplais-catalans\/#primaryimage","url":"https:\/\/www.esplac.cat\/wp-content\/uploads\/2022\/12\/PORTADA_S_COM.jpg","contentUrl":"https:\/\/www.esplac.cat\/wp-content\/uploads\/2022\/12\/PORTADA_S_COM.jpg","width":1694,"height":700},{"@type":"BreadcrumbList","@id":"https:\/\/www.esplac.cat\/obrim-convocatoria-placa-tecnica-suport-comunicacio-esplais-catalans\/#breadcrumb","itemListElement":[{"@type":"ListItem","position":1,"name":"Inici","item":"https:\/\/www.esplac.cat\/en\/"},{"@type":"ListItem","position":2,"name":"Obrim convocat\u00f2ria per cobrir la pla\u00e7a de t\u00e8cnic\/a de suport a la comunicaci\u00f3 d&#8217;Esplais Catalans"}]},{"@type":"WebSite","@id":"https:\/\/www.esplac.cat\/#website","url":"https:\/\/www.esplac.cat\/","name":"Esplac","description":"Esplais Catalans","publisher":{"@id":"https:\/\/www.esplac.cat\/#organization"},"potentialAction":[{"@type":"SearchAction","target":{"@type":"EntryPoint","urlTemplate":"https:\/\/www.esplac.cat\/?s={search_term_string}"},"query-input":{"@type":"PropertyValueSpecification","valueRequired":true,"valueName":"search_term_string"}}],"inLanguage":"en-US"},{"@type":"Organization","@id":"https:\/\/www.esplac.cat\/#organization","name":"Esplac","url":"https:\/\/www.esplac.cat\/","logo":{"@type":"ImageObject","inLanguage":"en-US","@id":"https:\/\/www.esplac.cat\/#\/schema\/logo\/image\/","url":"https:\/\/www.esplac.cat\/wp-content\/uploads\/2019\/08\/logox2.png","contentUrl":"https:\/\/www.esplac.cat\/wp-content\/uploads\/2019\/08\/logox2.png","width":600,"height":295,"caption":"Esplac"},"image":{"@id":"https:\/\/www.esplac.cat\/#\/schema\/logo\/image\/"}},{"@type":"Person","@id":"https:\/\/www.esplac.cat\/#\/schema\/person\/908383cf240be18b68f8855d0583faca","name":"Comunicaci\u00f3 Esplac","image":{"@type":"ImageObject","inLanguage":"en-US","@id":"https:\/\/secure.gravatar.com\/avatar\/7a4cf8feb412a76ea4a740ca02d95b06b2907b5a6c648c2dd0a1082a093c3141?s=96&d=mm&r=g","url":"https:\/\/secure.gravatar.com\/avatar\/7a4cf8feb412a76ea4a740ca02d95b06b2907b5a6c648c2dd0a1082a093c3141?s=96&d=mm&r=g","contentUrl":"https:\/\/secure.gravatar.com\/avatar\/7a4cf8feb412a76ea4a740ca02d95b06b2907b5a6c648c2dd0a1082a093c3141?s=96&d=mm&r=g","caption":"Comunicaci\u00f3 Esplac"}}]}},"_links":{"self":[{"href":"https:\/\/www.esplac.cat\/en\/wp-json\/wp\/v2\/posts\/42315","targetHints":{"allow":["GET"]}}],"collection":[{"href":"https:\/\/www.esplac.cat\/en\/wp-json\/wp\/v2\/posts"}],"about":[{"href":"https:\/\/www.esplac.cat\/en\/wp-json\/wp\/v2\/types\/post"}],"author":[{"embeddable":true,"href":"https:\/\/www.esplac.cat\/en\/wp-json\/wp\/v2\/users\/3"}],"replies":[{"embeddable":true,"href":"https:\/\/www.esplac.cat\/en\/wp-json\/wp\/v2\/comments?post=42315"}],"version-history":[{"count":0,"href":"https:\/\/www.esplac.cat\/en\/wp-json\/wp\/v2\/posts\/42315\/revisions"}],"wp:featuredmedia":[{"embeddable":true,"href":"https:\/\/www.esplac.cat\/en\/wp-json\/wp\/v2\/media\/42320"}],"wp:attachment":[{"href":"https:\/\/www.esplac.cat\/en\/wp-json\/wp\/v2\/media?parent=42315"}],"wp:term":[{"taxonomy":"category","embeddable":true,"href":"https:\/\/www.esplac.cat\/en\/wp-json\/wp\/v2\/categories?post=42315"},{"taxonomy":"post_tag","embeddable":true,"href":"https:\/\/www.esplac.cat\/en\/wp-json\/wp\/v2\/tags?post=42315"}],"curies":[{"name":"wp","href":"https:\/\/api.w.org\/{rel}","templated":true}]}}