{"id":42399,"date":"2022-12-12T13:00:58","date_gmt":"2022-12-12T11:00:58","guid":{"rendered":"https:\/\/www.esplac.cat\/?p=42399"},"modified":"2022-12-12T14:56:56","modified_gmt":"2022-12-12T12:56:56","slug":"monifestat-2023-ja-te-nom-i-data","status":"publish","type":"post","link":"https:\/\/www.esplac.cat\/en\/monifestat-2023-ja-te-nom-i-data\/","title":{"rendered":"La Monifesta&#8217;t 2023 ja t\u00e9 nom i data!"},"content":{"rendered":"<div class=\"fusion-fullwidth fullwidth-box fusion-builder-row-1 fusion-flex-container nonhundred-percent-fullwidth non-hundred-percent-height-scrolling\" style=\"--awb-border-radius-top-left:0px;--awb-border-radius-top-right:0px;--awb-border-radius-bottom-right:0px;--awb-border-radius-bottom-left:0px;--awb-flex-wrap:wrap;\" ><div class=\"fusion-builder-row fusion-row fusion-flex-align-items-flex-start fusion-flex-content-wrap\" style=\"max-width:1248px;margin-left: calc(-4% \/ 2 );margin-right: calc(-4% \/ 2 );\"><div class=\"fusion-layout-column fusion_builder_column fusion-builder-column-0 fusion_builder_column_1_1 1_1 fusion-flex-column\" style=\"--awb-bg-size:cover;--awb-width-large:100%;--awb-margin-top-large:0px;--awb-spacing-right-large:1.92%;--awb-margin-bottom-large:0px;--awb-spacing-left-large:1.92%;--awb-width-medium:100%;--awb-spacing-right-medium:1.92%;--awb-spacing-left-medium:1.92%;--awb-width-small:100%;--awb-spacing-right-small:1.92%;--awb-spacing-left-small:1.92%;\"><div class=\"fusion-column-wrapper fusion-flex-justify-content-flex-start fusion-content-layout-column\"><div class=\"fusion-text fusion-text-1\"><h6><strong>El cap de setmana del 19, 20 i 21 de maig Centelles acollir\u00e0 la celebraci\u00f3 de la Trobada General de Monitores i Monitors d\u2019Esplais Catalans.<\/strong><\/h6>\n<p><span style=\"font-weight: 300;\">Aquest curs, ens espera una <\/span><span style=\"color: #ff9900;\"><a style=\"color: #ff9900;\" href=\"https:\/\/www.esplac.cat\/trobades\/monifestat\/\"><span style=\"font-weight: 300;\">Monifesta\u2019t<\/span><\/a><\/span><span style=\"font-weight: 300;\"> molt reivindicativa, acompanyada del lema \u201c<\/span><b><i>pel m\u00f3n que volem, les joves eduquem!\u201d <\/i><\/b><span style=\"font-weight: 300;\">\u00a0tal i com vam poder descobrir a la recent Assemblea General Ordin\u00e0ria d\u2019Esplac. La Monifesta\u2019t 2023 ser\u00e0 els propers <strong>19, 20 i 21 de maig a Centelles<\/strong>, municipi del Sector Ripoll\u00e8s. Osona i Moian\u00e8s i poblaci\u00f3 de l\u2019esplai 100Teies. Milers de joves ens reunirem per visibilitzar la tasca educativa que fem des de l\u2019esplai, aix\u00ed que ja us podeu anar guardant la data i estar atentes i atents a les xarxes d\u2019Esplac per descobrir totes les novetats.<\/span><\/p>\n<h6><strong>Qu\u00e8 \u00e9s la Monifesta&#8217;t?<\/strong><\/h6>\n<p><span style=\"font-weight: 300;\">La Monifesta\u2019t \u00e9s un cap de setmana de trobada, formaci\u00f3 i festa que ens permet cohesionar-nos i compartir tot all\u00f2 que fem i reivindiquem cada dia a trav\u00e9s de l\u2019esplai, compartint activitats, maneres de fer i idees que ens uneixen com a monitores i monitors d\u2019Esplac.<\/span><\/p>\n<p><span style=\"font-weight: 300;\">Sentim la Monifesta\u2019t com un moment important en la <\/span><b>consci\u00e8ncia col\u00b7lectiva<\/b><span style=\"font-weight: 300;\"> del conjunt de monitores i monitors dels esplais, un moment per emocionar-nos al veure i sentir el moviment del qual formem part i adonar-nos que som moltes persones les que cada setmana ens organitzem i impulsem projectes educatius des del voluntariat. Educant en el pensament cr\u00edtic, el decreixement, els drets dels infants i la participaci\u00f3 associativa. Demostrant que la inf\u00e0ncia i la joventut no som el futur de la societat, sin\u00f3 que estem en constant <\/span><b>transformaci\u00f3 del present<\/b><span style=\"font-weight: 300;\">.<\/span><\/p>\n<h6><strong>Per\u00f2\u2026 qu\u00e8 \u00e9s la R\u00e0dio Monifesta\u2019t?<\/strong><\/h6>\n<p><span style=\"font-weight: 300;\">Aquest any volem impulsar el projecte de <\/span><b>R\u00c0DIO MONIFESTA\u2019T<\/b><span style=\"font-weight: 300;\">. Un espai radiof\u00f2nic que ens acompanyar\u00e0 en directe en diverses seccions vinculades a la Monifesta\u2019t! Entrevistes, premsa del cor, concursos, noticiaris\u2026. i tot el que us pugueu imaginar! A m\u00e9s, comptar\u00e0 amb emissions de <\/span><i><span style=\"font-weight: 300;\">podcasts<\/span><\/i><span style=\"font-weight: 300;\"> previs a la Monifesta\u2019t per anar-vos assabentat de tot el que anir\u00e0 passant.\u00a0<\/span><\/p>\n<h6><span style=\"font-weight: 300;\">Per\u00f2 aix\u00f2 nom\u00e9s ser\u00e0 possible si les monitores i monitors hi participeu! Si t\u2019agrada la r\u00e0dio, si t\u2019agrada la comunicaci\u00f3, o si simplement en tens ganes, entra a la <\/span><span style=\"color: #ff9900;\"><a style=\"color: #ff9900;\" href=\"https:\/\/t.me\/+BIGuk5BxVu4zM2Rk\"><b>Comissi\u00f3 de la R\u00e0dio Monifesta\u2019t<\/b><\/a><\/span><span style=\"font-weight: 300;\"> i fes-la possible! <\/span><span style=\"font-weight: 300;\"><br \/><\/span><span style=\"font-weight: 300;\"><br \/><\/span><strong>Prepara la Monifesta\u2019t 2023<\/strong><\/h6>\n<p><span style=\"font-weight: 300;\">A m\u00e9s a m\u00e9s de la Comissi\u00f3 de la R\u00e0dio Monifesta\u2019t, pots participar al <\/span><span style=\"color: #ff9900;\"><a style=\"color: #ff9900;\" href=\"https:\/\/t.me\/+I4nftv00v98yMjU0\"><b>Grup de Treball de la Monifesta\u2019t<\/b><\/a><\/span><span style=\"font-weight: 300;\"> i fer la Monifesta\u2019t possible! Quines formacions, tallers i activitats volem durant la Monifesta\u2019t? Acabem de definir el Centre d\u2019Inter\u00e8s que ens acompanyar\u00e0 durant el cap de setmana? Aqu\u00ed va una pista, de moment s\u2019estan coent <\/span><b>els 41ens Jocs d\u2019Esplania!\u00a0<\/b><\/p>\n<p><span style=\"font-weight: 300;\">La pr\u00f2xima reuni\u00f3 ser\u00e0 dimecres <\/span><b>14 de desembre de 2022 a les 18.00 h a la seu d\u2019Esplac!<\/b><\/p>\n<h6><strong>Gesti\u00f3 de la barra i PDs: concursos oberts!<\/p>\n<p><\/strong><\/h6>\n<p>Voleu finan\u00e7ar un projecte a l&#8217;esplai gestionant la barra de la Monifesta&#8217;t? Voleu posar ritme la nit de dissabte amb PDs? Tens tota la informaci\u00f3 i les bases dels concursos en <span style=\"color: #ff9900;\"><a style=\"color: #ff9900;\" href=\"https:\/\/www.esplac.cat\/monifestat-concursos-gestionar-barra-pds\/\" target=\"_blank\" rel=\"noopener\">aquesta not\u00edcia.\u00a0<\/a><\/span><\/p>\n<p>Que\u2026 encara us ho heu de pensar? Monis, assemblees, s\u00f2cies\u2026 guardeu b\u00e9 les dates perqu\u00e8 la Monifesta\u2019t 2023 ja \u00e9s aqu\u00ed!<\/p>\n<p>\u00a0<\/p>\n<p><img decoding=\"async\" class=\"aligncenter wp-image-42329\" src=\"https:\/\/www.esplac.cat\/wp-content\/uploads\/2022\/12\/Cartell-oficial_A3-scaled.jpg\" alt=\"\" width=\"567\" height=\"802\" srcset=\"https:\/\/www.esplac.cat\/wp-content\/uploads\/2022\/12\/Cartell-oficial_A3-200x283.jpg 200w, https:\/\/www.esplac.cat\/wp-content\/uploads\/2022\/12\/Cartell-oficial_A3-212x300.jpg 212w, https:\/\/www.esplac.cat\/wp-content\/uploads\/2022\/12\/Cartell-oficial_A3-400x566.jpg 400w, https:\/\/www.esplac.cat\/wp-content\/uploads\/2022\/12\/Cartell-oficial_A3-600x849.jpg 600w, https:\/\/www.esplac.cat\/wp-content\/uploads\/2022\/12\/Cartell-oficial_A3-724x1024.jpg 724w, https:\/\/www.esplac.cat\/wp-content\/uploads\/2022\/12\/Cartell-oficial_A3-768x1086.jpg 768w, https:\/\/www.esplac.cat\/wp-content\/uploads\/2022\/12\/Cartell-oficial_A3-800x1132.jpg 800w, https:\/\/www.esplac.cat\/wp-content\/uploads\/2022\/12\/Cartell-oficial_A3-1086x1536.jpg 1086w, https:\/\/www.esplac.cat\/wp-content\/uploads\/2022\/12\/Cartell-oficial_A3-1200x1697.jpg 1200w, https:\/\/www.esplac.cat\/wp-content\/uploads\/2022\/12\/Cartell-oficial_A3-1448x2048.jpg 1448w, https:\/\/www.esplac.cat\/wp-content\/uploads\/2022\/12\/Cartell-oficial_A3-scaled.jpg 1810w\" sizes=\"(max-width: 567px) 100vw, 567px\" \/><\/p>\n<\/div><\/div><\/div><\/div><\/div>\n","protected":false},"excerpt":{"rendered":"","protected":false},"author":3,"featured_media":42402,"comment_status":"closed","ping_status":"closed","sticky":false,"template":"","format":"standard","meta":{"om_disable_all_campaigns":false,"_monsterinsights_skip_tracking":false,"_monsterinsights_sitenote_active":false,"_monsterinsights_sitenote_note":"","_monsterinsights_sitenote_category":0,"_uf_show_specific_survey":0,"_uf_disable_surveys":false,"footnotes":""},"categories":[1115],"tags":[],"class_list":["post-42399","post","type-post","status-publish","format-standard","has-post-thumbnail","hentry","category-monifestat"],"yoast_head":"<!-- This site is optimized with the Yoast SEO plugin v27.4 - https:\/\/yoast.com\/product\/yoast-seo-wordpress\/ -->\n<title>La Monifesta&#039;t 2023 ja t\u00e9 nom i data! - Esplac<\/title>\n<meta name=\"robots\" content=\"index, follow, max-snippet:-1, max-image-preview:large, max-video-preview:-1\" \/>\n<link rel=\"canonical\" href=\"https:\/\/www.esplac.cat\/monifestat-2023-ja-te-nom-i-data\/\" \/>\n<meta property=\"og:locale\" content=\"en_US\" \/>\n<meta property=\"og:type\" content=\"article\" \/>\n<meta property=\"og:title\" content=\"La Monifesta&#039;t 2023 ja t\u00e9 nom i data! - Esplac\" \/>\n<meta property=\"og:url\" content=\"https:\/\/www.esplac.cat\/monifestat-2023-ja-te-nom-i-data\/\" \/>\n<meta property=\"og:site_name\" content=\"Esplac\" \/>\n<meta property=\"article:published_time\" content=\"2022-12-12T11:00:58+00:00\" \/>\n<meta property=\"article:modified_time\" content=\"2022-12-12T12:56:56+00:00\" \/>\n<meta property=\"og:image\" content=\"https:\/\/www.esplac.cat\/wp-content\/uploads\/2022\/12\/monifestat23-presentacio.jpg\" \/>\n\t<meta property=\"og:image:width\" content=\"1694\" \/>\n\t<meta property=\"og:image:height\" content=\"700\" \/>\n\t<meta property=\"og:image:type\" content=\"image\/jpeg\" \/>\n<meta name=\"author\" content=\"Comunicaci\u00f3 Esplac\" \/>\n<meta name=\"twitter:card\" content=\"summary_large_image\" \/>\n<meta name=\"twitter:label1\" content=\"Written by\" \/>\n\t<meta name=\"twitter:data1\" content=\"Comunicaci\u00f3 Esplac\" \/>\n\t<meta name=\"twitter:label2\" content=\"Est. reading time\" \/>\n\t<meta name=\"twitter:data2\" content=\"3 minutes\" \/>\n<script type=\"application\/ld+json\" class=\"yoast-schema-graph\">{\"@context\":\"https:\\\/\\\/schema.org\",\"@graph\":[{\"@type\":\"Article\",\"@id\":\"https:\\\/\\\/www.esplac.cat\\\/monifestat-2023-ja-te-nom-i-data\\\/#article\",\"isPartOf\":{\"@id\":\"https:\\\/\\\/www.esplac.cat\\\/monifestat-2023-ja-te-nom-i-data\\\/\"},\"author\":{\"name\":\"Comunicaci\u00f3 Esplac\",\"@id\":\"https:\\\/\\\/www.esplac.cat\\\/#\\\/schema\\\/person\\\/908383cf240be18b68f8855d0583faca\"},\"headline\":\"La Monifesta&#8217;t 2023 ja t\u00e9 nom i data!\",\"datePublished\":\"2022-12-12T11:00:58+00:00\",\"dateModified\":\"2022-12-12T12:56:56+00:00\",\"mainEntityOfPage\":{\"@id\":\"https:\\\/\\\/www.esplac.cat\\\/monifestat-2023-ja-te-nom-i-data\\\/\"},\"wordCount\":674,\"publisher\":{\"@id\":\"https:\\\/\\\/www.esplac.cat\\\/#organization\"},\"image\":{\"@id\":\"https:\\\/\\\/www.esplac.cat\\\/monifestat-2023-ja-te-nom-i-data\\\/#primaryimage\"},\"thumbnailUrl\":\"https:\\\/\\\/www.esplac.cat\\\/wp-content\\\/uploads\\\/2022\\\/12\\\/monifestat23-presentacio.jpg\",\"articleSection\":[\"Monifesta't\"],\"inLanguage\":\"en-US\"},{\"@type\":\"WebPage\",\"@id\":\"https:\\\/\\\/www.esplac.cat\\\/monifestat-2023-ja-te-nom-i-data\\\/\",\"url\":\"https:\\\/\\\/www.esplac.cat\\\/monifestat-2023-ja-te-nom-i-data\\\/\",\"name\":\"La Monifesta't 2023 ja t\u00e9 nom i data! - Esplac\",\"isPartOf\":{\"@id\":\"https:\\\/\\\/www.esplac.cat\\\/#website\"},\"primaryImageOfPage\":{\"@id\":\"https:\\\/\\\/www.esplac.cat\\\/monifestat-2023-ja-te-nom-i-data\\\/#primaryimage\"},\"image\":{\"@id\":\"https:\\\/\\\/www.esplac.cat\\\/monifestat-2023-ja-te-nom-i-data\\\/#primaryimage\"},\"thumbnailUrl\":\"https:\\\/\\\/www.esplac.cat\\\/wp-content\\\/uploads\\\/2022\\\/12\\\/monifestat23-presentacio.jpg\",\"datePublished\":\"2022-12-12T11:00:58+00:00\",\"dateModified\":\"2022-12-12T12:56:56+00:00\",\"breadcrumb\":{\"@id\":\"https:\\\/\\\/www.esplac.cat\\\/monifestat-2023-ja-te-nom-i-data\\\/#breadcrumb\"},\"inLanguage\":\"en-US\",\"potentialAction\":[{\"@type\":\"ReadAction\",\"target\":[\"https:\\\/\\\/www.esplac.cat\\\/monifestat-2023-ja-te-nom-i-data\\\/\"]}]},{\"@type\":\"ImageObject\",\"inLanguage\":\"en-US\",\"@id\":\"https:\\\/\\\/www.esplac.cat\\\/monifestat-2023-ja-te-nom-i-data\\\/#primaryimage\",\"url\":\"https:\\\/\\\/www.esplac.cat\\\/wp-content\\\/uploads\\\/2022\\\/12\\\/monifestat23-presentacio.jpg\",\"contentUrl\":\"https:\\\/\\\/www.esplac.cat\\\/wp-content\\\/uploads\\\/2022\\\/12\\\/monifestat23-presentacio.jpg\",\"width\":1694,\"height\":700},{\"@type\":\"BreadcrumbList\",\"@id\":\"https:\\\/\\\/www.esplac.cat\\\/monifestat-2023-ja-te-nom-i-data\\\/#breadcrumb\",\"itemListElement\":[{\"@type\":\"ListItem\",\"position\":1,\"name\":\"Inici\",\"item\":\"https:\\\/\\\/www.esplac.cat\\\/en\\\/\"},{\"@type\":\"ListItem\",\"position\":2,\"name\":\"La Monifesta&#8217;t 2023 ja t\u00e9 nom i data!\"}]},{\"@type\":\"WebSite\",\"@id\":\"https:\\\/\\\/www.esplac.cat\\\/#website\",\"url\":\"https:\\\/\\\/www.esplac.cat\\\/\",\"name\":\"Esplac\",\"description\":\"Esplais Catalans\",\"publisher\":{\"@id\":\"https:\\\/\\\/www.esplac.cat\\\/#organization\"},\"potentialAction\":[{\"@type\":\"SearchAction\",\"target\":{\"@type\":\"EntryPoint\",\"urlTemplate\":\"https:\\\/\\\/www.esplac.cat\\\/?s={search_term_string}\"},\"query-input\":{\"@type\":\"PropertyValueSpecification\",\"valueRequired\":true,\"valueName\":\"search_term_string\"}}],\"inLanguage\":\"en-US\"},{\"@type\":\"Organization\",\"@id\":\"https:\\\/\\\/www.esplac.cat\\\/#organization\",\"name\":\"Esplac\",\"url\":\"https:\\\/\\\/www.esplac.cat\\\/\",\"logo\":{\"@type\":\"ImageObject\",\"inLanguage\":\"en-US\",\"@id\":\"https:\\\/\\\/www.esplac.cat\\\/#\\\/schema\\\/logo\\\/image\\\/\",\"url\":\"https:\\\/\\\/www.esplac.cat\\\/wp-content\\\/uploads\\\/2019\\\/08\\\/logox2.png\",\"contentUrl\":\"https:\\\/\\\/www.esplac.cat\\\/wp-content\\\/uploads\\\/2019\\\/08\\\/logox2.png\",\"width\":600,\"height\":295,\"caption\":\"Esplac\"},\"image\":{\"@id\":\"https:\\\/\\\/www.esplac.cat\\\/#\\\/schema\\\/logo\\\/image\\\/\"}},{\"@type\":\"Person\",\"@id\":\"https:\\\/\\\/www.esplac.cat\\\/#\\\/schema\\\/person\\\/908383cf240be18b68f8855d0583faca\",\"name\":\"Comunicaci\u00f3 Esplac\",\"image\":{\"@type\":\"ImageObject\",\"inLanguage\":\"en-US\",\"@id\":\"https:\\\/\\\/secure.gravatar.com\\\/avatar\\\/7a4cf8feb412a76ea4a740ca02d95b06b2907b5a6c648c2dd0a1082a093c3141?s=96&d=mm&r=g\",\"url\":\"https:\\\/\\\/secure.gravatar.com\\\/avatar\\\/7a4cf8feb412a76ea4a740ca02d95b06b2907b5a6c648c2dd0a1082a093c3141?s=96&d=mm&r=g\",\"contentUrl\":\"https:\\\/\\\/secure.gravatar.com\\\/avatar\\\/7a4cf8feb412a76ea4a740ca02d95b06b2907b5a6c648c2dd0a1082a093c3141?s=96&d=mm&r=g\",\"caption\":\"Comunicaci\u00f3 Esplac\"}}]}<\/script>\n<!-- \/ Yoast SEO plugin. -->","yoast_head_json":{"title":"La Monifesta't 2023 ja t\u00e9 nom i data! - Esplac","robots":{"index":"index","follow":"follow","max-snippet":"max-snippet:-1","max-image-preview":"max-image-preview:large","max-video-preview":"max-video-preview:-1"},"canonical":"https:\/\/www.esplac.cat\/monifestat-2023-ja-te-nom-i-data\/","og_locale":"en_US","og_type":"article","og_title":"La Monifesta't 2023 ja t\u00e9 nom i data! - Esplac","og_url":"https:\/\/www.esplac.cat\/monifestat-2023-ja-te-nom-i-data\/","og_site_name":"Esplac","article_published_time":"2022-12-12T11:00:58+00:00","article_modified_time":"2022-12-12T12:56:56+00:00","og_image":[{"width":1694,"height":700,"url":"https:\/\/www.esplac.cat\/wp-content\/uploads\/2022\/12\/monifestat23-presentacio.jpg","type":"image\/jpeg"}],"author":"Comunicaci\u00f3 Esplac","twitter_card":"summary_large_image","twitter_misc":{"Written by":"Comunicaci\u00f3 Esplac","Est. reading time":"3 minutes"},"schema":{"@context":"https:\/\/schema.org","@graph":[{"@type":"Article","@id":"https:\/\/www.esplac.cat\/monifestat-2023-ja-te-nom-i-data\/#article","isPartOf":{"@id":"https:\/\/www.esplac.cat\/monifestat-2023-ja-te-nom-i-data\/"},"author":{"name":"Comunicaci\u00f3 Esplac","@id":"https:\/\/www.esplac.cat\/#\/schema\/person\/908383cf240be18b68f8855d0583faca"},"headline":"La Monifesta&#8217;t 2023 ja t\u00e9 nom i data!","datePublished":"2022-12-12T11:00:58+00:00","dateModified":"2022-12-12T12:56:56+00:00","mainEntityOfPage":{"@id":"https:\/\/www.esplac.cat\/monifestat-2023-ja-te-nom-i-data\/"},"wordCount":674,"publisher":{"@id":"https:\/\/www.esplac.cat\/#organization"},"image":{"@id":"https:\/\/www.esplac.cat\/monifestat-2023-ja-te-nom-i-data\/#primaryimage"},"thumbnailUrl":"https:\/\/www.esplac.cat\/wp-content\/uploads\/2022\/12\/monifestat23-presentacio.jpg","articleSection":["Monifesta't"],"inLanguage":"en-US"},{"@type":"WebPage","@id":"https:\/\/www.esplac.cat\/monifestat-2023-ja-te-nom-i-data\/","url":"https:\/\/www.esplac.cat\/monifestat-2023-ja-te-nom-i-data\/","name":"La Monifesta't 2023 ja t\u00e9 nom i data! - Esplac","isPartOf":{"@id":"https:\/\/www.esplac.cat\/#website"},"primaryImageOfPage":{"@id":"https:\/\/www.esplac.cat\/monifestat-2023-ja-te-nom-i-data\/#primaryimage"},"image":{"@id":"https:\/\/www.esplac.cat\/monifestat-2023-ja-te-nom-i-data\/#primaryimage"},"thumbnailUrl":"https:\/\/www.esplac.cat\/wp-content\/uploads\/2022\/12\/monifestat23-presentacio.jpg","datePublished":"2022-12-12T11:00:58+00:00","dateModified":"2022-12-12T12:56:56+00:00","breadcrumb":{"@id":"https:\/\/www.esplac.cat\/monifestat-2023-ja-te-nom-i-data\/#breadcrumb"},"inLanguage":"en-US","potentialAction":[{"@type":"ReadAction","target":["https:\/\/www.esplac.cat\/monifestat-2023-ja-te-nom-i-data\/"]}]},{"@type":"ImageObject","inLanguage":"en-US","@id":"https:\/\/www.esplac.cat\/monifestat-2023-ja-te-nom-i-data\/#primaryimage","url":"https:\/\/www.esplac.cat\/wp-content\/uploads\/2022\/12\/monifestat23-presentacio.jpg","contentUrl":"https:\/\/www.esplac.cat\/wp-content\/uploads\/2022\/12\/monifestat23-presentacio.jpg","width":1694,"height":700},{"@type":"BreadcrumbList","@id":"https:\/\/www.esplac.cat\/monifestat-2023-ja-te-nom-i-data\/#breadcrumb","itemListElement":[{"@type":"ListItem","position":1,"name":"Inici","item":"https:\/\/www.esplac.cat\/en\/"},{"@type":"ListItem","position":2,"name":"La Monifesta&#8217;t 2023 ja t\u00e9 nom i data!"}]},{"@type":"WebSite","@id":"https:\/\/www.esplac.cat\/#website","url":"https:\/\/www.esplac.cat\/","name":"Esplac","description":"Esplais Catalans","publisher":{"@id":"https:\/\/www.esplac.cat\/#organization"},"potentialAction":[{"@type":"SearchAction","target":{"@type":"EntryPoint","urlTemplate":"https:\/\/www.esplac.cat\/?s={search_term_string}"},"query-input":{"@type":"PropertyValueSpecification","valueRequired":true,"valueName":"search_term_string"}}],"inLanguage":"en-US"},{"@type":"Organization","@id":"https:\/\/www.esplac.cat\/#organization","name":"Esplac","url":"https:\/\/www.esplac.cat\/","logo":{"@type":"ImageObject","inLanguage":"en-US","@id":"https:\/\/www.esplac.cat\/#\/schema\/logo\/image\/","url":"https:\/\/www.esplac.cat\/wp-content\/uploads\/2019\/08\/logox2.png","contentUrl":"https:\/\/www.esplac.cat\/wp-content\/uploads\/2019\/08\/logox2.png","width":600,"height":295,"caption":"Esplac"},"image":{"@id":"https:\/\/www.esplac.cat\/#\/schema\/logo\/image\/"}},{"@type":"Person","@id":"https:\/\/www.esplac.cat\/#\/schema\/person\/908383cf240be18b68f8855d0583faca","name":"Comunicaci\u00f3 Esplac","image":{"@type":"ImageObject","inLanguage":"en-US","@id":"https:\/\/secure.gravatar.com\/avatar\/7a4cf8feb412a76ea4a740ca02d95b06b2907b5a6c648c2dd0a1082a093c3141?s=96&d=mm&r=g","url":"https:\/\/secure.gravatar.com\/avatar\/7a4cf8feb412a76ea4a740ca02d95b06b2907b5a6c648c2dd0a1082a093c3141?s=96&d=mm&r=g","contentUrl":"https:\/\/secure.gravatar.com\/avatar\/7a4cf8feb412a76ea4a740ca02d95b06b2907b5a6c648c2dd0a1082a093c3141?s=96&d=mm&r=g","caption":"Comunicaci\u00f3 Esplac"}}]}},"_links":{"self":[{"href":"https:\/\/www.esplac.cat\/en\/wp-json\/wp\/v2\/posts\/42399","targetHints":{"allow":["GET"]}}],"collection":[{"href":"https:\/\/www.esplac.cat\/en\/wp-json\/wp\/v2\/posts"}],"about":[{"href":"https:\/\/www.esplac.cat\/en\/wp-json\/wp\/v2\/types\/post"}],"author":[{"embeddable":true,"href":"https:\/\/www.esplac.cat\/en\/wp-json\/wp\/v2\/users\/3"}],"replies":[{"embeddable":true,"href":"https:\/\/www.esplac.cat\/en\/wp-json\/wp\/v2\/comments?post=42399"}],"version-history":[{"count":0,"href":"https:\/\/www.esplac.cat\/en\/wp-json\/wp\/v2\/posts\/42399\/revisions"}],"wp:featuredmedia":[{"embeddable":true,"href":"https:\/\/www.esplac.cat\/en\/wp-json\/wp\/v2\/media\/42402"}],"wp:attachment":[{"href":"https:\/\/www.esplac.cat\/en\/wp-json\/wp\/v2\/media?parent=42399"}],"wp:term":[{"taxonomy":"category","embeddable":true,"href":"https:\/\/www.esplac.cat\/en\/wp-json\/wp\/v2\/categories?post=42399"},{"taxonomy":"post_tag","embeddable":true,"href":"https:\/\/www.esplac.cat\/en\/wp-json\/wp\/v2\/tags?post=42399"}],"curies":[{"name":"wp","href":"https:\/\/api.w.org\/{rel}","templated":true}]}}