{"id":42505,"date":"2022-12-15T15:29:54","date_gmt":"2022-12-15T13:29:54","guid":{"rendered":"https:\/\/www.esplac.cat\/?p=42505"},"modified":"2022-12-15T17:30:31","modified_gmt":"2022-12-15T15:30:31","slug":"tota-la-documentacio-aprovada-a-lago-ja-esta-disponible","status":"publish","type":"post","link":"https:\/\/www.esplac.cat\/en\/tota-la-documentacio-aprovada-a-lago-ja-esta-disponible\/","title":{"rendered":"Tota la documentaci\u00f3 aprovada a l&#8217;AGO ja est\u00e0 disponible!"},"content":{"rendered":"<h6><strong>Ja podeu accedir a tota la documentaci\u00f3 que es va aprovar durant la passada Assemblea General Ordin\u00e0ria d&#8217;Esplais Catalans i que es comen\u00e7ar a aplicar a partir d&#8217;aquest curs 2022-2023.<\/strong><\/h6>\n<p>El passat \u00a026 i 27 de novembre, va tenir lloc a Vilafranca del Pened\u00e8s la 41ena Assemblea General Ordin\u00e0ria, el m\u00e0xim espai de decisi\u00f3 de l\u2019entitat. En aquesta, es van aprovar un seguit de documentaci\u00f3:<\/p>\n<ul>\n<li><strong>Resolucions:<\/strong> Les resolucions s\u00f3n posicionaments pol\u00edtics davant d\u2019una situaci\u00f3 o realitat, que marquen all\u00f2 que pensem com a associaci\u00f3 i que, en cas que inclogui compromisos, ens obliga a dur a terme el que s\u2019hi digui. Per tant, garanteixen que all\u00f2 que s\u2019hi diu sigui molt m\u00e9s compartit per totes i que, finalment, tingui una legitimitat pol\u00edtica m\u00e9s forta. Qualsevol persona s\u00f2cia de l&#8217;entitat pot presentar una resoluci\u00f3 a l&#8217;AGO per ser sotmesa a votaci\u00f3 dins del termini establert.\n<ul>\n<li><span style=\"color: #f69d0b;\"><a style=\"color: #f69d0b;\" href=\"https:\/\/www.esplac.cat\/wp-content\/uploads\/2022\/12\/Resolucio-2022-Precaritzacio-juvenil-esplais-en-perill.pdf\" target=\"_blank\" rel=\"noopener\">Precaritzaci\u00f3 juvenil, esplais en perill!<\/a><\/span><\/li>\n<li><span style=\"color: #f69d0b;\"><a style=\"color: #f69d0b;\" href=\"https:\/\/www.esplac.cat\/wp-content\/uploads\/2022\/12\/Resolucio-2022-Els-esplais-eduquem-en-el-decreixement.pdf\" target=\"_blank\" rel=\"noopener\">Els esplais d\u2019Esplac eduquem per un sistema en decreixement.<\/a><\/span><\/li>\n<li><span style=\"color: #f69d0b;\"><a style=\"color: #f69d0b;\" href=\"https:\/\/www.esplac.cat\/wp-content\/uploads\/2022\/12\/Resolucio-2022-Linici-de-lany-escolar.pdf\" target=\"_blank\" rel=\"noopener\">L\u2019inici de l\u2019any escolar i la seva afectaci\u00f3 en el m\u00f3n del lleure.<\/a><\/span><\/li>\n<\/ul>\n<\/li>\n<li><strong><span style=\"color: #333333;\">Criteris de distribuci\u00f3<\/span>: <\/strong>\u00c9s el document que s\u2019utilitza per valorar com es reparteix entre els esplais la subvenci\u00f3 que rebem de la DGJ. L\u2019objectiu d\u2019aquests document, que s&#8217;aplicar\u00e0 a partir d&#8217;aquest curs, \u00e9s establir uns criteris comuns i transparents per fer un repartiment que tingui en compte diversos aspectes de la realitat dels esplais i que ens permeti fer un repartiment equitatiu. Ho podeu trobar<span style=\"color: #f69d0b;\"><a style=\"color: #f69d0b;\" href=\"https:\/\/www.esplac.cat\/criteris_distribucio_ago2022\/\" target=\"_blank\" rel=\"noopener\"> aqu\u00ed.<\/a><\/span>\u00a0<span style=\"font-weight: 300;\"><br \/>\n<\/span><\/li>\n<li><strong><span style=\"color: #333333;\">Mem\u00f2ria 2012-2022, Pla de Treball 2022-2023 i Pressupost 2023<\/span><\/strong>: \u00c9s el document on hi ha el que hem fet el passat curs (Mem\u00f2ria) i el que farem aquest curs (Pla de Treball i Pressupost). Hi podeu trobar: Projectes que comencen i dels que acaben amb els seus objectius; activitat ordin\u00e0ria (accions ordin\u00e0ries) d&#8217;Esplac, com \u00e9s la comunicaci\u00f3, inform\u00e0tica, funcionament dels equips i espais de participaci\u00f3 com el Gran Comit\u00e8, AGO, etc. Ho podeu consultar <span style=\"color: #f69d0b;\"><a style=\"color: #f69d0b;\" href=\"https:\/\/www.esplac.cat\/memoria_pla-de-treball_pressupost_ago2022\/\" target=\"_blank\" rel=\"noopener\">en aquest enlla\u00e7.<\/a><\/span><\/li>\n<\/ul>\n<p><span style=\"font-weight: 300;\">A m\u00e9s, es van aprovar diversos temes com:<\/span><\/p>\n<ul>\n<li><span style=\"font-weight: 300;\">Les <strong>noves adhesions<\/strong> a la Xarxa d&#8217;Economia Solid\u00e0ria (XES) i a Som Mobilitat. <\/span><\/li>\n<li><span style=\"font-weight: 300;\">El canvi de nom del Sector Bages i Bergued\u00e0, afegint La Cedanya, i quedant com a<strong> Sector Bages, Bergued\u00e0 i La Cerdanya<\/strong>. <\/span><\/li>\n<li><span style=\"font-weight: 300;\">La divisi\u00f3 del Sector Barcelona en <strong>tres nous sectors<\/strong>: Sector Barcelona Oest, Sector Barcelona Nord-Est i Sector Barcelona Sud.<\/span><\/li>\n<li><span style=\"font-weight: 300;\">L&#8217;Olga Castells com a nova presidenta d&#8217;Esplais Catalans, aix\u00ed com la incorporaci\u00f3 d&#8217;una nova persona a l&#8217;Equip de Coordinaci\u00f3, la Cristina Gotzens, i la renovaci\u00f3 de l&#8217;Al\u00edcia Antol\u00edn.<\/span><\/li>\n<li><span style=\"font-weight: 300;\">\u00c9s va aprovar l&#8217;entrada de noves persones com a <strong>Representants de les Comissions<\/strong>: La Mariona Olivella i la Mariona Guill\u00e9n a <strong>Reduint Petjada<\/strong>, la Iris Garcia i la Shes Paez a la nova <strong>Comissi\u00f3 Internacional<\/strong> i la Laura Mu\u00f1oz a la <strong>nova Comissi\u00f3 de L\u00ednies Pedag\u00f2giques<\/strong>.<\/span><\/li>\n<\/ul>\n<p>Podeu veure totes les fotografies de l&#8217;AGO <span style=\"color: #ff9900;\"><a style=\"color: #ff9900;\" href=\"https:\/\/www.facebook.com\/media\/set\/?set=a.696275281941706&amp;type=3\" target=\"_blank\" rel=\"noopener\">en aquest \u00e0lbum,<\/a><\/span>\u00a0els v\u00eddeos en <span style=\"color: #ff9900;\"><a style=\"color: #ff9900;\" href=\"https:\/\/www.youtube.com\/watch?v=-OSTdug76BA&amp;list=PLA_E8rFAz2-PA3LMAjosM1W-tRpcpvxgH&amp;ab_channel=EsplaisCatalans\" target=\"_blank\" rel=\"noopener\">aquesta llista de reproducci\u00f3<\/a> <span style=\"color: #000000;\">i el nou banc de recursos d&#8217;Esplac al <a href=\"https:\/\/bancrecursos.esplac.cat\/\"><span style=\"color: #f69d0b;\">seg\u00fcent enlla\u00e7<\/span><\/a>.<\/span><\/span><\/p>\n","protected":false},"excerpt":{"rendered":"<p>Ja podeu accedir a tota la documentaci\u00f3 que es va [&hellip;]<\/p>\n","protected":false},"author":3,"featured_media":42517,"comment_status":"closed","ping_status":"closed","sticky":false,"template":"","format":"standard","meta":{"om_disable_all_campaigns":false,"_monsterinsights_skip_tracking":false,"_monsterinsights_sitenote_active":false,"_monsterinsights_sitenote_note":"","_monsterinsights_sitenote_category":0,"_uf_show_specific_survey":0,"_uf_disable_surveys":false,"footnotes":""},"categories":[1134],"tags":[],"class_list":["post-42505","post","type-post","status-publish","format-standard","has-post-thumbnail","hentry","category-assemblea-general-ordinaria"],"yoast_head":"<!-- This site is optimized with the Yoast SEO plugin v27.4 - https:\/\/yoast.com\/product\/yoast-seo-wordpress\/ -->\n<title>Tota la documentaci\u00f3 aprovada a l&#039;AGO ja est\u00e0 disponible! - Esplac<\/title>\n<meta name=\"robots\" content=\"index, follow, max-snippet:-1, max-image-preview:large, max-video-preview:-1\" \/>\n<link rel=\"canonical\" href=\"https:\/\/www.esplac.cat\/tota-la-documentacio-aprovada-a-lago-ja-esta-disponible\/\" \/>\n<meta property=\"og:locale\" content=\"en_US\" \/>\n<meta property=\"og:type\" content=\"article\" \/>\n<meta property=\"og:title\" content=\"Tota la documentaci\u00f3 aprovada a l&#039;AGO ja est\u00e0 disponible! - Esplac\" \/>\n<meta property=\"og:description\" content=\"Ja podeu accedir a tota la documentaci\u00f3 que es va [&hellip;]\" \/>\n<meta property=\"og:url\" content=\"https:\/\/www.esplac.cat\/tota-la-documentacio-aprovada-a-lago-ja-esta-disponible\/\" \/>\n<meta property=\"og:site_name\" content=\"Esplac\" \/>\n<meta property=\"article:published_time\" content=\"2022-12-15T13:29:54+00:00\" \/>\n<meta property=\"article:modified_time\" content=\"2022-12-15T15:30:31+00:00\" \/>\n<meta property=\"og:image\" content=\"https:\/\/www.esplac.cat\/wp-content\/uploads\/2022\/12\/Portades-web-41.jpg\" \/>\n\t<meta property=\"og:image:width\" content=\"1694\" \/>\n\t<meta property=\"og:image:height\" content=\"700\" \/>\n\t<meta property=\"og:image:type\" content=\"image\/jpeg\" \/>\n<meta name=\"author\" content=\"Comunicaci\u00f3 Esplac\" \/>\n<meta name=\"twitter:card\" content=\"summary_large_image\" \/>\n<meta name=\"twitter:label1\" content=\"Written by\" \/>\n\t<meta name=\"twitter:data1\" content=\"Comunicaci\u00f3 Esplac\" \/>\n\t<meta name=\"twitter:label2\" content=\"Est. reading time\" \/>\n\t<meta name=\"twitter:data2\" content=\"3 minutes\" \/>\n<script type=\"application\/ld+json\" class=\"yoast-schema-graph\">{\"@context\":\"https:\\\/\\\/schema.org\",\"@graph\":[{\"@type\":\"Article\",\"@id\":\"https:\\\/\\\/www.esplac.cat\\\/tota-la-documentacio-aprovada-a-lago-ja-esta-disponible\\\/#article\",\"isPartOf\":{\"@id\":\"https:\\\/\\\/www.esplac.cat\\\/tota-la-documentacio-aprovada-a-lago-ja-esta-disponible\\\/\"},\"author\":{\"name\":\"Comunicaci\u00f3 Esplac\",\"@id\":\"https:\\\/\\\/www.esplac.cat\\\/#\\\/schema\\\/person\\\/908383cf240be18b68f8855d0583faca\"},\"headline\":\"Tota la documentaci\u00f3 aprovada a l&#8217;AGO ja est\u00e0 disponible!\",\"datePublished\":\"2022-12-15T13:29:54+00:00\",\"dateModified\":\"2022-12-15T15:30:31+00:00\",\"mainEntityOfPage\":{\"@id\":\"https:\\\/\\\/www.esplac.cat\\\/tota-la-documentacio-aprovada-a-lago-ja-esta-disponible\\\/\"},\"wordCount\":537,\"publisher\":{\"@id\":\"https:\\\/\\\/www.esplac.cat\\\/#organization\"},\"image\":{\"@id\":\"https:\\\/\\\/www.esplac.cat\\\/tota-la-documentacio-aprovada-a-lago-ja-esta-disponible\\\/#primaryimage\"},\"thumbnailUrl\":\"https:\\\/\\\/www.esplac.cat\\\/wp-content\\\/uploads\\\/2022\\\/12\\\/Portades-web-41.jpg\",\"articleSection\":[\"Assemblea General Ordin\u00e0ria\"],\"inLanguage\":\"en-US\"},{\"@type\":\"WebPage\",\"@id\":\"https:\\\/\\\/www.esplac.cat\\\/tota-la-documentacio-aprovada-a-lago-ja-esta-disponible\\\/\",\"url\":\"https:\\\/\\\/www.esplac.cat\\\/tota-la-documentacio-aprovada-a-lago-ja-esta-disponible\\\/\",\"name\":\"Tota la documentaci\u00f3 aprovada a l'AGO ja est\u00e0 disponible! - Esplac\",\"isPartOf\":{\"@id\":\"https:\\\/\\\/www.esplac.cat\\\/#website\"},\"primaryImageOfPage\":{\"@id\":\"https:\\\/\\\/www.esplac.cat\\\/tota-la-documentacio-aprovada-a-lago-ja-esta-disponible\\\/#primaryimage\"},\"image\":{\"@id\":\"https:\\\/\\\/www.esplac.cat\\\/tota-la-documentacio-aprovada-a-lago-ja-esta-disponible\\\/#primaryimage\"},\"thumbnailUrl\":\"https:\\\/\\\/www.esplac.cat\\\/wp-content\\\/uploads\\\/2022\\\/12\\\/Portades-web-41.jpg\",\"datePublished\":\"2022-12-15T13:29:54+00:00\",\"dateModified\":\"2022-12-15T15:30:31+00:00\",\"breadcrumb\":{\"@id\":\"https:\\\/\\\/www.esplac.cat\\\/tota-la-documentacio-aprovada-a-lago-ja-esta-disponible\\\/#breadcrumb\"},\"inLanguage\":\"en-US\",\"potentialAction\":[{\"@type\":\"ReadAction\",\"target\":[\"https:\\\/\\\/www.esplac.cat\\\/tota-la-documentacio-aprovada-a-lago-ja-esta-disponible\\\/\"]}]},{\"@type\":\"ImageObject\",\"inLanguage\":\"en-US\",\"@id\":\"https:\\\/\\\/www.esplac.cat\\\/tota-la-documentacio-aprovada-a-lago-ja-esta-disponible\\\/#primaryimage\",\"url\":\"https:\\\/\\\/www.esplac.cat\\\/wp-content\\\/uploads\\\/2022\\\/12\\\/Portades-web-41.jpg\",\"contentUrl\":\"https:\\\/\\\/www.esplac.cat\\\/wp-content\\\/uploads\\\/2022\\\/12\\\/Portades-web-41.jpg\",\"width\":1694,\"height\":700},{\"@type\":\"BreadcrumbList\",\"@id\":\"https:\\\/\\\/www.esplac.cat\\\/tota-la-documentacio-aprovada-a-lago-ja-esta-disponible\\\/#breadcrumb\",\"itemListElement\":[{\"@type\":\"ListItem\",\"position\":1,\"name\":\"Inici\",\"item\":\"https:\\\/\\\/www.esplac.cat\\\/en\\\/\"},{\"@type\":\"ListItem\",\"position\":2,\"name\":\"Tota la documentaci\u00f3 aprovada a l&#8217;AGO ja est\u00e0 disponible!\"}]},{\"@type\":\"WebSite\",\"@id\":\"https:\\\/\\\/www.esplac.cat\\\/#website\",\"url\":\"https:\\\/\\\/www.esplac.cat\\\/\",\"name\":\"Esplac\",\"description\":\"Esplais Catalans\",\"publisher\":{\"@id\":\"https:\\\/\\\/www.esplac.cat\\\/#organization\"},\"potentialAction\":[{\"@type\":\"SearchAction\",\"target\":{\"@type\":\"EntryPoint\",\"urlTemplate\":\"https:\\\/\\\/www.esplac.cat\\\/?s={search_term_string}\"},\"query-input\":{\"@type\":\"PropertyValueSpecification\",\"valueRequired\":true,\"valueName\":\"search_term_string\"}}],\"inLanguage\":\"en-US\"},{\"@type\":\"Organization\",\"@id\":\"https:\\\/\\\/www.esplac.cat\\\/#organization\",\"name\":\"Esplac\",\"url\":\"https:\\\/\\\/www.esplac.cat\\\/\",\"logo\":{\"@type\":\"ImageObject\",\"inLanguage\":\"en-US\",\"@id\":\"https:\\\/\\\/www.esplac.cat\\\/#\\\/schema\\\/logo\\\/image\\\/\",\"url\":\"https:\\\/\\\/www.esplac.cat\\\/wp-content\\\/uploads\\\/2019\\\/08\\\/logox2.png\",\"contentUrl\":\"https:\\\/\\\/www.esplac.cat\\\/wp-content\\\/uploads\\\/2019\\\/08\\\/logox2.png\",\"width\":600,\"height\":295,\"caption\":\"Esplac\"},\"image\":{\"@id\":\"https:\\\/\\\/www.esplac.cat\\\/#\\\/schema\\\/logo\\\/image\\\/\"}},{\"@type\":\"Person\",\"@id\":\"https:\\\/\\\/www.esplac.cat\\\/#\\\/schema\\\/person\\\/908383cf240be18b68f8855d0583faca\",\"name\":\"Comunicaci\u00f3 Esplac\",\"image\":{\"@type\":\"ImageObject\",\"inLanguage\":\"en-US\",\"@id\":\"https:\\\/\\\/secure.gravatar.com\\\/avatar\\\/7a4cf8feb412a76ea4a740ca02d95b06b2907b5a6c648c2dd0a1082a093c3141?s=96&d=mm&r=g\",\"url\":\"https:\\\/\\\/secure.gravatar.com\\\/avatar\\\/7a4cf8feb412a76ea4a740ca02d95b06b2907b5a6c648c2dd0a1082a093c3141?s=96&d=mm&r=g\",\"contentUrl\":\"https:\\\/\\\/secure.gravatar.com\\\/avatar\\\/7a4cf8feb412a76ea4a740ca02d95b06b2907b5a6c648c2dd0a1082a093c3141?s=96&d=mm&r=g\",\"caption\":\"Comunicaci\u00f3 Esplac\"}}]}<\/script>\n<!-- \/ Yoast SEO plugin. -->","yoast_head_json":{"title":"Tota la documentaci\u00f3 aprovada a l'AGO ja est\u00e0 disponible! - Esplac","robots":{"index":"index","follow":"follow","max-snippet":"max-snippet:-1","max-image-preview":"max-image-preview:large","max-video-preview":"max-video-preview:-1"},"canonical":"https:\/\/www.esplac.cat\/tota-la-documentacio-aprovada-a-lago-ja-esta-disponible\/","og_locale":"en_US","og_type":"article","og_title":"Tota la documentaci\u00f3 aprovada a l'AGO ja est\u00e0 disponible! - Esplac","og_description":"Ja podeu accedir a tota la documentaci\u00f3 que es va [&hellip;]","og_url":"https:\/\/www.esplac.cat\/tota-la-documentacio-aprovada-a-lago-ja-esta-disponible\/","og_site_name":"Esplac","article_published_time":"2022-12-15T13:29:54+00:00","article_modified_time":"2022-12-15T15:30:31+00:00","og_image":[{"width":1694,"height":700,"url":"https:\/\/www.esplac.cat\/wp-content\/uploads\/2022\/12\/Portades-web-41.jpg","type":"image\/jpeg"}],"author":"Comunicaci\u00f3 Esplac","twitter_card":"summary_large_image","twitter_misc":{"Written by":"Comunicaci\u00f3 Esplac","Est. reading time":"3 minutes"},"schema":{"@context":"https:\/\/schema.org","@graph":[{"@type":"Article","@id":"https:\/\/www.esplac.cat\/tota-la-documentacio-aprovada-a-lago-ja-esta-disponible\/#article","isPartOf":{"@id":"https:\/\/www.esplac.cat\/tota-la-documentacio-aprovada-a-lago-ja-esta-disponible\/"},"author":{"name":"Comunicaci\u00f3 Esplac","@id":"https:\/\/www.esplac.cat\/#\/schema\/person\/908383cf240be18b68f8855d0583faca"},"headline":"Tota la documentaci\u00f3 aprovada a l&#8217;AGO ja est\u00e0 disponible!","datePublished":"2022-12-15T13:29:54+00:00","dateModified":"2022-12-15T15:30:31+00:00","mainEntityOfPage":{"@id":"https:\/\/www.esplac.cat\/tota-la-documentacio-aprovada-a-lago-ja-esta-disponible\/"},"wordCount":537,"publisher":{"@id":"https:\/\/www.esplac.cat\/#organization"},"image":{"@id":"https:\/\/www.esplac.cat\/tota-la-documentacio-aprovada-a-lago-ja-esta-disponible\/#primaryimage"},"thumbnailUrl":"https:\/\/www.esplac.cat\/wp-content\/uploads\/2022\/12\/Portades-web-41.jpg","articleSection":["Assemblea General Ordin\u00e0ria"],"inLanguage":"en-US"},{"@type":"WebPage","@id":"https:\/\/www.esplac.cat\/tota-la-documentacio-aprovada-a-lago-ja-esta-disponible\/","url":"https:\/\/www.esplac.cat\/tota-la-documentacio-aprovada-a-lago-ja-esta-disponible\/","name":"Tota la documentaci\u00f3 aprovada a l'AGO ja est\u00e0 disponible! - Esplac","isPartOf":{"@id":"https:\/\/www.esplac.cat\/#website"},"primaryImageOfPage":{"@id":"https:\/\/www.esplac.cat\/tota-la-documentacio-aprovada-a-lago-ja-esta-disponible\/#primaryimage"},"image":{"@id":"https:\/\/www.esplac.cat\/tota-la-documentacio-aprovada-a-lago-ja-esta-disponible\/#primaryimage"},"thumbnailUrl":"https:\/\/www.esplac.cat\/wp-content\/uploads\/2022\/12\/Portades-web-41.jpg","datePublished":"2022-12-15T13:29:54+00:00","dateModified":"2022-12-15T15:30:31+00:00","breadcrumb":{"@id":"https:\/\/www.esplac.cat\/tota-la-documentacio-aprovada-a-lago-ja-esta-disponible\/#breadcrumb"},"inLanguage":"en-US","potentialAction":[{"@type":"ReadAction","target":["https:\/\/www.esplac.cat\/tota-la-documentacio-aprovada-a-lago-ja-esta-disponible\/"]}]},{"@type":"ImageObject","inLanguage":"en-US","@id":"https:\/\/www.esplac.cat\/tota-la-documentacio-aprovada-a-lago-ja-esta-disponible\/#primaryimage","url":"https:\/\/www.esplac.cat\/wp-content\/uploads\/2022\/12\/Portades-web-41.jpg","contentUrl":"https:\/\/www.esplac.cat\/wp-content\/uploads\/2022\/12\/Portades-web-41.jpg","width":1694,"height":700},{"@type":"BreadcrumbList","@id":"https:\/\/www.esplac.cat\/tota-la-documentacio-aprovada-a-lago-ja-esta-disponible\/#breadcrumb","itemListElement":[{"@type":"ListItem","position":1,"name":"Inici","item":"https:\/\/www.esplac.cat\/en\/"},{"@type":"ListItem","position":2,"name":"Tota la documentaci\u00f3 aprovada a l&#8217;AGO ja est\u00e0 disponible!"}]},{"@type":"WebSite","@id":"https:\/\/www.esplac.cat\/#website","url":"https:\/\/www.esplac.cat\/","name":"Esplac","description":"Esplais Catalans","publisher":{"@id":"https:\/\/www.esplac.cat\/#organization"},"potentialAction":[{"@type":"SearchAction","target":{"@type":"EntryPoint","urlTemplate":"https:\/\/www.esplac.cat\/?s={search_term_string}"},"query-input":{"@type":"PropertyValueSpecification","valueRequired":true,"valueName":"search_term_string"}}],"inLanguage":"en-US"},{"@type":"Organization","@id":"https:\/\/www.esplac.cat\/#organization","name":"Esplac","url":"https:\/\/www.esplac.cat\/","logo":{"@type":"ImageObject","inLanguage":"en-US","@id":"https:\/\/www.esplac.cat\/#\/schema\/logo\/image\/","url":"https:\/\/www.esplac.cat\/wp-content\/uploads\/2019\/08\/logox2.png","contentUrl":"https:\/\/www.esplac.cat\/wp-content\/uploads\/2019\/08\/logox2.png","width":600,"height":295,"caption":"Esplac"},"image":{"@id":"https:\/\/www.esplac.cat\/#\/schema\/logo\/image\/"}},{"@type":"Person","@id":"https:\/\/www.esplac.cat\/#\/schema\/person\/908383cf240be18b68f8855d0583faca","name":"Comunicaci\u00f3 Esplac","image":{"@type":"ImageObject","inLanguage":"en-US","@id":"https:\/\/secure.gravatar.com\/avatar\/7a4cf8feb412a76ea4a740ca02d95b06b2907b5a6c648c2dd0a1082a093c3141?s=96&d=mm&r=g","url":"https:\/\/secure.gravatar.com\/avatar\/7a4cf8feb412a76ea4a740ca02d95b06b2907b5a6c648c2dd0a1082a093c3141?s=96&d=mm&r=g","contentUrl":"https:\/\/secure.gravatar.com\/avatar\/7a4cf8feb412a76ea4a740ca02d95b06b2907b5a6c648c2dd0a1082a093c3141?s=96&d=mm&r=g","caption":"Comunicaci\u00f3 Esplac"}}]}},"_links":{"self":[{"href":"https:\/\/www.esplac.cat\/en\/wp-json\/wp\/v2\/posts\/42505","targetHints":{"allow":["GET"]}}],"collection":[{"href":"https:\/\/www.esplac.cat\/en\/wp-json\/wp\/v2\/posts"}],"about":[{"href":"https:\/\/www.esplac.cat\/en\/wp-json\/wp\/v2\/types\/post"}],"author":[{"embeddable":true,"href":"https:\/\/www.esplac.cat\/en\/wp-json\/wp\/v2\/users\/3"}],"replies":[{"embeddable":true,"href":"https:\/\/www.esplac.cat\/en\/wp-json\/wp\/v2\/comments?post=42505"}],"version-history":[{"count":0,"href":"https:\/\/www.esplac.cat\/en\/wp-json\/wp\/v2\/posts\/42505\/revisions"}],"wp:featuredmedia":[{"embeddable":true,"href":"https:\/\/www.esplac.cat\/en\/wp-json\/wp\/v2\/media\/42517"}],"wp:attachment":[{"href":"https:\/\/www.esplac.cat\/en\/wp-json\/wp\/v2\/media?parent=42505"}],"wp:term":[{"taxonomy":"category","embeddable":true,"href":"https:\/\/www.esplac.cat\/en\/wp-json\/wp\/v2\/categories?post=42505"},{"taxonomy":"post_tag","embeddable":true,"href":"https:\/\/www.esplac.cat\/en\/wp-json\/wp\/v2\/tags?post=42505"}],"curies":[{"name":"wp","href":"https:\/\/api.w.org\/{rel}","templated":true}]}}