{"id":42896,"date":"2023-01-23T13:44:30","date_gmt":"2023-01-23T11:44:30","guid":{"rendered":"https:\/\/www.esplac.cat\/?p=42896"},"modified":"2023-01-23T14:20:02","modified_gmt":"2023-01-23T12:20:02","slug":"paidocentrisme-esplai-posem-linfant-centre","status":"publish","type":"post","link":"https:\/\/www.esplac.cat\/en\/paidocentrisme-esplai-posem-linfant-centre\/","title":{"rendered":"Paidocentrsime: A l&#8217;esplai posem l\u2019infant al centre"},"content":{"rendered":"<h6 style=\"text-align: center;\"><span style=\"color: #f69d0b;\"><b>Escola d\u2019Esplac 2023: 25 i 26 de febrer<\/b><\/span><\/h6>\n<p><span style=\"font-weight: 400;\">Els esplais d\u2019Esplac fa anys que lluitem per tenir una mirada menys adultcentrista, \u00e9s per aix\u00f2 que considerem important <\/span><b>incorporar a la nostra mirada el terme <\/b><b><i>paidocentrisme<\/i><\/b><b>, <\/b>donant aix\u00ed un enfocament positiu de la situaci\u00f3 en la qual es troben i ens trobem infants i joves dins la societat actual:<b> una societat que sovint no ens t\u00e9 en compte i no ens escolta<\/b><span style=\"font-weight: 400;\">.\u00a0<\/span><\/p>\n<p><span style=\"font-weight: 400;\">En els \u00faltims cursos hem posat en valor la <strong>veu d\u2019infants i joves<\/strong>, aix\u00ed com tamb\u00e9m hem reflexionat sobre com eduquem a l\u2019esplai: durant l\u2019<span style=\"color: #f69d0b;\"><a style=\"color: #f69d0b;\" href=\"https:\/\/www.esplac.cat\/lesplaiada-es-posiciona-amb-record-de-participacio-3-000-persones-reivindiquen-la-veu-dels-infants\/\" target=\"_blank\" rel=\"noopener\"><strong>Esplaiada<\/strong><\/a><\/span> sota el lema \u201cLa veu d\u2019un infant \u00e9s m\u00e9s gran que un elefant\u201d, amb el nou projecte \u201cParticipaci\u00f3 d\u2019Infants i Joves\u201d i fins i tot als vermuts pedag\u00f2gics de la comissi\u00f3 L\u00ednies Pedag\u00f2giques.\u00a0<\/span><\/p>\n<p><span style=\"font-weight: 400;\">Si busquem al diccionari qu\u00e8 \u00e9s el paidocentrisme hi trobarem la seg\u00fcent definici\u00f3: <\/span><b><i>Doctrina educativa que dona la m\u00e0xima consideraci\u00f3 a l\u2019infant<\/i><\/b><i><span style=\"font-weight: 400;\">.<\/span><\/i><span style=\"font-weight: 400;\"> Entenem que donar la m\u00e0xima consideraci\u00f3 a l\u2019infant passa perqu\u00e8 l\u2019<\/span><b>infant participi i prengui decisions envers l\u2019aprenentatge<\/b><span style=\"font-weight: 400;\">. I \u00e9s per aix\u00f2 que \u201cposar l\u2019infant al centre\u201d no t\u00e9 cap sentit si no parlem tamb\u00e9 de participaci\u00f3 infantil.\u00a0<\/span><\/p>\n<p><span style=\"font-weight: 400;\">En aquesta edici\u00f3 de l\u2019<span style=\"color: #f69d0b;\"><strong><a style=\"color: #f69d0b;\" href=\"https:\/\/www.esplac.cat\/formacions\/escola-desplac\/\" target=\"_blank\" rel=\"noopener\">Escola d\u2019Esplac<\/a><\/strong><\/span> volem continuar formant-nos en la mirada paidocentrista per poder incorporar aquest discurs als esplais, q\u00fcestionant quines limitacions tenim, per seguir treballant per la transformaci\u00f3 social.<\/span><\/p>\n<p><span style=\"font-weight: 400;\">Algunes preguntes que ens hem anat fent durant la preparaci\u00f3 de l\u2019Escola d\u2019Esplac s\u00f3n:<\/span><\/p>\n<ul>\n<li style=\"font-weight: 400;\" aria-level=\"1\"><span style=\"font-weight: 400;\">Amb quines limitacions ens trobem quan incorporem la mirada paidoc\u00e8ntrica a l\u2019esplai?<\/span><\/li>\n<li style=\"font-weight: 400;\" aria-level=\"1\"><span style=\"font-weight: 400;\">Sempre s\u2019han de posar infants i joves al centre?<\/span><\/li>\n<li style=\"font-weight: 400;\" aria-level=\"1\"><span style=\"font-weight: 400;\">Com treballem all\u00f2 que no est\u00e0 dins les necessitats o interessos dels infants?<\/span><\/li>\n<li style=\"font-weight: 400;\" aria-level=\"1\"><span style=\"font-weight: 400;\">Qui posa els l\u00edmits i quina gesti\u00f3 en fem quan posem la inf\u00e0ncia al centre?<\/span><\/li>\n<li style=\"font-weight: 400;\" aria-level=\"1\"><span style=\"font-weight: 400;\">Quin encaix t\u00e9 l\u2019aprenentatge col\u00b7lectiu dins el paidocentrisme?<\/span><\/li>\n<\/ul>\n<p><span style=\"font-weight: 400;\">Si tens ganes de donar resposta a aquestes preguntes i aprofundir en el tema, <strong>encara ets a temps d\u2019inscriure\u2019t a l\u2019Escola d\u2019Esplac<\/strong> a trav\u00e9s d&#8217;<a href=\"https:\/\/www.esplac.cat\/formacions\/escola-desplac\/\" target=\"_blank\" rel=\"noopener\"><strong><span style=\"color: #f69d0b;\">aquest enlla\u00e7<\/span><\/strong><\/a>. Tens fins al 5 de febrer!<\/span><\/p>\n<p><em>Article redactat per l&#8217;Equip de Coordinaci\u00f3 d&#8217;Esplac.<\/em><\/p>\n","protected":false},"excerpt":{"rendered":"<p>Escola d\u2019Esplac 2023: 25 i 26 de febrer Els esplais [&hellip;]<\/p>\n","protected":false},"author":3,"featured_media":42897,"comment_status":"closed","ping_status":"closed","sticky":false,"template":"","format":"standard","meta":{"om_disable_all_campaigns":false,"_monsterinsights_skip_tracking":false,"_monsterinsights_sitenote_active":false,"_monsterinsights_sitenote_note":"","_monsterinsights_sitenote_category":0,"_uf_show_specific_survey":0,"_uf_disable_surveys":false,"footnotes":""},"categories":[1129,1],"tags":[],"class_list":["post-42896","post","type-post","status-publish","format-standard","has-post-thumbnail","hentry","category-escola-desplac","category-sense-categoria"],"yoast_head":"<!-- This site is optimized with the Yoast SEO plugin v27.4 - https:\/\/yoast.com\/product\/yoast-seo-wordpress\/ -->\n<title>Paidocentrsime: A l&#039;esplai posem l\u2019infant al centre - Esplac<\/title>\n<meta name=\"description\" content=\"A l\u2019Escola d\u2019Esplac volem formar-nos en la mirada paidocentrista per poder incorporar aquest discurs als esplais.\" \/>\n<meta name=\"robots\" content=\"index, follow, max-snippet:-1, max-image-preview:large, max-video-preview:-1\" \/>\n<link rel=\"canonical\" href=\"https:\/\/www.esplac.cat\/paidocentrisme-esplai-posem-linfant-centre\/\" \/>\n<meta property=\"og:locale\" content=\"en_US\" \/>\n<meta property=\"og:type\" content=\"article\" \/>\n<meta property=\"og:title\" content=\"Paidocentrsime: A l&#039;esplai posem l\u2019infant al centre - Esplac\" \/>\n<meta property=\"og:description\" content=\"A l\u2019Escola d\u2019Esplac volem formar-nos en la mirada paidocentrista per poder incorporar aquest discurs als esplais.\" \/>\n<meta property=\"og:url\" content=\"https:\/\/www.esplac.cat\/paidocentrisme-esplai-posem-linfant-centre\/\" \/>\n<meta property=\"og:site_name\" content=\"Esplac\" \/>\n<meta property=\"article:published_time\" content=\"2023-01-23T11:44:30+00:00\" \/>\n<meta property=\"article:modified_time\" content=\"2023-01-23T12:20:02+00:00\" \/>\n<meta property=\"og:image\" content=\"https:\/\/www.esplac.cat\/wp-content\/uploads\/2023\/01\/Portades-Web-3.jpg\" \/>\n\t<meta property=\"og:image:width\" content=\"1697\" \/>\n\t<meta property=\"og:image:height\" content=\"700\" \/>\n\t<meta property=\"og:image:type\" content=\"image\/jpeg\" \/>\n<meta name=\"author\" content=\"Comunicaci\u00f3 Esplac\" \/>\n<meta name=\"twitter:card\" content=\"summary_large_image\" \/>\n<meta name=\"twitter:label1\" content=\"Written by\" \/>\n\t<meta name=\"twitter:data1\" content=\"Comunicaci\u00f3 Esplac\" \/>\n\t<meta name=\"twitter:label2\" content=\"Est. reading time\" \/>\n\t<meta name=\"twitter:data2\" content=\"2 minutes\" \/>\n<script type=\"application\/ld+json\" class=\"yoast-schema-graph\">{\"@context\":\"https:\\\/\\\/schema.org\",\"@graph\":[{\"@type\":\"Article\",\"@id\":\"https:\\\/\\\/www.esplac.cat\\\/paidocentrisme-esplai-posem-linfant-centre\\\/#article\",\"isPartOf\":{\"@id\":\"https:\\\/\\\/www.esplac.cat\\\/paidocentrisme-esplai-posem-linfant-centre\\\/\"},\"author\":{\"name\":\"Comunicaci\u00f3 Esplac\",\"@id\":\"https:\\\/\\\/www.esplac.cat\\\/#\\\/schema\\\/person\\\/908383cf240be18b68f8855d0583faca\"},\"headline\":\"Paidocentrsime: A l&#8217;esplai posem l\u2019infant al centre\",\"datePublished\":\"2023-01-23T11:44:30+00:00\",\"dateModified\":\"2023-01-23T12:20:02+00:00\",\"mainEntityOfPage\":{\"@id\":\"https:\\\/\\\/www.esplac.cat\\\/paidocentrisme-esplai-posem-linfant-centre\\\/\"},\"wordCount\":375,\"publisher\":{\"@id\":\"https:\\\/\\\/www.esplac.cat\\\/#organization\"},\"image\":{\"@id\":\"https:\\\/\\\/www.esplac.cat\\\/paidocentrisme-esplai-posem-linfant-centre\\\/#primaryimage\"},\"thumbnailUrl\":\"https:\\\/\\\/www.esplac.cat\\\/wp-content\\\/uploads\\\/2023\\\/01\\\/Portades-Web-3.jpg\",\"articleSection\":[\"Escola d'Esplac\",\"Sense categoria\"],\"inLanguage\":\"en-US\"},{\"@type\":\"WebPage\",\"@id\":\"https:\\\/\\\/www.esplac.cat\\\/paidocentrisme-esplai-posem-linfant-centre\\\/\",\"url\":\"https:\\\/\\\/www.esplac.cat\\\/paidocentrisme-esplai-posem-linfant-centre\\\/\",\"name\":\"Paidocentrsime: A l'esplai posem l\u2019infant al centre - Esplac\",\"isPartOf\":{\"@id\":\"https:\\\/\\\/www.esplac.cat\\\/#website\"},\"primaryImageOfPage\":{\"@id\":\"https:\\\/\\\/www.esplac.cat\\\/paidocentrisme-esplai-posem-linfant-centre\\\/#primaryimage\"},\"image\":{\"@id\":\"https:\\\/\\\/www.esplac.cat\\\/paidocentrisme-esplai-posem-linfant-centre\\\/#primaryimage\"},\"thumbnailUrl\":\"https:\\\/\\\/www.esplac.cat\\\/wp-content\\\/uploads\\\/2023\\\/01\\\/Portades-Web-3.jpg\",\"datePublished\":\"2023-01-23T11:44:30+00:00\",\"dateModified\":\"2023-01-23T12:20:02+00:00\",\"description\":\"A l\u2019Escola d\u2019Esplac volem formar-nos en la mirada paidocentrista per poder incorporar aquest discurs als esplais.\",\"breadcrumb\":{\"@id\":\"https:\\\/\\\/www.esplac.cat\\\/paidocentrisme-esplai-posem-linfant-centre\\\/#breadcrumb\"},\"inLanguage\":\"en-US\",\"potentialAction\":[{\"@type\":\"ReadAction\",\"target\":[\"https:\\\/\\\/www.esplac.cat\\\/paidocentrisme-esplai-posem-linfant-centre\\\/\"]}]},{\"@type\":\"ImageObject\",\"inLanguage\":\"en-US\",\"@id\":\"https:\\\/\\\/www.esplac.cat\\\/paidocentrisme-esplai-posem-linfant-centre\\\/#primaryimage\",\"url\":\"https:\\\/\\\/www.esplac.cat\\\/wp-content\\\/uploads\\\/2023\\\/01\\\/Portades-Web-3.jpg\",\"contentUrl\":\"https:\\\/\\\/www.esplac.cat\\\/wp-content\\\/uploads\\\/2023\\\/01\\\/Portades-Web-3.jpg\",\"width\":1697,\"height\":700,\"caption\":\"Esplai Paidocentrisme Escola Esplac\"},{\"@type\":\"BreadcrumbList\",\"@id\":\"https:\\\/\\\/www.esplac.cat\\\/paidocentrisme-esplai-posem-linfant-centre\\\/#breadcrumb\",\"itemListElement\":[{\"@type\":\"ListItem\",\"position\":1,\"name\":\"Inici\",\"item\":\"https:\\\/\\\/www.esplac.cat\\\/en\\\/\"},{\"@type\":\"ListItem\",\"position\":2,\"name\":\"Paidocentrsime: A l&#8217;esplai posem l\u2019infant al centre\"}]},{\"@type\":\"WebSite\",\"@id\":\"https:\\\/\\\/www.esplac.cat\\\/#website\",\"url\":\"https:\\\/\\\/www.esplac.cat\\\/\",\"name\":\"Esplac\",\"description\":\"Esplais Catalans\",\"publisher\":{\"@id\":\"https:\\\/\\\/www.esplac.cat\\\/#organization\"},\"potentialAction\":[{\"@type\":\"SearchAction\",\"target\":{\"@type\":\"EntryPoint\",\"urlTemplate\":\"https:\\\/\\\/www.esplac.cat\\\/?s={search_term_string}\"},\"query-input\":{\"@type\":\"PropertyValueSpecification\",\"valueRequired\":true,\"valueName\":\"search_term_string\"}}],\"inLanguage\":\"en-US\"},{\"@type\":\"Organization\",\"@id\":\"https:\\\/\\\/www.esplac.cat\\\/#organization\",\"name\":\"Esplac\",\"url\":\"https:\\\/\\\/www.esplac.cat\\\/\",\"logo\":{\"@type\":\"ImageObject\",\"inLanguage\":\"en-US\",\"@id\":\"https:\\\/\\\/www.esplac.cat\\\/#\\\/schema\\\/logo\\\/image\\\/\",\"url\":\"https:\\\/\\\/www.esplac.cat\\\/wp-content\\\/uploads\\\/2019\\\/08\\\/logox2.png\",\"contentUrl\":\"https:\\\/\\\/www.esplac.cat\\\/wp-content\\\/uploads\\\/2019\\\/08\\\/logox2.png\",\"width\":600,\"height\":295,\"caption\":\"Esplac\"},\"image\":{\"@id\":\"https:\\\/\\\/www.esplac.cat\\\/#\\\/schema\\\/logo\\\/image\\\/\"}},{\"@type\":\"Person\",\"@id\":\"https:\\\/\\\/www.esplac.cat\\\/#\\\/schema\\\/person\\\/908383cf240be18b68f8855d0583faca\",\"name\":\"Comunicaci\u00f3 Esplac\",\"image\":{\"@type\":\"ImageObject\",\"inLanguage\":\"en-US\",\"@id\":\"https:\\\/\\\/secure.gravatar.com\\\/avatar\\\/7a4cf8feb412a76ea4a740ca02d95b06b2907b5a6c648c2dd0a1082a093c3141?s=96&d=mm&r=g\",\"url\":\"https:\\\/\\\/secure.gravatar.com\\\/avatar\\\/7a4cf8feb412a76ea4a740ca02d95b06b2907b5a6c648c2dd0a1082a093c3141?s=96&d=mm&r=g\",\"contentUrl\":\"https:\\\/\\\/secure.gravatar.com\\\/avatar\\\/7a4cf8feb412a76ea4a740ca02d95b06b2907b5a6c648c2dd0a1082a093c3141?s=96&d=mm&r=g\",\"caption\":\"Comunicaci\u00f3 Esplac\"}}]}<\/script>\n<!-- \/ Yoast SEO plugin. -->","yoast_head_json":{"title":"Paidocentrsime: A l'esplai posem l\u2019infant al centre - Esplac","description":"A l\u2019Escola d\u2019Esplac volem formar-nos en la mirada paidocentrista per poder incorporar aquest discurs als esplais.","robots":{"index":"index","follow":"follow","max-snippet":"max-snippet:-1","max-image-preview":"max-image-preview:large","max-video-preview":"max-video-preview:-1"},"canonical":"https:\/\/www.esplac.cat\/paidocentrisme-esplai-posem-linfant-centre\/","og_locale":"en_US","og_type":"article","og_title":"Paidocentrsime: A l'esplai posem l\u2019infant al centre - Esplac","og_description":"A l\u2019Escola d\u2019Esplac volem formar-nos en la mirada paidocentrista per poder incorporar aquest discurs als esplais.","og_url":"https:\/\/www.esplac.cat\/paidocentrisme-esplai-posem-linfant-centre\/","og_site_name":"Esplac","article_published_time":"2023-01-23T11:44:30+00:00","article_modified_time":"2023-01-23T12:20:02+00:00","og_image":[{"width":1697,"height":700,"url":"https:\/\/www.esplac.cat\/wp-content\/uploads\/2023\/01\/Portades-Web-3.jpg","type":"image\/jpeg"}],"author":"Comunicaci\u00f3 Esplac","twitter_card":"summary_large_image","twitter_misc":{"Written by":"Comunicaci\u00f3 Esplac","Est. reading time":"2 minutes"},"schema":{"@context":"https:\/\/schema.org","@graph":[{"@type":"Article","@id":"https:\/\/www.esplac.cat\/paidocentrisme-esplai-posem-linfant-centre\/#article","isPartOf":{"@id":"https:\/\/www.esplac.cat\/paidocentrisme-esplai-posem-linfant-centre\/"},"author":{"name":"Comunicaci\u00f3 Esplac","@id":"https:\/\/www.esplac.cat\/#\/schema\/person\/908383cf240be18b68f8855d0583faca"},"headline":"Paidocentrsime: A l&#8217;esplai posem l\u2019infant al centre","datePublished":"2023-01-23T11:44:30+00:00","dateModified":"2023-01-23T12:20:02+00:00","mainEntityOfPage":{"@id":"https:\/\/www.esplac.cat\/paidocentrisme-esplai-posem-linfant-centre\/"},"wordCount":375,"publisher":{"@id":"https:\/\/www.esplac.cat\/#organization"},"image":{"@id":"https:\/\/www.esplac.cat\/paidocentrisme-esplai-posem-linfant-centre\/#primaryimage"},"thumbnailUrl":"https:\/\/www.esplac.cat\/wp-content\/uploads\/2023\/01\/Portades-Web-3.jpg","articleSection":["Escola d'Esplac","Sense categoria"],"inLanguage":"en-US"},{"@type":"WebPage","@id":"https:\/\/www.esplac.cat\/paidocentrisme-esplai-posem-linfant-centre\/","url":"https:\/\/www.esplac.cat\/paidocentrisme-esplai-posem-linfant-centre\/","name":"Paidocentrsime: A l'esplai posem l\u2019infant al centre - Esplac","isPartOf":{"@id":"https:\/\/www.esplac.cat\/#website"},"primaryImageOfPage":{"@id":"https:\/\/www.esplac.cat\/paidocentrisme-esplai-posem-linfant-centre\/#primaryimage"},"image":{"@id":"https:\/\/www.esplac.cat\/paidocentrisme-esplai-posem-linfant-centre\/#primaryimage"},"thumbnailUrl":"https:\/\/www.esplac.cat\/wp-content\/uploads\/2023\/01\/Portades-Web-3.jpg","datePublished":"2023-01-23T11:44:30+00:00","dateModified":"2023-01-23T12:20:02+00:00","description":"A l\u2019Escola d\u2019Esplac volem formar-nos en la mirada paidocentrista per poder incorporar aquest discurs als esplais.","breadcrumb":{"@id":"https:\/\/www.esplac.cat\/paidocentrisme-esplai-posem-linfant-centre\/#breadcrumb"},"inLanguage":"en-US","potentialAction":[{"@type":"ReadAction","target":["https:\/\/www.esplac.cat\/paidocentrisme-esplai-posem-linfant-centre\/"]}]},{"@type":"ImageObject","inLanguage":"en-US","@id":"https:\/\/www.esplac.cat\/paidocentrisme-esplai-posem-linfant-centre\/#primaryimage","url":"https:\/\/www.esplac.cat\/wp-content\/uploads\/2023\/01\/Portades-Web-3.jpg","contentUrl":"https:\/\/www.esplac.cat\/wp-content\/uploads\/2023\/01\/Portades-Web-3.jpg","width":1697,"height":700,"caption":"Esplai Paidocentrisme Escola Esplac"},{"@type":"BreadcrumbList","@id":"https:\/\/www.esplac.cat\/paidocentrisme-esplai-posem-linfant-centre\/#breadcrumb","itemListElement":[{"@type":"ListItem","position":1,"name":"Inici","item":"https:\/\/www.esplac.cat\/en\/"},{"@type":"ListItem","position":2,"name":"Paidocentrsime: A l&#8217;esplai posem l\u2019infant al centre"}]},{"@type":"WebSite","@id":"https:\/\/www.esplac.cat\/#website","url":"https:\/\/www.esplac.cat\/","name":"Esplac","description":"Esplais Catalans","publisher":{"@id":"https:\/\/www.esplac.cat\/#organization"},"potentialAction":[{"@type":"SearchAction","target":{"@type":"EntryPoint","urlTemplate":"https:\/\/www.esplac.cat\/?s={search_term_string}"},"query-input":{"@type":"PropertyValueSpecification","valueRequired":true,"valueName":"search_term_string"}}],"inLanguage":"en-US"},{"@type":"Organization","@id":"https:\/\/www.esplac.cat\/#organization","name":"Esplac","url":"https:\/\/www.esplac.cat\/","logo":{"@type":"ImageObject","inLanguage":"en-US","@id":"https:\/\/www.esplac.cat\/#\/schema\/logo\/image\/","url":"https:\/\/www.esplac.cat\/wp-content\/uploads\/2019\/08\/logox2.png","contentUrl":"https:\/\/www.esplac.cat\/wp-content\/uploads\/2019\/08\/logox2.png","width":600,"height":295,"caption":"Esplac"},"image":{"@id":"https:\/\/www.esplac.cat\/#\/schema\/logo\/image\/"}},{"@type":"Person","@id":"https:\/\/www.esplac.cat\/#\/schema\/person\/908383cf240be18b68f8855d0583faca","name":"Comunicaci\u00f3 Esplac","image":{"@type":"ImageObject","inLanguage":"en-US","@id":"https:\/\/secure.gravatar.com\/avatar\/7a4cf8feb412a76ea4a740ca02d95b06b2907b5a6c648c2dd0a1082a093c3141?s=96&d=mm&r=g","url":"https:\/\/secure.gravatar.com\/avatar\/7a4cf8feb412a76ea4a740ca02d95b06b2907b5a6c648c2dd0a1082a093c3141?s=96&d=mm&r=g","contentUrl":"https:\/\/secure.gravatar.com\/avatar\/7a4cf8feb412a76ea4a740ca02d95b06b2907b5a6c648c2dd0a1082a093c3141?s=96&d=mm&r=g","caption":"Comunicaci\u00f3 Esplac"}}]}},"_links":{"self":[{"href":"https:\/\/www.esplac.cat\/en\/wp-json\/wp\/v2\/posts\/42896","targetHints":{"allow":["GET"]}}],"collection":[{"href":"https:\/\/www.esplac.cat\/en\/wp-json\/wp\/v2\/posts"}],"about":[{"href":"https:\/\/www.esplac.cat\/en\/wp-json\/wp\/v2\/types\/post"}],"author":[{"embeddable":true,"href":"https:\/\/www.esplac.cat\/en\/wp-json\/wp\/v2\/users\/3"}],"replies":[{"embeddable":true,"href":"https:\/\/www.esplac.cat\/en\/wp-json\/wp\/v2\/comments?post=42896"}],"version-history":[{"count":0,"href":"https:\/\/www.esplac.cat\/en\/wp-json\/wp\/v2\/posts\/42896\/revisions"}],"wp:featuredmedia":[{"embeddable":true,"href":"https:\/\/www.esplac.cat\/en\/wp-json\/wp\/v2\/media\/42897"}],"wp:attachment":[{"href":"https:\/\/www.esplac.cat\/en\/wp-json\/wp\/v2\/media?parent=42896"}],"wp:term":[{"taxonomy":"category","embeddable":true,"href":"https:\/\/www.esplac.cat\/en\/wp-json\/wp\/v2\/categories?post=42896"},{"taxonomy":"post_tag","embeddable":true,"href":"https:\/\/www.esplac.cat\/en\/wp-json\/wp\/v2\/tags?post=42896"}],"curies":[{"name":"wp","href":"https:\/\/api.w.org\/{rel}","templated":true}]}}