{"id":43126,"date":"2023-01-23T12:00:32","date_gmt":"2023-01-23T10:00:32","guid":{"rendered":"https:\/\/www.esplac.cat\/?p=43126"},"modified":"2023-01-31T13:41:40","modified_gmt":"2023-01-31T11:41:40","slug":"trobada-infants-joves-valles-oriental","status":"publish","type":"post","link":"https:\/\/www.esplac.cat\/en\/trobada-infants-joves-valles-oriental\/","title":{"rendered":"\u00c8xit de participaci\u00f3 a la Trobada d\u2019Infants i Joves del Vall\u00e8s Oriental"},"content":{"rendered":"<h6><span style=\"font-weight: 600;\">Es recupera la regularitat de l\u2019activitat amb m\u00e9s participaci\u00f3 de l\u2019any al Vall\u00e8s Oriental, amb m\u00e9s forces que mai i amb la participaci\u00f3 de tots els esplais del Sector.<\/span><\/h6>\n<p><span style=\"font-weight: 300;\">El cap de setmana del 21 i 22 de gener, <\/span><b>m\u00e9s de 300 infants i joves i m\u00e9s de 90 monitores i monitors dels esplais del sector Vall\u00e8s Oriental<\/b><span style=\"font-weight: 300;\"> s\u2019han trobat a l\u2019escola <span style=\"color: #f69d0b;\"><a style=\"color: #f69d0b;\" href=\"https:\/\/www.palauplegamans.cat\/pl5\/descobrir\/equipament\/id26\/ceip-can-cladellas.htm\" target=\"_blank\" rel=\"noopener\"><strong>Can Cladellas<\/strong><\/a><\/span> i a l\u2019<span style=\"color: #f69d0b;\"><strong><a style=\"color: #f69d0b;\" href=\"https:\/\/www.palauplegamans.cat\/pl5\/descobrir\/equipament\/id22\/espai-jove-escorxador.htm\" target=\"_blank\" rel=\"noopener\">Espai Jove l\u2019Escorxador<\/a><\/strong><\/span> del municipi de Palau-solit\u00e0 i Plegamans.<\/span><\/p>\n<p><span style=\"font-weight: 300;\">Despr\u00e9s d\u2019uns mesos de preparaci\u00f3 s\u2019ha realitzat finalment l\u2019activitat m\u00e9s forta de l\u2019any, on hi han participat infants i monitores i monitors dels esplais Bruixes i Bruixots, El Bot\u00f3, El Refugi, GEPA, Guai i Santa Eul\u00e0lia, juntament amb totes les membres de l\u2019Equip General del Sector.<\/span><\/p>\n<p><span style=\"font-weight: 300;\">La trobada ha comen\u00e7at el dissabte 21 de gener a l\u2019escola Can Cladellas, on s\u2019ha passat a l\u2019acci\u00f3 realitzant un seguit de <\/span><b>jocs i din\u00e0miques per tal d\u2019establir un primer contacte entre les participants<\/b><span style=\"font-weight: 300;\">. Durant tot el cap de setmana han pogut compartir espais per jugar i aprendre al voltant d\u2019un centre d\u2019inter\u00e8s dinamitzat per les monitores del <a href=\"https:\/\/www.esplac.cat\/sectors-geografics\/valles-oriental\/\" target=\"_blank\" rel=\"noopener\"><strong><span style=\"color: #f69d0b;\">Sector.<\/span><\/strong><\/a>\u00a0<\/span><\/p>\n<p><span style=\"font-weight: 300;\">Les joves es van despla\u00e7ar cap a l\u2019Escorxador on <\/span><b>van poder escollir un seguit de formacions<\/b><span style=\"font-weight: 300;\"> (teatre, autodefensa, educaci\u00f3 emocional i m\u00e9s), dinamitzades per les monitores i monitors dels esplais, de les quals van gaudir tota la tarda.<\/span><\/p>\n<p><span style=\"font-weight: 300;\">L\u2019activitat va culminar amb una <\/span><b>fideu\u00e0 col\u00b7lectiva<\/b><span style=\"font-weight: 300;\"> al pati de l\u2019escola i una valoraci\u00f3 conjunta de l\u2019estada. <\/span><b>Participants i monitores i monitors han valorat molt positivament poder seguir realitzant aquesta activitat per consolidar el Sector any rere any.<\/b><span style=\"font-weight: 300;\"> Ja pensen en retrobar-se a la propera activitat d&#8217;aqu\u00ed a unes setmanes\u2026 la<\/span><b> Monitrobada<\/b><span style=\"font-weight: 300;\">!<\/span><\/p>\n\n\t\t<style type=\"text\/css\">\n\t\t\t#gallery-1 {\n\t\t\t\tmargin: auto;\n\t\t\t}\n\t\t\t#gallery-1 .gallery-item {\n\t\t\t\tfloat: left;\n\t\t\t\tmargin-top: 10px;\n\t\t\t\ttext-align: center;\n\t\t\t\twidth: 50%;\n\t\t\t}\n\t\t\t#gallery-1 img {\n\t\t\t\tborder: 2px solid #cfcfcf;\n\t\t\t}\n\t\t\t#gallery-1 .gallery-caption {\n\t\t\t\tmargin-left: 0;\n\t\t\t}\n\t\t\t\/* see gallery_shortcode() in wp-includes\/media.php *\/\n\t\t<\/style>\n\t\t<div id='gallery-1' class='gallery galleryid-43126 gallery-columns-2 gallery-size-fusion-600'><dl class='gallery-item'>\n\t\t\t<dt class='gallery-icon landscape'>\n\t\t\t\t<a data-rel=\"iLightbox[postimages]\" data-title=\"1\" data-caption=\"\" href='https:\/\/www.esplac.cat\/en\/1-26-2\/'><img decoding=\"async\" width=\"600\" height=\"600\" src=\"https:\/\/www.esplac.cat\/wp-content\/uploads\/2023\/01\/1-600x600.jpg\" class=\"attachment-fusion-600 size-fusion-600\" alt=\"Trobada d&#039;Infants i Joves Vall\u00e8s Oriental\" srcset=\"https:\/\/www.esplac.cat\/wp-content\/uploads\/2023\/01\/1-66x66.jpg 66w, https:\/\/www.esplac.cat\/wp-content\/uploads\/2023\/01\/1-150x150.jpg 150w, https:\/\/www.esplac.cat\/wp-content\/uploads\/2023\/01\/1-200x200.jpg 200w, https:\/\/www.esplac.cat\/wp-content\/uploads\/2023\/01\/1-300x300.jpg 300w, https:\/\/www.esplac.cat\/wp-content\/uploads\/2023\/01\/1-400x400.jpg 400w, https:\/\/www.esplac.cat\/wp-content\/uploads\/2023\/01\/1-600x600.jpg 600w, https:\/\/www.esplac.cat\/wp-content\/uploads\/2023\/01\/1-768x768.jpg 768w, https:\/\/www.esplac.cat\/wp-content\/uploads\/2023\/01\/1-800x800.jpg 800w, https:\/\/www.esplac.cat\/wp-content\/uploads\/2023\/01\/1-1024x1024.jpg 1024w, https:\/\/www.esplac.cat\/wp-content\/uploads\/2023\/01\/1.jpg 1080w\" sizes=\"(max-width: 600px) 100vw, 600px\" \/><\/a>\n\t\t\t<\/dt><\/dl><dl class='gallery-item'>\n\t\t\t<dt class='gallery-icon landscape'>\n\t\t\t\t<a data-rel=\"iLightbox[postimages]\" data-title=\"3\" data-caption=\"\" href='https:\/\/www.esplac.cat\/en\/3-17-2\/'><img decoding=\"async\" width=\"600\" height=\"600\" src=\"https:\/\/www.esplac.cat\/wp-content\/uploads\/2023\/01\/3-1-600x600.jpg\" class=\"attachment-fusion-600 size-fusion-600\" alt=\"Trobada d&#039;Infants i Joves Vall\u00e8s Oriental\" srcset=\"https:\/\/www.esplac.cat\/wp-content\/uploads\/2023\/01\/3-1-66x66.jpg 66w, https:\/\/www.esplac.cat\/wp-content\/uploads\/2023\/01\/3-1-150x150.jpg 150w, https:\/\/www.esplac.cat\/wp-content\/uploads\/2023\/01\/3-1-200x200.jpg 200w, https:\/\/www.esplac.cat\/wp-content\/uploads\/2023\/01\/3-1-300x300.jpg 300w, https:\/\/www.esplac.cat\/wp-content\/uploads\/2023\/01\/3-1-400x400.jpg 400w, https:\/\/www.esplac.cat\/wp-content\/uploads\/2023\/01\/3-1-600x600.jpg 600w, https:\/\/www.esplac.cat\/wp-content\/uploads\/2023\/01\/3-1-768x768.jpg 768w, https:\/\/www.esplac.cat\/wp-content\/uploads\/2023\/01\/3-1-800x800.jpg 800w, https:\/\/www.esplac.cat\/wp-content\/uploads\/2023\/01\/3-1-1024x1024.jpg 1024w, https:\/\/www.esplac.cat\/wp-content\/uploads\/2023\/01\/3-1.jpg 1080w\" sizes=\"(max-width: 600px) 100vw, 600px\" \/><\/a>\n\t\t\t<\/dt><\/dl><br style=\"clear: both\" \/><dl class='gallery-item'>\n\t\t\t<dt class='gallery-icon landscape'>\n\t\t\t\t<a data-rel=\"iLightbox[postimages]\" data-title=\"4\" data-caption=\"\" href='https:\/\/www.esplac.cat\/en\/4-12-2\/'><img decoding=\"async\" width=\"600\" height=\"600\" src=\"https:\/\/www.esplac.cat\/wp-content\/uploads\/2023\/01\/4-5-600x600.jpg\" class=\"attachment-fusion-600 size-fusion-600\" alt=\"Trobada d&#039;Infants i Joves Vall\u00e8s Oriental\" srcset=\"https:\/\/www.esplac.cat\/wp-content\/uploads\/2023\/01\/4-5-66x66.jpg 66w, https:\/\/www.esplac.cat\/wp-content\/uploads\/2023\/01\/4-5-150x150.jpg 150w, https:\/\/www.esplac.cat\/wp-content\/uploads\/2023\/01\/4-5-200x200.jpg 200w, https:\/\/www.esplac.cat\/wp-content\/uploads\/2023\/01\/4-5-300x300.jpg 300w, https:\/\/www.esplac.cat\/wp-content\/uploads\/2023\/01\/4-5-400x400.jpg 400w, https:\/\/www.esplac.cat\/wp-content\/uploads\/2023\/01\/4-5-600x600.jpg 600w, https:\/\/www.esplac.cat\/wp-content\/uploads\/2023\/01\/4-5-768x768.jpg 768w, https:\/\/www.esplac.cat\/wp-content\/uploads\/2023\/01\/4-5-800x800.jpg 800w, https:\/\/www.esplac.cat\/wp-content\/uploads\/2023\/01\/4-5-1024x1024.jpg 1024w, https:\/\/www.esplac.cat\/wp-content\/uploads\/2023\/01\/4-5.jpg 1080w\" sizes=\"(max-width: 600px) 100vw, 600px\" \/><\/a>\n\t\t\t<\/dt><\/dl><dl class='gallery-item'>\n\t\t\t<dt class='gallery-icon landscape'>\n\t\t\t\t<a data-rel=\"iLightbox[postimages]\" data-title=\"2\" data-caption=\"\" href='https:\/\/www.esplac.cat\/en\/2-37-2\/'><img decoding=\"async\" width=\"600\" height=\"600\" src=\"https:\/\/www.esplac.cat\/wp-content\/uploads\/2023\/01\/2-2-600x600.jpg\" class=\"attachment-fusion-600 size-fusion-600\" alt=\"Trobada d&#039;Infants i Joves Vall\u00e8s Oriental\" srcset=\"https:\/\/www.esplac.cat\/wp-content\/uploads\/2023\/01\/2-2-66x66.jpg 66w, https:\/\/www.esplac.cat\/wp-content\/uploads\/2023\/01\/2-2-150x150.jpg 150w, https:\/\/www.esplac.cat\/wp-content\/uploads\/2023\/01\/2-2-200x200.jpg 200w, https:\/\/www.esplac.cat\/wp-content\/uploads\/2023\/01\/2-2-300x300.jpg 300w, https:\/\/www.esplac.cat\/wp-content\/uploads\/2023\/01\/2-2-400x400.jpg 400w, https:\/\/www.esplac.cat\/wp-content\/uploads\/2023\/01\/2-2-600x600.jpg 600w, https:\/\/www.esplac.cat\/wp-content\/uploads\/2023\/01\/2-2-768x768.jpg 768w, https:\/\/www.esplac.cat\/wp-content\/uploads\/2023\/01\/2-2-800x800.jpg 800w, https:\/\/www.esplac.cat\/wp-content\/uploads\/2023\/01\/2-2-1024x1024.jpg 1024w, https:\/\/www.esplac.cat\/wp-content\/uploads\/2023\/01\/2-2.jpg 1080w\" sizes=\"(max-width: 600px) 100vw, 600px\" \/><\/a>\n\t\t\t<\/dt><\/dl><br style=\"clear: both\" \/>\n\t\t<\/div>\n\n","protected":false},"excerpt":{"rendered":"<p>Es recupera la regularitat de l\u2019activitat amb m\u00e9s participaci\u00f3 de [&hellip;]<\/p>\n","protected":false},"author":3,"featured_media":43276,"comment_status":"closed","ping_status":"closed","sticky":false,"template":"","format":"standard","meta":{"om_disable_all_campaigns":false,"_monsterinsights_skip_tracking":false,"_monsterinsights_sitenote_active":false,"_monsterinsights_sitenote_note":"","_monsterinsights_sitenote_category":0,"_uf_show_specific_survey":0,"_uf_disable_surveys":false,"footnotes":""},"categories":[1125,1],"tags":[],"class_list":["post-43126","post","type-post","status-publish","format-standard","has-post-thumbnail","hentry","category-sector-valles-oriental","category-sense-categoria"],"yoast_head":"<!-- This site is optimized with the Yoast SEO plugin v27.4 - https:\/\/yoast.com\/product\/yoast-seo-wordpress\/ -->\n<title>\u00c8xit de participaci\u00f3 a la Trobada d\u2019Infants i Joves del Vall\u00e8s Oriental - Esplac<\/title>\n<meta name=\"description\" content=\"M\u00e9s de 300 persones han participat a la Trobada d&#039;Infants i Joves del sector Vall\u00e8s Oriental que ha tingut lloc a Palau-solit\u00e0 i Plegamans.\" \/>\n<meta name=\"robots\" content=\"index, follow, max-snippet:-1, max-image-preview:large, max-video-preview:-1\" \/>\n<link rel=\"canonical\" href=\"https:\/\/www.esplac.cat\/trobada-infants-joves-valles-oriental\/\" \/>\n<meta property=\"og:locale\" content=\"en_US\" \/>\n<meta property=\"og:type\" content=\"article\" \/>\n<meta property=\"og:title\" content=\"\u00c8xit de participaci\u00f3 a la Trobada d\u2019Infants i Joves del Vall\u00e8s Oriental - Esplac\" \/>\n<meta property=\"og:description\" content=\"M\u00e9s de 300 persones han participat a la Trobada d&#039;Infants i Joves del sector Vall\u00e8s Oriental que ha tingut lloc a Palau-solit\u00e0 i Plegamans.\" \/>\n<meta property=\"og:url\" content=\"https:\/\/www.esplac.cat\/trobada-infants-joves-valles-oriental\/\" \/>\n<meta property=\"og:site_name\" content=\"Esplac\" \/>\n<meta property=\"article:published_time\" content=\"2023-01-23T10:00:32+00:00\" \/>\n<meta property=\"article:modified_time\" content=\"2023-01-31T11:41:40+00:00\" \/>\n<meta property=\"og:image\" content=\"https:\/\/www.esplac.cat\/wp-content\/uploads\/2023\/01\/Portades-Web-1-1.jpg\" \/>\n\t<meta property=\"og:image:width\" content=\"1697\" \/>\n\t<meta property=\"og:image:height\" content=\"700\" \/>\n\t<meta property=\"og:image:type\" content=\"image\/jpeg\" \/>\n<meta name=\"author\" content=\"Comunicaci\u00f3 Esplac\" \/>\n<meta name=\"twitter:card\" content=\"summary_large_image\" \/>\n<meta name=\"twitter:label1\" content=\"Written by\" \/>\n\t<meta name=\"twitter:data1\" content=\"Comunicaci\u00f3 Esplac\" \/>\n\t<meta name=\"twitter:label2\" content=\"Est. reading time\" \/>\n\t<meta name=\"twitter:data2\" content=\"2 minutes\" \/>\n<script type=\"application\/ld+json\" class=\"yoast-schema-graph\">{\"@context\":\"https:\\\/\\\/schema.org\",\"@graph\":[{\"@type\":\"Article\",\"@id\":\"https:\\\/\\\/www.esplac.cat\\\/trobada-infants-joves-valles-oriental\\\/#article\",\"isPartOf\":{\"@id\":\"https:\\\/\\\/www.esplac.cat\\\/trobada-infants-joves-valles-oriental\\\/\"},\"author\":{\"name\":\"Comunicaci\u00f3 Esplac\",\"@id\":\"https:\\\/\\\/www.esplac.cat\\\/#\\\/schema\\\/person\\\/908383cf240be18b68f8855d0583faca\"},\"headline\":\"\u00c8xit de participaci\u00f3 a la Trobada d\u2019Infants i Joves del Vall\u00e8s Oriental\",\"datePublished\":\"2023-01-23T10:00:32+00:00\",\"dateModified\":\"2023-01-31T11:41:40+00:00\",\"mainEntityOfPage\":{\"@id\":\"https:\\\/\\\/www.esplac.cat\\\/trobada-infants-joves-valles-oriental\\\/\"},\"wordCount\":321,\"publisher\":{\"@id\":\"https:\\\/\\\/www.esplac.cat\\\/#organization\"},\"image\":{\"@id\":\"https:\\\/\\\/www.esplac.cat\\\/trobada-infants-joves-valles-oriental\\\/#primaryimage\"},\"thumbnailUrl\":\"https:\\\/\\\/www.esplac.cat\\\/wp-content\\\/uploads\\\/2023\\\/01\\\/Portades-Web-1-1.jpg\",\"articleSection\":[\"Sector Vall\u00e8s Oriental\",\"Sense categoria\"],\"inLanguage\":\"en-US\"},{\"@type\":\"WebPage\",\"@id\":\"https:\\\/\\\/www.esplac.cat\\\/trobada-infants-joves-valles-oriental\\\/\",\"url\":\"https:\\\/\\\/www.esplac.cat\\\/trobada-infants-joves-valles-oriental\\\/\",\"name\":\"\u00c8xit de participaci\u00f3 a la Trobada d\u2019Infants i Joves del Vall\u00e8s Oriental - Esplac\",\"isPartOf\":{\"@id\":\"https:\\\/\\\/www.esplac.cat\\\/#website\"},\"primaryImageOfPage\":{\"@id\":\"https:\\\/\\\/www.esplac.cat\\\/trobada-infants-joves-valles-oriental\\\/#primaryimage\"},\"image\":{\"@id\":\"https:\\\/\\\/www.esplac.cat\\\/trobada-infants-joves-valles-oriental\\\/#primaryimage\"},\"thumbnailUrl\":\"https:\\\/\\\/www.esplac.cat\\\/wp-content\\\/uploads\\\/2023\\\/01\\\/Portades-Web-1-1.jpg\",\"datePublished\":\"2023-01-23T10:00:32+00:00\",\"dateModified\":\"2023-01-31T11:41:40+00:00\",\"description\":\"M\u00e9s de 300 persones han participat a la Trobada d'Infants i Joves del sector Vall\u00e8s Oriental que ha tingut lloc a Palau-solit\u00e0 i Plegamans.\",\"breadcrumb\":{\"@id\":\"https:\\\/\\\/www.esplac.cat\\\/trobada-infants-joves-valles-oriental\\\/#breadcrumb\"},\"inLanguage\":\"en-US\",\"potentialAction\":[{\"@type\":\"ReadAction\",\"target\":[\"https:\\\/\\\/www.esplac.cat\\\/trobada-infants-joves-valles-oriental\\\/\"]}]},{\"@type\":\"ImageObject\",\"inLanguage\":\"en-US\",\"@id\":\"https:\\\/\\\/www.esplac.cat\\\/trobada-infants-joves-valles-oriental\\\/#primaryimage\",\"url\":\"https:\\\/\\\/www.esplac.cat\\\/wp-content\\\/uploads\\\/2023\\\/01\\\/Portades-Web-1-1.jpg\",\"contentUrl\":\"https:\\\/\\\/www.esplac.cat\\\/wp-content\\\/uploads\\\/2023\\\/01\\\/Portades-Web-1-1.jpg\",\"width\":1697,\"height\":700,\"caption\":\"Trobada d'Infants i Joves Vall\u00e8s Oriental\"},{\"@type\":\"BreadcrumbList\",\"@id\":\"https:\\\/\\\/www.esplac.cat\\\/trobada-infants-joves-valles-oriental\\\/#breadcrumb\",\"itemListElement\":[{\"@type\":\"ListItem\",\"position\":1,\"name\":\"Inici\",\"item\":\"https:\\\/\\\/www.esplac.cat\\\/en\\\/\"},{\"@type\":\"ListItem\",\"position\":2,\"name\":\"\u00c8xit de participaci\u00f3 a la Trobada d\u2019Infants i Joves del Vall\u00e8s Oriental\"}]},{\"@type\":\"WebSite\",\"@id\":\"https:\\\/\\\/www.esplac.cat\\\/#website\",\"url\":\"https:\\\/\\\/www.esplac.cat\\\/\",\"name\":\"Esplac\",\"description\":\"Esplais Catalans\",\"publisher\":{\"@id\":\"https:\\\/\\\/www.esplac.cat\\\/#organization\"},\"potentialAction\":[{\"@type\":\"SearchAction\",\"target\":{\"@type\":\"EntryPoint\",\"urlTemplate\":\"https:\\\/\\\/www.esplac.cat\\\/?s={search_term_string}\"},\"query-input\":{\"@type\":\"PropertyValueSpecification\",\"valueRequired\":true,\"valueName\":\"search_term_string\"}}],\"inLanguage\":\"en-US\"},{\"@type\":\"Organization\",\"@id\":\"https:\\\/\\\/www.esplac.cat\\\/#organization\",\"name\":\"Esplac\",\"url\":\"https:\\\/\\\/www.esplac.cat\\\/\",\"logo\":{\"@type\":\"ImageObject\",\"inLanguage\":\"en-US\",\"@id\":\"https:\\\/\\\/www.esplac.cat\\\/#\\\/schema\\\/logo\\\/image\\\/\",\"url\":\"https:\\\/\\\/www.esplac.cat\\\/wp-content\\\/uploads\\\/2019\\\/08\\\/logox2.png\",\"contentUrl\":\"https:\\\/\\\/www.esplac.cat\\\/wp-content\\\/uploads\\\/2019\\\/08\\\/logox2.png\",\"width\":600,\"height\":295,\"caption\":\"Esplac\"},\"image\":{\"@id\":\"https:\\\/\\\/www.esplac.cat\\\/#\\\/schema\\\/logo\\\/image\\\/\"}},{\"@type\":\"Person\",\"@id\":\"https:\\\/\\\/www.esplac.cat\\\/#\\\/schema\\\/person\\\/908383cf240be18b68f8855d0583faca\",\"name\":\"Comunicaci\u00f3 Esplac\",\"image\":{\"@type\":\"ImageObject\",\"inLanguage\":\"en-US\",\"@id\":\"https:\\\/\\\/secure.gravatar.com\\\/avatar\\\/7a4cf8feb412a76ea4a740ca02d95b06b2907b5a6c648c2dd0a1082a093c3141?s=96&d=mm&r=g\",\"url\":\"https:\\\/\\\/secure.gravatar.com\\\/avatar\\\/7a4cf8feb412a76ea4a740ca02d95b06b2907b5a6c648c2dd0a1082a093c3141?s=96&d=mm&r=g\",\"contentUrl\":\"https:\\\/\\\/secure.gravatar.com\\\/avatar\\\/7a4cf8feb412a76ea4a740ca02d95b06b2907b5a6c648c2dd0a1082a093c3141?s=96&d=mm&r=g\",\"caption\":\"Comunicaci\u00f3 Esplac\"}}]}<\/script>\n<!-- \/ Yoast SEO plugin. -->","yoast_head_json":{"title":"\u00c8xit de participaci\u00f3 a la Trobada d\u2019Infants i Joves del Vall\u00e8s Oriental - Esplac","description":"M\u00e9s de 300 persones han participat a la Trobada d'Infants i Joves del sector Vall\u00e8s Oriental que ha tingut lloc a Palau-solit\u00e0 i Plegamans.","robots":{"index":"index","follow":"follow","max-snippet":"max-snippet:-1","max-image-preview":"max-image-preview:large","max-video-preview":"max-video-preview:-1"},"canonical":"https:\/\/www.esplac.cat\/trobada-infants-joves-valles-oriental\/","og_locale":"en_US","og_type":"article","og_title":"\u00c8xit de participaci\u00f3 a la Trobada d\u2019Infants i Joves del Vall\u00e8s Oriental - Esplac","og_description":"M\u00e9s de 300 persones han participat a la Trobada d'Infants i Joves del sector Vall\u00e8s Oriental que ha tingut lloc a Palau-solit\u00e0 i Plegamans.","og_url":"https:\/\/www.esplac.cat\/trobada-infants-joves-valles-oriental\/","og_site_name":"Esplac","article_published_time":"2023-01-23T10:00:32+00:00","article_modified_time":"2023-01-31T11:41:40+00:00","og_image":[{"width":1697,"height":700,"url":"https:\/\/www.esplac.cat\/wp-content\/uploads\/2023\/01\/Portades-Web-1-1.jpg","type":"image\/jpeg"}],"author":"Comunicaci\u00f3 Esplac","twitter_card":"summary_large_image","twitter_misc":{"Written by":"Comunicaci\u00f3 Esplac","Est. reading time":"2 minutes"},"schema":{"@context":"https:\/\/schema.org","@graph":[{"@type":"Article","@id":"https:\/\/www.esplac.cat\/trobada-infants-joves-valles-oriental\/#article","isPartOf":{"@id":"https:\/\/www.esplac.cat\/trobada-infants-joves-valles-oriental\/"},"author":{"name":"Comunicaci\u00f3 Esplac","@id":"https:\/\/www.esplac.cat\/#\/schema\/person\/908383cf240be18b68f8855d0583faca"},"headline":"\u00c8xit de participaci\u00f3 a la Trobada d\u2019Infants i Joves del Vall\u00e8s Oriental","datePublished":"2023-01-23T10:00:32+00:00","dateModified":"2023-01-31T11:41:40+00:00","mainEntityOfPage":{"@id":"https:\/\/www.esplac.cat\/trobada-infants-joves-valles-oriental\/"},"wordCount":321,"publisher":{"@id":"https:\/\/www.esplac.cat\/#organization"},"image":{"@id":"https:\/\/www.esplac.cat\/trobada-infants-joves-valles-oriental\/#primaryimage"},"thumbnailUrl":"https:\/\/www.esplac.cat\/wp-content\/uploads\/2023\/01\/Portades-Web-1-1.jpg","articleSection":["Sector Vall\u00e8s Oriental","Sense categoria"],"inLanguage":"en-US"},{"@type":"WebPage","@id":"https:\/\/www.esplac.cat\/trobada-infants-joves-valles-oriental\/","url":"https:\/\/www.esplac.cat\/trobada-infants-joves-valles-oriental\/","name":"\u00c8xit de participaci\u00f3 a la Trobada d\u2019Infants i Joves del Vall\u00e8s Oriental - Esplac","isPartOf":{"@id":"https:\/\/www.esplac.cat\/#website"},"primaryImageOfPage":{"@id":"https:\/\/www.esplac.cat\/trobada-infants-joves-valles-oriental\/#primaryimage"},"image":{"@id":"https:\/\/www.esplac.cat\/trobada-infants-joves-valles-oriental\/#primaryimage"},"thumbnailUrl":"https:\/\/www.esplac.cat\/wp-content\/uploads\/2023\/01\/Portades-Web-1-1.jpg","datePublished":"2023-01-23T10:00:32+00:00","dateModified":"2023-01-31T11:41:40+00:00","description":"M\u00e9s de 300 persones han participat a la Trobada d'Infants i Joves del sector Vall\u00e8s Oriental que ha tingut lloc a Palau-solit\u00e0 i Plegamans.","breadcrumb":{"@id":"https:\/\/www.esplac.cat\/trobada-infants-joves-valles-oriental\/#breadcrumb"},"inLanguage":"en-US","potentialAction":[{"@type":"ReadAction","target":["https:\/\/www.esplac.cat\/trobada-infants-joves-valles-oriental\/"]}]},{"@type":"ImageObject","inLanguage":"en-US","@id":"https:\/\/www.esplac.cat\/trobada-infants-joves-valles-oriental\/#primaryimage","url":"https:\/\/www.esplac.cat\/wp-content\/uploads\/2023\/01\/Portades-Web-1-1.jpg","contentUrl":"https:\/\/www.esplac.cat\/wp-content\/uploads\/2023\/01\/Portades-Web-1-1.jpg","width":1697,"height":700,"caption":"Trobada d'Infants i Joves Vall\u00e8s Oriental"},{"@type":"BreadcrumbList","@id":"https:\/\/www.esplac.cat\/trobada-infants-joves-valles-oriental\/#breadcrumb","itemListElement":[{"@type":"ListItem","position":1,"name":"Inici","item":"https:\/\/www.esplac.cat\/en\/"},{"@type":"ListItem","position":2,"name":"\u00c8xit de participaci\u00f3 a la Trobada d\u2019Infants i Joves del Vall\u00e8s Oriental"}]},{"@type":"WebSite","@id":"https:\/\/www.esplac.cat\/#website","url":"https:\/\/www.esplac.cat\/","name":"Esplac","description":"Esplais Catalans","publisher":{"@id":"https:\/\/www.esplac.cat\/#organization"},"potentialAction":[{"@type":"SearchAction","target":{"@type":"EntryPoint","urlTemplate":"https:\/\/www.esplac.cat\/?s={search_term_string}"},"query-input":{"@type":"PropertyValueSpecification","valueRequired":true,"valueName":"search_term_string"}}],"inLanguage":"en-US"},{"@type":"Organization","@id":"https:\/\/www.esplac.cat\/#organization","name":"Esplac","url":"https:\/\/www.esplac.cat\/","logo":{"@type":"ImageObject","inLanguage":"en-US","@id":"https:\/\/www.esplac.cat\/#\/schema\/logo\/image\/","url":"https:\/\/www.esplac.cat\/wp-content\/uploads\/2019\/08\/logox2.png","contentUrl":"https:\/\/www.esplac.cat\/wp-content\/uploads\/2019\/08\/logox2.png","width":600,"height":295,"caption":"Esplac"},"image":{"@id":"https:\/\/www.esplac.cat\/#\/schema\/logo\/image\/"}},{"@type":"Person","@id":"https:\/\/www.esplac.cat\/#\/schema\/person\/908383cf240be18b68f8855d0583faca","name":"Comunicaci\u00f3 Esplac","image":{"@type":"ImageObject","inLanguage":"en-US","@id":"https:\/\/secure.gravatar.com\/avatar\/7a4cf8feb412a76ea4a740ca02d95b06b2907b5a6c648c2dd0a1082a093c3141?s=96&d=mm&r=g","url":"https:\/\/secure.gravatar.com\/avatar\/7a4cf8feb412a76ea4a740ca02d95b06b2907b5a6c648c2dd0a1082a093c3141?s=96&d=mm&r=g","contentUrl":"https:\/\/secure.gravatar.com\/avatar\/7a4cf8feb412a76ea4a740ca02d95b06b2907b5a6c648c2dd0a1082a093c3141?s=96&d=mm&r=g","caption":"Comunicaci\u00f3 Esplac"}}]}},"_links":{"self":[{"href":"https:\/\/www.esplac.cat\/en\/wp-json\/wp\/v2\/posts\/43126","targetHints":{"allow":["GET"]}}],"collection":[{"href":"https:\/\/www.esplac.cat\/en\/wp-json\/wp\/v2\/posts"}],"about":[{"href":"https:\/\/www.esplac.cat\/en\/wp-json\/wp\/v2\/types\/post"}],"author":[{"embeddable":true,"href":"https:\/\/www.esplac.cat\/en\/wp-json\/wp\/v2\/users\/3"}],"replies":[{"embeddable":true,"href":"https:\/\/www.esplac.cat\/en\/wp-json\/wp\/v2\/comments?post=43126"}],"version-history":[{"count":0,"href":"https:\/\/www.esplac.cat\/en\/wp-json\/wp\/v2\/posts\/43126\/revisions"}],"wp:featuredmedia":[{"embeddable":true,"href":"https:\/\/www.esplac.cat\/en\/wp-json\/wp\/v2\/media\/43276"}],"wp:attachment":[{"href":"https:\/\/www.esplac.cat\/en\/wp-json\/wp\/v2\/media?parent=43126"}],"wp:term":[{"taxonomy":"category","embeddable":true,"href":"https:\/\/www.esplac.cat\/en\/wp-json\/wp\/v2\/categories?post=43126"},{"taxonomy":"post_tag","embeddable":true,"href":"https:\/\/www.esplac.cat\/en\/wp-json\/wp\/v2\/tags?post=43126"}],"curies":[{"name":"wp","href":"https:\/\/api.w.org\/{rel}","templated":true}]}}