{"id":43387,"date":"2023-02-06T11:00:43","date_gmt":"2023-02-06T09:00:43","guid":{"rendered":"https:\/\/www.esplac.cat\/?p=43387"},"modified":"2023-02-09T11:21:40","modified_gmt":"2023-02-09T09:21:40","slug":"lets-talk-about-sex-queer-easter-2023","status":"publish","type":"post","link":"https:\/\/www.esplac.cat\/en\/lets-talk-about-sex-queer-easter-2023\/","title":{"rendered":"&#8216;Let\u2019s talk about sex&#8217;: Ja \u00e9s aqu\u00ed la Queer Easter 2023!"},"content":{"rendered":"<h6><strong>Vols aprendre sobre les lluites LGTBIQA* d\u2019arreu del m\u00f3n? Et motiva compartir el teu coneixement, participar activament i organitzar-te per a un m\u00f3n millor?<\/strong><\/h6>\n<p>La <span style=\"color: #f69d0b;\"><a style=\"color: #f69d0b;\" href=\"https:\/\/www.esplac.cat\/?s=queer+easter+&amp;lang=ca\" target=\"_blank\" rel=\"noopener\"><strong>Queer Easter <\/strong><\/a><\/span>\u00e9s un dels esdeveniments educatius LGTBIQA* m\u00e9s grans d\u2019Europa destinat a la formaci\u00f3 col\u00b7lectiva de persones joves associades i activistes. Cada any acull al voltant de 120 persones joves en un espai educatiu \u00fanic. Aquest any se centra en l\u2019educaci\u00f3 sexual i el lema escollit \u00e9s: <i><strong>Let\u2019s talk about sex \u2013 a safer space for mutual education<\/strong>.\u00a0<\/i><\/p>\n<p><span style=\"font-weight: 300;\">En la societat capitalista en qu\u00e8 vivim, el sexe i el poder estan estretament lligats. Per als col\u00b7lectius <\/span><i><span style=\"font-weight: 300;\">queer <\/span><\/i><span style=\"font-weight: 300;\">aix\u00f2 significa viure en un m\u00f3n on es propaga desinformaci\u00f3 i mites sobre les sexualitats dissidents. Un m\u00f3n en qu\u00e8 la salut i l\u2019educaci\u00f3 sexual, especialment la <\/span><i><span style=\"font-weight: 300;\">queer<\/span><\/i><span style=\"font-weight: 300;\">, no est\u00e0 a l\u2019abast de tothom i on molts cops aquestes persones s\u00f3n hipersexualitzades en l\u2019imaginari p\u00fablic. \u00c9s per aix\u00f2 que <strong>no hi pot haver alliberaci\u00f3 queer sense parlar de sexe<\/strong>.<\/span><\/p>\n<p><span style=\"font-weight: 300;\">Perqu\u00e8 tothom pugui emancipar-se sexual i rom\u00e0nticament, prendre decisions sobre la pr\u00f2pia identitat i tenir consci\u00e8ncia de la salut mental \u00e9s imprescindible estar ben informat.<\/span><\/p>\n<p><span style=\"font-weight: 300;\">A la Queer Easter s\u2019oferiran diversos temes a explorar conjuntament i es donar\u00e0 l\u2019oportunitat per a autoorganitzar el programa formatiu en un espai inclusiu i segur, coordinat per l\u2019Equip Internacional del centre. Tot aix\u00f2 es far\u00e0 a trav\u00e9s de l\u2019educaci\u00f3 no formal i amb l\u2019intercanvi d\u2019experi\u00e8ncies d&#8217;arreu del m\u00f3n. Tamb\u00e9 es far\u00e0 una sortida de dia a Berl\u00edn i hi ha temps lliure i activitats l\u00fadiques al vespre.<\/span><\/p>\n<blockquote class=\"instagram-media\" style=\"background: #FFF; border: 0; border-radius: 3px; box-shadow: 0 0 1px 0 rgba(0,0,0,0.5),0 1px 10px 0 rgba(0,0,0,0.15); margin: 1px; max-width: 540px; min-width: 326px; padding: 0; width: calc(100% - 2px);\" data-instgrm-captioned=\"\" data-instgrm-permalink=\"https:\/\/www.instagram.com\/p\/Cn4IV_eKWKa\/?utm_source=ig_embed&amp;utm_campaign=loading\" data-instgrm-version=\"14\">\n<div style=\"padding: 16px;\">\n<p>&nbsp;<\/p>\n<div style=\"display: flex; flex-direction: row; align-items: center;\">\n<div style=\"background-color: #f4f4f4; border-radius: 50%; flex-grow: 0; height: 40px; margin-right: 14px; width: 40px;\"><\/div>\n<div style=\"display: flex; flex-direction: column; flex-grow: 1; justify-content: center;\">\n<div style=\"background-color: #f4f4f4; border-radius: 4px; flex-grow: 0; height: 14px; margin-bottom: 6px; width: 100px;\"><\/div>\n<div style=\"background-color: #f4f4f4; border-radius: 4px; flex-grow: 0; height: 14px; width: 60px;\"><\/div>\n<\/div>\n<\/div>\n<div style=\"padding: 19% 0;\"><\/div>\n<div style=\"display: block; height: 50px; margin: 0 auto 12px; width: 50px;\"><\/div>\n<div style=\"padding-top: 8px;\">\n<div style=\"color: #3897f0; font-family: Arial,sans-serif; font-size: 14px; font-style: normal; font-weight: 550; line-height: 18px;\">View this post on Instagram<\/div>\n<\/div>\n<div style=\"padding: 12.5% 0;\"><\/div>\n<div style=\"display: flex; flex-direction: row; margin-bottom: 14px; align-items: center;\">\n<div>\n<div style=\"background-color: #f4f4f4; border-radius: 50%; height: 12.5px; width: 12.5px; transform: translateX(0px) translateY(7px);\"><\/div>\n<div style=\"background-color: #f4f4f4; height: 12.5px; transform: rotate(-45deg) translateX(3px) translateY(1px); width: 12.5px; flex-grow: 0; margin-right: 14px; margin-left: 2px;\"><\/div>\n<div style=\"background-color: #f4f4f4; border-radius: 50%; height: 12.5px; width: 12.5px; transform: translateX(9px) translateY(-18px);\"><\/div>\n<\/div>\n<div style=\"margin-left: 8px;\">\n<div style=\"background-color: #f4f4f4; border-radius: 50%; flex-grow: 0; height: 20px; width: 20px;\"><\/div>\n<div style=\"width: 0; height: 0; border-top: 2px solid transparent; border-left: 6px solid #f4f4f4; border-bottom: 2px solid transparent; transform: translateX(16px) translateY(-4px) rotate(30deg);\"><\/div>\n<\/div>\n<div style=\"margin-left: auto;\">\n<div style=\"width: 0px; border-top: 8px solid #F4F4F4; border-right: 8px solid transparent; transform: translateY(16px);\"><\/div>\n<div style=\"background-color: #f4f4f4; flex-grow: 0; height: 12px; width: 16px; transform: translateY(-4px);\"><\/div>\n<div style=\"width: 0; height: 0; border-top: 8px solid #F4F4F4; border-left: 8px solid transparent; transform: translateY(-4px) translateX(8px);\"><\/div>\n<\/div>\n<\/div>\n<div style=\"display: flex; flex-direction: column; flex-grow: 1; justify-content: center; margin-bottom: 24px;\">\n<div style=\"background-color: #f4f4f4; border-radius: 4px; flex-grow: 0; height: 14px; margin-bottom: 6px; width: 224px;\"><\/div>\n<div style=\"background-color: #f4f4f4; border-radius: 4px; flex-grow: 0; height: 14px; width: 144px;\"><\/div>\n<\/div>\n<p>&nbsp;<\/p>\n<p style=\"color: #c9c8cd; font-family: Arial,sans-serif; font-size: 14px; line-height: 17px; margin-bottom: 0; margin-top: 8px; overflow: hidden; padding: 8px 0 7px; text-align: center; text-overflow: ellipsis; white-space: nowrap;\"><a style=\"color: #c9c8cd; font-family: Arial,sans-serif; font-size: 14px; font-style: normal; font-weight: normal; line-height: 17px; text-decoration: none;\" href=\"https:\/\/www.instagram.com\/p\/Cn4IV_eKWKa\/?utm_source=ig_embed&amp;utm_campaign=loading\" target=\"_blank\" rel=\"noopener\">A post shared by JBS Kurt Lo\u0308wenstein (@jbs_kurtloewenstein)<\/a><\/p>\n<\/div>\n<\/blockquote>\n<p><script async src=\"\/\/www.instagram.com\/embed.js\"><\/script><\/p>\n<p><b><span style=\"font-weight: 300;\">L&#8217;activitat est\u00e0 adre\u00e7ada a <\/span>monis d&#8217;entre 18 i 30 anys<span style=\"font-weight: 300;\">. Les formacions, debats i sessions es fan en angl\u00e8s. \u00c9s per aix\u00f2 que cal tenir un nivell m\u00ednim (poder entendre, per\u00f2 tamb\u00e9 expressar-se) per poder gaudir d\u2019una bona experi\u00e8ncia.<\/span><\/b><\/p>\n<blockquote><p><b>Dates:<\/b><span style=\"font-weight: 400;\"> 3 al 10 d\u2019abril 2022<\/span><\/p>\n<p><b>Lloc:<\/b><span style=\"font-weight: 400;\"> Centre Kurt L\u00f6wenstein (Werftpfuhl &#8211; Alemanya)<\/span><\/p>\n<p><b>Cost:<\/b><span style=\"font-weight: 400;\"> 70\u20ac (inclou allotjament, \u00e0pats i viatge)<\/span><\/p>\n<p><b>Idioma de treball: <\/b><span style=\"font-weight: 400;\">Angl\u00e8s<\/span><\/p>\n<p><b>Places disponibles per Esplac<\/b><span style=\"font-weight: 400;\">: 6 &#8211; 8<\/span><\/p>\n<p><b>Com m\u2019inscric? <\/b><span style=\"color: #f69d0b;\"><strong><a style=\"color: #f69d0b;\" href=\"https:\/\/era.esplac.cat\/#\/gestio-personal\/activitats\" target=\"_blank\" rel=\"noopener\">A trav\u00e9s de l\u2019Era!<\/a><\/strong><\/span><\/p><\/blockquote>\n<p><span style=\"font-weight: 400;\">Tens temps<\/span><b> fins al 26 de febrer! <\/b><span style=\"font-weight: 400;\">Un cop tancat el per\u00edode d\u2019inscripci\u00f3 t\u2019informarem si has estat seleccionada per participar en aquest seminari.<\/span><\/p>\n<p><span style=\"color: #000000;\"><b>IMPORTANT! Informaci\u00f3 relacionada amb la Covid-19<br \/>\n<\/b><\/span><span style=\"font-weight: 400;\">El Centre Kurt Low\u00ebnstein segueix un protocol sanitari per evitar els contagis per Covid-19 durant les seves formacions i garantir un espai \u201czero covid\u201d. Se segueixen unes normes d\u2019higiene (com portar mascareta als espais tancats). Per entrar al centre <\/span><b>fa falta el certificat de vacunaci\u00f3 (tres dosis), certificat de recuperaci\u00f3 o certificat amb dues vacunes amb un test negatiu<\/b><span style=\"font-weight: 400;\">. Fins ara han dut a terme satisfact\u00f2riament totes les formacions i encara apliquen aquest protocol. En cas de cancel\u00b7laci\u00f3 no s\u2019haur\u00e0 de pagar cap quota.<\/span><\/p>\n<p><span style=\"font-weight: 400;\">Malgrat que ja no hi ha restriccions per viatjar i entrar a Alemanya des dels pa\u00efsos de la UE, podeu consultar tota la informaci\u00f3 <span style=\"color: #f69d0b;\"><a style=\"color: #f69d0b;\" href=\"https:\/\/www.auswaertiges-amt.de\/en\/coronavirus\/2317268\" target=\"_blank\" rel=\"noopener\"><strong>aqu\u00ed<\/strong><\/a><\/span>.<\/span><\/p>\n<p><b>M\u00e9s informaci\u00f3 i contacte: <\/b><span style=\"font-weight: 400;\">\u00a0<\/span><a href=\"mailto:internacional@esplac.cat\"><span style=\"font-weight: 400;\">internacional@esplac.cat<\/span><\/a><span style=\"font-weight: 400;\">\u00a0 \/ 722 67 21 66\u00a0<\/span><\/p>\n","protected":false},"excerpt":{"rendered":"<p>Vols aprendre sobre les lluites LGTBIQA* d\u2019arreu del m\u00f3n? Et [&hellip;]<\/p>\n","protected":false},"author":3,"featured_media":43397,"comment_status":"closed","ping_status":"closed","sticky":false,"template":"","format":"standard","meta":{"om_disable_all_campaigns":false,"_monsterinsights_skip_tracking":false,"_monsterinsights_sitenote_active":false,"_monsterinsights_sitenote_note":"","_monsterinsights_sitenote_category":0,"_uf_show_specific_survey":0,"_uf_disable_surveys":false,"footnotes":""},"categories":[1112,1],"tags":[],"class_list":["post-43387","post","type-post","status-publish","format-standard","has-post-thumbnail","hentry","category-esplac-al-mon","category-sense-categoria"],"yoast_head":"<!-- This site is optimized with the Yoast SEO plugin v27.4 - https:\/\/yoast.com\/product\/yoast-seo-wordpress\/ -->\n<title>&#039;Let\u2019s talk about sex&#039;: Ja \u00e9s aqu\u00ed la Queer Easter 2023! - Esplac<\/title>\n<meta name=\"description\" content=\"Vols participar a la Queer Easter 2023? Aquest any se centra en l\u2019educaci\u00f3 sexual, amb el tema &quot;Let\u2019s talk about sex&quot;.\u00a0\" \/>\n<meta name=\"robots\" content=\"index, follow, max-snippet:-1, max-image-preview:large, max-video-preview:-1\" \/>\n<link rel=\"canonical\" href=\"https:\/\/www.esplac.cat\/lets-talk-about-sex-queer-easter-2023\/\" \/>\n<meta property=\"og:locale\" content=\"en_US\" \/>\n<meta property=\"og:type\" content=\"article\" \/>\n<meta property=\"og:title\" content=\"&#039;Let\u2019s talk about sex&#039;: Ja \u00e9s aqu\u00ed la Queer Easter 2023! - Esplac\" \/>\n<meta property=\"og:description\" content=\"Vols participar a la Queer Easter 2023? Aquest any se centra en l\u2019educaci\u00f3 sexual, amb el tema &quot;Let\u2019s talk about sex&quot;.\u00a0\" \/>\n<meta property=\"og:url\" content=\"https:\/\/www.esplac.cat\/lets-talk-about-sex-queer-easter-2023\/\" \/>\n<meta property=\"og:site_name\" content=\"Esplac\" \/>\n<meta property=\"article:published_time\" content=\"2023-02-06T09:00:43+00:00\" \/>\n<meta property=\"article:modified_time\" content=\"2023-02-09T09:21:40+00:00\" \/>\n<meta property=\"og:image\" content=\"https:\/\/www.esplac.cat\/wp-content\/uploads\/2023\/02\/Portades-Web-1-2.jpg\" \/>\n\t<meta property=\"og:image:width\" content=\"1697\" \/>\n\t<meta property=\"og:image:height\" content=\"700\" \/>\n\t<meta property=\"og:image:type\" content=\"image\/jpeg\" \/>\n<meta name=\"author\" content=\"Comunicaci\u00f3 Esplac\" \/>\n<meta name=\"twitter:card\" content=\"summary_large_image\" \/>\n<meta name=\"twitter:label1\" content=\"Written by\" \/>\n\t<meta name=\"twitter:data1\" content=\"Comunicaci\u00f3 Esplac\" \/>\n\t<meta name=\"twitter:label2\" content=\"Est. reading time\" \/>\n\t<meta name=\"twitter:data2\" content=\"3 minutes\" \/>\n<script type=\"application\/ld+json\" class=\"yoast-schema-graph\">{\"@context\":\"https:\\\/\\\/schema.org\",\"@graph\":[{\"@type\":\"Article\",\"@id\":\"https:\\\/\\\/www.esplac.cat\\\/lets-talk-about-sex-queer-easter-2023\\\/#article\",\"isPartOf\":{\"@id\":\"https:\\\/\\\/www.esplac.cat\\\/lets-talk-about-sex-queer-easter-2023\\\/\"},\"author\":{\"name\":\"Comunicaci\u00f3 Esplac\",\"@id\":\"https:\\\/\\\/www.esplac.cat\\\/#\\\/schema\\\/person\\\/908383cf240be18b68f8855d0583faca\"},\"headline\":\"&#8216;Let\u2019s talk about sex&#8217;: Ja \u00e9s aqu\u00ed la Queer Easter 2023!\",\"datePublished\":\"2023-02-06T09:00:43+00:00\",\"dateModified\":\"2023-02-09T09:21:40+00:00\",\"mainEntityOfPage\":{\"@id\":\"https:\\\/\\\/www.esplac.cat\\\/lets-talk-about-sex-queer-easter-2023\\\/\"},\"wordCount\":547,\"publisher\":{\"@id\":\"https:\\\/\\\/www.esplac.cat\\\/#organization\"},\"image\":{\"@id\":\"https:\\\/\\\/www.esplac.cat\\\/lets-talk-about-sex-queer-easter-2023\\\/#primaryimage\"},\"thumbnailUrl\":\"https:\\\/\\\/www.esplac.cat\\\/wp-content\\\/uploads\\\/2023\\\/02\\\/Portades-Web-1-2.jpg\",\"articleSection\":[\"Esplac al m\u00f3n\",\"Sense categoria\"],\"inLanguage\":\"en-US\"},{\"@type\":\"WebPage\",\"@id\":\"https:\\\/\\\/www.esplac.cat\\\/lets-talk-about-sex-queer-easter-2023\\\/\",\"url\":\"https:\\\/\\\/www.esplac.cat\\\/lets-talk-about-sex-queer-easter-2023\\\/\",\"name\":\"'Let\u2019s talk about sex': Ja \u00e9s aqu\u00ed la Queer Easter 2023! - Esplac\",\"isPartOf\":{\"@id\":\"https:\\\/\\\/www.esplac.cat\\\/#website\"},\"primaryImageOfPage\":{\"@id\":\"https:\\\/\\\/www.esplac.cat\\\/lets-talk-about-sex-queer-easter-2023\\\/#primaryimage\"},\"image\":{\"@id\":\"https:\\\/\\\/www.esplac.cat\\\/lets-talk-about-sex-queer-easter-2023\\\/#primaryimage\"},\"thumbnailUrl\":\"https:\\\/\\\/www.esplac.cat\\\/wp-content\\\/uploads\\\/2023\\\/02\\\/Portades-Web-1-2.jpg\",\"datePublished\":\"2023-02-06T09:00:43+00:00\",\"dateModified\":\"2023-02-09T09:21:40+00:00\",\"description\":\"Vols participar a la Queer Easter 2023? Aquest any se centra en l\u2019educaci\u00f3 sexual, amb el tema \\\"Let\u2019s talk about sex\\\".\u00a0\",\"breadcrumb\":{\"@id\":\"https:\\\/\\\/www.esplac.cat\\\/lets-talk-about-sex-queer-easter-2023\\\/#breadcrumb\"},\"inLanguage\":\"en-US\",\"potentialAction\":[{\"@type\":\"ReadAction\",\"target\":[\"https:\\\/\\\/www.esplac.cat\\\/lets-talk-about-sex-queer-easter-2023\\\/\"]}]},{\"@type\":\"ImageObject\",\"inLanguage\":\"en-US\",\"@id\":\"https:\\\/\\\/www.esplac.cat\\\/lets-talk-about-sex-queer-easter-2023\\\/#primaryimage\",\"url\":\"https:\\\/\\\/www.esplac.cat\\\/wp-content\\\/uploads\\\/2023\\\/02\\\/Portades-Web-1-2.jpg\",\"contentUrl\":\"https:\\\/\\\/www.esplac.cat\\\/wp-content\\\/uploads\\\/2023\\\/02\\\/Portades-Web-1-2.jpg\",\"width\":1697,\"height\":700,\"caption\":\"Queer Easter 2023 let's talk about sex\"},{\"@type\":\"BreadcrumbList\",\"@id\":\"https:\\\/\\\/www.esplac.cat\\\/lets-talk-about-sex-queer-easter-2023\\\/#breadcrumb\",\"itemListElement\":[{\"@type\":\"ListItem\",\"position\":1,\"name\":\"Inici\",\"item\":\"https:\\\/\\\/www.esplac.cat\\\/en\\\/\"},{\"@type\":\"ListItem\",\"position\":2,\"name\":\"&#8216;Let\u2019s talk about sex&#8217;: Ja \u00e9s aqu\u00ed la Queer Easter 2023!\"}]},{\"@type\":\"WebSite\",\"@id\":\"https:\\\/\\\/www.esplac.cat\\\/#website\",\"url\":\"https:\\\/\\\/www.esplac.cat\\\/\",\"name\":\"Esplac\",\"description\":\"Esplais Catalans\",\"publisher\":{\"@id\":\"https:\\\/\\\/www.esplac.cat\\\/#organization\"},\"potentialAction\":[{\"@type\":\"SearchAction\",\"target\":{\"@type\":\"EntryPoint\",\"urlTemplate\":\"https:\\\/\\\/www.esplac.cat\\\/?s={search_term_string}\"},\"query-input\":{\"@type\":\"PropertyValueSpecification\",\"valueRequired\":true,\"valueName\":\"search_term_string\"}}],\"inLanguage\":\"en-US\"},{\"@type\":\"Organization\",\"@id\":\"https:\\\/\\\/www.esplac.cat\\\/#organization\",\"name\":\"Esplac\",\"url\":\"https:\\\/\\\/www.esplac.cat\\\/\",\"logo\":{\"@type\":\"ImageObject\",\"inLanguage\":\"en-US\",\"@id\":\"https:\\\/\\\/www.esplac.cat\\\/#\\\/schema\\\/logo\\\/image\\\/\",\"url\":\"https:\\\/\\\/www.esplac.cat\\\/wp-content\\\/uploads\\\/2019\\\/08\\\/logox2.png\",\"contentUrl\":\"https:\\\/\\\/www.esplac.cat\\\/wp-content\\\/uploads\\\/2019\\\/08\\\/logox2.png\",\"width\":600,\"height\":295,\"caption\":\"Esplac\"},\"image\":{\"@id\":\"https:\\\/\\\/www.esplac.cat\\\/#\\\/schema\\\/logo\\\/image\\\/\"}},{\"@type\":\"Person\",\"@id\":\"https:\\\/\\\/www.esplac.cat\\\/#\\\/schema\\\/person\\\/908383cf240be18b68f8855d0583faca\",\"name\":\"Comunicaci\u00f3 Esplac\",\"image\":{\"@type\":\"ImageObject\",\"inLanguage\":\"en-US\",\"@id\":\"https:\\\/\\\/secure.gravatar.com\\\/avatar\\\/7a4cf8feb412a76ea4a740ca02d95b06b2907b5a6c648c2dd0a1082a093c3141?s=96&d=mm&r=g\",\"url\":\"https:\\\/\\\/secure.gravatar.com\\\/avatar\\\/7a4cf8feb412a76ea4a740ca02d95b06b2907b5a6c648c2dd0a1082a093c3141?s=96&d=mm&r=g\",\"contentUrl\":\"https:\\\/\\\/secure.gravatar.com\\\/avatar\\\/7a4cf8feb412a76ea4a740ca02d95b06b2907b5a6c648c2dd0a1082a093c3141?s=96&d=mm&r=g\",\"caption\":\"Comunicaci\u00f3 Esplac\"}}]}<\/script>\n<!-- \/ Yoast SEO plugin. -->","yoast_head_json":{"title":"'Let\u2019s talk about sex': Ja \u00e9s aqu\u00ed la Queer Easter 2023! - Esplac","description":"Vols participar a la Queer Easter 2023? Aquest any se centra en l\u2019educaci\u00f3 sexual, amb el tema \"Let\u2019s talk about sex\".\u00a0","robots":{"index":"index","follow":"follow","max-snippet":"max-snippet:-1","max-image-preview":"max-image-preview:large","max-video-preview":"max-video-preview:-1"},"canonical":"https:\/\/www.esplac.cat\/lets-talk-about-sex-queer-easter-2023\/","og_locale":"en_US","og_type":"article","og_title":"'Let\u2019s talk about sex': Ja \u00e9s aqu\u00ed la Queer Easter 2023! - Esplac","og_description":"Vols participar a la Queer Easter 2023? Aquest any se centra en l\u2019educaci\u00f3 sexual, amb el tema \"Let\u2019s talk about sex\".\u00a0","og_url":"https:\/\/www.esplac.cat\/lets-talk-about-sex-queer-easter-2023\/","og_site_name":"Esplac","article_published_time":"2023-02-06T09:00:43+00:00","article_modified_time":"2023-02-09T09:21:40+00:00","og_image":[{"width":1697,"height":700,"url":"https:\/\/www.esplac.cat\/wp-content\/uploads\/2023\/02\/Portades-Web-1-2.jpg","type":"image\/jpeg"}],"author":"Comunicaci\u00f3 Esplac","twitter_card":"summary_large_image","twitter_misc":{"Written by":"Comunicaci\u00f3 Esplac","Est. reading time":"3 minutes"},"schema":{"@context":"https:\/\/schema.org","@graph":[{"@type":"Article","@id":"https:\/\/www.esplac.cat\/lets-talk-about-sex-queer-easter-2023\/#article","isPartOf":{"@id":"https:\/\/www.esplac.cat\/lets-talk-about-sex-queer-easter-2023\/"},"author":{"name":"Comunicaci\u00f3 Esplac","@id":"https:\/\/www.esplac.cat\/#\/schema\/person\/908383cf240be18b68f8855d0583faca"},"headline":"&#8216;Let\u2019s talk about sex&#8217;: Ja \u00e9s aqu\u00ed la Queer Easter 2023!","datePublished":"2023-02-06T09:00:43+00:00","dateModified":"2023-02-09T09:21:40+00:00","mainEntityOfPage":{"@id":"https:\/\/www.esplac.cat\/lets-talk-about-sex-queer-easter-2023\/"},"wordCount":547,"publisher":{"@id":"https:\/\/www.esplac.cat\/#organization"},"image":{"@id":"https:\/\/www.esplac.cat\/lets-talk-about-sex-queer-easter-2023\/#primaryimage"},"thumbnailUrl":"https:\/\/www.esplac.cat\/wp-content\/uploads\/2023\/02\/Portades-Web-1-2.jpg","articleSection":["Esplac al m\u00f3n","Sense categoria"],"inLanguage":"en-US"},{"@type":"WebPage","@id":"https:\/\/www.esplac.cat\/lets-talk-about-sex-queer-easter-2023\/","url":"https:\/\/www.esplac.cat\/lets-talk-about-sex-queer-easter-2023\/","name":"'Let\u2019s talk about sex': Ja \u00e9s aqu\u00ed la Queer Easter 2023! - Esplac","isPartOf":{"@id":"https:\/\/www.esplac.cat\/#website"},"primaryImageOfPage":{"@id":"https:\/\/www.esplac.cat\/lets-talk-about-sex-queer-easter-2023\/#primaryimage"},"image":{"@id":"https:\/\/www.esplac.cat\/lets-talk-about-sex-queer-easter-2023\/#primaryimage"},"thumbnailUrl":"https:\/\/www.esplac.cat\/wp-content\/uploads\/2023\/02\/Portades-Web-1-2.jpg","datePublished":"2023-02-06T09:00:43+00:00","dateModified":"2023-02-09T09:21:40+00:00","description":"Vols participar a la Queer Easter 2023? Aquest any se centra en l\u2019educaci\u00f3 sexual, amb el tema \"Let\u2019s talk about sex\".\u00a0","breadcrumb":{"@id":"https:\/\/www.esplac.cat\/lets-talk-about-sex-queer-easter-2023\/#breadcrumb"},"inLanguage":"en-US","potentialAction":[{"@type":"ReadAction","target":["https:\/\/www.esplac.cat\/lets-talk-about-sex-queer-easter-2023\/"]}]},{"@type":"ImageObject","inLanguage":"en-US","@id":"https:\/\/www.esplac.cat\/lets-talk-about-sex-queer-easter-2023\/#primaryimage","url":"https:\/\/www.esplac.cat\/wp-content\/uploads\/2023\/02\/Portades-Web-1-2.jpg","contentUrl":"https:\/\/www.esplac.cat\/wp-content\/uploads\/2023\/02\/Portades-Web-1-2.jpg","width":1697,"height":700,"caption":"Queer Easter 2023 let's talk about sex"},{"@type":"BreadcrumbList","@id":"https:\/\/www.esplac.cat\/lets-talk-about-sex-queer-easter-2023\/#breadcrumb","itemListElement":[{"@type":"ListItem","position":1,"name":"Inici","item":"https:\/\/www.esplac.cat\/en\/"},{"@type":"ListItem","position":2,"name":"&#8216;Let\u2019s talk about sex&#8217;: Ja \u00e9s aqu\u00ed la Queer Easter 2023!"}]},{"@type":"WebSite","@id":"https:\/\/www.esplac.cat\/#website","url":"https:\/\/www.esplac.cat\/","name":"Esplac","description":"Esplais Catalans","publisher":{"@id":"https:\/\/www.esplac.cat\/#organization"},"potentialAction":[{"@type":"SearchAction","target":{"@type":"EntryPoint","urlTemplate":"https:\/\/www.esplac.cat\/?s={search_term_string}"},"query-input":{"@type":"PropertyValueSpecification","valueRequired":true,"valueName":"search_term_string"}}],"inLanguage":"en-US"},{"@type":"Organization","@id":"https:\/\/www.esplac.cat\/#organization","name":"Esplac","url":"https:\/\/www.esplac.cat\/","logo":{"@type":"ImageObject","inLanguage":"en-US","@id":"https:\/\/www.esplac.cat\/#\/schema\/logo\/image\/","url":"https:\/\/www.esplac.cat\/wp-content\/uploads\/2019\/08\/logox2.png","contentUrl":"https:\/\/www.esplac.cat\/wp-content\/uploads\/2019\/08\/logox2.png","width":600,"height":295,"caption":"Esplac"},"image":{"@id":"https:\/\/www.esplac.cat\/#\/schema\/logo\/image\/"}},{"@type":"Person","@id":"https:\/\/www.esplac.cat\/#\/schema\/person\/908383cf240be18b68f8855d0583faca","name":"Comunicaci\u00f3 Esplac","image":{"@type":"ImageObject","inLanguage":"en-US","@id":"https:\/\/secure.gravatar.com\/avatar\/7a4cf8feb412a76ea4a740ca02d95b06b2907b5a6c648c2dd0a1082a093c3141?s=96&d=mm&r=g","url":"https:\/\/secure.gravatar.com\/avatar\/7a4cf8feb412a76ea4a740ca02d95b06b2907b5a6c648c2dd0a1082a093c3141?s=96&d=mm&r=g","contentUrl":"https:\/\/secure.gravatar.com\/avatar\/7a4cf8feb412a76ea4a740ca02d95b06b2907b5a6c648c2dd0a1082a093c3141?s=96&d=mm&r=g","caption":"Comunicaci\u00f3 Esplac"}}]}},"_links":{"self":[{"href":"https:\/\/www.esplac.cat\/en\/wp-json\/wp\/v2\/posts\/43387","targetHints":{"allow":["GET"]}}],"collection":[{"href":"https:\/\/www.esplac.cat\/en\/wp-json\/wp\/v2\/posts"}],"about":[{"href":"https:\/\/www.esplac.cat\/en\/wp-json\/wp\/v2\/types\/post"}],"author":[{"embeddable":true,"href":"https:\/\/www.esplac.cat\/en\/wp-json\/wp\/v2\/users\/3"}],"replies":[{"embeddable":true,"href":"https:\/\/www.esplac.cat\/en\/wp-json\/wp\/v2\/comments?post=43387"}],"version-history":[{"count":0,"href":"https:\/\/www.esplac.cat\/en\/wp-json\/wp\/v2\/posts\/43387\/revisions"}],"wp:featuredmedia":[{"embeddable":true,"href":"https:\/\/www.esplac.cat\/en\/wp-json\/wp\/v2\/media\/43397"}],"wp:attachment":[{"href":"https:\/\/www.esplac.cat\/en\/wp-json\/wp\/v2\/media?parent=43387"}],"wp:term":[{"taxonomy":"category","embeddable":true,"href":"https:\/\/www.esplac.cat\/en\/wp-json\/wp\/v2\/categories?post=43387"},{"taxonomy":"post_tag","embeddable":true,"href":"https:\/\/www.esplac.cat\/en\/wp-json\/wp\/v2\/tags?post=43387"}],"curies":[{"name":"wp","href":"https:\/\/api.w.org\/{rel}","templated":true}]}}