{"id":43486,"date":"2023-02-10T11:54:20","date_gmt":"2023-02-10T09:54:20","guid":{"rendered":"https:\/\/www.esplac.cat\/?p=43486"},"modified":"2023-04-11T13:21:14","modified_gmt":"2023-04-11T11:21:14","slug":"cursos-estiu-marta-mata-2023","status":"publish","type":"post","link":"https:\/\/www.esplac.cat\/en\/cursos-estiu-marta-mata-2023\/","title":{"rendered":"Cursos d\u2019estiu Marta Mata 2023"},"content":{"rendered":"<h6><strong>Els cursos d&#8217;estiu Marta Mata 2023 obren inscripcions a partir del 7 de mar\u00e7.\u00a0<\/strong><\/h6>\n<p><span style=\"font-weight: 300;\">Els <strong>cursos Marta Mata<\/strong> s\u00f3n cursos de <strong>monitores (Creixement)<\/strong> i <strong>directores (\u00c8xit)<\/strong> de lleure que ofereix l\u2019Escola Lliure el Sol dirigits espec\u00edficament a les monitores i monitors dels esplais d\u2019Esplac. L\u2019Escola Lliure el Sol i Esplac dissenyem conjuntament aquests cursos per tal que el seu temari s\u2019ajusti al nostre ideari i a la realitat dels esplais d\u2019Esplac, per tal de garantir una formaci\u00f3 ajustada a les necessitats espec\u00edfiques.<\/span><\/p>\n<p>El 7 de mar\u00e7 s&#8217;obren inscripcions als cursos d\u2019estiu <span class=\"il\">Marta<\/span> <span class=\"il\">Mata<\/span> i mantenim el format que vam engegar l&#8217;any passat:<\/p>\n<blockquote><p><strong>7-12 de mar\u00e7: <\/strong>s&#8217;obre una setmana d\u2019inscripci\u00f3 SENSE PAGAMENT. A totes les persones que s&#8217;inscriguin del 7 al 12 de mar\u00e7 se\u2019ls guardar\u00e0 una pla\u00e7a. Si hi ha m\u00e9s persones inscrites que places, es far\u00e0 un sorteig prioritzant persones de sectors i esplais diversos.<\/p><\/blockquote>\n<blockquote><p><span id=\"m_6717091024043895348gmail-docs-internal-guid-c609dfc3-7fff-1165-7fb2-94a2d20ab4f2\"><strong>14-20 de mar\u00e7:<\/strong> pagament.\u00a0<\/span><\/p>\n<ul>\n<li>S\u2019informa a les persones de que se\u2019ls ha guardat la pla\u00e7a i se\u2019ls dona una setmana per pagar.<\/li>\n<li>S\u2019obren les inscripcions amb pagament dels cursos on no s\u2019hagin omplert totes les places.<\/li>\n<\/ul>\n<\/blockquote>\n<blockquote><p><strong><span id=\"m_6717091024043895348gmail-docs-internal-guid-c609dfc3-7fff-1165-7fb2-94a2d20ab4f2\">A partir del 22 de mar\u00e7:<\/span><\/strong><\/p>\n<ul>\n<li>S\u2019alliberen les places de les persones que no hagin pagat durant aquella setmana.<\/li>\n<\/ul>\n<\/blockquote>\n<p><span style=\"font-weight: 300;\">Aquest sistema d&#8217;inscripcions ens permet saber <\/span><b>quantes persones es queden fora dels cursos residencials<\/b><span style=\"font-weight: 300;\">, per revisar l\u2019oferta de cursos que oferir, i g<\/span><span style=\"font-weight: 300;\">arantir la <\/span><b>pres\u00e8ncia equitativa de monitores de diversos sectors<\/b><span style=\"font-weight: 300;\"> que vulguin assistir al curs. <\/span>Tot el procediment es realitza a trav\u00e9s de la web de l&#8217;<strong><span style=\"color: #ff9900;\"><a style=\"color: #ff9900;\" href=\"https:\/\/escolaelsol.coop\/\" target=\"_blank\" rel=\"noopener noreferrer\">Escola Lliure El Sol. <\/a><\/span><\/strong><\/p>\n<p>Podeu veure sempre la informaci\u00f3 actualitzada dels propers cursos Marta Mata a l\u2019apartat d\u2019aquest web <span style=\"color: #f69d0b;\"><a style=\"color: #f69d0b;\" href=\"https:\/\/www.esplac.cat\/formacions\/esplais\/\" target=\"_blank\" rel=\"noopener\"><strong>formaci\u00f3 pels esplais<\/strong><\/a><\/span>.<\/p>\n<p><img decoding=\"async\" class=\"aligncenter wp-image-43491 size-fusion-600\" src=\"https:\/\/www.esplac.cat\/wp-content\/uploads\/2023\/02\/Infografia-inscripcions-marta-mata-600x849.jpg\" alt=\"Cursos Marta Mata estiu 2023\" width=\"600\" height=\"849\" srcset=\"https:\/\/www.esplac.cat\/wp-content\/uploads\/2023\/02\/Infografia-inscripcions-marta-mata-200x283.jpg 200w, https:\/\/www.esplac.cat\/wp-content\/uploads\/2023\/02\/Infografia-inscripcions-marta-mata-212x300.jpg 212w, https:\/\/www.esplac.cat\/wp-content\/uploads\/2023\/02\/Infografia-inscripcions-marta-mata-400x566.jpg 400w, https:\/\/www.esplac.cat\/wp-content\/uploads\/2023\/02\/Infografia-inscripcions-marta-mata-600x849.jpg 600w, https:\/\/www.esplac.cat\/wp-content\/uploads\/2023\/02\/Infografia-inscripcions-marta-mata-724x1024.jpg 724w, https:\/\/www.esplac.cat\/wp-content\/uploads\/2023\/02\/Infografia-inscripcions-marta-mata-768x1086.jpg 768w, https:\/\/www.esplac.cat\/wp-content\/uploads\/2023\/02\/Infografia-inscripcions-marta-mata-800x1132.jpg 800w, https:\/\/www.esplac.cat\/wp-content\/uploads\/2023\/02\/Infografia-inscripcions-marta-mata-1086x1536.jpg 1086w, https:\/\/www.esplac.cat\/wp-content\/uploads\/2023\/02\/Infografia-inscripcions-marta-mata-1200x1697.jpg 1200w, https:\/\/www.esplac.cat\/wp-content\/uploads\/2023\/02\/Infografia-inscripcions-marta-mata.jpg 1414w\" sizes=\"(max-width: 600px) 100vw, 600px\" \/><\/p>\n","protected":false},"excerpt":{"rendered":"<p>Els cursos d&#8217;estiu Marta Mata 2023 obren inscripcions a partir [&hellip;]<\/p>\n","protected":false},"author":3,"featured_media":43487,"comment_status":"closed","ping_status":"closed","sticky":false,"template":"","format":"standard","meta":{"om_disable_all_campaigns":false,"_monsterinsights_skip_tracking":false,"_monsterinsights_sitenote_active":false,"_monsterinsights_sitenote_note":"","_monsterinsights_sitenote_category":0,"_uf_show_specific_survey":0,"_uf_disable_surveys":false,"footnotes":""},"categories":[1131,1,1396],"tags":[],"class_list":["post-43486","post","type-post","status-publish","format-standard","has-post-thumbnail","hentry","category-cursos-formacions","category-sense-categoria","category-socies"],"yoast_head":"<!-- This site is optimized with the Yoast SEO plugin v27.5 - https:\/\/yoast.com\/product\/yoast-seo-wordpress\/ -->\n<title>Cursos d\u2019estiu Marta Mata 2023 - Esplac<\/title>\n<meta name=\"description\" content=\"Els cursos d&#039;estiu Marta Mata 2023 obren inscripcions a partir del 7 de mar\u00e7.\u00a0A qu\u00e8 esperes per apuntar-t&#039;hi?\" \/>\n<meta name=\"robots\" content=\"index, follow, max-snippet:-1, max-image-preview:large, max-video-preview:-1\" \/>\n<link rel=\"canonical\" href=\"https:\/\/www.esplac.cat\/cursos-estiu-marta-mata-2023\/\" \/>\n<meta property=\"og:locale\" content=\"en_US\" \/>\n<meta property=\"og:type\" content=\"article\" \/>\n<meta property=\"og:title\" content=\"Cursos d\u2019estiu Marta Mata 2023 - Esplac\" \/>\n<meta property=\"og:description\" content=\"Els cursos d&#039;estiu Marta Mata 2023 obren inscripcions a partir del 7 de mar\u00e7.\u00a0A qu\u00e8 esperes per apuntar-t&#039;hi?\" \/>\n<meta property=\"og:url\" content=\"https:\/\/www.esplac.cat\/cursos-estiu-marta-mata-2023\/\" \/>\n<meta property=\"og:site_name\" content=\"Esplac\" \/>\n<meta property=\"article:published_time\" content=\"2023-02-10T09:54:20+00:00\" \/>\n<meta property=\"article:modified_time\" content=\"2023-04-11T11:21:14+00:00\" \/>\n<meta property=\"og:image\" content=\"https:\/\/www.esplac.cat\/wp-content\/uploads\/2023\/02\/MartaMata_Estiu.jpg\" \/>\n\t<meta property=\"og:image:width\" content=\"1694\" \/>\n\t<meta property=\"og:image:height\" content=\"700\" \/>\n\t<meta property=\"og:image:type\" content=\"image\/jpeg\" \/>\n<meta name=\"author\" content=\"Comunicaci\u00f3 Esplac\" \/>\n<meta name=\"twitter:card\" content=\"summary_large_image\" \/>\n<meta name=\"twitter:label1\" content=\"Written by\" \/>\n\t<meta name=\"twitter:data1\" content=\"Comunicaci\u00f3 Esplac\" \/>\n\t<meta name=\"twitter:label2\" content=\"Est. reading time\" \/>\n\t<meta name=\"twitter:data2\" content=\"2 minutes\" \/>\n<script type=\"application\/ld+json\" class=\"yoast-schema-graph\">{\"@context\":\"https:\\\/\\\/schema.org\",\"@graph\":[{\"@type\":\"Article\",\"@id\":\"https:\\\/\\\/www.esplac.cat\\\/cursos-estiu-marta-mata-2023\\\/#article\",\"isPartOf\":{\"@id\":\"https:\\\/\\\/www.esplac.cat\\\/cursos-estiu-marta-mata-2023\\\/\"},\"author\":{\"name\":\"Comunicaci\u00f3 Esplac\",\"@id\":\"https:\\\/\\\/www.esplac.cat\\\/#\\\/schema\\\/person\\\/908383cf240be18b68f8855d0583faca\"},\"headline\":\"Cursos d\u2019estiu Marta Mata 2023\",\"datePublished\":\"2023-02-10T09:54:20+00:00\",\"dateModified\":\"2023-04-11T11:21:14+00:00\",\"mainEntityOfPage\":{\"@id\":\"https:\\\/\\\/www.esplac.cat\\\/cursos-estiu-marta-mata-2023\\\/\"},\"wordCount\":302,\"publisher\":{\"@id\":\"https:\\\/\\\/www.esplac.cat\\\/#organization\"},\"image\":{\"@id\":\"https:\\\/\\\/www.esplac.cat\\\/cursos-estiu-marta-mata-2023\\\/#primaryimage\"},\"thumbnailUrl\":\"https:\\\/\\\/www.esplac.cat\\\/wp-content\\\/uploads\\\/2023\\\/02\\\/MartaMata_Estiu.jpg\",\"articleSection\":[\"Cursos i formacions\",\"Sense categoria\",\"S\u00f2cies\"],\"inLanguage\":\"en-US\"},{\"@type\":\"WebPage\",\"@id\":\"https:\\\/\\\/www.esplac.cat\\\/cursos-estiu-marta-mata-2023\\\/\",\"url\":\"https:\\\/\\\/www.esplac.cat\\\/cursos-estiu-marta-mata-2023\\\/\",\"name\":\"Cursos d\u2019estiu Marta Mata 2023 - Esplac\",\"isPartOf\":{\"@id\":\"https:\\\/\\\/www.esplac.cat\\\/#website\"},\"primaryImageOfPage\":{\"@id\":\"https:\\\/\\\/www.esplac.cat\\\/cursos-estiu-marta-mata-2023\\\/#primaryimage\"},\"image\":{\"@id\":\"https:\\\/\\\/www.esplac.cat\\\/cursos-estiu-marta-mata-2023\\\/#primaryimage\"},\"thumbnailUrl\":\"https:\\\/\\\/www.esplac.cat\\\/wp-content\\\/uploads\\\/2023\\\/02\\\/MartaMata_Estiu.jpg\",\"datePublished\":\"2023-02-10T09:54:20+00:00\",\"dateModified\":\"2023-04-11T11:21:14+00:00\",\"description\":\"Els cursos d'estiu Marta Mata 2023 obren inscripcions a partir del 7 de mar\u00e7.\u00a0A qu\u00e8 esperes per apuntar-t'hi?\",\"breadcrumb\":{\"@id\":\"https:\\\/\\\/www.esplac.cat\\\/cursos-estiu-marta-mata-2023\\\/#breadcrumb\"},\"inLanguage\":\"en-US\",\"potentialAction\":[{\"@type\":\"ReadAction\",\"target\":[\"https:\\\/\\\/www.esplac.cat\\\/cursos-estiu-marta-mata-2023\\\/\"]}]},{\"@type\":\"ImageObject\",\"inLanguage\":\"en-US\",\"@id\":\"https:\\\/\\\/www.esplac.cat\\\/cursos-estiu-marta-mata-2023\\\/#primaryimage\",\"url\":\"https:\\\/\\\/www.esplac.cat\\\/wp-content\\\/uploads\\\/2023\\\/02\\\/MartaMata_Estiu.jpg\",\"contentUrl\":\"https:\\\/\\\/www.esplac.cat\\\/wp-content\\\/uploads\\\/2023\\\/02\\\/MartaMata_Estiu.jpg\",\"width\":1694,\"height\":700,\"caption\":\"Cursos Marta Mata Estiu 2023\"},{\"@type\":\"BreadcrumbList\",\"@id\":\"https:\\\/\\\/www.esplac.cat\\\/cursos-estiu-marta-mata-2023\\\/#breadcrumb\",\"itemListElement\":[{\"@type\":\"ListItem\",\"position\":1,\"name\":\"Inici\",\"item\":\"https:\\\/\\\/www.esplac.cat\\\/en\\\/\"},{\"@type\":\"ListItem\",\"position\":2,\"name\":\"Cursos d\u2019estiu Marta Mata 2023\"}]},{\"@type\":\"WebSite\",\"@id\":\"https:\\\/\\\/www.esplac.cat\\\/#website\",\"url\":\"https:\\\/\\\/www.esplac.cat\\\/\",\"name\":\"Esplac\",\"description\":\"Esplais Catalans\",\"publisher\":{\"@id\":\"https:\\\/\\\/www.esplac.cat\\\/#organization\"},\"potentialAction\":[{\"@type\":\"SearchAction\",\"target\":{\"@type\":\"EntryPoint\",\"urlTemplate\":\"https:\\\/\\\/www.esplac.cat\\\/?s={search_term_string}\"},\"query-input\":{\"@type\":\"PropertyValueSpecification\",\"valueRequired\":true,\"valueName\":\"search_term_string\"}}],\"inLanguage\":\"en-US\"},{\"@type\":\"Organization\",\"@id\":\"https:\\\/\\\/www.esplac.cat\\\/#organization\",\"name\":\"Esplac\",\"url\":\"https:\\\/\\\/www.esplac.cat\\\/\",\"logo\":{\"@type\":\"ImageObject\",\"inLanguage\":\"en-US\",\"@id\":\"https:\\\/\\\/www.esplac.cat\\\/#\\\/schema\\\/logo\\\/image\\\/\",\"url\":\"https:\\\/\\\/www.esplac.cat\\\/wp-content\\\/uploads\\\/2019\\\/08\\\/logox2.png\",\"contentUrl\":\"https:\\\/\\\/www.esplac.cat\\\/wp-content\\\/uploads\\\/2019\\\/08\\\/logox2.png\",\"width\":600,\"height\":295,\"caption\":\"Esplac\"},\"image\":{\"@id\":\"https:\\\/\\\/www.esplac.cat\\\/#\\\/schema\\\/logo\\\/image\\\/\"}},{\"@type\":\"Person\",\"@id\":\"https:\\\/\\\/www.esplac.cat\\\/#\\\/schema\\\/person\\\/908383cf240be18b68f8855d0583faca\",\"name\":\"Comunicaci\u00f3 Esplac\",\"image\":{\"@type\":\"ImageObject\",\"inLanguage\":\"en-US\",\"@id\":\"https:\\\/\\\/secure.gravatar.com\\\/avatar\\\/7a4cf8feb412a76ea4a740ca02d95b06b2907b5a6c648c2dd0a1082a093c3141?s=96&d=mm&r=g\",\"url\":\"https:\\\/\\\/secure.gravatar.com\\\/avatar\\\/7a4cf8feb412a76ea4a740ca02d95b06b2907b5a6c648c2dd0a1082a093c3141?s=96&d=mm&r=g\",\"contentUrl\":\"https:\\\/\\\/secure.gravatar.com\\\/avatar\\\/7a4cf8feb412a76ea4a740ca02d95b06b2907b5a6c648c2dd0a1082a093c3141?s=96&d=mm&r=g\",\"caption\":\"Comunicaci\u00f3 Esplac\"}}]}<\/script>\n<!-- \/ Yoast SEO plugin. -->","yoast_head_json":{"title":"Cursos d\u2019estiu Marta Mata 2023 - Esplac","description":"Els cursos d'estiu Marta Mata 2023 obren inscripcions a partir del 7 de mar\u00e7.\u00a0A qu\u00e8 esperes per apuntar-t'hi?","robots":{"index":"index","follow":"follow","max-snippet":"max-snippet:-1","max-image-preview":"max-image-preview:large","max-video-preview":"max-video-preview:-1"},"canonical":"https:\/\/www.esplac.cat\/cursos-estiu-marta-mata-2023\/","og_locale":"en_US","og_type":"article","og_title":"Cursos d\u2019estiu Marta Mata 2023 - Esplac","og_description":"Els cursos d'estiu Marta Mata 2023 obren inscripcions a partir del 7 de mar\u00e7.\u00a0A qu\u00e8 esperes per apuntar-t'hi?","og_url":"https:\/\/www.esplac.cat\/cursos-estiu-marta-mata-2023\/","og_site_name":"Esplac","article_published_time":"2023-02-10T09:54:20+00:00","article_modified_time":"2023-04-11T11:21:14+00:00","og_image":[{"width":1694,"height":700,"url":"https:\/\/www.esplac.cat\/wp-content\/uploads\/2023\/02\/MartaMata_Estiu.jpg","type":"image\/jpeg"}],"author":"Comunicaci\u00f3 Esplac","twitter_card":"summary_large_image","twitter_misc":{"Written by":"Comunicaci\u00f3 Esplac","Est. reading time":"2 minutes"},"schema":{"@context":"https:\/\/schema.org","@graph":[{"@type":"Article","@id":"https:\/\/www.esplac.cat\/cursos-estiu-marta-mata-2023\/#article","isPartOf":{"@id":"https:\/\/www.esplac.cat\/cursos-estiu-marta-mata-2023\/"},"author":{"name":"Comunicaci\u00f3 Esplac","@id":"https:\/\/www.esplac.cat\/#\/schema\/person\/908383cf240be18b68f8855d0583faca"},"headline":"Cursos d\u2019estiu Marta Mata 2023","datePublished":"2023-02-10T09:54:20+00:00","dateModified":"2023-04-11T11:21:14+00:00","mainEntityOfPage":{"@id":"https:\/\/www.esplac.cat\/cursos-estiu-marta-mata-2023\/"},"wordCount":302,"publisher":{"@id":"https:\/\/www.esplac.cat\/#organization"},"image":{"@id":"https:\/\/www.esplac.cat\/cursos-estiu-marta-mata-2023\/#primaryimage"},"thumbnailUrl":"https:\/\/www.esplac.cat\/wp-content\/uploads\/2023\/02\/MartaMata_Estiu.jpg","articleSection":["Cursos i formacions","Sense categoria","S\u00f2cies"],"inLanguage":"en-US"},{"@type":"WebPage","@id":"https:\/\/www.esplac.cat\/cursos-estiu-marta-mata-2023\/","url":"https:\/\/www.esplac.cat\/cursos-estiu-marta-mata-2023\/","name":"Cursos d\u2019estiu Marta Mata 2023 - Esplac","isPartOf":{"@id":"https:\/\/www.esplac.cat\/#website"},"primaryImageOfPage":{"@id":"https:\/\/www.esplac.cat\/cursos-estiu-marta-mata-2023\/#primaryimage"},"image":{"@id":"https:\/\/www.esplac.cat\/cursos-estiu-marta-mata-2023\/#primaryimage"},"thumbnailUrl":"https:\/\/www.esplac.cat\/wp-content\/uploads\/2023\/02\/MartaMata_Estiu.jpg","datePublished":"2023-02-10T09:54:20+00:00","dateModified":"2023-04-11T11:21:14+00:00","description":"Els cursos d'estiu Marta Mata 2023 obren inscripcions a partir del 7 de mar\u00e7.\u00a0A qu\u00e8 esperes per apuntar-t'hi?","breadcrumb":{"@id":"https:\/\/www.esplac.cat\/cursos-estiu-marta-mata-2023\/#breadcrumb"},"inLanguage":"en-US","potentialAction":[{"@type":"ReadAction","target":["https:\/\/www.esplac.cat\/cursos-estiu-marta-mata-2023\/"]}]},{"@type":"ImageObject","inLanguage":"en-US","@id":"https:\/\/www.esplac.cat\/cursos-estiu-marta-mata-2023\/#primaryimage","url":"https:\/\/www.esplac.cat\/wp-content\/uploads\/2023\/02\/MartaMata_Estiu.jpg","contentUrl":"https:\/\/www.esplac.cat\/wp-content\/uploads\/2023\/02\/MartaMata_Estiu.jpg","width":1694,"height":700,"caption":"Cursos Marta Mata Estiu 2023"},{"@type":"BreadcrumbList","@id":"https:\/\/www.esplac.cat\/cursos-estiu-marta-mata-2023\/#breadcrumb","itemListElement":[{"@type":"ListItem","position":1,"name":"Inici","item":"https:\/\/www.esplac.cat\/en\/"},{"@type":"ListItem","position":2,"name":"Cursos d\u2019estiu Marta Mata 2023"}]},{"@type":"WebSite","@id":"https:\/\/www.esplac.cat\/#website","url":"https:\/\/www.esplac.cat\/","name":"Esplac","description":"Esplais Catalans","publisher":{"@id":"https:\/\/www.esplac.cat\/#organization"},"potentialAction":[{"@type":"SearchAction","target":{"@type":"EntryPoint","urlTemplate":"https:\/\/www.esplac.cat\/?s={search_term_string}"},"query-input":{"@type":"PropertyValueSpecification","valueRequired":true,"valueName":"search_term_string"}}],"inLanguage":"en-US"},{"@type":"Organization","@id":"https:\/\/www.esplac.cat\/#organization","name":"Esplac","url":"https:\/\/www.esplac.cat\/","logo":{"@type":"ImageObject","inLanguage":"en-US","@id":"https:\/\/www.esplac.cat\/#\/schema\/logo\/image\/","url":"https:\/\/www.esplac.cat\/wp-content\/uploads\/2019\/08\/logox2.png","contentUrl":"https:\/\/www.esplac.cat\/wp-content\/uploads\/2019\/08\/logox2.png","width":600,"height":295,"caption":"Esplac"},"image":{"@id":"https:\/\/www.esplac.cat\/#\/schema\/logo\/image\/"}},{"@type":"Person","@id":"https:\/\/www.esplac.cat\/#\/schema\/person\/908383cf240be18b68f8855d0583faca","name":"Comunicaci\u00f3 Esplac","image":{"@type":"ImageObject","inLanguage":"en-US","@id":"https:\/\/secure.gravatar.com\/avatar\/7a4cf8feb412a76ea4a740ca02d95b06b2907b5a6c648c2dd0a1082a093c3141?s=96&d=mm&r=g","url":"https:\/\/secure.gravatar.com\/avatar\/7a4cf8feb412a76ea4a740ca02d95b06b2907b5a6c648c2dd0a1082a093c3141?s=96&d=mm&r=g","contentUrl":"https:\/\/secure.gravatar.com\/avatar\/7a4cf8feb412a76ea4a740ca02d95b06b2907b5a6c648c2dd0a1082a093c3141?s=96&d=mm&r=g","caption":"Comunicaci\u00f3 Esplac"}}]}},"_links":{"self":[{"href":"https:\/\/www.esplac.cat\/en\/wp-json\/wp\/v2\/posts\/43486","targetHints":{"allow":["GET"]}}],"collection":[{"href":"https:\/\/www.esplac.cat\/en\/wp-json\/wp\/v2\/posts"}],"about":[{"href":"https:\/\/www.esplac.cat\/en\/wp-json\/wp\/v2\/types\/post"}],"author":[{"embeddable":true,"href":"https:\/\/www.esplac.cat\/en\/wp-json\/wp\/v2\/users\/3"}],"replies":[{"embeddable":true,"href":"https:\/\/www.esplac.cat\/en\/wp-json\/wp\/v2\/comments?post=43486"}],"version-history":[{"count":0,"href":"https:\/\/www.esplac.cat\/en\/wp-json\/wp\/v2\/posts\/43486\/revisions"}],"wp:featuredmedia":[{"embeddable":true,"href":"https:\/\/www.esplac.cat\/en\/wp-json\/wp\/v2\/media\/43487"}],"wp:attachment":[{"href":"https:\/\/www.esplac.cat\/en\/wp-json\/wp\/v2\/media?parent=43486"}],"wp:term":[{"taxonomy":"category","embeddable":true,"href":"https:\/\/www.esplac.cat\/en\/wp-json\/wp\/v2\/categories?post=43486"},{"taxonomy":"post_tag","embeddable":true,"href":"https:\/\/www.esplac.cat\/en\/wp-json\/wp\/v2\/tags?post=43486"}],"curies":[{"name":"wp","href":"https:\/\/api.w.org\/{rel}","templated":true}]}}