{"id":43501,"date":"2023-02-09T13:07:21","date_gmt":"2023-02-09T11:07:21","guid":{"rendered":"https:\/\/www.esplac.cat\/?p=43501"},"modified":"2023-02-10T14:34:13","modified_gmt":"2023-02-10T12:34:13","slug":"trobada-monis-sector-maresme-exit","status":"publish","type":"post","link":"https:\/\/www.esplac.cat\/en\/trobada-monis-sector-maresme-exit\/","title":{"rendered":"La trobada de monis del Sector Maresme, tot un \u00e8xit!"},"content":{"rendered":"<h6><strong>Per primer cop despr\u00e9s de la pand\u00e8mia, les monitores i els monitors del sector viuen una trobada de cap de setmana amb formacions i activitats de cohesi\u00f3.<\/strong><\/h6>\n<p>El cap de setmana del 21 i 22 de juny de 2019, les monitores i monitors del <span style=\"color: #f69d0b;\"><a style=\"color: #f69d0b;\" href=\"https:\/\/www.esplac.cat\/sectors-geografics\/maresme\/\" target=\"_blank\" rel=\"noopener\"><strong>Sector Maresme<\/strong><\/a> <\/span>donaven la benvinguda a l&#8217;estiu fent la tradicional <strong>trobada de monis<\/strong> a un terreny d&#8217;acampada de Vallgorguina. A l&#8217;hora dels comiats, mentre plegaven tendes i acabaven de recollir material dispersat pel camp, ja parlaven de quan seria la pr\u00f2xima trobada, amb ganes de repetir l&#8217;experi\u00e8ncia ben aviat.<\/p>\n<p>Malauradament, ja sabem que tot all\u00f2 previst per l&#8217;any seg\u00fcent se&#8217;n va anar en orris amb l&#8217;esclat de la pand\u00e8mia. Si b\u00e9 \u00e9s cert que ja al 2021 es va recuperar la Santa Pinya, la trobada formativa del sector, no ha estat fins al fins al 2023 que el sector ha tornat a realitzar una trobada de monis de cap de setmana. I quina falta que feia!<\/p>\n<p>Aix\u00ed doncs, el cap de setmana del 4 i 5 de mar\u00e7 <strong>m\u00e9s de 30 monis<\/strong> s&#8217;han trobat al terreny de <span style=\"color: #f69d0b;\"><a style=\"color: #f69d0b;\" href=\"https:\/\/www.decolonies.com\/casadecolonies\/capuxi\" target=\"_blank\" rel=\"noopener\"><strong>Can Puigoriol Xic<\/strong><\/a><\/span> (Corr\u00f3 d&#8217;Amunt). Han realitzat dues <strong>formacions <\/strong>a c\u00e0rrec de l&#8217;<strong><span style=\"color: #f69d0b;\"><a style=\"color: #f69d0b;\" href=\"https:\/\/escolaelsol.coop\/\" target=\"_blank\" rel=\"noopener\">Escola Lliure el Sol<\/a><\/span><\/strong>, <i>Alternatives al c\u00e0stig<\/i>\u00a0i\u00a0<i>Atenci\u00f3 a les necessitats educatives espec\u00edfiques,<\/i> i han fet activitats de <strong>coneixen\u00e7a i cohesi\u00f3<\/strong>. A la trobada hi han participat monis dels esplais <span style=\"color: #f69d0b;\"><a style=\"color: #f69d0b;\" href=\"https:\/\/esplai4pedres.wordpress.com\/\" target=\"_blank\" rel=\"noopener\"><strong>4Pedres<\/strong><\/a> <\/span>(Dosrius), <span style=\"color: #f69d0b;\"><a style=\"color: #f69d0b;\" href=\"https:\/\/web.esplaibitxus.org\/\" target=\"_blank\" rel=\"noopener\"><strong>Bitxus<\/strong><\/a><\/span> (Canet de Mar) <span style=\"color: #f69d0b;\"><strong><a style=\"color: #f69d0b;\" href=\"https:\/\/www.instagram.com\/esplaigarbi\/\" target=\"_blank\" rel=\"noopener\">Garb\u00ed<\/a><\/strong><\/span>, <span style=\"color: #f69d0b;\"><a style=\"color: #f69d0b;\" href=\"https:\/\/olladegrills.wixsite.com\/esplai\" target=\"_blank\" rel=\"noopener\"><strong>L&#8217;Olla de Grills<\/strong><\/a><\/span> i <a href=\"https:\/\/www.esplailatribu.cat\/\" target=\"_blank\" rel=\"noopener\"><span style=\"color: #f69d0b;\"><strong>la Tribu<\/strong> <\/span><\/a>(Matar\u00f3).<\/p>\n<p>La trobada s&#8217;ha valorat molt positivament, tant per les formacions rebudes com per l&#8217;oportunitat de con\u00e8ixer altres monis dels esplais tot compartint moments d&#8217;esbarjo i \u00e0pats conjunts. Amb l&#8217;energia i \u00e0nims d&#8217;aquesta cap de setmana, el sector maresme encara amb motivaci\u00f3 les properes trobades del curs: el Curs Marta Mata Acollida i la Tropicalitza&#8217;t!<\/p>\n<div><\/div>\n<div>\n\n\t\t<style type=\"text\/css\">\n\t\t\t#gallery-1 {\n\t\t\t\tmargin: auto;\n\t\t\t}\n\t\t\t#gallery-1 .gallery-item {\n\t\t\t\tfloat: left;\n\t\t\t\tmargin-top: 10px;\n\t\t\t\ttext-align: center;\n\t\t\t\twidth: 33%;\n\t\t\t}\n\t\t\t#gallery-1 img {\n\t\t\t\tborder: 2px solid #cfcfcf;\n\t\t\t}\n\t\t\t#gallery-1 .gallery-caption {\n\t\t\t\tmargin-left: 0;\n\t\t\t}\n\t\t\t\/* see gallery_shortcode() in wp-includes\/media.php *\/\n\t\t<\/style>\n\t\t<div id='gallery-1' class='gallery galleryid-43501 gallery-columns-3 gallery-size-fusion-400'><dl class='gallery-item'>\n\t\t\t<dt class='gallery-icon landscape'>\n\t\t\t\t<a data-rel=\"iLightbox[postimages]\" data-title=\"1\" data-caption=\"\" href='https:\/\/www.esplac.cat\/en\/1-27-2\/'><img decoding=\"async\" width=\"400\" height=\"400\" src=\"https:\/\/www.esplac.cat\/wp-content\/uploads\/2023\/02\/1-400x400.jpg\" class=\"attachment-fusion-400 size-fusion-400\" alt=\"trobada monis Maresme\" srcset=\"https:\/\/www.esplac.cat\/wp-content\/uploads\/2023\/02\/1-66x66.jpg 66w, https:\/\/www.esplac.cat\/wp-content\/uploads\/2023\/02\/1-150x150.jpg 150w, https:\/\/www.esplac.cat\/wp-content\/uploads\/2023\/02\/1-200x200.jpg 200w, https:\/\/www.esplac.cat\/wp-content\/uploads\/2023\/02\/1-300x300.jpg 300w, https:\/\/www.esplac.cat\/wp-content\/uploads\/2023\/02\/1-400x400.jpg 400w, https:\/\/www.esplac.cat\/wp-content\/uploads\/2023\/02\/1-600x600.jpg 600w, https:\/\/www.esplac.cat\/wp-content\/uploads\/2023\/02\/1-768x768.jpg 768w, https:\/\/www.esplac.cat\/wp-content\/uploads\/2023\/02\/1-800x800.jpg 800w, https:\/\/www.esplac.cat\/wp-content\/uploads\/2023\/02\/1-1024x1024.jpg 1024w, https:\/\/www.esplac.cat\/wp-content\/uploads\/2023\/02\/1.jpg 1080w\" sizes=\"(max-width: 400px) 100vw, 400px\" \/><\/a>\n\t\t\t<\/dt><\/dl><dl class='gallery-item'>\n\t\t\t<dt class='gallery-icon landscape'>\n\t\t\t\t<a data-rel=\"iLightbox[postimages]\" data-title=\"2\" data-caption=\"\" href='https:\/\/www.esplac.cat\/en\/2-38-2\/'><img decoding=\"async\" width=\"400\" height=\"400\" src=\"https:\/\/www.esplac.cat\/wp-content\/uploads\/2023\/02\/2-400x400.jpg\" class=\"attachment-fusion-400 size-fusion-400\" alt=\"Trobada monis Maresme\" srcset=\"https:\/\/www.esplac.cat\/wp-content\/uploads\/2023\/02\/2-66x66.jpg 66w, https:\/\/www.esplac.cat\/wp-content\/uploads\/2023\/02\/2-150x150.jpg 150w, https:\/\/www.esplac.cat\/wp-content\/uploads\/2023\/02\/2-200x200.jpg 200w, https:\/\/www.esplac.cat\/wp-content\/uploads\/2023\/02\/2-300x300.jpg 300w, https:\/\/www.esplac.cat\/wp-content\/uploads\/2023\/02\/2-400x400.jpg 400w, https:\/\/www.esplac.cat\/wp-content\/uploads\/2023\/02\/2-600x600.jpg 600w, https:\/\/www.esplac.cat\/wp-content\/uploads\/2023\/02\/2-768x768.jpg 768w, https:\/\/www.esplac.cat\/wp-content\/uploads\/2023\/02\/2-800x800.jpg 800w, https:\/\/www.esplac.cat\/wp-content\/uploads\/2023\/02\/2-1024x1024.jpg 1024w, https:\/\/www.esplac.cat\/wp-content\/uploads\/2023\/02\/2.jpg 1080w\" sizes=\"(max-width: 400px) 100vw, 400px\" \/><\/a>\n\t\t\t<\/dt><\/dl><dl class='gallery-item'>\n\t\t\t<dt class='gallery-icon landscape'>\n\t\t\t\t<a data-rel=\"iLightbox[postimages]\" data-title=\"4\" data-caption=\"\" href='https:\/\/www.esplac.cat\/en\/4-13-2\/'><img decoding=\"async\" width=\"400\" height=\"400\" src=\"https:\/\/www.esplac.cat\/wp-content\/uploads\/2023\/02\/4-400x400.jpg\" class=\"attachment-fusion-400 size-fusion-400\" alt=\"Trobada monis Maresme\" srcset=\"https:\/\/www.esplac.cat\/wp-content\/uploads\/2023\/02\/4-66x66.jpg 66w, https:\/\/www.esplac.cat\/wp-content\/uploads\/2023\/02\/4-150x150.jpg 150w, https:\/\/www.esplac.cat\/wp-content\/uploads\/2023\/02\/4-200x200.jpg 200w, https:\/\/www.esplac.cat\/wp-content\/uploads\/2023\/02\/4-300x300.jpg 300w, https:\/\/www.esplac.cat\/wp-content\/uploads\/2023\/02\/4-400x400.jpg 400w, https:\/\/www.esplac.cat\/wp-content\/uploads\/2023\/02\/4-600x600.jpg 600w, https:\/\/www.esplac.cat\/wp-content\/uploads\/2023\/02\/4-768x768.jpg 768w, https:\/\/www.esplac.cat\/wp-content\/uploads\/2023\/02\/4-800x800.jpg 800w, https:\/\/www.esplac.cat\/wp-content\/uploads\/2023\/02\/4-1024x1024.jpg 1024w, https:\/\/www.esplac.cat\/wp-content\/uploads\/2023\/02\/4.jpg 1080w\" sizes=\"(max-width: 400px) 100vw, 400px\" \/><\/a>\n\t\t\t<\/dt><\/dl><br style=\"clear: both\" \/>\n\t\t<\/div>\n\n<\/div>\n","protected":false},"excerpt":{"rendered":"<p>Per primer cop despr\u00e9s de la pand\u00e8mia, les monitores i [&hellip;]<\/p>\n","protected":false},"author":3,"featured_media":43503,"comment_status":"closed","ping_status":"closed","sticky":false,"template":"","format":"standard","meta":{"om_disable_all_campaigns":false,"_monsterinsights_skip_tracking":false,"_monsterinsights_sitenote_active":false,"_monsterinsights_sitenote_note":"","_monsterinsights_sitenote_category":0,"_uf_show_specific_survey":0,"_uf_disable_surveys":false,"footnotes":""},"categories":[1113,1],"tags":[],"class_list":["post-43501","post","type-post","status-publish","format-standard","has-post-thumbnail","hentry","category-sector-maresme","category-sense-categoria"],"yoast_head":"<!-- This site is optimized with the Yoast SEO plugin v27.5 - https:\/\/yoast.com\/product\/yoast-seo-wordpress\/ -->\n<title>La trobada de monis del Sector Maresme, tot un \u00e8xit! - Esplac<\/title>\n<meta name=\"description\" content=\"Per primer cop despr\u00e9s de la pand\u00e8mia, les monis del Maresme viuen una trobada de cap de setmana amb formacions i activitats de cohesi\u00f3.\" \/>\n<meta name=\"robots\" content=\"index, follow, max-snippet:-1, max-image-preview:large, max-video-preview:-1\" \/>\n<link rel=\"canonical\" href=\"https:\/\/www.esplac.cat\/trobada-monis-sector-maresme-exit\/\" \/>\n<meta property=\"og:locale\" content=\"en_US\" \/>\n<meta property=\"og:type\" content=\"article\" \/>\n<meta property=\"og:title\" content=\"La trobada de monis del Sector Maresme, tot un \u00e8xit! - Esplac\" \/>\n<meta property=\"og:description\" content=\"Per primer cop despr\u00e9s de la pand\u00e8mia, les monis del Maresme viuen una trobada de cap de setmana amb formacions i activitats de cohesi\u00f3.\" \/>\n<meta property=\"og:url\" content=\"https:\/\/www.esplac.cat\/trobada-monis-sector-maresme-exit\/\" \/>\n<meta property=\"og:site_name\" content=\"Esplac\" \/>\n<meta property=\"article:published_time\" content=\"2023-02-09T11:07:21+00:00\" \/>\n<meta property=\"article:modified_time\" content=\"2023-02-10T12:34:13+00:00\" \/>\n<meta property=\"og:image\" content=\"https:\/\/www.esplac.cat\/wp-content\/uploads\/2023\/02\/maremse-portada.jpg\" \/>\n\t<meta property=\"og:image:width\" content=\"1694\" \/>\n\t<meta property=\"og:image:height\" content=\"700\" \/>\n\t<meta property=\"og:image:type\" content=\"image\/jpeg\" \/>\n<meta name=\"author\" content=\"Comunicaci\u00f3 Esplac\" \/>\n<meta name=\"twitter:card\" content=\"summary_large_image\" \/>\n<meta name=\"twitter:label1\" content=\"Written by\" \/>\n\t<meta name=\"twitter:data1\" content=\"Comunicaci\u00f3 Esplac\" \/>\n\t<meta name=\"twitter:label2\" content=\"Est. reading time\" \/>\n\t<meta name=\"twitter:data2\" content=\"2 minutes\" \/>\n<script type=\"application\/ld+json\" class=\"yoast-schema-graph\">{\"@context\":\"https:\\\/\\\/schema.org\",\"@graph\":[{\"@type\":\"Article\",\"@id\":\"https:\\\/\\\/www.esplac.cat\\\/trobada-monis-sector-maresme-exit\\\/#article\",\"isPartOf\":{\"@id\":\"https:\\\/\\\/www.esplac.cat\\\/trobada-monis-sector-maresme-exit\\\/\"},\"author\":{\"name\":\"Comunicaci\u00f3 Esplac\",\"@id\":\"https:\\\/\\\/www.esplac.cat\\\/#\\\/schema\\\/person\\\/908383cf240be18b68f8855d0583faca\"},\"headline\":\"La trobada de monis del Sector Maresme, tot un \u00e8xit!\",\"datePublished\":\"2023-02-09T11:07:21+00:00\",\"dateModified\":\"2023-02-10T12:34:13+00:00\",\"mainEntityOfPage\":{\"@id\":\"https:\\\/\\\/www.esplac.cat\\\/trobada-monis-sector-maresme-exit\\\/\"},\"wordCount\":327,\"publisher\":{\"@id\":\"https:\\\/\\\/www.esplac.cat\\\/#organization\"},\"image\":{\"@id\":\"https:\\\/\\\/www.esplac.cat\\\/trobada-monis-sector-maresme-exit\\\/#primaryimage\"},\"thumbnailUrl\":\"https:\\\/\\\/www.esplac.cat\\\/wp-content\\\/uploads\\\/2023\\\/02\\\/maremse-portada.jpg\",\"articleSection\":[\"Sector Maresme\",\"Sense categoria\"],\"inLanguage\":\"en-US\"},{\"@type\":\"WebPage\",\"@id\":\"https:\\\/\\\/www.esplac.cat\\\/trobada-monis-sector-maresme-exit\\\/\",\"url\":\"https:\\\/\\\/www.esplac.cat\\\/trobada-monis-sector-maresme-exit\\\/\",\"name\":\"La trobada de monis del Sector Maresme, tot un \u00e8xit! - Esplac\",\"isPartOf\":{\"@id\":\"https:\\\/\\\/www.esplac.cat\\\/#website\"},\"primaryImageOfPage\":{\"@id\":\"https:\\\/\\\/www.esplac.cat\\\/trobada-monis-sector-maresme-exit\\\/#primaryimage\"},\"image\":{\"@id\":\"https:\\\/\\\/www.esplac.cat\\\/trobada-monis-sector-maresme-exit\\\/#primaryimage\"},\"thumbnailUrl\":\"https:\\\/\\\/www.esplac.cat\\\/wp-content\\\/uploads\\\/2023\\\/02\\\/maremse-portada.jpg\",\"datePublished\":\"2023-02-09T11:07:21+00:00\",\"dateModified\":\"2023-02-10T12:34:13+00:00\",\"description\":\"Per primer cop despr\u00e9s de la pand\u00e8mia, les monis del Maresme viuen una trobada de cap de setmana amb formacions i activitats de cohesi\u00f3.\",\"breadcrumb\":{\"@id\":\"https:\\\/\\\/www.esplac.cat\\\/trobada-monis-sector-maresme-exit\\\/#breadcrumb\"},\"inLanguage\":\"en-US\",\"potentialAction\":[{\"@type\":\"ReadAction\",\"target\":[\"https:\\\/\\\/www.esplac.cat\\\/trobada-monis-sector-maresme-exit\\\/\"]}]},{\"@type\":\"ImageObject\",\"inLanguage\":\"en-US\",\"@id\":\"https:\\\/\\\/www.esplac.cat\\\/trobada-monis-sector-maresme-exit\\\/#primaryimage\",\"url\":\"https:\\\/\\\/www.esplac.cat\\\/wp-content\\\/uploads\\\/2023\\\/02\\\/maremse-portada.jpg\",\"contentUrl\":\"https:\\\/\\\/www.esplac.cat\\\/wp-content\\\/uploads\\\/2023\\\/02\\\/maremse-portada.jpg\",\"width\":1694,\"height\":700},{\"@type\":\"BreadcrumbList\",\"@id\":\"https:\\\/\\\/www.esplac.cat\\\/trobada-monis-sector-maresme-exit\\\/#breadcrumb\",\"itemListElement\":[{\"@type\":\"ListItem\",\"position\":1,\"name\":\"Inici\",\"item\":\"https:\\\/\\\/www.esplac.cat\\\/en\\\/\"},{\"@type\":\"ListItem\",\"position\":2,\"name\":\"La trobada de monis del Sector Maresme, tot un \u00e8xit!\"}]},{\"@type\":\"WebSite\",\"@id\":\"https:\\\/\\\/www.esplac.cat\\\/#website\",\"url\":\"https:\\\/\\\/www.esplac.cat\\\/\",\"name\":\"Esplac\",\"description\":\"Esplais Catalans\",\"publisher\":{\"@id\":\"https:\\\/\\\/www.esplac.cat\\\/#organization\"},\"potentialAction\":[{\"@type\":\"SearchAction\",\"target\":{\"@type\":\"EntryPoint\",\"urlTemplate\":\"https:\\\/\\\/www.esplac.cat\\\/?s={search_term_string}\"},\"query-input\":{\"@type\":\"PropertyValueSpecification\",\"valueRequired\":true,\"valueName\":\"search_term_string\"}}],\"inLanguage\":\"en-US\"},{\"@type\":\"Organization\",\"@id\":\"https:\\\/\\\/www.esplac.cat\\\/#organization\",\"name\":\"Esplac\",\"url\":\"https:\\\/\\\/www.esplac.cat\\\/\",\"logo\":{\"@type\":\"ImageObject\",\"inLanguage\":\"en-US\",\"@id\":\"https:\\\/\\\/www.esplac.cat\\\/#\\\/schema\\\/logo\\\/image\\\/\",\"url\":\"https:\\\/\\\/www.esplac.cat\\\/wp-content\\\/uploads\\\/2019\\\/08\\\/logox2.png\",\"contentUrl\":\"https:\\\/\\\/www.esplac.cat\\\/wp-content\\\/uploads\\\/2019\\\/08\\\/logox2.png\",\"width\":600,\"height\":295,\"caption\":\"Esplac\"},\"image\":{\"@id\":\"https:\\\/\\\/www.esplac.cat\\\/#\\\/schema\\\/logo\\\/image\\\/\"}},{\"@type\":\"Person\",\"@id\":\"https:\\\/\\\/www.esplac.cat\\\/#\\\/schema\\\/person\\\/908383cf240be18b68f8855d0583faca\",\"name\":\"Comunicaci\u00f3 Esplac\",\"image\":{\"@type\":\"ImageObject\",\"inLanguage\":\"en-US\",\"@id\":\"https:\\\/\\\/secure.gravatar.com\\\/avatar\\\/7a4cf8feb412a76ea4a740ca02d95b06b2907b5a6c648c2dd0a1082a093c3141?s=96&d=mm&r=g\",\"url\":\"https:\\\/\\\/secure.gravatar.com\\\/avatar\\\/7a4cf8feb412a76ea4a740ca02d95b06b2907b5a6c648c2dd0a1082a093c3141?s=96&d=mm&r=g\",\"contentUrl\":\"https:\\\/\\\/secure.gravatar.com\\\/avatar\\\/7a4cf8feb412a76ea4a740ca02d95b06b2907b5a6c648c2dd0a1082a093c3141?s=96&d=mm&r=g\",\"caption\":\"Comunicaci\u00f3 Esplac\"}}]}<\/script>\n<!-- \/ Yoast SEO plugin. -->","yoast_head_json":{"title":"La trobada de monis del Sector Maresme, tot un \u00e8xit! - Esplac","description":"Per primer cop despr\u00e9s de la pand\u00e8mia, les monis del Maresme viuen una trobada de cap de setmana amb formacions i activitats de cohesi\u00f3.","robots":{"index":"index","follow":"follow","max-snippet":"max-snippet:-1","max-image-preview":"max-image-preview:large","max-video-preview":"max-video-preview:-1"},"canonical":"https:\/\/www.esplac.cat\/trobada-monis-sector-maresme-exit\/","og_locale":"en_US","og_type":"article","og_title":"La trobada de monis del Sector Maresme, tot un \u00e8xit! - Esplac","og_description":"Per primer cop despr\u00e9s de la pand\u00e8mia, les monis del Maresme viuen una trobada de cap de setmana amb formacions i activitats de cohesi\u00f3.","og_url":"https:\/\/www.esplac.cat\/trobada-monis-sector-maresme-exit\/","og_site_name":"Esplac","article_published_time":"2023-02-09T11:07:21+00:00","article_modified_time":"2023-02-10T12:34:13+00:00","og_image":[{"width":1694,"height":700,"url":"https:\/\/www.esplac.cat\/wp-content\/uploads\/2023\/02\/maremse-portada.jpg","type":"image\/jpeg"}],"author":"Comunicaci\u00f3 Esplac","twitter_card":"summary_large_image","twitter_misc":{"Written by":"Comunicaci\u00f3 Esplac","Est. reading time":"2 minutes"},"schema":{"@context":"https:\/\/schema.org","@graph":[{"@type":"Article","@id":"https:\/\/www.esplac.cat\/trobada-monis-sector-maresme-exit\/#article","isPartOf":{"@id":"https:\/\/www.esplac.cat\/trobada-monis-sector-maresme-exit\/"},"author":{"name":"Comunicaci\u00f3 Esplac","@id":"https:\/\/www.esplac.cat\/#\/schema\/person\/908383cf240be18b68f8855d0583faca"},"headline":"La trobada de monis del Sector Maresme, tot un \u00e8xit!","datePublished":"2023-02-09T11:07:21+00:00","dateModified":"2023-02-10T12:34:13+00:00","mainEntityOfPage":{"@id":"https:\/\/www.esplac.cat\/trobada-monis-sector-maresme-exit\/"},"wordCount":327,"publisher":{"@id":"https:\/\/www.esplac.cat\/#organization"},"image":{"@id":"https:\/\/www.esplac.cat\/trobada-monis-sector-maresme-exit\/#primaryimage"},"thumbnailUrl":"https:\/\/www.esplac.cat\/wp-content\/uploads\/2023\/02\/maremse-portada.jpg","articleSection":["Sector Maresme","Sense categoria"],"inLanguage":"en-US"},{"@type":"WebPage","@id":"https:\/\/www.esplac.cat\/trobada-monis-sector-maresme-exit\/","url":"https:\/\/www.esplac.cat\/trobada-monis-sector-maresme-exit\/","name":"La trobada de monis del Sector Maresme, tot un \u00e8xit! - Esplac","isPartOf":{"@id":"https:\/\/www.esplac.cat\/#website"},"primaryImageOfPage":{"@id":"https:\/\/www.esplac.cat\/trobada-monis-sector-maresme-exit\/#primaryimage"},"image":{"@id":"https:\/\/www.esplac.cat\/trobada-monis-sector-maresme-exit\/#primaryimage"},"thumbnailUrl":"https:\/\/www.esplac.cat\/wp-content\/uploads\/2023\/02\/maremse-portada.jpg","datePublished":"2023-02-09T11:07:21+00:00","dateModified":"2023-02-10T12:34:13+00:00","description":"Per primer cop despr\u00e9s de la pand\u00e8mia, les monis del Maresme viuen una trobada de cap de setmana amb formacions i activitats de cohesi\u00f3.","breadcrumb":{"@id":"https:\/\/www.esplac.cat\/trobada-monis-sector-maresme-exit\/#breadcrumb"},"inLanguage":"en-US","potentialAction":[{"@type":"ReadAction","target":["https:\/\/www.esplac.cat\/trobada-monis-sector-maresme-exit\/"]}]},{"@type":"ImageObject","inLanguage":"en-US","@id":"https:\/\/www.esplac.cat\/trobada-monis-sector-maresme-exit\/#primaryimage","url":"https:\/\/www.esplac.cat\/wp-content\/uploads\/2023\/02\/maremse-portada.jpg","contentUrl":"https:\/\/www.esplac.cat\/wp-content\/uploads\/2023\/02\/maremse-portada.jpg","width":1694,"height":700},{"@type":"BreadcrumbList","@id":"https:\/\/www.esplac.cat\/trobada-monis-sector-maresme-exit\/#breadcrumb","itemListElement":[{"@type":"ListItem","position":1,"name":"Inici","item":"https:\/\/www.esplac.cat\/en\/"},{"@type":"ListItem","position":2,"name":"La trobada de monis del Sector Maresme, tot un \u00e8xit!"}]},{"@type":"WebSite","@id":"https:\/\/www.esplac.cat\/#website","url":"https:\/\/www.esplac.cat\/","name":"Esplac","description":"Esplais Catalans","publisher":{"@id":"https:\/\/www.esplac.cat\/#organization"},"potentialAction":[{"@type":"SearchAction","target":{"@type":"EntryPoint","urlTemplate":"https:\/\/www.esplac.cat\/?s={search_term_string}"},"query-input":{"@type":"PropertyValueSpecification","valueRequired":true,"valueName":"search_term_string"}}],"inLanguage":"en-US"},{"@type":"Organization","@id":"https:\/\/www.esplac.cat\/#organization","name":"Esplac","url":"https:\/\/www.esplac.cat\/","logo":{"@type":"ImageObject","inLanguage":"en-US","@id":"https:\/\/www.esplac.cat\/#\/schema\/logo\/image\/","url":"https:\/\/www.esplac.cat\/wp-content\/uploads\/2019\/08\/logox2.png","contentUrl":"https:\/\/www.esplac.cat\/wp-content\/uploads\/2019\/08\/logox2.png","width":600,"height":295,"caption":"Esplac"},"image":{"@id":"https:\/\/www.esplac.cat\/#\/schema\/logo\/image\/"}},{"@type":"Person","@id":"https:\/\/www.esplac.cat\/#\/schema\/person\/908383cf240be18b68f8855d0583faca","name":"Comunicaci\u00f3 Esplac","image":{"@type":"ImageObject","inLanguage":"en-US","@id":"https:\/\/secure.gravatar.com\/avatar\/7a4cf8feb412a76ea4a740ca02d95b06b2907b5a6c648c2dd0a1082a093c3141?s=96&d=mm&r=g","url":"https:\/\/secure.gravatar.com\/avatar\/7a4cf8feb412a76ea4a740ca02d95b06b2907b5a6c648c2dd0a1082a093c3141?s=96&d=mm&r=g","contentUrl":"https:\/\/secure.gravatar.com\/avatar\/7a4cf8feb412a76ea4a740ca02d95b06b2907b5a6c648c2dd0a1082a093c3141?s=96&d=mm&r=g","caption":"Comunicaci\u00f3 Esplac"}}]}},"_links":{"self":[{"href":"https:\/\/www.esplac.cat\/en\/wp-json\/wp\/v2\/posts\/43501","targetHints":{"allow":["GET"]}}],"collection":[{"href":"https:\/\/www.esplac.cat\/en\/wp-json\/wp\/v2\/posts"}],"about":[{"href":"https:\/\/www.esplac.cat\/en\/wp-json\/wp\/v2\/types\/post"}],"author":[{"embeddable":true,"href":"https:\/\/www.esplac.cat\/en\/wp-json\/wp\/v2\/users\/3"}],"replies":[{"embeddable":true,"href":"https:\/\/www.esplac.cat\/en\/wp-json\/wp\/v2\/comments?post=43501"}],"version-history":[{"count":0,"href":"https:\/\/www.esplac.cat\/en\/wp-json\/wp\/v2\/posts\/43501\/revisions"}],"wp:featuredmedia":[{"embeddable":true,"href":"https:\/\/www.esplac.cat\/en\/wp-json\/wp\/v2\/media\/43503"}],"wp:attachment":[{"href":"https:\/\/www.esplac.cat\/en\/wp-json\/wp\/v2\/media?parent=43501"}],"wp:term":[{"taxonomy":"category","embeddable":true,"href":"https:\/\/www.esplac.cat\/en\/wp-json\/wp\/v2\/categories?post=43501"},{"taxonomy":"post_tag","embeddable":true,"href":"https:\/\/www.esplac.cat\/en\/wp-json\/wp\/v2\/tags?post=43501"}],"curies":[{"name":"wp","href":"https:\/\/api.w.org\/{rel}","templated":true}]}}