{"id":43804,"date":"2023-02-14T10:58:24","date_gmt":"2023-02-14T08:58:24","guid":{"rendered":"https:\/\/www.esplac.cat\/?p=43804"},"modified":"2023-06-08T13:13:59","modified_gmt":"2023-06-08T11:13:59","slug":"cmma-maresme-2023","status":"publish","type":"post","link":"https:\/\/www.esplac.cat\/en\/cmma-maresme-2023\/","title":{"rendered":"Aprenentatges, reflexions i noves amistats al CMMA\u00a0del Maresme"},"content":{"rendered":"<h6><strong>El cap de setmana de l&#8217;11 i 12 de febrer es va dur a terme aquesta trobada formativa a Mas Panella, a Tordera.<\/strong><\/h6>\n<p>Si una cosa caracteritza els esplais, aquesta \u00e9s l&#8217;autogesti\u00f3, el relleu i la formaci\u00f3 constant; i el <strong><a href=\"https:\/\/www.esplac.cat\/formacions\/esplais\/\" target=\"_blank\" rel=\"noopener\"><span style=\"color: #f69d0b;\">Curs Marta Mata Acollida<\/span><\/a><\/strong> \u00e9s la m\u00e0xima expressi\u00f3 d&#8217;aix\u00f2. Aquesta trobada formativa est\u00e0 pensada per a grups de joves i pre-monis i s\u00f3n les mateixes monitores dels esplais participants qui duen a terme les sessions formatives, amb el suport d&#8217;un coordinador pedag\u00f2gic de l&#8217;<span style=\"color: #f69d0b;\"><a style=\"color: #f69d0b;\" href=\"https:\/\/escolaelsol.coop\/\" target=\"_blank\" rel=\"noopener\"><strong>Escola Lliure el Sol<\/strong><\/a>.<\/span> Per primera vegada el Sector Maresme ha organitzat un curs d&#8217;aquestes caracter\u00edstiques i ha estat tot un \u00e8xit!<\/p>\n<p>Aix\u00ed doncs, l&#8217;11 i 12 de mar\u00e7, una trentena de joves dels esplais <span style=\"color: #f69d0b;\"><a style=\"color: #f69d0b;\" href=\"https:\/\/www.esplailatribu.cat\/\" target=\"_blank\" rel=\"noopener\"><strong>La Tribu<\/strong><\/a> <\/span>(Matar\u00f3), <span style=\"color: #f69d0b;\"><a style=\"color: #f69d0b;\" href=\"https:\/\/esplai4pedres.wordpress.com\/\" target=\"_blank\" rel=\"noopener\"><strong>4Pedres<\/strong><\/a> <\/span>(Dosrius) i el <span style=\"color: #f69d0b;\"><a style=\"color: #f69d0b;\" href=\"https:\/\/www.instagram.com\/esplaiguaital\/\" target=\"_blank\" rel=\"noopener\"><strong>Guaita&#8217;l<\/strong> <\/a><\/span>(Alella) van fer estada a la casa de col\u00f2nies Mas Panella. All\u00e0 van dur a terme activitats i jocs de coneixen\u00e7a i cohesi\u00f3, itamb\u00e9 van rebre diverses formacions:<\/p>\n<ul>\n<li>Context sobre\u00a0<b>l&#8217;associacionisme educatiu a Catalunya.<\/b><\/li>\n<li><b>Ideari, educaci\u00f3 en valors i an\u00e0lisi de la realitat.<\/b><\/li>\n<li><b>Programaci\u00f3 educativa:\u00a0<\/b>recursos i eines did\u00e0ctiques.<\/li>\n<li><b>Organitzaci\u00f3 de l&#8217;esplai.<\/b><\/li>\n<li><b>Salut mental.<\/b><\/li>\n<\/ul>\n<p>Aquestes formacions les van preparar les monitores i monitors responsables de cada esplai. En aquesta trobada tamb\u00e9 hi van assistir monitores de suport que van desenvolupar tasques log\u00edstiques i es van encarregar de fer un bons \u00e0pats per a tothom!<\/p>\n<p>El cap de setmana es va valorar molt b\u00e9, no nom\u00e9s pels aprenentatges i coneixements adquirits, sin\u00f3 tamb\u00e9 pel fet de compartir un espai amb joves de diferents municipis del sector Maresme, con\u00e8ixer la manera de fer d&#8217;altres esplais i crear noves amistats! Aix\u00ed doncs, els i les participants van marxar de Mas Panella amb un objectiu, retrobar-se ben aviat a la Tropicalitza&#8217;t, la trobada general del sector!<\/p>\n<div><\/div>\n\n\t\t<style type=\"text\/css\">\n\t\t\t#gallery-1 {\n\t\t\t\tmargin: auto;\n\t\t\t}\n\t\t\t#gallery-1 .gallery-item {\n\t\t\t\tfloat: left;\n\t\t\t\tmargin-top: 10px;\n\t\t\t\ttext-align: center;\n\t\t\t\twidth: 33%;\n\t\t\t}\n\t\t\t#gallery-1 img {\n\t\t\t\tborder: 2px solid #cfcfcf;\n\t\t\t}\n\t\t\t#gallery-1 .gallery-caption {\n\t\t\t\tmargin-left: 0;\n\t\t\t}\n\t\t\t\/* see gallery_shortcode() in wp-includes\/media.php *\/\n\t\t<\/style>\n\t\t<div id='gallery-1' class='gallery galleryid-43804 gallery-columns-3 gallery-size-fusion-400'><dl class='gallery-item'>\n\t\t\t<dt class='gallery-icon landscape'>\n\t\t\t\t<a data-rel=\"iLightbox[postimages]\" data-title=\"3\" data-caption=\"\" href='https:\/\/www.esplac.cat\/en\/3-19-2\/'><img decoding=\"async\" width=\"400\" height=\"400\" src=\"https:\/\/www.esplac.cat\/wp-content\/uploads\/2023\/02\/3-1-400x400.jpg\" class=\"attachment-fusion-400 size-fusion-400\" alt=\"Curs Marta Mata Acollida Sector Maresme\" srcset=\"https:\/\/www.esplac.cat\/wp-content\/uploads\/2023\/02\/3-1-66x66.jpg 66w, https:\/\/www.esplac.cat\/wp-content\/uploads\/2023\/02\/3-1-150x150.jpg 150w, https:\/\/www.esplac.cat\/wp-content\/uploads\/2023\/02\/3-1-200x200.jpg 200w, https:\/\/www.esplac.cat\/wp-content\/uploads\/2023\/02\/3-1-300x300.jpg 300w, https:\/\/www.esplac.cat\/wp-content\/uploads\/2023\/02\/3-1-400x400.jpg 400w, https:\/\/www.esplac.cat\/wp-content\/uploads\/2023\/02\/3-1-600x600.jpg 600w, https:\/\/www.esplac.cat\/wp-content\/uploads\/2023\/02\/3-1-768x768.jpg 768w, https:\/\/www.esplac.cat\/wp-content\/uploads\/2023\/02\/3-1-800x800.jpg 800w, https:\/\/www.esplac.cat\/wp-content\/uploads\/2023\/02\/3-1-1024x1024.jpg 1024w, https:\/\/www.esplac.cat\/wp-content\/uploads\/2023\/02\/3-1.jpg 1080w\" sizes=\"(max-width: 400px) 100vw, 400px\" \/><\/a>\n\t\t\t<\/dt><\/dl><dl class='gallery-item'>\n\t\t\t<dt class='gallery-icon landscape'>\n\t\t\t\t<a data-rel=\"iLightbox[postimages]\" data-title=\"1\" data-caption=\"\" href='https:\/\/www.esplac.cat\/en\/1-28-2\/'><img decoding=\"async\" width=\"400\" height=\"400\" src=\"https:\/\/www.esplac.cat\/wp-content\/uploads\/2023\/02\/1-1-400x400.jpg\" class=\"attachment-fusion-400 size-fusion-400\" alt=\"Curs Marta Mata Acollida Sector Maresme\" srcset=\"https:\/\/www.esplac.cat\/wp-content\/uploads\/2023\/02\/1-1-66x66.jpg 66w, https:\/\/www.esplac.cat\/wp-content\/uploads\/2023\/02\/1-1-150x150.jpg 150w, https:\/\/www.esplac.cat\/wp-content\/uploads\/2023\/02\/1-1-200x200.jpg 200w, https:\/\/www.esplac.cat\/wp-content\/uploads\/2023\/02\/1-1-300x300.jpg 300w, https:\/\/www.esplac.cat\/wp-content\/uploads\/2023\/02\/1-1-400x400.jpg 400w, https:\/\/www.esplac.cat\/wp-content\/uploads\/2023\/02\/1-1-600x600.jpg 600w, https:\/\/www.esplac.cat\/wp-content\/uploads\/2023\/02\/1-1-768x768.jpg 768w, https:\/\/www.esplac.cat\/wp-content\/uploads\/2023\/02\/1-1-800x800.jpg 800w, https:\/\/www.esplac.cat\/wp-content\/uploads\/2023\/02\/1-1-1024x1024.jpg 1024w, https:\/\/www.esplac.cat\/wp-content\/uploads\/2023\/02\/1-1.jpg 1080w\" sizes=\"(max-width: 400px) 100vw, 400px\" \/><\/a>\n\t\t\t<\/dt><\/dl><dl class='gallery-item'>\n\t\t\t<dt class='gallery-icon landscape'>\n\t\t\t\t<a data-rel=\"iLightbox[postimages]\" data-title=\"2\" data-caption=\"\" href='https:\/\/www.esplac.cat\/en\/2-40-2\/'><img decoding=\"async\" width=\"400\" height=\"400\" src=\"https:\/\/www.esplac.cat\/wp-content\/uploads\/2023\/02\/2-2-400x400.jpg\" class=\"attachment-fusion-400 size-fusion-400\" alt=\"Curs Marta Mata Acollida Sector Maresme\" srcset=\"https:\/\/www.esplac.cat\/wp-content\/uploads\/2023\/02\/2-2-66x66.jpg 66w, https:\/\/www.esplac.cat\/wp-content\/uploads\/2023\/02\/2-2-150x150.jpg 150w, https:\/\/www.esplac.cat\/wp-content\/uploads\/2023\/02\/2-2-200x200.jpg 200w, https:\/\/www.esplac.cat\/wp-content\/uploads\/2023\/02\/2-2-300x300.jpg 300w, https:\/\/www.esplac.cat\/wp-content\/uploads\/2023\/02\/2-2-400x400.jpg 400w, https:\/\/www.esplac.cat\/wp-content\/uploads\/2023\/02\/2-2-600x600.jpg 600w, https:\/\/www.esplac.cat\/wp-content\/uploads\/2023\/02\/2-2-768x768.jpg 768w, https:\/\/www.esplac.cat\/wp-content\/uploads\/2023\/02\/2-2-800x800.jpg 800w, https:\/\/www.esplac.cat\/wp-content\/uploads\/2023\/02\/2-2-1024x1024.jpg 1024w, https:\/\/www.esplac.cat\/wp-content\/uploads\/2023\/02\/2-2.jpg 1080w\" sizes=\"(max-width: 400px) 100vw, 400px\" \/><\/a>\n\t\t\t<\/dt><\/dl><br style=\"clear: both\" \/>\n\t\t<\/div>\n\n","protected":false},"excerpt":{"rendered":"<p>El cap de setmana de l&#8217;11 i 12 de febrer [&hellip;]<\/p>\n","protected":false},"author":3,"featured_media":43811,"comment_status":"closed","ping_status":"closed","sticky":false,"template":"","format":"standard","meta":{"om_disable_all_campaigns":false,"_monsterinsights_skip_tracking":false,"_monsterinsights_sitenote_active":false,"_monsterinsights_sitenote_note":"","_monsterinsights_sitenote_category":0,"_uf_show_specific_survey":0,"_uf_disable_surveys":false,"footnotes":""},"categories":[1337,1],"tags":[],"class_list":["post-43804","post","type-post","status-publish","format-standard","has-post-thumbnail","hentry","category-relleu","category-sense-categoria"],"yoast_head":"<!-- This site is optimized with the Yoast SEO plugin v27.4 - https:\/\/yoast.com\/product\/yoast-seo-wordpress\/ -->\n<title>Aprenentatges, reflexions i noves amistats al CMMA\u00a0del Maresme - Esplac<\/title>\n<meta name=\"description\" content=\"El cap de setmana de l&#039;11 i 12 de febrer el Sector Maresme ha organitzat el Curs Marta Mata Acollida a la casa Mas Panella, a Tordera.\" \/>\n<meta name=\"robots\" content=\"index, follow, max-snippet:-1, max-image-preview:large, max-video-preview:-1\" \/>\n<link rel=\"canonical\" href=\"https:\/\/www.esplac.cat\/cmma-maresme-2023\/\" \/>\n<meta property=\"og:locale\" content=\"en_US\" \/>\n<meta property=\"og:type\" content=\"article\" \/>\n<meta property=\"og:title\" content=\"Aprenentatges, reflexions i noves amistats al CMMA\u00a0del Maresme - Esplac\" \/>\n<meta property=\"og:description\" content=\"El cap de setmana de l&#039;11 i 12 de febrer el Sector Maresme ha organitzat el Curs Marta Mata Acollida a la casa Mas Panella, a Tordera.\" \/>\n<meta property=\"og:url\" content=\"https:\/\/www.esplac.cat\/cmma-maresme-2023\/\" \/>\n<meta property=\"og:site_name\" content=\"Esplac\" \/>\n<meta property=\"article:published_time\" content=\"2023-02-14T08:58:24+00:00\" \/>\n<meta property=\"article:modified_time\" content=\"2023-06-08T11:13:59+00:00\" \/>\n<meta property=\"og:image\" content=\"https:\/\/www.esplac.cat\/wp-content\/uploads\/2023\/02\/Portades-web-8.jpg\" \/>\n\t<meta property=\"og:image:width\" content=\"1694\" \/>\n\t<meta property=\"og:image:height\" content=\"700\" \/>\n\t<meta property=\"og:image:type\" content=\"image\/jpeg\" \/>\n<meta name=\"author\" content=\"Comunicaci\u00f3 Esplac\" \/>\n<meta name=\"twitter:card\" content=\"summary_large_image\" \/>\n<meta name=\"twitter:label1\" content=\"Written by\" \/>\n\t<meta name=\"twitter:data1\" content=\"Comunicaci\u00f3 Esplac\" \/>\n\t<meta name=\"twitter:label2\" content=\"Est. reading time\" \/>\n\t<meta name=\"twitter:data2\" content=\"2 minutes\" \/>\n<script type=\"application\/ld+json\" class=\"yoast-schema-graph\">{\"@context\":\"https:\\\/\\\/schema.org\",\"@graph\":[{\"@type\":\"Article\",\"@id\":\"https:\\\/\\\/www.esplac.cat\\\/cmma-maresme-2023\\\/#article\",\"isPartOf\":{\"@id\":\"https:\\\/\\\/www.esplac.cat\\\/cmma-maresme-2023\\\/\"},\"author\":{\"name\":\"Comunicaci\u00f3 Esplac\",\"@id\":\"https:\\\/\\\/www.esplac.cat\\\/#\\\/schema\\\/person\\\/908383cf240be18b68f8855d0583faca\"},\"headline\":\"Aprenentatges, reflexions i noves amistats al CMMA\u00a0del Maresme\",\"datePublished\":\"2023-02-14T08:58:24+00:00\",\"dateModified\":\"2023-06-08T11:13:59+00:00\",\"mainEntityOfPage\":{\"@id\":\"https:\\\/\\\/www.esplac.cat\\\/cmma-maresme-2023\\\/\"},\"wordCount\":320,\"publisher\":{\"@id\":\"https:\\\/\\\/www.esplac.cat\\\/#organization\"},\"image\":{\"@id\":\"https:\\\/\\\/www.esplac.cat\\\/cmma-maresme-2023\\\/#primaryimage\"},\"thumbnailUrl\":\"https:\\\/\\\/www.esplac.cat\\\/wp-content\\\/uploads\\\/2023\\\/02\\\/Portades-web-8.jpg\",\"articleSection\":[\"Relleu\",\"Sense categoria\"],\"inLanguage\":\"en-US\"},{\"@type\":\"WebPage\",\"@id\":\"https:\\\/\\\/www.esplac.cat\\\/cmma-maresme-2023\\\/\",\"url\":\"https:\\\/\\\/www.esplac.cat\\\/cmma-maresme-2023\\\/\",\"name\":\"Aprenentatges, reflexions i noves amistats al CMMA\u00a0del Maresme - Esplac\",\"isPartOf\":{\"@id\":\"https:\\\/\\\/www.esplac.cat\\\/#website\"},\"primaryImageOfPage\":{\"@id\":\"https:\\\/\\\/www.esplac.cat\\\/cmma-maresme-2023\\\/#primaryimage\"},\"image\":{\"@id\":\"https:\\\/\\\/www.esplac.cat\\\/cmma-maresme-2023\\\/#primaryimage\"},\"thumbnailUrl\":\"https:\\\/\\\/www.esplac.cat\\\/wp-content\\\/uploads\\\/2023\\\/02\\\/Portades-web-8.jpg\",\"datePublished\":\"2023-02-14T08:58:24+00:00\",\"dateModified\":\"2023-06-08T11:13:59+00:00\",\"description\":\"El cap de setmana de l'11 i 12 de febrer el Sector Maresme ha organitzat el Curs Marta Mata Acollida a la casa Mas Panella, a Tordera.\",\"breadcrumb\":{\"@id\":\"https:\\\/\\\/www.esplac.cat\\\/cmma-maresme-2023\\\/#breadcrumb\"},\"inLanguage\":\"en-US\",\"potentialAction\":[{\"@type\":\"ReadAction\",\"target\":[\"https:\\\/\\\/www.esplac.cat\\\/cmma-maresme-2023\\\/\"]}]},{\"@type\":\"ImageObject\",\"inLanguage\":\"en-US\",\"@id\":\"https:\\\/\\\/www.esplac.cat\\\/cmma-maresme-2023\\\/#primaryimage\",\"url\":\"https:\\\/\\\/www.esplac.cat\\\/wp-content\\\/uploads\\\/2023\\\/02\\\/Portades-web-8.jpg\",\"contentUrl\":\"https:\\\/\\\/www.esplac.cat\\\/wp-content\\\/uploads\\\/2023\\\/02\\\/Portades-web-8.jpg\",\"width\":1694,\"height\":700,\"caption\":\"CMMA Sector Maresme\"},{\"@type\":\"BreadcrumbList\",\"@id\":\"https:\\\/\\\/www.esplac.cat\\\/cmma-maresme-2023\\\/#breadcrumb\",\"itemListElement\":[{\"@type\":\"ListItem\",\"position\":1,\"name\":\"Inici\",\"item\":\"https:\\\/\\\/www.esplac.cat\\\/en\\\/\"},{\"@type\":\"ListItem\",\"position\":2,\"name\":\"Aprenentatges, reflexions i noves amistats al CMMA\u00a0del Maresme\"}]},{\"@type\":\"WebSite\",\"@id\":\"https:\\\/\\\/www.esplac.cat\\\/#website\",\"url\":\"https:\\\/\\\/www.esplac.cat\\\/\",\"name\":\"Esplac\",\"description\":\"Esplais Catalans\",\"publisher\":{\"@id\":\"https:\\\/\\\/www.esplac.cat\\\/#organization\"},\"potentialAction\":[{\"@type\":\"SearchAction\",\"target\":{\"@type\":\"EntryPoint\",\"urlTemplate\":\"https:\\\/\\\/www.esplac.cat\\\/?s={search_term_string}\"},\"query-input\":{\"@type\":\"PropertyValueSpecification\",\"valueRequired\":true,\"valueName\":\"search_term_string\"}}],\"inLanguage\":\"en-US\"},{\"@type\":\"Organization\",\"@id\":\"https:\\\/\\\/www.esplac.cat\\\/#organization\",\"name\":\"Esplac\",\"url\":\"https:\\\/\\\/www.esplac.cat\\\/\",\"logo\":{\"@type\":\"ImageObject\",\"inLanguage\":\"en-US\",\"@id\":\"https:\\\/\\\/www.esplac.cat\\\/#\\\/schema\\\/logo\\\/image\\\/\",\"url\":\"https:\\\/\\\/www.esplac.cat\\\/wp-content\\\/uploads\\\/2019\\\/08\\\/logox2.png\",\"contentUrl\":\"https:\\\/\\\/www.esplac.cat\\\/wp-content\\\/uploads\\\/2019\\\/08\\\/logox2.png\",\"width\":600,\"height\":295,\"caption\":\"Esplac\"},\"image\":{\"@id\":\"https:\\\/\\\/www.esplac.cat\\\/#\\\/schema\\\/logo\\\/image\\\/\"}},{\"@type\":\"Person\",\"@id\":\"https:\\\/\\\/www.esplac.cat\\\/#\\\/schema\\\/person\\\/908383cf240be18b68f8855d0583faca\",\"name\":\"Comunicaci\u00f3 Esplac\",\"image\":{\"@type\":\"ImageObject\",\"inLanguage\":\"en-US\",\"@id\":\"https:\\\/\\\/secure.gravatar.com\\\/avatar\\\/7a4cf8feb412a76ea4a740ca02d95b06b2907b5a6c648c2dd0a1082a093c3141?s=96&d=mm&r=g\",\"url\":\"https:\\\/\\\/secure.gravatar.com\\\/avatar\\\/7a4cf8feb412a76ea4a740ca02d95b06b2907b5a6c648c2dd0a1082a093c3141?s=96&d=mm&r=g\",\"contentUrl\":\"https:\\\/\\\/secure.gravatar.com\\\/avatar\\\/7a4cf8feb412a76ea4a740ca02d95b06b2907b5a6c648c2dd0a1082a093c3141?s=96&d=mm&r=g\",\"caption\":\"Comunicaci\u00f3 Esplac\"}}]}<\/script>\n<!-- \/ Yoast SEO plugin. -->","yoast_head_json":{"title":"Aprenentatges, reflexions i noves amistats al CMMA\u00a0del Maresme - Esplac","description":"El cap de setmana de l'11 i 12 de febrer el Sector Maresme ha organitzat el Curs Marta Mata Acollida a la casa Mas Panella, a Tordera.","robots":{"index":"index","follow":"follow","max-snippet":"max-snippet:-1","max-image-preview":"max-image-preview:large","max-video-preview":"max-video-preview:-1"},"canonical":"https:\/\/www.esplac.cat\/cmma-maresme-2023\/","og_locale":"en_US","og_type":"article","og_title":"Aprenentatges, reflexions i noves amistats al CMMA\u00a0del Maresme - Esplac","og_description":"El cap de setmana de l'11 i 12 de febrer el Sector Maresme ha organitzat el Curs Marta Mata Acollida a la casa Mas Panella, a Tordera.","og_url":"https:\/\/www.esplac.cat\/cmma-maresme-2023\/","og_site_name":"Esplac","article_published_time":"2023-02-14T08:58:24+00:00","article_modified_time":"2023-06-08T11:13:59+00:00","og_image":[{"width":1694,"height":700,"url":"https:\/\/www.esplac.cat\/wp-content\/uploads\/2023\/02\/Portades-web-8.jpg","type":"image\/jpeg"}],"author":"Comunicaci\u00f3 Esplac","twitter_card":"summary_large_image","twitter_misc":{"Written by":"Comunicaci\u00f3 Esplac","Est. reading time":"2 minutes"},"schema":{"@context":"https:\/\/schema.org","@graph":[{"@type":"Article","@id":"https:\/\/www.esplac.cat\/cmma-maresme-2023\/#article","isPartOf":{"@id":"https:\/\/www.esplac.cat\/cmma-maresme-2023\/"},"author":{"name":"Comunicaci\u00f3 Esplac","@id":"https:\/\/www.esplac.cat\/#\/schema\/person\/908383cf240be18b68f8855d0583faca"},"headline":"Aprenentatges, reflexions i noves amistats al CMMA\u00a0del Maresme","datePublished":"2023-02-14T08:58:24+00:00","dateModified":"2023-06-08T11:13:59+00:00","mainEntityOfPage":{"@id":"https:\/\/www.esplac.cat\/cmma-maresme-2023\/"},"wordCount":320,"publisher":{"@id":"https:\/\/www.esplac.cat\/#organization"},"image":{"@id":"https:\/\/www.esplac.cat\/cmma-maresme-2023\/#primaryimage"},"thumbnailUrl":"https:\/\/www.esplac.cat\/wp-content\/uploads\/2023\/02\/Portades-web-8.jpg","articleSection":["Relleu","Sense categoria"],"inLanguage":"en-US"},{"@type":"WebPage","@id":"https:\/\/www.esplac.cat\/cmma-maresme-2023\/","url":"https:\/\/www.esplac.cat\/cmma-maresme-2023\/","name":"Aprenentatges, reflexions i noves amistats al CMMA\u00a0del Maresme - Esplac","isPartOf":{"@id":"https:\/\/www.esplac.cat\/#website"},"primaryImageOfPage":{"@id":"https:\/\/www.esplac.cat\/cmma-maresme-2023\/#primaryimage"},"image":{"@id":"https:\/\/www.esplac.cat\/cmma-maresme-2023\/#primaryimage"},"thumbnailUrl":"https:\/\/www.esplac.cat\/wp-content\/uploads\/2023\/02\/Portades-web-8.jpg","datePublished":"2023-02-14T08:58:24+00:00","dateModified":"2023-06-08T11:13:59+00:00","description":"El cap de setmana de l'11 i 12 de febrer el Sector Maresme ha organitzat el Curs Marta Mata Acollida a la casa Mas Panella, a Tordera.","breadcrumb":{"@id":"https:\/\/www.esplac.cat\/cmma-maresme-2023\/#breadcrumb"},"inLanguage":"en-US","potentialAction":[{"@type":"ReadAction","target":["https:\/\/www.esplac.cat\/cmma-maresme-2023\/"]}]},{"@type":"ImageObject","inLanguage":"en-US","@id":"https:\/\/www.esplac.cat\/cmma-maresme-2023\/#primaryimage","url":"https:\/\/www.esplac.cat\/wp-content\/uploads\/2023\/02\/Portades-web-8.jpg","contentUrl":"https:\/\/www.esplac.cat\/wp-content\/uploads\/2023\/02\/Portades-web-8.jpg","width":1694,"height":700,"caption":"CMMA Sector Maresme"},{"@type":"BreadcrumbList","@id":"https:\/\/www.esplac.cat\/cmma-maresme-2023\/#breadcrumb","itemListElement":[{"@type":"ListItem","position":1,"name":"Inici","item":"https:\/\/www.esplac.cat\/en\/"},{"@type":"ListItem","position":2,"name":"Aprenentatges, reflexions i noves amistats al CMMA\u00a0del Maresme"}]},{"@type":"WebSite","@id":"https:\/\/www.esplac.cat\/#website","url":"https:\/\/www.esplac.cat\/","name":"Esplac","description":"Esplais Catalans","publisher":{"@id":"https:\/\/www.esplac.cat\/#organization"},"potentialAction":[{"@type":"SearchAction","target":{"@type":"EntryPoint","urlTemplate":"https:\/\/www.esplac.cat\/?s={search_term_string}"},"query-input":{"@type":"PropertyValueSpecification","valueRequired":true,"valueName":"search_term_string"}}],"inLanguage":"en-US"},{"@type":"Organization","@id":"https:\/\/www.esplac.cat\/#organization","name":"Esplac","url":"https:\/\/www.esplac.cat\/","logo":{"@type":"ImageObject","inLanguage":"en-US","@id":"https:\/\/www.esplac.cat\/#\/schema\/logo\/image\/","url":"https:\/\/www.esplac.cat\/wp-content\/uploads\/2019\/08\/logox2.png","contentUrl":"https:\/\/www.esplac.cat\/wp-content\/uploads\/2019\/08\/logox2.png","width":600,"height":295,"caption":"Esplac"},"image":{"@id":"https:\/\/www.esplac.cat\/#\/schema\/logo\/image\/"}},{"@type":"Person","@id":"https:\/\/www.esplac.cat\/#\/schema\/person\/908383cf240be18b68f8855d0583faca","name":"Comunicaci\u00f3 Esplac","image":{"@type":"ImageObject","inLanguage":"en-US","@id":"https:\/\/secure.gravatar.com\/avatar\/7a4cf8feb412a76ea4a740ca02d95b06b2907b5a6c648c2dd0a1082a093c3141?s=96&d=mm&r=g","url":"https:\/\/secure.gravatar.com\/avatar\/7a4cf8feb412a76ea4a740ca02d95b06b2907b5a6c648c2dd0a1082a093c3141?s=96&d=mm&r=g","contentUrl":"https:\/\/secure.gravatar.com\/avatar\/7a4cf8feb412a76ea4a740ca02d95b06b2907b5a6c648c2dd0a1082a093c3141?s=96&d=mm&r=g","caption":"Comunicaci\u00f3 Esplac"}}]}},"_links":{"self":[{"href":"https:\/\/www.esplac.cat\/en\/wp-json\/wp\/v2\/posts\/43804","targetHints":{"allow":["GET"]}}],"collection":[{"href":"https:\/\/www.esplac.cat\/en\/wp-json\/wp\/v2\/posts"}],"about":[{"href":"https:\/\/www.esplac.cat\/en\/wp-json\/wp\/v2\/types\/post"}],"author":[{"embeddable":true,"href":"https:\/\/www.esplac.cat\/en\/wp-json\/wp\/v2\/users\/3"}],"replies":[{"embeddable":true,"href":"https:\/\/www.esplac.cat\/en\/wp-json\/wp\/v2\/comments?post=43804"}],"version-history":[{"count":0,"href":"https:\/\/www.esplac.cat\/en\/wp-json\/wp\/v2\/posts\/43804\/revisions"}],"wp:featuredmedia":[{"embeddable":true,"href":"https:\/\/www.esplac.cat\/en\/wp-json\/wp\/v2\/media\/43811"}],"wp:attachment":[{"href":"https:\/\/www.esplac.cat\/en\/wp-json\/wp\/v2\/media?parent=43804"}],"wp:term":[{"taxonomy":"category","embeddable":true,"href":"https:\/\/www.esplac.cat\/en\/wp-json\/wp\/v2\/categories?post=43804"},{"taxonomy":"post_tag","embeddable":true,"href":"https:\/\/www.esplac.cat\/en\/wp-json\/wp\/v2\/tags?post=43804"}],"curies":[{"name":"wp","href":"https:\/\/api.w.org\/{rel}","templated":true}]}}