{"id":43831,"date":"2023-02-28T12:17:41","date_gmt":"2023-02-28T10:17:41","guid":{"rendered":"https:\/\/www.esplac.cat\/?p=43831"},"modified":"2023-02-28T12:24:57","modified_gmt":"2023-02-28T10:24:57","slug":"paidocentrisme-escola-esplac-2023","status":"publish","type":"post","link":"https:\/\/www.esplac.cat\/en\/paidocentrisme-escola-esplac-2023\/","title":{"rendered":"Esplais cogovernats pels infants? Aterrem la participaci\u00f3 infantil a l\u2019esplai a l\u2019Escola d\u2019Esplac 2023"},"content":{"rendered":"<h6><b>El cap de setmana del 25 i 26 de febrer s\u2019ha celebrat la novena edici\u00f3 de l\u2019Escola d\u2019Esplac, una trobada formativa on 75 monis, dirigents, joves i ponents amb vincles amb l\u2019associacionisme educatiu han reflexionat al voltant de la tem\u00e0tica \u201cPaidocentrisme: posem l\u2019infant al centre\u201d.<\/b><\/h6>\n<p><span style=\"font-weight: 300;\">El cap de setmana del 25 i 26 de febrer s\u2019ha dut a terme, a Cabrera de Mar, la novena edici\u00f3 de l\u2019<\/span><span style=\"color: #f69d0b;\"><strong><a style=\"color: #f69d0b;\" href=\"https:\/\/www.esplac.cat\/formacions\/escola-desplac\/\" target=\"_blank\" rel=\"noopener\">Escola d\u2019Esplac<\/a><\/strong><\/span><span style=\"font-weight: 300;\">. La trobada formativa ha girat al voltant del paidocentrisme, aterrant-lo a la participaci\u00f3 infantil i juvenil dels esplais. El terme paidocentrisme, que es basa a entendre a l\u2019infant com a centre dels processos educatius, ha guiat a monitores i monitors i dirigents d\u2019Esplais Catalans per formar-se al voltant de la participaci\u00f3.\u00a0<\/span><\/p>\n<p><span style=\"font-weight: 300;\">Enguany, 60 monitores, monitors i dirigents de 9 sectors geogr\u00e0fics d\u2019Esplac i 12 ponents i talleristes han fet possible una Escola d\u2019Esplac m\u00e9s participativa i de creaci\u00f3 de pensament col\u00b7lectiu, en qu\u00e8 s\u2019han realitzat espais formatius molt diversos: des de pon\u00e8ncies i taules rodones, fins a espais de debat i conclusions.\u00a0<\/span><\/p>\n<p><span style=\"font-weight: 300;\">El cap de setmana ha comen\u00e7at amb una exposici\u00f3 interactiva: \u201c<em>Explorem les dimensions de la participaci\u00f3<\/em>\u201d en qu\u00e8 s\u2019ha pogut profunditzar sobre els conceptes claus de l\u2019Escola d\u2019Esplac 2023. Aquesta exposici\u00f3, creada conjuntament amb la<\/span><span style=\"color: #f69d0b;\"><strong><a style=\"color: #f69d0b;\" href=\"https:\/\/www.esplac.cat\/comissions\/linies-pedgogiques\/\" target=\"_blank\" rel=\"noopener\"> Comissi\u00f3 de L\u00ednies Pedag\u00f2giques<\/a><\/strong><\/span><span style=\"font-weight: 300;\"> de l\u2019entitat, ha estat una primera presa de contacte amb la tem\u00e0tica i ha esdevingut un espai on recollir les visions i opinions dels esplais sobre la participaci\u00f3 infantil i juvenil. A partir dels continguts tamb\u00e9 s\u2019han comen\u00e7at a plantejar q\u00fcestions i dubtes a resoldre o debatre durant la trobada.<\/span><\/p>\n\n\t\t<style type=\"text\/css\">\n\t\t\t#gallery-1 {\n\t\t\t\tmargin: auto;\n\t\t\t}\n\t\t\t#gallery-1 .gallery-item {\n\t\t\t\tfloat: left;\n\t\t\t\tmargin-top: 10px;\n\t\t\t\ttext-align: center;\n\t\t\t\twidth: 25%;\n\t\t\t}\n\t\t\t#gallery-1 img {\n\t\t\t\tborder: 2px solid #cfcfcf;\n\t\t\t}\n\t\t\t#gallery-1 .gallery-caption {\n\t\t\t\tmargin-left: 0;\n\t\t\t}\n\t\t\t\/* see gallery_shortcode() in wp-includes\/media.php *\/\n\t\t<\/style>\n\t\t<div id='gallery-1' class='gallery galleryid-43831 gallery-columns-4 gallery-size-fusion-400'><dl class='gallery-item'>\n\t\t\t<dt class='gallery-icon landscape'>\n\t\t\t\t<a data-rel=\"iLightbox[postimages]\" data-title=\"52711891822_a924e19b1c_o\" data-caption=\"\" href='https:\/\/www.esplac.cat\/en\/52711891822_a924e19b1c_o-2\/'><img decoding=\"async\" width=\"400\" height=\"267\" src=\"https:\/\/www.esplac.cat\/wp-content\/uploads\/2023\/02\/52711891822_a924e19b1c_o-400x267.jpg\" class=\"attachment-fusion-400 size-fusion-400\" alt=\"Escola Esplac 2023\" srcset=\"https:\/\/www.esplac.cat\/wp-content\/uploads\/2023\/02\/52711891822_a924e19b1c_o-200x133.jpg 200w, https:\/\/www.esplac.cat\/wp-content\/uploads\/2023\/02\/52711891822_a924e19b1c_o-300x200.jpg 300w, https:\/\/www.esplac.cat\/wp-content\/uploads\/2023\/02\/52711891822_a924e19b1c_o-400x267.jpg 400w, https:\/\/www.esplac.cat\/wp-content\/uploads\/2023\/02\/52711891822_a924e19b1c_o-600x400.jpg 600w, https:\/\/www.esplac.cat\/wp-content\/uploads\/2023\/02\/52711891822_a924e19b1c_o-768x512.jpg 768w, https:\/\/www.esplac.cat\/wp-content\/uploads\/2023\/02\/52711891822_a924e19b1c_o-800x533.jpg 800w, https:\/\/www.esplac.cat\/wp-content\/uploads\/2023\/02\/52711891822_a924e19b1c_o-1024x683.jpg 1024w, https:\/\/www.esplac.cat\/wp-content\/uploads\/2023\/02\/52711891822_a924e19b1c_o-1200x800.jpg 1200w, https:\/\/www.esplac.cat\/wp-content\/uploads\/2023\/02\/52711891822_a924e19b1c_o-1536x1024.jpg 1536w, https:\/\/www.esplac.cat\/wp-content\/uploads\/2023\/02\/52711891822_a924e19b1c_o.jpg 1920w\" sizes=\"(max-width: 400px) 100vw, 400px\" \/><\/a>\n\t\t\t<\/dt><\/dl><dl class='gallery-item'>\n\t\t\t<dt class='gallery-icon landscape'>\n\t\t\t\t<a data-rel=\"iLightbox[postimages]\" data-title=\"52712829490_ba253cb3d6_o\" data-caption=\"\" href='https:\/\/www.esplac.cat\/en\/52712829490_ba253cb3d6_o-2\/'><img decoding=\"async\" width=\"400\" height=\"267\" src=\"https:\/\/www.esplac.cat\/wp-content\/uploads\/2023\/02\/52712829490_ba253cb3d6_o-400x267.jpg\" class=\"attachment-fusion-400 size-fusion-400\" alt=\"Escola Esplac 2023\" srcset=\"https:\/\/www.esplac.cat\/wp-content\/uploads\/2023\/02\/52712829490_ba253cb3d6_o-200x133.jpg 200w, https:\/\/www.esplac.cat\/wp-content\/uploads\/2023\/02\/52712829490_ba253cb3d6_o-300x200.jpg 300w, https:\/\/www.esplac.cat\/wp-content\/uploads\/2023\/02\/52712829490_ba253cb3d6_o-400x267.jpg 400w, https:\/\/www.esplac.cat\/wp-content\/uploads\/2023\/02\/52712829490_ba253cb3d6_o-600x400.jpg 600w, https:\/\/www.esplac.cat\/wp-content\/uploads\/2023\/02\/52712829490_ba253cb3d6_o-768x512.jpg 768w, https:\/\/www.esplac.cat\/wp-content\/uploads\/2023\/02\/52712829490_ba253cb3d6_o-800x533.jpg 800w, https:\/\/www.esplac.cat\/wp-content\/uploads\/2023\/02\/52712829490_ba253cb3d6_o-1024x683.jpg 1024w, https:\/\/www.esplac.cat\/wp-content\/uploads\/2023\/02\/52712829490_ba253cb3d6_o-1200x800.jpg 1200w, https:\/\/www.esplac.cat\/wp-content\/uploads\/2023\/02\/52712829490_ba253cb3d6_o-1536x1024.jpg 1536w, https:\/\/www.esplac.cat\/wp-content\/uploads\/2023\/02\/52712829490_ba253cb3d6_o.jpg 1920w\" sizes=\"(max-width: 400px) 100vw, 400px\" \/><\/a>\n\t\t\t<\/dt><\/dl><dl class='gallery-item'>\n\t\t\t<dt class='gallery-icon landscape'>\n\t\t\t\t<a data-rel=\"iLightbox[postimages]\" data-title=\"52712889868_cb3c2c7d3b_o\" data-caption=\"\" href='https:\/\/www.esplac.cat\/en\/52712889868_cb3c2c7d3b_o-2\/'><img decoding=\"async\" width=\"400\" height=\"267\" src=\"https:\/\/www.esplac.cat\/wp-content\/uploads\/2023\/02\/52712889868_cb3c2c7d3b_o-400x267.jpg\" class=\"attachment-fusion-400 size-fusion-400\" alt=\"Escola Esplac 2023\" srcset=\"https:\/\/www.esplac.cat\/wp-content\/uploads\/2023\/02\/52712889868_cb3c2c7d3b_o-200x133.jpg 200w, https:\/\/www.esplac.cat\/wp-content\/uploads\/2023\/02\/52712889868_cb3c2c7d3b_o-300x200.jpg 300w, https:\/\/www.esplac.cat\/wp-content\/uploads\/2023\/02\/52712889868_cb3c2c7d3b_o-400x267.jpg 400w, https:\/\/www.esplac.cat\/wp-content\/uploads\/2023\/02\/52712889868_cb3c2c7d3b_o-600x400.jpg 600w, https:\/\/www.esplac.cat\/wp-content\/uploads\/2023\/02\/52712889868_cb3c2c7d3b_o-768x512.jpg 768w, https:\/\/www.esplac.cat\/wp-content\/uploads\/2023\/02\/52712889868_cb3c2c7d3b_o-800x533.jpg 800w, https:\/\/www.esplac.cat\/wp-content\/uploads\/2023\/02\/52712889868_cb3c2c7d3b_o-1024x683.jpg 1024w, https:\/\/www.esplac.cat\/wp-content\/uploads\/2023\/02\/52712889868_cb3c2c7d3b_o-1200x800.jpg 1200w, https:\/\/www.esplac.cat\/wp-content\/uploads\/2023\/02\/52712889868_cb3c2c7d3b_o-1536x1024.jpg 1536w, https:\/\/www.esplac.cat\/wp-content\/uploads\/2023\/02\/52712889868_cb3c2c7d3b_o.jpg 1920w\" sizes=\"(max-width: 400px) 100vw, 400px\" \/><\/a>\n\t\t\t<\/dt><\/dl><dl class='gallery-item'>\n\t\t\t<dt class='gallery-icon landscape'>\n\t\t\t\t<a data-rel=\"iLightbox[postimages]\" data-title=\"52712412356_702ec31df5_o\" data-caption=\"\" href='https:\/\/www.esplac.cat\/en\/52712412356_702ec31df5_o-2\/'><img decoding=\"async\" width=\"400\" height=\"267\" src=\"https:\/\/www.esplac.cat\/wp-content\/uploads\/2023\/02\/52712412356_702ec31df5_o-400x267.jpg\" class=\"attachment-fusion-400 size-fusion-400\" alt=\"Escola Esplac 2023\" srcset=\"https:\/\/www.esplac.cat\/wp-content\/uploads\/2023\/02\/52712412356_702ec31df5_o-200x133.jpg 200w, https:\/\/www.esplac.cat\/wp-content\/uploads\/2023\/02\/52712412356_702ec31df5_o-300x200.jpg 300w, https:\/\/www.esplac.cat\/wp-content\/uploads\/2023\/02\/52712412356_702ec31df5_o-400x267.jpg 400w, https:\/\/www.esplac.cat\/wp-content\/uploads\/2023\/02\/52712412356_702ec31df5_o-600x400.jpg 600w, https:\/\/www.esplac.cat\/wp-content\/uploads\/2023\/02\/52712412356_702ec31df5_o-768x512.jpg 768w, https:\/\/www.esplac.cat\/wp-content\/uploads\/2023\/02\/52712412356_702ec31df5_o-800x533.jpg 800w, https:\/\/www.esplac.cat\/wp-content\/uploads\/2023\/02\/52712412356_702ec31df5_o-1024x683.jpg 1024w, https:\/\/www.esplac.cat\/wp-content\/uploads\/2023\/02\/52712412356_702ec31df5_o-1200x800.jpg 1200w, https:\/\/www.esplac.cat\/wp-content\/uploads\/2023\/02\/52712412356_702ec31df5_o-1536x1024.jpg 1536w, https:\/\/www.esplac.cat\/wp-content\/uploads\/2023\/02\/52712412356_702ec31df5_o.jpg 1920w\" sizes=\"(max-width: 400px) 100vw, 400px\" \/><\/a>\n\t\t\t<\/dt><\/dl><br style=\"clear: both\" \/>\n\t\t<\/div>\n\n<p><span style=\"font-weight: 300;\">La jornada ha prosseguit amb una Taula Rodona \u201c<em>La inf\u00e0ncia en l\u2019avui: infants i joves, qu\u00e8 necessitem per avan\u00e7ar cap a una ciutadania activa<\/em>?\u201d de la m\u00e0 de <a href=\"https:\/\/www.esplac.cat\/entrevista-mari-corominas\/\" target=\"_blank\" rel=\"noopener\"><strong><span style=\"color: #f69d0b;\">Mari Corominas<\/span>,<\/strong><\/a> investigadora de l<strong>\u2019<\/strong><\/span><strong><a href=\"https:\/\/institutinfancia.cat\/\" target=\"_blank\" rel=\"noopener\"><span style=\"color: #f69d0b;\">Institut Inf\u00e0ncia i Adolesc\u00e8ncia de Barcelona<\/span><\/a><\/strong><span style=\"font-weight: 300;\">,<\/span><strong><span style=\"color: #f69d0b;\"> <a style=\"color: #f69d0b;\" href=\"https:\/\/franciscoactivista.com\/\" target=\"_blank\" rel=\"noopener\">Francisco Vera<\/a><\/span><\/strong><span style=\"font-weight: 300;\"><strong><span style=\"color: #f69d0b;\">,<\/span><\/strong> activista clim\u00e0tic, i Roc Morella i Rim El Khamlichi, president i vocal del<\/span><strong><span style=\"color: #f69d0b;\"> Consell Nacional d\u2019Inf\u00e0ncia i Adolesc\u00e8ncia de Catalunya <\/span><\/strong>(CNIAC)<span style=\"font-weight: 300;\">. Durant la taula rodona s\u2019ha real\u00e7at la inf\u00e0ncia i la consideraci\u00f3 d\u2019aquesta com una etapa en qu\u00e8 s\u2019ha de fomentar la participaci\u00f3, i s\u2019han exemplificat projectes de participaci\u00f3 infantil i juvenil actius al territori com el \u201c<strong><span style=\"color: #f69d0b;\"><a style=\"color: #f69d0b;\" href=\"https:\/\/institutinfancia.cat\/programes\/parlen-els-nens-i-nenes\/\" target=\"_blank\" rel=\"noopener\"><em>Parlen els nens i les nenes<\/em><\/a><\/span><\/strong>\u201d, el CNIAC o Guardianes por la vida.\u00a0<\/span><\/p>\n<p><span style=\"font-weight: 300;\">Durant la tarda de dissabte, s\u2019han realitzat diversos tallers condu\u00efts per Laia Ferr\u00fas, membre del Grup de Recerca d\u2019Educaci\u00f3 Moral de la Universitat de Barcelona (GREM), l\u2019<\/span><span style=\"color: #f69d0b;\"><strong><a style=\"color: #f69d0b;\" href=\"https:\/\/ignia.cat\/\" target=\"_blank\" rel=\"noopener\">Associaci\u00f3 \u00cdgnia<\/a><\/strong><\/span>, <strong><a href=\"https:\/\/labastida.coop\/\" target=\"_blank\" rel=\"noopener\"><span style=\"color: #f69d0b;\">Bastida Participaci\u00f3<\/span><\/a><\/strong><span style=\"font-weight: 300;\"> i Francisco Zapata, amb experi\u00e8ncia en processos d\u2019educaci\u00f3 per a la pau i gesti\u00f3 de conflictes. A partir d\u2019aquests tallers s\u2019han abordat tem\u00e0tiques m\u00e9s concretes aplicades a la participaci\u00f3 en espais de lleure i s\u2019han tra\u00e7at l\u00ednies d\u2019actuaci\u00f3 espec\u00edfiques amb infants i joves.<\/span><\/p>\n<p><img decoding=\"async\" class=\"aligncenter wp-image-43855 size-fusion-800\" src=\"https:\/\/www.esplac.cat\/wp-content\/uploads\/2023\/02\/52712412676_2282599d68_o-800x533.jpg\" alt=\"Escola Esplac 2023\" width=\"800\" height=\"533\" srcset=\"https:\/\/www.esplac.cat\/wp-content\/uploads\/2023\/02\/52712412676_2282599d68_o-200x133.jpg 200w, https:\/\/www.esplac.cat\/wp-content\/uploads\/2023\/02\/52712412676_2282599d68_o-300x200.jpg 300w, https:\/\/www.esplac.cat\/wp-content\/uploads\/2023\/02\/52712412676_2282599d68_o-400x267.jpg 400w, https:\/\/www.esplac.cat\/wp-content\/uploads\/2023\/02\/52712412676_2282599d68_o-600x400.jpg 600w, https:\/\/www.esplac.cat\/wp-content\/uploads\/2023\/02\/52712412676_2282599d68_o-768x512.jpg 768w, https:\/\/www.esplac.cat\/wp-content\/uploads\/2023\/02\/52712412676_2282599d68_o-800x533.jpg 800w, https:\/\/www.esplac.cat\/wp-content\/uploads\/2023\/02\/52712412676_2282599d68_o-1024x683.jpg 1024w, https:\/\/www.esplac.cat\/wp-content\/uploads\/2023\/02\/52712412676_2282599d68_o-1200x800.jpg 1200w, https:\/\/www.esplac.cat\/wp-content\/uploads\/2023\/02\/52712412676_2282599d68_o-1536x1024.jpg 1536w, https:\/\/www.esplac.cat\/wp-content\/uploads\/2023\/02\/52712412676_2282599d68_o.jpg 1920w\" sizes=\"(max-width: 800px) 100vw, 800px\" \/><\/p>\n<p><span style=\"font-weight: 300;\">El diumenge ha servit per aterrar tot all\u00f2 apr\u00e8s i s\u2019ha comptat amb la pon\u00e8ncia de l&#8217;<a href=\"https:\/\/www.esplac.cat\/entrevista-anna-novella-participacio\/\" target=\"_blank\" rel=\"noopener\"><strong><span style=\"color: #f69d0b;\">Ana Novella<\/span><\/strong><\/a>, membre de l\u2019equip directiu del GREM i una de les veus principals de la teoritzaci\u00f3 de la participaci\u00f3 infantil i juvenil a Catalunya. A la pon\u00e8ncia \u201c<em>Orientacions, claus i reptes per un model entitat m\u00e9s participatiu: la cogovernan\u00e7a<\/em>\u201d s\u2019ha indagat en com fomentar i aplicar la participaci\u00f3 infantil a les entitats, perqu\u00e8 les decisions i accions concretes tinguin impacte en els processos educatius i les estructures de les entitats.<\/span><\/p>\n<p><span style=\"font-weight: 300;\">A banda, s\u2019han creat dos espais formatius \u201c<em>Els dilemes de la participaci\u00f3 d\u2019infants i joves<\/em>\u201d i \u201c<em>Fem xarxa!<\/em>\u201d que han fomentat la coneixen\u00e7a de projectes de participaci\u00f3 infantil i juvenil com<\/span><strong><a href=\"https:\/\/medicusmundi.es\/es\" target=\"_blank\" rel=\"noopener\"> <span style=\"color: #f69d0b;\">Medicus Mundi<\/span><\/a><\/strong><span style=\"font-weight: 300;\"> o la Nora, membre del<\/span><strong><span style=\"color: #f69d0b;\"><a style=\"color: #f69d0b;\" href=\"https:\/\/www.elprat.cat\/conselldelsinfants\" target=\"_blank\" rel=\"noopener\"> Consell d\u2019Infants del Prat del Llobrega<\/a><\/span><\/strong><span style=\"font-weight: 300;\"><strong><span style=\"color: #f69d0b;\">t<\/span><\/strong>, aix\u00ed com trobar solucions diverses a reptes de participaci\u00f3 que es poden donar a un esplai.\u00a0<\/span><\/p>\n<p><span style=\"font-weight: 300;\">Participants de l\u2019Escola d\u2019Esplac han valorat positivament l\u2019aprenentatge i asseguren que s\u2019\u201cenduen reptes a treballar a l\u2019esplai\u201d, entenent que la participaci\u00f3 infantil i juvenil ha de ser un punt m\u00e9s a tenir en compte a l\u2019hora de preparar activitats i accions concretes dins de l\u2019entitat.<\/span><\/p>\n","protected":false},"excerpt":{"rendered":"<p>El cap de setmana del 25 i 26 de febrer [&hellip;]<\/p>\n","protected":false},"author":3,"featured_media":43834,"comment_status":"closed","ping_status":"closed","sticky":false,"template":"","format":"standard","meta":{"om_disable_all_campaigns":false,"_monsterinsights_skip_tracking":false,"_monsterinsights_sitenote_active":false,"_monsterinsights_sitenote_note":"","_monsterinsights_sitenote_category":0,"_uf_show_specific_survey":0,"_uf_disable_surveys":false,"footnotes":""},"categories":[1129,1],"tags":[],"class_list":["post-43831","post","type-post","status-publish","format-standard","has-post-thumbnail","hentry","category-escola-desplac","category-sense-categoria"],"yoast_head":"<!-- This site is optimized with the Yoast SEO plugin v27.5 - https:\/\/yoast.com\/product\/yoast-seo-wordpress\/ -->\n<title>Aterrem la participaci\u00f3 infantil a l\u2019esplai a l\u2019Escola d\u2019Esplac 2023<\/title>\n<meta name=\"description\" content=\"M\u00e9s de 70 persones han participat a l\u2019Escola d\u2019Esplac per reflexionar al voltant de la tem\u00e0tica \u201cPaidocentrisme: posem l\u2019infant al centre\u201d.\" \/>\n<meta name=\"robots\" content=\"index, follow, max-snippet:-1, max-image-preview:large, max-video-preview:-1\" \/>\n<link rel=\"canonical\" href=\"https:\/\/www.esplac.cat\/paidocentrisme-escola-esplac-2023\/\" \/>\n<meta property=\"og:locale\" content=\"en_US\" \/>\n<meta property=\"og:type\" content=\"article\" \/>\n<meta property=\"og:title\" content=\"Aterrem la participaci\u00f3 infantil a l\u2019esplai a l\u2019Escola d\u2019Esplac 2023\" \/>\n<meta property=\"og:description\" content=\"M\u00e9s de 70 persones han participat a l\u2019Escola d\u2019Esplac per reflexionar al voltant de la tem\u00e0tica \u201cPaidocentrisme: posem l\u2019infant al centre\u201d.\" \/>\n<meta property=\"og:url\" content=\"https:\/\/www.esplac.cat\/paidocentrisme-escola-esplac-2023\/\" \/>\n<meta property=\"og:site_name\" content=\"Esplac\" \/>\n<meta property=\"article:published_time\" content=\"2023-02-28T10:17:41+00:00\" \/>\n<meta property=\"article:modified_time\" content=\"2023-02-28T10:24:57+00:00\" \/>\n<meta property=\"og:image\" content=\"https:\/\/www.esplac.cat\/wp-content\/uploads\/2023\/02\/Portades-web-9.jpg\" \/>\n\t<meta property=\"og:image:width\" content=\"1694\" \/>\n\t<meta property=\"og:image:height\" content=\"700\" \/>\n\t<meta property=\"og:image:type\" content=\"image\/jpeg\" \/>\n<meta name=\"author\" content=\"Comunicaci\u00f3 Esplac\" \/>\n<meta name=\"twitter:card\" content=\"summary_large_image\" \/>\n<meta name=\"twitter:label1\" content=\"Written by\" \/>\n\t<meta name=\"twitter:data1\" content=\"Comunicaci\u00f3 Esplac\" \/>\n\t<meta name=\"twitter:label2\" content=\"Est. reading time\" \/>\n\t<meta name=\"twitter:data2\" content=\"4 minutes\" \/>\n<script type=\"application\/ld+json\" class=\"yoast-schema-graph\">{\"@context\":\"https:\\\/\\\/schema.org\",\"@graph\":[{\"@type\":\"Article\",\"@id\":\"https:\\\/\\\/www.esplac.cat\\\/paidocentrisme-escola-esplac-2023\\\/#article\",\"isPartOf\":{\"@id\":\"https:\\\/\\\/www.esplac.cat\\\/paidocentrisme-escola-esplac-2023\\\/\"},\"author\":{\"name\":\"Comunicaci\u00f3 Esplac\",\"@id\":\"https:\\\/\\\/www.esplac.cat\\\/#\\\/schema\\\/person\\\/908383cf240be18b68f8855d0583faca\"},\"headline\":\"Esplais cogovernats pels infants? Aterrem la participaci\u00f3 infantil a l\u2019esplai a l\u2019Escola d\u2019Esplac 2023\",\"datePublished\":\"2023-02-28T10:17:41+00:00\",\"dateModified\":\"2023-02-28T10:24:57+00:00\",\"mainEntityOfPage\":{\"@id\":\"https:\\\/\\\/www.esplac.cat\\\/paidocentrisme-escola-esplac-2023\\\/\"},\"wordCount\":730,\"publisher\":{\"@id\":\"https:\\\/\\\/www.esplac.cat\\\/#organization\"},\"image\":{\"@id\":\"https:\\\/\\\/www.esplac.cat\\\/paidocentrisme-escola-esplac-2023\\\/#primaryimage\"},\"thumbnailUrl\":\"https:\\\/\\\/www.esplac.cat\\\/wp-content\\\/uploads\\\/2023\\\/02\\\/Portades-web-9.jpg\",\"articleSection\":[\"Escola d'Esplac\",\"Sense categoria\"],\"inLanguage\":\"en-US\"},{\"@type\":\"WebPage\",\"@id\":\"https:\\\/\\\/www.esplac.cat\\\/paidocentrisme-escola-esplac-2023\\\/\",\"url\":\"https:\\\/\\\/www.esplac.cat\\\/paidocentrisme-escola-esplac-2023\\\/\",\"name\":\"Aterrem la participaci\u00f3 infantil a l\u2019esplai a l\u2019Escola d\u2019Esplac 2023\",\"isPartOf\":{\"@id\":\"https:\\\/\\\/www.esplac.cat\\\/#website\"},\"primaryImageOfPage\":{\"@id\":\"https:\\\/\\\/www.esplac.cat\\\/paidocentrisme-escola-esplac-2023\\\/#primaryimage\"},\"image\":{\"@id\":\"https:\\\/\\\/www.esplac.cat\\\/paidocentrisme-escola-esplac-2023\\\/#primaryimage\"},\"thumbnailUrl\":\"https:\\\/\\\/www.esplac.cat\\\/wp-content\\\/uploads\\\/2023\\\/02\\\/Portades-web-9.jpg\",\"datePublished\":\"2023-02-28T10:17:41+00:00\",\"dateModified\":\"2023-02-28T10:24:57+00:00\",\"description\":\"M\u00e9s de 70 persones han participat a l\u2019Escola d\u2019Esplac per reflexionar al voltant de la tem\u00e0tica \u201cPaidocentrisme: posem l\u2019infant al centre\u201d.\",\"breadcrumb\":{\"@id\":\"https:\\\/\\\/www.esplac.cat\\\/paidocentrisme-escola-esplac-2023\\\/#breadcrumb\"},\"inLanguage\":\"en-US\",\"potentialAction\":[{\"@type\":\"ReadAction\",\"target\":[\"https:\\\/\\\/www.esplac.cat\\\/paidocentrisme-escola-esplac-2023\\\/\"]}]},{\"@type\":\"ImageObject\",\"inLanguage\":\"en-US\",\"@id\":\"https:\\\/\\\/www.esplac.cat\\\/paidocentrisme-escola-esplac-2023\\\/#primaryimage\",\"url\":\"https:\\\/\\\/www.esplac.cat\\\/wp-content\\\/uploads\\\/2023\\\/02\\\/Portades-web-9.jpg\",\"contentUrl\":\"https:\\\/\\\/www.esplac.cat\\\/wp-content\\\/uploads\\\/2023\\\/02\\\/Portades-web-9.jpg\",\"width\":1694,\"height\":700,\"caption\":\"Escola Esplac 2023\"},{\"@type\":\"BreadcrumbList\",\"@id\":\"https:\\\/\\\/www.esplac.cat\\\/paidocentrisme-escola-esplac-2023\\\/#breadcrumb\",\"itemListElement\":[{\"@type\":\"ListItem\",\"position\":1,\"name\":\"Inici\",\"item\":\"https:\\\/\\\/www.esplac.cat\\\/en\\\/\"},{\"@type\":\"ListItem\",\"position\":2,\"name\":\"Esplais cogovernats pels infants? Aterrem la participaci\u00f3 infantil a l\u2019esplai a l\u2019Escola d\u2019Esplac 2023\"}]},{\"@type\":\"WebSite\",\"@id\":\"https:\\\/\\\/www.esplac.cat\\\/#website\",\"url\":\"https:\\\/\\\/www.esplac.cat\\\/\",\"name\":\"Esplac\",\"description\":\"Esplais Catalans\",\"publisher\":{\"@id\":\"https:\\\/\\\/www.esplac.cat\\\/#organization\"},\"potentialAction\":[{\"@type\":\"SearchAction\",\"target\":{\"@type\":\"EntryPoint\",\"urlTemplate\":\"https:\\\/\\\/www.esplac.cat\\\/?s={search_term_string}\"},\"query-input\":{\"@type\":\"PropertyValueSpecification\",\"valueRequired\":true,\"valueName\":\"search_term_string\"}}],\"inLanguage\":\"en-US\"},{\"@type\":\"Organization\",\"@id\":\"https:\\\/\\\/www.esplac.cat\\\/#organization\",\"name\":\"Esplac\",\"url\":\"https:\\\/\\\/www.esplac.cat\\\/\",\"logo\":{\"@type\":\"ImageObject\",\"inLanguage\":\"en-US\",\"@id\":\"https:\\\/\\\/www.esplac.cat\\\/#\\\/schema\\\/logo\\\/image\\\/\",\"url\":\"https:\\\/\\\/www.esplac.cat\\\/wp-content\\\/uploads\\\/2019\\\/08\\\/logox2.png\",\"contentUrl\":\"https:\\\/\\\/www.esplac.cat\\\/wp-content\\\/uploads\\\/2019\\\/08\\\/logox2.png\",\"width\":600,\"height\":295,\"caption\":\"Esplac\"},\"image\":{\"@id\":\"https:\\\/\\\/www.esplac.cat\\\/#\\\/schema\\\/logo\\\/image\\\/\"}},{\"@type\":\"Person\",\"@id\":\"https:\\\/\\\/www.esplac.cat\\\/#\\\/schema\\\/person\\\/908383cf240be18b68f8855d0583faca\",\"name\":\"Comunicaci\u00f3 Esplac\",\"image\":{\"@type\":\"ImageObject\",\"inLanguage\":\"en-US\",\"@id\":\"https:\\\/\\\/secure.gravatar.com\\\/avatar\\\/7a4cf8feb412a76ea4a740ca02d95b06b2907b5a6c648c2dd0a1082a093c3141?s=96&d=mm&r=g\",\"url\":\"https:\\\/\\\/secure.gravatar.com\\\/avatar\\\/7a4cf8feb412a76ea4a740ca02d95b06b2907b5a6c648c2dd0a1082a093c3141?s=96&d=mm&r=g\",\"contentUrl\":\"https:\\\/\\\/secure.gravatar.com\\\/avatar\\\/7a4cf8feb412a76ea4a740ca02d95b06b2907b5a6c648c2dd0a1082a093c3141?s=96&d=mm&r=g\",\"caption\":\"Comunicaci\u00f3 Esplac\"}}]}<\/script>\n<!-- \/ Yoast SEO plugin. -->","yoast_head_json":{"title":"Aterrem la participaci\u00f3 infantil a l\u2019esplai a l\u2019Escola d\u2019Esplac 2023","description":"M\u00e9s de 70 persones han participat a l\u2019Escola d\u2019Esplac per reflexionar al voltant de la tem\u00e0tica \u201cPaidocentrisme: posem l\u2019infant al centre\u201d.","robots":{"index":"index","follow":"follow","max-snippet":"max-snippet:-1","max-image-preview":"max-image-preview:large","max-video-preview":"max-video-preview:-1"},"canonical":"https:\/\/www.esplac.cat\/paidocentrisme-escola-esplac-2023\/","og_locale":"en_US","og_type":"article","og_title":"Aterrem la participaci\u00f3 infantil a l\u2019esplai a l\u2019Escola d\u2019Esplac 2023","og_description":"M\u00e9s de 70 persones han participat a l\u2019Escola d\u2019Esplac per reflexionar al voltant de la tem\u00e0tica \u201cPaidocentrisme: posem l\u2019infant al centre\u201d.","og_url":"https:\/\/www.esplac.cat\/paidocentrisme-escola-esplac-2023\/","og_site_name":"Esplac","article_published_time":"2023-02-28T10:17:41+00:00","article_modified_time":"2023-02-28T10:24:57+00:00","og_image":[{"width":1694,"height":700,"url":"https:\/\/www.esplac.cat\/wp-content\/uploads\/2023\/02\/Portades-web-9.jpg","type":"image\/jpeg"}],"author":"Comunicaci\u00f3 Esplac","twitter_card":"summary_large_image","twitter_misc":{"Written by":"Comunicaci\u00f3 Esplac","Est. reading time":"4 minutes"},"schema":{"@context":"https:\/\/schema.org","@graph":[{"@type":"Article","@id":"https:\/\/www.esplac.cat\/paidocentrisme-escola-esplac-2023\/#article","isPartOf":{"@id":"https:\/\/www.esplac.cat\/paidocentrisme-escola-esplac-2023\/"},"author":{"name":"Comunicaci\u00f3 Esplac","@id":"https:\/\/www.esplac.cat\/#\/schema\/person\/908383cf240be18b68f8855d0583faca"},"headline":"Esplais cogovernats pels infants? Aterrem la participaci\u00f3 infantil a l\u2019esplai a l\u2019Escola d\u2019Esplac 2023","datePublished":"2023-02-28T10:17:41+00:00","dateModified":"2023-02-28T10:24:57+00:00","mainEntityOfPage":{"@id":"https:\/\/www.esplac.cat\/paidocentrisme-escola-esplac-2023\/"},"wordCount":730,"publisher":{"@id":"https:\/\/www.esplac.cat\/#organization"},"image":{"@id":"https:\/\/www.esplac.cat\/paidocentrisme-escola-esplac-2023\/#primaryimage"},"thumbnailUrl":"https:\/\/www.esplac.cat\/wp-content\/uploads\/2023\/02\/Portades-web-9.jpg","articleSection":["Escola d'Esplac","Sense categoria"],"inLanguage":"en-US"},{"@type":"WebPage","@id":"https:\/\/www.esplac.cat\/paidocentrisme-escola-esplac-2023\/","url":"https:\/\/www.esplac.cat\/paidocentrisme-escola-esplac-2023\/","name":"Aterrem la participaci\u00f3 infantil a l\u2019esplai a l\u2019Escola d\u2019Esplac 2023","isPartOf":{"@id":"https:\/\/www.esplac.cat\/#website"},"primaryImageOfPage":{"@id":"https:\/\/www.esplac.cat\/paidocentrisme-escola-esplac-2023\/#primaryimage"},"image":{"@id":"https:\/\/www.esplac.cat\/paidocentrisme-escola-esplac-2023\/#primaryimage"},"thumbnailUrl":"https:\/\/www.esplac.cat\/wp-content\/uploads\/2023\/02\/Portades-web-9.jpg","datePublished":"2023-02-28T10:17:41+00:00","dateModified":"2023-02-28T10:24:57+00:00","description":"M\u00e9s de 70 persones han participat a l\u2019Escola d\u2019Esplac per reflexionar al voltant de la tem\u00e0tica \u201cPaidocentrisme: posem l\u2019infant al centre\u201d.","breadcrumb":{"@id":"https:\/\/www.esplac.cat\/paidocentrisme-escola-esplac-2023\/#breadcrumb"},"inLanguage":"en-US","potentialAction":[{"@type":"ReadAction","target":["https:\/\/www.esplac.cat\/paidocentrisme-escola-esplac-2023\/"]}]},{"@type":"ImageObject","inLanguage":"en-US","@id":"https:\/\/www.esplac.cat\/paidocentrisme-escola-esplac-2023\/#primaryimage","url":"https:\/\/www.esplac.cat\/wp-content\/uploads\/2023\/02\/Portades-web-9.jpg","contentUrl":"https:\/\/www.esplac.cat\/wp-content\/uploads\/2023\/02\/Portades-web-9.jpg","width":1694,"height":700,"caption":"Escola Esplac 2023"},{"@type":"BreadcrumbList","@id":"https:\/\/www.esplac.cat\/paidocentrisme-escola-esplac-2023\/#breadcrumb","itemListElement":[{"@type":"ListItem","position":1,"name":"Inici","item":"https:\/\/www.esplac.cat\/en\/"},{"@type":"ListItem","position":2,"name":"Esplais cogovernats pels infants? Aterrem la participaci\u00f3 infantil a l\u2019esplai a l\u2019Escola d\u2019Esplac 2023"}]},{"@type":"WebSite","@id":"https:\/\/www.esplac.cat\/#website","url":"https:\/\/www.esplac.cat\/","name":"Esplac","description":"Esplais Catalans","publisher":{"@id":"https:\/\/www.esplac.cat\/#organization"},"potentialAction":[{"@type":"SearchAction","target":{"@type":"EntryPoint","urlTemplate":"https:\/\/www.esplac.cat\/?s={search_term_string}"},"query-input":{"@type":"PropertyValueSpecification","valueRequired":true,"valueName":"search_term_string"}}],"inLanguage":"en-US"},{"@type":"Organization","@id":"https:\/\/www.esplac.cat\/#organization","name":"Esplac","url":"https:\/\/www.esplac.cat\/","logo":{"@type":"ImageObject","inLanguage":"en-US","@id":"https:\/\/www.esplac.cat\/#\/schema\/logo\/image\/","url":"https:\/\/www.esplac.cat\/wp-content\/uploads\/2019\/08\/logox2.png","contentUrl":"https:\/\/www.esplac.cat\/wp-content\/uploads\/2019\/08\/logox2.png","width":600,"height":295,"caption":"Esplac"},"image":{"@id":"https:\/\/www.esplac.cat\/#\/schema\/logo\/image\/"}},{"@type":"Person","@id":"https:\/\/www.esplac.cat\/#\/schema\/person\/908383cf240be18b68f8855d0583faca","name":"Comunicaci\u00f3 Esplac","image":{"@type":"ImageObject","inLanguage":"en-US","@id":"https:\/\/secure.gravatar.com\/avatar\/7a4cf8feb412a76ea4a740ca02d95b06b2907b5a6c648c2dd0a1082a093c3141?s=96&d=mm&r=g","url":"https:\/\/secure.gravatar.com\/avatar\/7a4cf8feb412a76ea4a740ca02d95b06b2907b5a6c648c2dd0a1082a093c3141?s=96&d=mm&r=g","contentUrl":"https:\/\/secure.gravatar.com\/avatar\/7a4cf8feb412a76ea4a740ca02d95b06b2907b5a6c648c2dd0a1082a093c3141?s=96&d=mm&r=g","caption":"Comunicaci\u00f3 Esplac"}}]}},"_links":{"self":[{"href":"https:\/\/www.esplac.cat\/en\/wp-json\/wp\/v2\/posts\/43831","targetHints":{"allow":["GET"]}}],"collection":[{"href":"https:\/\/www.esplac.cat\/en\/wp-json\/wp\/v2\/posts"}],"about":[{"href":"https:\/\/www.esplac.cat\/en\/wp-json\/wp\/v2\/types\/post"}],"author":[{"embeddable":true,"href":"https:\/\/www.esplac.cat\/en\/wp-json\/wp\/v2\/users\/3"}],"replies":[{"embeddable":true,"href":"https:\/\/www.esplac.cat\/en\/wp-json\/wp\/v2\/comments?post=43831"}],"version-history":[{"count":0,"href":"https:\/\/www.esplac.cat\/en\/wp-json\/wp\/v2\/posts\/43831\/revisions"}],"wp:featuredmedia":[{"embeddable":true,"href":"https:\/\/www.esplac.cat\/en\/wp-json\/wp\/v2\/media\/43834"}],"wp:attachment":[{"href":"https:\/\/www.esplac.cat\/en\/wp-json\/wp\/v2\/media?parent=43831"}],"wp:term":[{"taxonomy":"category","embeddable":true,"href":"https:\/\/www.esplac.cat\/en\/wp-json\/wp\/v2\/categories?post=43831"},{"taxonomy":"post_tag","embeddable":true,"href":"https:\/\/www.esplac.cat\/en\/wp-json\/wp\/v2\/tags?post=43831"}],"curies":[{"name":"wp","href":"https:\/\/api.w.org\/{rel}","templated":true}]}}