{"id":43866,"date":"2022-06-14T13:59:09","date_gmt":"2022-06-14T11:59:09","guid":{"rendered":"https:\/\/www.esplac.cat\/?p=43866"},"modified":"2023-02-28T14:01:27","modified_gmt":"2023-02-28T12:01:27","slug":"esplais-encaren-activitats-estiu-normalitat","status":"publish","type":"post","link":"https:\/\/www.esplac.cat\/en\/esplais-encaren-activitats-estiu-normalitat\/","title":{"rendered":"Els esplais encaren les activitats d\u2019estiu amb normalitat, recuperant dades similars a les d\u2019abans de la pand\u00e8mia"},"content":{"rendered":"<h6><b>Uns 75 espais d\u2019Esplac realitzaran vora de 200 activitats d\u2019estiu entre campaments, col\u00f2nies i rutes, segons dades d\u2019Esplais Catalans.<\/b><\/h6>\n<p><span style=\"font-weight: 300;\">Els esplais ja fa dos estius que s\u2019han vist immersos en l\u2019adaptaci\u00f3 de les seves activitats a les normatives originades per la pand\u00e8mia de la Covid-19. Aquest curs, per\u00f2, encaren\u00a0 l\u2019estiu amb energia i sense uns protocols de Covid-19 espec\u00edfics, fet que ha fomentat que s\u2019anivelli de nou el nombre d\u2019esplais i activitats d\u2019estiu a xifres com les d\u2019abans de la pand\u00e8mia.<\/span><\/p>\n<p><span style=\"font-weight: 300;\">Les activitats d\u2019estiu, que engloben campaments, col\u00f2nies i rutes s&#8217;havien vist en davallada a causa de les conseq\u00fc\u00e8ncies de la Covid-19: els protocols espec\u00edfics per activitats del lleure durant la pand\u00e8mia van ocasionar que molts esplais no poguessin complir els requeriments necessaris per dur a terme les activitats d\u2019estiu amb normalitat. Tot i que durant l\u2019estiu del 2021 molts esplais van poder adaptar-se a les normatives, no ha estat fins aquest curs on han pogut organitzar activitats d\u2019estiu amb la participaci\u00f3 i les condicions habituals.<\/span><\/p>\n<p><b>Les activitats d\u2019estiu, en dades<\/b><\/p>\n<p><span style=\"font-weight: 300;\">Durant els mesos de juliol, agost i setembre es preveuen, segons dades recollides per Esplais Catalans, quasi 200 activitats d\u2019estiu d\u2019esplais de l\u2019associaci\u00f3, tornant a les xifres recollides pr\u00e8viament a la Covid-19, durant l\u2019estiu de 2019. D\u2019aquestes, ja hi ha confirmades un total de 71 campaments, 56 col\u00f2nies i 56 rutes de m\u00e9s de 70 esplais diferents d\u2019Esplac. Tamb\u00e9 est\u00e0 prevista la participaci\u00f3 de 1.245 monitores i monitors en la preparaci\u00f3 i realitzaci\u00f3 de les activitats i un total de\u00a0 4.491 infants i joves que gaudiran de campaments, col\u00f2nies i rutes amb els seus esplais.<\/span><\/p>\n<p>&nbsp;<\/p>\n<table>\n<tbody>\n<tr>\n<td><span style=\"color: #f69d0b;\"><b>Tipus d&#8217;activitat<\/b><\/span><\/td>\n<td><span style=\"color: #f69d0b;\"><b>2018<\/b><\/span><\/td>\n<td><span style=\"color: #f69d0b;\"><b>2019<\/b><\/span><\/td>\n<td><span style=\"color: #f69d0b;\"><b>2020<\/b><\/span><\/td>\n<td><span style=\"color: #f69d0b;\"><b>2021<\/b><\/span><\/td>\n<td><span style=\"color: #f69d0b;\"><b> 2022<\/b><\/span><\/td>\n<\/tr>\n<tr>\n<td><span style=\"font-weight: 400;\">Rutes<\/span><\/td>\n<td><span style=\"font-weight: 400;\">45<\/span><\/td>\n<td rowspan=\"2\"><span style=\"font-weight: 400;\">105<\/span><\/td>\n<td><span style=\"font-weight: 400;\">1<\/span><\/td>\n<td><span style=\"font-weight: 400;\">56<\/span><\/td>\n<td><span style=\"font-weight: 400;\">42<\/span><\/td>\n<\/tr>\n<tr>\n<td><span style=\"font-weight: 400;\">Campaments<\/span><\/td>\n<td><span style=\"font-weight: 400;\">67<\/span><\/td>\n<td><span style=\"font-weight: 400;\">122<\/span><\/td>\n<td><span style=\"font-weight: 400;\">71<\/span><\/td>\n<td><span style=\"font-weight: 400;\">61<\/span><\/td>\n<\/tr>\n<tr>\n<td><span style=\"font-weight: 400;\">Col\u00f2nies<\/span><\/td>\n<td><span style=\"font-weight: 400;\">40<\/span><\/td>\n<td><span style=\"font-weight: 400;\">96<\/span><\/td>\n<td><span style=\"font-weight: 400;\">1<\/span><\/td>\n<td><span style=\"font-weight: 400;\">56<\/span><\/td>\n<td><span style=\"font-weight: 400;\">43<\/span><\/td>\n<\/tr>\n<tr>\n<td><span style=\"font-weight: 400;\">Activitats no especificades<\/span><\/td>\n<td><span style=\"font-weight: 400;\">&#8211;<\/span><\/td>\n<td><span style=\"font-weight: 400;\">&#8211;<\/span><\/td>\n<td><span style=\"font-weight: 400;\">&#8211;<\/span><\/td>\n<td><span style=\"font-weight: 400;\">&#8211;<\/span><\/td>\n<td><span style=\"font-weight: 400;\">51<\/span><\/td>\n<\/tr>\n<tr>\n<td><span style=\"font-weight: 400;\">N\u00famero d\u2019esplais<\/span><\/td>\n<td><span style=\"font-weight: 400;\">69<\/span><\/td>\n<td><span style=\"font-weight: 400;\">80<\/span><\/td>\n<td><span style=\"font-weight: 400;\">26<\/span><\/td>\n<td><span style=\"font-weight: 400;\">75<\/span><\/td>\n<td><span style=\"font-weight: 400;\">76<\/span><\/td>\n<\/tr>\n<tr>\n<td><b>Total CCR<\/b><\/td>\n<td><b>152<\/b><\/td>\n<td><b>201<\/b><\/td>\n<td><b>124<\/b><b>*<\/b><\/td>\n<td><b>183<\/b><\/td>\n<td><b>197<\/b><\/td>\n<\/tr>\n<\/tbody>\n<\/table>\n<p><span style=\"font-weight: 300;\"><br \/>\nLes dades de 2022 han estat obtingudes a partir una previsi\u00f3 estimada feta per Esplais Catalans, a trav\u00e9s dels seus canals interns. Fins el setembre no seran validades amb totes les activitats realitzades.\u00a0<\/span><\/p>\n<p><span style=\"font-weight: 300;\">*<em> Els protocols de 2020 en relaci\u00f3 a la Covid-19 exigien que s\u2019havien de realitzar les activitats en grups redu\u00efts de conviv\u00e8ncia, per la qual cosa, la majoria d\u2019esplais que van fer activitat, van haver de dividir-se. En fa evid\u00e8ncia la relaci\u00f3 entre nombre d\u2019esplais i n\u00famero d\u2019activitats.<\/em><\/span><\/p>\n<p><em><span style=\"font-weight: 300;\">En l\u2019\u00e0mbit internacional es preveuen 6 activitats fora del territori, majorit\u00e0riament rutes, i la participaci\u00f3 de 9 esplais d\u2019Esplac a la <\/span><strong><span style=\"color: #f69d0b;\"><a style=\"color: #f69d0b;\" href=\"https:\/\/www.commonground.camp\/\" target=\"_blank\" rel=\"noopener\">Common Ground<\/a><\/span><\/strong><span style=\"font-weight: 300;\">, un <\/span><span style=\"font-weight: 300;\">campament internacional de l\u2019<\/span><span style=\"color: #f69d0b;\"><strong><a style=\"color: #f69d0b;\" href=\"https:\/\/ifm-sei.org\" target=\"_blank\" rel=\"noopener\">IFM-SEI<\/a><\/strong><\/span><span style=\"font-weight: 300;\"> que tindr\u00e0 una durada de 10 nits (del 29 de juliol al dilluns 8 d\u2019agost de 2022). Aquest campament <\/span><span style=\"font-weight: 300;\">arreplegar\u00e0 entre 2.000 y 3.000 persones i est\u00e0 organitzat per <\/span><span style=\"font-weight: 300;\">Woodcraft Folk, comptant amb membres de diferents organitzacions de tot el m\u00f3n, entre d\u2019elles esplais d\u2019Esplac.<\/span><\/em><\/p>\n<p><b>Preparaci\u00f3 de les activitats d\u2019estiu<\/b><\/p>\n<p><span style=\"font-weight: 300;\">Durant els darrers mesos les monitores i monitors d\u2019Esplais Catalans ja estan preparant les activitats d\u2019estiu. L\u2019equip de monitoratge, que \u00e9s totalment voluntari, prepara els jocs, les din\u00e0miques, el centre d&#8217;inter\u00e8s, els horaris i tot all\u00f2 necessari per a les activitats d\u2019estiu. Aquest fet implica l&#8217;autoorganitzaci\u00f3 i reuni\u00f3 de milers de joves d\u2019arreu del territori.<\/span><\/p>\n<p><span style=\"font-weight: 300;\">Cada activitat d\u2019estiu es prepara d\u2019una manera diferent, adequant-se a les necessitats socials i formes de treballar de cada esplai i sobretot a l\u2019adequaci\u00f3 dels continguts pedag\u00f2gics que es volen treballar en el lleure amb infants i joves.\u00a0<\/span><\/p>\n<p><span style=\"font-weight: 300;\">Les activitats d\u2019estiu que preparen els esplais d\u2019Esplac s\u00f3n un espai \u00fanic per aprendre de l\u2019entorn, a trav\u00e9s de jocs i din\u00e0miques, aix\u00ed com fomentar l\u2019educaci\u00f3 en valors i la transformaci\u00f3 social. Als campaments, col\u00f2nies i rutes es creen espais de participaci\u00f3 infantil i juvenil, fomentant l\u2019empoderament i la cohesi\u00f3 de tothom qui hi participa.\u00a0<\/span><\/p>\n","protected":false},"excerpt":{"rendered":"<p>Uns 75 espais d\u2019Esplac realitzaran vora de 200 activitats d\u2019estiu [&hellip;]<\/p>\n","protected":false},"author":3,"featured_media":43868,"comment_status":"closed","ping_status":"closed","sticky":false,"template":"","format":"standard","meta":{"om_disable_all_campaigns":false,"_monsterinsights_skip_tracking":false,"_monsterinsights_sitenote_active":false,"_monsterinsights_sitenote_note":"","_monsterinsights_sitenote_category":0,"_uf_show_specific_survey":0,"_uf_disable_surveys":false,"footnotes":""},"categories":[1117],"tags":[],"class_list":["post-43866","post","type-post","status-publish","format-standard","has-post-thumbnail","hentry","category-activitats-esplais"],"yoast_head":"<!-- This site is optimized with the Yoast SEO plugin v27.4 - https:\/\/yoast.com\/product\/yoast-seo-wordpress\/ -->\n<title>Els esplais encaren les activitats d\u2019estiu amb normalitat - Esplac<\/title>\n<meta name=\"description\" content=\"Uns 75 espais d\u2019Esplac realitzaran vora de 200 activitats d\u2019estiu entre campaments, col\u00f2nies i rutes, segons dades d\u2019Esplais Catalans.\" \/>\n<meta name=\"robots\" content=\"index, follow, max-snippet:-1, max-image-preview:large, max-video-preview:-1\" \/>\n<link rel=\"canonical\" href=\"https:\/\/www.esplac.cat\/esplais-encaren-activitats-estiu-normalitat\/\" \/>\n<meta property=\"og:locale\" content=\"en_US\" \/>\n<meta property=\"og:type\" content=\"article\" \/>\n<meta property=\"og:title\" content=\"Els esplais encaren les activitats d\u2019estiu amb normalitat - Esplac\" \/>\n<meta property=\"og:description\" content=\"Uns 75 espais d\u2019Esplac realitzaran vora de 200 activitats d\u2019estiu entre campaments, col\u00f2nies i rutes, segons dades d\u2019Esplais Catalans.\" \/>\n<meta property=\"og:url\" content=\"https:\/\/www.esplac.cat\/esplais-encaren-activitats-estiu-normalitat\/\" \/>\n<meta property=\"og:site_name\" content=\"Esplac\" \/>\n<meta property=\"article:published_time\" content=\"2022-06-14T11:59:09+00:00\" \/>\n<meta property=\"article:modified_time\" content=\"2023-02-28T12:01:27+00:00\" \/>\n<meta property=\"og:image\" content=\"https:\/\/www.esplac.cat\/wp-content\/uploads\/2023\/02\/Portades-web-1-5.jpg\" \/>\n\t<meta property=\"og:image:width\" content=\"1694\" \/>\n\t<meta property=\"og:image:height\" content=\"700\" \/>\n\t<meta property=\"og:image:type\" content=\"image\/jpeg\" \/>\n<meta name=\"author\" content=\"Comunicaci\u00f3 Esplac\" \/>\n<meta name=\"twitter:card\" content=\"summary_large_image\" \/>\n<meta name=\"twitter:label1\" content=\"Written by\" \/>\n\t<meta name=\"twitter:data1\" content=\"Comunicaci\u00f3 Esplac\" \/>\n\t<meta name=\"twitter:label2\" content=\"Est. reading time\" \/>\n\t<meta name=\"twitter:data2\" content=\"4 minutes\" \/>\n<script type=\"application\/ld+json\" class=\"yoast-schema-graph\">{\"@context\":\"https:\\\/\\\/schema.org\",\"@graph\":[{\"@type\":\"Article\",\"@id\":\"https:\\\/\\\/www.esplac.cat\\\/esplais-encaren-activitats-estiu-normalitat\\\/#article\",\"isPartOf\":{\"@id\":\"https:\\\/\\\/www.esplac.cat\\\/esplais-encaren-activitats-estiu-normalitat\\\/\"},\"author\":{\"name\":\"Comunicaci\u00f3 Esplac\",\"@id\":\"https:\\\/\\\/www.esplac.cat\\\/#\\\/schema\\\/person\\\/908383cf240be18b68f8855d0583faca\"},\"headline\":\"Els esplais encaren les activitats d\u2019estiu amb normalitat, recuperant dades similars a les d\u2019abans de la pand\u00e8mia\",\"datePublished\":\"2022-06-14T11:59:09+00:00\",\"dateModified\":\"2023-02-28T12:01:27+00:00\",\"mainEntityOfPage\":{\"@id\":\"https:\\\/\\\/www.esplac.cat\\\/esplais-encaren-activitats-estiu-normalitat\\\/\"},\"wordCount\":666,\"publisher\":{\"@id\":\"https:\\\/\\\/www.esplac.cat\\\/#organization\"},\"image\":{\"@id\":\"https:\\\/\\\/www.esplac.cat\\\/esplais-encaren-activitats-estiu-normalitat\\\/#primaryimage\"},\"thumbnailUrl\":\"https:\\\/\\\/www.esplac.cat\\\/wp-content\\\/uploads\\\/2023\\\/02\\\/Portades-web-1-5.jpg\",\"articleSection\":[\"Activitats esplais\"],\"inLanguage\":\"en-US\"},{\"@type\":\"WebPage\",\"@id\":\"https:\\\/\\\/www.esplac.cat\\\/esplais-encaren-activitats-estiu-normalitat\\\/\",\"url\":\"https:\\\/\\\/www.esplac.cat\\\/esplais-encaren-activitats-estiu-normalitat\\\/\",\"name\":\"Els esplais encaren les activitats d\u2019estiu amb normalitat - Esplac\",\"isPartOf\":{\"@id\":\"https:\\\/\\\/www.esplac.cat\\\/#website\"},\"primaryImageOfPage\":{\"@id\":\"https:\\\/\\\/www.esplac.cat\\\/esplais-encaren-activitats-estiu-normalitat\\\/#primaryimage\"},\"image\":{\"@id\":\"https:\\\/\\\/www.esplac.cat\\\/esplais-encaren-activitats-estiu-normalitat\\\/#primaryimage\"},\"thumbnailUrl\":\"https:\\\/\\\/www.esplac.cat\\\/wp-content\\\/uploads\\\/2023\\\/02\\\/Portades-web-1-5.jpg\",\"datePublished\":\"2022-06-14T11:59:09+00:00\",\"dateModified\":\"2023-02-28T12:01:27+00:00\",\"description\":\"Uns 75 espais d\u2019Esplac realitzaran vora de 200 activitats d\u2019estiu entre campaments, col\u00f2nies i rutes, segons dades d\u2019Esplais Catalans.\",\"breadcrumb\":{\"@id\":\"https:\\\/\\\/www.esplac.cat\\\/esplais-encaren-activitats-estiu-normalitat\\\/#breadcrumb\"},\"inLanguage\":\"en-US\",\"potentialAction\":[{\"@type\":\"ReadAction\",\"target\":[\"https:\\\/\\\/www.esplac.cat\\\/esplais-encaren-activitats-estiu-normalitat\\\/\"]}]},{\"@type\":\"ImageObject\",\"inLanguage\":\"en-US\",\"@id\":\"https:\\\/\\\/www.esplac.cat\\\/esplais-encaren-activitats-estiu-normalitat\\\/#primaryimage\",\"url\":\"https:\\\/\\\/www.esplac.cat\\\/wp-content\\\/uploads\\\/2023\\\/02\\\/Portades-web-1-5.jpg\",\"contentUrl\":\"https:\\\/\\\/www.esplac.cat\\\/wp-content\\\/uploads\\\/2023\\\/02\\\/Portades-web-1-5.jpg\",\"width\":1694,\"height\":700,\"caption\":\"Activitats Estiu\"},{\"@type\":\"BreadcrumbList\",\"@id\":\"https:\\\/\\\/www.esplac.cat\\\/esplais-encaren-activitats-estiu-normalitat\\\/#breadcrumb\",\"itemListElement\":[{\"@type\":\"ListItem\",\"position\":1,\"name\":\"Inici\",\"item\":\"https:\\\/\\\/www.esplac.cat\\\/en\\\/\"},{\"@type\":\"ListItem\",\"position\":2,\"name\":\"Els esplais encaren les activitats d\u2019estiu amb normalitat, recuperant dades similars a les d\u2019abans de la pand\u00e8mia\"}]},{\"@type\":\"WebSite\",\"@id\":\"https:\\\/\\\/www.esplac.cat\\\/#website\",\"url\":\"https:\\\/\\\/www.esplac.cat\\\/\",\"name\":\"Esplac\",\"description\":\"Esplais Catalans\",\"publisher\":{\"@id\":\"https:\\\/\\\/www.esplac.cat\\\/#organization\"},\"potentialAction\":[{\"@type\":\"SearchAction\",\"target\":{\"@type\":\"EntryPoint\",\"urlTemplate\":\"https:\\\/\\\/www.esplac.cat\\\/?s={search_term_string}\"},\"query-input\":{\"@type\":\"PropertyValueSpecification\",\"valueRequired\":true,\"valueName\":\"search_term_string\"}}],\"inLanguage\":\"en-US\"},{\"@type\":\"Organization\",\"@id\":\"https:\\\/\\\/www.esplac.cat\\\/#organization\",\"name\":\"Esplac\",\"url\":\"https:\\\/\\\/www.esplac.cat\\\/\",\"logo\":{\"@type\":\"ImageObject\",\"inLanguage\":\"en-US\",\"@id\":\"https:\\\/\\\/www.esplac.cat\\\/#\\\/schema\\\/logo\\\/image\\\/\",\"url\":\"https:\\\/\\\/www.esplac.cat\\\/wp-content\\\/uploads\\\/2019\\\/08\\\/logox2.png\",\"contentUrl\":\"https:\\\/\\\/www.esplac.cat\\\/wp-content\\\/uploads\\\/2019\\\/08\\\/logox2.png\",\"width\":600,\"height\":295,\"caption\":\"Esplac\"},\"image\":{\"@id\":\"https:\\\/\\\/www.esplac.cat\\\/#\\\/schema\\\/logo\\\/image\\\/\"}},{\"@type\":\"Person\",\"@id\":\"https:\\\/\\\/www.esplac.cat\\\/#\\\/schema\\\/person\\\/908383cf240be18b68f8855d0583faca\",\"name\":\"Comunicaci\u00f3 Esplac\",\"image\":{\"@type\":\"ImageObject\",\"inLanguage\":\"en-US\",\"@id\":\"https:\\\/\\\/secure.gravatar.com\\\/avatar\\\/7a4cf8feb412a76ea4a740ca02d95b06b2907b5a6c648c2dd0a1082a093c3141?s=96&d=mm&r=g\",\"url\":\"https:\\\/\\\/secure.gravatar.com\\\/avatar\\\/7a4cf8feb412a76ea4a740ca02d95b06b2907b5a6c648c2dd0a1082a093c3141?s=96&d=mm&r=g\",\"contentUrl\":\"https:\\\/\\\/secure.gravatar.com\\\/avatar\\\/7a4cf8feb412a76ea4a740ca02d95b06b2907b5a6c648c2dd0a1082a093c3141?s=96&d=mm&r=g\",\"caption\":\"Comunicaci\u00f3 Esplac\"}}]}<\/script>\n<!-- \/ Yoast SEO plugin. -->","yoast_head_json":{"title":"Els esplais encaren les activitats d\u2019estiu amb normalitat - Esplac","description":"Uns 75 espais d\u2019Esplac realitzaran vora de 200 activitats d\u2019estiu entre campaments, col\u00f2nies i rutes, segons dades d\u2019Esplais Catalans.","robots":{"index":"index","follow":"follow","max-snippet":"max-snippet:-1","max-image-preview":"max-image-preview:large","max-video-preview":"max-video-preview:-1"},"canonical":"https:\/\/www.esplac.cat\/esplais-encaren-activitats-estiu-normalitat\/","og_locale":"en_US","og_type":"article","og_title":"Els esplais encaren les activitats d\u2019estiu amb normalitat - Esplac","og_description":"Uns 75 espais d\u2019Esplac realitzaran vora de 200 activitats d\u2019estiu entre campaments, col\u00f2nies i rutes, segons dades d\u2019Esplais Catalans.","og_url":"https:\/\/www.esplac.cat\/esplais-encaren-activitats-estiu-normalitat\/","og_site_name":"Esplac","article_published_time":"2022-06-14T11:59:09+00:00","article_modified_time":"2023-02-28T12:01:27+00:00","og_image":[{"width":1694,"height":700,"url":"https:\/\/www.esplac.cat\/wp-content\/uploads\/2023\/02\/Portades-web-1-5.jpg","type":"image\/jpeg"}],"author":"Comunicaci\u00f3 Esplac","twitter_card":"summary_large_image","twitter_misc":{"Written by":"Comunicaci\u00f3 Esplac","Est. reading time":"4 minutes"},"schema":{"@context":"https:\/\/schema.org","@graph":[{"@type":"Article","@id":"https:\/\/www.esplac.cat\/esplais-encaren-activitats-estiu-normalitat\/#article","isPartOf":{"@id":"https:\/\/www.esplac.cat\/esplais-encaren-activitats-estiu-normalitat\/"},"author":{"name":"Comunicaci\u00f3 Esplac","@id":"https:\/\/www.esplac.cat\/#\/schema\/person\/908383cf240be18b68f8855d0583faca"},"headline":"Els esplais encaren les activitats d\u2019estiu amb normalitat, recuperant dades similars a les d\u2019abans de la pand\u00e8mia","datePublished":"2022-06-14T11:59:09+00:00","dateModified":"2023-02-28T12:01:27+00:00","mainEntityOfPage":{"@id":"https:\/\/www.esplac.cat\/esplais-encaren-activitats-estiu-normalitat\/"},"wordCount":666,"publisher":{"@id":"https:\/\/www.esplac.cat\/#organization"},"image":{"@id":"https:\/\/www.esplac.cat\/esplais-encaren-activitats-estiu-normalitat\/#primaryimage"},"thumbnailUrl":"https:\/\/www.esplac.cat\/wp-content\/uploads\/2023\/02\/Portades-web-1-5.jpg","articleSection":["Activitats esplais"],"inLanguage":"en-US"},{"@type":"WebPage","@id":"https:\/\/www.esplac.cat\/esplais-encaren-activitats-estiu-normalitat\/","url":"https:\/\/www.esplac.cat\/esplais-encaren-activitats-estiu-normalitat\/","name":"Els esplais encaren les activitats d\u2019estiu amb normalitat - Esplac","isPartOf":{"@id":"https:\/\/www.esplac.cat\/#website"},"primaryImageOfPage":{"@id":"https:\/\/www.esplac.cat\/esplais-encaren-activitats-estiu-normalitat\/#primaryimage"},"image":{"@id":"https:\/\/www.esplac.cat\/esplais-encaren-activitats-estiu-normalitat\/#primaryimage"},"thumbnailUrl":"https:\/\/www.esplac.cat\/wp-content\/uploads\/2023\/02\/Portades-web-1-5.jpg","datePublished":"2022-06-14T11:59:09+00:00","dateModified":"2023-02-28T12:01:27+00:00","description":"Uns 75 espais d\u2019Esplac realitzaran vora de 200 activitats d\u2019estiu entre campaments, col\u00f2nies i rutes, segons dades d\u2019Esplais Catalans.","breadcrumb":{"@id":"https:\/\/www.esplac.cat\/esplais-encaren-activitats-estiu-normalitat\/#breadcrumb"},"inLanguage":"en-US","potentialAction":[{"@type":"ReadAction","target":["https:\/\/www.esplac.cat\/esplais-encaren-activitats-estiu-normalitat\/"]}]},{"@type":"ImageObject","inLanguage":"en-US","@id":"https:\/\/www.esplac.cat\/esplais-encaren-activitats-estiu-normalitat\/#primaryimage","url":"https:\/\/www.esplac.cat\/wp-content\/uploads\/2023\/02\/Portades-web-1-5.jpg","contentUrl":"https:\/\/www.esplac.cat\/wp-content\/uploads\/2023\/02\/Portades-web-1-5.jpg","width":1694,"height":700,"caption":"Activitats Estiu"},{"@type":"BreadcrumbList","@id":"https:\/\/www.esplac.cat\/esplais-encaren-activitats-estiu-normalitat\/#breadcrumb","itemListElement":[{"@type":"ListItem","position":1,"name":"Inici","item":"https:\/\/www.esplac.cat\/en\/"},{"@type":"ListItem","position":2,"name":"Els esplais encaren les activitats d\u2019estiu amb normalitat, recuperant dades similars a les d\u2019abans de la pand\u00e8mia"}]},{"@type":"WebSite","@id":"https:\/\/www.esplac.cat\/#website","url":"https:\/\/www.esplac.cat\/","name":"Esplac","description":"Esplais Catalans","publisher":{"@id":"https:\/\/www.esplac.cat\/#organization"},"potentialAction":[{"@type":"SearchAction","target":{"@type":"EntryPoint","urlTemplate":"https:\/\/www.esplac.cat\/?s={search_term_string}"},"query-input":{"@type":"PropertyValueSpecification","valueRequired":true,"valueName":"search_term_string"}}],"inLanguage":"en-US"},{"@type":"Organization","@id":"https:\/\/www.esplac.cat\/#organization","name":"Esplac","url":"https:\/\/www.esplac.cat\/","logo":{"@type":"ImageObject","inLanguage":"en-US","@id":"https:\/\/www.esplac.cat\/#\/schema\/logo\/image\/","url":"https:\/\/www.esplac.cat\/wp-content\/uploads\/2019\/08\/logox2.png","contentUrl":"https:\/\/www.esplac.cat\/wp-content\/uploads\/2019\/08\/logox2.png","width":600,"height":295,"caption":"Esplac"},"image":{"@id":"https:\/\/www.esplac.cat\/#\/schema\/logo\/image\/"}},{"@type":"Person","@id":"https:\/\/www.esplac.cat\/#\/schema\/person\/908383cf240be18b68f8855d0583faca","name":"Comunicaci\u00f3 Esplac","image":{"@type":"ImageObject","inLanguage":"en-US","@id":"https:\/\/secure.gravatar.com\/avatar\/7a4cf8feb412a76ea4a740ca02d95b06b2907b5a6c648c2dd0a1082a093c3141?s=96&d=mm&r=g","url":"https:\/\/secure.gravatar.com\/avatar\/7a4cf8feb412a76ea4a740ca02d95b06b2907b5a6c648c2dd0a1082a093c3141?s=96&d=mm&r=g","contentUrl":"https:\/\/secure.gravatar.com\/avatar\/7a4cf8feb412a76ea4a740ca02d95b06b2907b5a6c648c2dd0a1082a093c3141?s=96&d=mm&r=g","caption":"Comunicaci\u00f3 Esplac"}}]}},"_links":{"self":[{"href":"https:\/\/www.esplac.cat\/en\/wp-json\/wp\/v2\/posts\/43866","targetHints":{"allow":["GET"]}}],"collection":[{"href":"https:\/\/www.esplac.cat\/en\/wp-json\/wp\/v2\/posts"}],"about":[{"href":"https:\/\/www.esplac.cat\/en\/wp-json\/wp\/v2\/types\/post"}],"author":[{"embeddable":true,"href":"https:\/\/www.esplac.cat\/en\/wp-json\/wp\/v2\/users\/3"}],"replies":[{"embeddable":true,"href":"https:\/\/www.esplac.cat\/en\/wp-json\/wp\/v2\/comments?post=43866"}],"version-history":[{"count":0,"href":"https:\/\/www.esplac.cat\/en\/wp-json\/wp\/v2\/posts\/43866\/revisions"}],"wp:featuredmedia":[{"embeddable":true,"href":"https:\/\/www.esplac.cat\/en\/wp-json\/wp\/v2\/media\/43868"}],"wp:attachment":[{"href":"https:\/\/www.esplac.cat\/en\/wp-json\/wp\/v2\/media?parent=43866"}],"wp:term":[{"taxonomy":"category","embeddable":true,"href":"https:\/\/www.esplac.cat\/en\/wp-json\/wp\/v2\/categories?post=43866"},{"taxonomy":"post_tag","embeddable":true,"href":"https:\/\/www.esplac.cat\/en\/wp-json\/wp\/v2\/tags?post=43866"}],"curies":[{"name":"wp","href":"https:\/\/api.w.org\/{rel}","templated":true}]}}