{"id":43984,"date":"2023-03-06T09:00:49","date_gmt":"2023-03-06T07:00:49","guid":{"rendered":"https:\/\/www.esplac.cat\/?p=43984"},"modified":"2023-03-07T11:05:46","modified_gmt":"2023-03-07T09:05:46","slug":"inscripcions-monifestat","status":"publish","type":"post","link":"https:\/\/www.esplac.cat\/en\/inscripcions-monifestat\/","title":{"rendered":"No et perdis la Monifesta&#8217;t 2023 i inscriu-te a trav\u00e9s de l&#8217;Era!"},"content":{"rendered":"<h6><strong>Monis, des d\u2019avui ja us podeu inscriure a trav\u00e9s de l\u2019<span style=\"color: #f69d0b;\"><a style=\"color: #f69d0b;\" href=\"https:\/\/era.esplac.cat\/#\/gestio-personal\/activitats\/viz\/63c00150b18a7f24e9d3a32a\" target=\"_blank\" rel=\"noopener\">Era<\/a><\/span> a la vuitena edici\u00f3 de la Trobada General de Monitores i monitors d\u2019Esplais Catalans que celebrarem a Centelles el cap de setmana del 19, 20 i 21 de maig!<\/strong><\/h6>\n<p><span style=\"font-weight: 300;\">La Trobada de Monitores i Monitors d\u2019Esplac reivindicar\u00e0, sota el lema <\/span><i>&#8220;Pel m\u00f3n que volem, les joves eduquem!&#8221;<\/i>, la tasca transformadora i imprescindible que fem monis d&#8217;arreu del territori!<\/p>\n<p>La <a href=\"https:\/\/www.esplac.cat\/trobades\/monifestat\/\" target=\"_blank\" rel=\"noopener\"><span style=\"color: #f69d0b;\">Monifesta&#8217;t 2023<\/span><\/a> ser\u00e0 un cap de setmana inoblidable a Centelles on omplirem els carrers i places d\u2019activitats i energia! Comptar\u00e0 amb un terreny d&#8217;acampada i cada equip de monis haur\u00e0 de dur la seva pr\u00f2pia tenda i material per poder dormir.<\/p>\n<h3><b>Les activitats de la Monifesta&#8217;t 2023<\/b><\/h3>\n<p><span style=\"font-weight: 400;\">Durant tot el cap de setmana hi ha programades moltes activitats i sorpreses, entre d&#8217;elles un <\/span><b>Foc de camp amb balls populars<\/b><span style=\"font-weight: 400;\">, una <\/span><b>fira d&#8217;entitats<\/b><span style=\"font-weight: 400;\">, <\/span><b>xerrades, tallers, formacions i debats<\/b><span style=\"font-weight: 400;\"> i per animar una mica la festa, <\/span><b>concerts i PDs<\/b><span style=\"font-weight: 400;\"> durant el cap de setmana. A m\u00e9s, no hem d&#8217;oblidar que la Monifesta&#8217;t \u00e9s un cap de setmana formatiu, de festa i reivindicatiu i a<\/span><b> l\u2019acte unitari de dissabte i l\u2019acci\u00f3 unit\u00e0ria de diumenge<\/b><span style=\"font-weight: 300;\">, reivindicarem que som un munt qui cada setmana ens organitzem i impulsem projectes educatius des del voluntariat. Ho fem educant en per la transformaci\u00f3 social a partir dels nostres valors i demostrant que la inf\u00e0ncia i la joventut no som el futur de la societat, sin\u00f3 que estem en constant transformaci\u00f3 del present.\u00a0<\/span><\/p>\n<p><strong><em>En breus anunciarem el programa complet!<\/em><\/strong><\/p>\n<h3><img decoding=\"async\" class=\"wp-image-43991 size-full aligncenter\" src=\"https:\/\/www.esplac.cat\/wp-content\/uploads\/2023\/03\/2.jpg\" alt=\"\" width=\"1694\" height=\"700\" srcset=\"https:\/\/www.esplac.cat\/wp-content\/uploads\/2023\/03\/2-200x83.jpg 200w, https:\/\/www.esplac.cat\/wp-content\/uploads\/2023\/03\/2-300x124.jpg 300w, https:\/\/www.esplac.cat\/wp-content\/uploads\/2023\/03\/2-400x165.jpg 400w, https:\/\/www.esplac.cat\/wp-content\/uploads\/2023\/03\/2-600x248.jpg 600w, https:\/\/www.esplac.cat\/wp-content\/uploads\/2023\/03\/2-768x317.jpg 768w, https:\/\/www.esplac.cat\/wp-content\/uploads\/2023\/03\/2-800x331.jpg 800w, https:\/\/www.esplac.cat\/wp-content\/uploads\/2023\/03\/2-1024x423.jpg 1024w, https:\/\/www.esplac.cat\/wp-content\/uploads\/2023\/03\/2-1200x496.jpg 1200w, https:\/\/www.esplac.cat\/wp-content\/uploads\/2023\/03\/2-1536x635.jpg 1536w, https:\/\/www.esplac.cat\/wp-content\/uploads\/2023\/03\/2.jpg 1694w\" sizes=\"(max-width: 1694px) 100vw, 1694px\" \/><\/h3>\n<h3><\/h3>\n<h3><strong>Inscripcions ja obertes!<\/strong><\/h3>\n<p><span style=\"font-weight: 300;\">Des d&#8217;avui ja us podeu inscriureu&#8217;s a la Monifesta&#8217;t i teniu temps fins el 18 d&#8217;abril! La quota \u00e9s de <\/span><b>18,75 \u20ac<\/b><span style=\"font-weight: 400;\"> i inclou la <\/span><b>samarreta i polsera<\/b><span style=\"font-weight: 400;\"> de la Monifesta\u2019t i <\/span><b>el<\/b> <b>berenar <\/b>de dissabte<b> i esmorzar i dinar <\/b>de dimenge<span style=\"font-weight: 400;\">. A m\u00e9s, no ho dubteu\u00a0 i demaneu a la pr\u00f2pia inscripci\u00f3 el <\/span><b>got propi<\/b> de l&#8217;esdeveniment per <b>nomes 1\u20ac m\u00e9s<\/b><span style=\"font-weight: 400;\">. Per inscriure-us ho heu de fer individualment a trav\u00e9s de l&#8217;usuari de l<\/span><a href=\"https:\/\/era.esplac.cat\/#\/gestio-personal\/activitats\/viz\/63c00150b18a7f24e9d3a32a\" target=\"_blank\" rel=\"noopener\"><span style=\"font-weight: 400;\"><span style=\"color: #f69d0b;\">\u2019Era<\/span><\/span><\/a><span style=\"font-weight: 400;\">. A la inscripci\u00f3 cal indicar les franges hor\u00e0ries a les quals assistir\u00e0s, el transport amb qu\u00e8 et despla\u00e7ar\u00e0s fins a Centelles i la talla de la samarreta.<\/span><span style=\"font-weight: 400;\"> La selecci\u00f3 del debat, taller o formaci\u00f3 de dissabte a la tarda la farem m\u00e9s endavant!<\/span><\/p>\n<p><span style=\"font-weight: 300;\">En relaci\u00f3 al transport, Esplac ofereix segons uns criteris espec\u00edfics, transport a aquells esplais que tinguin m\u00e9s d&#8217;1&#8217;45h en transport p\u00fablic. Tota la informaci\u00f3 de la Monifesta&#8217;t la podeu trobar a la<\/span><a href=\"https:\/\/www.esplac.cat\/trobades\/monifestat\/\" target=\"_blank\" rel=\"noopener\"> <span style=\"font-weight: 300;\"><span style=\"color: #f69d0b;\">p\u00e0gina web<\/span> actualitzada d&#8217;esplac.cat<\/span><\/a><span style=\"font-weight: 300;\"> i a l&#8217;Instagram propi de l&#8217;esdeveniment. <\/span>Activeu les<b> notifiacions<\/b> i comenceu<b> a seguir-nos a<\/b>\u00a0<a href=\"https:\/\/www.instagram.com\/monifestat23\/?igshid=ZDdkNTZiNTM%3D\" target=\"_blank\" rel=\"noopener\"><span style=\"color: #f69d0b;\">@monifestat23<\/span><b>,<\/b><\/a><span style=\"font-weight: 400;\"> hi trobareu tota la informaci\u00f3 actualitzada sobre l&#8217;esdeveniment m\u00e9s esperat de l&#8217;any: inscripcions, horaris, programaci\u00f3, jocs, artistes dels concerts, PDs&#8230; No et perdis cap novetat!<\/span><\/p>\n<p><img decoding=\"async\" class=\"aligncenter wp-image-44001 size-full\" src=\"https:\/\/www.esplac.cat\/wp-content\/uploads\/2023\/03\/Portades-web-2.jpg\" alt=\"\" width=\"1694\" height=\"700\" srcset=\"https:\/\/www.esplac.cat\/wp-content\/uploads\/2023\/03\/Portades-web-2-200x83.jpg 200w, https:\/\/www.esplac.cat\/wp-content\/uploads\/2023\/03\/Portades-web-2-300x124.jpg 300w, https:\/\/www.esplac.cat\/wp-content\/uploads\/2023\/03\/Portades-web-2-400x165.jpg 400w, https:\/\/www.esplac.cat\/wp-content\/uploads\/2023\/03\/Portades-web-2-600x248.jpg 600w, https:\/\/www.esplac.cat\/wp-content\/uploads\/2023\/03\/Portades-web-2-768x317.jpg 768w, https:\/\/www.esplac.cat\/wp-content\/uploads\/2023\/03\/Portades-web-2-800x331.jpg 800w, https:\/\/www.esplac.cat\/wp-content\/uploads\/2023\/03\/Portades-web-2-1024x423.jpg 1024w, https:\/\/www.esplac.cat\/wp-content\/uploads\/2023\/03\/Portades-web-2-1200x496.jpg 1200w, https:\/\/www.esplac.cat\/wp-content\/uploads\/2023\/03\/Portades-web-2-1536x635.jpg 1536w, https:\/\/www.esplac.cat\/wp-content\/uploads\/2023\/03\/Portades-web-2.jpg 1694w\" sizes=\"(max-width: 1694px) 100vw, 1694px\" \/><\/p>\n","protected":false},"excerpt":{"rendered":"<p>Monis, des d\u2019avui ja us podeu inscriure a trav\u00e9s de [&hellip;]<\/p>\n","protected":false},"author":3,"featured_media":43987,"comment_status":"closed","ping_status":"closed","sticky":false,"template":"","format":"standard","meta":{"om_disable_all_campaigns":false,"_monsterinsights_skip_tracking":false,"_monsterinsights_sitenote_active":false,"_monsterinsights_sitenote_note":"","_monsterinsights_sitenote_category":0,"_uf_show_specific_survey":0,"_uf_disable_surveys":false,"footnotes":""},"categories":[1111,1115],"tags":[],"class_list":["post-43984","post","type-post","status-publish","format-standard","has-post-thumbnail","hentry","category-activitats-esplac","category-monifestat"],"yoast_head":"<!-- This site is optimized with the Yoast SEO plugin v27.4 - https:\/\/yoast.com\/product\/yoast-seo-wordpress\/ -->\n<title>No et perdis la Monifesta&#039;t 2023 i inscriu-te a trav\u00e9s de l&#039;Era! - Esplac<\/title>\n<meta name=\"description\" content=\"Monis, des d\u2019avui ja us podeu inscriure a trav\u00e9s de l\u2019Era a la vuitena edici\u00f3 de la Trobada General de Monitores i monitors d\u2019Esplais Catalans que celebrarem a Centelles el cap de setmana del 19, 20 i 21 de maig!\" \/>\n<meta name=\"robots\" content=\"index, follow, max-snippet:-1, max-image-preview:large, max-video-preview:-1\" \/>\n<link rel=\"canonical\" href=\"https:\/\/www.esplac.cat\/inscripcions-monifestat\/\" \/>\n<meta property=\"og:locale\" content=\"en_US\" \/>\n<meta property=\"og:type\" content=\"article\" \/>\n<meta property=\"og:title\" content=\"No et perdis la Monifesta&#039;t 2023 i inscriu-te a trav\u00e9s de l&#039;Era! - Esplac\" \/>\n<meta property=\"og:description\" content=\"Monis, des d\u2019avui ja us podeu inscriure a trav\u00e9s de l\u2019Era a la vuitena edici\u00f3 de la Trobada General de Monitores i monitors d\u2019Esplais Catalans que celebrarem a Centelles el cap de setmana del 19, 20 i 21 de maig!\" \/>\n<meta property=\"og:url\" content=\"https:\/\/www.esplac.cat\/inscripcions-monifestat\/\" \/>\n<meta property=\"og:site_name\" content=\"Esplac\" \/>\n<meta property=\"article:published_time\" content=\"2023-03-06T07:00:49+00:00\" \/>\n<meta property=\"article:modified_time\" content=\"2023-03-07T09:05:46+00:00\" \/>\n<meta property=\"og:image\" content=\"https:\/\/www.esplac.cat\/wp-content\/uploads\/2023\/03\/Inscripcions-Monifestat-baner.jpg\" \/>\n\t<meta property=\"og:image:width\" content=\"1694\" \/>\n\t<meta property=\"og:image:height\" content=\"700\" \/>\n\t<meta property=\"og:image:type\" content=\"image\/jpeg\" \/>\n<meta name=\"author\" content=\"Comunicaci\u00f3 Esplac\" \/>\n<meta name=\"twitter:card\" content=\"summary_large_image\" \/>\n<meta name=\"twitter:label1\" content=\"Written by\" \/>\n\t<meta name=\"twitter:data1\" content=\"Comunicaci\u00f3 Esplac\" \/>\n\t<meta name=\"twitter:label2\" content=\"Est. reading time\" \/>\n\t<meta name=\"twitter:data2\" content=\"3 minutes\" \/>\n<script type=\"application\/ld+json\" class=\"yoast-schema-graph\">{\"@context\":\"https:\\\/\\\/schema.org\",\"@graph\":[{\"@type\":\"Article\",\"@id\":\"https:\\\/\\\/www.esplac.cat\\\/inscripcions-monifestat\\\/#article\",\"isPartOf\":{\"@id\":\"https:\\\/\\\/www.esplac.cat\\\/inscripcions-monifestat\\\/\"},\"author\":{\"name\":\"Comunicaci\u00f3 Esplac\",\"@id\":\"https:\\\/\\\/www.esplac.cat\\\/#\\\/schema\\\/person\\\/908383cf240be18b68f8855d0583faca\"},\"headline\":\"No et perdis la Monifesta&#8217;t 2023 i inscriu-te a trav\u00e9s de l&#8217;Era!\",\"datePublished\":\"2023-03-06T07:00:49+00:00\",\"dateModified\":\"2023-03-07T09:05:46+00:00\",\"mainEntityOfPage\":{\"@id\":\"https:\\\/\\\/www.esplac.cat\\\/inscripcions-monifestat\\\/\"},\"wordCount\":503,\"publisher\":{\"@id\":\"https:\\\/\\\/www.esplac.cat\\\/#organization\"},\"image\":{\"@id\":\"https:\\\/\\\/www.esplac.cat\\\/inscripcions-monifestat\\\/#primaryimage\"},\"thumbnailUrl\":\"https:\\\/\\\/www.esplac.cat\\\/wp-content\\\/uploads\\\/2023\\\/03\\\/Inscripcions-Monifestat-baner.jpg\",\"articleSection\":[\"Activitats esplac\",\"Monifesta't\"],\"inLanguage\":\"en-US\"},{\"@type\":\"WebPage\",\"@id\":\"https:\\\/\\\/www.esplac.cat\\\/inscripcions-monifestat\\\/\",\"url\":\"https:\\\/\\\/www.esplac.cat\\\/inscripcions-monifestat\\\/\",\"name\":\"No et perdis la Monifesta't 2023 i inscriu-te a trav\u00e9s de l'Era! - Esplac\",\"isPartOf\":{\"@id\":\"https:\\\/\\\/www.esplac.cat\\\/#website\"},\"primaryImageOfPage\":{\"@id\":\"https:\\\/\\\/www.esplac.cat\\\/inscripcions-monifestat\\\/#primaryimage\"},\"image\":{\"@id\":\"https:\\\/\\\/www.esplac.cat\\\/inscripcions-monifestat\\\/#primaryimage\"},\"thumbnailUrl\":\"https:\\\/\\\/www.esplac.cat\\\/wp-content\\\/uploads\\\/2023\\\/03\\\/Inscripcions-Monifestat-baner.jpg\",\"datePublished\":\"2023-03-06T07:00:49+00:00\",\"dateModified\":\"2023-03-07T09:05:46+00:00\",\"description\":\"Monis, des d\u2019avui ja us podeu inscriure a trav\u00e9s de l\u2019Era a la vuitena edici\u00f3 de la Trobada General de Monitores i monitors d\u2019Esplais Catalans que celebrarem a Centelles el cap de setmana del 19, 20 i 21 de maig!\",\"breadcrumb\":{\"@id\":\"https:\\\/\\\/www.esplac.cat\\\/inscripcions-monifestat\\\/#breadcrumb\"},\"inLanguage\":\"en-US\",\"potentialAction\":[{\"@type\":\"ReadAction\",\"target\":[\"https:\\\/\\\/www.esplac.cat\\\/inscripcions-monifestat\\\/\"]}]},{\"@type\":\"ImageObject\",\"inLanguage\":\"en-US\",\"@id\":\"https:\\\/\\\/www.esplac.cat\\\/inscripcions-monifestat\\\/#primaryimage\",\"url\":\"https:\\\/\\\/www.esplac.cat\\\/wp-content\\\/uploads\\\/2023\\\/03\\\/Inscripcions-Monifestat-baner.jpg\",\"contentUrl\":\"https:\\\/\\\/www.esplac.cat\\\/wp-content\\\/uploads\\\/2023\\\/03\\\/Inscripcions-Monifestat-baner.jpg\",\"width\":1694,\"height\":700},{\"@type\":\"BreadcrumbList\",\"@id\":\"https:\\\/\\\/www.esplac.cat\\\/inscripcions-monifestat\\\/#breadcrumb\",\"itemListElement\":[{\"@type\":\"ListItem\",\"position\":1,\"name\":\"Inici\",\"item\":\"https:\\\/\\\/www.esplac.cat\\\/en\\\/\"},{\"@type\":\"ListItem\",\"position\":2,\"name\":\"No et perdis la Monifesta&#8217;t 2023 i inscriu-te a trav\u00e9s de l&#8217;Era!\"}]},{\"@type\":\"WebSite\",\"@id\":\"https:\\\/\\\/www.esplac.cat\\\/#website\",\"url\":\"https:\\\/\\\/www.esplac.cat\\\/\",\"name\":\"Esplac\",\"description\":\"Esplais Catalans\",\"publisher\":{\"@id\":\"https:\\\/\\\/www.esplac.cat\\\/#organization\"},\"potentialAction\":[{\"@type\":\"SearchAction\",\"target\":{\"@type\":\"EntryPoint\",\"urlTemplate\":\"https:\\\/\\\/www.esplac.cat\\\/?s={search_term_string}\"},\"query-input\":{\"@type\":\"PropertyValueSpecification\",\"valueRequired\":true,\"valueName\":\"search_term_string\"}}],\"inLanguage\":\"en-US\"},{\"@type\":\"Organization\",\"@id\":\"https:\\\/\\\/www.esplac.cat\\\/#organization\",\"name\":\"Esplac\",\"url\":\"https:\\\/\\\/www.esplac.cat\\\/\",\"logo\":{\"@type\":\"ImageObject\",\"inLanguage\":\"en-US\",\"@id\":\"https:\\\/\\\/www.esplac.cat\\\/#\\\/schema\\\/logo\\\/image\\\/\",\"url\":\"https:\\\/\\\/www.esplac.cat\\\/wp-content\\\/uploads\\\/2019\\\/08\\\/logox2.png\",\"contentUrl\":\"https:\\\/\\\/www.esplac.cat\\\/wp-content\\\/uploads\\\/2019\\\/08\\\/logox2.png\",\"width\":600,\"height\":295,\"caption\":\"Esplac\"},\"image\":{\"@id\":\"https:\\\/\\\/www.esplac.cat\\\/#\\\/schema\\\/logo\\\/image\\\/\"}},{\"@type\":\"Person\",\"@id\":\"https:\\\/\\\/www.esplac.cat\\\/#\\\/schema\\\/person\\\/908383cf240be18b68f8855d0583faca\",\"name\":\"Comunicaci\u00f3 Esplac\",\"image\":{\"@type\":\"ImageObject\",\"inLanguage\":\"en-US\",\"@id\":\"https:\\\/\\\/secure.gravatar.com\\\/avatar\\\/7a4cf8feb412a76ea4a740ca02d95b06b2907b5a6c648c2dd0a1082a093c3141?s=96&d=mm&r=g\",\"url\":\"https:\\\/\\\/secure.gravatar.com\\\/avatar\\\/7a4cf8feb412a76ea4a740ca02d95b06b2907b5a6c648c2dd0a1082a093c3141?s=96&d=mm&r=g\",\"contentUrl\":\"https:\\\/\\\/secure.gravatar.com\\\/avatar\\\/7a4cf8feb412a76ea4a740ca02d95b06b2907b5a6c648c2dd0a1082a093c3141?s=96&d=mm&r=g\",\"caption\":\"Comunicaci\u00f3 Esplac\"}}]}<\/script>\n<!-- \/ Yoast SEO plugin. -->","yoast_head_json":{"title":"No et perdis la Monifesta't 2023 i inscriu-te a trav\u00e9s de l'Era! - Esplac","description":"Monis, des d\u2019avui ja us podeu inscriure a trav\u00e9s de l\u2019Era a la vuitena edici\u00f3 de la Trobada General de Monitores i monitors d\u2019Esplais Catalans que celebrarem a Centelles el cap de setmana del 19, 20 i 21 de maig!","robots":{"index":"index","follow":"follow","max-snippet":"max-snippet:-1","max-image-preview":"max-image-preview:large","max-video-preview":"max-video-preview:-1"},"canonical":"https:\/\/www.esplac.cat\/inscripcions-monifestat\/","og_locale":"en_US","og_type":"article","og_title":"No et perdis la Monifesta't 2023 i inscriu-te a trav\u00e9s de l'Era! - Esplac","og_description":"Monis, des d\u2019avui ja us podeu inscriure a trav\u00e9s de l\u2019Era a la vuitena edici\u00f3 de la Trobada General de Monitores i monitors d\u2019Esplais Catalans que celebrarem a Centelles el cap de setmana del 19, 20 i 21 de maig!","og_url":"https:\/\/www.esplac.cat\/inscripcions-monifestat\/","og_site_name":"Esplac","article_published_time":"2023-03-06T07:00:49+00:00","article_modified_time":"2023-03-07T09:05:46+00:00","og_image":[{"width":1694,"height":700,"url":"https:\/\/www.esplac.cat\/wp-content\/uploads\/2023\/03\/Inscripcions-Monifestat-baner.jpg","type":"image\/jpeg"}],"author":"Comunicaci\u00f3 Esplac","twitter_card":"summary_large_image","twitter_misc":{"Written by":"Comunicaci\u00f3 Esplac","Est. reading time":"3 minutes"},"schema":{"@context":"https:\/\/schema.org","@graph":[{"@type":"Article","@id":"https:\/\/www.esplac.cat\/inscripcions-monifestat\/#article","isPartOf":{"@id":"https:\/\/www.esplac.cat\/inscripcions-monifestat\/"},"author":{"name":"Comunicaci\u00f3 Esplac","@id":"https:\/\/www.esplac.cat\/#\/schema\/person\/908383cf240be18b68f8855d0583faca"},"headline":"No et perdis la Monifesta&#8217;t 2023 i inscriu-te a trav\u00e9s de l&#8217;Era!","datePublished":"2023-03-06T07:00:49+00:00","dateModified":"2023-03-07T09:05:46+00:00","mainEntityOfPage":{"@id":"https:\/\/www.esplac.cat\/inscripcions-monifestat\/"},"wordCount":503,"publisher":{"@id":"https:\/\/www.esplac.cat\/#organization"},"image":{"@id":"https:\/\/www.esplac.cat\/inscripcions-monifestat\/#primaryimage"},"thumbnailUrl":"https:\/\/www.esplac.cat\/wp-content\/uploads\/2023\/03\/Inscripcions-Monifestat-baner.jpg","articleSection":["Activitats esplac","Monifesta't"],"inLanguage":"en-US"},{"@type":"WebPage","@id":"https:\/\/www.esplac.cat\/inscripcions-monifestat\/","url":"https:\/\/www.esplac.cat\/inscripcions-monifestat\/","name":"No et perdis la Monifesta't 2023 i inscriu-te a trav\u00e9s de l'Era! - Esplac","isPartOf":{"@id":"https:\/\/www.esplac.cat\/#website"},"primaryImageOfPage":{"@id":"https:\/\/www.esplac.cat\/inscripcions-monifestat\/#primaryimage"},"image":{"@id":"https:\/\/www.esplac.cat\/inscripcions-monifestat\/#primaryimage"},"thumbnailUrl":"https:\/\/www.esplac.cat\/wp-content\/uploads\/2023\/03\/Inscripcions-Monifestat-baner.jpg","datePublished":"2023-03-06T07:00:49+00:00","dateModified":"2023-03-07T09:05:46+00:00","description":"Monis, des d\u2019avui ja us podeu inscriure a trav\u00e9s de l\u2019Era a la vuitena edici\u00f3 de la Trobada General de Monitores i monitors d\u2019Esplais Catalans que celebrarem a Centelles el cap de setmana del 19, 20 i 21 de maig!","breadcrumb":{"@id":"https:\/\/www.esplac.cat\/inscripcions-monifestat\/#breadcrumb"},"inLanguage":"en-US","potentialAction":[{"@type":"ReadAction","target":["https:\/\/www.esplac.cat\/inscripcions-monifestat\/"]}]},{"@type":"ImageObject","inLanguage":"en-US","@id":"https:\/\/www.esplac.cat\/inscripcions-monifestat\/#primaryimage","url":"https:\/\/www.esplac.cat\/wp-content\/uploads\/2023\/03\/Inscripcions-Monifestat-baner.jpg","contentUrl":"https:\/\/www.esplac.cat\/wp-content\/uploads\/2023\/03\/Inscripcions-Monifestat-baner.jpg","width":1694,"height":700},{"@type":"BreadcrumbList","@id":"https:\/\/www.esplac.cat\/inscripcions-monifestat\/#breadcrumb","itemListElement":[{"@type":"ListItem","position":1,"name":"Inici","item":"https:\/\/www.esplac.cat\/en\/"},{"@type":"ListItem","position":2,"name":"No et perdis la Monifesta&#8217;t 2023 i inscriu-te a trav\u00e9s de l&#8217;Era!"}]},{"@type":"WebSite","@id":"https:\/\/www.esplac.cat\/#website","url":"https:\/\/www.esplac.cat\/","name":"Esplac","description":"Esplais Catalans","publisher":{"@id":"https:\/\/www.esplac.cat\/#organization"},"potentialAction":[{"@type":"SearchAction","target":{"@type":"EntryPoint","urlTemplate":"https:\/\/www.esplac.cat\/?s={search_term_string}"},"query-input":{"@type":"PropertyValueSpecification","valueRequired":true,"valueName":"search_term_string"}}],"inLanguage":"en-US"},{"@type":"Organization","@id":"https:\/\/www.esplac.cat\/#organization","name":"Esplac","url":"https:\/\/www.esplac.cat\/","logo":{"@type":"ImageObject","inLanguage":"en-US","@id":"https:\/\/www.esplac.cat\/#\/schema\/logo\/image\/","url":"https:\/\/www.esplac.cat\/wp-content\/uploads\/2019\/08\/logox2.png","contentUrl":"https:\/\/www.esplac.cat\/wp-content\/uploads\/2019\/08\/logox2.png","width":600,"height":295,"caption":"Esplac"},"image":{"@id":"https:\/\/www.esplac.cat\/#\/schema\/logo\/image\/"}},{"@type":"Person","@id":"https:\/\/www.esplac.cat\/#\/schema\/person\/908383cf240be18b68f8855d0583faca","name":"Comunicaci\u00f3 Esplac","image":{"@type":"ImageObject","inLanguage":"en-US","@id":"https:\/\/secure.gravatar.com\/avatar\/7a4cf8feb412a76ea4a740ca02d95b06b2907b5a6c648c2dd0a1082a093c3141?s=96&d=mm&r=g","url":"https:\/\/secure.gravatar.com\/avatar\/7a4cf8feb412a76ea4a740ca02d95b06b2907b5a6c648c2dd0a1082a093c3141?s=96&d=mm&r=g","contentUrl":"https:\/\/secure.gravatar.com\/avatar\/7a4cf8feb412a76ea4a740ca02d95b06b2907b5a6c648c2dd0a1082a093c3141?s=96&d=mm&r=g","caption":"Comunicaci\u00f3 Esplac"}}]}},"_links":{"self":[{"href":"https:\/\/www.esplac.cat\/en\/wp-json\/wp\/v2\/posts\/43984","targetHints":{"allow":["GET"]}}],"collection":[{"href":"https:\/\/www.esplac.cat\/en\/wp-json\/wp\/v2\/posts"}],"about":[{"href":"https:\/\/www.esplac.cat\/en\/wp-json\/wp\/v2\/types\/post"}],"author":[{"embeddable":true,"href":"https:\/\/www.esplac.cat\/en\/wp-json\/wp\/v2\/users\/3"}],"replies":[{"embeddable":true,"href":"https:\/\/www.esplac.cat\/en\/wp-json\/wp\/v2\/comments?post=43984"}],"version-history":[{"count":0,"href":"https:\/\/www.esplac.cat\/en\/wp-json\/wp\/v2\/posts\/43984\/revisions"}],"wp:featuredmedia":[{"embeddable":true,"href":"https:\/\/www.esplac.cat\/en\/wp-json\/wp\/v2\/media\/43987"}],"wp:attachment":[{"href":"https:\/\/www.esplac.cat\/en\/wp-json\/wp\/v2\/media?parent=43984"}],"wp:term":[{"taxonomy":"category","embeddable":true,"href":"https:\/\/www.esplac.cat\/en\/wp-json\/wp\/v2\/categories?post=43984"},{"taxonomy":"post_tag","embeddable":true,"href":"https:\/\/www.esplac.cat\/en\/wp-json\/wp\/v2\/tags?post=43984"}],"curies":[{"name":"wp","href":"https:\/\/api.w.org\/{rel}","templated":true}]}}