{"id":44044,"date":"2023-03-09T11:12:08","date_gmt":"2023-03-09T09:12:08","guid":{"rendered":"https:\/\/www.esplac.cat\/?p=44044"},"modified":"2023-03-10T11:09:05","modified_gmt":"2023-03-10T09:09:05","slug":"molins-rei-acull-trobada-joves-sector-baix-llobregat","status":"publish","type":"post","link":"https:\/\/www.esplac.cat\/en\/molins-rei-acull-trobada-joves-sector-baix-llobregat\/","title":{"rendered":"Molins de Rei acull la Trobada de Joves del Sector Baix Llobregat"},"content":{"rendered":"<h6 dir=\"ltr\"><strong>M\u00e9s de 100 joves del Sector Baix Llobregat han gaudit d&#8217;un cap de setmana ple d&#8217;activitats.<\/strong><\/h6>\n<p dir=\"ltr\">El cap de setmana del 4 i 5 de mar\u00e7 ha tingut lloc la Trobada de Joves del <span style=\"color: #f69d0b;\"><a style=\"color: #f69d0b;\" href=\"https:\/\/www.esplac.cat\/es\/sectores-geograficos\/baix-llobregat\/\" target=\"_blank\" rel=\"noopener\"><strong>Sector Baix Llobregat<\/strong><\/a><\/span>, on hi han participat els esplais <span style=\"color: #f69d0b;\"><a style=\"color: #f69d0b;\" href=\"https:\/\/esplaiaramateix.com\/\" target=\"_blank\" rel=\"noopener\"><strong>Ara Mateix<\/strong><\/a><\/span>, l\u2019<span style=\"color: #f69d0b;\"><a style=\"color: #f69d0b;\" href=\"https:\/\/www.instagram.com\/esplailagrupa\/\" target=\"_blank\" rel=\"noopener\"><strong>Agrupa<\/strong><\/a><\/span>, el <span style=\"color: #f69d0b;\"><a style=\"color: #f69d0b;\" href=\"http:\/\/esplaigreskasantacolomadecervello.blogspot.com\/\" target=\"_blank\" rel=\"noopener\"><strong>Greska<\/strong><\/a><\/span>, el <span style=\"color: #f69d0b;\"><a style=\"color: #f69d0b;\" href=\"https:\/\/www.instagram.com\/p\/BTj_exYAg_y\/\" target=\"_blank\" rel=\"noopener\"><strong>Peti Ki Peti<\/strong><\/a> <\/span>i el <a href=\"https:\/\/www.instagram.com\/esplaitrapella\/\" target=\"_blank\" rel=\"noopener\"><strong><span style=\"color: #f69d0b;\">Trapella<\/span><\/strong><\/a>. El cap de setmana ha mantingut el format dels darrers anys i l\u2019Escola Madorell de <strong>Molins de Rei<\/strong> ha acollit la trobada.<\/p>\n<p dir=\"ltr\">Durant el mat\u00ed es van fer jocs de coneixen\u00e7a per fomentar la cohesi\u00f3 entre els esplais. A la tarda va tenir lloc una gimcana pel poble organitzada per les monitores de l\u2019Agrupa i la nit de dissabte va concloure amb un concurs de Pd\u2019s.<\/p>\n<p dir=\"ltr\">L\u2019endem\u00e0 al mat\u00ed es va esmorzar conjuntament i, despr\u00e9s de recollir, es va donar per acabada la trobada. Ha estat un cap de setmana intens i enriquidor, que <strong>ha reunit gaireb\u00e9 100 joves de tot el sector!<\/strong><\/p>\n<p>El Sector Baix Llobregat compta actualment amb 11 esplais repartits al llarg d\u201911 poblacions de la comarca. El debat, la reflexi\u00f3, l\u2019aprenentatge i l\u2019intercanvi d\u2019experi\u00e8ncies, s\u00f3n les raons que motiven al sector a seguir teixint xarxa entre els diferents esplais del Baix Llobregat.<\/p>\n","protected":false},"excerpt":{"rendered":"<p>M\u00e9s de 100 joves del Sector Baix Llobregat han gaudit [&hellip;]<\/p>\n","protected":false},"author":3,"featured_media":44047,"comment_status":"closed","ping_status":"closed","sticky":false,"template":"","format":"standard","meta":{"om_disable_all_campaigns":false,"_monsterinsights_skip_tracking":false,"_monsterinsights_sitenote_active":false,"_monsterinsights_sitenote_note":"","_monsterinsights_sitenote_category":0,"_uf_show_specific_survey":0,"_uf_disable_surveys":false,"footnotes":""},"categories":[1124,1],"tags":[],"class_list":["post-44044","post","type-post","status-publish","format-standard","has-post-thumbnail","hentry","category-sector-baix-llobregat","category-sense-categoria"],"yoast_head":"<!-- This site is optimized with the Yoast SEO plugin v27.4 - https:\/\/yoast.com\/product\/yoast-seo-wordpress\/ -->\n<title>Molins de Rei acull la Trobada de Joves del Sector Baix Llobregat - Esplac<\/title>\n<meta name=\"description\" content=\"Molins de Rei ha acollit la Trobada de Joves del Sector Baix Llobregat, que ha reunit gaireb\u00e9 100 joves de tot el sector!\" \/>\n<meta name=\"robots\" content=\"index, follow, max-snippet:-1, max-image-preview:large, max-video-preview:-1\" \/>\n<link rel=\"canonical\" href=\"https:\/\/www.esplac.cat\/molins-rei-acull-trobada-joves-sector-baix-llobregat\/\" \/>\n<meta property=\"og:locale\" content=\"en_US\" \/>\n<meta property=\"og:type\" content=\"article\" \/>\n<meta property=\"og:title\" content=\"Molins de Rei acull la Trobada de Joves del Sector Baix Llobregat - Esplac\" \/>\n<meta property=\"og:description\" content=\"Molins de Rei ha acollit la Trobada de Joves del Sector Baix Llobregat, que ha reunit gaireb\u00e9 100 joves de tot el sector!\" \/>\n<meta property=\"og:url\" content=\"https:\/\/www.esplac.cat\/molins-rei-acull-trobada-joves-sector-baix-llobregat\/\" \/>\n<meta property=\"og:site_name\" content=\"Esplac\" \/>\n<meta property=\"article:published_time\" content=\"2023-03-09T09:12:08+00:00\" \/>\n<meta property=\"article:modified_time\" content=\"2023-03-10T09:09:05+00:00\" \/>\n<meta property=\"og:image\" content=\"https:\/\/www.esplac.cat\/wp-content\/uploads\/2023\/03\/Portades-web-4.jpg\" \/>\n\t<meta property=\"og:image:width\" content=\"1694\" \/>\n\t<meta property=\"og:image:height\" content=\"700\" \/>\n\t<meta property=\"og:image:type\" content=\"image\/jpeg\" \/>\n<meta name=\"author\" content=\"Comunicaci\u00f3 Esplac\" \/>\n<meta name=\"twitter:card\" content=\"summary_large_image\" \/>\n<meta name=\"twitter:label1\" content=\"Written by\" \/>\n\t<meta name=\"twitter:data1\" content=\"Comunicaci\u00f3 Esplac\" \/>\n\t<meta name=\"twitter:label2\" content=\"Est. reading time\" \/>\n\t<meta name=\"twitter:data2\" content=\"2 minutes\" \/>\n<script type=\"application\/ld+json\" class=\"yoast-schema-graph\">{\"@context\":\"https:\\\/\\\/schema.org\",\"@graph\":[{\"@type\":\"Article\",\"@id\":\"https:\\\/\\\/www.esplac.cat\\\/molins-rei-acull-trobada-joves-sector-baix-llobregat\\\/#article\",\"isPartOf\":{\"@id\":\"https:\\\/\\\/www.esplac.cat\\\/molins-rei-acull-trobada-joves-sector-baix-llobregat\\\/\"},\"author\":{\"name\":\"Comunicaci\u00f3 Esplac\",\"@id\":\"https:\\\/\\\/www.esplac.cat\\\/#\\\/schema\\\/person\\\/908383cf240be18b68f8855d0583faca\"},\"headline\":\"Molins de Rei acull la Trobada de Joves del Sector Baix Llobregat\",\"datePublished\":\"2023-03-09T09:12:08+00:00\",\"dateModified\":\"2023-03-10T09:09:05+00:00\",\"mainEntityOfPage\":{\"@id\":\"https:\\\/\\\/www.esplac.cat\\\/molins-rei-acull-trobada-joves-sector-baix-llobregat\\\/\"},\"wordCount\":223,\"publisher\":{\"@id\":\"https:\\\/\\\/www.esplac.cat\\\/#organization\"},\"image\":{\"@id\":\"https:\\\/\\\/www.esplac.cat\\\/molins-rei-acull-trobada-joves-sector-baix-llobregat\\\/#primaryimage\"},\"thumbnailUrl\":\"https:\\\/\\\/www.esplac.cat\\\/wp-content\\\/uploads\\\/2023\\\/03\\\/Portades-web-4.jpg\",\"articleSection\":[\"Sector Baix Llobregat\",\"Sense categoria\"],\"inLanguage\":\"en-US\"},{\"@type\":\"WebPage\",\"@id\":\"https:\\\/\\\/www.esplac.cat\\\/molins-rei-acull-trobada-joves-sector-baix-llobregat\\\/\",\"url\":\"https:\\\/\\\/www.esplac.cat\\\/molins-rei-acull-trobada-joves-sector-baix-llobregat\\\/\",\"name\":\"Molins de Rei acull la Trobada de Joves del Sector Baix Llobregat - Esplac\",\"isPartOf\":{\"@id\":\"https:\\\/\\\/www.esplac.cat\\\/#website\"},\"primaryImageOfPage\":{\"@id\":\"https:\\\/\\\/www.esplac.cat\\\/molins-rei-acull-trobada-joves-sector-baix-llobregat\\\/#primaryimage\"},\"image\":{\"@id\":\"https:\\\/\\\/www.esplac.cat\\\/molins-rei-acull-trobada-joves-sector-baix-llobregat\\\/#primaryimage\"},\"thumbnailUrl\":\"https:\\\/\\\/www.esplac.cat\\\/wp-content\\\/uploads\\\/2023\\\/03\\\/Portades-web-4.jpg\",\"datePublished\":\"2023-03-09T09:12:08+00:00\",\"dateModified\":\"2023-03-10T09:09:05+00:00\",\"description\":\"Molins de Rei ha acollit la Trobada de Joves del Sector Baix Llobregat, que ha reunit gaireb\u00e9 100 joves de tot el sector!\",\"breadcrumb\":{\"@id\":\"https:\\\/\\\/www.esplac.cat\\\/molins-rei-acull-trobada-joves-sector-baix-llobregat\\\/#breadcrumb\"},\"inLanguage\":\"en-US\",\"potentialAction\":[{\"@type\":\"ReadAction\",\"target\":[\"https:\\\/\\\/www.esplac.cat\\\/molins-rei-acull-trobada-joves-sector-baix-llobregat\\\/\"]}]},{\"@type\":\"ImageObject\",\"inLanguage\":\"en-US\",\"@id\":\"https:\\\/\\\/www.esplac.cat\\\/molins-rei-acull-trobada-joves-sector-baix-llobregat\\\/#primaryimage\",\"url\":\"https:\\\/\\\/www.esplac.cat\\\/wp-content\\\/uploads\\\/2023\\\/03\\\/Portades-web-4.jpg\",\"contentUrl\":\"https:\\\/\\\/www.esplac.cat\\\/wp-content\\\/uploads\\\/2023\\\/03\\\/Portades-web-4.jpg\",\"width\":1694,\"height\":700,\"caption\":\"Trobada Joves Sector Baix Llobregat\"},{\"@type\":\"BreadcrumbList\",\"@id\":\"https:\\\/\\\/www.esplac.cat\\\/molins-rei-acull-trobada-joves-sector-baix-llobregat\\\/#breadcrumb\",\"itemListElement\":[{\"@type\":\"ListItem\",\"position\":1,\"name\":\"Inici\",\"item\":\"https:\\\/\\\/www.esplac.cat\\\/en\\\/\"},{\"@type\":\"ListItem\",\"position\":2,\"name\":\"Molins de Rei acull la Trobada de Joves del Sector Baix Llobregat\"}]},{\"@type\":\"WebSite\",\"@id\":\"https:\\\/\\\/www.esplac.cat\\\/#website\",\"url\":\"https:\\\/\\\/www.esplac.cat\\\/\",\"name\":\"Esplac\",\"description\":\"Esplais Catalans\",\"publisher\":{\"@id\":\"https:\\\/\\\/www.esplac.cat\\\/#organization\"},\"potentialAction\":[{\"@type\":\"SearchAction\",\"target\":{\"@type\":\"EntryPoint\",\"urlTemplate\":\"https:\\\/\\\/www.esplac.cat\\\/?s={search_term_string}\"},\"query-input\":{\"@type\":\"PropertyValueSpecification\",\"valueRequired\":true,\"valueName\":\"search_term_string\"}}],\"inLanguage\":\"en-US\"},{\"@type\":\"Organization\",\"@id\":\"https:\\\/\\\/www.esplac.cat\\\/#organization\",\"name\":\"Esplac\",\"url\":\"https:\\\/\\\/www.esplac.cat\\\/\",\"logo\":{\"@type\":\"ImageObject\",\"inLanguage\":\"en-US\",\"@id\":\"https:\\\/\\\/www.esplac.cat\\\/#\\\/schema\\\/logo\\\/image\\\/\",\"url\":\"https:\\\/\\\/www.esplac.cat\\\/wp-content\\\/uploads\\\/2019\\\/08\\\/logox2.png\",\"contentUrl\":\"https:\\\/\\\/www.esplac.cat\\\/wp-content\\\/uploads\\\/2019\\\/08\\\/logox2.png\",\"width\":600,\"height\":295,\"caption\":\"Esplac\"},\"image\":{\"@id\":\"https:\\\/\\\/www.esplac.cat\\\/#\\\/schema\\\/logo\\\/image\\\/\"}},{\"@type\":\"Person\",\"@id\":\"https:\\\/\\\/www.esplac.cat\\\/#\\\/schema\\\/person\\\/908383cf240be18b68f8855d0583faca\",\"name\":\"Comunicaci\u00f3 Esplac\",\"image\":{\"@type\":\"ImageObject\",\"inLanguage\":\"en-US\",\"@id\":\"https:\\\/\\\/secure.gravatar.com\\\/avatar\\\/7a4cf8feb412a76ea4a740ca02d95b06b2907b5a6c648c2dd0a1082a093c3141?s=96&d=mm&r=g\",\"url\":\"https:\\\/\\\/secure.gravatar.com\\\/avatar\\\/7a4cf8feb412a76ea4a740ca02d95b06b2907b5a6c648c2dd0a1082a093c3141?s=96&d=mm&r=g\",\"contentUrl\":\"https:\\\/\\\/secure.gravatar.com\\\/avatar\\\/7a4cf8feb412a76ea4a740ca02d95b06b2907b5a6c648c2dd0a1082a093c3141?s=96&d=mm&r=g\",\"caption\":\"Comunicaci\u00f3 Esplac\"}}]}<\/script>\n<!-- \/ Yoast SEO plugin. -->","yoast_head_json":{"title":"Molins de Rei acull la Trobada de Joves del Sector Baix Llobregat - Esplac","description":"Molins de Rei ha acollit la Trobada de Joves del Sector Baix Llobregat, que ha reunit gaireb\u00e9 100 joves de tot el sector!","robots":{"index":"index","follow":"follow","max-snippet":"max-snippet:-1","max-image-preview":"max-image-preview:large","max-video-preview":"max-video-preview:-1"},"canonical":"https:\/\/www.esplac.cat\/molins-rei-acull-trobada-joves-sector-baix-llobregat\/","og_locale":"en_US","og_type":"article","og_title":"Molins de Rei acull la Trobada de Joves del Sector Baix Llobregat - Esplac","og_description":"Molins de Rei ha acollit la Trobada de Joves del Sector Baix Llobregat, que ha reunit gaireb\u00e9 100 joves de tot el sector!","og_url":"https:\/\/www.esplac.cat\/molins-rei-acull-trobada-joves-sector-baix-llobregat\/","og_site_name":"Esplac","article_published_time":"2023-03-09T09:12:08+00:00","article_modified_time":"2023-03-10T09:09:05+00:00","og_image":[{"width":1694,"height":700,"url":"https:\/\/www.esplac.cat\/wp-content\/uploads\/2023\/03\/Portades-web-4.jpg","type":"image\/jpeg"}],"author":"Comunicaci\u00f3 Esplac","twitter_card":"summary_large_image","twitter_misc":{"Written by":"Comunicaci\u00f3 Esplac","Est. reading time":"2 minutes"},"schema":{"@context":"https:\/\/schema.org","@graph":[{"@type":"Article","@id":"https:\/\/www.esplac.cat\/molins-rei-acull-trobada-joves-sector-baix-llobregat\/#article","isPartOf":{"@id":"https:\/\/www.esplac.cat\/molins-rei-acull-trobada-joves-sector-baix-llobregat\/"},"author":{"name":"Comunicaci\u00f3 Esplac","@id":"https:\/\/www.esplac.cat\/#\/schema\/person\/908383cf240be18b68f8855d0583faca"},"headline":"Molins de Rei acull la Trobada de Joves del Sector Baix Llobregat","datePublished":"2023-03-09T09:12:08+00:00","dateModified":"2023-03-10T09:09:05+00:00","mainEntityOfPage":{"@id":"https:\/\/www.esplac.cat\/molins-rei-acull-trobada-joves-sector-baix-llobregat\/"},"wordCount":223,"publisher":{"@id":"https:\/\/www.esplac.cat\/#organization"},"image":{"@id":"https:\/\/www.esplac.cat\/molins-rei-acull-trobada-joves-sector-baix-llobregat\/#primaryimage"},"thumbnailUrl":"https:\/\/www.esplac.cat\/wp-content\/uploads\/2023\/03\/Portades-web-4.jpg","articleSection":["Sector Baix Llobregat","Sense categoria"],"inLanguage":"en-US"},{"@type":"WebPage","@id":"https:\/\/www.esplac.cat\/molins-rei-acull-trobada-joves-sector-baix-llobregat\/","url":"https:\/\/www.esplac.cat\/molins-rei-acull-trobada-joves-sector-baix-llobregat\/","name":"Molins de Rei acull la Trobada de Joves del Sector Baix Llobregat - Esplac","isPartOf":{"@id":"https:\/\/www.esplac.cat\/#website"},"primaryImageOfPage":{"@id":"https:\/\/www.esplac.cat\/molins-rei-acull-trobada-joves-sector-baix-llobregat\/#primaryimage"},"image":{"@id":"https:\/\/www.esplac.cat\/molins-rei-acull-trobada-joves-sector-baix-llobregat\/#primaryimage"},"thumbnailUrl":"https:\/\/www.esplac.cat\/wp-content\/uploads\/2023\/03\/Portades-web-4.jpg","datePublished":"2023-03-09T09:12:08+00:00","dateModified":"2023-03-10T09:09:05+00:00","description":"Molins de Rei ha acollit la Trobada de Joves del Sector Baix Llobregat, que ha reunit gaireb\u00e9 100 joves de tot el sector!","breadcrumb":{"@id":"https:\/\/www.esplac.cat\/molins-rei-acull-trobada-joves-sector-baix-llobregat\/#breadcrumb"},"inLanguage":"en-US","potentialAction":[{"@type":"ReadAction","target":["https:\/\/www.esplac.cat\/molins-rei-acull-trobada-joves-sector-baix-llobregat\/"]}]},{"@type":"ImageObject","inLanguage":"en-US","@id":"https:\/\/www.esplac.cat\/molins-rei-acull-trobada-joves-sector-baix-llobregat\/#primaryimage","url":"https:\/\/www.esplac.cat\/wp-content\/uploads\/2023\/03\/Portades-web-4.jpg","contentUrl":"https:\/\/www.esplac.cat\/wp-content\/uploads\/2023\/03\/Portades-web-4.jpg","width":1694,"height":700,"caption":"Trobada Joves Sector Baix Llobregat"},{"@type":"BreadcrumbList","@id":"https:\/\/www.esplac.cat\/molins-rei-acull-trobada-joves-sector-baix-llobregat\/#breadcrumb","itemListElement":[{"@type":"ListItem","position":1,"name":"Inici","item":"https:\/\/www.esplac.cat\/en\/"},{"@type":"ListItem","position":2,"name":"Molins de Rei acull la Trobada de Joves del Sector Baix Llobregat"}]},{"@type":"WebSite","@id":"https:\/\/www.esplac.cat\/#website","url":"https:\/\/www.esplac.cat\/","name":"Esplac","description":"Esplais Catalans","publisher":{"@id":"https:\/\/www.esplac.cat\/#organization"},"potentialAction":[{"@type":"SearchAction","target":{"@type":"EntryPoint","urlTemplate":"https:\/\/www.esplac.cat\/?s={search_term_string}"},"query-input":{"@type":"PropertyValueSpecification","valueRequired":true,"valueName":"search_term_string"}}],"inLanguage":"en-US"},{"@type":"Organization","@id":"https:\/\/www.esplac.cat\/#organization","name":"Esplac","url":"https:\/\/www.esplac.cat\/","logo":{"@type":"ImageObject","inLanguage":"en-US","@id":"https:\/\/www.esplac.cat\/#\/schema\/logo\/image\/","url":"https:\/\/www.esplac.cat\/wp-content\/uploads\/2019\/08\/logox2.png","contentUrl":"https:\/\/www.esplac.cat\/wp-content\/uploads\/2019\/08\/logox2.png","width":600,"height":295,"caption":"Esplac"},"image":{"@id":"https:\/\/www.esplac.cat\/#\/schema\/logo\/image\/"}},{"@type":"Person","@id":"https:\/\/www.esplac.cat\/#\/schema\/person\/908383cf240be18b68f8855d0583faca","name":"Comunicaci\u00f3 Esplac","image":{"@type":"ImageObject","inLanguage":"en-US","@id":"https:\/\/secure.gravatar.com\/avatar\/7a4cf8feb412a76ea4a740ca02d95b06b2907b5a6c648c2dd0a1082a093c3141?s=96&d=mm&r=g","url":"https:\/\/secure.gravatar.com\/avatar\/7a4cf8feb412a76ea4a740ca02d95b06b2907b5a6c648c2dd0a1082a093c3141?s=96&d=mm&r=g","contentUrl":"https:\/\/secure.gravatar.com\/avatar\/7a4cf8feb412a76ea4a740ca02d95b06b2907b5a6c648c2dd0a1082a093c3141?s=96&d=mm&r=g","caption":"Comunicaci\u00f3 Esplac"}}]}},"_links":{"self":[{"href":"https:\/\/www.esplac.cat\/en\/wp-json\/wp\/v2\/posts\/44044","targetHints":{"allow":["GET"]}}],"collection":[{"href":"https:\/\/www.esplac.cat\/en\/wp-json\/wp\/v2\/posts"}],"about":[{"href":"https:\/\/www.esplac.cat\/en\/wp-json\/wp\/v2\/types\/post"}],"author":[{"embeddable":true,"href":"https:\/\/www.esplac.cat\/en\/wp-json\/wp\/v2\/users\/3"}],"replies":[{"embeddable":true,"href":"https:\/\/www.esplac.cat\/en\/wp-json\/wp\/v2\/comments?post=44044"}],"version-history":[{"count":0,"href":"https:\/\/www.esplac.cat\/en\/wp-json\/wp\/v2\/posts\/44044\/revisions"}],"wp:featuredmedia":[{"embeddable":true,"href":"https:\/\/www.esplac.cat\/en\/wp-json\/wp\/v2\/media\/44047"}],"wp:attachment":[{"href":"https:\/\/www.esplac.cat\/en\/wp-json\/wp\/v2\/media?parent=44044"}],"wp:term":[{"taxonomy":"category","embeddable":true,"href":"https:\/\/www.esplac.cat\/en\/wp-json\/wp\/v2\/categories?post=44044"},{"taxonomy":"post_tag","embeddable":true,"href":"https:\/\/www.esplac.cat\/en\/wp-json\/wp\/v2\/tags?post=44044"}],"curies":[{"name":"wp","href":"https:\/\/api.w.org\/{rel}","templated":true}]}}