{"id":44055,"date":"2023-03-09T18:58:28","date_gmt":"2023-03-09T16:58:28","guid":{"rendered":"https:\/\/www.esplac.cat\/?p=44055"},"modified":"2023-03-09T19:22:13","modified_gmt":"2023-03-09T17:22:13","slug":"tornen-els-vermuts-pedagogics","status":"publish","type":"post","link":"https:\/\/www.esplac.cat\/en\/tornen-els-vermuts-pedagogics\/","title":{"rendered":"Tornen els Vermuts Pedag\u00f2gics!"},"content":{"rendered":"<h6><strong>L\u2019\u00fanica edici\u00f3 d\u2019aquest curs abordar\u00e0 els rols de lideratge\u00a0dins dels grups d\u2019infants<\/strong><\/h6>\n<p><span style=\"font-weight: 400;\">El pr\u00f2xim <strong>diumenge 19 de mar\u00e7<\/strong> es dur\u00e0 a terme la quarta edici\u00f3 dels Vermuts Pedag\u00f2gics d\u2019Esplac, en qu\u00e8 reflexionarem entorn a les din\u00e0miques que es generen dins dels grups d\u2019infants: la influ\u00e8ncia que exerceixen uns sobre els altres, els l\u00edders del grup, el rol de les monis com a referents pels infants, entre d&#8217;altres.<\/span><\/p>\n<p><span style=\"font-weight: 400;\">Els Vermuts Pedag\u00f2gics s\u00f3n una iniciativa que neix de la<strong><a href=\"https:\/\/www.esplac.cat\/comissions\/linies-pedgogiques\/\" target=\"_blank\" rel=\"noopener\"> Comissi\u00f3 L\u00ednies Pedag\u00f2giques<\/a><\/strong> amb l\u2019objectiu de crear un marc de refer\u00e8ncia sobre tem\u00e0tiques educatives que ajudin a desenvolupar i consolidar un discurs educatiu potent i transformador per l\u2019entitat.\u00a0\u00a0<\/span><\/p>\n<p><span style=\"font-weight: 400;\">Aquesta nova edici\u00f3 dels Vermuts es dur\u00e0 a terme a Barcelona, a l\u2019espai \u201cLa Cendra\u201d, al Fossat del Mercat de Sant Antoni, en horari de 10:30 a 13:30h amb un vermut pica-pica final per a totes les assistents. <\/span><\/p>\n<p><span style=\"font-weight: 400;\">L\u2019activitat \u00e9s gratu\u00efta i oberta a monis, dirigents i s\u00f2cies d\u2019Esplac!<\/span><\/p>\n<p>Inscripcions obertes a <a href=\"https:\/\/era.esplac.cat\/#\/auth\/login\" target=\"_blank\" rel=\"noopener\"><strong>l&#8217;Era<\/strong><\/a>.<\/p>\n","protected":false},"excerpt":{"rendered":"<p>L\u2019\u00fanica edici\u00f3 d\u2019aquest curs abordar\u00e0 els rols de lideratge\u00a0dins dels [&hellip;]<\/p>\n","protected":false},"author":3,"featured_media":44056,"comment_status":"closed","ping_status":"closed","sticky":false,"template":"","format":"standard","meta":{"om_disable_all_campaigns":false,"_monsterinsights_skip_tracking":false,"_monsterinsights_sitenote_active":false,"_monsterinsights_sitenote_note":"","_monsterinsights_sitenote_category":0,"_uf_show_specific_survey":0,"_uf_disable_surveys":false,"footnotes":""},"categories":[1111,1162],"tags":[],"class_list":["post-44055","post","type-post","status-publish","format-standard","has-post-thumbnail","hentry","category-activitats-esplac","category-linies-pedagogiques"],"yoast_head":"<!-- This site is optimized with the Yoast SEO plugin v27.4 - https:\/\/yoast.com\/product\/yoast-seo-wordpress\/ -->\n<title>Tornen els Vermuts Pedag\u00f2gics! - Esplac<\/title>\n<meta name=\"description\" content=\"L\u2019\u00fanica edici\u00f3 d\u2019aquest curs abordar\u00e0 els rols de lideratge\u00a0dins dels grups d\u2019infants. El pr\u00f2xim diumenge 19 de mar\u00e7 es dur\u00e0 a terme la quarta edici\u00f3 dels Vermuts Pedag\u00f2gics d\u2019Esplac.\" \/>\n<meta name=\"robots\" content=\"index, follow, max-snippet:-1, max-image-preview:large, max-video-preview:-1\" \/>\n<link rel=\"canonical\" href=\"https:\/\/www.esplac.cat\/tornen-els-vermuts-pedagogics\/\" \/>\n<meta property=\"og:locale\" content=\"en_US\" \/>\n<meta property=\"og:type\" content=\"article\" \/>\n<meta property=\"og:title\" content=\"Tornen els Vermuts Pedag\u00f2gics! - Esplac\" \/>\n<meta property=\"og:description\" content=\"L\u2019\u00fanica edici\u00f3 d\u2019aquest curs abordar\u00e0 els rols de lideratge\u00a0dins dels grups d\u2019infants. El pr\u00f2xim diumenge 19 de mar\u00e7 es dur\u00e0 a terme la quarta edici\u00f3 dels Vermuts Pedag\u00f2gics d\u2019Esplac.\" \/>\n<meta property=\"og:url\" content=\"https:\/\/www.esplac.cat\/tornen-els-vermuts-pedagogics\/\" \/>\n<meta property=\"og:site_name\" content=\"Esplac\" \/>\n<meta property=\"article:published_time\" content=\"2023-03-09T16:58:28+00:00\" \/>\n<meta property=\"article:modified_time\" content=\"2023-03-09T17:22:13+00:00\" \/>\n<meta property=\"og:image\" content=\"https:\/\/www.esplac.cat\/wp-content\/uploads\/2023\/03\/Portada-Vermuts.jpg\" \/>\n\t<meta property=\"og:image:width\" content=\"1694\" \/>\n\t<meta property=\"og:image:height\" content=\"700\" \/>\n\t<meta property=\"og:image:type\" content=\"image\/jpeg\" \/>\n<meta name=\"author\" content=\"Comunicaci\u00f3 Esplac\" \/>\n<meta name=\"twitter:card\" content=\"summary_large_image\" \/>\n<meta name=\"twitter:label1\" content=\"Written by\" \/>\n\t<meta name=\"twitter:data1\" content=\"Comunicaci\u00f3 Esplac\" \/>\n\t<meta name=\"twitter:label2\" content=\"Est. reading time\" \/>\n\t<meta name=\"twitter:data2\" content=\"1 minute\" \/>\n<script type=\"application\/ld+json\" class=\"yoast-schema-graph\">{\"@context\":\"https:\\\/\\\/schema.org\",\"@graph\":[{\"@type\":\"Article\",\"@id\":\"https:\\\/\\\/www.esplac.cat\\\/tornen-els-vermuts-pedagogics\\\/#article\",\"isPartOf\":{\"@id\":\"https:\\\/\\\/www.esplac.cat\\\/tornen-els-vermuts-pedagogics\\\/\"},\"author\":{\"name\":\"Comunicaci\u00f3 Esplac\",\"@id\":\"https:\\\/\\\/www.esplac.cat\\\/#\\\/schema\\\/person\\\/908383cf240be18b68f8855d0583faca\"},\"headline\":\"Tornen els Vermuts Pedag\u00f2gics!\",\"datePublished\":\"2023-03-09T16:58:28+00:00\",\"dateModified\":\"2023-03-09T17:22:13+00:00\",\"mainEntityOfPage\":{\"@id\":\"https:\\\/\\\/www.esplac.cat\\\/tornen-els-vermuts-pedagogics\\\/\"},\"wordCount\":187,\"publisher\":{\"@id\":\"https:\\\/\\\/www.esplac.cat\\\/#organization\"},\"image\":{\"@id\":\"https:\\\/\\\/www.esplac.cat\\\/tornen-els-vermuts-pedagogics\\\/#primaryimage\"},\"thumbnailUrl\":\"https:\\\/\\\/www.esplac.cat\\\/wp-content\\\/uploads\\\/2023\\\/03\\\/Portada-Vermuts.jpg\",\"articleSection\":[\"Activitats esplac\",\"L\u00ednies pedag\u00f2giques\"],\"inLanguage\":\"en-US\"},{\"@type\":\"WebPage\",\"@id\":\"https:\\\/\\\/www.esplac.cat\\\/tornen-els-vermuts-pedagogics\\\/\",\"url\":\"https:\\\/\\\/www.esplac.cat\\\/tornen-els-vermuts-pedagogics\\\/\",\"name\":\"Tornen els Vermuts Pedag\u00f2gics! - Esplac\",\"isPartOf\":{\"@id\":\"https:\\\/\\\/www.esplac.cat\\\/#website\"},\"primaryImageOfPage\":{\"@id\":\"https:\\\/\\\/www.esplac.cat\\\/tornen-els-vermuts-pedagogics\\\/#primaryimage\"},\"image\":{\"@id\":\"https:\\\/\\\/www.esplac.cat\\\/tornen-els-vermuts-pedagogics\\\/#primaryimage\"},\"thumbnailUrl\":\"https:\\\/\\\/www.esplac.cat\\\/wp-content\\\/uploads\\\/2023\\\/03\\\/Portada-Vermuts.jpg\",\"datePublished\":\"2023-03-09T16:58:28+00:00\",\"dateModified\":\"2023-03-09T17:22:13+00:00\",\"description\":\"L\u2019\u00fanica edici\u00f3 d\u2019aquest curs abordar\u00e0 els rols de lideratge\u00a0dins dels grups d\u2019infants. El pr\u00f2xim diumenge 19 de mar\u00e7 es dur\u00e0 a terme la quarta edici\u00f3 dels Vermuts Pedag\u00f2gics d\u2019Esplac.\",\"breadcrumb\":{\"@id\":\"https:\\\/\\\/www.esplac.cat\\\/tornen-els-vermuts-pedagogics\\\/#breadcrumb\"},\"inLanguage\":\"en-US\",\"potentialAction\":[{\"@type\":\"ReadAction\",\"target\":[\"https:\\\/\\\/www.esplac.cat\\\/tornen-els-vermuts-pedagogics\\\/\"]}]},{\"@type\":\"ImageObject\",\"inLanguage\":\"en-US\",\"@id\":\"https:\\\/\\\/www.esplac.cat\\\/tornen-els-vermuts-pedagogics\\\/#primaryimage\",\"url\":\"https:\\\/\\\/www.esplac.cat\\\/wp-content\\\/uploads\\\/2023\\\/03\\\/Portada-Vermuts.jpg\",\"contentUrl\":\"https:\\\/\\\/www.esplac.cat\\\/wp-content\\\/uploads\\\/2023\\\/03\\\/Portada-Vermuts.jpg\",\"width\":1694,\"height\":700},{\"@type\":\"BreadcrumbList\",\"@id\":\"https:\\\/\\\/www.esplac.cat\\\/tornen-els-vermuts-pedagogics\\\/#breadcrumb\",\"itemListElement\":[{\"@type\":\"ListItem\",\"position\":1,\"name\":\"Inici\",\"item\":\"https:\\\/\\\/www.esplac.cat\\\/en\\\/\"},{\"@type\":\"ListItem\",\"position\":2,\"name\":\"Tornen els Vermuts Pedag\u00f2gics!\"}]},{\"@type\":\"WebSite\",\"@id\":\"https:\\\/\\\/www.esplac.cat\\\/#website\",\"url\":\"https:\\\/\\\/www.esplac.cat\\\/\",\"name\":\"Esplac\",\"description\":\"Esplais Catalans\",\"publisher\":{\"@id\":\"https:\\\/\\\/www.esplac.cat\\\/#organization\"},\"potentialAction\":[{\"@type\":\"SearchAction\",\"target\":{\"@type\":\"EntryPoint\",\"urlTemplate\":\"https:\\\/\\\/www.esplac.cat\\\/?s={search_term_string}\"},\"query-input\":{\"@type\":\"PropertyValueSpecification\",\"valueRequired\":true,\"valueName\":\"search_term_string\"}}],\"inLanguage\":\"en-US\"},{\"@type\":\"Organization\",\"@id\":\"https:\\\/\\\/www.esplac.cat\\\/#organization\",\"name\":\"Esplac\",\"url\":\"https:\\\/\\\/www.esplac.cat\\\/\",\"logo\":{\"@type\":\"ImageObject\",\"inLanguage\":\"en-US\",\"@id\":\"https:\\\/\\\/www.esplac.cat\\\/#\\\/schema\\\/logo\\\/image\\\/\",\"url\":\"https:\\\/\\\/www.esplac.cat\\\/wp-content\\\/uploads\\\/2019\\\/08\\\/logox2.png\",\"contentUrl\":\"https:\\\/\\\/www.esplac.cat\\\/wp-content\\\/uploads\\\/2019\\\/08\\\/logox2.png\",\"width\":600,\"height\":295,\"caption\":\"Esplac\"},\"image\":{\"@id\":\"https:\\\/\\\/www.esplac.cat\\\/#\\\/schema\\\/logo\\\/image\\\/\"}},{\"@type\":\"Person\",\"@id\":\"https:\\\/\\\/www.esplac.cat\\\/#\\\/schema\\\/person\\\/908383cf240be18b68f8855d0583faca\",\"name\":\"Comunicaci\u00f3 Esplac\",\"image\":{\"@type\":\"ImageObject\",\"inLanguage\":\"en-US\",\"@id\":\"https:\\\/\\\/secure.gravatar.com\\\/avatar\\\/7a4cf8feb412a76ea4a740ca02d95b06b2907b5a6c648c2dd0a1082a093c3141?s=96&d=mm&r=g\",\"url\":\"https:\\\/\\\/secure.gravatar.com\\\/avatar\\\/7a4cf8feb412a76ea4a740ca02d95b06b2907b5a6c648c2dd0a1082a093c3141?s=96&d=mm&r=g\",\"contentUrl\":\"https:\\\/\\\/secure.gravatar.com\\\/avatar\\\/7a4cf8feb412a76ea4a740ca02d95b06b2907b5a6c648c2dd0a1082a093c3141?s=96&d=mm&r=g\",\"caption\":\"Comunicaci\u00f3 Esplac\"}}]}<\/script>\n<!-- \/ Yoast SEO plugin. -->","yoast_head_json":{"title":"Tornen els Vermuts Pedag\u00f2gics! - Esplac","description":"L\u2019\u00fanica edici\u00f3 d\u2019aquest curs abordar\u00e0 els rols de lideratge\u00a0dins dels grups d\u2019infants. El pr\u00f2xim diumenge 19 de mar\u00e7 es dur\u00e0 a terme la quarta edici\u00f3 dels Vermuts Pedag\u00f2gics d\u2019Esplac.","robots":{"index":"index","follow":"follow","max-snippet":"max-snippet:-1","max-image-preview":"max-image-preview:large","max-video-preview":"max-video-preview:-1"},"canonical":"https:\/\/www.esplac.cat\/tornen-els-vermuts-pedagogics\/","og_locale":"en_US","og_type":"article","og_title":"Tornen els Vermuts Pedag\u00f2gics! - Esplac","og_description":"L\u2019\u00fanica edici\u00f3 d\u2019aquest curs abordar\u00e0 els rols de lideratge\u00a0dins dels grups d\u2019infants. El pr\u00f2xim diumenge 19 de mar\u00e7 es dur\u00e0 a terme la quarta edici\u00f3 dels Vermuts Pedag\u00f2gics d\u2019Esplac.","og_url":"https:\/\/www.esplac.cat\/tornen-els-vermuts-pedagogics\/","og_site_name":"Esplac","article_published_time":"2023-03-09T16:58:28+00:00","article_modified_time":"2023-03-09T17:22:13+00:00","og_image":[{"width":1694,"height":700,"url":"https:\/\/www.esplac.cat\/wp-content\/uploads\/2023\/03\/Portada-Vermuts.jpg","type":"image\/jpeg"}],"author":"Comunicaci\u00f3 Esplac","twitter_card":"summary_large_image","twitter_misc":{"Written by":"Comunicaci\u00f3 Esplac","Est. reading time":"1 minute"},"schema":{"@context":"https:\/\/schema.org","@graph":[{"@type":"Article","@id":"https:\/\/www.esplac.cat\/tornen-els-vermuts-pedagogics\/#article","isPartOf":{"@id":"https:\/\/www.esplac.cat\/tornen-els-vermuts-pedagogics\/"},"author":{"name":"Comunicaci\u00f3 Esplac","@id":"https:\/\/www.esplac.cat\/#\/schema\/person\/908383cf240be18b68f8855d0583faca"},"headline":"Tornen els Vermuts Pedag\u00f2gics!","datePublished":"2023-03-09T16:58:28+00:00","dateModified":"2023-03-09T17:22:13+00:00","mainEntityOfPage":{"@id":"https:\/\/www.esplac.cat\/tornen-els-vermuts-pedagogics\/"},"wordCount":187,"publisher":{"@id":"https:\/\/www.esplac.cat\/#organization"},"image":{"@id":"https:\/\/www.esplac.cat\/tornen-els-vermuts-pedagogics\/#primaryimage"},"thumbnailUrl":"https:\/\/www.esplac.cat\/wp-content\/uploads\/2023\/03\/Portada-Vermuts.jpg","articleSection":["Activitats esplac","L\u00ednies pedag\u00f2giques"],"inLanguage":"en-US"},{"@type":"WebPage","@id":"https:\/\/www.esplac.cat\/tornen-els-vermuts-pedagogics\/","url":"https:\/\/www.esplac.cat\/tornen-els-vermuts-pedagogics\/","name":"Tornen els Vermuts Pedag\u00f2gics! - Esplac","isPartOf":{"@id":"https:\/\/www.esplac.cat\/#website"},"primaryImageOfPage":{"@id":"https:\/\/www.esplac.cat\/tornen-els-vermuts-pedagogics\/#primaryimage"},"image":{"@id":"https:\/\/www.esplac.cat\/tornen-els-vermuts-pedagogics\/#primaryimage"},"thumbnailUrl":"https:\/\/www.esplac.cat\/wp-content\/uploads\/2023\/03\/Portada-Vermuts.jpg","datePublished":"2023-03-09T16:58:28+00:00","dateModified":"2023-03-09T17:22:13+00:00","description":"L\u2019\u00fanica edici\u00f3 d\u2019aquest curs abordar\u00e0 els rols de lideratge\u00a0dins dels grups d\u2019infants. El pr\u00f2xim diumenge 19 de mar\u00e7 es dur\u00e0 a terme la quarta edici\u00f3 dels Vermuts Pedag\u00f2gics d\u2019Esplac.","breadcrumb":{"@id":"https:\/\/www.esplac.cat\/tornen-els-vermuts-pedagogics\/#breadcrumb"},"inLanguage":"en-US","potentialAction":[{"@type":"ReadAction","target":["https:\/\/www.esplac.cat\/tornen-els-vermuts-pedagogics\/"]}]},{"@type":"ImageObject","inLanguage":"en-US","@id":"https:\/\/www.esplac.cat\/tornen-els-vermuts-pedagogics\/#primaryimage","url":"https:\/\/www.esplac.cat\/wp-content\/uploads\/2023\/03\/Portada-Vermuts.jpg","contentUrl":"https:\/\/www.esplac.cat\/wp-content\/uploads\/2023\/03\/Portada-Vermuts.jpg","width":1694,"height":700},{"@type":"BreadcrumbList","@id":"https:\/\/www.esplac.cat\/tornen-els-vermuts-pedagogics\/#breadcrumb","itemListElement":[{"@type":"ListItem","position":1,"name":"Inici","item":"https:\/\/www.esplac.cat\/en\/"},{"@type":"ListItem","position":2,"name":"Tornen els Vermuts Pedag\u00f2gics!"}]},{"@type":"WebSite","@id":"https:\/\/www.esplac.cat\/#website","url":"https:\/\/www.esplac.cat\/","name":"Esplac","description":"Esplais Catalans","publisher":{"@id":"https:\/\/www.esplac.cat\/#organization"},"potentialAction":[{"@type":"SearchAction","target":{"@type":"EntryPoint","urlTemplate":"https:\/\/www.esplac.cat\/?s={search_term_string}"},"query-input":{"@type":"PropertyValueSpecification","valueRequired":true,"valueName":"search_term_string"}}],"inLanguage":"en-US"},{"@type":"Organization","@id":"https:\/\/www.esplac.cat\/#organization","name":"Esplac","url":"https:\/\/www.esplac.cat\/","logo":{"@type":"ImageObject","inLanguage":"en-US","@id":"https:\/\/www.esplac.cat\/#\/schema\/logo\/image\/","url":"https:\/\/www.esplac.cat\/wp-content\/uploads\/2019\/08\/logox2.png","contentUrl":"https:\/\/www.esplac.cat\/wp-content\/uploads\/2019\/08\/logox2.png","width":600,"height":295,"caption":"Esplac"},"image":{"@id":"https:\/\/www.esplac.cat\/#\/schema\/logo\/image\/"}},{"@type":"Person","@id":"https:\/\/www.esplac.cat\/#\/schema\/person\/908383cf240be18b68f8855d0583faca","name":"Comunicaci\u00f3 Esplac","image":{"@type":"ImageObject","inLanguage":"en-US","@id":"https:\/\/secure.gravatar.com\/avatar\/7a4cf8feb412a76ea4a740ca02d95b06b2907b5a6c648c2dd0a1082a093c3141?s=96&d=mm&r=g","url":"https:\/\/secure.gravatar.com\/avatar\/7a4cf8feb412a76ea4a740ca02d95b06b2907b5a6c648c2dd0a1082a093c3141?s=96&d=mm&r=g","contentUrl":"https:\/\/secure.gravatar.com\/avatar\/7a4cf8feb412a76ea4a740ca02d95b06b2907b5a6c648c2dd0a1082a093c3141?s=96&d=mm&r=g","caption":"Comunicaci\u00f3 Esplac"}}]}},"_links":{"self":[{"href":"https:\/\/www.esplac.cat\/en\/wp-json\/wp\/v2\/posts\/44055","targetHints":{"allow":["GET"]}}],"collection":[{"href":"https:\/\/www.esplac.cat\/en\/wp-json\/wp\/v2\/posts"}],"about":[{"href":"https:\/\/www.esplac.cat\/en\/wp-json\/wp\/v2\/types\/post"}],"author":[{"embeddable":true,"href":"https:\/\/www.esplac.cat\/en\/wp-json\/wp\/v2\/users\/3"}],"replies":[{"embeddable":true,"href":"https:\/\/www.esplac.cat\/en\/wp-json\/wp\/v2\/comments?post=44055"}],"version-history":[{"count":0,"href":"https:\/\/www.esplac.cat\/en\/wp-json\/wp\/v2\/posts\/44055\/revisions"}],"wp:featuredmedia":[{"embeddable":true,"href":"https:\/\/www.esplac.cat\/en\/wp-json\/wp\/v2\/media\/44056"}],"wp:attachment":[{"href":"https:\/\/www.esplac.cat\/en\/wp-json\/wp\/v2\/media?parent=44055"}],"wp:term":[{"taxonomy":"category","embeddable":true,"href":"https:\/\/www.esplac.cat\/en\/wp-json\/wp\/v2\/categories?post=44055"},{"taxonomy":"post_tag","embeddable":true,"href":"https:\/\/www.esplac.cat\/en\/wp-json\/wp\/v2\/tags?post=44055"}],"curies":[{"name":"wp","href":"https:\/\/api.w.org\/{rel}","templated":true}]}}