{"id":44410,"date":"2023-03-23T14:21:07","date_gmt":"2023-03-23T12:21:07","guid":{"rendered":"https:\/\/www.esplac.cat\/?p=44410"},"modified":"2023-03-23T14:21:07","modified_gmt":"2023-03-23T12:21:07","slug":"lideratges-grups-infants-vermut-pedagogic","status":"publish","type":"post","link":"https:\/\/www.esplac.cat\/en\/lideratges-grups-infants-vermut-pedagogic\/","title":{"rendered":"Parlem de lideratges en els grups d\u2019infants:  4 conclusions del darrer Vermut Pedag\u00f2gic"},"content":{"rendered":"<h6><strong>El passat diumenge 19 de mar\u00e7, l\u2019<a href=\"https:\/\/www.instagram.com\/jovessantantoni\/\" target=\"_blank\" rel=\"noopener\"><span style=\"color: #f69d0b;\">Espai Jove \u2018La Cendra<\/span>\u2019<\/a> de Sant Antoni ha acollit la quarta edici\u00f3 dels Vermuts Pedag\u00f2gics, que ha comptat amb la participaci\u00f3 d\u2019una dotzena de monitores i monitors d\u2019esplais diferents dels sectors Maresme, Vall\u00e8s Occidental i Barcelona.<\/strong><\/h6>\n<p><span style=\"font-weight: 400;\">La tem\u00e0tica de la quarta edici\u00f3 dels <strong>Vermuts Pedag\u00f2gics<\/strong> ha girat entorn els <\/span><b>rols de lideratge en els grups d\u2019infants<\/b><span style=\"font-weight: 400;\"> a l\u2019esplai, amb el prop\u00f2sit de <\/span><b>compartir viv\u00e8ncies<\/b><span style=\"font-weight: 400;\"> i estrat\u00e8gies d\u2019abordatge de situacions del dia a dia de les entitats. L\u2019activitat, organitzada per la <span style=\"color: #f69d0b;\"><strong><a style=\"color: #f69d0b;\" href=\"https:\/\/www.esplac.cat\/comissions\/linies-pedgogiques\/\" target=\"_blank\" rel=\"noopener\">Comissi\u00f3 L\u00ednies Pedag\u00f2giques<\/a><\/strong><\/span>, s\u2019ha centrat en l\u2019an\u00e0lisi de diferents casos reals a partir dels quals les monis han reflexionat i debatut sobre quina era l\u2019actuaci\u00f3 m\u00e9s adient. A continuaci\u00f3, compartim algunes de les conclusions de la jornada!<\/span><\/p>\n<p><b>1. Observar i saber llegir el grup<\/b><\/p>\n<p><span style=\"font-weight: 400;\">Abans de fer una intervenci\u00f3 en la din\u00e0mica relacional del grup, com a monis hem d\u2019analitzar com s\u00f3n les relacions entre els infants, si cal, durant diversos dies. Qu\u00e8 passa quan la l\u00edder del grup falta un dissabte a l\u2019esplai? Canvien els rols que adopta cada infant en el grup? <\/span><\/p>\n<p><b>2. Els lideratges no entenen d\u2019edat<\/b><\/p>\n<p><span style=\"font-weight: 400;\">Petites, mitjanes, grans, joves\u2026 en totes les franges d\u2019edat es generen relacions marcades per jerarquies i rols, m\u00e9s o menys saludables, i amb implicacions diverses en funci\u00f3 de cada grup i cada persona en particular. Fins i tot, en els m\u00e9s menuts, podrem veure com hi ha infants que tendeixen a assumir la figura de l\u00edder, que sovint est\u00e0 condicionada per la posici\u00f3 que ocupa dins de l\u2019esplai.<\/span><\/p>\n<p><b>3. Treballar la responsabilitat col\u00b7lectiva<\/b><\/p>\n<p><span style=\"font-weight: 400;\">Els rols de poder i lideratge sorgeixen de manera natural, per\u00f2 \u00e9s important que les responsabilitats es reparteixin, de manera que aquesta c\u00e0rrega es dilueixi i el motor del grup sigui el propi grup, i no uns pocs infants. Parlem, tamb\u00e9, de lideratges compartits, sent conscients que els lideratges s\u00f3n necessaris, per\u00f2 que \u00e9s interessant treure el focus de persones individuals.<\/span><\/p>\n<p><b>4. Les monis som referents<\/b><\/p>\n<p><span style=\"font-weight: 400;\">Els rols que reprodu\u00efm com a monis entre nosaltres poden influenciar la manera en com alguns infants es relacionen amb el seu grup i les seves companyes. Podem ser una figura de refer\u00e8ncia en qu\u00e8 els infants s\u2019emmirallin i hem de ser conscients de la posici\u00f3 que ocupem a l\u2019equip de monis i com ens mostrem de cara als infants.\u00a0<\/span><\/p>\n\n\t\t<style type=\"text\/css\">\n\t\t\t#gallery-1 {\n\t\t\t\tmargin: auto;\n\t\t\t}\n\t\t\t#gallery-1 .gallery-item {\n\t\t\t\tfloat: left;\n\t\t\t\tmargin-top: 10px;\n\t\t\t\ttext-align: center;\n\t\t\t\twidth: 33%;\n\t\t\t}\n\t\t\t#gallery-1 img {\n\t\t\t\tborder: 2px solid #cfcfcf;\n\t\t\t}\n\t\t\t#gallery-1 .gallery-caption {\n\t\t\t\tmargin-left: 0;\n\t\t\t}\n\t\t\t\/* see gallery_shortcode() in wp-includes\/media.php *\/\n\t\t<\/style>\n\t\t<div id='gallery-1' class='gallery galleryid-44410 gallery-columns-3 gallery-size-fusion-600'><dl class='gallery-item'>\n\t\t\t<dt class='gallery-icon landscape'>\n\t\t\t\t<a data-rel=\"iLightbox[postimages]\" data-title=\"1\" data-caption=\"\" href='https:\/\/www.esplac.cat\/en\/1-33-2\/'><img decoding=\"async\" width=\"600\" height=\"600\" src=\"https:\/\/www.esplac.cat\/wp-content\/uploads\/2023\/03\/1-4-600x600.jpg\" class=\"attachment-fusion-600 size-fusion-600\" alt=\"Vermut Pedag\u00f2gic\" srcset=\"https:\/\/www.esplac.cat\/wp-content\/uploads\/2023\/03\/1-4-66x66.jpg 66w, https:\/\/www.esplac.cat\/wp-content\/uploads\/2023\/03\/1-4-150x150.jpg 150w, https:\/\/www.esplac.cat\/wp-content\/uploads\/2023\/03\/1-4-200x200.jpg 200w, https:\/\/www.esplac.cat\/wp-content\/uploads\/2023\/03\/1-4-300x300.jpg 300w, https:\/\/www.esplac.cat\/wp-content\/uploads\/2023\/03\/1-4-400x400.jpg 400w, https:\/\/www.esplac.cat\/wp-content\/uploads\/2023\/03\/1-4-600x600.jpg 600w, https:\/\/www.esplac.cat\/wp-content\/uploads\/2023\/03\/1-4-768x768.jpg 768w, https:\/\/www.esplac.cat\/wp-content\/uploads\/2023\/03\/1-4-800x800.jpg 800w, https:\/\/www.esplac.cat\/wp-content\/uploads\/2023\/03\/1-4-1024x1024.jpg 1024w, https:\/\/www.esplac.cat\/wp-content\/uploads\/2023\/03\/1-4.jpg 1080w\" sizes=\"(max-width: 600px) 100vw, 600px\" \/><\/a>\n\t\t\t<\/dt><\/dl><dl class='gallery-item'>\n\t\t\t<dt class='gallery-icon landscape'>\n\t\t\t\t<a data-rel=\"iLightbox[postimages]\" data-title=\"2\" data-caption=\"\" href='https:\/\/www.esplac.cat\/en\/2-46-2\/'><img decoding=\"async\" width=\"600\" height=\"600\" src=\"https:\/\/www.esplac.cat\/wp-content\/uploads\/2023\/03\/2-5-600x600.jpg\" class=\"attachment-fusion-600 size-fusion-600\" alt=\"Vermut Pedag\u00f2gic\" srcset=\"https:\/\/www.esplac.cat\/wp-content\/uploads\/2023\/03\/2-5-66x66.jpg 66w, https:\/\/www.esplac.cat\/wp-content\/uploads\/2023\/03\/2-5-150x150.jpg 150w, https:\/\/www.esplac.cat\/wp-content\/uploads\/2023\/03\/2-5-200x200.jpg 200w, https:\/\/www.esplac.cat\/wp-content\/uploads\/2023\/03\/2-5-300x300.jpg 300w, https:\/\/www.esplac.cat\/wp-content\/uploads\/2023\/03\/2-5-400x400.jpg 400w, https:\/\/www.esplac.cat\/wp-content\/uploads\/2023\/03\/2-5-600x600.jpg 600w, https:\/\/www.esplac.cat\/wp-content\/uploads\/2023\/03\/2-5-768x768.jpg 768w, https:\/\/www.esplac.cat\/wp-content\/uploads\/2023\/03\/2-5-800x800.jpg 800w, https:\/\/www.esplac.cat\/wp-content\/uploads\/2023\/03\/2-5-1024x1024.jpg 1024w, https:\/\/www.esplac.cat\/wp-content\/uploads\/2023\/03\/2-5.jpg 1080w\" sizes=\"(max-width: 600px) 100vw, 600px\" \/><\/a>\n\t\t\t<\/dt><\/dl><dl class='gallery-item'>\n\t\t\t<dt class='gallery-icon landscape'>\n\t\t\t\t<a data-rel=\"iLightbox[postimages]\" data-title=\"3\" data-caption=\"\" href='https:\/\/www.esplac.cat\/en\/3-24-2\/'><img decoding=\"async\" width=\"600\" height=\"600\" src=\"https:\/\/www.esplac.cat\/wp-content\/uploads\/2023\/03\/3-4-600x600.jpg\" class=\"attachment-fusion-600 size-fusion-600\" alt=\"Vermut Pedag\u00f2gic\" srcset=\"https:\/\/www.esplac.cat\/wp-content\/uploads\/2023\/03\/3-4-66x66.jpg 66w, https:\/\/www.esplac.cat\/wp-content\/uploads\/2023\/03\/3-4-150x150.jpg 150w, https:\/\/www.esplac.cat\/wp-content\/uploads\/2023\/03\/3-4-200x200.jpg 200w, https:\/\/www.esplac.cat\/wp-content\/uploads\/2023\/03\/3-4-300x300.jpg 300w, https:\/\/www.esplac.cat\/wp-content\/uploads\/2023\/03\/3-4-400x400.jpg 400w, https:\/\/www.esplac.cat\/wp-content\/uploads\/2023\/03\/3-4-600x600.jpg 600w, https:\/\/www.esplac.cat\/wp-content\/uploads\/2023\/03\/3-4-768x768.jpg 768w, https:\/\/www.esplac.cat\/wp-content\/uploads\/2023\/03\/3-4-800x800.jpg 800w, https:\/\/www.esplac.cat\/wp-content\/uploads\/2023\/03\/3-4-1024x1024.jpg 1024w, https:\/\/www.esplac.cat\/wp-content\/uploads\/2023\/03\/3-4.jpg 1080w\" sizes=\"(max-width: 600px) 100vw, 600px\" \/><\/a>\n\t\t\t<\/dt><\/dl><br style=\"clear: both\" \/>\n\t\t<\/div>\n\n","protected":false},"excerpt":{"rendered":"<p>El passat diumenge 19 de mar\u00e7, l\u2019Espai Jove \u2018La Cendra\u2019 [&hellip;]<\/p>\n","protected":false},"author":3,"featured_media":44415,"comment_status":"closed","ping_status":"closed","sticky":false,"template":"","format":"standard","meta":{"om_disable_all_campaigns":false,"_monsterinsights_skip_tracking":false,"_monsterinsights_sitenote_active":false,"_monsterinsights_sitenote_note":"","_monsterinsights_sitenote_category":0,"_uf_show_specific_survey":0,"_uf_disable_surveys":false,"footnotes":""},"categories":[1111,1162,1],"tags":[],"class_list":["post-44410","post","type-post","status-publish","format-standard","has-post-thumbnail","hentry","category-activitats-esplac","category-linies-pedagogiques","category-sense-categoria"],"yoast_head":"<!-- This site is optimized with the Yoast SEO plugin v27.5 - https:\/\/yoast.com\/product\/yoast-seo-wordpress\/ -->\n<title>Parlem de lideratges en els grups d\u2019infants al Vermut Pedag\u00f2gic<\/title>\n<meta name=\"description\" content=\"A la quarta edici\u00f3 dels Vermuts Pedag\u00f2gics hem parlat dels rols de lideratge en els grups d\u2019infants a l\u2019esplai.\" \/>\n<meta name=\"robots\" content=\"index, follow, max-snippet:-1, max-image-preview:large, max-video-preview:-1\" \/>\n<link rel=\"canonical\" href=\"https:\/\/www.esplac.cat\/lideratges-grups-infants-vermut-pedagogic\/\" \/>\n<meta property=\"og:locale\" content=\"en_US\" \/>\n<meta property=\"og:type\" content=\"article\" \/>\n<meta property=\"og:title\" content=\"Parlem de lideratges en els grups d\u2019infants al Vermut Pedag\u00f2gic\" \/>\n<meta property=\"og:description\" content=\"A la quarta edici\u00f3 dels Vermuts Pedag\u00f2gics hem parlat dels rols de lideratge en els grups d\u2019infants a l\u2019esplai.\" \/>\n<meta property=\"og:url\" content=\"https:\/\/www.esplac.cat\/lideratges-grups-infants-vermut-pedagogic\/\" \/>\n<meta property=\"og:site_name\" content=\"Esplac\" \/>\n<meta property=\"article:published_time\" content=\"2023-03-23T12:21:07+00:00\" \/>\n<meta property=\"og:image\" content=\"https:\/\/www.esplac.cat\/wp-content\/uploads\/2023\/03\/Portades-web-1-1.jpg\" \/>\n\t<meta property=\"og:image:width\" content=\"1694\" \/>\n\t<meta property=\"og:image:height\" content=\"700\" \/>\n\t<meta property=\"og:image:type\" content=\"image\/jpeg\" \/>\n<meta name=\"author\" content=\"Comunicaci\u00f3 Esplac\" \/>\n<meta name=\"twitter:card\" content=\"summary_large_image\" \/>\n<meta name=\"twitter:label1\" content=\"Written by\" \/>\n\t<meta name=\"twitter:data1\" content=\"Comunicaci\u00f3 Esplac\" \/>\n\t<meta name=\"twitter:label2\" content=\"Est. reading time\" \/>\n\t<meta name=\"twitter:data2\" content=\"3 minutes\" \/>\n<script type=\"application\/ld+json\" class=\"yoast-schema-graph\">{\"@context\":\"https:\\\/\\\/schema.org\",\"@graph\":[{\"@type\":\"Article\",\"@id\":\"https:\\\/\\\/www.esplac.cat\\\/lideratges-grups-infants-vermut-pedagogic\\\/#article\",\"isPartOf\":{\"@id\":\"https:\\\/\\\/www.esplac.cat\\\/lideratges-grups-infants-vermut-pedagogic\\\/\"},\"author\":{\"name\":\"Comunicaci\u00f3 Esplac\",\"@id\":\"https:\\\/\\\/www.esplac.cat\\\/#\\\/schema\\\/person\\\/908383cf240be18b68f8855d0583faca\"},\"headline\":\"Parlem de lideratges en els grups d\u2019infants: 4 conclusions del darrer Vermut Pedag\u00f2gic\",\"datePublished\":\"2023-03-23T12:21:07+00:00\",\"mainEntityOfPage\":{\"@id\":\"https:\\\/\\\/www.esplac.cat\\\/lideratges-grups-infants-vermut-pedagogic\\\/\"},\"wordCount\":437,\"publisher\":{\"@id\":\"https:\\\/\\\/www.esplac.cat\\\/#organization\"},\"image\":{\"@id\":\"https:\\\/\\\/www.esplac.cat\\\/lideratges-grups-infants-vermut-pedagogic\\\/#primaryimage\"},\"thumbnailUrl\":\"https:\\\/\\\/www.esplac.cat\\\/wp-content\\\/uploads\\\/2023\\\/03\\\/Portades-web-1-1.jpg\",\"articleSection\":[\"Activitats esplac\",\"L\u00ednies pedag\u00f2giques\",\"Sense categoria\"],\"inLanguage\":\"en-US\"},{\"@type\":\"WebPage\",\"@id\":\"https:\\\/\\\/www.esplac.cat\\\/lideratges-grups-infants-vermut-pedagogic\\\/\",\"url\":\"https:\\\/\\\/www.esplac.cat\\\/lideratges-grups-infants-vermut-pedagogic\\\/\",\"name\":\"Parlem de lideratges en els grups d\u2019infants al Vermut Pedag\u00f2gic\",\"isPartOf\":{\"@id\":\"https:\\\/\\\/www.esplac.cat\\\/#website\"},\"primaryImageOfPage\":{\"@id\":\"https:\\\/\\\/www.esplac.cat\\\/lideratges-grups-infants-vermut-pedagogic\\\/#primaryimage\"},\"image\":{\"@id\":\"https:\\\/\\\/www.esplac.cat\\\/lideratges-grups-infants-vermut-pedagogic\\\/#primaryimage\"},\"thumbnailUrl\":\"https:\\\/\\\/www.esplac.cat\\\/wp-content\\\/uploads\\\/2023\\\/03\\\/Portades-web-1-1.jpg\",\"datePublished\":\"2023-03-23T12:21:07+00:00\",\"description\":\"A la quarta edici\u00f3 dels Vermuts Pedag\u00f2gics hem parlat dels rols de lideratge en els grups d\u2019infants a l\u2019esplai.\",\"breadcrumb\":{\"@id\":\"https:\\\/\\\/www.esplac.cat\\\/lideratges-grups-infants-vermut-pedagogic\\\/#breadcrumb\"},\"inLanguage\":\"en-US\",\"potentialAction\":[{\"@type\":\"ReadAction\",\"target\":[\"https:\\\/\\\/www.esplac.cat\\\/lideratges-grups-infants-vermut-pedagogic\\\/\"]}]},{\"@type\":\"ImageObject\",\"inLanguage\":\"en-US\",\"@id\":\"https:\\\/\\\/www.esplac.cat\\\/lideratges-grups-infants-vermut-pedagogic\\\/#primaryimage\",\"url\":\"https:\\\/\\\/www.esplac.cat\\\/wp-content\\\/uploads\\\/2023\\\/03\\\/Portades-web-1-1.jpg\",\"contentUrl\":\"https:\\\/\\\/www.esplac.cat\\\/wp-content\\\/uploads\\\/2023\\\/03\\\/Portades-web-1-1.jpg\",\"width\":1694,\"height\":700,\"caption\":\"Vermut Pedag\u00f2gic\"},{\"@type\":\"BreadcrumbList\",\"@id\":\"https:\\\/\\\/www.esplac.cat\\\/lideratges-grups-infants-vermut-pedagogic\\\/#breadcrumb\",\"itemListElement\":[{\"@type\":\"ListItem\",\"position\":1,\"name\":\"Inici\",\"item\":\"https:\\\/\\\/www.esplac.cat\\\/en\\\/\"},{\"@type\":\"ListItem\",\"position\":2,\"name\":\"Parlem de lideratges en els grups d\u2019infants: 4 conclusions del darrer Vermut Pedag\u00f2gic\"}]},{\"@type\":\"WebSite\",\"@id\":\"https:\\\/\\\/www.esplac.cat\\\/#website\",\"url\":\"https:\\\/\\\/www.esplac.cat\\\/\",\"name\":\"Esplac\",\"description\":\"Esplais Catalans\",\"publisher\":{\"@id\":\"https:\\\/\\\/www.esplac.cat\\\/#organization\"},\"potentialAction\":[{\"@type\":\"SearchAction\",\"target\":{\"@type\":\"EntryPoint\",\"urlTemplate\":\"https:\\\/\\\/www.esplac.cat\\\/?s={search_term_string}\"},\"query-input\":{\"@type\":\"PropertyValueSpecification\",\"valueRequired\":true,\"valueName\":\"search_term_string\"}}],\"inLanguage\":\"en-US\"},{\"@type\":\"Organization\",\"@id\":\"https:\\\/\\\/www.esplac.cat\\\/#organization\",\"name\":\"Esplac\",\"url\":\"https:\\\/\\\/www.esplac.cat\\\/\",\"logo\":{\"@type\":\"ImageObject\",\"inLanguage\":\"en-US\",\"@id\":\"https:\\\/\\\/www.esplac.cat\\\/#\\\/schema\\\/logo\\\/image\\\/\",\"url\":\"https:\\\/\\\/www.esplac.cat\\\/wp-content\\\/uploads\\\/2019\\\/08\\\/logox2.png\",\"contentUrl\":\"https:\\\/\\\/www.esplac.cat\\\/wp-content\\\/uploads\\\/2019\\\/08\\\/logox2.png\",\"width\":600,\"height\":295,\"caption\":\"Esplac\"},\"image\":{\"@id\":\"https:\\\/\\\/www.esplac.cat\\\/#\\\/schema\\\/logo\\\/image\\\/\"}},{\"@type\":\"Person\",\"@id\":\"https:\\\/\\\/www.esplac.cat\\\/#\\\/schema\\\/person\\\/908383cf240be18b68f8855d0583faca\",\"name\":\"Comunicaci\u00f3 Esplac\",\"image\":{\"@type\":\"ImageObject\",\"inLanguage\":\"en-US\",\"@id\":\"https:\\\/\\\/secure.gravatar.com\\\/avatar\\\/7a4cf8feb412a76ea4a740ca02d95b06b2907b5a6c648c2dd0a1082a093c3141?s=96&d=mm&r=g\",\"url\":\"https:\\\/\\\/secure.gravatar.com\\\/avatar\\\/7a4cf8feb412a76ea4a740ca02d95b06b2907b5a6c648c2dd0a1082a093c3141?s=96&d=mm&r=g\",\"contentUrl\":\"https:\\\/\\\/secure.gravatar.com\\\/avatar\\\/7a4cf8feb412a76ea4a740ca02d95b06b2907b5a6c648c2dd0a1082a093c3141?s=96&d=mm&r=g\",\"caption\":\"Comunicaci\u00f3 Esplac\"}}]}<\/script>\n<!-- \/ Yoast SEO plugin. -->","yoast_head_json":{"title":"Parlem de lideratges en els grups d\u2019infants al Vermut Pedag\u00f2gic","description":"A la quarta edici\u00f3 dels Vermuts Pedag\u00f2gics hem parlat dels rols de lideratge en els grups d\u2019infants a l\u2019esplai.","robots":{"index":"index","follow":"follow","max-snippet":"max-snippet:-1","max-image-preview":"max-image-preview:large","max-video-preview":"max-video-preview:-1"},"canonical":"https:\/\/www.esplac.cat\/lideratges-grups-infants-vermut-pedagogic\/","og_locale":"en_US","og_type":"article","og_title":"Parlem de lideratges en els grups d\u2019infants al Vermut Pedag\u00f2gic","og_description":"A la quarta edici\u00f3 dels Vermuts Pedag\u00f2gics hem parlat dels rols de lideratge en els grups d\u2019infants a l\u2019esplai.","og_url":"https:\/\/www.esplac.cat\/lideratges-grups-infants-vermut-pedagogic\/","og_site_name":"Esplac","article_published_time":"2023-03-23T12:21:07+00:00","og_image":[{"width":1694,"height":700,"url":"https:\/\/www.esplac.cat\/wp-content\/uploads\/2023\/03\/Portades-web-1-1.jpg","type":"image\/jpeg"}],"author":"Comunicaci\u00f3 Esplac","twitter_card":"summary_large_image","twitter_misc":{"Written by":"Comunicaci\u00f3 Esplac","Est. reading time":"3 minutes"},"schema":{"@context":"https:\/\/schema.org","@graph":[{"@type":"Article","@id":"https:\/\/www.esplac.cat\/lideratges-grups-infants-vermut-pedagogic\/#article","isPartOf":{"@id":"https:\/\/www.esplac.cat\/lideratges-grups-infants-vermut-pedagogic\/"},"author":{"name":"Comunicaci\u00f3 Esplac","@id":"https:\/\/www.esplac.cat\/#\/schema\/person\/908383cf240be18b68f8855d0583faca"},"headline":"Parlem de lideratges en els grups d\u2019infants: 4 conclusions del darrer Vermut Pedag\u00f2gic","datePublished":"2023-03-23T12:21:07+00:00","mainEntityOfPage":{"@id":"https:\/\/www.esplac.cat\/lideratges-grups-infants-vermut-pedagogic\/"},"wordCount":437,"publisher":{"@id":"https:\/\/www.esplac.cat\/#organization"},"image":{"@id":"https:\/\/www.esplac.cat\/lideratges-grups-infants-vermut-pedagogic\/#primaryimage"},"thumbnailUrl":"https:\/\/www.esplac.cat\/wp-content\/uploads\/2023\/03\/Portades-web-1-1.jpg","articleSection":["Activitats esplac","L\u00ednies pedag\u00f2giques","Sense categoria"],"inLanguage":"en-US"},{"@type":"WebPage","@id":"https:\/\/www.esplac.cat\/lideratges-grups-infants-vermut-pedagogic\/","url":"https:\/\/www.esplac.cat\/lideratges-grups-infants-vermut-pedagogic\/","name":"Parlem de lideratges en els grups d\u2019infants al Vermut Pedag\u00f2gic","isPartOf":{"@id":"https:\/\/www.esplac.cat\/#website"},"primaryImageOfPage":{"@id":"https:\/\/www.esplac.cat\/lideratges-grups-infants-vermut-pedagogic\/#primaryimage"},"image":{"@id":"https:\/\/www.esplac.cat\/lideratges-grups-infants-vermut-pedagogic\/#primaryimage"},"thumbnailUrl":"https:\/\/www.esplac.cat\/wp-content\/uploads\/2023\/03\/Portades-web-1-1.jpg","datePublished":"2023-03-23T12:21:07+00:00","description":"A la quarta edici\u00f3 dels Vermuts Pedag\u00f2gics hem parlat dels rols de lideratge en els grups d\u2019infants a l\u2019esplai.","breadcrumb":{"@id":"https:\/\/www.esplac.cat\/lideratges-grups-infants-vermut-pedagogic\/#breadcrumb"},"inLanguage":"en-US","potentialAction":[{"@type":"ReadAction","target":["https:\/\/www.esplac.cat\/lideratges-grups-infants-vermut-pedagogic\/"]}]},{"@type":"ImageObject","inLanguage":"en-US","@id":"https:\/\/www.esplac.cat\/lideratges-grups-infants-vermut-pedagogic\/#primaryimage","url":"https:\/\/www.esplac.cat\/wp-content\/uploads\/2023\/03\/Portades-web-1-1.jpg","contentUrl":"https:\/\/www.esplac.cat\/wp-content\/uploads\/2023\/03\/Portades-web-1-1.jpg","width":1694,"height":700,"caption":"Vermut Pedag\u00f2gic"},{"@type":"BreadcrumbList","@id":"https:\/\/www.esplac.cat\/lideratges-grups-infants-vermut-pedagogic\/#breadcrumb","itemListElement":[{"@type":"ListItem","position":1,"name":"Inici","item":"https:\/\/www.esplac.cat\/en\/"},{"@type":"ListItem","position":2,"name":"Parlem de lideratges en els grups d\u2019infants: 4 conclusions del darrer Vermut Pedag\u00f2gic"}]},{"@type":"WebSite","@id":"https:\/\/www.esplac.cat\/#website","url":"https:\/\/www.esplac.cat\/","name":"Esplac","description":"Esplais Catalans","publisher":{"@id":"https:\/\/www.esplac.cat\/#organization"},"potentialAction":[{"@type":"SearchAction","target":{"@type":"EntryPoint","urlTemplate":"https:\/\/www.esplac.cat\/?s={search_term_string}"},"query-input":{"@type":"PropertyValueSpecification","valueRequired":true,"valueName":"search_term_string"}}],"inLanguage":"en-US"},{"@type":"Organization","@id":"https:\/\/www.esplac.cat\/#organization","name":"Esplac","url":"https:\/\/www.esplac.cat\/","logo":{"@type":"ImageObject","inLanguage":"en-US","@id":"https:\/\/www.esplac.cat\/#\/schema\/logo\/image\/","url":"https:\/\/www.esplac.cat\/wp-content\/uploads\/2019\/08\/logox2.png","contentUrl":"https:\/\/www.esplac.cat\/wp-content\/uploads\/2019\/08\/logox2.png","width":600,"height":295,"caption":"Esplac"},"image":{"@id":"https:\/\/www.esplac.cat\/#\/schema\/logo\/image\/"}},{"@type":"Person","@id":"https:\/\/www.esplac.cat\/#\/schema\/person\/908383cf240be18b68f8855d0583faca","name":"Comunicaci\u00f3 Esplac","image":{"@type":"ImageObject","inLanguage":"en-US","@id":"https:\/\/secure.gravatar.com\/avatar\/7a4cf8feb412a76ea4a740ca02d95b06b2907b5a6c648c2dd0a1082a093c3141?s=96&d=mm&r=g","url":"https:\/\/secure.gravatar.com\/avatar\/7a4cf8feb412a76ea4a740ca02d95b06b2907b5a6c648c2dd0a1082a093c3141?s=96&d=mm&r=g","contentUrl":"https:\/\/secure.gravatar.com\/avatar\/7a4cf8feb412a76ea4a740ca02d95b06b2907b5a6c648c2dd0a1082a093c3141?s=96&d=mm&r=g","caption":"Comunicaci\u00f3 Esplac"}}]}},"_links":{"self":[{"href":"https:\/\/www.esplac.cat\/en\/wp-json\/wp\/v2\/posts\/44410","targetHints":{"allow":["GET"]}}],"collection":[{"href":"https:\/\/www.esplac.cat\/en\/wp-json\/wp\/v2\/posts"}],"about":[{"href":"https:\/\/www.esplac.cat\/en\/wp-json\/wp\/v2\/types\/post"}],"author":[{"embeddable":true,"href":"https:\/\/www.esplac.cat\/en\/wp-json\/wp\/v2\/users\/3"}],"replies":[{"embeddable":true,"href":"https:\/\/www.esplac.cat\/en\/wp-json\/wp\/v2\/comments?post=44410"}],"version-history":[{"count":0,"href":"https:\/\/www.esplac.cat\/en\/wp-json\/wp\/v2\/posts\/44410\/revisions"}],"wp:featuredmedia":[{"embeddable":true,"href":"https:\/\/www.esplac.cat\/en\/wp-json\/wp\/v2\/media\/44415"}],"wp:attachment":[{"href":"https:\/\/www.esplac.cat\/en\/wp-json\/wp\/v2\/media?parent=44410"}],"wp:term":[{"taxonomy":"category","embeddable":true,"href":"https:\/\/www.esplac.cat\/en\/wp-json\/wp\/v2\/categories?post=44410"},{"taxonomy":"post_tag","embeddable":true,"href":"https:\/\/www.esplac.cat\/en\/wp-json\/wp\/v2\/tags?post=44410"}],"curies":[{"name":"wp","href":"https:\/\/api.w.org\/{rel}","templated":true}]}}