{"id":44446,"date":"2023-03-27T10:40:36","date_gmt":"2023-03-27T08:40:36","guid":{"rendered":"https:\/\/www.esplac.cat\/?p=44446"},"modified":"2023-03-28T16:33:23","modified_gmt":"2023-03-28T14:33:23","slug":"preparacio-monifestat-centre-tancada-gran-comite-marc","status":"publish","type":"post","link":"https:\/\/www.esplac.cat\/en\/preparacio-monifestat-centre-tancada-gran-comite-marc\/","title":{"rendered":"La preparaci\u00f3 de la Monifesta&#8217;t, al centre de la tancada del Gran Comit\u00e8 de mar\u00e7"},"content":{"rendered":"<h6><strong>El cap de setmana del 25 i 26 de mar\u00e7, dirigents d\u2019Esplais Catalans s\u2019han trobat a Centelles per continuar organitzant la Monifesta&#8217;t, planificar el calendari del curs 2023-24, debatre sobre la revisi\u00f3 dels estatuts de l&#8217;entitat i fer una formaci\u00f3 sobre rols de poder.<\/strong><\/h6>\n<p>Cada cop queda menys per la <strong><a href=\"https:\/\/www.esplac.cat\/trobades\/monifestat\/\" target=\"_blank\" rel=\"noopener\"><span style=\"color: #f69d0b;\">Monifesta&#8217;t<\/span><\/a><\/strong>, la trobada general de monitores i monitors d\u2019Esplac que t\u00e9 lloc cada tres anys i que enguany se celbrar\u00e0 a Centelles del 19 al 21 de maig. Precisament per aix\u00f2, la trobada del Gran Comit\u00e8 de mar\u00e7 s&#8217;ha celebrat en aquesta localitat, aprofitant el dissabte al mat\u00ed per a fer la primera reuni\u00f3 de l\u2019<span style=\"color: #f69d0b;\"><strong><a style=\"color: #f69d0b;\" href=\"https:\/\/www.esplac.cat\/obrim-inscripcions-formar-part-equip-organitzacio-monifestat-2023\/\" target=\"_blank\" rel=\"noopener\">Equip d\u2019Organitzaci\u00f3 <\/a><\/strong><\/span>de la Monifesta\u2019t 2023. Aquesta reuni\u00f3 ha servit per con\u00e8ixer els espais on se celebrar\u00e0 l&#8217;esdeveniment, explicar l&#8217;organitzaci\u00f3 de l&#8217;acte i definir les tasques de dinamitzaci\u00f3 i log\u00edstica que caldr\u00e0 dur a terme. Si teniu inter\u00e8s a formar part de l&#8217;equip d&#8217;organitzaci\u00f3, no patiu; encara sou a temps! Recordeu que hi podeu participar tant si sou familiars d\u2019un infant, exmonis, exdirigents, s\u00f2cies, dirigents o monis.<\/p>\n<p>Despr\u00e9s d&#8217;aquesta reuni\u00f3, ha arribat el moment de comen\u00e7ar la Tancada del Gran Comit\u00e8, que tamb\u00e9 s&#8217;ha celebrat a Centelles. En aquesta tancada hi participen membres de l\u2019<strong>Equip de Coordinaci\u00f3<\/strong>, els\u00a0<strong>Equips Generals<\/strong>\u00a0<strong>dels diferents sectors geogr\u00e0fics<\/strong>, les\u00a0<strong>Representants de les Comissions<\/strong>\u00a0i la\u00a0<strong>Coordinaci\u00f3 T\u00e8cnica<\/strong>(*). Com no podia ser d&#8217;una altra manera, les dirigents han arrencat la tarda del dissabte parlant de la Monifesta\u2019t. L&#8217;objectiu ha estat definir quins dels debats que han proposat els esplais poden ser interessants a tractar durant l\u2019esdeveniment.<\/p>\n<p>En aquesta trobada tamb\u00e9 s&#8217;ha aprofitat per tancar el <span style=\"color: #f69d0b;\"><strong><a style=\"color: #f69d0b;\" href=\"https:\/\/www.esplac.cat\/calendari\/\" target=\"_blank\" rel=\"noopener\">calendari<\/a><\/strong><\/span> del curs 2023-24. En molt breus podreu saber totes les activitats que far\u00e0 Esplac! Per altra banda, el dia no podia acabar sense un <strong>espai formatiu<\/strong>; en aquest cas sobre rols de poder. Aquest espai ha servit perqu\u00e8 les persones dirigents puguin reflexionar sobre el rol que ocupen i debatre sobre quines pr\u00e0ctiques cal millorar o continuar treballant.<\/p>\n<p>Durant el mat\u00ed de diumenge s&#8217;ha parlat sobre el proc\u00e9s participatiu de <strong>revisi\u00f3 dels estatuts d&#8217;Esplac<\/strong>. S&#8217;han definit quins debats tindran lloc els propers mesos, amb l&#8217;objectiu de fer uns estatuts de l\u2019entitat m\u00e9s participatius i col\u00b7laboratius. Finalment, el cap de setmana ha tancat amb la posada en com\u00fa del desenvolupament, la log\u00edstica i l&#8217;organitzaci\u00f3 dels <strong>sectors geogr\u00e0fics<\/strong>, i amb un debat per establir criteris i objectius que permetin definir el <strong>paper de les Representants de les Comissions<\/strong> en l\u2019atenci\u00f3 personalitzada als esplais.<\/p>\n<p><strong><em>*Qui \u00e9s qui al Gran Comit\u00e8?<\/em><\/strong><\/p>\n<ul>\n<li><strong>L\u2019Equip de Coordinaci\u00f3 (Equico)<\/strong>\u00a0s\u00f3n les persones volunt\u00e0ries que lideren l\u2019associaci\u00f3 i que s\u00f3n escollides a l\u2019Assemblea General Ordin\u00e0ria per un mandat de 2 anys.<\/li>\n<li><strong>Els Equips Generals dels Sectors (EGS)<\/strong>\u00a0s\u00f3n les persones que coordinen l\u2019acci\u00f3 dels sectors geogr\u00e0fics amb unes funcions semblants a l\u2019Equip de Coordinaci\u00f3 per\u00f2 en l\u2019\u00e0mbit del Sector Geogr\u00e0fic.<\/li>\n<li><strong>Les Representants de les Comissions (RdC)<\/strong>\u00a0s\u00f3n les persones que representen cada comissi\u00f3 i que aporten una visi\u00f3 especialitzada i transversal en les decisions que es prenen a l\u2019entitat.<\/li>\n<li><strong>La Coordinaci\u00f3 T\u00e8cnica (CT)<\/strong>\u00a0s\u00f3n la representaci\u00f3 de les treballadores que realitzen la tasca quotidiana d\u2019Esplais Catalans.<\/li>\n<\/ul>\n\n\t\t<style type=\"text\/css\">\n\t\t\t#gallery-1 {\n\t\t\t\tmargin: auto;\n\t\t\t}\n\t\t\t#gallery-1 .gallery-item {\n\t\t\t\tfloat: left;\n\t\t\t\tmargin-top: 10px;\n\t\t\t\ttext-align: center;\n\t\t\t\twidth: 25%;\n\t\t\t}\n\t\t\t#gallery-1 img {\n\t\t\t\tborder: 2px solid #cfcfcf;\n\t\t\t}\n\t\t\t#gallery-1 .gallery-caption {\n\t\t\t\tmargin-left: 0;\n\t\t\t}\n\t\t\t\/* see gallery_shortcode() in wp-includes\/media.php *\/\n\t\t<\/style>\n\t\t<div id='gallery-1' class='gallery galleryid-44446 gallery-columns-4 gallery-size-fusion-400'><dl class='gallery-item'>\n\t\t\t<dt class='gallery-icon landscape'>\n\t\t\t\t<a data-rel=\"iLightbox[postimages]\" data-title=\"1\" data-caption=\"\" href='https:\/\/www.esplac.cat\/en\/1-34-2\/'><img decoding=\"async\" width=\"400\" height=\"400\" src=\"https:\/\/www.esplac.cat\/wp-content\/uploads\/2023\/03\/1-5-400x400.jpg\" class=\"attachment-fusion-400 size-fusion-400\" alt=\"Gran Comit\u00e8 Mar\u00e7 Monifesta&#039;t\" srcset=\"https:\/\/www.esplac.cat\/wp-content\/uploads\/2023\/03\/1-5-66x66.jpg 66w, https:\/\/www.esplac.cat\/wp-content\/uploads\/2023\/03\/1-5-150x150.jpg 150w, https:\/\/www.esplac.cat\/wp-content\/uploads\/2023\/03\/1-5-200x200.jpg 200w, https:\/\/www.esplac.cat\/wp-content\/uploads\/2023\/03\/1-5-300x300.jpg 300w, https:\/\/www.esplac.cat\/wp-content\/uploads\/2023\/03\/1-5-400x400.jpg 400w, https:\/\/www.esplac.cat\/wp-content\/uploads\/2023\/03\/1-5-600x600.jpg 600w, https:\/\/www.esplac.cat\/wp-content\/uploads\/2023\/03\/1-5-768x768.jpg 768w, https:\/\/www.esplac.cat\/wp-content\/uploads\/2023\/03\/1-5-800x800.jpg 800w, https:\/\/www.esplac.cat\/wp-content\/uploads\/2023\/03\/1-5-1024x1024.jpg 1024w, https:\/\/www.esplac.cat\/wp-content\/uploads\/2023\/03\/1-5.jpg 1080w\" sizes=\"(max-width: 400px) 100vw, 400px\" \/><\/a>\n\t\t\t<\/dt><\/dl><dl class='gallery-item'>\n\t\t\t<dt class='gallery-icon landscape'>\n\t\t\t\t<a data-rel=\"iLightbox[postimages]\" data-title=\"3\" data-caption=\"\" href='https:\/\/www.esplac.cat\/en\/3-25-2\/'><img decoding=\"async\" width=\"400\" height=\"400\" src=\"https:\/\/www.esplac.cat\/wp-content\/uploads\/2023\/03\/3-5-400x400.jpg\" class=\"attachment-fusion-400 size-fusion-400\" alt=\"Gran Comit\u00e8 Mar\u00e7 Monifesta&#039;t\" srcset=\"https:\/\/www.esplac.cat\/wp-content\/uploads\/2023\/03\/3-5-66x66.jpg 66w, https:\/\/www.esplac.cat\/wp-content\/uploads\/2023\/03\/3-5-150x150.jpg 150w, https:\/\/www.esplac.cat\/wp-content\/uploads\/2023\/03\/3-5-200x200.jpg 200w, https:\/\/www.esplac.cat\/wp-content\/uploads\/2023\/03\/3-5-300x300.jpg 300w, https:\/\/www.esplac.cat\/wp-content\/uploads\/2023\/03\/3-5-400x400.jpg 400w, https:\/\/www.esplac.cat\/wp-content\/uploads\/2023\/03\/3-5-600x600.jpg 600w, https:\/\/www.esplac.cat\/wp-content\/uploads\/2023\/03\/3-5-768x768.jpg 768w, https:\/\/www.esplac.cat\/wp-content\/uploads\/2023\/03\/3-5-800x800.jpg 800w, https:\/\/www.esplac.cat\/wp-content\/uploads\/2023\/03\/3-5-1024x1024.jpg 1024w, https:\/\/www.esplac.cat\/wp-content\/uploads\/2023\/03\/3-5.jpg 1080w\" sizes=\"(max-width: 400px) 100vw, 400px\" \/><\/a>\n\t\t\t<\/dt><\/dl><dl class='gallery-item'>\n\t\t\t<dt class='gallery-icon landscape'>\n\t\t\t\t<a data-rel=\"iLightbox[postimages]\" data-title=\"2\" data-caption=\"\" href='https:\/\/www.esplac.cat\/en\/2-47-2\/'><img decoding=\"async\" width=\"400\" height=\"400\" src=\"https:\/\/www.esplac.cat\/wp-content\/uploads\/2023\/03\/2-6-400x400.jpg\" class=\"attachment-fusion-400 size-fusion-400\" alt=\"Gran Comit\u00e8 Mar\u00e7 Monifesta&#039;t\" srcset=\"https:\/\/www.esplac.cat\/wp-content\/uploads\/2023\/03\/2-6-66x66.jpg 66w, https:\/\/www.esplac.cat\/wp-content\/uploads\/2023\/03\/2-6-150x150.jpg 150w, https:\/\/www.esplac.cat\/wp-content\/uploads\/2023\/03\/2-6-200x200.jpg 200w, https:\/\/www.esplac.cat\/wp-content\/uploads\/2023\/03\/2-6-300x300.jpg 300w, https:\/\/www.esplac.cat\/wp-content\/uploads\/2023\/03\/2-6-400x400.jpg 400w, https:\/\/www.esplac.cat\/wp-content\/uploads\/2023\/03\/2-6-600x600.jpg 600w, https:\/\/www.esplac.cat\/wp-content\/uploads\/2023\/03\/2-6-768x768.jpg 768w, https:\/\/www.esplac.cat\/wp-content\/uploads\/2023\/03\/2-6-800x800.jpg 800w, https:\/\/www.esplac.cat\/wp-content\/uploads\/2023\/03\/2-6-1024x1024.jpg 1024w, https:\/\/www.esplac.cat\/wp-content\/uploads\/2023\/03\/2-6.jpg 1080w\" sizes=\"(max-width: 400px) 100vw, 400px\" \/><\/a>\n\t\t\t<\/dt><\/dl><dl class='gallery-item'>\n\t\t\t<dt class='gallery-icon landscape'>\n\t\t\t\t<a data-rel=\"iLightbox[postimages]\" data-title=\"4\" data-caption=\"\" href='https:\/\/www.esplac.cat\/en\/4-14-2\/'><img decoding=\"async\" width=\"400\" height=\"400\" src=\"https:\/\/www.esplac.cat\/wp-content\/uploads\/2023\/03\/4-400x400.jpg\" class=\"attachment-fusion-400 size-fusion-400\" alt=\"Gran Comit\u00e8 Mar\u00e7 Monifesta&#039;t\" srcset=\"https:\/\/www.esplac.cat\/wp-content\/uploads\/2023\/03\/4-66x66.jpg 66w, https:\/\/www.esplac.cat\/wp-content\/uploads\/2023\/03\/4-150x150.jpg 150w, https:\/\/www.esplac.cat\/wp-content\/uploads\/2023\/03\/4-200x200.jpg 200w, https:\/\/www.esplac.cat\/wp-content\/uploads\/2023\/03\/4-300x300.jpg 300w, https:\/\/www.esplac.cat\/wp-content\/uploads\/2023\/03\/4-400x400.jpg 400w, https:\/\/www.esplac.cat\/wp-content\/uploads\/2023\/03\/4-600x600.jpg 600w, https:\/\/www.esplac.cat\/wp-content\/uploads\/2023\/03\/4-768x768.jpg 768w, https:\/\/www.esplac.cat\/wp-content\/uploads\/2023\/03\/4-800x800.jpg 800w, https:\/\/www.esplac.cat\/wp-content\/uploads\/2023\/03\/4-1024x1024.jpg 1024w, https:\/\/www.esplac.cat\/wp-content\/uploads\/2023\/03\/4.jpg 1080w\" sizes=\"(max-width: 400px) 100vw, 400px\" \/><\/a>\n\t\t\t<\/dt><\/dl><br style=\"clear: both\" \/>\n\t\t<\/div>\n\n","protected":false},"excerpt":{"rendered":"<p>El cap de setmana del 25 i 26 de mar\u00e7, [&hellip;]<\/p>\n","protected":false},"author":3,"featured_media":44456,"comment_status":"closed","ping_status":"closed","sticky":false,"template":"","format":"standard","meta":{"om_disable_all_campaigns":false,"_monsterinsights_skip_tracking":false,"_monsterinsights_sitenote_active":false,"_monsterinsights_sitenote_note":"","_monsterinsights_sitenote_category":0,"_uf_show_specific_survey":0,"_uf_disable_surveys":false,"footnotes":""},"categories":[1111,1247,1],"tags":[],"class_list":["post-44446","post","type-post","status-publish","format-standard","has-post-thumbnail","hentry","category-activitats-esplac","category-gran-comite","category-sense-categoria"],"yoast_head":"<!-- This site is optimized with the Yoast SEO plugin v27.4 - https:\/\/yoast.com\/product\/yoast-seo-wordpress\/ -->\n<title>La Monifesta&#039;t, al centre de la tancada del Gran Comit\u00e8 de mar\u00e7<\/title>\n<meta name=\"description\" content=\"Dirigents d\u2019Esplac s&#039;han reunit per organitzar la Monifesta&#039;t, planificar el calendari del curs 2023-24, fer formaci\u00f3 i molt m\u00e9s!\" \/>\n<meta name=\"robots\" content=\"index, follow, max-snippet:-1, max-image-preview:large, max-video-preview:-1\" \/>\n<link rel=\"canonical\" href=\"https:\/\/www.esplac.cat\/preparacio-monifestat-centre-tancada-gran-comite-marc\/\" \/>\n<meta property=\"og:locale\" content=\"en_US\" \/>\n<meta property=\"og:type\" content=\"article\" \/>\n<meta property=\"og:title\" content=\"La Monifesta&#039;t, al centre de la tancada del Gran Comit\u00e8 de mar\u00e7\" \/>\n<meta property=\"og:description\" content=\"Dirigents d\u2019Esplac s&#039;han reunit per organitzar la Monifesta&#039;t, planificar el calendari del curs 2023-24, fer formaci\u00f3 i molt m\u00e9s!\" \/>\n<meta property=\"og:url\" content=\"https:\/\/www.esplac.cat\/preparacio-monifestat-centre-tancada-gran-comite-marc\/\" \/>\n<meta property=\"og:site_name\" content=\"Esplac\" \/>\n<meta property=\"article:published_time\" content=\"2023-03-27T08:40:36+00:00\" \/>\n<meta property=\"article:modified_time\" content=\"2023-03-28T14:33:23+00:00\" \/>\n<meta property=\"og:image\" content=\"https:\/\/www.esplac.cat\/wp-content\/uploads\/2023\/03\/Portades-Web-13.jpg\" \/>\n\t<meta property=\"og:image:width\" content=\"1697\" \/>\n\t<meta property=\"og:image:height\" content=\"700\" \/>\n\t<meta property=\"og:image:type\" content=\"image\/jpeg\" \/>\n<meta name=\"author\" content=\"Comunicaci\u00f3 Esplac\" \/>\n<meta name=\"twitter:card\" content=\"summary_large_image\" \/>\n<meta name=\"twitter:label1\" content=\"Written by\" \/>\n\t<meta name=\"twitter:data1\" content=\"Comunicaci\u00f3 Esplac\" \/>\n\t<meta name=\"twitter:label2\" content=\"Est. reading time\" \/>\n\t<meta name=\"twitter:data2\" content=\"3 minutes\" \/>\n<script type=\"application\/ld+json\" class=\"yoast-schema-graph\">{\"@context\":\"https:\\\/\\\/schema.org\",\"@graph\":[{\"@type\":\"Article\",\"@id\":\"https:\\\/\\\/www.esplac.cat\\\/preparacio-monifestat-centre-tancada-gran-comite-marc\\\/#article\",\"isPartOf\":{\"@id\":\"https:\\\/\\\/www.esplac.cat\\\/preparacio-monifestat-centre-tancada-gran-comite-marc\\\/\"},\"author\":{\"name\":\"Comunicaci\u00f3 Esplac\",\"@id\":\"https:\\\/\\\/www.esplac.cat\\\/#\\\/schema\\\/person\\\/908383cf240be18b68f8855d0583faca\"},\"headline\":\"La preparaci\u00f3 de la Monifesta&#8217;t, al centre de la tancada del Gran Comit\u00e8 de mar\u00e7\",\"datePublished\":\"2023-03-27T08:40:36+00:00\",\"dateModified\":\"2023-03-28T14:33:23+00:00\",\"mainEntityOfPage\":{\"@id\":\"https:\\\/\\\/www.esplac.cat\\\/preparacio-monifestat-centre-tancada-gran-comite-marc\\\/\"},\"wordCount\":591,\"publisher\":{\"@id\":\"https:\\\/\\\/www.esplac.cat\\\/#organization\"},\"image\":{\"@id\":\"https:\\\/\\\/www.esplac.cat\\\/preparacio-monifestat-centre-tancada-gran-comite-marc\\\/#primaryimage\"},\"thumbnailUrl\":\"https:\\\/\\\/www.esplac.cat\\\/wp-content\\\/uploads\\\/2023\\\/03\\\/Portades-Web-13.jpg\",\"articleSection\":[\"Activitats esplac\",\"Gran Comit\u00e8\",\"Sense categoria\"],\"inLanguage\":\"en-US\"},{\"@type\":\"WebPage\",\"@id\":\"https:\\\/\\\/www.esplac.cat\\\/preparacio-monifestat-centre-tancada-gran-comite-marc\\\/\",\"url\":\"https:\\\/\\\/www.esplac.cat\\\/preparacio-monifestat-centre-tancada-gran-comite-marc\\\/\",\"name\":\"La Monifesta't, al centre de la tancada del Gran Comit\u00e8 de mar\u00e7\",\"isPartOf\":{\"@id\":\"https:\\\/\\\/www.esplac.cat\\\/#website\"},\"primaryImageOfPage\":{\"@id\":\"https:\\\/\\\/www.esplac.cat\\\/preparacio-monifestat-centre-tancada-gran-comite-marc\\\/#primaryimage\"},\"image\":{\"@id\":\"https:\\\/\\\/www.esplac.cat\\\/preparacio-monifestat-centre-tancada-gran-comite-marc\\\/#primaryimage\"},\"thumbnailUrl\":\"https:\\\/\\\/www.esplac.cat\\\/wp-content\\\/uploads\\\/2023\\\/03\\\/Portades-Web-13.jpg\",\"datePublished\":\"2023-03-27T08:40:36+00:00\",\"dateModified\":\"2023-03-28T14:33:23+00:00\",\"description\":\"Dirigents d\u2019Esplac s'han reunit per organitzar la Monifesta't, planificar el calendari del curs 2023-24, fer formaci\u00f3 i molt m\u00e9s!\",\"breadcrumb\":{\"@id\":\"https:\\\/\\\/www.esplac.cat\\\/preparacio-monifestat-centre-tancada-gran-comite-marc\\\/#breadcrumb\"},\"inLanguage\":\"en-US\",\"potentialAction\":[{\"@type\":\"ReadAction\",\"target\":[\"https:\\\/\\\/www.esplac.cat\\\/preparacio-monifestat-centre-tancada-gran-comite-marc\\\/\"]}]},{\"@type\":\"ImageObject\",\"inLanguage\":\"en-US\",\"@id\":\"https:\\\/\\\/www.esplac.cat\\\/preparacio-monifestat-centre-tancada-gran-comite-marc\\\/#primaryimage\",\"url\":\"https:\\\/\\\/www.esplac.cat\\\/wp-content\\\/uploads\\\/2023\\\/03\\\/Portades-Web-13.jpg\",\"contentUrl\":\"https:\\\/\\\/www.esplac.cat\\\/wp-content\\\/uploads\\\/2023\\\/03\\\/Portades-Web-13.jpg\",\"width\":1697,\"height\":700,\"caption\":\"Gran Comit\u00e8 Mar\u00e7 Monifesta't\"},{\"@type\":\"BreadcrumbList\",\"@id\":\"https:\\\/\\\/www.esplac.cat\\\/preparacio-monifestat-centre-tancada-gran-comite-marc\\\/#breadcrumb\",\"itemListElement\":[{\"@type\":\"ListItem\",\"position\":1,\"name\":\"Inici\",\"item\":\"https:\\\/\\\/www.esplac.cat\\\/en\\\/\"},{\"@type\":\"ListItem\",\"position\":2,\"name\":\"La preparaci\u00f3 de la Monifesta&#8217;t, al centre de la tancada del Gran Comit\u00e8 de mar\u00e7\"}]},{\"@type\":\"WebSite\",\"@id\":\"https:\\\/\\\/www.esplac.cat\\\/#website\",\"url\":\"https:\\\/\\\/www.esplac.cat\\\/\",\"name\":\"Esplac\",\"description\":\"Esplais Catalans\",\"publisher\":{\"@id\":\"https:\\\/\\\/www.esplac.cat\\\/#organization\"},\"potentialAction\":[{\"@type\":\"SearchAction\",\"target\":{\"@type\":\"EntryPoint\",\"urlTemplate\":\"https:\\\/\\\/www.esplac.cat\\\/?s={search_term_string}\"},\"query-input\":{\"@type\":\"PropertyValueSpecification\",\"valueRequired\":true,\"valueName\":\"search_term_string\"}}],\"inLanguage\":\"en-US\"},{\"@type\":\"Organization\",\"@id\":\"https:\\\/\\\/www.esplac.cat\\\/#organization\",\"name\":\"Esplac\",\"url\":\"https:\\\/\\\/www.esplac.cat\\\/\",\"logo\":{\"@type\":\"ImageObject\",\"inLanguage\":\"en-US\",\"@id\":\"https:\\\/\\\/www.esplac.cat\\\/#\\\/schema\\\/logo\\\/image\\\/\",\"url\":\"https:\\\/\\\/www.esplac.cat\\\/wp-content\\\/uploads\\\/2019\\\/08\\\/logox2.png\",\"contentUrl\":\"https:\\\/\\\/www.esplac.cat\\\/wp-content\\\/uploads\\\/2019\\\/08\\\/logox2.png\",\"width\":600,\"height\":295,\"caption\":\"Esplac\"},\"image\":{\"@id\":\"https:\\\/\\\/www.esplac.cat\\\/#\\\/schema\\\/logo\\\/image\\\/\"}},{\"@type\":\"Person\",\"@id\":\"https:\\\/\\\/www.esplac.cat\\\/#\\\/schema\\\/person\\\/908383cf240be18b68f8855d0583faca\",\"name\":\"Comunicaci\u00f3 Esplac\",\"image\":{\"@type\":\"ImageObject\",\"inLanguage\":\"en-US\",\"@id\":\"https:\\\/\\\/secure.gravatar.com\\\/avatar\\\/7a4cf8feb412a76ea4a740ca02d95b06b2907b5a6c648c2dd0a1082a093c3141?s=96&d=mm&r=g\",\"url\":\"https:\\\/\\\/secure.gravatar.com\\\/avatar\\\/7a4cf8feb412a76ea4a740ca02d95b06b2907b5a6c648c2dd0a1082a093c3141?s=96&d=mm&r=g\",\"contentUrl\":\"https:\\\/\\\/secure.gravatar.com\\\/avatar\\\/7a4cf8feb412a76ea4a740ca02d95b06b2907b5a6c648c2dd0a1082a093c3141?s=96&d=mm&r=g\",\"caption\":\"Comunicaci\u00f3 Esplac\"}}]}<\/script>\n<!-- \/ Yoast SEO plugin. -->","yoast_head_json":{"title":"La Monifesta't, al centre de la tancada del Gran Comit\u00e8 de mar\u00e7","description":"Dirigents d\u2019Esplac s'han reunit per organitzar la Monifesta't, planificar el calendari del curs 2023-24, fer formaci\u00f3 i molt m\u00e9s!","robots":{"index":"index","follow":"follow","max-snippet":"max-snippet:-1","max-image-preview":"max-image-preview:large","max-video-preview":"max-video-preview:-1"},"canonical":"https:\/\/www.esplac.cat\/preparacio-monifestat-centre-tancada-gran-comite-marc\/","og_locale":"en_US","og_type":"article","og_title":"La Monifesta't, al centre de la tancada del Gran Comit\u00e8 de mar\u00e7","og_description":"Dirigents d\u2019Esplac s'han reunit per organitzar la Monifesta't, planificar el calendari del curs 2023-24, fer formaci\u00f3 i molt m\u00e9s!","og_url":"https:\/\/www.esplac.cat\/preparacio-monifestat-centre-tancada-gran-comite-marc\/","og_site_name":"Esplac","article_published_time":"2023-03-27T08:40:36+00:00","article_modified_time":"2023-03-28T14:33:23+00:00","og_image":[{"width":1697,"height":700,"url":"https:\/\/www.esplac.cat\/wp-content\/uploads\/2023\/03\/Portades-Web-13.jpg","type":"image\/jpeg"}],"author":"Comunicaci\u00f3 Esplac","twitter_card":"summary_large_image","twitter_misc":{"Written by":"Comunicaci\u00f3 Esplac","Est. reading time":"3 minutes"},"schema":{"@context":"https:\/\/schema.org","@graph":[{"@type":"Article","@id":"https:\/\/www.esplac.cat\/preparacio-monifestat-centre-tancada-gran-comite-marc\/#article","isPartOf":{"@id":"https:\/\/www.esplac.cat\/preparacio-monifestat-centre-tancada-gran-comite-marc\/"},"author":{"name":"Comunicaci\u00f3 Esplac","@id":"https:\/\/www.esplac.cat\/#\/schema\/person\/908383cf240be18b68f8855d0583faca"},"headline":"La preparaci\u00f3 de la Monifesta&#8217;t, al centre de la tancada del Gran Comit\u00e8 de mar\u00e7","datePublished":"2023-03-27T08:40:36+00:00","dateModified":"2023-03-28T14:33:23+00:00","mainEntityOfPage":{"@id":"https:\/\/www.esplac.cat\/preparacio-monifestat-centre-tancada-gran-comite-marc\/"},"wordCount":591,"publisher":{"@id":"https:\/\/www.esplac.cat\/#organization"},"image":{"@id":"https:\/\/www.esplac.cat\/preparacio-monifestat-centre-tancada-gran-comite-marc\/#primaryimage"},"thumbnailUrl":"https:\/\/www.esplac.cat\/wp-content\/uploads\/2023\/03\/Portades-Web-13.jpg","articleSection":["Activitats esplac","Gran Comit\u00e8","Sense categoria"],"inLanguage":"en-US"},{"@type":"WebPage","@id":"https:\/\/www.esplac.cat\/preparacio-monifestat-centre-tancada-gran-comite-marc\/","url":"https:\/\/www.esplac.cat\/preparacio-monifestat-centre-tancada-gran-comite-marc\/","name":"La Monifesta't, al centre de la tancada del Gran Comit\u00e8 de mar\u00e7","isPartOf":{"@id":"https:\/\/www.esplac.cat\/#website"},"primaryImageOfPage":{"@id":"https:\/\/www.esplac.cat\/preparacio-monifestat-centre-tancada-gran-comite-marc\/#primaryimage"},"image":{"@id":"https:\/\/www.esplac.cat\/preparacio-monifestat-centre-tancada-gran-comite-marc\/#primaryimage"},"thumbnailUrl":"https:\/\/www.esplac.cat\/wp-content\/uploads\/2023\/03\/Portades-Web-13.jpg","datePublished":"2023-03-27T08:40:36+00:00","dateModified":"2023-03-28T14:33:23+00:00","description":"Dirigents d\u2019Esplac s'han reunit per organitzar la Monifesta't, planificar el calendari del curs 2023-24, fer formaci\u00f3 i molt m\u00e9s!","breadcrumb":{"@id":"https:\/\/www.esplac.cat\/preparacio-monifestat-centre-tancada-gran-comite-marc\/#breadcrumb"},"inLanguage":"en-US","potentialAction":[{"@type":"ReadAction","target":["https:\/\/www.esplac.cat\/preparacio-monifestat-centre-tancada-gran-comite-marc\/"]}]},{"@type":"ImageObject","inLanguage":"en-US","@id":"https:\/\/www.esplac.cat\/preparacio-monifestat-centre-tancada-gran-comite-marc\/#primaryimage","url":"https:\/\/www.esplac.cat\/wp-content\/uploads\/2023\/03\/Portades-Web-13.jpg","contentUrl":"https:\/\/www.esplac.cat\/wp-content\/uploads\/2023\/03\/Portades-Web-13.jpg","width":1697,"height":700,"caption":"Gran Comit\u00e8 Mar\u00e7 Monifesta't"},{"@type":"BreadcrumbList","@id":"https:\/\/www.esplac.cat\/preparacio-monifestat-centre-tancada-gran-comite-marc\/#breadcrumb","itemListElement":[{"@type":"ListItem","position":1,"name":"Inici","item":"https:\/\/www.esplac.cat\/en\/"},{"@type":"ListItem","position":2,"name":"La preparaci\u00f3 de la Monifesta&#8217;t, al centre de la tancada del Gran Comit\u00e8 de mar\u00e7"}]},{"@type":"WebSite","@id":"https:\/\/www.esplac.cat\/#website","url":"https:\/\/www.esplac.cat\/","name":"Esplac","description":"Esplais Catalans","publisher":{"@id":"https:\/\/www.esplac.cat\/#organization"},"potentialAction":[{"@type":"SearchAction","target":{"@type":"EntryPoint","urlTemplate":"https:\/\/www.esplac.cat\/?s={search_term_string}"},"query-input":{"@type":"PropertyValueSpecification","valueRequired":true,"valueName":"search_term_string"}}],"inLanguage":"en-US"},{"@type":"Organization","@id":"https:\/\/www.esplac.cat\/#organization","name":"Esplac","url":"https:\/\/www.esplac.cat\/","logo":{"@type":"ImageObject","inLanguage":"en-US","@id":"https:\/\/www.esplac.cat\/#\/schema\/logo\/image\/","url":"https:\/\/www.esplac.cat\/wp-content\/uploads\/2019\/08\/logox2.png","contentUrl":"https:\/\/www.esplac.cat\/wp-content\/uploads\/2019\/08\/logox2.png","width":600,"height":295,"caption":"Esplac"},"image":{"@id":"https:\/\/www.esplac.cat\/#\/schema\/logo\/image\/"}},{"@type":"Person","@id":"https:\/\/www.esplac.cat\/#\/schema\/person\/908383cf240be18b68f8855d0583faca","name":"Comunicaci\u00f3 Esplac","image":{"@type":"ImageObject","inLanguage":"en-US","@id":"https:\/\/secure.gravatar.com\/avatar\/7a4cf8feb412a76ea4a740ca02d95b06b2907b5a6c648c2dd0a1082a093c3141?s=96&d=mm&r=g","url":"https:\/\/secure.gravatar.com\/avatar\/7a4cf8feb412a76ea4a740ca02d95b06b2907b5a6c648c2dd0a1082a093c3141?s=96&d=mm&r=g","contentUrl":"https:\/\/secure.gravatar.com\/avatar\/7a4cf8feb412a76ea4a740ca02d95b06b2907b5a6c648c2dd0a1082a093c3141?s=96&d=mm&r=g","caption":"Comunicaci\u00f3 Esplac"}}]}},"_links":{"self":[{"href":"https:\/\/www.esplac.cat\/en\/wp-json\/wp\/v2\/posts\/44446","targetHints":{"allow":["GET"]}}],"collection":[{"href":"https:\/\/www.esplac.cat\/en\/wp-json\/wp\/v2\/posts"}],"about":[{"href":"https:\/\/www.esplac.cat\/en\/wp-json\/wp\/v2\/types\/post"}],"author":[{"embeddable":true,"href":"https:\/\/www.esplac.cat\/en\/wp-json\/wp\/v2\/users\/3"}],"replies":[{"embeddable":true,"href":"https:\/\/www.esplac.cat\/en\/wp-json\/wp\/v2\/comments?post=44446"}],"version-history":[{"count":0,"href":"https:\/\/www.esplac.cat\/en\/wp-json\/wp\/v2\/posts\/44446\/revisions"}],"wp:featuredmedia":[{"embeddable":true,"href":"https:\/\/www.esplac.cat\/en\/wp-json\/wp\/v2\/media\/44456"}],"wp:attachment":[{"href":"https:\/\/www.esplac.cat\/en\/wp-json\/wp\/v2\/media?parent=44446"}],"wp:term":[{"taxonomy":"category","embeddable":true,"href":"https:\/\/www.esplac.cat\/en\/wp-json\/wp\/v2\/categories?post=44446"},{"taxonomy":"post_tag","embeddable":true,"href":"https:\/\/www.esplac.cat\/en\/wp-json\/wp\/v2\/tags?post=44446"}],"curies":[{"name":"wp","href":"https:\/\/api.w.org\/{rel}","templated":true}]}}