{"id":44488,"date":"2023-03-28T17:44:14","date_gmt":"2023-03-28T15:44:14","guid":{"rendered":"https:\/\/www.esplac.cat\/?p=44488"},"modified":"2023-03-28T17:45:19","modified_gmt":"2023-03-28T15:45:19","slug":"ja-sabem-qui-seran-els-de-la-monifestat-2023","status":"publish","type":"post","link":"https:\/\/www.esplac.cat\/en\/ja-sabem-qui-seran-els-de-la-monifestat-2023\/","title":{"rendered":"Ja sabem qui seran els PDs que ens acompanyaran el dissabte de la Monifesta&#8217;t 2023!"},"content":{"rendered":"<h6><strong>Despr\u00e9s d&#8217;una votaci\u00f3 ajustada a l&#8217;Instagram de la @monifestat23 ja sabem quins PDs ens acompanyaran la nit de dissabte!<\/strong><\/h6>\n<p>Cada cop queda menys per la <span style=\"color: #f69d0b;\"><a style=\"color: #f69d0b;\" href=\"https:\/\/www.esplac.cat\/events\/monifestat-2023\/\" target=\"_blank\" rel=\"noopener\">Monifesta&#8217;t 2023<\/a><\/span> i \u00e9s per aquest motiu que de mica en mica us anem desvetllant algunes sorpreses de l&#8217;esdeveniment. De moment, us avancem algunes coses sobre l&#8217;espai de dissabte a la nit. Durant la primera franja de la nit, de 22 a 00h, ens acompanyar\u00e0 un grup de m\u00fasica que en molt breus podreu descobrir al nostre Instagram. Estem segures i segurs que us encantar\u00e0! De 00 a 02h de la nit, l&#8217;espai estar\u00e0 dinamitzat per uns PDs que heu pogut decidir vosaltres a trav\u00e9s d&#8217;un concurs p\u00fablic. Sense m\u00e9s espera, avui us expliquem qui s\u00f3n!<\/p>\n<p>Les i els PDs s&#8217;han escollit a trav\u00e9s d&#8217;un concurs de votacions a trav\u00e9s de l&#8217;<span style=\"color: #f69d0b;\"><a style=\"color: #f69d0b;\" href=\"https:\/\/www.instagram.com\/monifestat23\/\" target=\"_blank\" rel=\"noopener\">Instagram de la Monifesta&#8217;t 2023<\/a><\/span>. El passat 24 de mar\u00e7 va finalitzar el concurs, fet a trav\u00e9s de m&#8217;agrades als v\u00eddeos dels grups de PDs presentats. En aquell moment, es va poder evidenciar que el resultat de les votacions dels tres grups presentats: <strong>PD GOGO<\/strong> (Esplai Espurna), <strong>PD IOU<\/strong> (Esplai Agost) i <strong>PD BOKS<\/strong> (dirigents i monis d&#8217;Esplac) estaven molt ajustats. \u00c9s per aquest motiu, que des del comit\u00e8 de valoraci\u00f3 d&#8217;Esplac i tamb\u00e9 a petici\u00f3 de les concursants s&#8217;ha decidit que <strong>punxaran els tres grups de PDs durant les dues hores del final de la nit<\/strong>, repartint-se els temps.<\/p>\n<p><strong>Voleu con\u00e8ixer els PDs? Us en fem un tastet!<\/strong><\/p>\n<ul>\n<li><strong>PD GOGO:\u00a0<\/strong>\u201cSom dos monis espurnetes (<span style=\"color: #f69d0b;\"><a class=\"x1i10hfl xjbqb8w x6umtig x1b1mbwd xaqea5y xav7gou x9f619 x1ypdohk xt0psk2 xe8uvvx xdj266r x11i5rnm xat24cr x1mh8g0r xexx8yu x4uap5 x18d9i69 xkhd6sd x16tdsg8 x1hl2dhg xggy1nq x1a2a7pz notranslate _a6hd\" style=\"color: #f69d0b;\" tabindex=\"0\" role=\"link\" href=\"https:\/\/www.instagram.com\/eespurna\/\">@eespurna<\/a><\/span>) amb ganes de fer esclatar Centelles! Volem sorprendre al nostre p\u00fablic i fer ballar moooooooooolt!! No ens permetem decepcionar a ning\u00fa, ens faria molta il\u00b7lusi\u00f3 poder punxar a la Monifesta\u2019t per innovar i oferir un gran repertori musical a l\u2019al\u00e7ada de l\u2019esdeveniment.\u201d<\/li>\n<li><strong>PD IOU:<\/strong> \u201cSom tres monis de l\u2019<span style=\"color: #f69d0b;\"><a class=\"x1i10hfl xjbqb8w x6umtig x1b1mbwd xaqea5y xav7gou x9f619 x1ypdohk xt0psk2 xe8uvvx xdj266r x11i5rnm xat24cr x1mh8g0r xexx8yu x4uap5 x18d9i69 xkhd6sd x16tdsg8 x1hl2dhg xggy1nq x1a2a7pz notranslate _a6hd\" style=\"color: #f69d0b;\" tabindex=\"0\" role=\"link\" href=\"https:\/\/www.instagram.com\/esplai_agost\/\">@esplai_agost<\/a> <\/span>(Sarri\u00e0, Barcelona) que ens encanta posar m\u00fasica, sortir de festa i animar i motivar a tothom del voltant. No ens falta energia i per aix\u00f2 a la nostra playlist de pd hi ha tot tipus de m\u00fasica perqu\u00e8 no t\u2019avorreixis en cap moment de la nit.&#8221;<\/li>\n<li><strong>PD BOSK:<\/strong>\u00a0\u201cPd Bosk neix amb l\u2019objectiu de crear un projecte musical-perform\u00e0tic i pol\u00edtic. Al curs de directores Marta Mata 2022, aquestes tres monitores de diferents sectors ens vam trobar amb moltes ganes de fer realitat aquesta idea, tot aterrant-la als espais del nostre entorn (festes de barri, celebracions, esdeveniments d\u2019Esplac). I tot plegat, perqu\u00e8 creiem en la m\u00fasica com un element reivindicatiu, a trav\u00e9s del qual es pot oferir al jovent un oci alternatiu. No nom\u00e9s volem donar veu a artistes mainstream, sin\u00f3 tamb\u00e9 a les emergents i locals, diverses i dissidents. Es tracta d\u2019un projecte novell que afrontem amb il\u00b7lusi\u00f3, i valorem que punxar a la Monifesta\u2019t pot ser una gran oportunitat per tirar endavant la nostra iniciativa. Ens podeu trobar a l\u2019instagram:\u00a0<a class=\"x1i10hfl xjbqb8w x6umtig x1b1mbwd xaqea5y xav7gou x9f619 x1ypdohk xt0psk2 xe8uvvx xdj266r x11i5rnm xat24cr x1mh8g0r xexx8yu x4uap5 x18d9i69 xkhd6sd x16tdsg8 x1hl2dhg xggy1nq x1a2a7pz notranslate _a6hd\" tabindex=\"0\" role=\"link\" href=\"https:\/\/www.instagram.com\/pdbosk\/\"><span style=\"color: #f69d0b;\">@pdbosk<\/span><\/a>.\u201d<\/li>\n<\/ul>\n<p>&nbsp;<\/p>\n","protected":false},"excerpt":{"rendered":"<p>Despr\u00e9s d&#8217;una votaci\u00f3 ajustada a l&#8217;Instagram de la @monifestat23 ja [&hellip;]<\/p>\n","protected":false},"author":3,"featured_media":44489,"comment_status":"closed","ping_status":"closed","sticky":false,"template":"","format":"standard","meta":{"om_disable_all_campaigns":false,"_monsterinsights_skip_tracking":false,"_monsterinsights_sitenote_active":false,"_monsterinsights_sitenote_note":"","_monsterinsights_sitenote_category":0,"_uf_show_specific_survey":0,"_uf_disable_surveys":false,"footnotes":""},"categories":[1111,1115],"tags":[],"class_list":["post-44488","post","type-post","status-publish","format-standard","has-post-thumbnail","hentry","category-activitats-esplac","category-monifestat"],"yoast_head":"<!-- This site is optimized with the Yoast SEO plugin v27.5 - https:\/\/yoast.com\/product\/yoast-seo-wordpress\/ -->\n<title>Ja sabem qui seran els PDs que ens acompanyaran el dissabte de la Monifesta&#039;t 2023! - Esplac<\/title>\n<meta name=\"robots\" content=\"index, follow, max-snippet:-1, max-image-preview:large, max-video-preview:-1\" \/>\n<link rel=\"canonical\" href=\"https:\/\/www.esplac.cat\/ja-sabem-qui-seran-els-de-la-monifestat-2023\/\" \/>\n<meta property=\"og:locale\" content=\"en_US\" \/>\n<meta property=\"og:type\" content=\"article\" \/>\n<meta property=\"og:title\" content=\"Ja sabem qui seran els PDs que ens acompanyaran el dissabte de la Monifesta&#039;t 2023! - Esplac\" \/>\n<meta property=\"og:description\" content=\"Despr\u00e9s d&#8217;una votaci\u00f3 ajustada a l&#8217;Instagram de la @monifestat23 ja [&hellip;]\" \/>\n<meta property=\"og:url\" content=\"https:\/\/www.esplac.cat\/ja-sabem-qui-seran-els-de-la-monifestat-2023\/\" \/>\n<meta property=\"og:site_name\" content=\"Esplac\" \/>\n<meta property=\"article:published_time\" content=\"2023-03-28T15:44:14+00:00\" \/>\n<meta property=\"article:modified_time\" content=\"2023-03-28T15:45:19+00:00\" \/>\n<meta property=\"og:image\" content=\"https:\/\/www.esplac.cat\/wp-content\/uploads\/2023\/03\/Concurs-PDs.jpg\" \/>\n\t<meta property=\"og:image:width\" content=\"1697\" \/>\n\t<meta property=\"og:image:height\" content=\"700\" \/>\n\t<meta property=\"og:image:type\" content=\"image\/jpeg\" \/>\n<meta name=\"author\" content=\"Comunicaci\u00f3 Esplac\" \/>\n<meta name=\"twitter:card\" content=\"summary_large_image\" \/>\n<meta name=\"twitter:label1\" content=\"Written by\" \/>\n\t<meta name=\"twitter:data1\" content=\"Comunicaci\u00f3 Esplac\" \/>\n\t<meta name=\"twitter:label2\" content=\"Est. reading time\" \/>\n\t<meta name=\"twitter:data2\" content=\"3 minutes\" \/>\n<script type=\"application\/ld+json\" class=\"yoast-schema-graph\">{\"@context\":\"https:\\\/\\\/schema.org\",\"@graph\":[{\"@type\":\"Article\",\"@id\":\"https:\\\/\\\/www.esplac.cat\\\/ja-sabem-qui-seran-els-de-la-monifestat-2023\\\/#article\",\"isPartOf\":{\"@id\":\"https:\\\/\\\/www.esplac.cat\\\/ja-sabem-qui-seran-els-de-la-monifestat-2023\\\/\"},\"author\":{\"name\":\"Comunicaci\u00f3 Esplac\",\"@id\":\"https:\\\/\\\/www.esplac.cat\\\/#\\\/schema\\\/person\\\/908383cf240be18b68f8855d0583faca\"},\"headline\":\"Ja sabem qui seran els PDs que ens acompanyaran el dissabte de la Monifesta&#8217;t 2023!\",\"datePublished\":\"2023-03-28T15:44:14+00:00\",\"dateModified\":\"2023-03-28T15:45:19+00:00\",\"mainEntityOfPage\":{\"@id\":\"https:\\\/\\\/www.esplac.cat\\\/ja-sabem-qui-seran-els-de-la-monifestat-2023\\\/\"},\"wordCount\":531,\"publisher\":{\"@id\":\"https:\\\/\\\/www.esplac.cat\\\/#organization\"},\"image\":{\"@id\":\"https:\\\/\\\/www.esplac.cat\\\/ja-sabem-qui-seran-els-de-la-monifestat-2023\\\/#primaryimage\"},\"thumbnailUrl\":\"https:\\\/\\\/www.esplac.cat\\\/wp-content\\\/uploads\\\/2023\\\/03\\\/Concurs-PDs.jpg\",\"articleSection\":[\"Activitats esplac\",\"Monifesta't\"],\"inLanguage\":\"en-US\"},{\"@type\":\"WebPage\",\"@id\":\"https:\\\/\\\/www.esplac.cat\\\/ja-sabem-qui-seran-els-de-la-monifestat-2023\\\/\",\"url\":\"https:\\\/\\\/www.esplac.cat\\\/ja-sabem-qui-seran-els-de-la-monifestat-2023\\\/\",\"name\":\"Ja sabem qui seran els PDs que ens acompanyaran el dissabte de la Monifesta't 2023! - Esplac\",\"isPartOf\":{\"@id\":\"https:\\\/\\\/www.esplac.cat\\\/#website\"},\"primaryImageOfPage\":{\"@id\":\"https:\\\/\\\/www.esplac.cat\\\/ja-sabem-qui-seran-els-de-la-monifestat-2023\\\/#primaryimage\"},\"image\":{\"@id\":\"https:\\\/\\\/www.esplac.cat\\\/ja-sabem-qui-seran-els-de-la-monifestat-2023\\\/#primaryimage\"},\"thumbnailUrl\":\"https:\\\/\\\/www.esplac.cat\\\/wp-content\\\/uploads\\\/2023\\\/03\\\/Concurs-PDs.jpg\",\"datePublished\":\"2023-03-28T15:44:14+00:00\",\"dateModified\":\"2023-03-28T15:45:19+00:00\",\"breadcrumb\":{\"@id\":\"https:\\\/\\\/www.esplac.cat\\\/ja-sabem-qui-seran-els-de-la-monifestat-2023\\\/#breadcrumb\"},\"inLanguage\":\"en-US\",\"potentialAction\":[{\"@type\":\"ReadAction\",\"target\":[\"https:\\\/\\\/www.esplac.cat\\\/ja-sabem-qui-seran-els-de-la-monifestat-2023\\\/\"]}]},{\"@type\":\"ImageObject\",\"inLanguage\":\"en-US\",\"@id\":\"https:\\\/\\\/www.esplac.cat\\\/ja-sabem-qui-seran-els-de-la-monifestat-2023\\\/#primaryimage\",\"url\":\"https:\\\/\\\/www.esplac.cat\\\/wp-content\\\/uploads\\\/2023\\\/03\\\/Concurs-PDs.jpg\",\"contentUrl\":\"https:\\\/\\\/www.esplac.cat\\\/wp-content\\\/uploads\\\/2023\\\/03\\\/Concurs-PDs.jpg\",\"width\":1697,\"height\":700,\"caption\":\"Concurs PDs\"},{\"@type\":\"BreadcrumbList\",\"@id\":\"https:\\\/\\\/www.esplac.cat\\\/ja-sabem-qui-seran-els-de-la-monifestat-2023\\\/#breadcrumb\",\"itemListElement\":[{\"@type\":\"ListItem\",\"position\":1,\"name\":\"Inici\",\"item\":\"https:\\\/\\\/www.esplac.cat\\\/en\\\/\"},{\"@type\":\"ListItem\",\"position\":2,\"name\":\"Ja sabem qui seran els PDs que ens acompanyaran el dissabte de la Monifesta&#8217;t 2023!\"}]},{\"@type\":\"WebSite\",\"@id\":\"https:\\\/\\\/www.esplac.cat\\\/#website\",\"url\":\"https:\\\/\\\/www.esplac.cat\\\/\",\"name\":\"Esplac\",\"description\":\"Esplais Catalans\",\"publisher\":{\"@id\":\"https:\\\/\\\/www.esplac.cat\\\/#organization\"},\"potentialAction\":[{\"@type\":\"SearchAction\",\"target\":{\"@type\":\"EntryPoint\",\"urlTemplate\":\"https:\\\/\\\/www.esplac.cat\\\/?s={search_term_string}\"},\"query-input\":{\"@type\":\"PropertyValueSpecification\",\"valueRequired\":true,\"valueName\":\"search_term_string\"}}],\"inLanguage\":\"en-US\"},{\"@type\":\"Organization\",\"@id\":\"https:\\\/\\\/www.esplac.cat\\\/#organization\",\"name\":\"Esplac\",\"url\":\"https:\\\/\\\/www.esplac.cat\\\/\",\"logo\":{\"@type\":\"ImageObject\",\"inLanguage\":\"en-US\",\"@id\":\"https:\\\/\\\/www.esplac.cat\\\/#\\\/schema\\\/logo\\\/image\\\/\",\"url\":\"https:\\\/\\\/www.esplac.cat\\\/wp-content\\\/uploads\\\/2019\\\/08\\\/logox2.png\",\"contentUrl\":\"https:\\\/\\\/www.esplac.cat\\\/wp-content\\\/uploads\\\/2019\\\/08\\\/logox2.png\",\"width\":600,\"height\":295,\"caption\":\"Esplac\"},\"image\":{\"@id\":\"https:\\\/\\\/www.esplac.cat\\\/#\\\/schema\\\/logo\\\/image\\\/\"}},{\"@type\":\"Person\",\"@id\":\"https:\\\/\\\/www.esplac.cat\\\/#\\\/schema\\\/person\\\/908383cf240be18b68f8855d0583faca\",\"name\":\"Comunicaci\u00f3 Esplac\",\"image\":{\"@type\":\"ImageObject\",\"inLanguage\":\"en-US\",\"@id\":\"https:\\\/\\\/secure.gravatar.com\\\/avatar\\\/7a4cf8feb412a76ea4a740ca02d95b06b2907b5a6c648c2dd0a1082a093c3141?s=96&d=mm&r=g\",\"url\":\"https:\\\/\\\/secure.gravatar.com\\\/avatar\\\/7a4cf8feb412a76ea4a740ca02d95b06b2907b5a6c648c2dd0a1082a093c3141?s=96&d=mm&r=g\",\"contentUrl\":\"https:\\\/\\\/secure.gravatar.com\\\/avatar\\\/7a4cf8feb412a76ea4a740ca02d95b06b2907b5a6c648c2dd0a1082a093c3141?s=96&d=mm&r=g\",\"caption\":\"Comunicaci\u00f3 Esplac\"}}]}<\/script>\n<!-- \/ Yoast SEO plugin. -->","yoast_head_json":{"title":"Ja sabem qui seran els PDs que ens acompanyaran el dissabte de la Monifesta't 2023! - Esplac","robots":{"index":"index","follow":"follow","max-snippet":"max-snippet:-1","max-image-preview":"max-image-preview:large","max-video-preview":"max-video-preview:-1"},"canonical":"https:\/\/www.esplac.cat\/ja-sabem-qui-seran-els-de-la-monifestat-2023\/","og_locale":"en_US","og_type":"article","og_title":"Ja sabem qui seran els PDs que ens acompanyaran el dissabte de la Monifesta't 2023! - Esplac","og_description":"Despr\u00e9s d&#8217;una votaci\u00f3 ajustada a l&#8217;Instagram de la @monifestat23 ja [&hellip;]","og_url":"https:\/\/www.esplac.cat\/ja-sabem-qui-seran-els-de-la-monifestat-2023\/","og_site_name":"Esplac","article_published_time":"2023-03-28T15:44:14+00:00","article_modified_time":"2023-03-28T15:45:19+00:00","og_image":[{"width":1697,"height":700,"url":"https:\/\/www.esplac.cat\/wp-content\/uploads\/2023\/03\/Concurs-PDs.jpg","type":"image\/jpeg"}],"author":"Comunicaci\u00f3 Esplac","twitter_card":"summary_large_image","twitter_misc":{"Written by":"Comunicaci\u00f3 Esplac","Est. reading time":"3 minutes"},"schema":{"@context":"https:\/\/schema.org","@graph":[{"@type":"Article","@id":"https:\/\/www.esplac.cat\/ja-sabem-qui-seran-els-de-la-monifestat-2023\/#article","isPartOf":{"@id":"https:\/\/www.esplac.cat\/ja-sabem-qui-seran-els-de-la-monifestat-2023\/"},"author":{"name":"Comunicaci\u00f3 Esplac","@id":"https:\/\/www.esplac.cat\/#\/schema\/person\/908383cf240be18b68f8855d0583faca"},"headline":"Ja sabem qui seran els PDs que ens acompanyaran el dissabte de la Monifesta&#8217;t 2023!","datePublished":"2023-03-28T15:44:14+00:00","dateModified":"2023-03-28T15:45:19+00:00","mainEntityOfPage":{"@id":"https:\/\/www.esplac.cat\/ja-sabem-qui-seran-els-de-la-monifestat-2023\/"},"wordCount":531,"publisher":{"@id":"https:\/\/www.esplac.cat\/#organization"},"image":{"@id":"https:\/\/www.esplac.cat\/ja-sabem-qui-seran-els-de-la-monifestat-2023\/#primaryimage"},"thumbnailUrl":"https:\/\/www.esplac.cat\/wp-content\/uploads\/2023\/03\/Concurs-PDs.jpg","articleSection":["Activitats esplac","Monifesta't"],"inLanguage":"en-US"},{"@type":"WebPage","@id":"https:\/\/www.esplac.cat\/ja-sabem-qui-seran-els-de-la-monifestat-2023\/","url":"https:\/\/www.esplac.cat\/ja-sabem-qui-seran-els-de-la-monifestat-2023\/","name":"Ja sabem qui seran els PDs que ens acompanyaran el dissabte de la Monifesta't 2023! - Esplac","isPartOf":{"@id":"https:\/\/www.esplac.cat\/#website"},"primaryImageOfPage":{"@id":"https:\/\/www.esplac.cat\/ja-sabem-qui-seran-els-de-la-monifestat-2023\/#primaryimage"},"image":{"@id":"https:\/\/www.esplac.cat\/ja-sabem-qui-seran-els-de-la-monifestat-2023\/#primaryimage"},"thumbnailUrl":"https:\/\/www.esplac.cat\/wp-content\/uploads\/2023\/03\/Concurs-PDs.jpg","datePublished":"2023-03-28T15:44:14+00:00","dateModified":"2023-03-28T15:45:19+00:00","breadcrumb":{"@id":"https:\/\/www.esplac.cat\/ja-sabem-qui-seran-els-de-la-monifestat-2023\/#breadcrumb"},"inLanguage":"en-US","potentialAction":[{"@type":"ReadAction","target":["https:\/\/www.esplac.cat\/ja-sabem-qui-seran-els-de-la-monifestat-2023\/"]}]},{"@type":"ImageObject","inLanguage":"en-US","@id":"https:\/\/www.esplac.cat\/ja-sabem-qui-seran-els-de-la-monifestat-2023\/#primaryimage","url":"https:\/\/www.esplac.cat\/wp-content\/uploads\/2023\/03\/Concurs-PDs.jpg","contentUrl":"https:\/\/www.esplac.cat\/wp-content\/uploads\/2023\/03\/Concurs-PDs.jpg","width":1697,"height":700,"caption":"Concurs PDs"},{"@type":"BreadcrumbList","@id":"https:\/\/www.esplac.cat\/ja-sabem-qui-seran-els-de-la-monifestat-2023\/#breadcrumb","itemListElement":[{"@type":"ListItem","position":1,"name":"Inici","item":"https:\/\/www.esplac.cat\/en\/"},{"@type":"ListItem","position":2,"name":"Ja sabem qui seran els PDs que ens acompanyaran el dissabte de la Monifesta&#8217;t 2023!"}]},{"@type":"WebSite","@id":"https:\/\/www.esplac.cat\/#website","url":"https:\/\/www.esplac.cat\/","name":"Esplac","description":"Esplais Catalans","publisher":{"@id":"https:\/\/www.esplac.cat\/#organization"},"potentialAction":[{"@type":"SearchAction","target":{"@type":"EntryPoint","urlTemplate":"https:\/\/www.esplac.cat\/?s={search_term_string}"},"query-input":{"@type":"PropertyValueSpecification","valueRequired":true,"valueName":"search_term_string"}}],"inLanguage":"en-US"},{"@type":"Organization","@id":"https:\/\/www.esplac.cat\/#organization","name":"Esplac","url":"https:\/\/www.esplac.cat\/","logo":{"@type":"ImageObject","inLanguage":"en-US","@id":"https:\/\/www.esplac.cat\/#\/schema\/logo\/image\/","url":"https:\/\/www.esplac.cat\/wp-content\/uploads\/2019\/08\/logox2.png","contentUrl":"https:\/\/www.esplac.cat\/wp-content\/uploads\/2019\/08\/logox2.png","width":600,"height":295,"caption":"Esplac"},"image":{"@id":"https:\/\/www.esplac.cat\/#\/schema\/logo\/image\/"}},{"@type":"Person","@id":"https:\/\/www.esplac.cat\/#\/schema\/person\/908383cf240be18b68f8855d0583faca","name":"Comunicaci\u00f3 Esplac","image":{"@type":"ImageObject","inLanguage":"en-US","@id":"https:\/\/secure.gravatar.com\/avatar\/7a4cf8feb412a76ea4a740ca02d95b06b2907b5a6c648c2dd0a1082a093c3141?s=96&d=mm&r=g","url":"https:\/\/secure.gravatar.com\/avatar\/7a4cf8feb412a76ea4a740ca02d95b06b2907b5a6c648c2dd0a1082a093c3141?s=96&d=mm&r=g","contentUrl":"https:\/\/secure.gravatar.com\/avatar\/7a4cf8feb412a76ea4a740ca02d95b06b2907b5a6c648c2dd0a1082a093c3141?s=96&d=mm&r=g","caption":"Comunicaci\u00f3 Esplac"}}]}},"_links":{"self":[{"href":"https:\/\/www.esplac.cat\/en\/wp-json\/wp\/v2\/posts\/44488","targetHints":{"allow":["GET"]}}],"collection":[{"href":"https:\/\/www.esplac.cat\/en\/wp-json\/wp\/v2\/posts"}],"about":[{"href":"https:\/\/www.esplac.cat\/en\/wp-json\/wp\/v2\/types\/post"}],"author":[{"embeddable":true,"href":"https:\/\/www.esplac.cat\/en\/wp-json\/wp\/v2\/users\/3"}],"replies":[{"embeddable":true,"href":"https:\/\/www.esplac.cat\/en\/wp-json\/wp\/v2\/comments?post=44488"}],"version-history":[{"count":0,"href":"https:\/\/www.esplac.cat\/en\/wp-json\/wp\/v2\/posts\/44488\/revisions"}],"wp:featuredmedia":[{"embeddable":true,"href":"https:\/\/www.esplac.cat\/en\/wp-json\/wp\/v2\/media\/44489"}],"wp:attachment":[{"href":"https:\/\/www.esplac.cat\/en\/wp-json\/wp\/v2\/media?parent=44488"}],"wp:term":[{"taxonomy":"category","embeddable":true,"href":"https:\/\/www.esplac.cat\/en\/wp-json\/wp\/v2\/categories?post=44488"},{"taxonomy":"post_tag","embeddable":true,"href":"https:\/\/www.esplac.cat\/en\/wp-json\/wp\/v2\/tags?post=44488"}],"curies":[{"name":"wp","href":"https:\/\/api.w.org\/{rel}","templated":true}]}}