{"id":44554,"date":"2023-04-11T11:54:27","date_gmt":"2023-04-11T09:54:27","guid":{"rendered":"https:\/\/www.esplac.cat\/?p=44554"},"modified":"2023-04-11T11:54:27","modified_gmt":"2023-04-11T09:54:27","slug":"esplais-esplac-centenar-activitats-vacances-primavera-2023","status":"publish","type":"post","link":"https:\/\/www.esplac.cat\/en\/esplais-esplac-centenar-activitats-vacances-primavera-2023\/","title":{"rendered":"Els esplais d&#8217;Esplac realitzen un centenar d&#8217;activitats durant les vacances de primavera"},"content":{"rendered":"<h6 dir=\"ltr\" role=\"presentation\"><strong>Durant les vacances de primavera els esplais d&#8217;Esplac han realitzat un centenar d&#8217;activitats per tot el territori, entre col\u00f2nies, campaments i rutes, on hi han participat gaireb\u00e9 4000 infants i joves.<\/strong><\/h6>\n<p>Aquest 2023 els esplais laics i voluntaris han tornat a demostrar la seva for\u00e7a, organitzant gaireb\u00e9 <strong>un centenar d&#8217;activitats de lleure<\/strong> durant les vacances. En un context lliure de restriccions per la Covid-19, la primavera dels esplais ha tornat a bullir d\u2019activitats, recuperant les xifres d\u2019abans de la pand\u00e8mia.<\/p>\n<p>Un miler de monitores i monitors i gaireb\u00e9 4000 infants i joves de 57 esplais diferents han participat de <strong>col\u00f2nies, campaments i rutes<\/strong> arreu del territori. A m\u00e9s a m\u00e9s, dos esplais han organitzat rutes fora de Catalunya, a Gal\u00edcia i Fran\u00e7a, i 6 monis d\u2019esplais d&#8217;Esplac han viatjat a Alemanya per participar a la<span style=\"color: #f69d0b;\"><strong><a style=\"color: #f69d0b;\" href=\"https:\/\/www.esplac.cat\/lets-talk-about-sex-queer-easter-2023\/\" target=\"_blank\" rel=\"noopener\" data-saferedirecturl=\"https:\/\/www.google.com\/url?q=https:\/\/www.esplac.cat\/lets-talk-about-sex-queer-easter-2023\/&amp;source=gmail&amp;ust=1681284214975000&amp;usg=AOvVaw39lezNhmUQdra50OGUsmkt\"> Queer Easter<\/a><\/strong><\/span>, un seminari de formaci\u00f3 internacional que aquest any s&#8217;ha centrat en l\u2019educaci\u00f3 sexual.<\/p>\n<p dir=\"ltr\">Les activitats de conviv\u00e8ncia durant les vacances ens ofereixen un espai per relacionar-nos en un ambient diferent, en contacte amb la natura, i poder gaudir l\u2019esplai amb molta m\u00e9s intensitat. Nom\u00e9s cal veure les imatges per imaginar com de b\u00e9 s&#8217;ho han passat!<\/p>\n<p dir=\"ltr\"><a href=\"https:\/\/www.instagram.com\/esplaiscatalans\/guide\/activitats-primavera-2023\/17951746943401241\/?utm_source=ig_web_copy_link&amp;utm_campaign=&amp;utm_medium=\" target=\"_blank\" rel=\"noopener\"><img decoding=\"async\" class=\"aligncenter wp-image-44573 size-large\" src=\"https:\/\/www.esplac.cat\/wp-content\/uploads\/2023\/04\/Portades-Web-2-1024x422.jpg\" alt=\"esplais esplac activitats primavera\" width=\"1024\" height=\"422\" srcset=\"https:\/\/www.esplac.cat\/wp-content\/uploads\/2023\/04\/Portades-Web-2-200x82.jpg 200w, https:\/\/www.esplac.cat\/wp-content\/uploads\/2023\/04\/Portades-Web-2-300x124.jpg 300w, https:\/\/www.esplac.cat\/wp-content\/uploads\/2023\/04\/Portades-Web-2-400x165.jpg 400w, https:\/\/www.esplac.cat\/wp-content\/uploads\/2023\/04\/Portades-Web-2-600x247.jpg 600w, https:\/\/www.esplac.cat\/wp-content\/uploads\/2023\/04\/Portades-Web-2-768x317.jpg 768w, https:\/\/www.esplac.cat\/wp-content\/uploads\/2023\/04\/Portades-Web-2-800x330.jpg 800w, https:\/\/www.esplac.cat\/wp-content\/uploads\/2023\/04\/Portades-Web-2-1024x422.jpg 1024w, https:\/\/www.esplac.cat\/wp-content\/uploads\/2023\/04\/Portades-Web-2-1200x495.jpg 1200w, https:\/\/www.esplac.cat\/wp-content\/uploads\/2023\/04\/Portades-Web-2-1536x634.jpg 1536w, https:\/\/www.esplac.cat\/wp-content\/uploads\/2023\/04\/Portades-Web-2.jpg 1697w\" sizes=\"(max-width: 1024px) 100vw, 1024px\" \/><\/a><\/p>\n<p><span style=\"color: #f69d0b;\"><strong><span style=\"font-size: large;\">Les activitats de primavera dels esplais en dades<\/span><\/strong><\/span><\/p>\n<p dir=\"ltr\"><strong>COL\u00d2NIES<\/strong><\/p>\n<blockquote><p><strong>7 activitats de col\u00f2nies d\u2019esplais del Sector Bages. Bergued\u00e0 i La Cerdanya.<\/strong><\/p>\n<p><strong>4 activitats de col\u00f2nies d\u2019esplais del Sector Baix Llobregat.<\/strong><\/p>\n<p><strong>16 activitats de col\u00f2nies d\u2019esplais de Barcelona.<\/strong><\/p>\n<p><strong>16 activitats de col\u00f2nies d\u2019esplais dels sectors Maresme i Girona.<\/strong><\/p>\n<p><strong>16 activitats de col\u00f2nies d\u2019esplais dels sectors Pened\u00e8s, Garraf i Anoia i Ripoll\u00e8s, Moian\u00e8s i Osona.<\/strong><\/p>\n<p><strong>8 activitats de col\u00f2nies d\u2019esplais del Vall\u00e8s.<\/strong><\/p><\/blockquote>\n<p dir=\"ltr\"><b>RUTES I CAMPAMENTS<\/b><\/p>\n<blockquote><p><strong>Les rutes m\u00e9s freq\u00fcents han estat per la Costa gironina i la zona de la Vall de N\u00faria.<\/strong><\/p>\n<p><strong>Una activitat de ruta internacional a Foix, Occit\u00e0nia, i una altra nacional a Gal\u00edcia.<\/strong><\/p><\/blockquote>\n","protected":false},"excerpt":{"rendered":"<p>Durant les vacances de primavera els esplais d&#8217;Esplac han realitzat [&hellip;]<\/p>\n","protected":false},"author":3,"featured_media":44567,"comment_status":"closed","ping_status":"closed","sticky":false,"template":"","format":"standard","meta":{"om_disable_all_campaigns":false,"_monsterinsights_skip_tracking":false,"_monsterinsights_sitenote_active":false,"_monsterinsights_sitenote_note":"","_monsterinsights_sitenote_category":0,"_uf_show_specific_survey":0,"_uf_disable_surveys":false,"footnotes":""},"categories":[1117,1121,1],"tags":[],"class_list":["post-44554","post","type-post","status-publish","format-standard","has-post-thumbnail","hentry","category-activitats-esplais","category-bones-practiques-2","category-sense-categoria"],"yoast_head":"<!-- This site is optimized with the Yoast SEO plugin v27.4 - https:\/\/yoast.com\/product\/yoast-seo-wordpress\/ -->\n<title>Els esplais d&#039;Esplac realitzen un centenar d&#039;activitats de primavera<\/title>\n<meta name=\"description\" content=\"Durant les vacances de primavera s&#039;han realitzat m\u00e9s de 100 col\u00f2nies, campaments i rutes, on hi han participat gaireb\u00e9 4000 infants i joves.\" \/>\n<meta name=\"robots\" content=\"index, follow, max-snippet:-1, max-image-preview:large, max-video-preview:-1\" \/>\n<link rel=\"canonical\" href=\"https:\/\/www.esplac.cat\/esplais-esplac-centenar-activitats-vacances-primavera-2023\/\" \/>\n<meta property=\"og:locale\" content=\"en_US\" \/>\n<meta property=\"og:type\" content=\"article\" \/>\n<meta property=\"og:title\" content=\"Els esplais d&#039;Esplac realitzen un centenar d&#039;activitats de primavera\" \/>\n<meta property=\"og:description\" content=\"Durant les vacances de primavera s&#039;han realitzat m\u00e9s de 100 col\u00f2nies, campaments i rutes, on hi han participat gaireb\u00e9 4000 infants i joves.\" \/>\n<meta property=\"og:url\" content=\"https:\/\/www.esplac.cat\/esplais-esplac-centenar-activitats-vacances-primavera-2023\/\" \/>\n<meta property=\"og:site_name\" content=\"Esplac\" \/>\n<meta property=\"article:published_time\" content=\"2023-04-11T09:54:27+00:00\" \/>\n<meta property=\"og:image\" content=\"https:\/\/www.esplac.cat\/wp-content\/uploads\/2023\/04\/Portades-web.jpg\" \/>\n\t<meta property=\"og:image:width\" content=\"1694\" \/>\n\t<meta property=\"og:image:height\" content=\"700\" \/>\n\t<meta property=\"og:image:type\" content=\"image\/jpeg\" \/>\n<meta name=\"author\" content=\"Comunicaci\u00f3 Esplac\" \/>\n<meta name=\"twitter:card\" content=\"summary_large_image\" \/>\n<meta name=\"twitter:label1\" content=\"Written by\" \/>\n\t<meta name=\"twitter:data1\" content=\"Comunicaci\u00f3 Esplac\" \/>\n\t<meta name=\"twitter:label2\" content=\"Est. reading time\" \/>\n\t<meta name=\"twitter:data2\" content=\"2 minutes\" \/>\n<script type=\"application\/ld+json\" class=\"yoast-schema-graph\">{\"@context\":\"https:\\\/\\\/schema.org\",\"@graph\":[{\"@type\":\"Article\",\"@id\":\"https:\\\/\\\/www.esplac.cat\\\/esplais-esplac-centenar-activitats-vacances-primavera-2023\\\/#article\",\"isPartOf\":{\"@id\":\"https:\\\/\\\/www.esplac.cat\\\/esplais-esplac-centenar-activitats-vacances-primavera-2023\\\/\"},\"author\":{\"name\":\"Comunicaci\u00f3 Esplac\",\"@id\":\"https:\\\/\\\/www.esplac.cat\\\/#\\\/schema\\\/person\\\/908383cf240be18b68f8855d0583faca\"},\"headline\":\"Els esplais d&#8217;Esplac realitzen un centenar d&#8217;activitats durant les vacances de primavera\",\"datePublished\":\"2023-04-11T09:54:27+00:00\",\"mainEntityOfPage\":{\"@id\":\"https:\\\/\\\/www.esplac.cat\\\/esplais-esplac-centenar-activitats-vacances-primavera-2023\\\/\"},\"wordCount\":345,\"publisher\":{\"@id\":\"https:\\\/\\\/www.esplac.cat\\\/#organization\"},\"image\":{\"@id\":\"https:\\\/\\\/www.esplac.cat\\\/esplais-esplac-centenar-activitats-vacances-primavera-2023\\\/#primaryimage\"},\"thumbnailUrl\":\"https:\\\/\\\/www.esplac.cat\\\/wp-content\\\/uploads\\\/2023\\\/04\\\/Portades-web.jpg\",\"articleSection\":[\"Activitats esplais\",\"Bones pr\u00e0ctiques\",\"Sense categoria\"],\"inLanguage\":\"en-US\"},{\"@type\":\"WebPage\",\"@id\":\"https:\\\/\\\/www.esplac.cat\\\/esplais-esplac-centenar-activitats-vacances-primavera-2023\\\/\",\"url\":\"https:\\\/\\\/www.esplac.cat\\\/esplais-esplac-centenar-activitats-vacances-primavera-2023\\\/\",\"name\":\"Els esplais d'Esplac realitzen un centenar d'activitats de primavera\",\"isPartOf\":{\"@id\":\"https:\\\/\\\/www.esplac.cat\\\/#website\"},\"primaryImageOfPage\":{\"@id\":\"https:\\\/\\\/www.esplac.cat\\\/esplais-esplac-centenar-activitats-vacances-primavera-2023\\\/#primaryimage\"},\"image\":{\"@id\":\"https:\\\/\\\/www.esplac.cat\\\/esplais-esplac-centenar-activitats-vacances-primavera-2023\\\/#primaryimage\"},\"thumbnailUrl\":\"https:\\\/\\\/www.esplac.cat\\\/wp-content\\\/uploads\\\/2023\\\/04\\\/Portades-web.jpg\",\"datePublished\":\"2023-04-11T09:54:27+00:00\",\"description\":\"Durant les vacances de primavera s'han realitzat m\u00e9s de 100 col\u00f2nies, campaments i rutes, on hi han participat gaireb\u00e9 4000 infants i joves.\",\"breadcrumb\":{\"@id\":\"https:\\\/\\\/www.esplac.cat\\\/esplais-esplac-centenar-activitats-vacances-primavera-2023\\\/#breadcrumb\"},\"inLanguage\":\"en-US\",\"potentialAction\":[{\"@type\":\"ReadAction\",\"target\":[\"https:\\\/\\\/www.esplac.cat\\\/esplais-esplac-centenar-activitats-vacances-primavera-2023\\\/\"]}]},{\"@type\":\"ImageObject\",\"inLanguage\":\"en-US\",\"@id\":\"https:\\\/\\\/www.esplac.cat\\\/esplais-esplac-centenar-activitats-vacances-primavera-2023\\\/#primaryimage\",\"url\":\"https:\\\/\\\/www.esplac.cat\\\/wp-content\\\/uploads\\\/2023\\\/04\\\/Portades-web.jpg\",\"contentUrl\":\"https:\\\/\\\/www.esplac.cat\\\/wp-content\\\/uploads\\\/2023\\\/04\\\/Portades-web.jpg\",\"width\":1694,\"height\":700,\"caption\":\"esplais esplac activitats primavera\"},{\"@type\":\"BreadcrumbList\",\"@id\":\"https:\\\/\\\/www.esplac.cat\\\/esplais-esplac-centenar-activitats-vacances-primavera-2023\\\/#breadcrumb\",\"itemListElement\":[{\"@type\":\"ListItem\",\"position\":1,\"name\":\"Inici\",\"item\":\"https:\\\/\\\/www.esplac.cat\\\/en\\\/\"},{\"@type\":\"ListItem\",\"position\":2,\"name\":\"Els esplais d&#8217;Esplac realitzen un centenar d&#8217;activitats durant les vacances de primavera\"}]},{\"@type\":\"WebSite\",\"@id\":\"https:\\\/\\\/www.esplac.cat\\\/#website\",\"url\":\"https:\\\/\\\/www.esplac.cat\\\/\",\"name\":\"Esplac\",\"description\":\"Esplais Catalans\",\"publisher\":{\"@id\":\"https:\\\/\\\/www.esplac.cat\\\/#organization\"},\"potentialAction\":[{\"@type\":\"SearchAction\",\"target\":{\"@type\":\"EntryPoint\",\"urlTemplate\":\"https:\\\/\\\/www.esplac.cat\\\/?s={search_term_string}\"},\"query-input\":{\"@type\":\"PropertyValueSpecification\",\"valueRequired\":true,\"valueName\":\"search_term_string\"}}],\"inLanguage\":\"en-US\"},{\"@type\":\"Organization\",\"@id\":\"https:\\\/\\\/www.esplac.cat\\\/#organization\",\"name\":\"Esplac\",\"url\":\"https:\\\/\\\/www.esplac.cat\\\/\",\"logo\":{\"@type\":\"ImageObject\",\"inLanguage\":\"en-US\",\"@id\":\"https:\\\/\\\/www.esplac.cat\\\/#\\\/schema\\\/logo\\\/image\\\/\",\"url\":\"https:\\\/\\\/www.esplac.cat\\\/wp-content\\\/uploads\\\/2019\\\/08\\\/logox2.png\",\"contentUrl\":\"https:\\\/\\\/www.esplac.cat\\\/wp-content\\\/uploads\\\/2019\\\/08\\\/logox2.png\",\"width\":600,\"height\":295,\"caption\":\"Esplac\"},\"image\":{\"@id\":\"https:\\\/\\\/www.esplac.cat\\\/#\\\/schema\\\/logo\\\/image\\\/\"}},{\"@type\":\"Person\",\"@id\":\"https:\\\/\\\/www.esplac.cat\\\/#\\\/schema\\\/person\\\/908383cf240be18b68f8855d0583faca\",\"name\":\"Comunicaci\u00f3 Esplac\",\"image\":{\"@type\":\"ImageObject\",\"inLanguage\":\"en-US\",\"@id\":\"https:\\\/\\\/secure.gravatar.com\\\/avatar\\\/7a4cf8feb412a76ea4a740ca02d95b06b2907b5a6c648c2dd0a1082a093c3141?s=96&d=mm&r=g\",\"url\":\"https:\\\/\\\/secure.gravatar.com\\\/avatar\\\/7a4cf8feb412a76ea4a740ca02d95b06b2907b5a6c648c2dd0a1082a093c3141?s=96&d=mm&r=g\",\"contentUrl\":\"https:\\\/\\\/secure.gravatar.com\\\/avatar\\\/7a4cf8feb412a76ea4a740ca02d95b06b2907b5a6c648c2dd0a1082a093c3141?s=96&d=mm&r=g\",\"caption\":\"Comunicaci\u00f3 Esplac\"}}]}<\/script>\n<!-- \/ Yoast SEO plugin. -->","yoast_head_json":{"title":"Els esplais d'Esplac realitzen un centenar d'activitats de primavera","description":"Durant les vacances de primavera s'han realitzat m\u00e9s de 100 col\u00f2nies, campaments i rutes, on hi han participat gaireb\u00e9 4000 infants i joves.","robots":{"index":"index","follow":"follow","max-snippet":"max-snippet:-1","max-image-preview":"max-image-preview:large","max-video-preview":"max-video-preview:-1"},"canonical":"https:\/\/www.esplac.cat\/esplais-esplac-centenar-activitats-vacances-primavera-2023\/","og_locale":"en_US","og_type":"article","og_title":"Els esplais d'Esplac realitzen un centenar d'activitats de primavera","og_description":"Durant les vacances de primavera s'han realitzat m\u00e9s de 100 col\u00f2nies, campaments i rutes, on hi han participat gaireb\u00e9 4000 infants i joves.","og_url":"https:\/\/www.esplac.cat\/esplais-esplac-centenar-activitats-vacances-primavera-2023\/","og_site_name":"Esplac","article_published_time":"2023-04-11T09:54:27+00:00","og_image":[{"width":1694,"height":700,"url":"https:\/\/www.esplac.cat\/wp-content\/uploads\/2023\/04\/Portades-web.jpg","type":"image\/jpeg"}],"author":"Comunicaci\u00f3 Esplac","twitter_card":"summary_large_image","twitter_misc":{"Written by":"Comunicaci\u00f3 Esplac","Est. reading time":"2 minutes"},"schema":{"@context":"https:\/\/schema.org","@graph":[{"@type":"Article","@id":"https:\/\/www.esplac.cat\/esplais-esplac-centenar-activitats-vacances-primavera-2023\/#article","isPartOf":{"@id":"https:\/\/www.esplac.cat\/esplais-esplac-centenar-activitats-vacances-primavera-2023\/"},"author":{"name":"Comunicaci\u00f3 Esplac","@id":"https:\/\/www.esplac.cat\/#\/schema\/person\/908383cf240be18b68f8855d0583faca"},"headline":"Els esplais d&#8217;Esplac realitzen un centenar d&#8217;activitats durant les vacances de primavera","datePublished":"2023-04-11T09:54:27+00:00","mainEntityOfPage":{"@id":"https:\/\/www.esplac.cat\/esplais-esplac-centenar-activitats-vacances-primavera-2023\/"},"wordCount":345,"publisher":{"@id":"https:\/\/www.esplac.cat\/#organization"},"image":{"@id":"https:\/\/www.esplac.cat\/esplais-esplac-centenar-activitats-vacances-primavera-2023\/#primaryimage"},"thumbnailUrl":"https:\/\/www.esplac.cat\/wp-content\/uploads\/2023\/04\/Portades-web.jpg","articleSection":["Activitats esplais","Bones pr\u00e0ctiques","Sense categoria"],"inLanguage":"en-US"},{"@type":"WebPage","@id":"https:\/\/www.esplac.cat\/esplais-esplac-centenar-activitats-vacances-primavera-2023\/","url":"https:\/\/www.esplac.cat\/esplais-esplac-centenar-activitats-vacances-primavera-2023\/","name":"Els esplais d'Esplac realitzen un centenar d'activitats de primavera","isPartOf":{"@id":"https:\/\/www.esplac.cat\/#website"},"primaryImageOfPage":{"@id":"https:\/\/www.esplac.cat\/esplais-esplac-centenar-activitats-vacances-primavera-2023\/#primaryimage"},"image":{"@id":"https:\/\/www.esplac.cat\/esplais-esplac-centenar-activitats-vacances-primavera-2023\/#primaryimage"},"thumbnailUrl":"https:\/\/www.esplac.cat\/wp-content\/uploads\/2023\/04\/Portades-web.jpg","datePublished":"2023-04-11T09:54:27+00:00","description":"Durant les vacances de primavera s'han realitzat m\u00e9s de 100 col\u00f2nies, campaments i rutes, on hi han participat gaireb\u00e9 4000 infants i joves.","breadcrumb":{"@id":"https:\/\/www.esplac.cat\/esplais-esplac-centenar-activitats-vacances-primavera-2023\/#breadcrumb"},"inLanguage":"en-US","potentialAction":[{"@type":"ReadAction","target":["https:\/\/www.esplac.cat\/esplais-esplac-centenar-activitats-vacances-primavera-2023\/"]}]},{"@type":"ImageObject","inLanguage":"en-US","@id":"https:\/\/www.esplac.cat\/esplais-esplac-centenar-activitats-vacances-primavera-2023\/#primaryimage","url":"https:\/\/www.esplac.cat\/wp-content\/uploads\/2023\/04\/Portades-web.jpg","contentUrl":"https:\/\/www.esplac.cat\/wp-content\/uploads\/2023\/04\/Portades-web.jpg","width":1694,"height":700,"caption":"esplais esplac activitats primavera"},{"@type":"BreadcrumbList","@id":"https:\/\/www.esplac.cat\/esplais-esplac-centenar-activitats-vacances-primavera-2023\/#breadcrumb","itemListElement":[{"@type":"ListItem","position":1,"name":"Inici","item":"https:\/\/www.esplac.cat\/en\/"},{"@type":"ListItem","position":2,"name":"Els esplais d&#8217;Esplac realitzen un centenar d&#8217;activitats durant les vacances de primavera"}]},{"@type":"WebSite","@id":"https:\/\/www.esplac.cat\/#website","url":"https:\/\/www.esplac.cat\/","name":"Esplac","description":"Esplais Catalans","publisher":{"@id":"https:\/\/www.esplac.cat\/#organization"},"potentialAction":[{"@type":"SearchAction","target":{"@type":"EntryPoint","urlTemplate":"https:\/\/www.esplac.cat\/?s={search_term_string}"},"query-input":{"@type":"PropertyValueSpecification","valueRequired":true,"valueName":"search_term_string"}}],"inLanguage":"en-US"},{"@type":"Organization","@id":"https:\/\/www.esplac.cat\/#organization","name":"Esplac","url":"https:\/\/www.esplac.cat\/","logo":{"@type":"ImageObject","inLanguage":"en-US","@id":"https:\/\/www.esplac.cat\/#\/schema\/logo\/image\/","url":"https:\/\/www.esplac.cat\/wp-content\/uploads\/2019\/08\/logox2.png","contentUrl":"https:\/\/www.esplac.cat\/wp-content\/uploads\/2019\/08\/logox2.png","width":600,"height":295,"caption":"Esplac"},"image":{"@id":"https:\/\/www.esplac.cat\/#\/schema\/logo\/image\/"}},{"@type":"Person","@id":"https:\/\/www.esplac.cat\/#\/schema\/person\/908383cf240be18b68f8855d0583faca","name":"Comunicaci\u00f3 Esplac","image":{"@type":"ImageObject","inLanguage":"en-US","@id":"https:\/\/secure.gravatar.com\/avatar\/7a4cf8feb412a76ea4a740ca02d95b06b2907b5a6c648c2dd0a1082a093c3141?s=96&d=mm&r=g","url":"https:\/\/secure.gravatar.com\/avatar\/7a4cf8feb412a76ea4a740ca02d95b06b2907b5a6c648c2dd0a1082a093c3141?s=96&d=mm&r=g","contentUrl":"https:\/\/secure.gravatar.com\/avatar\/7a4cf8feb412a76ea4a740ca02d95b06b2907b5a6c648c2dd0a1082a093c3141?s=96&d=mm&r=g","caption":"Comunicaci\u00f3 Esplac"}}]}},"_links":{"self":[{"href":"https:\/\/www.esplac.cat\/en\/wp-json\/wp\/v2\/posts\/44554","targetHints":{"allow":["GET"]}}],"collection":[{"href":"https:\/\/www.esplac.cat\/en\/wp-json\/wp\/v2\/posts"}],"about":[{"href":"https:\/\/www.esplac.cat\/en\/wp-json\/wp\/v2\/types\/post"}],"author":[{"embeddable":true,"href":"https:\/\/www.esplac.cat\/en\/wp-json\/wp\/v2\/users\/3"}],"replies":[{"embeddable":true,"href":"https:\/\/www.esplac.cat\/en\/wp-json\/wp\/v2\/comments?post=44554"}],"version-history":[{"count":0,"href":"https:\/\/www.esplac.cat\/en\/wp-json\/wp\/v2\/posts\/44554\/revisions"}],"wp:featuredmedia":[{"embeddable":true,"href":"https:\/\/www.esplac.cat\/en\/wp-json\/wp\/v2\/media\/44567"}],"wp:attachment":[{"href":"https:\/\/www.esplac.cat\/en\/wp-json\/wp\/v2\/media?parent=44554"}],"wp:term":[{"taxonomy":"category","embeddable":true,"href":"https:\/\/www.esplac.cat\/en\/wp-json\/wp\/v2\/categories?post=44554"},{"taxonomy":"post_tag","embeddable":true,"href":"https:\/\/www.esplac.cat\/en\/wp-json\/wp\/v2\/tags?post=44554"}],"curies":[{"name":"wp","href":"https:\/\/api.w.org\/{rel}","templated":true}]}}