{"id":44655,"date":"2023-04-17T12:39:15","date_gmt":"2023-04-17T10:39:15","guid":{"rendered":"https:\/\/www.esplac.cat\/?p=44655"},"modified":"2023-04-17T12:41:58","modified_gmt":"2023-04-17T10:41:58","slug":"tancada-secretaria-tecnica-equico-hostalets-pierola","status":"publish","type":"post","link":"https:\/\/www.esplac.cat\/en\/tancada-secretaria-tecnica-equico-hostalets-pierola\/","title":{"rendered":"Tancada de la Secretaria T\u00e8cnica i l&#8217;Equico a Els Hostalets de Pierola"},"content":{"rendered":"<h6 class=\"fusion-responsive-typography-calculated\" data-fontsize=\"19\" data-lineheight=\"24.7px\"><strong>La Secretaria T\u00e8cnica i l&#8217;Equip de Coordinaci\u00f3 d\u2019Esplac han marxat de tancada a Els Hostalets de Pierola per a continuar treballant en el curs 2022-23.<\/strong><\/h6>\n<p>El divendres 14 d&#8217;abril la Secretaria T\u00e8cnica (ST) van marxar a <strong>Can Roviralta<\/strong> (Els Hostalets de Pierola) per comen\u00e7ar la seva tancada de cohesi\u00f3 i formaci\u00f3. Durant el mat\u00ed l&#8217;equip va aprofitar per fer una formaci\u00f3 sobre <strong>Gesti\u00f3 de conflictes i lideratge<\/strong>, dinamitzada pel <a href=\"https:\/\/somposidonia.org\/\" target=\"_blank\" rel=\"noopener\"><strong><span style=\"color: #f69d0b;\">Col\u00b7lectiu Posid\u00f2nia<\/span><\/strong><\/a>. Durant la tarda, l&#8217;ST va gaudir d&#8217;un espai de cohesi\u00f3 i al vespre s\u2019hi va unir l\u2019Equip de Coordinaci\u00f3 (Equico).<\/p>\n<p>Dissabte al mat\u00ed, aprofitant l&#8217;espai compartit entre l&#8217;ST i l&#8217;Equico, es va treballar al voltant de l&#8217;<strong>atenci\u00f3 personalitzada als esplais<\/strong>. L&#8217;espai va servir per reflexionar sobre les visites d&#8217;estiu a Col\u00f2nies, Campaments i Rutes, aix\u00ed com sobre el retorn de projectes que les Coordinadores de Projectes (CPS) fan als esplais. Van sorgir reflexions i propostes molt interessants, ben aviat rebreu informaci\u00f3 d&#8217;algunes novetats!<\/p>\n<p>Despr\u00e9s d&#8217;un dinar conjunt, l&#8217;Equico es va quedar a Can Roviralta per seguir amb la seva tancada, durant la qual han continuat treballant en els objectius d&#8217;Esplac per al curs 2022-23.<\/p>\n<p>&nbsp;<\/p>\n","protected":false},"excerpt":{"rendered":"<p>La Secretaria T\u00e8cnica i l&#8217;Equip de Coordinaci\u00f3 d\u2019Esplac han marxat [&hellip;]<\/p>\n","protected":false},"author":3,"featured_media":44687,"comment_status":"closed","ping_status":"closed","sticky":false,"template":"","format":"standard","meta":{"om_disable_all_campaigns":false,"_monsterinsights_skip_tracking":false,"_monsterinsights_sitenote_active":false,"_monsterinsights_sitenote_note":"","_monsterinsights_sitenote_category":0,"_uf_show_specific_survey":0,"_uf_disable_surveys":false,"footnotes":""},"categories":[1339,1],"tags":[],"class_list":["post-44655","post","type-post","status-publish","format-standard","has-post-thumbnail","hentry","category-equip-de-coordinacio","category-sense-categoria"],"yoast_head":"<!-- This site is optimized with the Yoast SEO plugin v27.5 - https:\/\/yoast.com\/product\/yoast-seo-wordpress\/ -->\n<title>Tancada de l&#039;ST i l&#039;Equico a Els Hostalets de Pierola<\/title>\n<meta name=\"description\" content=\"La Secretaria T\u00e8cnica i l&#039;Equip de Coordinaci\u00f3 d\u2019Esplac han marxat de tancada a Els Hostalets de Pierola per a seguir treballant en el curs 2022-23.\" \/>\n<meta name=\"robots\" content=\"index, follow, max-snippet:-1, max-image-preview:large, max-video-preview:-1\" \/>\n<link rel=\"canonical\" href=\"https:\/\/www.esplac.cat\/tancada-secretaria-tecnica-equico-hostalets-pierola\/\" \/>\n<meta property=\"og:locale\" content=\"en_US\" \/>\n<meta property=\"og:type\" content=\"article\" \/>\n<meta property=\"og:title\" content=\"Tancada de l&#039;ST i l&#039;Equico a Els Hostalets de Pierola\" \/>\n<meta property=\"og:description\" content=\"La Secretaria T\u00e8cnica i l&#039;Equip de Coordinaci\u00f3 d\u2019Esplac han marxat de tancada a Els Hostalets de Pierola per a seguir treballant en el curs 2022-23.\" \/>\n<meta property=\"og:url\" content=\"https:\/\/www.esplac.cat\/tancada-secretaria-tecnica-equico-hostalets-pierola\/\" \/>\n<meta property=\"og:site_name\" content=\"Esplac\" \/>\n<meta property=\"article:published_time\" content=\"2023-04-17T10:39:15+00:00\" \/>\n<meta property=\"article:modified_time\" content=\"2023-04-17T10:41:58+00:00\" \/>\n<meta property=\"og:image\" content=\"https:\/\/www.esplac.cat\/wp-content\/uploads\/2023\/04\/Portades-web-4.jpg\" \/>\n\t<meta property=\"og:image:width\" content=\"1694\" \/>\n\t<meta property=\"og:image:height\" content=\"700\" \/>\n\t<meta property=\"og:image:type\" content=\"image\/jpeg\" \/>\n<meta name=\"author\" content=\"Comunicaci\u00f3 Esplac\" \/>\n<meta name=\"twitter:card\" content=\"summary_large_image\" \/>\n<meta name=\"twitter:label1\" content=\"Written by\" \/>\n\t<meta name=\"twitter:data1\" content=\"Comunicaci\u00f3 Esplac\" \/>\n\t<meta name=\"twitter:label2\" content=\"Est. reading time\" \/>\n\t<meta name=\"twitter:data2\" content=\"2 minutes\" \/>\n<script type=\"application\/ld+json\" class=\"yoast-schema-graph\">{\"@context\":\"https:\\\/\\\/schema.org\",\"@graph\":[{\"@type\":\"Article\",\"@id\":\"https:\\\/\\\/www.esplac.cat\\\/tancada-secretaria-tecnica-equico-hostalets-pierola\\\/#article\",\"isPartOf\":{\"@id\":\"https:\\\/\\\/www.esplac.cat\\\/tancada-secretaria-tecnica-equico-hostalets-pierola\\\/\"},\"author\":{\"name\":\"Comunicaci\u00f3 Esplac\",\"@id\":\"https:\\\/\\\/www.esplac.cat\\\/#\\\/schema\\\/person\\\/908383cf240be18b68f8855d0583faca\"},\"headline\":\"Tancada de la Secretaria T\u00e8cnica i l&#8217;Equico a Els Hostalets de Pierola\",\"datePublished\":\"2023-04-17T10:39:15+00:00\",\"dateModified\":\"2023-04-17T10:41:58+00:00\",\"mainEntityOfPage\":{\"@id\":\"https:\\\/\\\/www.esplac.cat\\\/tancada-secretaria-tecnica-equico-hostalets-pierola\\\/\"},\"wordCount\":224,\"publisher\":{\"@id\":\"https:\\\/\\\/www.esplac.cat\\\/#organization\"},\"image\":{\"@id\":\"https:\\\/\\\/www.esplac.cat\\\/tancada-secretaria-tecnica-equico-hostalets-pierola\\\/#primaryimage\"},\"thumbnailUrl\":\"https:\\\/\\\/www.esplac.cat\\\/wp-content\\\/uploads\\\/2023\\\/04\\\/Portades-web-4.jpg\",\"articleSection\":[\"Equip de Coordinaci\u00f3\",\"Sense categoria\"],\"inLanguage\":\"en-US\"},{\"@type\":\"WebPage\",\"@id\":\"https:\\\/\\\/www.esplac.cat\\\/tancada-secretaria-tecnica-equico-hostalets-pierola\\\/\",\"url\":\"https:\\\/\\\/www.esplac.cat\\\/tancada-secretaria-tecnica-equico-hostalets-pierola\\\/\",\"name\":\"Tancada de l'ST i l'Equico a Els Hostalets de Pierola\",\"isPartOf\":{\"@id\":\"https:\\\/\\\/www.esplac.cat\\\/#website\"},\"primaryImageOfPage\":{\"@id\":\"https:\\\/\\\/www.esplac.cat\\\/tancada-secretaria-tecnica-equico-hostalets-pierola\\\/#primaryimage\"},\"image\":{\"@id\":\"https:\\\/\\\/www.esplac.cat\\\/tancada-secretaria-tecnica-equico-hostalets-pierola\\\/#primaryimage\"},\"thumbnailUrl\":\"https:\\\/\\\/www.esplac.cat\\\/wp-content\\\/uploads\\\/2023\\\/04\\\/Portades-web-4.jpg\",\"datePublished\":\"2023-04-17T10:39:15+00:00\",\"dateModified\":\"2023-04-17T10:41:58+00:00\",\"description\":\"La Secretaria T\u00e8cnica i l'Equip de Coordinaci\u00f3 d\u2019Esplac han marxat de tancada a Els Hostalets de Pierola per a seguir treballant en el curs 2022-23.\",\"breadcrumb\":{\"@id\":\"https:\\\/\\\/www.esplac.cat\\\/tancada-secretaria-tecnica-equico-hostalets-pierola\\\/#breadcrumb\"},\"inLanguage\":\"en-US\",\"potentialAction\":[{\"@type\":\"ReadAction\",\"target\":[\"https:\\\/\\\/www.esplac.cat\\\/tancada-secretaria-tecnica-equico-hostalets-pierola\\\/\"]}]},{\"@type\":\"ImageObject\",\"inLanguage\":\"en-US\",\"@id\":\"https:\\\/\\\/www.esplac.cat\\\/tancada-secretaria-tecnica-equico-hostalets-pierola\\\/#primaryimage\",\"url\":\"https:\\\/\\\/www.esplac.cat\\\/wp-content\\\/uploads\\\/2023\\\/04\\\/Portades-web-4.jpg\",\"contentUrl\":\"https:\\\/\\\/www.esplac.cat\\\/wp-content\\\/uploads\\\/2023\\\/04\\\/Portades-web-4.jpg\",\"width\":1694,\"height\":700,\"caption\":\"Tanca Secretaria T\u00e8cnica i Equico\"},{\"@type\":\"BreadcrumbList\",\"@id\":\"https:\\\/\\\/www.esplac.cat\\\/tancada-secretaria-tecnica-equico-hostalets-pierola\\\/#breadcrumb\",\"itemListElement\":[{\"@type\":\"ListItem\",\"position\":1,\"name\":\"Inici\",\"item\":\"https:\\\/\\\/www.esplac.cat\\\/en\\\/\"},{\"@type\":\"ListItem\",\"position\":2,\"name\":\"Tancada de la Secretaria T\u00e8cnica i l&#8217;Equico a Els Hostalets de Pierola\"}]},{\"@type\":\"WebSite\",\"@id\":\"https:\\\/\\\/www.esplac.cat\\\/#website\",\"url\":\"https:\\\/\\\/www.esplac.cat\\\/\",\"name\":\"Esplac\",\"description\":\"Esplais Catalans\",\"publisher\":{\"@id\":\"https:\\\/\\\/www.esplac.cat\\\/#organization\"},\"potentialAction\":[{\"@type\":\"SearchAction\",\"target\":{\"@type\":\"EntryPoint\",\"urlTemplate\":\"https:\\\/\\\/www.esplac.cat\\\/?s={search_term_string}\"},\"query-input\":{\"@type\":\"PropertyValueSpecification\",\"valueRequired\":true,\"valueName\":\"search_term_string\"}}],\"inLanguage\":\"en-US\"},{\"@type\":\"Organization\",\"@id\":\"https:\\\/\\\/www.esplac.cat\\\/#organization\",\"name\":\"Esplac\",\"url\":\"https:\\\/\\\/www.esplac.cat\\\/\",\"logo\":{\"@type\":\"ImageObject\",\"inLanguage\":\"en-US\",\"@id\":\"https:\\\/\\\/www.esplac.cat\\\/#\\\/schema\\\/logo\\\/image\\\/\",\"url\":\"https:\\\/\\\/www.esplac.cat\\\/wp-content\\\/uploads\\\/2019\\\/08\\\/logox2.png\",\"contentUrl\":\"https:\\\/\\\/www.esplac.cat\\\/wp-content\\\/uploads\\\/2019\\\/08\\\/logox2.png\",\"width\":600,\"height\":295,\"caption\":\"Esplac\"},\"image\":{\"@id\":\"https:\\\/\\\/www.esplac.cat\\\/#\\\/schema\\\/logo\\\/image\\\/\"}},{\"@type\":\"Person\",\"@id\":\"https:\\\/\\\/www.esplac.cat\\\/#\\\/schema\\\/person\\\/908383cf240be18b68f8855d0583faca\",\"name\":\"Comunicaci\u00f3 Esplac\",\"image\":{\"@type\":\"ImageObject\",\"inLanguage\":\"en-US\",\"@id\":\"https:\\\/\\\/secure.gravatar.com\\\/avatar\\\/7a4cf8feb412a76ea4a740ca02d95b06b2907b5a6c648c2dd0a1082a093c3141?s=96&d=mm&r=g\",\"url\":\"https:\\\/\\\/secure.gravatar.com\\\/avatar\\\/7a4cf8feb412a76ea4a740ca02d95b06b2907b5a6c648c2dd0a1082a093c3141?s=96&d=mm&r=g\",\"contentUrl\":\"https:\\\/\\\/secure.gravatar.com\\\/avatar\\\/7a4cf8feb412a76ea4a740ca02d95b06b2907b5a6c648c2dd0a1082a093c3141?s=96&d=mm&r=g\",\"caption\":\"Comunicaci\u00f3 Esplac\"}}]}<\/script>\n<!-- \/ Yoast SEO plugin. -->","yoast_head_json":{"title":"Tancada de l'ST i l'Equico a Els Hostalets de Pierola","description":"La Secretaria T\u00e8cnica i l'Equip de Coordinaci\u00f3 d\u2019Esplac han marxat de tancada a Els Hostalets de Pierola per a seguir treballant en el curs 2022-23.","robots":{"index":"index","follow":"follow","max-snippet":"max-snippet:-1","max-image-preview":"max-image-preview:large","max-video-preview":"max-video-preview:-1"},"canonical":"https:\/\/www.esplac.cat\/tancada-secretaria-tecnica-equico-hostalets-pierola\/","og_locale":"en_US","og_type":"article","og_title":"Tancada de l'ST i l'Equico a Els Hostalets de Pierola","og_description":"La Secretaria T\u00e8cnica i l'Equip de Coordinaci\u00f3 d\u2019Esplac han marxat de tancada a Els Hostalets de Pierola per a seguir treballant en el curs 2022-23.","og_url":"https:\/\/www.esplac.cat\/tancada-secretaria-tecnica-equico-hostalets-pierola\/","og_site_name":"Esplac","article_published_time":"2023-04-17T10:39:15+00:00","article_modified_time":"2023-04-17T10:41:58+00:00","og_image":[{"width":1694,"height":700,"url":"https:\/\/www.esplac.cat\/wp-content\/uploads\/2023\/04\/Portades-web-4.jpg","type":"image\/jpeg"}],"author":"Comunicaci\u00f3 Esplac","twitter_card":"summary_large_image","twitter_misc":{"Written by":"Comunicaci\u00f3 Esplac","Est. reading time":"2 minutes"},"schema":{"@context":"https:\/\/schema.org","@graph":[{"@type":"Article","@id":"https:\/\/www.esplac.cat\/tancada-secretaria-tecnica-equico-hostalets-pierola\/#article","isPartOf":{"@id":"https:\/\/www.esplac.cat\/tancada-secretaria-tecnica-equico-hostalets-pierola\/"},"author":{"name":"Comunicaci\u00f3 Esplac","@id":"https:\/\/www.esplac.cat\/#\/schema\/person\/908383cf240be18b68f8855d0583faca"},"headline":"Tancada de la Secretaria T\u00e8cnica i l&#8217;Equico a Els Hostalets de Pierola","datePublished":"2023-04-17T10:39:15+00:00","dateModified":"2023-04-17T10:41:58+00:00","mainEntityOfPage":{"@id":"https:\/\/www.esplac.cat\/tancada-secretaria-tecnica-equico-hostalets-pierola\/"},"wordCount":224,"publisher":{"@id":"https:\/\/www.esplac.cat\/#organization"},"image":{"@id":"https:\/\/www.esplac.cat\/tancada-secretaria-tecnica-equico-hostalets-pierola\/#primaryimage"},"thumbnailUrl":"https:\/\/www.esplac.cat\/wp-content\/uploads\/2023\/04\/Portades-web-4.jpg","articleSection":["Equip de Coordinaci\u00f3","Sense categoria"],"inLanguage":"en-US"},{"@type":"WebPage","@id":"https:\/\/www.esplac.cat\/tancada-secretaria-tecnica-equico-hostalets-pierola\/","url":"https:\/\/www.esplac.cat\/tancada-secretaria-tecnica-equico-hostalets-pierola\/","name":"Tancada de l'ST i l'Equico a Els Hostalets de Pierola","isPartOf":{"@id":"https:\/\/www.esplac.cat\/#website"},"primaryImageOfPage":{"@id":"https:\/\/www.esplac.cat\/tancada-secretaria-tecnica-equico-hostalets-pierola\/#primaryimage"},"image":{"@id":"https:\/\/www.esplac.cat\/tancada-secretaria-tecnica-equico-hostalets-pierola\/#primaryimage"},"thumbnailUrl":"https:\/\/www.esplac.cat\/wp-content\/uploads\/2023\/04\/Portades-web-4.jpg","datePublished":"2023-04-17T10:39:15+00:00","dateModified":"2023-04-17T10:41:58+00:00","description":"La Secretaria T\u00e8cnica i l'Equip de Coordinaci\u00f3 d\u2019Esplac han marxat de tancada a Els Hostalets de Pierola per a seguir treballant en el curs 2022-23.","breadcrumb":{"@id":"https:\/\/www.esplac.cat\/tancada-secretaria-tecnica-equico-hostalets-pierola\/#breadcrumb"},"inLanguage":"en-US","potentialAction":[{"@type":"ReadAction","target":["https:\/\/www.esplac.cat\/tancada-secretaria-tecnica-equico-hostalets-pierola\/"]}]},{"@type":"ImageObject","inLanguage":"en-US","@id":"https:\/\/www.esplac.cat\/tancada-secretaria-tecnica-equico-hostalets-pierola\/#primaryimage","url":"https:\/\/www.esplac.cat\/wp-content\/uploads\/2023\/04\/Portades-web-4.jpg","contentUrl":"https:\/\/www.esplac.cat\/wp-content\/uploads\/2023\/04\/Portades-web-4.jpg","width":1694,"height":700,"caption":"Tanca Secretaria T\u00e8cnica i Equico"},{"@type":"BreadcrumbList","@id":"https:\/\/www.esplac.cat\/tancada-secretaria-tecnica-equico-hostalets-pierola\/#breadcrumb","itemListElement":[{"@type":"ListItem","position":1,"name":"Inici","item":"https:\/\/www.esplac.cat\/en\/"},{"@type":"ListItem","position":2,"name":"Tancada de la Secretaria T\u00e8cnica i l&#8217;Equico a Els Hostalets de Pierola"}]},{"@type":"WebSite","@id":"https:\/\/www.esplac.cat\/#website","url":"https:\/\/www.esplac.cat\/","name":"Esplac","description":"Esplais Catalans","publisher":{"@id":"https:\/\/www.esplac.cat\/#organization"},"potentialAction":[{"@type":"SearchAction","target":{"@type":"EntryPoint","urlTemplate":"https:\/\/www.esplac.cat\/?s={search_term_string}"},"query-input":{"@type":"PropertyValueSpecification","valueRequired":true,"valueName":"search_term_string"}}],"inLanguage":"en-US"},{"@type":"Organization","@id":"https:\/\/www.esplac.cat\/#organization","name":"Esplac","url":"https:\/\/www.esplac.cat\/","logo":{"@type":"ImageObject","inLanguage":"en-US","@id":"https:\/\/www.esplac.cat\/#\/schema\/logo\/image\/","url":"https:\/\/www.esplac.cat\/wp-content\/uploads\/2019\/08\/logox2.png","contentUrl":"https:\/\/www.esplac.cat\/wp-content\/uploads\/2019\/08\/logox2.png","width":600,"height":295,"caption":"Esplac"},"image":{"@id":"https:\/\/www.esplac.cat\/#\/schema\/logo\/image\/"}},{"@type":"Person","@id":"https:\/\/www.esplac.cat\/#\/schema\/person\/908383cf240be18b68f8855d0583faca","name":"Comunicaci\u00f3 Esplac","image":{"@type":"ImageObject","inLanguage":"en-US","@id":"https:\/\/secure.gravatar.com\/avatar\/7a4cf8feb412a76ea4a740ca02d95b06b2907b5a6c648c2dd0a1082a093c3141?s=96&d=mm&r=g","url":"https:\/\/secure.gravatar.com\/avatar\/7a4cf8feb412a76ea4a740ca02d95b06b2907b5a6c648c2dd0a1082a093c3141?s=96&d=mm&r=g","contentUrl":"https:\/\/secure.gravatar.com\/avatar\/7a4cf8feb412a76ea4a740ca02d95b06b2907b5a6c648c2dd0a1082a093c3141?s=96&d=mm&r=g","caption":"Comunicaci\u00f3 Esplac"}}]}},"_links":{"self":[{"href":"https:\/\/www.esplac.cat\/en\/wp-json\/wp\/v2\/posts\/44655","targetHints":{"allow":["GET"]}}],"collection":[{"href":"https:\/\/www.esplac.cat\/en\/wp-json\/wp\/v2\/posts"}],"about":[{"href":"https:\/\/www.esplac.cat\/en\/wp-json\/wp\/v2\/types\/post"}],"author":[{"embeddable":true,"href":"https:\/\/www.esplac.cat\/en\/wp-json\/wp\/v2\/users\/3"}],"replies":[{"embeddable":true,"href":"https:\/\/www.esplac.cat\/en\/wp-json\/wp\/v2\/comments?post=44655"}],"version-history":[{"count":0,"href":"https:\/\/www.esplac.cat\/en\/wp-json\/wp\/v2\/posts\/44655\/revisions"}],"wp:featuredmedia":[{"embeddable":true,"href":"https:\/\/www.esplac.cat\/en\/wp-json\/wp\/v2\/media\/44687"}],"wp:attachment":[{"href":"https:\/\/www.esplac.cat\/en\/wp-json\/wp\/v2\/media?parent=44655"}],"wp:term":[{"taxonomy":"category","embeddable":true,"href":"https:\/\/www.esplac.cat\/en\/wp-json\/wp\/v2\/categories?post=44655"},{"taxonomy":"post_tag","embeddable":true,"href":"https:\/\/www.esplac.cat\/en\/wp-json\/wp\/v2\/tags?post=44655"}],"curies":[{"name":"wp","href":"https:\/\/api.w.org\/{rel}","templated":true}]}}