{"id":45113,"date":"2023-05-05T12:46:52","date_gmt":"2023-05-05T10:46:52","guid":{"rendered":"https:\/\/www.esplac.cat\/?p=45113"},"modified":"2023-05-05T12:46:52","modified_gmt":"2023-05-05T10:46:52","slug":"associacionisme-educatiu-uneix-manifestacio-unitaria-campanya-deslocalitzades","status":"publish","type":"post","link":"https:\/\/www.esplac.cat\/en\/associacionisme-educatiu-uneix-manifestacio-unitaria-campanya-deslocalitzades\/","title":{"rendered":"L\u2019associacionisme educatiu s\u2019uneix a la manifestaci\u00f3 unit\u00e0ria de la campanya \u2018Deslocalitzades: es busquen locals dignes!\u2019"},"content":{"rendered":"<h5><strong>El proper dissabte 6 de maig les principals entitats de l&#8217;associacionisme educatiu de Catalunya ens manifestarem a Barcelona en el marc de la campanya <span style=\"color: #333333;\">\u2018Deslocalitzades: es busquen locals dignes\u2019.<\/span><\/strong><\/h5>\n<p><strong style=\"font-size: 16px;\"><span style=\"color: #f69d0b;\">\u2018<a style=\"color: #f69d0b;\" href=\"https:\/\/www.esplac.cat\/deslocalitzades\/\">Deslocalitzades: es busquen locals dignes<\/a>\u2019<\/span> <\/strong>\u00e9s una campanya que <b>reclama establiments p\u00fablics on poder fer esplai i cau<\/b><span style=\"font-weight: 400;\">, aix\u00ed com pret\u00e9n visibilitzar la precarietat dels locals en qu\u00e8 les entitats de l\u2019associacionisme educatiu hem de dur a terme la nostra tasca. <\/span>En l\u2019actualitat, <b>1 de cada 10 esplais d\u2019Esplac no t\u00e9 local<\/b>, m\u00e9s del 75% dels esplais no tenen capacitat de plena decisi\u00f3 sobre el local i un 64% disposen de males o justes condicions sanit\u00e0ries o de seguretat.<\/p>\n<p><span style=\"font-weight: 400;\">La iniciativa,<\/span><span style=\"font-weight: 400;\"> impulsada per Esplac, <\/span>neix de la inquietud de l\u2019associaci\u00f3 per <strong>disposar de locals dignes davant d\u2019una situaci\u00f3 que no millora<\/strong> i que fa cada cop m\u00e9s dif\u00edcil accedir a locals en bones condicions<span style=\"font-weight: 400;\">. La pujada de preu dels lloguers i de la vida, la manca de facilitacions per part de l\u2019administraci\u00f3 a accedir a espais p\u00fablics o la falta de confian\u00e7a en les persones joves autoorganitzades en s\u00f3n algunes de les causes principals.<\/span><\/p>\n<p><a href=\"https:\/\/www.accioescolta.cat\/\"><b><span style=\"color: #f69d0b;\">Acci\u00f3 Escolta<\/span><\/b><\/a><span style=\"font-weight: 400;\">, <\/span><a href=\"https:\/\/www.escoltesiguies.cat\/\"><b><span style=\"color: #f69d0b;\">Minyons Escoltes i Guies de Catalunya<\/span><\/b><\/a><span style=\"font-weight: 400;\">, <\/span><span style=\"color: #f69d0b;\"><a style=\"color: #f69d0b;\" href=\"https:\/\/www.escoltes.org\/\"><b>Escoltes Catalans<\/b><\/a><\/span><span style=\"font-weight: 400;\">, <\/span><span style=\"color: #f69d0b;\"><a style=\"color: #f69d0b;\" href=\"https:\/\/www.peretarres.org\/mcecc\"><b>Moviment de Centres d\u2019Esplai Cristians<\/b><\/a><\/span><span style=\"font-weight: 400;\"> i <\/span><span style=\"color: #f69d0b;\"><a style=\"color: #f69d0b;\" href=\"http:\/\/casalsdejoves.org\/\"><b>Casals de Joves<\/b><\/a><\/span><span style=\"font-weight: 400;\"> s\u2019han adherit a la campanya, que tamb\u00e9 compta amb el suport de diverses entitats com el <\/span><span style=\"color: #f69d0b;\"><a style=\"color: #f69d0b;\" href=\"https:\/\/www.cjb.cat\/\"><b>Consell de la Juventut de Barcelona<\/b><\/a><\/span><span style=\"font-weight: 400;\"> o el <\/span><span style=\"color: #f69d0b;\"><a style=\"color: #f69d0b;\" href=\"https:\/\/cnjc.cat\/ca\"><b>Consell Nacional de la Juventut de Catalunya<\/b><\/a><\/span><span style=\"font-weight: 400;\">.\u00a0<\/span><\/p>\n<p><span style=\"font-weight: 400;\">La <\/span><b>manifestaci\u00f3 del dissabte 6 de maig<\/b><span style=\"font-weight: 400;\"> vol visibilitzar la realitat de l\u2019associacionisme educatiu i fer pressi\u00f3 a les institucions sobre la import\u00e0ncia de tenir un local digne on realitzar la nostra tasca pedag\u00f2gica. La convocat\u00f2ria arrencar\u00e0 a les <\/span><b>18:00h a Pla\u00e7a Universitat<\/b><span style=\"font-weight: 400;\"> i finalitzar\u00e0 a Pla\u00e7a Sant Jaume amb la lectura d\u2019un manifest conjunt. A m\u00e9s, durant el mat\u00ed s\u2019han convocat accions descentralitzades arreu del territori.\u00a0<\/span><\/p>\n<p><strong>Estigueu atentes a les xarxes de campanya per no perdre-us cap detall!<\/strong><\/p>\n<blockquote class=\"instagram-media\" style=\"background: #FFF; border: 0; border-radius: 3px; box-shadow: 0 0 1px 0 rgba(0,0,0,0.5),0 1px 10px 0 rgba(0,0,0,0.15); margin: 1px; max-width: 540px; min-width: 326px; padding: 0; width: calc(100% - 2px);\" data-instgrm-captioned=\"\" data-instgrm-permalink=\"https:\/\/www.instagram.com\/reel\/CqXxw3sI162\/?utm_source=ig_embed&amp;utm_campaign=loading\" data-instgrm-version=\"14\">\n<div style=\"padding: 16px;\">\n<p>&nbsp;<\/p>\n<div style=\"display: flex; flex-direction: row; align-items: center;\">\n<div style=\"background-color: #f4f4f4; border-radius: 50%; flex-grow: 0; height: 40px; margin-right: 14px; width: 40px;\"><\/div>\n<div style=\"display: flex; flex-direction: column; flex-grow: 1; justify-content: center;\">\n<div style=\"background-color: #f4f4f4; border-radius: 4px; flex-grow: 0; height: 14px; margin-bottom: 6px; width: 100px;\"><\/div>\n<div style=\"background-color: #f4f4f4; border-radius: 4px; flex-grow: 0; height: 14px; width: 60px;\"><\/div>\n<\/div>\n<\/div>\n<div style=\"padding: 19% 0;\"><\/div>\n<div style=\"display: block; height: 50px; margin: 0 auto 12px; width: 50px;\"><\/div>\n<div style=\"padding-top: 8px;\">\n<div style=\"color: #3897f0; font-family: Arial,sans-serif; font-size: 14px; font-style: normal; font-weight: 550; line-height: 18px;\">View this post on Instagram<\/div>\n<\/div>\n<div style=\"padding: 12.5% 0;\"><\/div>\n<div style=\"display: flex; flex-direction: row; margin-bottom: 14px; align-items: center;\">\n<div>\n<div style=\"background-color: #f4f4f4; border-radius: 50%; height: 12.5px; width: 12.5px; transform: translateX(0px) translateY(7px);\"><\/div>\n<div style=\"background-color: #f4f4f4; height: 12.5px; transform: rotate(-45deg) translateX(3px) translateY(1px); width: 12.5px; flex-grow: 0; margin-right: 14px; margin-left: 2px;\"><\/div>\n<div style=\"background-color: #f4f4f4; border-radius: 50%; height: 12.5px; width: 12.5px; transform: translateX(9px) translateY(-18px);\"><\/div>\n<\/div>\n<div style=\"margin-left: 8px;\">\n<div style=\"background-color: #f4f4f4; border-radius: 50%; flex-grow: 0; height: 20px; width: 20px;\"><\/div>\n<div style=\"width: 0; height: 0; border-top: 2px solid transparent; border-left: 6px solid #f4f4f4; border-bottom: 2px solid transparent; transform: translateX(16px) translateY(-4px) rotate(30deg);\"><\/div>\n<\/div>\n<div style=\"margin-left: auto;\">\n<div style=\"width: 0px; border-top: 8px solid #F4F4F4; border-right: 8px solid transparent; transform: translateY(16px);\"><\/div>\n<div style=\"background-color: #f4f4f4; flex-grow: 0; height: 12px; width: 16px; transform: translateY(-4px);\"><\/div>\n<div style=\"width: 0; height: 0; border-top: 8px solid #F4F4F4; border-left: 8px solid transparent; transform: translateY(-4px) translateX(8px);\"><\/div>\n<\/div>\n<\/div>\n<div style=\"display: flex; flex-direction: column; flex-grow: 1; justify-content: center; margin-bottom: 24px;\">\n<div style=\"background-color: #f4f4f4; border-radius: 4px; flex-grow: 0; height: 14px; margin-bottom: 6px; width: 224px;\"><\/div>\n<div style=\"background-color: #f4f4f4; border-radius: 4px; flex-grow: 0; height: 14px; width: 144px;\"><\/div>\n<\/div>\n<p>&nbsp;<\/p>\n<p style=\"color: #c9c8cd; font-family: Arial,sans-serif; font-size: 14px; line-height: 17px; margin-bottom: 0; margin-top: 8px; overflow: hidden; padding: 8px 0 7px; text-align: center; text-overflow: ellipsis; white-space: nowrap;\"><a style=\"color: #c9c8cd; font-family: Arial,sans-serif; font-size: 14px; font-style: normal; font-weight: normal; line-height: 17px; text-decoration: none;\" href=\"https:\/\/www.instagram.com\/reel\/CqXxw3sI162\/?utm_source=ig_embed&amp;utm_campaign=loading\" target=\"_blank\" rel=\"noopener\">A post shared by Deslocalitzades (@deslocalitzades)<\/a><\/p>\n<\/div>\n<\/blockquote>\n<p><script async src=\"\/\/www.instagram.com\/embed.js\"><\/script><\/p>\n","protected":false},"excerpt":{"rendered":"<p>El proper dissabte 6 de maig les principals entitats de [&hellip;]<\/p>\n","protected":false},"author":3,"featured_media":45116,"comment_status":"closed","ping_status":"closed","sticky":false,"template":"","format":"standard","meta":{"om_disable_all_campaigns":false,"_monsterinsights_skip_tracking":false,"_monsterinsights_sitenote_active":false,"_monsterinsights_sitenote_note":"","_monsterinsights_sitenote_category":0,"_uf_show_specific_survey":0,"_uf_disable_surveys":false,"footnotes":""},"categories":[1111,1338,1,1396],"tags":[],"class_list":["post-45113","post","type-post","status-publish","format-standard","has-post-thumbnail","hentry","category-activitats-esplac","category-locals-i-territori","category-sense-categoria","category-socies"],"yoast_head":"<!-- This site is optimized with the Yoast SEO plugin v27.4 - https:\/\/yoast.com\/product\/yoast-seo-wordpress\/ -->\n<title>L\u2019associacionisme es manifesta per reclamar locals dignes<\/title>\n<meta name=\"description\" content=\"El dissabte 6 de maig l&#039;associacionisme educatiu de Catalunya ens manifestarem a Barcelona en el marc de la campanya Deslocalitzades.\" \/>\n<meta name=\"robots\" content=\"index, follow, max-snippet:-1, max-image-preview:large, max-video-preview:-1\" \/>\n<link rel=\"canonical\" href=\"https:\/\/www.esplac.cat\/associacionisme-educatiu-uneix-manifestacio-unitaria-campanya-deslocalitzades\/\" \/>\n<meta property=\"og:locale\" content=\"en_US\" \/>\n<meta property=\"og:type\" content=\"article\" \/>\n<meta property=\"og:title\" content=\"L\u2019associacionisme es manifesta per reclamar locals dignes\" \/>\n<meta property=\"og:description\" content=\"El dissabte 6 de maig l&#039;associacionisme educatiu de Catalunya ens manifestarem a Barcelona en el marc de la campanya Deslocalitzades.\" \/>\n<meta property=\"og:url\" content=\"https:\/\/www.esplac.cat\/associacionisme-educatiu-uneix-manifestacio-unitaria-campanya-deslocalitzades\/\" \/>\n<meta property=\"og:site_name\" content=\"Esplac\" \/>\n<meta property=\"article:published_time\" content=\"2023-05-05T10:46:52+00:00\" \/>\n<meta property=\"og:image\" content=\"https:\/\/www.esplac.cat\/wp-content\/uploads\/2023\/05\/Portades-web-1-1.jpg\" \/>\n\t<meta property=\"og:image:width\" content=\"1694\" \/>\n\t<meta property=\"og:image:height\" content=\"700\" \/>\n\t<meta property=\"og:image:type\" content=\"image\/jpeg\" \/>\n<meta name=\"author\" content=\"Comunicaci\u00f3 Esplac\" \/>\n<meta name=\"twitter:card\" content=\"summary_large_image\" \/>\n<meta name=\"twitter:label1\" content=\"Written by\" \/>\n\t<meta name=\"twitter:data1\" content=\"Comunicaci\u00f3 Esplac\" \/>\n\t<meta name=\"twitter:label2\" content=\"Est. reading time\" \/>\n\t<meta name=\"twitter:data2\" content=\"2 minutes\" \/>\n<script type=\"application\/ld+json\" class=\"yoast-schema-graph\">{\"@context\":\"https:\\\/\\\/schema.org\",\"@graph\":[{\"@type\":\"Article\",\"@id\":\"https:\\\/\\\/www.esplac.cat\\\/associacionisme-educatiu-uneix-manifestacio-unitaria-campanya-deslocalitzades\\\/#article\",\"isPartOf\":{\"@id\":\"https:\\\/\\\/www.esplac.cat\\\/associacionisme-educatiu-uneix-manifestacio-unitaria-campanya-deslocalitzades\\\/\"},\"author\":{\"name\":\"Comunicaci\u00f3 Esplac\",\"@id\":\"https:\\\/\\\/www.esplac.cat\\\/#\\\/schema\\\/person\\\/908383cf240be18b68f8855d0583faca\"},\"headline\":\"L\u2019associacionisme educatiu s\u2019uneix a la manifestaci\u00f3 unit\u00e0ria de la campanya \u2018Deslocalitzades: es busquen locals dignes!\u2019\",\"datePublished\":\"2023-05-05T10:46:52+00:00\",\"mainEntityOfPage\":{\"@id\":\"https:\\\/\\\/www.esplac.cat\\\/associacionisme-educatiu-uneix-manifestacio-unitaria-campanya-deslocalitzades\\\/\"},\"wordCount\":364,\"publisher\":{\"@id\":\"https:\\\/\\\/www.esplac.cat\\\/#organization\"},\"image\":{\"@id\":\"https:\\\/\\\/www.esplac.cat\\\/associacionisme-educatiu-uneix-manifestacio-unitaria-campanya-deslocalitzades\\\/#primaryimage\"},\"thumbnailUrl\":\"https:\\\/\\\/www.esplac.cat\\\/wp-content\\\/uploads\\\/2023\\\/05\\\/Portades-web-1-1.jpg\",\"articleSection\":[\"Activitats esplac\",\"Locals i Territori\",\"Sense categoria\",\"S\u00f2cies\"],\"inLanguage\":\"en-US\"},{\"@type\":\"WebPage\",\"@id\":\"https:\\\/\\\/www.esplac.cat\\\/associacionisme-educatiu-uneix-manifestacio-unitaria-campanya-deslocalitzades\\\/\",\"url\":\"https:\\\/\\\/www.esplac.cat\\\/associacionisme-educatiu-uneix-manifestacio-unitaria-campanya-deslocalitzades\\\/\",\"name\":\"L\u2019associacionisme es manifesta per reclamar locals dignes\",\"isPartOf\":{\"@id\":\"https:\\\/\\\/www.esplac.cat\\\/#website\"},\"primaryImageOfPage\":{\"@id\":\"https:\\\/\\\/www.esplac.cat\\\/associacionisme-educatiu-uneix-manifestacio-unitaria-campanya-deslocalitzades\\\/#primaryimage\"},\"image\":{\"@id\":\"https:\\\/\\\/www.esplac.cat\\\/associacionisme-educatiu-uneix-manifestacio-unitaria-campanya-deslocalitzades\\\/#primaryimage\"},\"thumbnailUrl\":\"https:\\\/\\\/www.esplac.cat\\\/wp-content\\\/uploads\\\/2023\\\/05\\\/Portades-web-1-1.jpg\",\"datePublished\":\"2023-05-05T10:46:52+00:00\",\"description\":\"El dissabte 6 de maig l'associacionisme educatiu de Catalunya ens manifestarem a Barcelona en el marc de la campanya Deslocalitzades.\",\"breadcrumb\":{\"@id\":\"https:\\\/\\\/www.esplac.cat\\\/associacionisme-educatiu-uneix-manifestacio-unitaria-campanya-deslocalitzades\\\/#breadcrumb\"},\"inLanguage\":\"en-US\",\"potentialAction\":[{\"@type\":\"ReadAction\",\"target\":[\"https:\\\/\\\/www.esplac.cat\\\/associacionisme-educatiu-uneix-manifestacio-unitaria-campanya-deslocalitzades\\\/\"]}]},{\"@type\":\"ImageObject\",\"inLanguage\":\"en-US\",\"@id\":\"https:\\\/\\\/www.esplac.cat\\\/associacionisme-educatiu-uneix-manifestacio-unitaria-campanya-deslocalitzades\\\/#primaryimage\",\"url\":\"https:\\\/\\\/www.esplac.cat\\\/wp-content\\\/uploads\\\/2023\\\/05\\\/Portades-web-1-1.jpg\",\"contentUrl\":\"https:\\\/\\\/www.esplac.cat\\\/wp-content\\\/uploads\\\/2023\\\/05\\\/Portades-web-1-1.jpg\",\"width\":1694,\"height\":700,\"caption\":\"Deslocalitzades Manifestaci\u00f3\"},{\"@type\":\"BreadcrumbList\",\"@id\":\"https:\\\/\\\/www.esplac.cat\\\/associacionisme-educatiu-uneix-manifestacio-unitaria-campanya-deslocalitzades\\\/#breadcrumb\",\"itemListElement\":[{\"@type\":\"ListItem\",\"position\":1,\"name\":\"Inici\",\"item\":\"https:\\\/\\\/www.esplac.cat\\\/en\\\/\"},{\"@type\":\"ListItem\",\"position\":2,\"name\":\"L\u2019associacionisme educatiu s\u2019uneix a la manifestaci\u00f3 unit\u00e0ria de la campanya \u2018Deslocalitzades: es busquen locals dignes!\u2019\"}]},{\"@type\":\"WebSite\",\"@id\":\"https:\\\/\\\/www.esplac.cat\\\/#website\",\"url\":\"https:\\\/\\\/www.esplac.cat\\\/\",\"name\":\"Esplac\",\"description\":\"Esplais Catalans\",\"publisher\":{\"@id\":\"https:\\\/\\\/www.esplac.cat\\\/#organization\"},\"potentialAction\":[{\"@type\":\"SearchAction\",\"target\":{\"@type\":\"EntryPoint\",\"urlTemplate\":\"https:\\\/\\\/www.esplac.cat\\\/?s={search_term_string}\"},\"query-input\":{\"@type\":\"PropertyValueSpecification\",\"valueRequired\":true,\"valueName\":\"search_term_string\"}}],\"inLanguage\":\"en-US\"},{\"@type\":\"Organization\",\"@id\":\"https:\\\/\\\/www.esplac.cat\\\/#organization\",\"name\":\"Esplac\",\"url\":\"https:\\\/\\\/www.esplac.cat\\\/\",\"logo\":{\"@type\":\"ImageObject\",\"inLanguage\":\"en-US\",\"@id\":\"https:\\\/\\\/www.esplac.cat\\\/#\\\/schema\\\/logo\\\/image\\\/\",\"url\":\"https:\\\/\\\/www.esplac.cat\\\/wp-content\\\/uploads\\\/2019\\\/08\\\/logox2.png\",\"contentUrl\":\"https:\\\/\\\/www.esplac.cat\\\/wp-content\\\/uploads\\\/2019\\\/08\\\/logox2.png\",\"width\":600,\"height\":295,\"caption\":\"Esplac\"},\"image\":{\"@id\":\"https:\\\/\\\/www.esplac.cat\\\/#\\\/schema\\\/logo\\\/image\\\/\"}},{\"@type\":\"Person\",\"@id\":\"https:\\\/\\\/www.esplac.cat\\\/#\\\/schema\\\/person\\\/908383cf240be18b68f8855d0583faca\",\"name\":\"Comunicaci\u00f3 Esplac\",\"image\":{\"@type\":\"ImageObject\",\"inLanguage\":\"en-US\",\"@id\":\"https:\\\/\\\/secure.gravatar.com\\\/avatar\\\/7a4cf8feb412a76ea4a740ca02d95b06b2907b5a6c648c2dd0a1082a093c3141?s=96&d=mm&r=g\",\"url\":\"https:\\\/\\\/secure.gravatar.com\\\/avatar\\\/7a4cf8feb412a76ea4a740ca02d95b06b2907b5a6c648c2dd0a1082a093c3141?s=96&d=mm&r=g\",\"contentUrl\":\"https:\\\/\\\/secure.gravatar.com\\\/avatar\\\/7a4cf8feb412a76ea4a740ca02d95b06b2907b5a6c648c2dd0a1082a093c3141?s=96&d=mm&r=g\",\"caption\":\"Comunicaci\u00f3 Esplac\"}}]}<\/script>\n<!-- \/ Yoast SEO plugin. -->","yoast_head_json":{"title":"L\u2019associacionisme es manifesta per reclamar locals dignes","description":"El dissabte 6 de maig l'associacionisme educatiu de Catalunya ens manifestarem a Barcelona en el marc de la campanya Deslocalitzades.","robots":{"index":"index","follow":"follow","max-snippet":"max-snippet:-1","max-image-preview":"max-image-preview:large","max-video-preview":"max-video-preview:-1"},"canonical":"https:\/\/www.esplac.cat\/associacionisme-educatiu-uneix-manifestacio-unitaria-campanya-deslocalitzades\/","og_locale":"en_US","og_type":"article","og_title":"L\u2019associacionisme es manifesta per reclamar locals dignes","og_description":"El dissabte 6 de maig l'associacionisme educatiu de Catalunya ens manifestarem a Barcelona en el marc de la campanya Deslocalitzades.","og_url":"https:\/\/www.esplac.cat\/associacionisme-educatiu-uneix-manifestacio-unitaria-campanya-deslocalitzades\/","og_site_name":"Esplac","article_published_time":"2023-05-05T10:46:52+00:00","og_image":[{"width":1694,"height":700,"url":"https:\/\/www.esplac.cat\/wp-content\/uploads\/2023\/05\/Portades-web-1-1.jpg","type":"image\/jpeg"}],"author":"Comunicaci\u00f3 Esplac","twitter_card":"summary_large_image","twitter_misc":{"Written by":"Comunicaci\u00f3 Esplac","Est. reading time":"2 minutes"},"schema":{"@context":"https:\/\/schema.org","@graph":[{"@type":"Article","@id":"https:\/\/www.esplac.cat\/associacionisme-educatiu-uneix-manifestacio-unitaria-campanya-deslocalitzades\/#article","isPartOf":{"@id":"https:\/\/www.esplac.cat\/associacionisme-educatiu-uneix-manifestacio-unitaria-campanya-deslocalitzades\/"},"author":{"name":"Comunicaci\u00f3 Esplac","@id":"https:\/\/www.esplac.cat\/#\/schema\/person\/908383cf240be18b68f8855d0583faca"},"headline":"L\u2019associacionisme educatiu s\u2019uneix a la manifestaci\u00f3 unit\u00e0ria de la campanya \u2018Deslocalitzades: es busquen locals dignes!\u2019","datePublished":"2023-05-05T10:46:52+00:00","mainEntityOfPage":{"@id":"https:\/\/www.esplac.cat\/associacionisme-educatiu-uneix-manifestacio-unitaria-campanya-deslocalitzades\/"},"wordCount":364,"publisher":{"@id":"https:\/\/www.esplac.cat\/#organization"},"image":{"@id":"https:\/\/www.esplac.cat\/associacionisme-educatiu-uneix-manifestacio-unitaria-campanya-deslocalitzades\/#primaryimage"},"thumbnailUrl":"https:\/\/www.esplac.cat\/wp-content\/uploads\/2023\/05\/Portades-web-1-1.jpg","articleSection":["Activitats esplac","Locals i Territori","Sense categoria","S\u00f2cies"],"inLanguage":"en-US"},{"@type":"WebPage","@id":"https:\/\/www.esplac.cat\/associacionisme-educatiu-uneix-manifestacio-unitaria-campanya-deslocalitzades\/","url":"https:\/\/www.esplac.cat\/associacionisme-educatiu-uneix-manifestacio-unitaria-campanya-deslocalitzades\/","name":"L\u2019associacionisme es manifesta per reclamar locals dignes","isPartOf":{"@id":"https:\/\/www.esplac.cat\/#website"},"primaryImageOfPage":{"@id":"https:\/\/www.esplac.cat\/associacionisme-educatiu-uneix-manifestacio-unitaria-campanya-deslocalitzades\/#primaryimage"},"image":{"@id":"https:\/\/www.esplac.cat\/associacionisme-educatiu-uneix-manifestacio-unitaria-campanya-deslocalitzades\/#primaryimage"},"thumbnailUrl":"https:\/\/www.esplac.cat\/wp-content\/uploads\/2023\/05\/Portades-web-1-1.jpg","datePublished":"2023-05-05T10:46:52+00:00","description":"El dissabte 6 de maig l'associacionisme educatiu de Catalunya ens manifestarem a Barcelona en el marc de la campanya Deslocalitzades.","breadcrumb":{"@id":"https:\/\/www.esplac.cat\/associacionisme-educatiu-uneix-manifestacio-unitaria-campanya-deslocalitzades\/#breadcrumb"},"inLanguage":"en-US","potentialAction":[{"@type":"ReadAction","target":["https:\/\/www.esplac.cat\/associacionisme-educatiu-uneix-manifestacio-unitaria-campanya-deslocalitzades\/"]}]},{"@type":"ImageObject","inLanguage":"en-US","@id":"https:\/\/www.esplac.cat\/associacionisme-educatiu-uneix-manifestacio-unitaria-campanya-deslocalitzades\/#primaryimage","url":"https:\/\/www.esplac.cat\/wp-content\/uploads\/2023\/05\/Portades-web-1-1.jpg","contentUrl":"https:\/\/www.esplac.cat\/wp-content\/uploads\/2023\/05\/Portades-web-1-1.jpg","width":1694,"height":700,"caption":"Deslocalitzades Manifestaci\u00f3"},{"@type":"BreadcrumbList","@id":"https:\/\/www.esplac.cat\/associacionisme-educatiu-uneix-manifestacio-unitaria-campanya-deslocalitzades\/#breadcrumb","itemListElement":[{"@type":"ListItem","position":1,"name":"Inici","item":"https:\/\/www.esplac.cat\/en\/"},{"@type":"ListItem","position":2,"name":"L\u2019associacionisme educatiu s\u2019uneix a la manifestaci\u00f3 unit\u00e0ria de la campanya \u2018Deslocalitzades: es busquen locals dignes!\u2019"}]},{"@type":"WebSite","@id":"https:\/\/www.esplac.cat\/#website","url":"https:\/\/www.esplac.cat\/","name":"Esplac","description":"Esplais Catalans","publisher":{"@id":"https:\/\/www.esplac.cat\/#organization"},"potentialAction":[{"@type":"SearchAction","target":{"@type":"EntryPoint","urlTemplate":"https:\/\/www.esplac.cat\/?s={search_term_string}"},"query-input":{"@type":"PropertyValueSpecification","valueRequired":true,"valueName":"search_term_string"}}],"inLanguage":"en-US"},{"@type":"Organization","@id":"https:\/\/www.esplac.cat\/#organization","name":"Esplac","url":"https:\/\/www.esplac.cat\/","logo":{"@type":"ImageObject","inLanguage":"en-US","@id":"https:\/\/www.esplac.cat\/#\/schema\/logo\/image\/","url":"https:\/\/www.esplac.cat\/wp-content\/uploads\/2019\/08\/logox2.png","contentUrl":"https:\/\/www.esplac.cat\/wp-content\/uploads\/2019\/08\/logox2.png","width":600,"height":295,"caption":"Esplac"},"image":{"@id":"https:\/\/www.esplac.cat\/#\/schema\/logo\/image\/"}},{"@type":"Person","@id":"https:\/\/www.esplac.cat\/#\/schema\/person\/908383cf240be18b68f8855d0583faca","name":"Comunicaci\u00f3 Esplac","image":{"@type":"ImageObject","inLanguage":"en-US","@id":"https:\/\/secure.gravatar.com\/avatar\/7a4cf8feb412a76ea4a740ca02d95b06b2907b5a6c648c2dd0a1082a093c3141?s=96&d=mm&r=g","url":"https:\/\/secure.gravatar.com\/avatar\/7a4cf8feb412a76ea4a740ca02d95b06b2907b5a6c648c2dd0a1082a093c3141?s=96&d=mm&r=g","contentUrl":"https:\/\/secure.gravatar.com\/avatar\/7a4cf8feb412a76ea4a740ca02d95b06b2907b5a6c648c2dd0a1082a093c3141?s=96&d=mm&r=g","caption":"Comunicaci\u00f3 Esplac"}}]}},"_links":{"self":[{"href":"https:\/\/www.esplac.cat\/en\/wp-json\/wp\/v2\/posts\/45113","targetHints":{"allow":["GET"]}}],"collection":[{"href":"https:\/\/www.esplac.cat\/en\/wp-json\/wp\/v2\/posts"}],"about":[{"href":"https:\/\/www.esplac.cat\/en\/wp-json\/wp\/v2\/types\/post"}],"author":[{"embeddable":true,"href":"https:\/\/www.esplac.cat\/en\/wp-json\/wp\/v2\/users\/3"}],"replies":[{"embeddable":true,"href":"https:\/\/www.esplac.cat\/en\/wp-json\/wp\/v2\/comments?post=45113"}],"version-history":[{"count":0,"href":"https:\/\/www.esplac.cat\/en\/wp-json\/wp\/v2\/posts\/45113\/revisions"}],"wp:featuredmedia":[{"embeddable":true,"href":"https:\/\/www.esplac.cat\/en\/wp-json\/wp\/v2\/media\/45116"}],"wp:attachment":[{"href":"https:\/\/www.esplac.cat\/en\/wp-json\/wp\/v2\/media?parent=45113"}],"wp:term":[{"taxonomy":"category","embeddable":true,"href":"https:\/\/www.esplac.cat\/en\/wp-json\/wp\/v2\/categories?post=45113"},{"taxonomy":"post_tag","embeddable":true,"href":"https:\/\/www.esplac.cat\/en\/wp-json\/wp\/v2\/tags?post=45113"}],"curies":[{"name":"wp","href":"https:\/\/api.w.org\/{rel}","templated":true}]}}