{"id":45271,"date":"2023-05-12T10:46:08","date_gmt":"2023-05-12T08:46:08","guid":{"rendered":"https:\/\/www.esplac.cat\/?p=45271"},"modified":"2023-05-12T10:46:08","modified_gmt":"2023-05-12T08:46:08","slug":"radio-monifestat-fem-escoltar-la-veu-dels-esplais","status":"publish","type":"post","link":"https:\/\/www.esplac.cat\/en\/radio-monifestat-fem-escoltar-la-veu-dels-esplais\/","title":{"rendered":"R\u00e0dio Monifesta&#8217;t, fem escoltar la veu dels esplais!"},"content":{"rendered":"<h6><strong>Ja tenim la Monifesta&#8217;t a tocar i aquest any ve carregada de novetats! Un dels espais m\u00e9s esperats \u00e9s R\u00e0dio Monifesta&#8217;t, un p\u00f2dcast en directe que es retransmetr\u00e0 al canal de YouTube d&#8217;Esplac i on parlarem de temes molt interessants, entrevistarem participants de la trobada i farem escoltar la veu de\u00a0 les monitores i monitors dels esplais!<\/strong><\/h6>\n<p>Aquest any 2023 es dur\u00e0 a terme de nou la <span style=\"color: #f69d0b;\"><a style=\"color: #f69d0b;\" href=\"https:\/\/www.esplac.cat\/trobades\/monifestat\/\" target=\"_blank\" rel=\"noopener\"><strong>Monifesta\u2019t<\/strong><\/a><\/span>, la Trobada de Monitores i Monitors d\u2019Esplac, que tindr\u00e0 lloc a <strong>Centelles el 19, 20 i 21 de maig<\/strong>. Un cap de setmana ple d\u2019activitats i formacions, on m\u00e9s de 800 persones entre monitores i monitors, i membres de l\u2019organitzaci\u00f3, reivindiquem la important tasca educativa dels esplais.<\/p>\n<p><span class=\"WdYUQQ\">Enguany estrenem <strong>R\u00e0dio Monifesta&#8217;t<\/strong>, un p\u00f2cast divertid\u00edssim que vol fer escoltar la veu dels esplais! Vols estar al dia de tot el que passa a la trobada m\u00e9s esperada de l&#8217;any? T&#8217;esperem el pr\u00f2xim dissabte 20 de maig <\/span><span class=\"WdYUQQ\">a la <\/span><span style=\"color: #f69d0b;\"><a class=\"WdYUQQ\" style=\"color: #f69d0b;\" draggable=\"false\" href=\"https:\/\/goo.gl\/maps\/HHhvx8RykjxFjnAe7?coh=178571&amp;entry=tt\" target=\"_blank\" rel=\"noopener\"><strong>Pla\u00e7a Major de Centelles<\/strong><\/a><\/span><span class=\"WdYUQQ\">. Al llarg del mat\u00ed, presentarem la Monifesta&#8217;t, parlarem de q\u00fcestions que afecten les monitores i monitors d&#8217;esplai, i entrevistarem algunes de les participants que fan possible la trobada. <\/span><span class=\"WdYUQQ\">A m\u00e9s a m\u00e9s, hi haur\u00e0 un espai on monis de tots els sectors agafaran el control de R\u00e0dio Monifesta\u2019t!\u00a0<\/span><\/p>\n<p>Tamb\u00e9 hi haur\u00e0 el consultori, una secci\u00f3 oberta a les preguntes del p\u00fablic! A trav\u00e9s de l&#8217;<span style=\"color: #f69d0b;\"><strong><a style=\"color: #f69d0b;\" href=\"https:\/\/instagram.com\/monifestat23?igshid=NTc4MTIwNjQ2YQ==\" target=\"_blank\" rel=\"noopener\">Instagram de la Monifesta&#8217;t <\/a><\/strong><\/span>ens podeu fer arribar consultes sobre el m\u00f3n de l&#8217;educaci\u00f3 en lleure, la tasca dels esplais, Esplac o sobre qualsevol altre tema que considereu interessant per a R\u00e0dio Monifesta&#8217;t. No tingueu por a participar!<\/p>\n<p><b>PROGRAMA R\u00c0DIO MONIFESTA&#8217;T<\/b><\/p>\n<div><img decoding=\"async\" class=\"wp-image-45280 size-large alignleft\" src=\"https:\/\/www.esplac.cat\/wp-content\/uploads\/2023\/05\/Disseny-sense-titol-724x1024.jpg\" alt=\"R\u00e0dio Monifesta't\" width=\"724\" height=\"1024\" srcset=\"https:\/\/www.esplac.cat\/wp-content\/uploads\/2023\/05\/Disseny-sense-titol-200x283.jpg 200w, https:\/\/www.esplac.cat\/wp-content\/uploads\/2023\/05\/Disseny-sense-titol-212x300.jpg 212w, https:\/\/www.esplac.cat\/wp-content\/uploads\/2023\/05\/Disseny-sense-titol-400x566.jpg 400w, https:\/\/www.esplac.cat\/wp-content\/uploads\/2023\/05\/Disseny-sense-titol-600x849.jpg 600w, https:\/\/www.esplac.cat\/wp-content\/uploads\/2023\/05\/Disseny-sense-titol-724x1024.jpg 724w, https:\/\/www.esplac.cat\/wp-content\/uploads\/2023\/05\/Disseny-sense-titol-768x1086.jpg 768w, https:\/\/www.esplac.cat\/wp-content\/uploads\/2023\/05\/Disseny-sense-titol-800x1132.jpg 800w, https:\/\/www.esplac.cat\/wp-content\/uploads\/2023\/05\/Disseny-sense-titol-1086x1536.jpg 1086w, https:\/\/www.esplac.cat\/wp-content\/uploads\/2023\/05\/Disseny-sense-titol-1200x1698.jpg 1200w, https:\/\/www.esplac.cat\/wp-content\/uploads\/2023\/05\/Disseny-sense-titol-1448x2048.jpg 1448w, https:\/\/www.esplac.cat\/wp-content\/uploads\/2023\/05\/Disseny-sense-titol.jpg 1587w\" sizes=\"(max-width: 724px) 100vw, 724px\" \/><\/div>\n","protected":false},"excerpt":{"rendered":"<p>Ja tenim la Monifesta&#8217;t a tocar i aquest any ve [&hellip;]<\/p>\n","protected":false},"author":3,"featured_media":45284,"comment_status":"closed","ping_status":"closed","sticky":false,"template":"","format":"standard","meta":{"om_disable_all_campaigns":false,"_monsterinsights_skip_tracking":false,"_monsterinsights_sitenote_active":false,"_monsterinsights_sitenote_note":"","_monsterinsights_sitenote_category":0,"_uf_show_specific_survey":0,"_uf_disable_surveys":false,"footnotes":""},"categories":[1115,1,1396],"tags":[],"class_list":["post-45271","post","type-post","status-publish","format-standard","has-post-thumbnail","hentry","category-monifestat","category-sense-categoria","category-socies"],"yoast_head":"<!-- This site is optimized with the Yoast SEO plugin v27.4 - https:\/\/yoast.com\/product\/yoast-seo-wordpress\/ -->\n<title>R\u00e0dio Monifesta&#039;t, fem escoltar la veu dels esplais! - Esplac<\/title>\n<meta name=\"robots\" content=\"index, follow, max-snippet:-1, max-image-preview:large, max-video-preview:-1\" \/>\n<link rel=\"canonical\" href=\"https:\/\/www.esplac.cat\/radio-monifestat-fem-escoltar-la-veu-dels-esplais\/\" \/>\n<meta property=\"og:locale\" content=\"en_US\" \/>\n<meta property=\"og:type\" content=\"article\" \/>\n<meta property=\"og:title\" content=\"R\u00e0dio Monifesta&#039;t, fem escoltar la veu dels esplais! - Esplac\" \/>\n<meta property=\"og:description\" content=\"Ja tenim la Monifesta&#8217;t a tocar i aquest any ve [&hellip;]\" \/>\n<meta property=\"og:url\" content=\"https:\/\/www.esplac.cat\/radio-monifestat-fem-escoltar-la-veu-dels-esplais\/\" \/>\n<meta property=\"og:site_name\" content=\"Esplac\" \/>\n<meta property=\"article:published_time\" content=\"2023-05-12T08:46:08+00:00\" \/>\n<meta property=\"og:image\" content=\"https:\/\/www.esplac.cat\/wp-content\/uploads\/2023\/05\/Portades-web-3.jpg\" \/>\n\t<meta property=\"og:image:width\" content=\"1694\" \/>\n\t<meta property=\"og:image:height\" content=\"700\" \/>\n\t<meta property=\"og:image:type\" content=\"image\/jpeg\" \/>\n<meta name=\"author\" content=\"Comunicaci\u00f3 Esplac\" \/>\n<meta name=\"twitter:card\" content=\"summary_large_image\" \/>\n<meta name=\"twitter:label1\" content=\"Written by\" \/>\n\t<meta name=\"twitter:data1\" content=\"Comunicaci\u00f3 Esplac\" \/>\n\t<meta name=\"twitter:label2\" content=\"Est. reading time\" \/>\n\t<meta name=\"twitter:data2\" content=\"2 minutes\" \/>\n<script type=\"application\/ld+json\" class=\"yoast-schema-graph\">{\"@context\":\"https:\\\/\\\/schema.org\",\"@graph\":[{\"@type\":\"Article\",\"@id\":\"https:\\\/\\\/www.esplac.cat\\\/radio-monifestat-fem-escoltar-la-veu-dels-esplais\\\/#article\",\"isPartOf\":{\"@id\":\"https:\\\/\\\/www.esplac.cat\\\/radio-monifestat-fem-escoltar-la-veu-dels-esplais\\\/\"},\"author\":{\"name\":\"Comunicaci\u00f3 Esplac\",\"@id\":\"https:\\\/\\\/www.esplac.cat\\\/#\\\/schema\\\/person\\\/908383cf240be18b68f8855d0583faca\"},\"headline\":\"R\u00e0dio Monifesta&#8217;t, fem escoltar la veu dels esplais!\",\"datePublished\":\"2023-05-12T08:46:08+00:00\",\"mainEntityOfPage\":{\"@id\":\"https:\\\/\\\/www.esplac.cat\\\/radio-monifestat-fem-escoltar-la-veu-dels-esplais\\\/\"},\"wordCount\":305,\"publisher\":{\"@id\":\"https:\\\/\\\/www.esplac.cat\\\/#organization\"},\"image\":{\"@id\":\"https:\\\/\\\/www.esplac.cat\\\/radio-monifestat-fem-escoltar-la-veu-dels-esplais\\\/#primaryimage\"},\"thumbnailUrl\":\"https:\\\/\\\/www.esplac.cat\\\/wp-content\\\/uploads\\\/2023\\\/05\\\/Portades-web-3.jpg\",\"articleSection\":[\"Monifesta't\",\"Sense categoria\",\"S\u00f2cies\"],\"inLanguage\":\"en-US\"},{\"@type\":\"WebPage\",\"@id\":\"https:\\\/\\\/www.esplac.cat\\\/radio-monifestat-fem-escoltar-la-veu-dels-esplais\\\/\",\"url\":\"https:\\\/\\\/www.esplac.cat\\\/radio-monifestat-fem-escoltar-la-veu-dels-esplais\\\/\",\"name\":\"R\u00e0dio Monifesta't, fem escoltar la veu dels esplais! - Esplac\",\"isPartOf\":{\"@id\":\"https:\\\/\\\/www.esplac.cat\\\/#website\"},\"primaryImageOfPage\":{\"@id\":\"https:\\\/\\\/www.esplac.cat\\\/radio-monifestat-fem-escoltar-la-veu-dels-esplais\\\/#primaryimage\"},\"image\":{\"@id\":\"https:\\\/\\\/www.esplac.cat\\\/radio-monifestat-fem-escoltar-la-veu-dels-esplais\\\/#primaryimage\"},\"thumbnailUrl\":\"https:\\\/\\\/www.esplac.cat\\\/wp-content\\\/uploads\\\/2023\\\/05\\\/Portades-web-3.jpg\",\"datePublished\":\"2023-05-12T08:46:08+00:00\",\"breadcrumb\":{\"@id\":\"https:\\\/\\\/www.esplac.cat\\\/radio-monifestat-fem-escoltar-la-veu-dels-esplais\\\/#breadcrumb\"},\"inLanguage\":\"en-US\",\"potentialAction\":[{\"@type\":\"ReadAction\",\"target\":[\"https:\\\/\\\/www.esplac.cat\\\/radio-monifestat-fem-escoltar-la-veu-dels-esplais\\\/\"]}]},{\"@type\":\"ImageObject\",\"inLanguage\":\"en-US\",\"@id\":\"https:\\\/\\\/www.esplac.cat\\\/radio-monifestat-fem-escoltar-la-veu-dels-esplais\\\/#primaryimage\",\"url\":\"https:\\\/\\\/www.esplac.cat\\\/wp-content\\\/uploads\\\/2023\\\/05\\\/Portades-web-3.jpg\",\"contentUrl\":\"https:\\\/\\\/www.esplac.cat\\\/wp-content\\\/uploads\\\/2023\\\/05\\\/Portades-web-3.jpg\",\"width\":1694,\"height\":700,\"caption\":\"R\u00e0dio Monifesta't\"},{\"@type\":\"BreadcrumbList\",\"@id\":\"https:\\\/\\\/www.esplac.cat\\\/radio-monifestat-fem-escoltar-la-veu-dels-esplais\\\/#breadcrumb\",\"itemListElement\":[{\"@type\":\"ListItem\",\"position\":1,\"name\":\"Inici\",\"item\":\"https:\\\/\\\/www.esplac.cat\\\/en\\\/\"},{\"@type\":\"ListItem\",\"position\":2,\"name\":\"R\u00e0dio Monifesta&#8217;t, fem escoltar la veu dels esplais!\"}]},{\"@type\":\"WebSite\",\"@id\":\"https:\\\/\\\/www.esplac.cat\\\/#website\",\"url\":\"https:\\\/\\\/www.esplac.cat\\\/\",\"name\":\"Esplac\",\"description\":\"Esplais Catalans\",\"publisher\":{\"@id\":\"https:\\\/\\\/www.esplac.cat\\\/#organization\"},\"potentialAction\":[{\"@type\":\"SearchAction\",\"target\":{\"@type\":\"EntryPoint\",\"urlTemplate\":\"https:\\\/\\\/www.esplac.cat\\\/?s={search_term_string}\"},\"query-input\":{\"@type\":\"PropertyValueSpecification\",\"valueRequired\":true,\"valueName\":\"search_term_string\"}}],\"inLanguage\":\"en-US\"},{\"@type\":\"Organization\",\"@id\":\"https:\\\/\\\/www.esplac.cat\\\/#organization\",\"name\":\"Esplac\",\"url\":\"https:\\\/\\\/www.esplac.cat\\\/\",\"logo\":{\"@type\":\"ImageObject\",\"inLanguage\":\"en-US\",\"@id\":\"https:\\\/\\\/www.esplac.cat\\\/#\\\/schema\\\/logo\\\/image\\\/\",\"url\":\"https:\\\/\\\/www.esplac.cat\\\/wp-content\\\/uploads\\\/2019\\\/08\\\/logox2.png\",\"contentUrl\":\"https:\\\/\\\/www.esplac.cat\\\/wp-content\\\/uploads\\\/2019\\\/08\\\/logox2.png\",\"width\":600,\"height\":295,\"caption\":\"Esplac\"},\"image\":{\"@id\":\"https:\\\/\\\/www.esplac.cat\\\/#\\\/schema\\\/logo\\\/image\\\/\"}},{\"@type\":\"Person\",\"@id\":\"https:\\\/\\\/www.esplac.cat\\\/#\\\/schema\\\/person\\\/908383cf240be18b68f8855d0583faca\",\"name\":\"Comunicaci\u00f3 Esplac\",\"image\":{\"@type\":\"ImageObject\",\"inLanguage\":\"en-US\",\"@id\":\"https:\\\/\\\/secure.gravatar.com\\\/avatar\\\/7a4cf8feb412a76ea4a740ca02d95b06b2907b5a6c648c2dd0a1082a093c3141?s=96&d=mm&r=g\",\"url\":\"https:\\\/\\\/secure.gravatar.com\\\/avatar\\\/7a4cf8feb412a76ea4a740ca02d95b06b2907b5a6c648c2dd0a1082a093c3141?s=96&d=mm&r=g\",\"contentUrl\":\"https:\\\/\\\/secure.gravatar.com\\\/avatar\\\/7a4cf8feb412a76ea4a740ca02d95b06b2907b5a6c648c2dd0a1082a093c3141?s=96&d=mm&r=g\",\"caption\":\"Comunicaci\u00f3 Esplac\"}}]}<\/script>\n<!-- \/ Yoast SEO plugin. -->","yoast_head_json":{"title":"R\u00e0dio Monifesta't, fem escoltar la veu dels esplais! - Esplac","robots":{"index":"index","follow":"follow","max-snippet":"max-snippet:-1","max-image-preview":"max-image-preview:large","max-video-preview":"max-video-preview:-1"},"canonical":"https:\/\/www.esplac.cat\/radio-monifestat-fem-escoltar-la-veu-dels-esplais\/","og_locale":"en_US","og_type":"article","og_title":"R\u00e0dio Monifesta't, fem escoltar la veu dels esplais! - Esplac","og_description":"Ja tenim la Monifesta&#8217;t a tocar i aquest any ve [&hellip;]","og_url":"https:\/\/www.esplac.cat\/radio-monifestat-fem-escoltar-la-veu-dels-esplais\/","og_site_name":"Esplac","article_published_time":"2023-05-12T08:46:08+00:00","og_image":[{"width":1694,"height":700,"url":"https:\/\/www.esplac.cat\/wp-content\/uploads\/2023\/05\/Portades-web-3.jpg","type":"image\/jpeg"}],"author":"Comunicaci\u00f3 Esplac","twitter_card":"summary_large_image","twitter_misc":{"Written by":"Comunicaci\u00f3 Esplac","Est. reading time":"2 minutes"},"schema":{"@context":"https:\/\/schema.org","@graph":[{"@type":"Article","@id":"https:\/\/www.esplac.cat\/radio-monifestat-fem-escoltar-la-veu-dels-esplais\/#article","isPartOf":{"@id":"https:\/\/www.esplac.cat\/radio-monifestat-fem-escoltar-la-veu-dels-esplais\/"},"author":{"name":"Comunicaci\u00f3 Esplac","@id":"https:\/\/www.esplac.cat\/#\/schema\/person\/908383cf240be18b68f8855d0583faca"},"headline":"R\u00e0dio Monifesta&#8217;t, fem escoltar la veu dels esplais!","datePublished":"2023-05-12T08:46:08+00:00","mainEntityOfPage":{"@id":"https:\/\/www.esplac.cat\/radio-monifestat-fem-escoltar-la-veu-dels-esplais\/"},"wordCount":305,"publisher":{"@id":"https:\/\/www.esplac.cat\/#organization"},"image":{"@id":"https:\/\/www.esplac.cat\/radio-monifestat-fem-escoltar-la-veu-dels-esplais\/#primaryimage"},"thumbnailUrl":"https:\/\/www.esplac.cat\/wp-content\/uploads\/2023\/05\/Portades-web-3.jpg","articleSection":["Monifesta't","Sense categoria","S\u00f2cies"],"inLanguage":"en-US"},{"@type":"WebPage","@id":"https:\/\/www.esplac.cat\/radio-monifestat-fem-escoltar-la-veu-dels-esplais\/","url":"https:\/\/www.esplac.cat\/radio-monifestat-fem-escoltar-la-veu-dels-esplais\/","name":"R\u00e0dio Monifesta't, fem escoltar la veu dels esplais! - Esplac","isPartOf":{"@id":"https:\/\/www.esplac.cat\/#website"},"primaryImageOfPage":{"@id":"https:\/\/www.esplac.cat\/radio-monifestat-fem-escoltar-la-veu-dels-esplais\/#primaryimage"},"image":{"@id":"https:\/\/www.esplac.cat\/radio-monifestat-fem-escoltar-la-veu-dels-esplais\/#primaryimage"},"thumbnailUrl":"https:\/\/www.esplac.cat\/wp-content\/uploads\/2023\/05\/Portades-web-3.jpg","datePublished":"2023-05-12T08:46:08+00:00","breadcrumb":{"@id":"https:\/\/www.esplac.cat\/radio-monifestat-fem-escoltar-la-veu-dels-esplais\/#breadcrumb"},"inLanguage":"en-US","potentialAction":[{"@type":"ReadAction","target":["https:\/\/www.esplac.cat\/radio-monifestat-fem-escoltar-la-veu-dels-esplais\/"]}]},{"@type":"ImageObject","inLanguage":"en-US","@id":"https:\/\/www.esplac.cat\/radio-monifestat-fem-escoltar-la-veu-dels-esplais\/#primaryimage","url":"https:\/\/www.esplac.cat\/wp-content\/uploads\/2023\/05\/Portades-web-3.jpg","contentUrl":"https:\/\/www.esplac.cat\/wp-content\/uploads\/2023\/05\/Portades-web-3.jpg","width":1694,"height":700,"caption":"R\u00e0dio Monifesta't"},{"@type":"BreadcrumbList","@id":"https:\/\/www.esplac.cat\/radio-monifestat-fem-escoltar-la-veu-dels-esplais\/#breadcrumb","itemListElement":[{"@type":"ListItem","position":1,"name":"Inici","item":"https:\/\/www.esplac.cat\/en\/"},{"@type":"ListItem","position":2,"name":"R\u00e0dio Monifesta&#8217;t, fem escoltar la veu dels esplais!"}]},{"@type":"WebSite","@id":"https:\/\/www.esplac.cat\/#website","url":"https:\/\/www.esplac.cat\/","name":"Esplac","description":"Esplais Catalans","publisher":{"@id":"https:\/\/www.esplac.cat\/#organization"},"potentialAction":[{"@type":"SearchAction","target":{"@type":"EntryPoint","urlTemplate":"https:\/\/www.esplac.cat\/?s={search_term_string}"},"query-input":{"@type":"PropertyValueSpecification","valueRequired":true,"valueName":"search_term_string"}}],"inLanguage":"en-US"},{"@type":"Organization","@id":"https:\/\/www.esplac.cat\/#organization","name":"Esplac","url":"https:\/\/www.esplac.cat\/","logo":{"@type":"ImageObject","inLanguage":"en-US","@id":"https:\/\/www.esplac.cat\/#\/schema\/logo\/image\/","url":"https:\/\/www.esplac.cat\/wp-content\/uploads\/2019\/08\/logox2.png","contentUrl":"https:\/\/www.esplac.cat\/wp-content\/uploads\/2019\/08\/logox2.png","width":600,"height":295,"caption":"Esplac"},"image":{"@id":"https:\/\/www.esplac.cat\/#\/schema\/logo\/image\/"}},{"@type":"Person","@id":"https:\/\/www.esplac.cat\/#\/schema\/person\/908383cf240be18b68f8855d0583faca","name":"Comunicaci\u00f3 Esplac","image":{"@type":"ImageObject","inLanguage":"en-US","@id":"https:\/\/secure.gravatar.com\/avatar\/7a4cf8feb412a76ea4a740ca02d95b06b2907b5a6c648c2dd0a1082a093c3141?s=96&d=mm&r=g","url":"https:\/\/secure.gravatar.com\/avatar\/7a4cf8feb412a76ea4a740ca02d95b06b2907b5a6c648c2dd0a1082a093c3141?s=96&d=mm&r=g","contentUrl":"https:\/\/secure.gravatar.com\/avatar\/7a4cf8feb412a76ea4a740ca02d95b06b2907b5a6c648c2dd0a1082a093c3141?s=96&d=mm&r=g","caption":"Comunicaci\u00f3 Esplac"}}]}},"_links":{"self":[{"href":"https:\/\/www.esplac.cat\/en\/wp-json\/wp\/v2\/posts\/45271","targetHints":{"allow":["GET"]}}],"collection":[{"href":"https:\/\/www.esplac.cat\/en\/wp-json\/wp\/v2\/posts"}],"about":[{"href":"https:\/\/www.esplac.cat\/en\/wp-json\/wp\/v2\/types\/post"}],"author":[{"embeddable":true,"href":"https:\/\/www.esplac.cat\/en\/wp-json\/wp\/v2\/users\/3"}],"replies":[{"embeddable":true,"href":"https:\/\/www.esplac.cat\/en\/wp-json\/wp\/v2\/comments?post=45271"}],"version-history":[{"count":0,"href":"https:\/\/www.esplac.cat\/en\/wp-json\/wp\/v2\/posts\/45271\/revisions"}],"wp:featuredmedia":[{"embeddable":true,"href":"https:\/\/www.esplac.cat\/en\/wp-json\/wp\/v2\/media\/45284"}],"wp:attachment":[{"href":"https:\/\/www.esplac.cat\/en\/wp-json\/wp\/v2\/media?parent=45271"}],"wp:term":[{"taxonomy":"category","embeddable":true,"href":"https:\/\/www.esplac.cat\/en\/wp-json\/wp\/v2\/categories?post=45271"},{"taxonomy":"post_tag","embeddable":true,"href":"https:\/\/www.esplac.cat\/en\/wp-json\/wp\/v2\/tags?post=45271"}],"curies":[{"name":"wp","href":"https:\/\/api.w.org\/{rel}","templated":true}]}}