{"id":45312,"date":"2023-05-12T17:13:30","date_gmt":"2023-05-12T15:13:30","guid":{"rendered":"https:\/\/www.esplac.cat\/?p=45312"},"modified":"2023-05-12T17:20:27","modified_gmt":"2023-05-12T15:20:27","slug":"la-monifestat-2023-ja-te-protocol-i-disposara-de-punt-lila-durant-totes-les-activitats-nocturnes","status":"publish","type":"post","link":"https:\/\/www.esplac.cat\/en\/la-monifestat-2023-ja-te-protocol-i-disposara-de-punt-lila-durant-totes-les-activitats-nocturnes\/","title":{"rendered":"La Monifesta\u2019t 2023 ja t\u00e9 Protocol i disposar\u00e0 de Punt Lila durant totes les activitats nocturnes"},"content":{"rendered":"<h6><strong>L\u2019Equip Gestor de Protocol d\u2019Esplac ha elaborat un Protocol contra agressions discriminat\u00f2ries per fer de la Monifesta\u2019t 2023 un espai segur<\/strong><\/h6>\n<p><span style=\"font-weight: 300;\">Volem que les activitats d\u2019Esplais Catalans siguin un espai segur on totes les persones que hi participen puguin sentir-se c\u00f2modes. \u00c9s per aix\u00f2 que mostrem la nostra ferma voluntat d\u2019acabar amb qualsevol tipus d\u2019agressi\u00f3 i\/o actitud discriminat\u00f2ria, sent conscients que una agressi\u00f3 succeeix quan una persona se sent agredida. Treballar <\/span><b>la prevenci\u00f3 de viol\u00e8ncies \u00e9s essencial<\/b><span style=\"font-weight: 300;\"> per tal d\u2019erradicar-les i per aquest motiu des d\u2019Esplac realitzem diferents accions preventives en el dia a dia de l\u2019associaci\u00f3.\u00a0<\/span><\/p>\n<p><span style=\"font-weight: 300;\">Seguint aquesta convicci\u00f3, durant la celebraci\u00f3 de la Monifesta\u2019t 2023 s\u2019han programat diverses accions de caire preventiu: cartelleria, falques, tr\u00edptics i recursos de difusi\u00f3. Tamb\u00e9, comptarem amb un Punt Lila f\u00edsic durant totes les activitats nocturnes i un tel\u00e8fon gestionat per l\u2019Equip Gestor de Protocol on poder trucar durant la resta d\u2019activitats en cas que alg\u00fa ho necessiti.\u00a0<\/span><\/p>\n<p><span style=\"font-weight: 300;\">A m\u00e9s, s\u2019est\u00e0 vetllant per tal que totes les persones implicades en la organitzaci\u00f3 de la Monifesta\u2019t, internes o externes, coneguin com actuar davant de qualsevol agressi\u00f3.\u00a0<\/span><\/p>\n<p><span style=\"font-weight: 300;\">A banda, <\/span><b>sent conscients que les viol\u00e8ncies s\u00f3n estructurals i una realitat tamb\u00e9 dins dels esplais i entitats de lleure<\/b><span style=\"font-weight: 300;\">, des de l\u2019Equip Gestor de Protocol s\u2019ha creat un Protocol espec\u00edfic per tal d\u2019abordar les situacions que es puguin ocasionar. La Monifesta\u2019t \u00e9s una de les activitats m\u00e9s grans d\u2019Esplac, on ens trobem totes les monitores i monitors de l\u2019associaci\u00f3 i \u00e9s necessari comptar amb l\u00ednies d\u2019actuaci\u00f3 ben definides per tal de poder actuar davant qualsevol agressi\u00f3.\u00a0\u00a0<\/span><\/p>\n<p><a href=\"https:\/\/www.esplac.cat\/wp-content\/uploads\/2023\/05\/Protocol-Monifestat.pdf\" target=\"_blank\" rel=\"noopener\"><span style=\"font-weight: 300;\">Aqu\u00ed<\/span><\/a><span style=\"font-weight: 300;\"> podeu trobar el <\/span><b>Protocol General d\u2019activitats de la Monifesta\u2019t<\/b><span style=\"font-weight: 300;\">, basat en el Protocol Contra Agressions Discriminat\u00f2ries d\u2019Esplais Catalans. Al final del Protocol tamb\u00e9 trobareu una infografia d\u2019actuaci\u00f3 en cas d\u2019una agressi\u00f3.\u00a0<\/span><\/p>\n<p><span style=\"font-weight: 300;\">Des de l\u2019Equip Gestor de Protocol us demanem que per qualsevol suggeriment, dubte o proposta, ens escriviu a protocol@esplac.cat. Si voleu formar part de les tasques derivades del Protocol (fer torn de Punt Lila, penjar cartells\u2026) tamb\u00e9 ens podeu escriure: necessitem gent! <\/span><b>Entre totes farem de la Monifesta\u2019t un espai segur.\u00a0<\/b><\/p>\n<p><i><span style=\"font-weight: 300;\">Si durant la Monifesta\u2019t necessites comunicar una agressi\u00f3 que hagis vist o patit i no hi ha un Punt Lila habilitat, podeu contactar amb les membres de l\u2019Equip Gestor de Protocol trucant al <\/span><\/i><b><i>664 05 87 39<\/i><\/b><span style=\"font-weight: 300;\">.<\/span><\/p>\n","protected":false},"excerpt":{"rendered":"<p>L\u2019Equip Gestor de Protocol d\u2019Esplac ha elaborat un Protocol contra [&hellip;]<\/p>\n","protected":false},"author":3,"featured_media":45317,"comment_status":"closed","ping_status":"closed","sticky":false,"template":"","format":"standard","meta":{"om_disable_all_campaigns":false,"_monsterinsights_skip_tracking":false,"_monsterinsights_sitenote_active":false,"_monsterinsights_sitenote_note":"","_monsterinsights_sitenote_category":0,"_uf_show_specific_survey":0,"_uf_disable_surveys":false,"footnotes":""},"categories":[1111,1115],"tags":[],"class_list":["post-45312","post","type-post","status-publish","format-standard","has-post-thumbnail","hentry","category-activitats-esplac","category-monifestat"],"yoast_head":"<!-- This site is optimized with the Yoast SEO plugin v27.4 - https:\/\/yoast.com\/product\/yoast-seo-wordpress\/ -->\n<title>La Monifesta\u2019t 2023 ja t\u00e9 Protocol i disposar\u00e0 de Punt Lila durant totes les activitats nocturnes - Esplac<\/title>\n<meta name=\"robots\" content=\"index, follow, max-snippet:-1, max-image-preview:large, max-video-preview:-1\" \/>\n<link rel=\"canonical\" href=\"https:\/\/www.esplac.cat\/la-monifestat-2023-ja-te-protocol-i-disposara-de-punt-lila-durant-totes-les-activitats-nocturnes\/\" \/>\n<meta property=\"og:locale\" content=\"en_US\" \/>\n<meta property=\"og:type\" content=\"article\" \/>\n<meta property=\"og:title\" content=\"La Monifesta\u2019t 2023 ja t\u00e9 Protocol i disposar\u00e0 de Punt Lila durant totes les activitats nocturnes - Esplac\" \/>\n<meta property=\"og:description\" content=\"L\u2019Equip Gestor de Protocol d\u2019Esplac ha elaborat un Protocol contra [&hellip;]\" \/>\n<meta property=\"og:url\" content=\"https:\/\/www.esplac.cat\/la-monifestat-2023-ja-te-protocol-i-disposara-de-punt-lila-durant-totes-les-activitats-nocturnes\/\" \/>\n<meta property=\"og:site_name\" content=\"Esplac\" \/>\n<meta property=\"article:published_time\" content=\"2023-05-12T15:13:30+00:00\" \/>\n<meta property=\"article:modified_time\" content=\"2023-05-12T15:20:27+00:00\" \/>\n<meta property=\"og:image\" content=\"https:\/\/www.esplac.cat\/wp-content\/uploads\/2023\/05\/Portada-protocol-1.jpg\" \/>\n\t<meta property=\"og:image:width\" content=\"1694\" \/>\n\t<meta property=\"og:image:height\" content=\"700\" \/>\n\t<meta property=\"og:image:type\" content=\"image\/jpeg\" \/>\n<meta name=\"author\" content=\"Comunicaci\u00f3 Esplac\" \/>\n<meta name=\"twitter:card\" content=\"summary_large_image\" \/>\n<meta name=\"twitter:label1\" content=\"Written by\" \/>\n\t<meta name=\"twitter:data1\" content=\"Comunicaci\u00f3 Esplac\" \/>\n\t<meta name=\"twitter:label2\" content=\"Est. reading time\" \/>\n\t<meta name=\"twitter:data2\" content=\"3 minutes\" \/>\n<script type=\"application\/ld+json\" class=\"yoast-schema-graph\">{\"@context\":\"https:\\\/\\\/schema.org\",\"@graph\":[{\"@type\":\"Article\",\"@id\":\"https:\\\/\\\/www.esplac.cat\\\/la-monifestat-2023-ja-te-protocol-i-disposara-de-punt-lila-durant-totes-les-activitats-nocturnes\\\/#article\",\"isPartOf\":{\"@id\":\"https:\\\/\\\/www.esplac.cat\\\/la-monifestat-2023-ja-te-protocol-i-disposara-de-punt-lila-durant-totes-les-activitats-nocturnes\\\/\"},\"author\":{\"name\":\"Comunicaci\u00f3 Esplac\",\"@id\":\"https:\\\/\\\/www.esplac.cat\\\/#\\\/schema\\\/person\\\/908383cf240be18b68f8855d0583faca\"},\"headline\":\"La Monifesta\u2019t 2023 ja t\u00e9 Protocol i disposar\u00e0 de Punt Lila durant totes les activitats nocturnes\",\"datePublished\":\"2023-05-12T15:13:30+00:00\",\"dateModified\":\"2023-05-12T15:20:27+00:00\",\"mainEntityOfPage\":{\"@id\":\"https:\\\/\\\/www.esplac.cat\\\/la-monifestat-2023-ja-te-protocol-i-disposara-de-punt-lila-durant-totes-les-activitats-nocturnes\\\/\"},\"wordCount\":437,\"publisher\":{\"@id\":\"https:\\\/\\\/www.esplac.cat\\\/#organization\"},\"image\":{\"@id\":\"https:\\\/\\\/www.esplac.cat\\\/la-monifestat-2023-ja-te-protocol-i-disposara-de-punt-lila-durant-totes-les-activitats-nocturnes\\\/#primaryimage\"},\"thumbnailUrl\":\"https:\\\/\\\/www.esplac.cat\\\/wp-content\\\/uploads\\\/2023\\\/05\\\/Portada-protocol-1.jpg\",\"articleSection\":[\"Activitats esplac\",\"Monifesta't\"],\"inLanguage\":\"en-US\"},{\"@type\":\"WebPage\",\"@id\":\"https:\\\/\\\/www.esplac.cat\\\/la-monifestat-2023-ja-te-protocol-i-disposara-de-punt-lila-durant-totes-les-activitats-nocturnes\\\/\",\"url\":\"https:\\\/\\\/www.esplac.cat\\\/la-monifestat-2023-ja-te-protocol-i-disposara-de-punt-lila-durant-totes-les-activitats-nocturnes\\\/\",\"name\":\"La Monifesta\u2019t 2023 ja t\u00e9 Protocol i disposar\u00e0 de Punt Lila durant totes les activitats nocturnes - Esplac\",\"isPartOf\":{\"@id\":\"https:\\\/\\\/www.esplac.cat\\\/#website\"},\"primaryImageOfPage\":{\"@id\":\"https:\\\/\\\/www.esplac.cat\\\/la-monifestat-2023-ja-te-protocol-i-disposara-de-punt-lila-durant-totes-les-activitats-nocturnes\\\/#primaryimage\"},\"image\":{\"@id\":\"https:\\\/\\\/www.esplac.cat\\\/la-monifestat-2023-ja-te-protocol-i-disposara-de-punt-lila-durant-totes-les-activitats-nocturnes\\\/#primaryimage\"},\"thumbnailUrl\":\"https:\\\/\\\/www.esplac.cat\\\/wp-content\\\/uploads\\\/2023\\\/05\\\/Portada-protocol-1.jpg\",\"datePublished\":\"2023-05-12T15:13:30+00:00\",\"dateModified\":\"2023-05-12T15:20:27+00:00\",\"breadcrumb\":{\"@id\":\"https:\\\/\\\/www.esplac.cat\\\/la-monifestat-2023-ja-te-protocol-i-disposara-de-punt-lila-durant-totes-les-activitats-nocturnes\\\/#breadcrumb\"},\"inLanguage\":\"en-US\",\"potentialAction\":[{\"@type\":\"ReadAction\",\"target\":[\"https:\\\/\\\/www.esplac.cat\\\/la-monifestat-2023-ja-te-protocol-i-disposara-de-punt-lila-durant-totes-les-activitats-nocturnes\\\/\"]}]},{\"@type\":\"ImageObject\",\"inLanguage\":\"en-US\",\"@id\":\"https:\\\/\\\/www.esplac.cat\\\/la-monifestat-2023-ja-te-protocol-i-disposara-de-punt-lila-durant-totes-les-activitats-nocturnes\\\/#primaryimage\",\"url\":\"https:\\\/\\\/www.esplac.cat\\\/wp-content\\\/uploads\\\/2023\\\/05\\\/Portada-protocol-1.jpg\",\"contentUrl\":\"https:\\\/\\\/www.esplac.cat\\\/wp-content\\\/uploads\\\/2023\\\/05\\\/Portada-protocol-1.jpg\",\"width\":1694,\"height\":700},{\"@type\":\"BreadcrumbList\",\"@id\":\"https:\\\/\\\/www.esplac.cat\\\/la-monifestat-2023-ja-te-protocol-i-disposara-de-punt-lila-durant-totes-les-activitats-nocturnes\\\/#breadcrumb\",\"itemListElement\":[{\"@type\":\"ListItem\",\"position\":1,\"name\":\"Inici\",\"item\":\"https:\\\/\\\/www.esplac.cat\\\/en\\\/\"},{\"@type\":\"ListItem\",\"position\":2,\"name\":\"La Monifesta\u2019t 2023 ja t\u00e9 Protocol i disposar\u00e0 de Punt Lila durant totes les activitats nocturnes\"}]},{\"@type\":\"WebSite\",\"@id\":\"https:\\\/\\\/www.esplac.cat\\\/#website\",\"url\":\"https:\\\/\\\/www.esplac.cat\\\/\",\"name\":\"Esplac\",\"description\":\"Esplais Catalans\",\"publisher\":{\"@id\":\"https:\\\/\\\/www.esplac.cat\\\/#organization\"},\"potentialAction\":[{\"@type\":\"SearchAction\",\"target\":{\"@type\":\"EntryPoint\",\"urlTemplate\":\"https:\\\/\\\/www.esplac.cat\\\/?s={search_term_string}\"},\"query-input\":{\"@type\":\"PropertyValueSpecification\",\"valueRequired\":true,\"valueName\":\"search_term_string\"}}],\"inLanguage\":\"en-US\"},{\"@type\":\"Organization\",\"@id\":\"https:\\\/\\\/www.esplac.cat\\\/#organization\",\"name\":\"Esplac\",\"url\":\"https:\\\/\\\/www.esplac.cat\\\/\",\"logo\":{\"@type\":\"ImageObject\",\"inLanguage\":\"en-US\",\"@id\":\"https:\\\/\\\/www.esplac.cat\\\/#\\\/schema\\\/logo\\\/image\\\/\",\"url\":\"https:\\\/\\\/www.esplac.cat\\\/wp-content\\\/uploads\\\/2019\\\/08\\\/logox2.png\",\"contentUrl\":\"https:\\\/\\\/www.esplac.cat\\\/wp-content\\\/uploads\\\/2019\\\/08\\\/logox2.png\",\"width\":600,\"height\":295,\"caption\":\"Esplac\"},\"image\":{\"@id\":\"https:\\\/\\\/www.esplac.cat\\\/#\\\/schema\\\/logo\\\/image\\\/\"}},{\"@type\":\"Person\",\"@id\":\"https:\\\/\\\/www.esplac.cat\\\/#\\\/schema\\\/person\\\/908383cf240be18b68f8855d0583faca\",\"name\":\"Comunicaci\u00f3 Esplac\",\"image\":{\"@type\":\"ImageObject\",\"inLanguage\":\"en-US\",\"@id\":\"https:\\\/\\\/secure.gravatar.com\\\/avatar\\\/7a4cf8feb412a76ea4a740ca02d95b06b2907b5a6c648c2dd0a1082a093c3141?s=96&d=mm&r=g\",\"url\":\"https:\\\/\\\/secure.gravatar.com\\\/avatar\\\/7a4cf8feb412a76ea4a740ca02d95b06b2907b5a6c648c2dd0a1082a093c3141?s=96&d=mm&r=g\",\"contentUrl\":\"https:\\\/\\\/secure.gravatar.com\\\/avatar\\\/7a4cf8feb412a76ea4a740ca02d95b06b2907b5a6c648c2dd0a1082a093c3141?s=96&d=mm&r=g\",\"caption\":\"Comunicaci\u00f3 Esplac\"}}]}<\/script>\n<!-- \/ Yoast SEO plugin. -->","yoast_head_json":{"title":"La Monifesta\u2019t 2023 ja t\u00e9 Protocol i disposar\u00e0 de Punt Lila durant totes les activitats nocturnes - Esplac","robots":{"index":"index","follow":"follow","max-snippet":"max-snippet:-1","max-image-preview":"max-image-preview:large","max-video-preview":"max-video-preview:-1"},"canonical":"https:\/\/www.esplac.cat\/la-monifestat-2023-ja-te-protocol-i-disposara-de-punt-lila-durant-totes-les-activitats-nocturnes\/","og_locale":"en_US","og_type":"article","og_title":"La Monifesta\u2019t 2023 ja t\u00e9 Protocol i disposar\u00e0 de Punt Lila durant totes les activitats nocturnes - Esplac","og_description":"L\u2019Equip Gestor de Protocol d\u2019Esplac ha elaborat un Protocol contra [&hellip;]","og_url":"https:\/\/www.esplac.cat\/la-monifestat-2023-ja-te-protocol-i-disposara-de-punt-lila-durant-totes-les-activitats-nocturnes\/","og_site_name":"Esplac","article_published_time":"2023-05-12T15:13:30+00:00","article_modified_time":"2023-05-12T15:20:27+00:00","og_image":[{"width":1694,"height":700,"url":"https:\/\/www.esplac.cat\/wp-content\/uploads\/2023\/05\/Portada-protocol-1.jpg","type":"image\/jpeg"}],"author":"Comunicaci\u00f3 Esplac","twitter_card":"summary_large_image","twitter_misc":{"Written by":"Comunicaci\u00f3 Esplac","Est. reading time":"3 minutes"},"schema":{"@context":"https:\/\/schema.org","@graph":[{"@type":"Article","@id":"https:\/\/www.esplac.cat\/la-monifestat-2023-ja-te-protocol-i-disposara-de-punt-lila-durant-totes-les-activitats-nocturnes\/#article","isPartOf":{"@id":"https:\/\/www.esplac.cat\/la-monifestat-2023-ja-te-protocol-i-disposara-de-punt-lila-durant-totes-les-activitats-nocturnes\/"},"author":{"name":"Comunicaci\u00f3 Esplac","@id":"https:\/\/www.esplac.cat\/#\/schema\/person\/908383cf240be18b68f8855d0583faca"},"headline":"La Monifesta\u2019t 2023 ja t\u00e9 Protocol i disposar\u00e0 de Punt Lila durant totes les activitats nocturnes","datePublished":"2023-05-12T15:13:30+00:00","dateModified":"2023-05-12T15:20:27+00:00","mainEntityOfPage":{"@id":"https:\/\/www.esplac.cat\/la-monifestat-2023-ja-te-protocol-i-disposara-de-punt-lila-durant-totes-les-activitats-nocturnes\/"},"wordCount":437,"publisher":{"@id":"https:\/\/www.esplac.cat\/#organization"},"image":{"@id":"https:\/\/www.esplac.cat\/la-monifestat-2023-ja-te-protocol-i-disposara-de-punt-lila-durant-totes-les-activitats-nocturnes\/#primaryimage"},"thumbnailUrl":"https:\/\/www.esplac.cat\/wp-content\/uploads\/2023\/05\/Portada-protocol-1.jpg","articleSection":["Activitats esplac","Monifesta't"],"inLanguage":"en-US"},{"@type":"WebPage","@id":"https:\/\/www.esplac.cat\/la-monifestat-2023-ja-te-protocol-i-disposara-de-punt-lila-durant-totes-les-activitats-nocturnes\/","url":"https:\/\/www.esplac.cat\/la-monifestat-2023-ja-te-protocol-i-disposara-de-punt-lila-durant-totes-les-activitats-nocturnes\/","name":"La Monifesta\u2019t 2023 ja t\u00e9 Protocol i disposar\u00e0 de Punt Lila durant totes les activitats nocturnes - Esplac","isPartOf":{"@id":"https:\/\/www.esplac.cat\/#website"},"primaryImageOfPage":{"@id":"https:\/\/www.esplac.cat\/la-monifestat-2023-ja-te-protocol-i-disposara-de-punt-lila-durant-totes-les-activitats-nocturnes\/#primaryimage"},"image":{"@id":"https:\/\/www.esplac.cat\/la-monifestat-2023-ja-te-protocol-i-disposara-de-punt-lila-durant-totes-les-activitats-nocturnes\/#primaryimage"},"thumbnailUrl":"https:\/\/www.esplac.cat\/wp-content\/uploads\/2023\/05\/Portada-protocol-1.jpg","datePublished":"2023-05-12T15:13:30+00:00","dateModified":"2023-05-12T15:20:27+00:00","breadcrumb":{"@id":"https:\/\/www.esplac.cat\/la-monifestat-2023-ja-te-protocol-i-disposara-de-punt-lila-durant-totes-les-activitats-nocturnes\/#breadcrumb"},"inLanguage":"en-US","potentialAction":[{"@type":"ReadAction","target":["https:\/\/www.esplac.cat\/la-monifestat-2023-ja-te-protocol-i-disposara-de-punt-lila-durant-totes-les-activitats-nocturnes\/"]}]},{"@type":"ImageObject","inLanguage":"en-US","@id":"https:\/\/www.esplac.cat\/la-monifestat-2023-ja-te-protocol-i-disposara-de-punt-lila-durant-totes-les-activitats-nocturnes\/#primaryimage","url":"https:\/\/www.esplac.cat\/wp-content\/uploads\/2023\/05\/Portada-protocol-1.jpg","contentUrl":"https:\/\/www.esplac.cat\/wp-content\/uploads\/2023\/05\/Portada-protocol-1.jpg","width":1694,"height":700},{"@type":"BreadcrumbList","@id":"https:\/\/www.esplac.cat\/la-monifestat-2023-ja-te-protocol-i-disposara-de-punt-lila-durant-totes-les-activitats-nocturnes\/#breadcrumb","itemListElement":[{"@type":"ListItem","position":1,"name":"Inici","item":"https:\/\/www.esplac.cat\/en\/"},{"@type":"ListItem","position":2,"name":"La Monifesta\u2019t 2023 ja t\u00e9 Protocol i disposar\u00e0 de Punt Lila durant totes les activitats nocturnes"}]},{"@type":"WebSite","@id":"https:\/\/www.esplac.cat\/#website","url":"https:\/\/www.esplac.cat\/","name":"Esplac","description":"Esplais Catalans","publisher":{"@id":"https:\/\/www.esplac.cat\/#organization"},"potentialAction":[{"@type":"SearchAction","target":{"@type":"EntryPoint","urlTemplate":"https:\/\/www.esplac.cat\/?s={search_term_string}"},"query-input":{"@type":"PropertyValueSpecification","valueRequired":true,"valueName":"search_term_string"}}],"inLanguage":"en-US"},{"@type":"Organization","@id":"https:\/\/www.esplac.cat\/#organization","name":"Esplac","url":"https:\/\/www.esplac.cat\/","logo":{"@type":"ImageObject","inLanguage":"en-US","@id":"https:\/\/www.esplac.cat\/#\/schema\/logo\/image\/","url":"https:\/\/www.esplac.cat\/wp-content\/uploads\/2019\/08\/logox2.png","contentUrl":"https:\/\/www.esplac.cat\/wp-content\/uploads\/2019\/08\/logox2.png","width":600,"height":295,"caption":"Esplac"},"image":{"@id":"https:\/\/www.esplac.cat\/#\/schema\/logo\/image\/"}},{"@type":"Person","@id":"https:\/\/www.esplac.cat\/#\/schema\/person\/908383cf240be18b68f8855d0583faca","name":"Comunicaci\u00f3 Esplac","image":{"@type":"ImageObject","inLanguage":"en-US","@id":"https:\/\/secure.gravatar.com\/avatar\/7a4cf8feb412a76ea4a740ca02d95b06b2907b5a6c648c2dd0a1082a093c3141?s=96&d=mm&r=g","url":"https:\/\/secure.gravatar.com\/avatar\/7a4cf8feb412a76ea4a740ca02d95b06b2907b5a6c648c2dd0a1082a093c3141?s=96&d=mm&r=g","contentUrl":"https:\/\/secure.gravatar.com\/avatar\/7a4cf8feb412a76ea4a740ca02d95b06b2907b5a6c648c2dd0a1082a093c3141?s=96&d=mm&r=g","caption":"Comunicaci\u00f3 Esplac"}}]}},"_links":{"self":[{"href":"https:\/\/www.esplac.cat\/en\/wp-json\/wp\/v2\/posts\/45312","targetHints":{"allow":["GET"]}}],"collection":[{"href":"https:\/\/www.esplac.cat\/en\/wp-json\/wp\/v2\/posts"}],"about":[{"href":"https:\/\/www.esplac.cat\/en\/wp-json\/wp\/v2\/types\/post"}],"author":[{"embeddable":true,"href":"https:\/\/www.esplac.cat\/en\/wp-json\/wp\/v2\/users\/3"}],"replies":[{"embeddable":true,"href":"https:\/\/www.esplac.cat\/en\/wp-json\/wp\/v2\/comments?post=45312"}],"version-history":[{"count":0,"href":"https:\/\/www.esplac.cat\/en\/wp-json\/wp\/v2\/posts\/45312\/revisions"}],"wp:featuredmedia":[{"embeddable":true,"href":"https:\/\/www.esplac.cat\/en\/wp-json\/wp\/v2\/media\/45317"}],"wp:attachment":[{"href":"https:\/\/www.esplac.cat\/en\/wp-json\/wp\/v2\/media?parent=45312"}],"wp:term":[{"taxonomy":"category","embeddable":true,"href":"https:\/\/www.esplac.cat\/en\/wp-json\/wp\/v2\/categories?post=45312"},{"taxonomy":"post_tag","embeddable":true,"href":"https:\/\/www.esplac.cat\/en\/wp-json\/wp\/v2\/tags?post=45312"}],"curies":[{"name":"wp","href":"https:\/\/api.w.org\/{rel}","templated":true}]}}