{"id":45321,"date":"2023-05-15T15:57:38","date_gmt":"2023-05-15T13:57:38","guid":{"rendered":"https:\/\/www.esplac.cat\/?p=45321"},"modified":"2023-05-15T17:08:58","modified_gmt":"2023-05-15T15:08:58","slug":"nit-monifestat-2023","status":"publish","type":"post","link":"https:\/\/www.esplac.cat\/en\/nit-monifestat-2023\/","title":{"rendered":"Al\u00b7l\u00e8rgiques al pol\u00b7len, ImproCutre, PD Bosk, PD Iou i PD Gogo protagonitzen la nit de la Monifesta&#8217;t 2023!"},"content":{"rendered":"<h6 class=\"fusion-responsive-typography-calculated\" data-fontsize=\"19\" data-lineheight=\"24.7px\"><strong>El cap de setmana del 19, 20 i 21 de maig teniu una cita important\u00edssima a Centelles: arriba la Monifesta&#8217;t 2023! Aquest any la Trobada de Monitores i Monitors d\u2019Esplais Catalans compta amb dues nits carregades de festa, amb l&#8217;actuaci\u00f3 d&#8217;Al\u00b7l\u00e8rgiques al pol\u00b7len i la m\u00fasica de PDs molt <em>esplaieras<\/em>, entre altres sorpreses!<\/strong><\/h6>\n<p class=\"fusion-responsive-typography-calculated\" data-fontsize=\"19\" data-lineheight=\"24.7px\">El proper divendres 19 de maig arrenca la <a href=\"https:\/\/www.esplac.cat\/trobades\/monifestat\/\" target=\"_blank\" rel=\"noopener\"><strong><span style=\"color: #f69d0b;\">Monifesta&#8217;t 2023<\/span><\/strong><\/a>, un cap de setmana que reunir\u00e0 m\u00e9s de 800 persones entre monitores i monitors i membres de l\u2019organitzaci\u00f3, per reivindicar la import\u00e0ncia de la tasca educativa dels esplais. Sota el lema \u201c<strong>Pel m\u00f3n que volem, les joves eduquem<\/strong>!\u201d monis d\u2019esplais d\u2019arreu del territori al\u00e7arem la veu, posant sobre la taula que som agents educatius clau i que la nostra tasca \u00e9s imprescindible.<\/p>\n<p data-fontsize=\"19\" data-lineheight=\"24.7px\">M\u00e9s enll\u00e0 de formacions, tallers i actes reivindicatius, la Monifesta&#8217;t tamb\u00e9 arriba carregada de festa. El <strong>divendres<\/strong> <span class=\"WdYUQQ\">A les 21.00h donarem el tret de sortida de la trobada a la <\/span><span style=\"color: #f69d0b;\"><strong><a class=\"WdYUQQ\" style=\"color: #f69d0b;\" draggable=\"false\" href=\"https:\/\/goo.gl\/maps\/U94CEgkMSJTzrSH37\" target=\"_blank\" rel=\"noopener\">Pla\u00e7a Major<\/a><\/strong><\/span><span class=\"WdYUQQ\"> de Centelles. <\/span><span class=\"WdYUQQ\">A continuaci\u00f3, soparem conjuntament i a les 22.00h comen\u00e7aran els <\/span><strong><span class=\"WdYUQQ\">Balls Populars <\/span><\/strong><span class=\"WdYUQQ\">dinamitzats pel V\u00edctor Pedrol, que acabaran a les 00.00h.<\/span><\/p>\n<p><strong>Dissabte<\/strong> a la nit les activitats es repartiran en dos espais. Per una banda, a la <strong>Pla\u00e7a major<\/strong> de Centelles es podr\u00e0 gaudir de l&#8217;actuaci\u00f3 d&#8217;<a href=\"https:\/\/www.instagram.com\/improcutre\/\" target=\"_blank\" rel=\"noopener\"><strong><span style=\"color: #f69d0b;\">ImproCutre<\/span><\/strong><\/a>. Per altra banda, a<span class=\"WdYUQQ\">l <\/span><strong><a class=\"WdYUQQ\" draggable=\"false\" href=\"https:\/\/goo.gl\/maps\/URAz7e9CzZgkyd2Y8?coh=178571&amp;entry=tt\" target=\"_blank\" rel=\"noopener\"><span style=\"color: #f69d0b;\">Parc Riera Blanca<\/span><\/a><\/strong> <span class=\"WdYUQQ\">hi haur\u00e0 el concert <\/span>d\u2019<a class=\"WdYUQQ\" draggable=\"false\" href=\"https:\/\/linktr.ee\/alergicasalpolen\" target=\"_blank\" rel=\"noopener\"><span style=\"color: #f69d0b;\"><strong>Al\u00b7l\u00e8rgiques al Pol\u00b7len<\/strong><\/span>, <\/a><span class=\"WdYUQQ\">de 22.00 a 00.00h, i despr\u00e9s PDs fins a les 02.00h! Comptarem amb l&#8217;actuaci\u00f3 de <strong>PD Iou<\/strong>, <strong>PD Bosk<\/strong> i <strong>PD Gogo<\/strong>.<\/span><\/p>\n<p class=\"_04xlpA direction-ltr align-start para-style-body\"><span class=\"WdYUQQ\">Recordeu que la Nit al Parc hi haur\u00e0 la <\/span><span style=\"color: #f69d0b;\"><strong><a class=\"WdYUQQ\" style=\"color: #f69d0b;\" draggable=\"false\" href=\"https:\/\/www.instagram.com\/barraferotge\/\" target=\"_blank\" rel=\"noopener\">Barraferotge<\/a><\/strong><\/span><span class=\"WdYUQQ\">, gestionada per l\u2019<a href=\"https:\/\/esplailafera.wordpress.com\/\" target=\"_blank\" rel=\"noopener\"><strong><span style=\"color: #f69d0b;\">esplai La Fera<\/span><\/strong><\/a>. Els beneficis de la barra es destinaran al projecte <strong>&#8216;Aixequem la persiana!&#8217;. <\/strong><\/span><span class=\"WdYUQQ\">Amb aquesta iniciativa, La Fera vol deixar enrere el seu local actual, que no reuneix les condicions m\u00ednimes per a poder fer esplai amb dignitat, i conjuntament l\u2019AA.VV. Poble Nou Zona Esportiva <\/span><span class=\"WdYUQQ\">recuperar un local<\/span><span class=\"WdYUQQ\"> que actualment est\u00e0 en des\u00fas per convertir-lo en un espai de dinamitzaci\u00f3 comunit\u00e0ria del barri. Us animem a consumir<\/span><span class=\"WdYUQQ\"> a la barra per ajudar-los a aconseguir un local digne! <\/span><\/p>\n<p class=\"_04xlpA direction-ltr align-start para-style-body\">La Monifesta\u2019t 2023 compta amb un <a href=\"https:\/\/www.esplac.cat\/la-monifestat-2023-ja-te-protocol-i-disposara-de-punt-lila-durant-totes-les-activitats-nocturnes\/\" target=\"_blank\" rel=\"noopener\"><strong><span style=\"color: #f69d0b;\">Protocol contra agressions discriminat\u00f2ries<\/span> <\/strong><\/a>i disposar\u00e0 de <strong>Punt Lila<\/strong> durant totes les activitats nocturnes.<\/p>\n<p>Per \u00faltim, ja podeu veure com ser\u00e0 el <strong>marxandatge de la Monifesta&#8217;t 2023<\/strong>!<br \/>\nEns veiem ben aviat a Centelles!<img decoding=\"async\" class=\"wp-image-45328 size-medium aligncenter\" src=\"https:\/\/www.esplac.cat\/wp-content\/uploads\/2023\/05\/Post-Monifestat23-240x300.png\" alt=\"Mertxandatge Monifesta't 2023\" width=\"240\" height=\"300\" srcset=\"https:\/\/www.esplac.cat\/wp-content\/uploads\/2023\/05\/Post-Monifestat23-200x250.png 200w, https:\/\/www.esplac.cat\/wp-content\/uploads\/2023\/05\/Post-Monifestat23-240x300.png 240w, https:\/\/www.esplac.cat\/wp-content\/uploads\/2023\/05\/Post-Monifestat23-400x500.png 400w, https:\/\/www.esplac.cat\/wp-content\/uploads\/2023\/05\/Post-Monifestat23-600x750.png 600w, https:\/\/www.esplac.cat\/wp-content\/uploads\/2023\/05\/Post-Monifestat23-768x960.png 768w, https:\/\/www.esplac.cat\/wp-content\/uploads\/2023\/05\/Post-Monifestat23-800x1000.png 800w, https:\/\/www.esplac.cat\/wp-content\/uploads\/2023\/05\/Post-Monifestat23-819x1024.png 819w, https:\/\/www.esplac.cat\/wp-content\/uploads\/2023\/05\/Post-Monifestat23.png 1080w\" sizes=\"(max-width: 240px) 100vw, 240px\" \/><\/p>\n<p class=\"entry-title fusion-post-title fusion-responsive-typography-calculated\" data-fontsize=\"30\" data-lineheight=\"39px\"><img decoding=\"async\" class=\"aligncenter wp-image-45340 size-large\" src=\"https:\/\/www.esplac.cat\/wp-content\/uploads\/2023\/05\/Espais-Oci-Nit-Monifestat-1-724x1024.jpg\" alt=\"Programa Nit Monifesta't\" width=\"724\" height=\"1024\" srcset=\"https:\/\/www.esplac.cat\/wp-content\/uploads\/2023\/05\/Espais-Oci-Nit-Monifestat-1-200x283.jpg 200w, https:\/\/www.esplac.cat\/wp-content\/uploads\/2023\/05\/Espais-Oci-Nit-Monifestat-1-212x300.jpg 212w, https:\/\/www.esplac.cat\/wp-content\/uploads\/2023\/05\/Espais-Oci-Nit-Monifestat-1-400x566.jpg 400w, https:\/\/www.esplac.cat\/wp-content\/uploads\/2023\/05\/Espais-Oci-Nit-Monifestat-1-600x849.jpg 600w, https:\/\/www.esplac.cat\/wp-content\/uploads\/2023\/05\/Espais-Oci-Nit-Monifestat-1-724x1024.jpg 724w, https:\/\/www.esplac.cat\/wp-content\/uploads\/2023\/05\/Espais-Oci-Nit-Monifestat-1-768x1086.jpg 768w, https:\/\/www.esplac.cat\/wp-content\/uploads\/2023\/05\/Espais-Oci-Nit-Monifestat-1-800x1132.jpg 800w, https:\/\/www.esplac.cat\/wp-content\/uploads\/2023\/05\/Espais-Oci-Nit-Monifestat-1-1086x1536.jpg 1086w, https:\/\/www.esplac.cat\/wp-content\/uploads\/2023\/05\/Espais-Oci-Nit-Monifestat-1-1200x1698.jpg 1200w, https:\/\/www.esplac.cat\/wp-content\/uploads\/2023\/05\/Espais-Oci-Nit-Monifestat-1-1448x2048.jpg 1448w, https:\/\/www.esplac.cat\/wp-content\/uploads\/2023\/05\/Espais-Oci-Nit-Monifestat-1.jpg 1587w\" sizes=\"(max-width: 724px) 100vw, 724px\" \/><\/p>\n","protected":false},"excerpt":{"rendered":"<p>El cap de setmana del 19, 20 i 21 de [&hellip;]<\/p>\n","protected":false},"author":3,"featured_media":45349,"comment_status":"closed","ping_status":"closed","sticky":false,"template":"","format":"standard","meta":{"om_disable_all_campaigns":false,"_monsterinsights_skip_tracking":false,"_monsterinsights_sitenote_active":false,"_monsterinsights_sitenote_note":"","_monsterinsights_sitenote_category":0,"_uf_show_specific_survey":0,"_uf_disable_surveys":false,"footnotes":""},"categories":[1111,1115,1,1396],"tags":[],"class_list":["post-45321","post","type-post","status-publish","format-standard","has-post-thumbnail","hentry","category-activitats-esplac","category-monifestat","category-sense-categoria","category-socies"],"yoast_head":"<!-- This site is optimized with the Yoast SEO plugin v27.4 - https:\/\/yoast.com\/product\/yoast-seo-wordpress\/ -->\n<title>La nit de la Monifesta&#039;t 2023!<\/title>\n<meta name=\"description\" content=\"M\u00e9s enll\u00e0 de formacions, tallers i actes reivindicatius, la Monifesta&#039;t 2023 arriba carregada de festa! Descobreix el programa complet.\" \/>\n<meta name=\"robots\" content=\"index, follow, max-snippet:-1, max-image-preview:large, max-video-preview:-1\" \/>\n<link rel=\"canonical\" href=\"https:\/\/www.esplac.cat\/nit-monifestat-2023\/\" \/>\n<meta property=\"og:locale\" content=\"en_US\" \/>\n<meta property=\"og:type\" content=\"article\" \/>\n<meta property=\"og:title\" content=\"La nit de la Monifesta&#039;t 2023!\" \/>\n<meta property=\"og:description\" content=\"M\u00e9s enll\u00e0 de formacions, tallers i actes reivindicatius, la Monifesta&#039;t 2023 arriba carregada de festa! Descobreix el programa complet.\" \/>\n<meta property=\"og:url\" content=\"https:\/\/www.esplac.cat\/nit-monifestat-2023\/\" \/>\n<meta property=\"og:site_name\" content=\"Esplac\" \/>\n<meta property=\"article:published_time\" content=\"2023-05-15T13:57:38+00:00\" \/>\n<meta property=\"article:modified_time\" content=\"2023-05-15T15:08:58+00:00\" \/>\n<meta property=\"og:image\" content=\"https:\/\/www.esplac.cat\/wp-content\/uploads\/2023\/05\/Portades-Web-5.jpg\" \/>\n\t<meta property=\"og:image:width\" content=\"1697\" \/>\n\t<meta property=\"og:image:height\" content=\"700\" \/>\n\t<meta property=\"og:image:type\" content=\"image\/jpeg\" \/>\n<meta name=\"author\" content=\"Comunicaci\u00f3 Esplac\" \/>\n<meta name=\"twitter:card\" content=\"summary_large_image\" \/>\n<meta name=\"twitter:label1\" content=\"Written by\" \/>\n\t<meta name=\"twitter:data1\" content=\"Comunicaci\u00f3 Esplac\" \/>\n\t<meta name=\"twitter:label2\" content=\"Est. reading time\" \/>\n\t<meta name=\"twitter:data2\" content=\"3 minutes\" \/>\n<script type=\"application\/ld+json\" class=\"yoast-schema-graph\">{\"@context\":\"https:\\\/\\\/schema.org\",\"@graph\":[{\"@type\":\"Article\",\"@id\":\"https:\\\/\\\/www.esplac.cat\\\/nit-monifestat-2023\\\/#article\",\"isPartOf\":{\"@id\":\"https:\\\/\\\/www.esplac.cat\\\/nit-monifestat-2023\\\/\"},\"author\":{\"name\":\"Comunicaci\u00f3 Esplac\",\"@id\":\"https:\\\/\\\/www.esplac.cat\\\/#\\\/schema\\\/person\\\/908383cf240be18b68f8855d0583faca\"},\"headline\":\"Al\u00b7l\u00e8rgiques al pol\u00b7len, ImproCutre, PD Bosk, PD Iou i PD Gogo protagonitzen la nit de la Monifesta&#8217;t 2023!\",\"datePublished\":\"2023-05-15T13:57:38+00:00\",\"dateModified\":\"2023-05-15T15:08:58+00:00\",\"mainEntityOfPage\":{\"@id\":\"https:\\\/\\\/www.esplac.cat\\\/nit-monifestat-2023\\\/\"},\"wordCount\":423,\"publisher\":{\"@id\":\"https:\\\/\\\/www.esplac.cat\\\/#organization\"},\"image\":{\"@id\":\"https:\\\/\\\/www.esplac.cat\\\/nit-monifestat-2023\\\/#primaryimage\"},\"thumbnailUrl\":\"https:\\\/\\\/www.esplac.cat\\\/wp-content\\\/uploads\\\/2023\\\/05\\\/Portades-Web-5.jpg\",\"articleSection\":[\"Activitats esplac\",\"Monifesta't\",\"Sense categoria\",\"S\u00f2cies\"],\"inLanguage\":\"en-US\"},{\"@type\":\"WebPage\",\"@id\":\"https:\\\/\\\/www.esplac.cat\\\/nit-monifestat-2023\\\/\",\"url\":\"https:\\\/\\\/www.esplac.cat\\\/nit-monifestat-2023\\\/\",\"name\":\"La nit de la Monifesta't 2023!\",\"isPartOf\":{\"@id\":\"https:\\\/\\\/www.esplac.cat\\\/#website\"},\"primaryImageOfPage\":{\"@id\":\"https:\\\/\\\/www.esplac.cat\\\/nit-monifestat-2023\\\/#primaryimage\"},\"image\":{\"@id\":\"https:\\\/\\\/www.esplac.cat\\\/nit-monifestat-2023\\\/#primaryimage\"},\"thumbnailUrl\":\"https:\\\/\\\/www.esplac.cat\\\/wp-content\\\/uploads\\\/2023\\\/05\\\/Portades-Web-5.jpg\",\"datePublished\":\"2023-05-15T13:57:38+00:00\",\"dateModified\":\"2023-05-15T15:08:58+00:00\",\"description\":\"M\u00e9s enll\u00e0 de formacions, tallers i actes reivindicatius, la Monifesta't 2023 arriba carregada de festa! Descobreix el programa complet.\",\"breadcrumb\":{\"@id\":\"https:\\\/\\\/www.esplac.cat\\\/nit-monifestat-2023\\\/#breadcrumb\"},\"inLanguage\":\"en-US\",\"potentialAction\":[{\"@type\":\"ReadAction\",\"target\":[\"https:\\\/\\\/www.esplac.cat\\\/nit-monifestat-2023\\\/\"]}]},{\"@type\":\"ImageObject\",\"inLanguage\":\"en-US\",\"@id\":\"https:\\\/\\\/www.esplac.cat\\\/nit-monifestat-2023\\\/#primaryimage\",\"url\":\"https:\\\/\\\/www.esplac.cat\\\/wp-content\\\/uploads\\\/2023\\\/05\\\/Portades-Web-5.jpg\",\"contentUrl\":\"https:\\\/\\\/www.esplac.cat\\\/wp-content\\\/uploads\\\/2023\\\/05\\\/Portades-Web-5.jpg\",\"width\":1697,\"height\":700,\"caption\":\"Nit Monifesta't 23\"},{\"@type\":\"BreadcrumbList\",\"@id\":\"https:\\\/\\\/www.esplac.cat\\\/nit-monifestat-2023\\\/#breadcrumb\",\"itemListElement\":[{\"@type\":\"ListItem\",\"position\":1,\"name\":\"Inici\",\"item\":\"https:\\\/\\\/www.esplac.cat\\\/en\\\/\"},{\"@type\":\"ListItem\",\"position\":2,\"name\":\"Al\u00b7l\u00e8rgiques al pol\u00b7len, ImproCutre, PD Bosk, PD Iou i PD Gogo protagonitzen la nit de la Monifesta&#8217;t 2023!\"}]},{\"@type\":\"WebSite\",\"@id\":\"https:\\\/\\\/www.esplac.cat\\\/#website\",\"url\":\"https:\\\/\\\/www.esplac.cat\\\/\",\"name\":\"Esplac\",\"description\":\"Esplais Catalans\",\"publisher\":{\"@id\":\"https:\\\/\\\/www.esplac.cat\\\/#organization\"},\"potentialAction\":[{\"@type\":\"SearchAction\",\"target\":{\"@type\":\"EntryPoint\",\"urlTemplate\":\"https:\\\/\\\/www.esplac.cat\\\/?s={search_term_string}\"},\"query-input\":{\"@type\":\"PropertyValueSpecification\",\"valueRequired\":true,\"valueName\":\"search_term_string\"}}],\"inLanguage\":\"en-US\"},{\"@type\":\"Organization\",\"@id\":\"https:\\\/\\\/www.esplac.cat\\\/#organization\",\"name\":\"Esplac\",\"url\":\"https:\\\/\\\/www.esplac.cat\\\/\",\"logo\":{\"@type\":\"ImageObject\",\"inLanguage\":\"en-US\",\"@id\":\"https:\\\/\\\/www.esplac.cat\\\/#\\\/schema\\\/logo\\\/image\\\/\",\"url\":\"https:\\\/\\\/www.esplac.cat\\\/wp-content\\\/uploads\\\/2019\\\/08\\\/logox2.png\",\"contentUrl\":\"https:\\\/\\\/www.esplac.cat\\\/wp-content\\\/uploads\\\/2019\\\/08\\\/logox2.png\",\"width\":600,\"height\":295,\"caption\":\"Esplac\"},\"image\":{\"@id\":\"https:\\\/\\\/www.esplac.cat\\\/#\\\/schema\\\/logo\\\/image\\\/\"}},{\"@type\":\"Person\",\"@id\":\"https:\\\/\\\/www.esplac.cat\\\/#\\\/schema\\\/person\\\/908383cf240be18b68f8855d0583faca\",\"name\":\"Comunicaci\u00f3 Esplac\",\"image\":{\"@type\":\"ImageObject\",\"inLanguage\":\"en-US\",\"@id\":\"https:\\\/\\\/secure.gravatar.com\\\/avatar\\\/7a4cf8feb412a76ea4a740ca02d95b06b2907b5a6c648c2dd0a1082a093c3141?s=96&d=mm&r=g\",\"url\":\"https:\\\/\\\/secure.gravatar.com\\\/avatar\\\/7a4cf8feb412a76ea4a740ca02d95b06b2907b5a6c648c2dd0a1082a093c3141?s=96&d=mm&r=g\",\"contentUrl\":\"https:\\\/\\\/secure.gravatar.com\\\/avatar\\\/7a4cf8feb412a76ea4a740ca02d95b06b2907b5a6c648c2dd0a1082a093c3141?s=96&d=mm&r=g\",\"caption\":\"Comunicaci\u00f3 Esplac\"}}]}<\/script>\n<!-- \/ Yoast SEO plugin. -->","yoast_head_json":{"title":"La nit de la Monifesta't 2023!","description":"M\u00e9s enll\u00e0 de formacions, tallers i actes reivindicatius, la Monifesta't 2023 arriba carregada de festa! Descobreix el programa complet.","robots":{"index":"index","follow":"follow","max-snippet":"max-snippet:-1","max-image-preview":"max-image-preview:large","max-video-preview":"max-video-preview:-1"},"canonical":"https:\/\/www.esplac.cat\/nit-monifestat-2023\/","og_locale":"en_US","og_type":"article","og_title":"La nit de la Monifesta't 2023!","og_description":"M\u00e9s enll\u00e0 de formacions, tallers i actes reivindicatius, la Monifesta't 2023 arriba carregada de festa! Descobreix el programa complet.","og_url":"https:\/\/www.esplac.cat\/nit-monifestat-2023\/","og_site_name":"Esplac","article_published_time":"2023-05-15T13:57:38+00:00","article_modified_time":"2023-05-15T15:08:58+00:00","og_image":[{"width":1697,"height":700,"url":"https:\/\/www.esplac.cat\/wp-content\/uploads\/2023\/05\/Portades-Web-5.jpg","type":"image\/jpeg"}],"author":"Comunicaci\u00f3 Esplac","twitter_card":"summary_large_image","twitter_misc":{"Written by":"Comunicaci\u00f3 Esplac","Est. reading time":"3 minutes"},"schema":{"@context":"https:\/\/schema.org","@graph":[{"@type":"Article","@id":"https:\/\/www.esplac.cat\/nit-monifestat-2023\/#article","isPartOf":{"@id":"https:\/\/www.esplac.cat\/nit-monifestat-2023\/"},"author":{"name":"Comunicaci\u00f3 Esplac","@id":"https:\/\/www.esplac.cat\/#\/schema\/person\/908383cf240be18b68f8855d0583faca"},"headline":"Al\u00b7l\u00e8rgiques al pol\u00b7len, ImproCutre, PD Bosk, PD Iou i PD Gogo protagonitzen la nit de la Monifesta&#8217;t 2023!","datePublished":"2023-05-15T13:57:38+00:00","dateModified":"2023-05-15T15:08:58+00:00","mainEntityOfPage":{"@id":"https:\/\/www.esplac.cat\/nit-monifestat-2023\/"},"wordCount":423,"publisher":{"@id":"https:\/\/www.esplac.cat\/#organization"},"image":{"@id":"https:\/\/www.esplac.cat\/nit-monifestat-2023\/#primaryimage"},"thumbnailUrl":"https:\/\/www.esplac.cat\/wp-content\/uploads\/2023\/05\/Portades-Web-5.jpg","articleSection":["Activitats esplac","Monifesta't","Sense categoria","S\u00f2cies"],"inLanguage":"en-US"},{"@type":"WebPage","@id":"https:\/\/www.esplac.cat\/nit-monifestat-2023\/","url":"https:\/\/www.esplac.cat\/nit-monifestat-2023\/","name":"La nit de la Monifesta't 2023!","isPartOf":{"@id":"https:\/\/www.esplac.cat\/#website"},"primaryImageOfPage":{"@id":"https:\/\/www.esplac.cat\/nit-monifestat-2023\/#primaryimage"},"image":{"@id":"https:\/\/www.esplac.cat\/nit-monifestat-2023\/#primaryimage"},"thumbnailUrl":"https:\/\/www.esplac.cat\/wp-content\/uploads\/2023\/05\/Portades-Web-5.jpg","datePublished":"2023-05-15T13:57:38+00:00","dateModified":"2023-05-15T15:08:58+00:00","description":"M\u00e9s enll\u00e0 de formacions, tallers i actes reivindicatius, la Monifesta't 2023 arriba carregada de festa! Descobreix el programa complet.","breadcrumb":{"@id":"https:\/\/www.esplac.cat\/nit-monifestat-2023\/#breadcrumb"},"inLanguage":"en-US","potentialAction":[{"@type":"ReadAction","target":["https:\/\/www.esplac.cat\/nit-monifestat-2023\/"]}]},{"@type":"ImageObject","inLanguage":"en-US","@id":"https:\/\/www.esplac.cat\/nit-monifestat-2023\/#primaryimage","url":"https:\/\/www.esplac.cat\/wp-content\/uploads\/2023\/05\/Portades-Web-5.jpg","contentUrl":"https:\/\/www.esplac.cat\/wp-content\/uploads\/2023\/05\/Portades-Web-5.jpg","width":1697,"height":700,"caption":"Nit Monifesta't 23"},{"@type":"BreadcrumbList","@id":"https:\/\/www.esplac.cat\/nit-monifestat-2023\/#breadcrumb","itemListElement":[{"@type":"ListItem","position":1,"name":"Inici","item":"https:\/\/www.esplac.cat\/en\/"},{"@type":"ListItem","position":2,"name":"Al\u00b7l\u00e8rgiques al pol\u00b7len, ImproCutre, PD Bosk, PD Iou i PD Gogo protagonitzen la nit de la Monifesta&#8217;t 2023!"}]},{"@type":"WebSite","@id":"https:\/\/www.esplac.cat\/#website","url":"https:\/\/www.esplac.cat\/","name":"Esplac","description":"Esplais Catalans","publisher":{"@id":"https:\/\/www.esplac.cat\/#organization"},"potentialAction":[{"@type":"SearchAction","target":{"@type":"EntryPoint","urlTemplate":"https:\/\/www.esplac.cat\/?s={search_term_string}"},"query-input":{"@type":"PropertyValueSpecification","valueRequired":true,"valueName":"search_term_string"}}],"inLanguage":"en-US"},{"@type":"Organization","@id":"https:\/\/www.esplac.cat\/#organization","name":"Esplac","url":"https:\/\/www.esplac.cat\/","logo":{"@type":"ImageObject","inLanguage":"en-US","@id":"https:\/\/www.esplac.cat\/#\/schema\/logo\/image\/","url":"https:\/\/www.esplac.cat\/wp-content\/uploads\/2019\/08\/logox2.png","contentUrl":"https:\/\/www.esplac.cat\/wp-content\/uploads\/2019\/08\/logox2.png","width":600,"height":295,"caption":"Esplac"},"image":{"@id":"https:\/\/www.esplac.cat\/#\/schema\/logo\/image\/"}},{"@type":"Person","@id":"https:\/\/www.esplac.cat\/#\/schema\/person\/908383cf240be18b68f8855d0583faca","name":"Comunicaci\u00f3 Esplac","image":{"@type":"ImageObject","inLanguage":"en-US","@id":"https:\/\/secure.gravatar.com\/avatar\/7a4cf8feb412a76ea4a740ca02d95b06b2907b5a6c648c2dd0a1082a093c3141?s=96&d=mm&r=g","url":"https:\/\/secure.gravatar.com\/avatar\/7a4cf8feb412a76ea4a740ca02d95b06b2907b5a6c648c2dd0a1082a093c3141?s=96&d=mm&r=g","contentUrl":"https:\/\/secure.gravatar.com\/avatar\/7a4cf8feb412a76ea4a740ca02d95b06b2907b5a6c648c2dd0a1082a093c3141?s=96&d=mm&r=g","caption":"Comunicaci\u00f3 Esplac"}}]}},"_links":{"self":[{"href":"https:\/\/www.esplac.cat\/en\/wp-json\/wp\/v2\/posts\/45321","targetHints":{"allow":["GET"]}}],"collection":[{"href":"https:\/\/www.esplac.cat\/en\/wp-json\/wp\/v2\/posts"}],"about":[{"href":"https:\/\/www.esplac.cat\/en\/wp-json\/wp\/v2\/types\/post"}],"author":[{"embeddable":true,"href":"https:\/\/www.esplac.cat\/en\/wp-json\/wp\/v2\/users\/3"}],"replies":[{"embeddable":true,"href":"https:\/\/www.esplac.cat\/en\/wp-json\/wp\/v2\/comments?post=45321"}],"version-history":[{"count":0,"href":"https:\/\/www.esplac.cat\/en\/wp-json\/wp\/v2\/posts\/45321\/revisions"}],"wp:featuredmedia":[{"embeddable":true,"href":"https:\/\/www.esplac.cat\/en\/wp-json\/wp\/v2\/media\/45349"}],"wp:attachment":[{"href":"https:\/\/www.esplac.cat\/en\/wp-json\/wp\/v2\/media?parent=45321"}],"wp:term":[{"taxonomy":"category","embeddable":true,"href":"https:\/\/www.esplac.cat\/en\/wp-json\/wp\/v2\/categories?post=45321"},{"taxonomy":"post_tag","embeddable":true,"href":"https:\/\/www.esplac.cat\/en\/wp-json\/wp\/v2\/tags?post=45321"}],"curies":[{"name":"wp","href":"https:\/\/api.w.org\/{rel}","templated":true}]}}