{"id":4533,"date":"2018-03-21T11:18:52","date_gmt":"2018-03-21T09:18:52","guid":{"rendered":"https:\/\/www.somesplai.cat\/?p=4533"},"modified":"2019-11-28T14:24:16","modified_gmt":"2019-11-28T13:24:16","slug":"tothom-hauria-de-ser-feminista-8m-a-portugal","status":"publish","type":"post","link":"https:\/\/www.esplac.cat\/en\/tothom-hauria-de-ser-feminista-8m-a-portugal\/","title":{"rendered":"Tothom hauria de ser feminista: el 8M a Portugal"},"content":{"rendered":"<h5 style=\"text-align: justify;\">21-mar\u00e7-2018<\/h5>\n<p style=\"text-align: justify;\">Autora: <strong>Cira Diakhaby<\/strong>,&nbsp;exmonitora de l\u2019<a href=\"http:\/\/esplaixango.com\/\" target=\"_blank\" rel=\"noopener noreferrer\">Esplai Xang\u00f3<\/a>, ex-EGS del Sector Barcelona, membre de l&#8217;Espai de Coordinaci\u00f3 Internacional i actualment participant en un SVE a Lisboa.<\/p>\n<hr>\n<p style=\"text-align: justify;\">Suposo que algunes ja coneixeu o us sona el t\u00edtol d\u2019aquest llibre de la <strong>Chimamanda Ngozi<\/strong>. Aquest llibre hauria de ser lectura obligat\u00f2ria aqu\u00ed a Lusit\u00e0nia. Aqu\u00ed la paraula <em>feminista<\/em> (ser feminista) es considera una cosa negativa. I l\u2019error \u00e9s la falta de consci\u00e8ncia. Parlant amb nois i noies d\u2019altres pa\u00efsos d\u2019Europa, la majoria definim el pa\u00eds com a masclista.<\/p>\n<p style=\"text-align: justify;\">Molts cops hem sentit la frase que <strong>Portugal \u00e9s Espanya fa 50 anys<\/strong>. Doncs b\u00e9, com ja vaig explicar en l\u2019\u00faltim article, en temes de respecte envers la diversitat cultural i d\u2019origen ens van al davant. Per\u00f2 en termes de masclisme l\u2019afirmaci\u00f3 pren sentit.<\/p>\n<blockquote>\n<p style=\"text-align: justify;\">Pel que fa a la diversitat cultural i d&#8217;origen no, per\u00f2 en termes de masclisme pren sentit l&#8217;afirmaci\u00f3 que Portugal \u00e9s Espanya fa 50 anys.<\/p>\n<\/blockquote>\n<p style=\"text-align: justify;\">Veient estad\u00edstiques i r\u00e0nquings dels pa\u00efsos amb menys desigualtat de g\u00e8nere, Portugal es situa en el n\u00famero 33, com ja fa anys. Les condicions de les dones no milloren i aix\u00f2 \u00e9s perqu\u00e8 la societat portuguesa no es defineix com a masclista. El 9 de mar\u00e7, l\u2019endem\u00e0 del Dia de la Dona, als diaris portuguesos sortia la not\u00edcia \u201cLa vaga i les manifestacions marquen el Dia de la Dona a Espanya\u201d, i la seg\u00fcent deia \u201cRegina Marques  considera que la vaga espanyola \u00e9s un <em>show-off<\/em> i afirma que a Portugal encara no existeixen raons per fer una vaga de dones\u201d.<\/p>\n<p style=\"text-align: justify;\"><strong>El dia 8 aqu\u00ed \u00e9s un dia m\u00e9s<\/strong>. En comptes de poder dir \u201ctots els dies s\u00f3n 8 de mar\u00e7\u201d, aqu\u00ed simplement \u00e9s un dia igual que els altres. Com a molt hi ha botigues de roba que posen globus roses a la porta i fan descompte a les dones. Aquell dijous vaig omplir-me d\u2019orgull en veure les imatges que m\u2019enviaven les amigues o que veia a les not\u00edcies; en veure v\u00eddeos a Facebook i Instagram; veure milers de persones pels carrers de Barcelona, Madrid, Santiago de Compostel\u00b7la, Bilbao, Sevilla\u2026 Cridant per les que ja no hi s\u00f3n, cridant a la llibertat, al respecte i a la igualtat. Veure que molts dels meus contactes d\u2019internet penjaven una foto dient que s\u2019adherien a la vaga, i jo aqu\u00ed, on molts no sabien ni en quin dia vivien.<\/p>\n<p style=\"text-align: justify;\">Per ser un pa\u00eds que no necessita vaga de dones, jo al carrer, a la feina i a tot arreu rebo un tracte diferent que el meu company pel fet de ser una dona. Petits fets com que en un restaurant et serveixin a tu primer, que et deixin seure al tren, que no et deixin portar bosses de la compra, que pensin que la cervesa \u00e9s per a ell i el caf\u00e8 per a mi, que et mirin i et xiulin cada dos per tres pel carrer, que quan et casis adoptis el cognom del marit&#8230; <strong>Els comentaris de noies joves que diuen \u201cjo no s\u00f3c feminista\u201d s\u00f3n una marca de poc coneixement<\/strong>. I jo mentrestant llegint el llibre <em>Curs de feminisme per a microones<\/em>.<\/p>\n<p style=\"text-align: justify;\">Per canviar una mica la situaci\u00f3, les meves companyes volunt\u00e0ries i jo hem decidit fer un reportatge de dones apoderades de la zona per organitzar una exposici\u00f3 sobre elles en un espai p\u00fablic. Vull acabar nom\u00e9s deixant clar que e<strong>l feminisme \u00e9s la idea radical que les dones som persones<\/strong>.<\/p>\n","protected":false},"excerpt":{"rendered":"<p>21-mar\u00e7-2018 Autora: Cira Diakhaby,&nbsp;exmonitora de l\u2019Esplai Xang\u00f3, ex-EGS del Sector [&hellip;]<\/p>\n","protected":false},"author":3,"featured_media":4534,"comment_status":"closed","ping_status":"closed","sticky":false,"template":"","format":"standard","meta":{"om_disable_all_campaigns":false,"_monsterinsights_skip_tracking":false,"_monsterinsights_sitenote_active":false,"_monsterinsights_sitenote_note":"","_monsterinsights_sitenote_category":0,"_uf_show_specific_survey":0,"_uf_disable_surveys":false,"footnotes":""},"categories":[1168],"tags":[],"class_list":["post-4533","post","type-post","status-publish","format-standard","has-post-thumbnail","hentry","category-creuant_mirades"],"yoast_head":"<!-- This site is optimized with the Yoast SEO plugin v27.5 - https:\/\/yoast.com\/product\/yoast-seo-wordpress\/ -->\n<title>Tothom hauria de ser feminista: el 8M a Portugal - Esplac<\/title>\n<meta name=\"robots\" content=\"index, follow, max-snippet:-1, max-image-preview:large, max-video-preview:-1\" \/>\n<link rel=\"canonical\" href=\"https:\/\/www.esplac.cat\/tothom-hauria-de-ser-feminista-8m-a-portugal\/\" \/>\n<meta property=\"og:locale\" content=\"en_US\" \/>\n<meta property=\"og:type\" content=\"article\" \/>\n<meta property=\"og:title\" content=\"Tothom hauria de ser feminista: el 8M a Portugal - Esplac\" \/>\n<meta property=\"og:description\" content=\"21-mar\u00e7-2018 Autora: Cira Diakhaby,&nbsp;exmonitora de l\u2019Esplai Xang\u00f3, ex-EGS del Sector [&hellip;]\" \/>\n<meta property=\"og:url\" content=\"https:\/\/www.esplac.cat\/tothom-hauria-de-ser-feminista-8m-a-portugal\/\" \/>\n<meta property=\"og:site_name\" content=\"Esplac\" \/>\n<meta property=\"article:published_time\" content=\"2018-03-21T09:18:52+00:00\" \/>\n<meta property=\"article:modified_time\" content=\"2019-11-28T13:24:16+00:00\" \/>\n<meta property=\"og:image\" content=\"https:\/\/www.esplac.cat\/wp-content\/uploads\/2019\/11\/logo-open.jpg\" \/>\n\t<meta property=\"og:image:width\" content=\"1200\" \/>\n\t<meta property=\"og:image:height\" content=\"630\" \/>\n\t<meta property=\"og:image:type\" content=\"image\/jpeg\" \/>\n<meta name=\"author\" content=\"Comunicaci\u00f3 Esplac\" \/>\n<meta name=\"twitter:card\" content=\"summary_large_image\" \/>\n<meta name=\"twitter:label1\" content=\"Written by\" \/>\n\t<meta name=\"twitter:data1\" content=\"Comunicaci\u00f3 Esplac\" \/>\n\t<meta name=\"twitter:label2\" content=\"Est. reading time\" \/>\n\t<meta name=\"twitter:data2\" content=\"3 minutes\" \/>\n<script type=\"application\/ld+json\" class=\"yoast-schema-graph\">{\"@context\":\"https:\\\/\\\/schema.org\",\"@graph\":[{\"@type\":\"Article\",\"@id\":\"https:\\\/\\\/www.esplac.cat\\\/tothom-hauria-de-ser-feminista-8m-a-portugal\\\/#article\",\"isPartOf\":{\"@id\":\"https:\\\/\\\/www.esplac.cat\\\/tothom-hauria-de-ser-feminista-8m-a-portugal\\\/\"},\"author\":{\"name\":\"Comunicaci\u00f3 Esplac\",\"@id\":\"https:\\\/\\\/www.esplac.cat\\\/#\\\/schema\\\/person\\\/908383cf240be18b68f8855d0583faca\"},\"headline\":\"Tothom hauria de ser feminista: el 8M a Portugal\",\"datePublished\":\"2018-03-21T09:18:52+00:00\",\"dateModified\":\"2019-11-28T13:24:16+00:00\",\"mainEntityOfPage\":{\"@id\":\"https:\\\/\\\/www.esplac.cat\\\/tothom-hauria-de-ser-feminista-8m-a-portugal\\\/\"},\"wordCount\":620,\"publisher\":{\"@id\":\"https:\\\/\\\/www.esplac.cat\\\/#organization\"},\"image\":{\"@id\":\"https:\\\/\\\/www.esplac.cat\\\/tothom-hauria-de-ser-feminista-8m-a-portugal\\\/#primaryimage\"},\"thumbnailUrl\":\"\",\"articleSection\":[\"Creuant mirades\"],\"inLanguage\":\"en-US\"},{\"@type\":\"WebPage\",\"@id\":\"https:\\\/\\\/www.esplac.cat\\\/tothom-hauria-de-ser-feminista-8m-a-portugal\\\/\",\"url\":\"https:\\\/\\\/www.esplac.cat\\\/tothom-hauria-de-ser-feminista-8m-a-portugal\\\/\",\"name\":\"Tothom hauria de ser feminista: el 8M a Portugal - Esplac\",\"isPartOf\":{\"@id\":\"https:\\\/\\\/www.esplac.cat\\\/#website\"},\"primaryImageOfPage\":{\"@id\":\"https:\\\/\\\/www.esplac.cat\\\/tothom-hauria-de-ser-feminista-8m-a-portugal\\\/#primaryimage\"},\"image\":{\"@id\":\"https:\\\/\\\/www.esplac.cat\\\/tothom-hauria-de-ser-feminista-8m-a-portugal\\\/#primaryimage\"},\"thumbnailUrl\":\"\",\"datePublished\":\"2018-03-21T09:18:52+00:00\",\"dateModified\":\"2019-11-28T13:24:16+00:00\",\"breadcrumb\":{\"@id\":\"https:\\\/\\\/www.esplac.cat\\\/tothom-hauria-de-ser-feminista-8m-a-portugal\\\/#breadcrumb\"},\"inLanguage\":\"en-US\",\"potentialAction\":[{\"@type\":\"ReadAction\",\"target\":[\"https:\\\/\\\/www.esplac.cat\\\/tothom-hauria-de-ser-feminista-8m-a-portugal\\\/\"]}]},{\"@type\":\"ImageObject\",\"inLanguage\":\"en-US\",\"@id\":\"https:\\\/\\\/www.esplac.cat\\\/tothom-hauria-de-ser-feminista-8m-a-portugal\\\/#primaryimage\",\"url\":\"\",\"contentUrl\":\"\"},{\"@type\":\"BreadcrumbList\",\"@id\":\"https:\\\/\\\/www.esplac.cat\\\/tothom-hauria-de-ser-feminista-8m-a-portugal\\\/#breadcrumb\",\"itemListElement\":[{\"@type\":\"ListItem\",\"position\":1,\"name\":\"Inici\",\"item\":\"https:\\\/\\\/www.esplac.cat\\\/en\\\/\"},{\"@type\":\"ListItem\",\"position\":2,\"name\":\"Tothom hauria de ser feminista: el 8M a Portugal\"}]},{\"@type\":\"WebSite\",\"@id\":\"https:\\\/\\\/www.esplac.cat\\\/#website\",\"url\":\"https:\\\/\\\/www.esplac.cat\\\/\",\"name\":\"Esplac\",\"description\":\"Esplais Catalans\",\"publisher\":{\"@id\":\"https:\\\/\\\/www.esplac.cat\\\/#organization\"},\"potentialAction\":[{\"@type\":\"SearchAction\",\"target\":{\"@type\":\"EntryPoint\",\"urlTemplate\":\"https:\\\/\\\/www.esplac.cat\\\/?s={search_term_string}\"},\"query-input\":{\"@type\":\"PropertyValueSpecification\",\"valueRequired\":true,\"valueName\":\"search_term_string\"}}],\"inLanguage\":\"en-US\"},{\"@type\":\"Organization\",\"@id\":\"https:\\\/\\\/www.esplac.cat\\\/#organization\",\"name\":\"Esplac\",\"url\":\"https:\\\/\\\/www.esplac.cat\\\/\",\"logo\":{\"@type\":\"ImageObject\",\"inLanguage\":\"en-US\",\"@id\":\"https:\\\/\\\/www.esplac.cat\\\/#\\\/schema\\\/logo\\\/image\\\/\",\"url\":\"https:\\\/\\\/www.esplac.cat\\\/wp-content\\\/uploads\\\/2019\\\/08\\\/logox2.png\",\"contentUrl\":\"https:\\\/\\\/www.esplac.cat\\\/wp-content\\\/uploads\\\/2019\\\/08\\\/logox2.png\",\"width\":600,\"height\":295,\"caption\":\"Esplac\"},\"image\":{\"@id\":\"https:\\\/\\\/www.esplac.cat\\\/#\\\/schema\\\/logo\\\/image\\\/\"}},{\"@type\":\"Person\",\"@id\":\"https:\\\/\\\/www.esplac.cat\\\/#\\\/schema\\\/person\\\/908383cf240be18b68f8855d0583faca\",\"name\":\"Comunicaci\u00f3 Esplac\",\"image\":{\"@type\":\"ImageObject\",\"inLanguage\":\"en-US\",\"@id\":\"https:\\\/\\\/secure.gravatar.com\\\/avatar\\\/7a4cf8feb412a76ea4a740ca02d95b06b2907b5a6c648c2dd0a1082a093c3141?s=96&d=mm&r=g\",\"url\":\"https:\\\/\\\/secure.gravatar.com\\\/avatar\\\/7a4cf8feb412a76ea4a740ca02d95b06b2907b5a6c648c2dd0a1082a093c3141?s=96&d=mm&r=g\",\"contentUrl\":\"https:\\\/\\\/secure.gravatar.com\\\/avatar\\\/7a4cf8feb412a76ea4a740ca02d95b06b2907b5a6c648c2dd0a1082a093c3141?s=96&d=mm&r=g\",\"caption\":\"Comunicaci\u00f3 Esplac\"}}]}<\/script>\n<!-- \/ Yoast SEO plugin. -->","yoast_head_json":{"title":"Tothom hauria de ser feminista: el 8M a Portugal - Esplac","robots":{"index":"index","follow":"follow","max-snippet":"max-snippet:-1","max-image-preview":"max-image-preview:large","max-video-preview":"max-video-preview:-1"},"canonical":"https:\/\/www.esplac.cat\/tothom-hauria-de-ser-feminista-8m-a-portugal\/","og_locale":"en_US","og_type":"article","og_title":"Tothom hauria de ser feminista: el 8M a Portugal - Esplac","og_description":"21-mar\u00e7-2018 Autora: Cira Diakhaby,&nbsp;exmonitora de l\u2019Esplai Xang\u00f3, ex-EGS del Sector [&hellip;]","og_url":"https:\/\/www.esplac.cat\/tothom-hauria-de-ser-feminista-8m-a-portugal\/","og_site_name":"Esplac","article_published_time":"2018-03-21T09:18:52+00:00","article_modified_time":"2019-11-28T13:24:16+00:00","og_image":[{"width":1200,"height":630,"url":"https:\/\/www.esplac.cat\/wp-content\/uploads\/2019\/11\/logo-open.jpg","type":"image\/jpeg"}],"author":"Comunicaci\u00f3 Esplac","twitter_card":"summary_large_image","twitter_misc":{"Written by":"Comunicaci\u00f3 Esplac","Est. reading time":"3 minutes"},"schema":{"@context":"https:\/\/schema.org","@graph":[{"@type":"Article","@id":"https:\/\/www.esplac.cat\/tothom-hauria-de-ser-feminista-8m-a-portugal\/#article","isPartOf":{"@id":"https:\/\/www.esplac.cat\/tothom-hauria-de-ser-feminista-8m-a-portugal\/"},"author":{"name":"Comunicaci\u00f3 Esplac","@id":"https:\/\/www.esplac.cat\/#\/schema\/person\/908383cf240be18b68f8855d0583faca"},"headline":"Tothom hauria de ser feminista: el 8M a Portugal","datePublished":"2018-03-21T09:18:52+00:00","dateModified":"2019-11-28T13:24:16+00:00","mainEntityOfPage":{"@id":"https:\/\/www.esplac.cat\/tothom-hauria-de-ser-feminista-8m-a-portugal\/"},"wordCount":620,"publisher":{"@id":"https:\/\/www.esplac.cat\/#organization"},"image":{"@id":"https:\/\/www.esplac.cat\/tothom-hauria-de-ser-feminista-8m-a-portugal\/#primaryimage"},"thumbnailUrl":"","articleSection":["Creuant mirades"],"inLanguage":"en-US"},{"@type":"WebPage","@id":"https:\/\/www.esplac.cat\/tothom-hauria-de-ser-feminista-8m-a-portugal\/","url":"https:\/\/www.esplac.cat\/tothom-hauria-de-ser-feminista-8m-a-portugal\/","name":"Tothom hauria de ser feminista: el 8M a Portugal - Esplac","isPartOf":{"@id":"https:\/\/www.esplac.cat\/#website"},"primaryImageOfPage":{"@id":"https:\/\/www.esplac.cat\/tothom-hauria-de-ser-feminista-8m-a-portugal\/#primaryimage"},"image":{"@id":"https:\/\/www.esplac.cat\/tothom-hauria-de-ser-feminista-8m-a-portugal\/#primaryimage"},"thumbnailUrl":"","datePublished":"2018-03-21T09:18:52+00:00","dateModified":"2019-11-28T13:24:16+00:00","breadcrumb":{"@id":"https:\/\/www.esplac.cat\/tothom-hauria-de-ser-feminista-8m-a-portugal\/#breadcrumb"},"inLanguage":"en-US","potentialAction":[{"@type":"ReadAction","target":["https:\/\/www.esplac.cat\/tothom-hauria-de-ser-feminista-8m-a-portugal\/"]}]},{"@type":"ImageObject","inLanguage":"en-US","@id":"https:\/\/www.esplac.cat\/tothom-hauria-de-ser-feminista-8m-a-portugal\/#primaryimage","url":"","contentUrl":""},{"@type":"BreadcrumbList","@id":"https:\/\/www.esplac.cat\/tothom-hauria-de-ser-feminista-8m-a-portugal\/#breadcrumb","itemListElement":[{"@type":"ListItem","position":1,"name":"Inici","item":"https:\/\/www.esplac.cat\/en\/"},{"@type":"ListItem","position":2,"name":"Tothom hauria de ser feminista: el 8M a Portugal"}]},{"@type":"WebSite","@id":"https:\/\/www.esplac.cat\/#website","url":"https:\/\/www.esplac.cat\/","name":"Esplac","description":"Esplais Catalans","publisher":{"@id":"https:\/\/www.esplac.cat\/#organization"},"potentialAction":[{"@type":"SearchAction","target":{"@type":"EntryPoint","urlTemplate":"https:\/\/www.esplac.cat\/?s={search_term_string}"},"query-input":{"@type":"PropertyValueSpecification","valueRequired":true,"valueName":"search_term_string"}}],"inLanguage":"en-US"},{"@type":"Organization","@id":"https:\/\/www.esplac.cat\/#organization","name":"Esplac","url":"https:\/\/www.esplac.cat\/","logo":{"@type":"ImageObject","inLanguage":"en-US","@id":"https:\/\/www.esplac.cat\/#\/schema\/logo\/image\/","url":"https:\/\/www.esplac.cat\/wp-content\/uploads\/2019\/08\/logox2.png","contentUrl":"https:\/\/www.esplac.cat\/wp-content\/uploads\/2019\/08\/logox2.png","width":600,"height":295,"caption":"Esplac"},"image":{"@id":"https:\/\/www.esplac.cat\/#\/schema\/logo\/image\/"}},{"@type":"Person","@id":"https:\/\/www.esplac.cat\/#\/schema\/person\/908383cf240be18b68f8855d0583faca","name":"Comunicaci\u00f3 Esplac","image":{"@type":"ImageObject","inLanguage":"en-US","@id":"https:\/\/secure.gravatar.com\/avatar\/7a4cf8feb412a76ea4a740ca02d95b06b2907b5a6c648c2dd0a1082a093c3141?s=96&d=mm&r=g","url":"https:\/\/secure.gravatar.com\/avatar\/7a4cf8feb412a76ea4a740ca02d95b06b2907b5a6c648c2dd0a1082a093c3141?s=96&d=mm&r=g","contentUrl":"https:\/\/secure.gravatar.com\/avatar\/7a4cf8feb412a76ea4a740ca02d95b06b2907b5a6c648c2dd0a1082a093c3141?s=96&d=mm&r=g","caption":"Comunicaci\u00f3 Esplac"}}]}},"_links":{"self":[{"href":"https:\/\/www.esplac.cat\/en\/wp-json\/wp\/v2\/posts\/4533","targetHints":{"allow":["GET"]}}],"collection":[{"href":"https:\/\/www.esplac.cat\/en\/wp-json\/wp\/v2\/posts"}],"about":[{"href":"https:\/\/www.esplac.cat\/en\/wp-json\/wp\/v2\/types\/post"}],"author":[{"embeddable":true,"href":"https:\/\/www.esplac.cat\/en\/wp-json\/wp\/v2\/users\/3"}],"replies":[{"embeddable":true,"href":"https:\/\/www.esplac.cat\/en\/wp-json\/wp\/v2\/comments?post=4533"}],"version-history":[{"count":0,"href":"https:\/\/www.esplac.cat\/en\/wp-json\/wp\/v2\/posts\/4533\/revisions"}],"wp:featuredmedia":[{"embeddable":true,"href":"https:\/\/www.esplac.cat\/en\/wp-json\/"}],"wp:attachment":[{"href":"https:\/\/www.esplac.cat\/en\/wp-json\/wp\/v2\/media?parent=4533"}],"wp:term":[{"taxonomy":"category","embeddable":true,"href":"https:\/\/www.esplac.cat\/en\/wp-json\/wp\/v2\/categories?post=4533"},{"taxonomy":"post_tag","embeddable":true,"href":"https:\/\/www.esplac.cat\/en\/wp-json\/wp\/v2\/tags?post=4533"}],"curies":[{"name":"wp","href":"https:\/\/api.w.org\/{rel}","templated":true}]}}