{"id":45366,"date":"2023-05-17T18:39:56","date_gmt":"2023-05-17T16:39:56","guid":{"rendered":"https:\/\/www.esplac.cat\/?p=45366"},"modified":"2023-05-18T09:43:48","modified_gmt":"2023-05-18T07:43:48","slug":"tot-el-que-no-et-pots-perdre-aquesta-monifestat","status":"publish","type":"post","link":"https:\/\/www.esplac.cat\/en\/tot-el-que-no-et-pots-perdre-aquesta-monifestat\/","title":{"rendered":"Xerrades, tallers, debats i formacions: tot el que no et pots perdre aquesta Monifesta&#8217;t!"},"content":{"rendered":"<h5><strong>Xerrades, debats, formacions, tallers&#8230; Ja coneixes tots els espais formatius de la Monifesta&#8217;t 2023?<\/strong><\/h5>\n<p class=\"_04xlpA direction-ltr align-start para-style-body\"><span class=\"WdYUQQ\">Aquest cap de setmana celebrem la Monifesta\u2019t; una trobada per passar-ho d\u2019all\u00f2 m\u00e9s b\u00e9, con\u00e8ixer altres monitores i monitors, fer xarxa i, tamb\u00e9, per formar-nos! Aquest any ens trobarem a\u00a0Centelles els dies\u00a0<strong>19, 20 i 21 de maig sota<\/strong>\u00a0el lema \u201c<b>Pel m\u00f3n que volem, les joves eduquem!<\/b>\u201c. Durant aquests dies podrem gaudir de <\/span><span class=\"WdYUQQ\">tallers, formacions, debats i xerrades<\/span><span class=\"WdYUQQ\"> d\u2019all\u00f2 m\u00e9s interessants.<\/span><\/p>\n<p><span class=\"WdYUQQ\">Durant el <strong>mat\u00ed de dissabte<\/strong>, arreu de Centelles es duran a terme 7<strong>\u00a0xerrades obertes al p\u00fablic<\/strong>. A la <span style=\"color: #f69d0b;\"><strong><a style=\"color: #f69d0b;\" href=\"https:\/\/www.esplac.cat\/wp-content\/uploads\/2023\/05\/8.-GUIA-PARTICIPACIO_activitats.pdf\" target=\"_blank\" rel=\"noopener\">guia de participaci\u00f3<\/a><\/strong> <\/span>podeu consultar on tindran lloc! A la primera franja, de 10:30 a 11:30h, comptarem amb &#8216;<span style=\"font-weight: 400;\"><strong>Educar en temps de crisi ecosocial<\/strong>&#8216;<\/span><b><span style=\"font-weight: 400;\">, a c\u00e0rrec de <span style=\"font-weight: 300;\">Gil Hortal; &#8216;<\/span><\/span><\/b><strong>L&#8217;ab\u00fas sexual infantil a les entitats de lleure<\/strong><b><span style=\"font-weight: 400;\"><span style=\"font-weight: 300;\">&#8216;, a c\u00e0rrec de l&#8217;Escola Lliure El Sol, i &#8216;<\/span><\/span><\/b><strong>Situaci\u00f3 actual de l&#8217;habitatge i sindicat de llogateres<\/strong><b><span style=\"font-weight: 400;\"><span style=\"font-weight: 300;\">&#8216;, a c\u00e0rrec del Sindicat de Llogateres.\u00a0<\/span><\/span><\/b><\/span><\/p>\n<p>A la segona franja, de 12:30h a 13:30h, comptarem amb &#8216;<span class=\"WdYUQQ\"><strong>Visibilitzar el potencial socioeducatiu de les arts vinculades al hip hop<\/strong>&#8216;, a c\u00e0rrec de Erol Urb\u00e0; &#8216;<strong>Les finances \u00e8tiques a l&#8217;associacionisme juvenil<\/strong>&#8216;, a c\u00e0rrec de l&#8217;Escola Lliure El Sol; &#8216;<strong>Salut mental en la inf\u00e0ncia i joventut<\/strong>&#8216;, a c\u00e0rrec de Club Social La Garriga de Salut Mental Catalunya; i &#8216;<strong>Qu\u00e8 s\u00f3n els TCA? Mites, grassof\u00f2bia i eines per abordar-ho<\/strong>&#8216;, a c\u00e0rrec de Cinta Tort.\u00a0<\/span><\/p>\n<p>A la <strong>tarda<\/strong> arribar\u00e0 el moment de participar als tallers, les formacions, els debats o altres espais formatius on us heu apuntat o on se us hagi assignat. Al <strong><a href=\"https:\/\/www.esplac.cat\/wp-content\/uploads\/2023\/04\/INTRO-ESPAIS-FORMATIUS-Monifestat-23-2.pdf\" target=\"_blank\" rel=\"noopener\"><span style=\"color: #f69d0b;\">cat\u00e0leg<\/span><\/a><\/strong> trobareu m\u00e9s informaci\u00f3 sobre cadascun d&#8217;aquests espais. Recordeu que totes les activitats c<span class=\"WdYUQQ\">omencen a les <\/span><span class=\"WdYUQQ\">16.00h i r<\/span><span class=\"WdYUQQ\">ecomanem ser-hi 10 minuts abans. A banda recorda que:<\/span><\/p>\n<ul>\n<li><span class=\"WdYUQQ\">Has de dur la polsera.<\/span><\/li>\n<li><span class=\"WdYUQQ\">No podr\u00e0s entrar a tallers als quals no t\u2019has inscrit!<\/span><\/li>\n<li><span class=\"WdYUQQ\">Porta el material que t\u2019hem demanat pel taller, si s\u2019escau.<\/span><\/li>\n<li><span class=\"WdYUQQ\">Signa l\u2019assist\u00e8ncia quan arribis.<\/span><\/li>\n<li><span class=\"WdYUQQ\">Sigues puntual i no faltis als tallers que t\u2019has inscrit!<\/span><\/li>\n<\/ul>\n<p>Per estar al dia de la trobada, teniu el programa i tota la informaci\u00f3 a l&#8217;<a href=\"https:\/\/www.instagram.com\/monifestat23\/\" target=\"_blank\" rel=\"noopener\"><strong><span style=\"color: #f69d0b;\">Instagram de la Monifesta&#8217;t<\/span><\/strong><\/a>. Ens veiem ben aviat, quins nervis!<\/p>\n","protected":false},"excerpt":{"rendered":"<p>Xerrades, debats, formacions, tallers&#8230; Ja coneixes tots els espais formatius [&hellip;]<\/p>\n","protected":false},"author":3,"featured_media":45377,"comment_status":"closed","ping_status":"closed","sticky":false,"template":"","format":"standard","meta":{"om_disable_all_campaigns":false,"_monsterinsights_skip_tracking":false,"_monsterinsights_sitenote_active":false,"_monsterinsights_sitenote_note":"","_monsterinsights_sitenote_category":0,"_uf_show_specific_survey":0,"_uf_disable_surveys":false,"footnotes":""},"categories":[1111,1115,1],"tags":[],"class_list":["post-45366","post","type-post","status-publish","format-standard","has-post-thumbnail","hentry","category-activitats-esplac","category-monifestat","category-sense-categoria"],"yoast_head":"<!-- This site is optimized with the Yoast SEO plugin v27.4 - https:\/\/yoast.com\/product\/yoast-seo-wordpress\/ -->\n<title>Tot el que no et pots perdre aquesta Monifesta&#039;t!<\/title>\n<meta name=\"description\" content=\"Xerrades, debats, formacions, tallers... Ja coneixes tots els espais formatius de la Monifesta&#039;t 2023? T&#039;ho expliquem tot!\" \/>\n<meta name=\"robots\" content=\"index, follow, max-snippet:-1, max-image-preview:large, max-video-preview:-1\" \/>\n<link rel=\"canonical\" href=\"https:\/\/www.esplac.cat\/tot-el-que-no-et-pots-perdre-aquesta-monifestat\/\" \/>\n<meta property=\"og:locale\" content=\"en_US\" \/>\n<meta property=\"og:type\" content=\"article\" \/>\n<meta property=\"og:title\" content=\"Tot el que no et pots perdre aquesta Monifesta&#039;t!\" \/>\n<meta property=\"og:description\" content=\"Xerrades, debats, formacions, tallers... Ja coneixes tots els espais formatius de la Monifesta&#039;t 2023? T&#039;ho expliquem tot!\" \/>\n<meta property=\"og:url\" content=\"https:\/\/www.esplac.cat\/tot-el-que-no-et-pots-perdre-aquesta-monifestat\/\" \/>\n<meta property=\"og:site_name\" content=\"Esplac\" \/>\n<meta property=\"article:published_time\" content=\"2023-05-17T16:39:56+00:00\" \/>\n<meta property=\"article:modified_time\" content=\"2023-05-18T07:43:48+00:00\" \/>\n<meta property=\"og:image\" content=\"https:\/\/www.esplac.cat\/wp-content\/uploads\/2023\/05\/Portades-Web-7.jpg\" \/>\n\t<meta property=\"og:image:width\" content=\"1697\" \/>\n\t<meta property=\"og:image:height\" content=\"700\" \/>\n\t<meta property=\"og:image:type\" content=\"image\/jpeg\" \/>\n<meta name=\"author\" content=\"Comunicaci\u00f3 Esplac\" \/>\n<meta name=\"twitter:card\" content=\"summary_large_image\" \/>\n<meta name=\"twitter:label1\" content=\"Written by\" \/>\n\t<meta name=\"twitter:data1\" content=\"Comunicaci\u00f3 Esplac\" \/>\n\t<meta name=\"twitter:label2\" content=\"Est. reading time\" \/>\n\t<meta name=\"twitter:data2\" content=\"2 minutes\" \/>\n<script type=\"application\/ld+json\" class=\"yoast-schema-graph\">{\"@context\":\"https:\\\/\\\/schema.org\",\"@graph\":[{\"@type\":\"Article\",\"@id\":\"https:\\\/\\\/www.esplac.cat\\\/tot-el-que-no-et-pots-perdre-aquesta-monifestat\\\/#article\",\"isPartOf\":{\"@id\":\"https:\\\/\\\/www.esplac.cat\\\/tot-el-que-no-et-pots-perdre-aquesta-monifestat\\\/\"},\"author\":{\"name\":\"Comunicaci\u00f3 Esplac\",\"@id\":\"https:\\\/\\\/www.esplac.cat\\\/#\\\/schema\\\/person\\\/908383cf240be18b68f8855d0583faca\"},\"headline\":\"Xerrades, tallers, debats i formacions: tot el que no et pots perdre aquesta Monifesta&#8217;t!\",\"datePublished\":\"2023-05-17T16:39:56+00:00\",\"dateModified\":\"2023-05-18T07:43:48+00:00\",\"mainEntityOfPage\":{\"@id\":\"https:\\\/\\\/www.esplac.cat\\\/tot-el-que-no-et-pots-perdre-aquesta-monifestat\\\/\"},\"wordCount\":394,\"publisher\":{\"@id\":\"https:\\\/\\\/www.esplac.cat\\\/#organization\"},\"image\":{\"@id\":\"https:\\\/\\\/www.esplac.cat\\\/tot-el-que-no-et-pots-perdre-aquesta-monifestat\\\/#primaryimage\"},\"thumbnailUrl\":\"https:\\\/\\\/www.esplac.cat\\\/wp-content\\\/uploads\\\/2023\\\/05\\\/Portades-Web-7.jpg\",\"articleSection\":[\"Activitats esplac\",\"Monifesta't\",\"Sense categoria\"],\"inLanguage\":\"en-US\"},{\"@type\":\"WebPage\",\"@id\":\"https:\\\/\\\/www.esplac.cat\\\/tot-el-que-no-et-pots-perdre-aquesta-monifestat\\\/\",\"url\":\"https:\\\/\\\/www.esplac.cat\\\/tot-el-que-no-et-pots-perdre-aquesta-monifestat\\\/\",\"name\":\"Tot el que no et pots perdre aquesta Monifesta't!\",\"isPartOf\":{\"@id\":\"https:\\\/\\\/www.esplac.cat\\\/#website\"},\"primaryImageOfPage\":{\"@id\":\"https:\\\/\\\/www.esplac.cat\\\/tot-el-que-no-et-pots-perdre-aquesta-monifestat\\\/#primaryimage\"},\"image\":{\"@id\":\"https:\\\/\\\/www.esplac.cat\\\/tot-el-que-no-et-pots-perdre-aquesta-monifestat\\\/#primaryimage\"},\"thumbnailUrl\":\"https:\\\/\\\/www.esplac.cat\\\/wp-content\\\/uploads\\\/2023\\\/05\\\/Portades-Web-7.jpg\",\"datePublished\":\"2023-05-17T16:39:56+00:00\",\"dateModified\":\"2023-05-18T07:43:48+00:00\",\"description\":\"Xerrades, debats, formacions, tallers... Ja coneixes tots els espais formatius de la Monifesta't 2023? T'ho expliquem tot!\",\"breadcrumb\":{\"@id\":\"https:\\\/\\\/www.esplac.cat\\\/tot-el-que-no-et-pots-perdre-aquesta-monifestat\\\/#breadcrumb\"},\"inLanguage\":\"en-US\",\"potentialAction\":[{\"@type\":\"ReadAction\",\"target\":[\"https:\\\/\\\/www.esplac.cat\\\/tot-el-que-no-et-pots-perdre-aquesta-monifestat\\\/\"]}]},{\"@type\":\"ImageObject\",\"inLanguage\":\"en-US\",\"@id\":\"https:\\\/\\\/www.esplac.cat\\\/tot-el-que-no-et-pots-perdre-aquesta-monifestat\\\/#primaryimage\",\"url\":\"https:\\\/\\\/www.esplac.cat\\\/wp-content\\\/uploads\\\/2023\\\/05\\\/Portades-Web-7.jpg\",\"contentUrl\":\"https:\\\/\\\/www.esplac.cat\\\/wp-content\\\/uploads\\\/2023\\\/05\\\/Portades-Web-7.jpg\",\"width\":1697,\"height\":700,\"caption\":\"Espais formatius monifestat 2023\"},{\"@type\":\"BreadcrumbList\",\"@id\":\"https:\\\/\\\/www.esplac.cat\\\/tot-el-que-no-et-pots-perdre-aquesta-monifestat\\\/#breadcrumb\",\"itemListElement\":[{\"@type\":\"ListItem\",\"position\":1,\"name\":\"Inici\",\"item\":\"https:\\\/\\\/www.esplac.cat\\\/en\\\/\"},{\"@type\":\"ListItem\",\"position\":2,\"name\":\"Xerrades, tallers, debats i formacions: tot el que no et pots perdre aquesta Monifesta&#8217;t!\"}]},{\"@type\":\"WebSite\",\"@id\":\"https:\\\/\\\/www.esplac.cat\\\/#website\",\"url\":\"https:\\\/\\\/www.esplac.cat\\\/\",\"name\":\"Esplac\",\"description\":\"Esplais Catalans\",\"publisher\":{\"@id\":\"https:\\\/\\\/www.esplac.cat\\\/#organization\"},\"potentialAction\":[{\"@type\":\"SearchAction\",\"target\":{\"@type\":\"EntryPoint\",\"urlTemplate\":\"https:\\\/\\\/www.esplac.cat\\\/?s={search_term_string}\"},\"query-input\":{\"@type\":\"PropertyValueSpecification\",\"valueRequired\":true,\"valueName\":\"search_term_string\"}}],\"inLanguage\":\"en-US\"},{\"@type\":\"Organization\",\"@id\":\"https:\\\/\\\/www.esplac.cat\\\/#organization\",\"name\":\"Esplac\",\"url\":\"https:\\\/\\\/www.esplac.cat\\\/\",\"logo\":{\"@type\":\"ImageObject\",\"inLanguage\":\"en-US\",\"@id\":\"https:\\\/\\\/www.esplac.cat\\\/#\\\/schema\\\/logo\\\/image\\\/\",\"url\":\"https:\\\/\\\/www.esplac.cat\\\/wp-content\\\/uploads\\\/2019\\\/08\\\/logox2.png\",\"contentUrl\":\"https:\\\/\\\/www.esplac.cat\\\/wp-content\\\/uploads\\\/2019\\\/08\\\/logox2.png\",\"width\":600,\"height\":295,\"caption\":\"Esplac\"},\"image\":{\"@id\":\"https:\\\/\\\/www.esplac.cat\\\/#\\\/schema\\\/logo\\\/image\\\/\"}},{\"@type\":\"Person\",\"@id\":\"https:\\\/\\\/www.esplac.cat\\\/#\\\/schema\\\/person\\\/908383cf240be18b68f8855d0583faca\",\"name\":\"Comunicaci\u00f3 Esplac\",\"image\":{\"@type\":\"ImageObject\",\"inLanguage\":\"en-US\",\"@id\":\"https:\\\/\\\/secure.gravatar.com\\\/avatar\\\/7a4cf8feb412a76ea4a740ca02d95b06b2907b5a6c648c2dd0a1082a093c3141?s=96&d=mm&r=g\",\"url\":\"https:\\\/\\\/secure.gravatar.com\\\/avatar\\\/7a4cf8feb412a76ea4a740ca02d95b06b2907b5a6c648c2dd0a1082a093c3141?s=96&d=mm&r=g\",\"contentUrl\":\"https:\\\/\\\/secure.gravatar.com\\\/avatar\\\/7a4cf8feb412a76ea4a740ca02d95b06b2907b5a6c648c2dd0a1082a093c3141?s=96&d=mm&r=g\",\"caption\":\"Comunicaci\u00f3 Esplac\"}}]}<\/script>\n<!-- \/ Yoast SEO plugin. -->","yoast_head_json":{"title":"Tot el que no et pots perdre aquesta Monifesta't!","description":"Xerrades, debats, formacions, tallers... Ja coneixes tots els espais formatius de la Monifesta't 2023? T'ho expliquem tot!","robots":{"index":"index","follow":"follow","max-snippet":"max-snippet:-1","max-image-preview":"max-image-preview:large","max-video-preview":"max-video-preview:-1"},"canonical":"https:\/\/www.esplac.cat\/tot-el-que-no-et-pots-perdre-aquesta-monifestat\/","og_locale":"en_US","og_type":"article","og_title":"Tot el que no et pots perdre aquesta Monifesta't!","og_description":"Xerrades, debats, formacions, tallers... Ja coneixes tots els espais formatius de la Monifesta't 2023? T'ho expliquem tot!","og_url":"https:\/\/www.esplac.cat\/tot-el-que-no-et-pots-perdre-aquesta-monifestat\/","og_site_name":"Esplac","article_published_time":"2023-05-17T16:39:56+00:00","article_modified_time":"2023-05-18T07:43:48+00:00","og_image":[{"width":1697,"height":700,"url":"https:\/\/www.esplac.cat\/wp-content\/uploads\/2023\/05\/Portades-Web-7.jpg","type":"image\/jpeg"}],"author":"Comunicaci\u00f3 Esplac","twitter_card":"summary_large_image","twitter_misc":{"Written by":"Comunicaci\u00f3 Esplac","Est. reading time":"2 minutes"},"schema":{"@context":"https:\/\/schema.org","@graph":[{"@type":"Article","@id":"https:\/\/www.esplac.cat\/tot-el-que-no-et-pots-perdre-aquesta-monifestat\/#article","isPartOf":{"@id":"https:\/\/www.esplac.cat\/tot-el-que-no-et-pots-perdre-aquesta-monifestat\/"},"author":{"name":"Comunicaci\u00f3 Esplac","@id":"https:\/\/www.esplac.cat\/#\/schema\/person\/908383cf240be18b68f8855d0583faca"},"headline":"Xerrades, tallers, debats i formacions: tot el que no et pots perdre aquesta Monifesta&#8217;t!","datePublished":"2023-05-17T16:39:56+00:00","dateModified":"2023-05-18T07:43:48+00:00","mainEntityOfPage":{"@id":"https:\/\/www.esplac.cat\/tot-el-que-no-et-pots-perdre-aquesta-monifestat\/"},"wordCount":394,"publisher":{"@id":"https:\/\/www.esplac.cat\/#organization"},"image":{"@id":"https:\/\/www.esplac.cat\/tot-el-que-no-et-pots-perdre-aquesta-monifestat\/#primaryimage"},"thumbnailUrl":"https:\/\/www.esplac.cat\/wp-content\/uploads\/2023\/05\/Portades-Web-7.jpg","articleSection":["Activitats esplac","Monifesta't","Sense categoria"],"inLanguage":"en-US"},{"@type":"WebPage","@id":"https:\/\/www.esplac.cat\/tot-el-que-no-et-pots-perdre-aquesta-monifestat\/","url":"https:\/\/www.esplac.cat\/tot-el-que-no-et-pots-perdre-aquesta-monifestat\/","name":"Tot el que no et pots perdre aquesta Monifesta't!","isPartOf":{"@id":"https:\/\/www.esplac.cat\/#website"},"primaryImageOfPage":{"@id":"https:\/\/www.esplac.cat\/tot-el-que-no-et-pots-perdre-aquesta-monifestat\/#primaryimage"},"image":{"@id":"https:\/\/www.esplac.cat\/tot-el-que-no-et-pots-perdre-aquesta-monifestat\/#primaryimage"},"thumbnailUrl":"https:\/\/www.esplac.cat\/wp-content\/uploads\/2023\/05\/Portades-Web-7.jpg","datePublished":"2023-05-17T16:39:56+00:00","dateModified":"2023-05-18T07:43:48+00:00","description":"Xerrades, debats, formacions, tallers... Ja coneixes tots els espais formatius de la Monifesta't 2023? T'ho expliquem tot!","breadcrumb":{"@id":"https:\/\/www.esplac.cat\/tot-el-que-no-et-pots-perdre-aquesta-monifestat\/#breadcrumb"},"inLanguage":"en-US","potentialAction":[{"@type":"ReadAction","target":["https:\/\/www.esplac.cat\/tot-el-que-no-et-pots-perdre-aquesta-monifestat\/"]}]},{"@type":"ImageObject","inLanguage":"en-US","@id":"https:\/\/www.esplac.cat\/tot-el-que-no-et-pots-perdre-aquesta-monifestat\/#primaryimage","url":"https:\/\/www.esplac.cat\/wp-content\/uploads\/2023\/05\/Portades-Web-7.jpg","contentUrl":"https:\/\/www.esplac.cat\/wp-content\/uploads\/2023\/05\/Portades-Web-7.jpg","width":1697,"height":700,"caption":"Espais formatius monifestat 2023"},{"@type":"BreadcrumbList","@id":"https:\/\/www.esplac.cat\/tot-el-que-no-et-pots-perdre-aquesta-monifestat\/#breadcrumb","itemListElement":[{"@type":"ListItem","position":1,"name":"Inici","item":"https:\/\/www.esplac.cat\/en\/"},{"@type":"ListItem","position":2,"name":"Xerrades, tallers, debats i formacions: tot el que no et pots perdre aquesta Monifesta&#8217;t!"}]},{"@type":"WebSite","@id":"https:\/\/www.esplac.cat\/#website","url":"https:\/\/www.esplac.cat\/","name":"Esplac","description":"Esplais Catalans","publisher":{"@id":"https:\/\/www.esplac.cat\/#organization"},"potentialAction":[{"@type":"SearchAction","target":{"@type":"EntryPoint","urlTemplate":"https:\/\/www.esplac.cat\/?s={search_term_string}"},"query-input":{"@type":"PropertyValueSpecification","valueRequired":true,"valueName":"search_term_string"}}],"inLanguage":"en-US"},{"@type":"Organization","@id":"https:\/\/www.esplac.cat\/#organization","name":"Esplac","url":"https:\/\/www.esplac.cat\/","logo":{"@type":"ImageObject","inLanguage":"en-US","@id":"https:\/\/www.esplac.cat\/#\/schema\/logo\/image\/","url":"https:\/\/www.esplac.cat\/wp-content\/uploads\/2019\/08\/logox2.png","contentUrl":"https:\/\/www.esplac.cat\/wp-content\/uploads\/2019\/08\/logox2.png","width":600,"height":295,"caption":"Esplac"},"image":{"@id":"https:\/\/www.esplac.cat\/#\/schema\/logo\/image\/"}},{"@type":"Person","@id":"https:\/\/www.esplac.cat\/#\/schema\/person\/908383cf240be18b68f8855d0583faca","name":"Comunicaci\u00f3 Esplac","image":{"@type":"ImageObject","inLanguage":"en-US","@id":"https:\/\/secure.gravatar.com\/avatar\/7a4cf8feb412a76ea4a740ca02d95b06b2907b5a6c648c2dd0a1082a093c3141?s=96&d=mm&r=g","url":"https:\/\/secure.gravatar.com\/avatar\/7a4cf8feb412a76ea4a740ca02d95b06b2907b5a6c648c2dd0a1082a093c3141?s=96&d=mm&r=g","contentUrl":"https:\/\/secure.gravatar.com\/avatar\/7a4cf8feb412a76ea4a740ca02d95b06b2907b5a6c648c2dd0a1082a093c3141?s=96&d=mm&r=g","caption":"Comunicaci\u00f3 Esplac"}}]}},"_links":{"self":[{"href":"https:\/\/www.esplac.cat\/en\/wp-json\/wp\/v2\/posts\/45366","targetHints":{"allow":["GET"]}}],"collection":[{"href":"https:\/\/www.esplac.cat\/en\/wp-json\/wp\/v2\/posts"}],"about":[{"href":"https:\/\/www.esplac.cat\/en\/wp-json\/wp\/v2\/types\/post"}],"author":[{"embeddable":true,"href":"https:\/\/www.esplac.cat\/en\/wp-json\/wp\/v2\/users\/3"}],"replies":[{"embeddable":true,"href":"https:\/\/www.esplac.cat\/en\/wp-json\/wp\/v2\/comments?post=45366"}],"version-history":[{"count":0,"href":"https:\/\/www.esplac.cat\/en\/wp-json\/wp\/v2\/posts\/45366\/revisions"}],"wp:featuredmedia":[{"embeddable":true,"href":"https:\/\/www.esplac.cat\/en\/wp-json\/wp\/v2\/media\/45377"}],"wp:attachment":[{"href":"https:\/\/www.esplac.cat\/en\/wp-json\/wp\/v2\/media?parent=45366"}],"wp:term":[{"taxonomy":"category","embeddable":true,"href":"https:\/\/www.esplac.cat\/en\/wp-json\/wp\/v2\/categories?post=45366"},{"taxonomy":"post_tag","embeddable":true,"href":"https:\/\/www.esplac.cat\/en\/wp-json\/wp\/v2\/tags?post=45366"}],"curies":[{"name":"wp","href":"https:\/\/api.w.org\/{rel}","templated":true}]}}