{"id":45452,"date":"2023-05-23T12:51:21","date_gmt":"2023-05-23T10:51:21","guid":{"rendered":"https:\/\/www.esplac.cat\/?p=45452"},"modified":"2023-05-23T12:51:44","modified_gmt":"2023-05-23T10:51:44","slug":"monifestat-2023-reivindica-importancia-educacio-lleure","status":"publish","type":"post","link":"https:\/\/www.esplac.cat\/en\/monifestat-2023-reivindica-importancia-educacio-lleure\/","title":{"rendered":"La Monifesta\u2019t 2023 reivindica la import\u00e0ncia de l\u2019educaci\u00f3 en el lleure i la dificultat de dur-la a terme a causa de la precaritzaci\u00f3 juvenil"},"content":{"rendered":"<h6 dir=\"ltr\" role=\"presentation\"><strong>Sota el lema \u201cPel m\u00f3n que volem, les joves eduquem\u201d la Trobada de Monis d&#8217;Esplais Catalans ha comptat amb m\u00e9s de 700 persones implicades i al voltant de 50 espais de formaci\u00f3, reivindicaci\u00f3 i festa. Centelles ha acollit l\u2019edici\u00f3 m\u00e9s esperada de la Monifesta\u2019t, la primera despr\u00e9s de la pand\u00e8mia.<\/strong><\/h6>\n<p dir=\"ltr\">Aquest cap de setmana hem celebrat la <strong><a href=\"https:\/\/www.esplac.cat\/trobades\/monifestat\/\" target=\"_blank\" rel=\"noopener\" data-saferedirecturl=\"https:\/\/www.google.com\/url?q=https:\/\/www.esplac.cat\/trobades\/monifestat\/&amp;source=gmail&amp;ust=1684922908125000&amp;usg=AOvVaw2P8PAz1JCd_XWl_ze0ZhDG\"><span style=\"color: #f69d0b;\">Monifesta\u2019t 2023<\/span><\/a>,<\/strong> la trobada triennal de monitores i monitors d\u2019Esplais Catalans a Centelles. La Monifesta\u2019t, que \u00e9s l\u2019espai m\u00e9s \u00e0lgid de reuni\u00f3 de les monitores i monitors de l&#8217;entitat, ha comptat amb <strong>m\u00e9s de 700 persones implicades<\/strong>, entre monitores, monitors, persones de l\u2019equip d\u2019organitzaci\u00f3 i altres convidades.<\/p>\n<p dir=\"ltr\">La Monifesta\u2019t 2023 \u00e9s la <strong>primera edici\u00f3 de l\u2019esdeveniment d\u2019en\u00e7\u00e0 de la pand\u00e8mia<\/strong>, que la va fer endarrerir un any. Aquesta vegada s\u2019ha batut r\u00e8cord de participaci\u00f3, reunint durant tot el cap de setmana 586 monis, 64 persones de l\u2019equip d\u2019organitzaci\u00f3, 33 persones encarregades de diversos espais formatius i 13 entitats.<\/p>\n<p dir=\"ltr\">Durant el cap de setmana hem <strong>reivindicat el model d\u2019esplai laic i voluntari<\/strong>, i tamb\u00e9 hem exigit unes <strong>condicions de vida dignes que acompanyin la possibilitat d\u2019associaci\u00f3 de les joves<\/strong> per crear projectes de transformaci\u00f3 social com els esplais. A l\u2019Acte Unitari, que es va realitzar el dissabte a la tarda, vam assenyalar la voluntat de continuar organitzades, fent incid\u00e8ncia en qu\u00e8 <strong>les monis d\u2019esplai som agents educatius clau, molt sovint menystinguts en la nostra tasca educativa<\/strong>.<\/p>\n<p dir=\"ltr\">La Monifesta\u2019t ha disposat d\u2019espais diversos entre xerrades, formacions, espais d\u2019oci i altres activitats destacades com una Fira d\u2019entitats i la R\u00e0dio Monifesta\u2019t, un espai obert a la poblaci\u00f3 de Centelles, que va ser retransm\u00e8s en directe des de la Pla\u00e7a Major. Durant les nits hi ha hagut actuacions diverses, entre elles una nit de Balls populars a c\u00e0rrec de <strong>V\u00edctor Pedrol<\/strong>, l\u2019actuaci\u00f3 d\u2019<span style=\"color: #f69d0b;\"><a style=\"color: #f69d0b;\" href=\"https:\/\/www.instagram.com\/improcutre\/\" target=\"_blank\" rel=\"noopener\"><strong>Improcutre<\/strong><\/a><\/span> i un concert d\u2019<span style=\"color: #f69d0b;\"><a style=\"color: #f69d0b;\" href=\"https:\/\/www.instagram.com\/alergiques_alpolen\/\" target=\"_blank\" rel=\"noopener\"><strong>Al\u00b7l\u00e8rgiques al Pol\u00b7len<\/strong><\/a><\/span>.<\/p>\n<p dir=\"ltr\">Gr\u00e0cies a totes les monis que hi heu participat; a l&#8217;Esplai la Fera per gestionar la barra, a les artistes que ens heu acompanyat, a les ponents i talleristes i a tots els projectes que heu format part de la Fira d&#8217;Entitats. Gr\u00e0cies tamb\u00e9 a l&#8217;<a href=\"https:\/\/www.instagram.com\/les100teies\/\" target=\"_blank\" rel=\"noopener\"><strong><span style=\"color: #f69d0b;\">espai 100Teies<\/span><\/strong><\/a> i l&#8217;<strong>Ajuntament de Centelles<\/strong> per acollir la trobada. Ha estat un cap de setmana incre\u00efble!<\/p>\n<p dir=\"ltr\">Estigueu atentes i atents a les xarxes, ben aviat podreu veure les fotografies i el v\u00eddeo-resum de la trobada!<\/p>\n<blockquote class=\"instagram-media\" style=\"background: #FFF; border: 0; border-radius: 3px; box-shadow: 0 0 1px 0 rgba(0,0,0,0.5),0 1px 10px 0 rgba(0,0,0,0.15); margin: 1px; max-width: 540px; min-width: 326px; padding: 0; width: calc(100% - 2px);\" data-instgrm-captioned=\"\" data-instgrm-permalink=\"https:\/\/www.instagram.com\/p\/Csgy4gHtAJ4\/?utm_source=ig_embed&amp;utm_campaign=loading\" data-instgrm-version=\"14\">\n<div style=\"padding: 16px;\">\n<p>&nbsp;<\/p>\n<div style=\"display: flex; flex-direction: row; align-items: center;\">\n<div style=\"background-color: #f4f4f4; border-radius: 50%; flex-grow: 0; height: 40px; margin-right: 14px; width: 40px;\"><\/div>\n<div style=\"display: flex; flex-direction: column; flex-grow: 1; justify-content: center;\">\n<div style=\"background-color: #f4f4f4; border-radius: 4px; flex-grow: 0; height: 14px; margin-bottom: 6px; width: 100px;\"><\/div>\n<div style=\"background-color: #f4f4f4; border-radius: 4px; flex-grow: 0; height: 14px; width: 60px;\"><\/div>\n<\/div>\n<\/div>\n<div style=\"padding: 19% 0;\"><\/div>\n<div style=\"display: block; height: 50px; margin: 0 auto 12px; width: 50px;\"><\/div>\n<div style=\"padding-top: 8px;\">\n<div style=\"color: #3897f0; font-family: Arial,sans-serif; font-size: 14px; font-style: normal; font-weight: 550; line-height: 18px;\">View this post on Instagram<\/div>\n<\/div>\n<div style=\"padding: 12.5% 0;\"><\/div>\n<div style=\"display: flex; flex-direction: row; margin-bottom: 14px; align-items: center;\">\n<div>\n<div style=\"background-color: #f4f4f4; border-radius: 50%; height: 12.5px; width: 12.5px; transform: translateX(0px) translateY(7px);\"><\/div>\n<div style=\"background-color: #f4f4f4; height: 12.5px; transform: rotate(-45deg) translateX(3px) translateY(1px); width: 12.5px; flex-grow: 0; margin-right: 14px; margin-left: 2px;\"><\/div>\n<div style=\"background-color: #f4f4f4; border-radius: 50%; height: 12.5px; width: 12.5px; transform: translateX(9px) translateY(-18px);\"><\/div>\n<\/div>\n<div style=\"margin-left: 8px;\">\n<div style=\"background-color: #f4f4f4; border-radius: 50%; flex-grow: 0; height: 20px; width: 20px;\"><\/div>\n<div style=\"width: 0; height: 0; border-top: 2px solid transparent; border-left: 6px solid #f4f4f4; border-bottom: 2px solid transparent; transform: translateX(16px) translateY(-4px) rotate(30deg);\"><\/div>\n<\/div>\n<div style=\"margin-left: auto;\">\n<div style=\"width: 0px; border-top: 8px solid #F4F4F4; border-right: 8px solid transparent; transform: translateY(16px);\"><\/div>\n<div style=\"background-color: #f4f4f4; flex-grow: 0; height: 12px; width: 16px; transform: translateY(-4px);\"><\/div>\n<div style=\"width: 0; height: 0; border-top: 8px solid #F4F4F4; border-left: 8px solid transparent; transform: translateY(-4px) translateX(8px);\"><\/div>\n<\/div>\n<\/div>\n<div style=\"display: flex; flex-direction: column; flex-grow: 1; justify-content: center; margin-bottom: 24px;\">\n<div style=\"background-color: #f4f4f4; border-radius: 4px; flex-grow: 0; height: 14px; margin-bottom: 6px; width: 224px;\"><\/div>\n<div style=\"background-color: #f4f4f4; border-radius: 4px; flex-grow: 0; height: 14px; width: 144px;\"><\/div>\n<\/div>\n<p>&nbsp;<\/p>\n<p style=\"color: #c9c8cd; font-family: Arial,sans-serif; font-size: 14px; line-height: 17px; margin-bottom: 0; margin-top: 8px; overflow: hidden; padding: 8px 0 7px; text-align: center; text-overflow: ellipsis; white-space: nowrap;\"><a style=\"color: #c9c8cd; font-family: Arial,sans-serif; font-size: 14px; font-style: normal; font-weight: normal; line-height: 17px; text-decoration: none;\" href=\"https:\/\/www.instagram.com\/p\/Csgy4gHtAJ4\/?utm_source=ig_embed&amp;utm_campaign=loading\" target=\"_blank\" rel=\"noopener\">A post shared by Monifesta\u2019t 2023 | #Monifestat23 (@monifestat23)<\/a><\/p>\n<\/div>\n<\/blockquote>\n<p><script async src=\"\/\/www.instagram.com\/embed.js\"><\/script><\/p>\n","protected":false},"excerpt":{"rendered":"<p>Sota el lema \u201cPel m\u00f3n que volem, les joves eduquem\u201d [&hellip;]<\/p>\n","protected":false},"author":3,"featured_media":45459,"comment_status":"closed","ping_status":"closed","sticky":false,"template":"","format":"standard","meta":{"om_disable_all_campaigns":false,"_monsterinsights_skip_tracking":false,"_monsterinsights_sitenote_active":false,"_monsterinsights_sitenote_note":"","_monsterinsights_sitenote_category":0,"_uf_show_specific_survey":0,"_uf_disable_surveys":false,"footnotes":""},"categories":[1111,1115,1,1396],"tags":[],"class_list":["post-45452","post","type-post","status-publish","format-standard","has-post-thumbnail","hentry","category-activitats-esplac","category-monifestat","category-sense-categoria","category-socies"],"yoast_head":"<!-- This site is optimized with the Yoast SEO plugin v27.4 - https:\/\/yoast.com\/product\/yoast-seo-wordpress\/ -->\n<title>La Monifesta\u2019t reivindica la import\u00e0ncia de l\u2019educaci\u00f3 en el lleure<\/title>\n<meta name=\"description\" content=\"La Monifesta&#039;t 2023 ha comptat amb m\u00e9s de 700 persones implicades i al voltant de 50 espais de formaci\u00f3, reivindicaci\u00f3 i festa.\" \/>\n<meta name=\"robots\" content=\"index, follow, max-snippet:-1, max-image-preview:large, max-video-preview:-1\" \/>\n<link rel=\"canonical\" href=\"https:\/\/www.esplac.cat\/monifestat-2023-reivindica-importancia-educacio-lleure\/\" \/>\n<meta property=\"og:locale\" content=\"en_US\" \/>\n<meta property=\"og:type\" content=\"article\" \/>\n<meta property=\"og:title\" content=\"La Monifesta\u2019t reivindica la import\u00e0ncia de l\u2019educaci\u00f3 en el lleure\" \/>\n<meta property=\"og:description\" content=\"La Monifesta&#039;t 2023 ha comptat amb m\u00e9s de 700 persones implicades i al voltant de 50 espais de formaci\u00f3, reivindicaci\u00f3 i festa.\" \/>\n<meta property=\"og:url\" content=\"https:\/\/www.esplac.cat\/monifestat-2023-reivindica-importancia-educacio-lleure\/\" \/>\n<meta property=\"og:site_name\" content=\"Esplac\" \/>\n<meta property=\"article:published_time\" content=\"2023-05-23T10:51:21+00:00\" \/>\n<meta property=\"article:modified_time\" content=\"2023-05-23T10:51:44+00:00\" \/>\n<meta property=\"og:image\" content=\"https:\/\/www.esplac.cat\/wp-content\/uploads\/2023\/05\/Portades-Web-8.jpg\" \/>\n\t<meta property=\"og:image:width\" content=\"1697\" \/>\n\t<meta property=\"og:image:height\" content=\"700\" \/>\n\t<meta property=\"og:image:type\" content=\"image\/jpeg\" \/>\n<meta name=\"author\" content=\"Comunicaci\u00f3 Esplac\" \/>\n<meta name=\"twitter:card\" content=\"summary_large_image\" \/>\n<meta name=\"twitter:label1\" content=\"Written by\" \/>\n\t<meta name=\"twitter:data1\" content=\"Comunicaci\u00f3 Esplac\" \/>\n\t<meta name=\"twitter:label2\" content=\"Est. reading time\" \/>\n\t<meta name=\"twitter:data2\" content=\"3 minutes\" \/>\n<script type=\"application\/ld+json\" class=\"yoast-schema-graph\">{\"@context\":\"https:\\\/\\\/schema.org\",\"@graph\":[{\"@type\":\"Article\",\"@id\":\"https:\\\/\\\/www.esplac.cat\\\/monifestat-2023-reivindica-importancia-educacio-lleure\\\/#article\",\"isPartOf\":{\"@id\":\"https:\\\/\\\/www.esplac.cat\\\/monifestat-2023-reivindica-importancia-educacio-lleure\\\/\"},\"author\":{\"name\":\"Comunicaci\u00f3 Esplac\",\"@id\":\"https:\\\/\\\/www.esplac.cat\\\/#\\\/schema\\\/person\\\/908383cf240be18b68f8855d0583faca\"},\"headline\":\"La Monifesta\u2019t 2023 reivindica la import\u00e0ncia de l\u2019educaci\u00f3 en el lleure i la dificultat de dur-la a terme a causa de la precaritzaci\u00f3 juvenil\",\"datePublished\":\"2023-05-23T10:51:21+00:00\",\"dateModified\":\"2023-05-23T10:51:44+00:00\",\"mainEntityOfPage\":{\"@id\":\"https:\\\/\\\/www.esplac.cat\\\/monifestat-2023-reivindica-importancia-educacio-lleure\\\/\"},\"wordCount\":469,\"publisher\":{\"@id\":\"https:\\\/\\\/www.esplac.cat\\\/#organization\"},\"image\":{\"@id\":\"https:\\\/\\\/www.esplac.cat\\\/monifestat-2023-reivindica-importancia-educacio-lleure\\\/#primaryimage\"},\"thumbnailUrl\":\"https:\\\/\\\/www.esplac.cat\\\/wp-content\\\/uploads\\\/2023\\\/05\\\/Portades-Web-8.jpg\",\"articleSection\":[\"Activitats esplac\",\"Monifesta't\",\"Sense categoria\",\"S\u00f2cies\"],\"inLanguage\":\"en-US\"},{\"@type\":\"WebPage\",\"@id\":\"https:\\\/\\\/www.esplac.cat\\\/monifestat-2023-reivindica-importancia-educacio-lleure\\\/\",\"url\":\"https:\\\/\\\/www.esplac.cat\\\/monifestat-2023-reivindica-importancia-educacio-lleure\\\/\",\"name\":\"La Monifesta\u2019t reivindica la import\u00e0ncia de l\u2019educaci\u00f3 en el lleure\",\"isPartOf\":{\"@id\":\"https:\\\/\\\/www.esplac.cat\\\/#website\"},\"primaryImageOfPage\":{\"@id\":\"https:\\\/\\\/www.esplac.cat\\\/monifestat-2023-reivindica-importancia-educacio-lleure\\\/#primaryimage\"},\"image\":{\"@id\":\"https:\\\/\\\/www.esplac.cat\\\/monifestat-2023-reivindica-importancia-educacio-lleure\\\/#primaryimage\"},\"thumbnailUrl\":\"https:\\\/\\\/www.esplac.cat\\\/wp-content\\\/uploads\\\/2023\\\/05\\\/Portades-Web-8.jpg\",\"datePublished\":\"2023-05-23T10:51:21+00:00\",\"dateModified\":\"2023-05-23T10:51:44+00:00\",\"description\":\"La Monifesta't 2023 ha comptat amb m\u00e9s de 700 persones implicades i al voltant de 50 espais de formaci\u00f3, reivindicaci\u00f3 i festa.\",\"breadcrumb\":{\"@id\":\"https:\\\/\\\/www.esplac.cat\\\/monifestat-2023-reivindica-importancia-educacio-lleure\\\/#breadcrumb\"},\"inLanguage\":\"en-US\",\"potentialAction\":[{\"@type\":\"ReadAction\",\"target\":[\"https:\\\/\\\/www.esplac.cat\\\/monifestat-2023-reivindica-importancia-educacio-lleure\\\/\"]}]},{\"@type\":\"ImageObject\",\"inLanguage\":\"en-US\",\"@id\":\"https:\\\/\\\/www.esplac.cat\\\/monifestat-2023-reivindica-importancia-educacio-lleure\\\/#primaryimage\",\"url\":\"https:\\\/\\\/www.esplac.cat\\\/wp-content\\\/uploads\\\/2023\\\/05\\\/Portades-Web-8.jpg\",\"contentUrl\":\"https:\\\/\\\/www.esplac.cat\\\/wp-content\\\/uploads\\\/2023\\\/05\\\/Portades-Web-8.jpg\",\"width\":1697,\"height\":700,\"caption\":\"Monifesta't 2023\"},{\"@type\":\"BreadcrumbList\",\"@id\":\"https:\\\/\\\/www.esplac.cat\\\/monifestat-2023-reivindica-importancia-educacio-lleure\\\/#breadcrumb\",\"itemListElement\":[{\"@type\":\"ListItem\",\"position\":1,\"name\":\"Inici\",\"item\":\"https:\\\/\\\/www.esplac.cat\\\/en\\\/\"},{\"@type\":\"ListItem\",\"position\":2,\"name\":\"La Monifesta\u2019t 2023 reivindica la import\u00e0ncia de l\u2019educaci\u00f3 en el lleure i la dificultat de dur-la a terme a causa de la precaritzaci\u00f3 juvenil\"}]},{\"@type\":\"WebSite\",\"@id\":\"https:\\\/\\\/www.esplac.cat\\\/#website\",\"url\":\"https:\\\/\\\/www.esplac.cat\\\/\",\"name\":\"Esplac\",\"description\":\"Esplais Catalans\",\"publisher\":{\"@id\":\"https:\\\/\\\/www.esplac.cat\\\/#organization\"},\"potentialAction\":[{\"@type\":\"SearchAction\",\"target\":{\"@type\":\"EntryPoint\",\"urlTemplate\":\"https:\\\/\\\/www.esplac.cat\\\/?s={search_term_string}\"},\"query-input\":{\"@type\":\"PropertyValueSpecification\",\"valueRequired\":true,\"valueName\":\"search_term_string\"}}],\"inLanguage\":\"en-US\"},{\"@type\":\"Organization\",\"@id\":\"https:\\\/\\\/www.esplac.cat\\\/#organization\",\"name\":\"Esplac\",\"url\":\"https:\\\/\\\/www.esplac.cat\\\/\",\"logo\":{\"@type\":\"ImageObject\",\"inLanguage\":\"en-US\",\"@id\":\"https:\\\/\\\/www.esplac.cat\\\/#\\\/schema\\\/logo\\\/image\\\/\",\"url\":\"https:\\\/\\\/www.esplac.cat\\\/wp-content\\\/uploads\\\/2019\\\/08\\\/logox2.png\",\"contentUrl\":\"https:\\\/\\\/www.esplac.cat\\\/wp-content\\\/uploads\\\/2019\\\/08\\\/logox2.png\",\"width\":600,\"height\":295,\"caption\":\"Esplac\"},\"image\":{\"@id\":\"https:\\\/\\\/www.esplac.cat\\\/#\\\/schema\\\/logo\\\/image\\\/\"}},{\"@type\":\"Person\",\"@id\":\"https:\\\/\\\/www.esplac.cat\\\/#\\\/schema\\\/person\\\/908383cf240be18b68f8855d0583faca\",\"name\":\"Comunicaci\u00f3 Esplac\",\"image\":{\"@type\":\"ImageObject\",\"inLanguage\":\"en-US\",\"@id\":\"https:\\\/\\\/secure.gravatar.com\\\/avatar\\\/7a4cf8feb412a76ea4a740ca02d95b06b2907b5a6c648c2dd0a1082a093c3141?s=96&d=mm&r=g\",\"url\":\"https:\\\/\\\/secure.gravatar.com\\\/avatar\\\/7a4cf8feb412a76ea4a740ca02d95b06b2907b5a6c648c2dd0a1082a093c3141?s=96&d=mm&r=g\",\"contentUrl\":\"https:\\\/\\\/secure.gravatar.com\\\/avatar\\\/7a4cf8feb412a76ea4a740ca02d95b06b2907b5a6c648c2dd0a1082a093c3141?s=96&d=mm&r=g\",\"caption\":\"Comunicaci\u00f3 Esplac\"}}]}<\/script>\n<!-- \/ Yoast SEO plugin. -->","yoast_head_json":{"title":"La Monifesta\u2019t reivindica la import\u00e0ncia de l\u2019educaci\u00f3 en el lleure","description":"La Monifesta't 2023 ha comptat amb m\u00e9s de 700 persones implicades i al voltant de 50 espais de formaci\u00f3, reivindicaci\u00f3 i festa.","robots":{"index":"index","follow":"follow","max-snippet":"max-snippet:-1","max-image-preview":"max-image-preview:large","max-video-preview":"max-video-preview:-1"},"canonical":"https:\/\/www.esplac.cat\/monifestat-2023-reivindica-importancia-educacio-lleure\/","og_locale":"en_US","og_type":"article","og_title":"La Monifesta\u2019t reivindica la import\u00e0ncia de l\u2019educaci\u00f3 en el lleure","og_description":"La Monifesta't 2023 ha comptat amb m\u00e9s de 700 persones implicades i al voltant de 50 espais de formaci\u00f3, reivindicaci\u00f3 i festa.","og_url":"https:\/\/www.esplac.cat\/monifestat-2023-reivindica-importancia-educacio-lleure\/","og_site_name":"Esplac","article_published_time":"2023-05-23T10:51:21+00:00","article_modified_time":"2023-05-23T10:51:44+00:00","og_image":[{"width":1697,"height":700,"url":"https:\/\/www.esplac.cat\/wp-content\/uploads\/2023\/05\/Portades-Web-8.jpg","type":"image\/jpeg"}],"author":"Comunicaci\u00f3 Esplac","twitter_card":"summary_large_image","twitter_misc":{"Written by":"Comunicaci\u00f3 Esplac","Est. reading time":"3 minutes"},"schema":{"@context":"https:\/\/schema.org","@graph":[{"@type":"Article","@id":"https:\/\/www.esplac.cat\/monifestat-2023-reivindica-importancia-educacio-lleure\/#article","isPartOf":{"@id":"https:\/\/www.esplac.cat\/monifestat-2023-reivindica-importancia-educacio-lleure\/"},"author":{"name":"Comunicaci\u00f3 Esplac","@id":"https:\/\/www.esplac.cat\/#\/schema\/person\/908383cf240be18b68f8855d0583faca"},"headline":"La Monifesta\u2019t 2023 reivindica la import\u00e0ncia de l\u2019educaci\u00f3 en el lleure i la dificultat de dur-la a terme a causa de la precaritzaci\u00f3 juvenil","datePublished":"2023-05-23T10:51:21+00:00","dateModified":"2023-05-23T10:51:44+00:00","mainEntityOfPage":{"@id":"https:\/\/www.esplac.cat\/monifestat-2023-reivindica-importancia-educacio-lleure\/"},"wordCount":469,"publisher":{"@id":"https:\/\/www.esplac.cat\/#organization"},"image":{"@id":"https:\/\/www.esplac.cat\/monifestat-2023-reivindica-importancia-educacio-lleure\/#primaryimage"},"thumbnailUrl":"https:\/\/www.esplac.cat\/wp-content\/uploads\/2023\/05\/Portades-Web-8.jpg","articleSection":["Activitats esplac","Monifesta't","Sense categoria","S\u00f2cies"],"inLanguage":"en-US"},{"@type":"WebPage","@id":"https:\/\/www.esplac.cat\/monifestat-2023-reivindica-importancia-educacio-lleure\/","url":"https:\/\/www.esplac.cat\/monifestat-2023-reivindica-importancia-educacio-lleure\/","name":"La Monifesta\u2019t reivindica la import\u00e0ncia de l\u2019educaci\u00f3 en el lleure","isPartOf":{"@id":"https:\/\/www.esplac.cat\/#website"},"primaryImageOfPage":{"@id":"https:\/\/www.esplac.cat\/monifestat-2023-reivindica-importancia-educacio-lleure\/#primaryimage"},"image":{"@id":"https:\/\/www.esplac.cat\/monifestat-2023-reivindica-importancia-educacio-lleure\/#primaryimage"},"thumbnailUrl":"https:\/\/www.esplac.cat\/wp-content\/uploads\/2023\/05\/Portades-Web-8.jpg","datePublished":"2023-05-23T10:51:21+00:00","dateModified":"2023-05-23T10:51:44+00:00","description":"La Monifesta't 2023 ha comptat amb m\u00e9s de 700 persones implicades i al voltant de 50 espais de formaci\u00f3, reivindicaci\u00f3 i festa.","breadcrumb":{"@id":"https:\/\/www.esplac.cat\/monifestat-2023-reivindica-importancia-educacio-lleure\/#breadcrumb"},"inLanguage":"en-US","potentialAction":[{"@type":"ReadAction","target":["https:\/\/www.esplac.cat\/monifestat-2023-reivindica-importancia-educacio-lleure\/"]}]},{"@type":"ImageObject","inLanguage":"en-US","@id":"https:\/\/www.esplac.cat\/monifestat-2023-reivindica-importancia-educacio-lleure\/#primaryimage","url":"https:\/\/www.esplac.cat\/wp-content\/uploads\/2023\/05\/Portades-Web-8.jpg","contentUrl":"https:\/\/www.esplac.cat\/wp-content\/uploads\/2023\/05\/Portades-Web-8.jpg","width":1697,"height":700,"caption":"Monifesta't 2023"},{"@type":"BreadcrumbList","@id":"https:\/\/www.esplac.cat\/monifestat-2023-reivindica-importancia-educacio-lleure\/#breadcrumb","itemListElement":[{"@type":"ListItem","position":1,"name":"Inici","item":"https:\/\/www.esplac.cat\/en\/"},{"@type":"ListItem","position":2,"name":"La Monifesta\u2019t 2023 reivindica la import\u00e0ncia de l\u2019educaci\u00f3 en el lleure i la dificultat de dur-la a terme a causa de la precaritzaci\u00f3 juvenil"}]},{"@type":"WebSite","@id":"https:\/\/www.esplac.cat\/#website","url":"https:\/\/www.esplac.cat\/","name":"Esplac","description":"Esplais Catalans","publisher":{"@id":"https:\/\/www.esplac.cat\/#organization"},"potentialAction":[{"@type":"SearchAction","target":{"@type":"EntryPoint","urlTemplate":"https:\/\/www.esplac.cat\/?s={search_term_string}"},"query-input":{"@type":"PropertyValueSpecification","valueRequired":true,"valueName":"search_term_string"}}],"inLanguage":"en-US"},{"@type":"Organization","@id":"https:\/\/www.esplac.cat\/#organization","name":"Esplac","url":"https:\/\/www.esplac.cat\/","logo":{"@type":"ImageObject","inLanguage":"en-US","@id":"https:\/\/www.esplac.cat\/#\/schema\/logo\/image\/","url":"https:\/\/www.esplac.cat\/wp-content\/uploads\/2019\/08\/logox2.png","contentUrl":"https:\/\/www.esplac.cat\/wp-content\/uploads\/2019\/08\/logox2.png","width":600,"height":295,"caption":"Esplac"},"image":{"@id":"https:\/\/www.esplac.cat\/#\/schema\/logo\/image\/"}},{"@type":"Person","@id":"https:\/\/www.esplac.cat\/#\/schema\/person\/908383cf240be18b68f8855d0583faca","name":"Comunicaci\u00f3 Esplac","image":{"@type":"ImageObject","inLanguage":"en-US","@id":"https:\/\/secure.gravatar.com\/avatar\/7a4cf8feb412a76ea4a740ca02d95b06b2907b5a6c648c2dd0a1082a093c3141?s=96&d=mm&r=g","url":"https:\/\/secure.gravatar.com\/avatar\/7a4cf8feb412a76ea4a740ca02d95b06b2907b5a6c648c2dd0a1082a093c3141?s=96&d=mm&r=g","contentUrl":"https:\/\/secure.gravatar.com\/avatar\/7a4cf8feb412a76ea4a740ca02d95b06b2907b5a6c648c2dd0a1082a093c3141?s=96&d=mm&r=g","caption":"Comunicaci\u00f3 Esplac"}}]}},"_links":{"self":[{"href":"https:\/\/www.esplac.cat\/en\/wp-json\/wp\/v2\/posts\/45452","targetHints":{"allow":["GET"]}}],"collection":[{"href":"https:\/\/www.esplac.cat\/en\/wp-json\/wp\/v2\/posts"}],"about":[{"href":"https:\/\/www.esplac.cat\/en\/wp-json\/wp\/v2\/types\/post"}],"author":[{"embeddable":true,"href":"https:\/\/www.esplac.cat\/en\/wp-json\/wp\/v2\/users\/3"}],"replies":[{"embeddable":true,"href":"https:\/\/www.esplac.cat\/en\/wp-json\/wp\/v2\/comments?post=45452"}],"version-history":[{"count":0,"href":"https:\/\/www.esplac.cat\/en\/wp-json\/wp\/v2\/posts\/45452\/revisions"}],"wp:featuredmedia":[{"embeddable":true,"href":"https:\/\/www.esplac.cat\/en\/wp-json\/wp\/v2\/media\/45459"}],"wp:attachment":[{"href":"https:\/\/www.esplac.cat\/en\/wp-json\/wp\/v2\/media?parent=45452"}],"wp:term":[{"taxonomy":"category","embeddable":true,"href":"https:\/\/www.esplac.cat\/en\/wp-json\/wp\/v2\/categories?post=45452"},{"taxonomy":"post_tag","embeddable":true,"href":"https:\/\/www.esplac.cat\/en\/wp-json\/wp\/v2\/tags?post=45452"}],"curies":[{"name":"wp","href":"https:\/\/api.w.org\/{rel}","templated":true}]}}