{"id":45511,"date":"2023-05-31T11:57:11","date_gmt":"2023-05-31T09:57:11","guid":{"rendered":"https:\/\/www.esplac.cat\/?p=45511"},"modified":"2023-05-31T11:57:11","modified_gmt":"2023-05-31T09:57:11","slug":"manual-bones-practiques-recurs-incorporar-decreixement-dia-dia-esplac","status":"publish","type":"post","link":"https:\/\/www.esplac.cat\/en\/manual-bones-practiques-recurs-incorporar-decreixement-dia-dia-esplac\/","title":{"rendered":"Ja tenim el Manual de Bones Pr\u00e0ctiques, un recurs per incorporar el decreixement al dia a dia de la nostra entitat"},"content":{"rendered":"<h6><strong>El Manual de Bones Pr\u00e0ctiques d&#8217;Esplais Catalans que ha elaborat la Comissi\u00f3 Reduint Petjada vol ser una eina aterrada, pr\u00e0ctica i \u00fatil per posar la lluita contra la crisi ecosocial al centre de la nostra pr\u00e0ctica educativa.<\/strong><\/h6>\n<p><span style=\"font-weight: 400;\">Aquest curs 2022-2023, des de <span style=\"color: #f69d0b;\"><strong><a style=\"color: #f69d0b;\" href=\"https:\/\/www.esplac.cat\/comissions\/reduint-petjada\/\" target=\"_blank\" rel=\"noopener\">Reduint Petjada<\/a><\/strong><\/span> ens hem proposat aterrar la <\/span><a href=\"https:\/\/bancrecursos.esplac.cat\/recurs\/63cfb8ec68a3a24ebacf0672\"><span style=\"font-weight: 400;\"><span style=\"color: #f69d0b;\"><strong>Carta de Gesti\u00f3 Responsable de Recursos<\/strong><\/span>,<\/span><\/a><span style=\"font-weight: 400;\"> i el <strong>Manual de Bones Pr\u00e0ctiques<\/strong> \u00e9s fruit d\u2019aquesta voluntat. Hi trobareu tant recursos que tenim al nostre abast com consells per incorporar el decreixement a la nostra pr\u00e0ctica quotidiana, aix\u00ed com diverses entitats de l\u2019Economia Social i Solid\u00e0ria que poden cobrir m\u00faltiples necessitats que tingueu com a esplai.\u00a0<\/span><\/p>\n<p><span style=\"font-weight: 400;\">Alguns dels exemples que trobareu s\u00f3n utilitzar el <\/span><span style=\"color: #f69d0b;\"><strong><a style=\"color: #f69d0b;\" href=\"https:\/\/pamapam.org\/ca\/\">Mapa d\u2019abastiment agroecol\u00f2gic <\/a><\/strong><\/span><span style=\"font-weight: 400;\">de <span style=\"color: #000000;\">Pam a Pam<\/span>, reciclar menjar, fer rutes en bicicleta, promoure els terrenys d\u2019acampada en lloc de les cases de col\u00f2nies, passar-nos a les eines lliures, fer el canvi a la banca \u00e8tica, fer mercats d\u2019intercanvi, visitar horts alliberats\u2026 i molts m\u00e9s!<\/span><\/p>\n<p>El podeu consultar <span style=\"color: #f69d0b;\"><a style=\"color: #f69d0b;\" href=\"https:\/\/bancrecursos.esplac.cat\/recurs\/6477126020a77b047a11745d\" target=\"_blank\" rel=\"noopener\"><strong>AQU\u00cd<\/strong><\/a><\/span>!<\/p>\n<p><span style=\"font-weight: 400;\">Per a qualsevol suggeriment, proposta de millora o idea de canvi del Manual, podeu enviar-nos un correu a <\/span><span style=\"color: #f69d0b;\"><strong><a style=\"color: #f69d0b;\" href=\"mailto:reduintpetjada@esplac.cat\">reduintpetjada@esplac.cat<\/a><\/strong><span style=\"color: #000000;\">.<\/span><\/span><\/p>\n<p><img decoding=\"async\" class=\"aligncenter wp-image-45524 size-fusion-400\" src=\"https:\/\/www.esplac.cat\/wp-content\/uploads\/2023\/05\/Nou-branding_post-400x400.png\" alt=\"Manual Bones Pr\u00e0ctiques\" width=\"400\" height=\"400\" srcset=\"https:\/\/www.esplac.cat\/wp-content\/uploads\/2023\/05\/Nou-branding_post-66x66.png 66w, https:\/\/www.esplac.cat\/wp-content\/uploads\/2023\/05\/Nou-branding_post-150x150.png 150w, https:\/\/www.esplac.cat\/wp-content\/uploads\/2023\/05\/Nou-branding_post-200x200.png 200w, https:\/\/www.esplac.cat\/wp-content\/uploads\/2023\/05\/Nou-branding_post-300x300.png 300w, https:\/\/www.esplac.cat\/wp-content\/uploads\/2023\/05\/Nou-branding_post-400x400.png 400w, https:\/\/www.esplac.cat\/wp-content\/uploads\/2023\/05\/Nou-branding_post-600x600.png 600w, https:\/\/www.esplac.cat\/wp-content\/uploads\/2023\/05\/Nou-branding_post-768x768.png 768w, https:\/\/www.esplac.cat\/wp-content\/uploads\/2023\/05\/Nou-branding_post-800x800.png 800w, https:\/\/www.esplac.cat\/wp-content\/uploads\/2023\/05\/Nou-branding_post-1024x1024.png 1024w, https:\/\/www.esplac.cat\/wp-content\/uploads\/2023\/05\/Nou-branding_post.png 1080w\" sizes=\"(max-width: 400px) 100vw, 400px\" \/><\/p>\n","protected":false},"excerpt":{"rendered":"<p>El Manual de Bones Pr\u00e0ctiques d&#8217;Esplais Catalans que ha elaborat [&hellip;]<\/p>\n","protected":false},"author":3,"featured_media":45515,"comment_status":"closed","ping_status":"closed","sticky":false,"template":"","format":"standard","meta":{"om_disable_all_campaigns":false,"_monsterinsights_skip_tracking":false,"_monsterinsights_sitenote_active":false,"_monsterinsights_sitenote_note":"","_monsterinsights_sitenote_category":0,"_uf_show_specific_survey":0,"_uf_disable_surveys":false,"footnotes":""},"categories":[1161,1],"tags":[],"class_list":["post-45511","post","type-post","status-publish","format-standard","has-post-thumbnail","hentry","category-comissio-reduint-petjada","category-sense-categoria"],"yoast_head":"<!-- This site is optimized with the Yoast SEO plugin v27.4 - https:\/\/yoast.com\/product\/yoast-seo-wordpress\/ -->\n<title>Ja tenim el Manual de Bones Pr\u00e0ctiques d&#039;Esplac!<\/title>\n<meta name=\"description\" content=\"El recurs creat per Reduint Petjada vol posar la lluita contra la crisi ecosocial al centre de la nostra pr\u00e0ctica educativa.\" \/>\n<meta name=\"robots\" content=\"index, follow, max-snippet:-1, max-image-preview:large, max-video-preview:-1\" \/>\n<link rel=\"canonical\" href=\"https:\/\/www.esplac.cat\/manual-bones-practiques-recurs-incorporar-decreixement-dia-dia-esplac\/\" \/>\n<meta property=\"og:locale\" content=\"en_US\" \/>\n<meta property=\"og:type\" content=\"article\" \/>\n<meta property=\"og:title\" content=\"Ja tenim el Manual de Bones Pr\u00e0ctiques d&#039;Esplac!\" \/>\n<meta property=\"og:description\" content=\"El recurs creat per Reduint Petjada vol posar la lluita contra la crisi ecosocial al centre de la nostra pr\u00e0ctica educativa.\" \/>\n<meta property=\"og:url\" content=\"https:\/\/www.esplac.cat\/manual-bones-practiques-recurs-incorporar-decreixement-dia-dia-esplac\/\" \/>\n<meta property=\"og:site_name\" content=\"Esplac\" \/>\n<meta property=\"article:published_time\" content=\"2023-05-31T09:57:11+00:00\" \/>\n<meta property=\"og:image\" content=\"https:\/\/www.esplac.cat\/wp-content\/uploads\/2023\/05\/Portades-web-11.jpg\" \/>\n\t<meta property=\"og:image:width\" content=\"1694\" \/>\n\t<meta property=\"og:image:height\" content=\"700\" \/>\n\t<meta property=\"og:image:type\" content=\"image\/jpeg\" \/>\n<meta name=\"author\" content=\"Comunicaci\u00f3 Esplac\" \/>\n<meta name=\"twitter:card\" content=\"summary_large_image\" \/>\n<meta name=\"twitter:label1\" content=\"Written by\" \/>\n\t<meta name=\"twitter:data1\" content=\"Comunicaci\u00f3 Esplac\" \/>\n\t<meta name=\"twitter:label2\" content=\"Est. reading time\" \/>\n\t<meta name=\"twitter:data2\" content=\"2 minutes\" \/>\n<script type=\"application\/ld+json\" class=\"yoast-schema-graph\">{\"@context\":\"https:\\\/\\\/schema.org\",\"@graph\":[{\"@type\":\"Article\",\"@id\":\"https:\\\/\\\/www.esplac.cat\\\/manual-bones-practiques-recurs-incorporar-decreixement-dia-dia-esplac\\\/#article\",\"isPartOf\":{\"@id\":\"https:\\\/\\\/www.esplac.cat\\\/manual-bones-practiques-recurs-incorporar-decreixement-dia-dia-esplac\\\/\"},\"author\":{\"name\":\"Comunicaci\u00f3 Esplac\",\"@id\":\"https:\\\/\\\/www.esplac.cat\\\/#\\\/schema\\\/person\\\/908383cf240be18b68f8855d0583faca\"},\"headline\":\"Ja tenim el Manual de Bones Pr\u00e0ctiques, un recurs per incorporar el decreixement al dia a dia de la nostra entitat\",\"datePublished\":\"2023-05-31T09:57:11+00:00\",\"mainEntityOfPage\":{\"@id\":\"https:\\\/\\\/www.esplac.cat\\\/manual-bones-practiques-recurs-incorporar-decreixement-dia-dia-esplac\\\/\"},\"wordCount\":221,\"publisher\":{\"@id\":\"https:\\\/\\\/www.esplac.cat\\\/#organization\"},\"image\":{\"@id\":\"https:\\\/\\\/www.esplac.cat\\\/manual-bones-practiques-recurs-incorporar-decreixement-dia-dia-esplac\\\/#primaryimage\"},\"thumbnailUrl\":\"https:\\\/\\\/www.esplac.cat\\\/wp-content\\\/uploads\\\/2023\\\/05\\\/Portades-web-11.jpg\",\"articleSection\":[\"Comissi\u00f3 Reduint Petjada\",\"Sense categoria\"],\"inLanguage\":\"en-US\"},{\"@type\":\"WebPage\",\"@id\":\"https:\\\/\\\/www.esplac.cat\\\/manual-bones-practiques-recurs-incorporar-decreixement-dia-dia-esplac\\\/\",\"url\":\"https:\\\/\\\/www.esplac.cat\\\/manual-bones-practiques-recurs-incorporar-decreixement-dia-dia-esplac\\\/\",\"name\":\"Ja tenim el Manual de Bones Pr\u00e0ctiques d'Esplac!\",\"isPartOf\":{\"@id\":\"https:\\\/\\\/www.esplac.cat\\\/#website\"},\"primaryImageOfPage\":{\"@id\":\"https:\\\/\\\/www.esplac.cat\\\/manual-bones-practiques-recurs-incorporar-decreixement-dia-dia-esplac\\\/#primaryimage\"},\"image\":{\"@id\":\"https:\\\/\\\/www.esplac.cat\\\/manual-bones-practiques-recurs-incorporar-decreixement-dia-dia-esplac\\\/#primaryimage\"},\"thumbnailUrl\":\"https:\\\/\\\/www.esplac.cat\\\/wp-content\\\/uploads\\\/2023\\\/05\\\/Portades-web-11.jpg\",\"datePublished\":\"2023-05-31T09:57:11+00:00\",\"description\":\"El recurs creat per Reduint Petjada vol posar la lluita contra la crisi ecosocial al centre de la nostra pr\u00e0ctica educativa.\",\"breadcrumb\":{\"@id\":\"https:\\\/\\\/www.esplac.cat\\\/manual-bones-practiques-recurs-incorporar-decreixement-dia-dia-esplac\\\/#breadcrumb\"},\"inLanguage\":\"en-US\",\"potentialAction\":[{\"@type\":\"ReadAction\",\"target\":[\"https:\\\/\\\/www.esplac.cat\\\/manual-bones-practiques-recurs-incorporar-decreixement-dia-dia-esplac\\\/\"]}]},{\"@type\":\"ImageObject\",\"inLanguage\":\"en-US\",\"@id\":\"https:\\\/\\\/www.esplac.cat\\\/manual-bones-practiques-recurs-incorporar-decreixement-dia-dia-esplac\\\/#primaryimage\",\"url\":\"https:\\\/\\\/www.esplac.cat\\\/wp-content\\\/uploads\\\/2023\\\/05\\\/Portades-web-11.jpg\",\"contentUrl\":\"https:\\\/\\\/www.esplac.cat\\\/wp-content\\\/uploads\\\/2023\\\/05\\\/Portades-web-11.jpg\",\"width\":1694,\"height\":700,\"caption\":\"Manual de Bones Pr\u00e0ctiques\"},{\"@type\":\"BreadcrumbList\",\"@id\":\"https:\\\/\\\/www.esplac.cat\\\/manual-bones-practiques-recurs-incorporar-decreixement-dia-dia-esplac\\\/#breadcrumb\",\"itemListElement\":[{\"@type\":\"ListItem\",\"position\":1,\"name\":\"Inici\",\"item\":\"https:\\\/\\\/www.esplac.cat\\\/en\\\/\"},{\"@type\":\"ListItem\",\"position\":2,\"name\":\"Ja tenim el Manual de Bones Pr\u00e0ctiques, un recurs per incorporar el decreixement al dia a dia de la nostra entitat\"}]},{\"@type\":\"WebSite\",\"@id\":\"https:\\\/\\\/www.esplac.cat\\\/#website\",\"url\":\"https:\\\/\\\/www.esplac.cat\\\/\",\"name\":\"Esplac\",\"description\":\"Esplais Catalans\",\"publisher\":{\"@id\":\"https:\\\/\\\/www.esplac.cat\\\/#organization\"},\"potentialAction\":[{\"@type\":\"SearchAction\",\"target\":{\"@type\":\"EntryPoint\",\"urlTemplate\":\"https:\\\/\\\/www.esplac.cat\\\/?s={search_term_string}\"},\"query-input\":{\"@type\":\"PropertyValueSpecification\",\"valueRequired\":true,\"valueName\":\"search_term_string\"}}],\"inLanguage\":\"en-US\"},{\"@type\":\"Organization\",\"@id\":\"https:\\\/\\\/www.esplac.cat\\\/#organization\",\"name\":\"Esplac\",\"url\":\"https:\\\/\\\/www.esplac.cat\\\/\",\"logo\":{\"@type\":\"ImageObject\",\"inLanguage\":\"en-US\",\"@id\":\"https:\\\/\\\/www.esplac.cat\\\/#\\\/schema\\\/logo\\\/image\\\/\",\"url\":\"https:\\\/\\\/www.esplac.cat\\\/wp-content\\\/uploads\\\/2019\\\/08\\\/logox2.png\",\"contentUrl\":\"https:\\\/\\\/www.esplac.cat\\\/wp-content\\\/uploads\\\/2019\\\/08\\\/logox2.png\",\"width\":600,\"height\":295,\"caption\":\"Esplac\"},\"image\":{\"@id\":\"https:\\\/\\\/www.esplac.cat\\\/#\\\/schema\\\/logo\\\/image\\\/\"}},{\"@type\":\"Person\",\"@id\":\"https:\\\/\\\/www.esplac.cat\\\/#\\\/schema\\\/person\\\/908383cf240be18b68f8855d0583faca\",\"name\":\"Comunicaci\u00f3 Esplac\",\"image\":{\"@type\":\"ImageObject\",\"inLanguage\":\"en-US\",\"@id\":\"https:\\\/\\\/secure.gravatar.com\\\/avatar\\\/7a4cf8feb412a76ea4a740ca02d95b06b2907b5a6c648c2dd0a1082a093c3141?s=96&d=mm&r=g\",\"url\":\"https:\\\/\\\/secure.gravatar.com\\\/avatar\\\/7a4cf8feb412a76ea4a740ca02d95b06b2907b5a6c648c2dd0a1082a093c3141?s=96&d=mm&r=g\",\"contentUrl\":\"https:\\\/\\\/secure.gravatar.com\\\/avatar\\\/7a4cf8feb412a76ea4a740ca02d95b06b2907b5a6c648c2dd0a1082a093c3141?s=96&d=mm&r=g\",\"caption\":\"Comunicaci\u00f3 Esplac\"}}]}<\/script>\n<!-- \/ Yoast SEO plugin. -->","yoast_head_json":{"title":"Ja tenim el Manual de Bones Pr\u00e0ctiques d'Esplac!","description":"El recurs creat per Reduint Petjada vol posar la lluita contra la crisi ecosocial al centre de la nostra pr\u00e0ctica educativa.","robots":{"index":"index","follow":"follow","max-snippet":"max-snippet:-1","max-image-preview":"max-image-preview:large","max-video-preview":"max-video-preview:-1"},"canonical":"https:\/\/www.esplac.cat\/manual-bones-practiques-recurs-incorporar-decreixement-dia-dia-esplac\/","og_locale":"en_US","og_type":"article","og_title":"Ja tenim el Manual de Bones Pr\u00e0ctiques d'Esplac!","og_description":"El recurs creat per Reduint Petjada vol posar la lluita contra la crisi ecosocial al centre de la nostra pr\u00e0ctica educativa.","og_url":"https:\/\/www.esplac.cat\/manual-bones-practiques-recurs-incorporar-decreixement-dia-dia-esplac\/","og_site_name":"Esplac","article_published_time":"2023-05-31T09:57:11+00:00","og_image":[{"width":1694,"height":700,"url":"https:\/\/www.esplac.cat\/wp-content\/uploads\/2023\/05\/Portades-web-11.jpg","type":"image\/jpeg"}],"author":"Comunicaci\u00f3 Esplac","twitter_card":"summary_large_image","twitter_misc":{"Written by":"Comunicaci\u00f3 Esplac","Est. reading time":"2 minutes"},"schema":{"@context":"https:\/\/schema.org","@graph":[{"@type":"Article","@id":"https:\/\/www.esplac.cat\/manual-bones-practiques-recurs-incorporar-decreixement-dia-dia-esplac\/#article","isPartOf":{"@id":"https:\/\/www.esplac.cat\/manual-bones-practiques-recurs-incorporar-decreixement-dia-dia-esplac\/"},"author":{"name":"Comunicaci\u00f3 Esplac","@id":"https:\/\/www.esplac.cat\/#\/schema\/person\/908383cf240be18b68f8855d0583faca"},"headline":"Ja tenim el Manual de Bones Pr\u00e0ctiques, un recurs per incorporar el decreixement al dia a dia de la nostra entitat","datePublished":"2023-05-31T09:57:11+00:00","mainEntityOfPage":{"@id":"https:\/\/www.esplac.cat\/manual-bones-practiques-recurs-incorporar-decreixement-dia-dia-esplac\/"},"wordCount":221,"publisher":{"@id":"https:\/\/www.esplac.cat\/#organization"},"image":{"@id":"https:\/\/www.esplac.cat\/manual-bones-practiques-recurs-incorporar-decreixement-dia-dia-esplac\/#primaryimage"},"thumbnailUrl":"https:\/\/www.esplac.cat\/wp-content\/uploads\/2023\/05\/Portades-web-11.jpg","articleSection":["Comissi\u00f3 Reduint Petjada","Sense categoria"],"inLanguage":"en-US"},{"@type":"WebPage","@id":"https:\/\/www.esplac.cat\/manual-bones-practiques-recurs-incorporar-decreixement-dia-dia-esplac\/","url":"https:\/\/www.esplac.cat\/manual-bones-practiques-recurs-incorporar-decreixement-dia-dia-esplac\/","name":"Ja tenim el Manual de Bones Pr\u00e0ctiques d'Esplac!","isPartOf":{"@id":"https:\/\/www.esplac.cat\/#website"},"primaryImageOfPage":{"@id":"https:\/\/www.esplac.cat\/manual-bones-practiques-recurs-incorporar-decreixement-dia-dia-esplac\/#primaryimage"},"image":{"@id":"https:\/\/www.esplac.cat\/manual-bones-practiques-recurs-incorporar-decreixement-dia-dia-esplac\/#primaryimage"},"thumbnailUrl":"https:\/\/www.esplac.cat\/wp-content\/uploads\/2023\/05\/Portades-web-11.jpg","datePublished":"2023-05-31T09:57:11+00:00","description":"El recurs creat per Reduint Petjada vol posar la lluita contra la crisi ecosocial al centre de la nostra pr\u00e0ctica educativa.","breadcrumb":{"@id":"https:\/\/www.esplac.cat\/manual-bones-practiques-recurs-incorporar-decreixement-dia-dia-esplac\/#breadcrumb"},"inLanguage":"en-US","potentialAction":[{"@type":"ReadAction","target":["https:\/\/www.esplac.cat\/manual-bones-practiques-recurs-incorporar-decreixement-dia-dia-esplac\/"]}]},{"@type":"ImageObject","inLanguage":"en-US","@id":"https:\/\/www.esplac.cat\/manual-bones-practiques-recurs-incorporar-decreixement-dia-dia-esplac\/#primaryimage","url":"https:\/\/www.esplac.cat\/wp-content\/uploads\/2023\/05\/Portades-web-11.jpg","contentUrl":"https:\/\/www.esplac.cat\/wp-content\/uploads\/2023\/05\/Portades-web-11.jpg","width":1694,"height":700,"caption":"Manual de Bones Pr\u00e0ctiques"},{"@type":"BreadcrumbList","@id":"https:\/\/www.esplac.cat\/manual-bones-practiques-recurs-incorporar-decreixement-dia-dia-esplac\/#breadcrumb","itemListElement":[{"@type":"ListItem","position":1,"name":"Inici","item":"https:\/\/www.esplac.cat\/en\/"},{"@type":"ListItem","position":2,"name":"Ja tenim el Manual de Bones Pr\u00e0ctiques, un recurs per incorporar el decreixement al dia a dia de la nostra entitat"}]},{"@type":"WebSite","@id":"https:\/\/www.esplac.cat\/#website","url":"https:\/\/www.esplac.cat\/","name":"Esplac","description":"Esplais Catalans","publisher":{"@id":"https:\/\/www.esplac.cat\/#organization"},"potentialAction":[{"@type":"SearchAction","target":{"@type":"EntryPoint","urlTemplate":"https:\/\/www.esplac.cat\/?s={search_term_string}"},"query-input":{"@type":"PropertyValueSpecification","valueRequired":true,"valueName":"search_term_string"}}],"inLanguage":"en-US"},{"@type":"Organization","@id":"https:\/\/www.esplac.cat\/#organization","name":"Esplac","url":"https:\/\/www.esplac.cat\/","logo":{"@type":"ImageObject","inLanguage":"en-US","@id":"https:\/\/www.esplac.cat\/#\/schema\/logo\/image\/","url":"https:\/\/www.esplac.cat\/wp-content\/uploads\/2019\/08\/logox2.png","contentUrl":"https:\/\/www.esplac.cat\/wp-content\/uploads\/2019\/08\/logox2.png","width":600,"height":295,"caption":"Esplac"},"image":{"@id":"https:\/\/www.esplac.cat\/#\/schema\/logo\/image\/"}},{"@type":"Person","@id":"https:\/\/www.esplac.cat\/#\/schema\/person\/908383cf240be18b68f8855d0583faca","name":"Comunicaci\u00f3 Esplac","image":{"@type":"ImageObject","inLanguage":"en-US","@id":"https:\/\/secure.gravatar.com\/avatar\/7a4cf8feb412a76ea4a740ca02d95b06b2907b5a6c648c2dd0a1082a093c3141?s=96&d=mm&r=g","url":"https:\/\/secure.gravatar.com\/avatar\/7a4cf8feb412a76ea4a740ca02d95b06b2907b5a6c648c2dd0a1082a093c3141?s=96&d=mm&r=g","contentUrl":"https:\/\/secure.gravatar.com\/avatar\/7a4cf8feb412a76ea4a740ca02d95b06b2907b5a6c648c2dd0a1082a093c3141?s=96&d=mm&r=g","caption":"Comunicaci\u00f3 Esplac"}}]}},"_links":{"self":[{"href":"https:\/\/www.esplac.cat\/en\/wp-json\/wp\/v2\/posts\/45511","targetHints":{"allow":["GET"]}}],"collection":[{"href":"https:\/\/www.esplac.cat\/en\/wp-json\/wp\/v2\/posts"}],"about":[{"href":"https:\/\/www.esplac.cat\/en\/wp-json\/wp\/v2\/types\/post"}],"author":[{"embeddable":true,"href":"https:\/\/www.esplac.cat\/en\/wp-json\/wp\/v2\/users\/3"}],"replies":[{"embeddable":true,"href":"https:\/\/www.esplac.cat\/en\/wp-json\/wp\/v2\/comments?post=45511"}],"version-history":[{"count":0,"href":"https:\/\/www.esplac.cat\/en\/wp-json\/wp\/v2\/posts\/45511\/revisions"}],"wp:featuredmedia":[{"embeddable":true,"href":"https:\/\/www.esplac.cat\/en\/wp-json\/wp\/v2\/media\/45515"}],"wp:attachment":[{"href":"https:\/\/www.esplac.cat\/en\/wp-json\/wp\/v2\/media?parent=45511"}],"wp:term":[{"taxonomy":"category","embeddable":true,"href":"https:\/\/www.esplac.cat\/en\/wp-json\/wp\/v2\/categories?post=45511"},{"taxonomy":"post_tag","embeddable":true,"href":"https:\/\/www.esplac.cat\/en\/wp-json\/wp\/v2\/tags?post=45511"}],"curies":[{"name":"wp","href":"https:\/\/api.w.org\/{rel}","templated":true}]}}