{"id":45644,"date":"2023-06-12T10:38:45","date_gmt":"2023-06-12T08:38:45","guid":{"rendered":"https:\/\/www.esplac.cat\/?p=45644"},"modified":"2023-06-12T11:56:02","modified_gmt":"2023-06-12T09:56:02","slug":"contacontes-esplac-arriba-vila-seca","status":"publish","type":"post","link":"https:\/\/www.esplac.cat\/en\/contacontes-esplac-arriba-vila-seca\/","title":{"rendered":"El contacontes d&#8217;Esplac arriba a Vila-Seca!"},"content":{"rendered":"<h6><strong>El contacontes d&#8217;Esplais Catalans segueix en ruta, aquest cop a Vila-Seca amb l&#8217;esplai Esclop!\u00a0<\/strong><\/h6>\n<p>El contacontes d&#8217;Esplac segueix en marxa! Aquest dissabte 10 de juny, una cinquantena d&#8217;infants, monis i fam\u00edlies de l&#8217;esplai Esclop de Vila-Seca s&#8217;han endinsat en la hist\u00f2ria del conte &#8220;I tu, qu\u00e8 fas dissabte?&#8221; de la m\u00e0 d&#8217;algunes membres de l&#8217;Equip de Coordinaci\u00f3 d&#8217;Esplac. Ha estat una tarda fant\u00e0stica!<\/p>\n<p>Aquest conte va n\u00e9ixer durant el curs, en el marc del<strong><a href=\"https:\/\/www.esplac.cat\/40-anys-esplac\/\" target=\"_blank\" rel=\"noopener noreferrer\">\u00a0<span style=\"color: #f69d0b;\">40\u00e8 aniversari d\u2019Esplac<\/span><\/a><\/strong>. Un projecte sorgit amb la intenci\u00f3 de transmetre la import\u00e0ncia de comptar amb els esplais d\u2019arreu del territori i de com aquests eduquem en valors. Es va realitzar mitjan\u00e7ant una campanya de micromecenatge i organitzada des de la comissi\u00f3 del\u00a0<span style=\"color: #f69d0b;\"><strong><a style=\"color: #f69d0b;\" href=\"https:\/\/www.esplac.cat\/40-anys-esplais-catalans\/\" target=\"_blank\" rel=\"noopener noreferrer\">40\u00e8 aniversari<\/a>\u00a0<\/strong><\/span>d\u2019Esplac. La hist\u00f2ria, escrita per les volunt\u00e0ries de l\u2019entitat i amb els dibuixos de la il\u00b7lustradora\u00a0<a href=\"https:\/\/www.instagram.com\/mireiapujolriera\/\" target=\"_blank\" rel=\"noopener noreferrer\"><span style=\"color: #f69d0b;\"><strong>Mireia Pujol Riera<\/strong><\/span>,<\/a>\u00a0tracta la\u00a0hist\u00f2ria d\u2019un grup d\u2019infants que va a l\u2019esplai i all\u00e0 viuen aventures que els transporten a llocs fant\u00e0stics tot fent una gimcana.<\/p>\n<p>L\u2019editorial Pol\u00b7len Edicions ha fet la distribuci\u00f3 arreu de Catalunya (Biblioteques, centres escolars, llibreries\u2026), per\u00f2 si voleu una c\u00f2pia a casa, podeu enviar un correu a esplac@esplac.cat.<\/p>\n","protected":false},"excerpt":{"rendered":"<p>El contacontes d&#8217;Esplais Catalans segueix en ruta, aquest cop a [&hellip;]<\/p>\n","protected":false},"author":3,"featured_media":45648,"comment_status":"closed","ping_status":"closed","sticky":false,"template":"","format":"standard","meta":{"om_disable_all_campaigns":false,"_monsterinsights_skip_tracking":false,"_monsterinsights_sitenote_active":false,"_monsterinsights_sitenote_note":"","_monsterinsights_sitenote_category":0,"_uf_show_specific_survey":0,"_uf_disable_surveys":false,"footnotes":""},"categories":[1122,1],"tags":[],"class_list":["post-45644","post","type-post","status-publish","format-standard","has-post-thumbnail","hentry","category-sector-camp-de-tarragona","category-sense-categoria"],"yoast_head":"<!-- This site is optimized with the Yoast SEO plugin v27.5 - https:\/\/yoast.com\/product\/yoast-seo-wordpress\/ -->\n<title>El contacontes d&#039;Esplac arriba a Vila-Seca! - Esplac<\/title>\n<meta name=\"description\" content=\"El dissabte 10 de juny, infants i monis de l&#039;esplai Esclop de Vila-Seca s&#039;han endinsat en la hist\u00f2ria del conte &quot;I tu, qu\u00e8 fas dissabte?&quot;.\" \/>\n<meta name=\"robots\" content=\"index, follow, max-snippet:-1, max-image-preview:large, max-video-preview:-1\" \/>\n<link rel=\"canonical\" href=\"https:\/\/www.esplac.cat\/contacontes-esplac-arriba-vila-seca\/\" \/>\n<meta property=\"og:locale\" content=\"en_US\" \/>\n<meta property=\"og:type\" content=\"article\" \/>\n<meta property=\"og:title\" content=\"El contacontes d&#039;Esplac arriba a Vila-Seca! - Esplac\" \/>\n<meta property=\"og:description\" content=\"El dissabte 10 de juny, infants i monis de l&#039;esplai Esclop de Vila-Seca s&#039;han endinsat en la hist\u00f2ria del conte &quot;I tu, qu\u00e8 fas dissabte?&quot;.\" \/>\n<meta property=\"og:url\" content=\"https:\/\/www.esplac.cat\/contacontes-esplac-arriba-vila-seca\/\" \/>\n<meta property=\"og:site_name\" content=\"Esplac\" \/>\n<meta property=\"article:published_time\" content=\"2023-06-12T08:38:45+00:00\" \/>\n<meta property=\"article:modified_time\" content=\"2023-06-12T09:56:02+00:00\" \/>\n<meta property=\"og:image\" content=\"https:\/\/www.esplac.cat\/wp-content\/uploads\/2023\/06\/Portades-Web-1.jpg\" \/>\n\t<meta property=\"og:image:width\" content=\"1697\" \/>\n\t<meta property=\"og:image:height\" content=\"700\" \/>\n\t<meta property=\"og:image:type\" content=\"image\/jpeg\" \/>\n<meta name=\"author\" content=\"Comunicaci\u00f3 Esplac\" \/>\n<meta name=\"twitter:card\" content=\"summary_large_image\" \/>\n<meta name=\"twitter:label1\" content=\"Written by\" \/>\n\t<meta name=\"twitter:data1\" content=\"Comunicaci\u00f3 Esplac\" \/>\n\t<meta name=\"twitter:label2\" content=\"Est. reading time\" \/>\n\t<meta name=\"twitter:data2\" content=\"2 minutes\" \/>\n<script type=\"application\/ld+json\" class=\"yoast-schema-graph\">{\"@context\":\"https:\\\/\\\/schema.org\",\"@graph\":[{\"@type\":\"Article\",\"@id\":\"https:\\\/\\\/www.esplac.cat\\\/contacontes-esplac-arriba-vila-seca\\\/#article\",\"isPartOf\":{\"@id\":\"https:\\\/\\\/www.esplac.cat\\\/contacontes-esplac-arriba-vila-seca\\\/\"},\"author\":{\"name\":\"Comunicaci\u00f3 Esplac\",\"@id\":\"https:\\\/\\\/www.esplac.cat\\\/#\\\/schema\\\/person\\\/908383cf240be18b68f8855d0583faca\"},\"headline\":\"El contacontes d&#8217;Esplac arriba a Vila-Seca!\",\"datePublished\":\"2023-06-12T08:38:45+00:00\",\"dateModified\":\"2023-06-12T09:56:02+00:00\",\"mainEntityOfPage\":{\"@id\":\"https:\\\/\\\/www.esplac.cat\\\/contacontes-esplac-arriba-vila-seca\\\/\"},\"wordCount\":225,\"publisher\":{\"@id\":\"https:\\\/\\\/www.esplac.cat\\\/#organization\"},\"image\":{\"@id\":\"https:\\\/\\\/www.esplac.cat\\\/contacontes-esplac-arriba-vila-seca\\\/#primaryimage\"},\"thumbnailUrl\":\"https:\\\/\\\/www.esplac.cat\\\/wp-content\\\/uploads\\\/2023\\\/06\\\/Portades-Web-1.jpg\",\"articleSection\":[\"Sector Camp de Tarragona\",\"Sense categoria\"],\"inLanguage\":\"en-US\"},{\"@type\":\"WebPage\",\"@id\":\"https:\\\/\\\/www.esplac.cat\\\/contacontes-esplac-arriba-vila-seca\\\/\",\"url\":\"https:\\\/\\\/www.esplac.cat\\\/contacontes-esplac-arriba-vila-seca\\\/\",\"name\":\"El contacontes d'Esplac arriba a Vila-Seca! - Esplac\",\"isPartOf\":{\"@id\":\"https:\\\/\\\/www.esplac.cat\\\/#website\"},\"primaryImageOfPage\":{\"@id\":\"https:\\\/\\\/www.esplac.cat\\\/contacontes-esplac-arriba-vila-seca\\\/#primaryimage\"},\"image\":{\"@id\":\"https:\\\/\\\/www.esplac.cat\\\/contacontes-esplac-arriba-vila-seca\\\/#primaryimage\"},\"thumbnailUrl\":\"https:\\\/\\\/www.esplac.cat\\\/wp-content\\\/uploads\\\/2023\\\/06\\\/Portades-Web-1.jpg\",\"datePublished\":\"2023-06-12T08:38:45+00:00\",\"dateModified\":\"2023-06-12T09:56:02+00:00\",\"description\":\"El dissabte 10 de juny, infants i monis de l'esplai Esclop de Vila-Seca s'han endinsat en la hist\u00f2ria del conte \\\"I tu, qu\u00e8 fas dissabte?\\\".\",\"breadcrumb\":{\"@id\":\"https:\\\/\\\/www.esplac.cat\\\/contacontes-esplac-arriba-vila-seca\\\/#breadcrumb\"},\"inLanguage\":\"en-US\",\"potentialAction\":[{\"@type\":\"ReadAction\",\"target\":[\"https:\\\/\\\/www.esplac.cat\\\/contacontes-esplac-arriba-vila-seca\\\/\"]}]},{\"@type\":\"ImageObject\",\"inLanguage\":\"en-US\",\"@id\":\"https:\\\/\\\/www.esplac.cat\\\/contacontes-esplac-arriba-vila-seca\\\/#primaryimage\",\"url\":\"https:\\\/\\\/www.esplac.cat\\\/wp-content\\\/uploads\\\/2023\\\/06\\\/Portades-Web-1.jpg\",\"contentUrl\":\"https:\\\/\\\/www.esplac.cat\\\/wp-content\\\/uploads\\\/2023\\\/06\\\/Portades-Web-1.jpg\",\"width\":1697,\"height\":700},{\"@type\":\"BreadcrumbList\",\"@id\":\"https:\\\/\\\/www.esplac.cat\\\/contacontes-esplac-arriba-vila-seca\\\/#breadcrumb\",\"itemListElement\":[{\"@type\":\"ListItem\",\"position\":1,\"name\":\"Inici\",\"item\":\"https:\\\/\\\/www.esplac.cat\\\/en\\\/\"},{\"@type\":\"ListItem\",\"position\":2,\"name\":\"El contacontes d&#8217;Esplac arriba a Vila-Seca!\"}]},{\"@type\":\"WebSite\",\"@id\":\"https:\\\/\\\/www.esplac.cat\\\/#website\",\"url\":\"https:\\\/\\\/www.esplac.cat\\\/\",\"name\":\"Esplac\",\"description\":\"Esplais Catalans\",\"publisher\":{\"@id\":\"https:\\\/\\\/www.esplac.cat\\\/#organization\"},\"potentialAction\":[{\"@type\":\"SearchAction\",\"target\":{\"@type\":\"EntryPoint\",\"urlTemplate\":\"https:\\\/\\\/www.esplac.cat\\\/?s={search_term_string}\"},\"query-input\":{\"@type\":\"PropertyValueSpecification\",\"valueRequired\":true,\"valueName\":\"search_term_string\"}}],\"inLanguage\":\"en-US\"},{\"@type\":\"Organization\",\"@id\":\"https:\\\/\\\/www.esplac.cat\\\/#organization\",\"name\":\"Esplac\",\"url\":\"https:\\\/\\\/www.esplac.cat\\\/\",\"logo\":{\"@type\":\"ImageObject\",\"inLanguage\":\"en-US\",\"@id\":\"https:\\\/\\\/www.esplac.cat\\\/#\\\/schema\\\/logo\\\/image\\\/\",\"url\":\"https:\\\/\\\/www.esplac.cat\\\/wp-content\\\/uploads\\\/2019\\\/08\\\/logox2.png\",\"contentUrl\":\"https:\\\/\\\/www.esplac.cat\\\/wp-content\\\/uploads\\\/2019\\\/08\\\/logox2.png\",\"width\":600,\"height\":295,\"caption\":\"Esplac\"},\"image\":{\"@id\":\"https:\\\/\\\/www.esplac.cat\\\/#\\\/schema\\\/logo\\\/image\\\/\"}},{\"@type\":\"Person\",\"@id\":\"https:\\\/\\\/www.esplac.cat\\\/#\\\/schema\\\/person\\\/908383cf240be18b68f8855d0583faca\",\"name\":\"Comunicaci\u00f3 Esplac\",\"image\":{\"@type\":\"ImageObject\",\"inLanguage\":\"en-US\",\"@id\":\"https:\\\/\\\/secure.gravatar.com\\\/avatar\\\/7a4cf8feb412a76ea4a740ca02d95b06b2907b5a6c648c2dd0a1082a093c3141?s=96&d=mm&r=g\",\"url\":\"https:\\\/\\\/secure.gravatar.com\\\/avatar\\\/7a4cf8feb412a76ea4a740ca02d95b06b2907b5a6c648c2dd0a1082a093c3141?s=96&d=mm&r=g\",\"contentUrl\":\"https:\\\/\\\/secure.gravatar.com\\\/avatar\\\/7a4cf8feb412a76ea4a740ca02d95b06b2907b5a6c648c2dd0a1082a093c3141?s=96&d=mm&r=g\",\"caption\":\"Comunicaci\u00f3 Esplac\"}}]}<\/script>\n<!-- \/ Yoast SEO plugin. -->","yoast_head_json":{"title":"El contacontes d'Esplac arriba a Vila-Seca! - Esplac","description":"El dissabte 10 de juny, infants i monis de l'esplai Esclop de Vila-Seca s'han endinsat en la hist\u00f2ria del conte \"I tu, qu\u00e8 fas dissabte?\".","robots":{"index":"index","follow":"follow","max-snippet":"max-snippet:-1","max-image-preview":"max-image-preview:large","max-video-preview":"max-video-preview:-1"},"canonical":"https:\/\/www.esplac.cat\/contacontes-esplac-arriba-vila-seca\/","og_locale":"en_US","og_type":"article","og_title":"El contacontes d'Esplac arriba a Vila-Seca! - Esplac","og_description":"El dissabte 10 de juny, infants i monis de l'esplai Esclop de Vila-Seca s'han endinsat en la hist\u00f2ria del conte \"I tu, qu\u00e8 fas dissabte?\".","og_url":"https:\/\/www.esplac.cat\/contacontes-esplac-arriba-vila-seca\/","og_site_name":"Esplac","article_published_time":"2023-06-12T08:38:45+00:00","article_modified_time":"2023-06-12T09:56:02+00:00","og_image":[{"width":1697,"height":700,"url":"https:\/\/www.esplac.cat\/wp-content\/uploads\/2023\/06\/Portades-Web-1.jpg","type":"image\/jpeg"}],"author":"Comunicaci\u00f3 Esplac","twitter_card":"summary_large_image","twitter_misc":{"Written by":"Comunicaci\u00f3 Esplac","Est. reading time":"2 minutes"},"schema":{"@context":"https:\/\/schema.org","@graph":[{"@type":"Article","@id":"https:\/\/www.esplac.cat\/contacontes-esplac-arriba-vila-seca\/#article","isPartOf":{"@id":"https:\/\/www.esplac.cat\/contacontes-esplac-arriba-vila-seca\/"},"author":{"name":"Comunicaci\u00f3 Esplac","@id":"https:\/\/www.esplac.cat\/#\/schema\/person\/908383cf240be18b68f8855d0583faca"},"headline":"El contacontes d&#8217;Esplac arriba a Vila-Seca!","datePublished":"2023-06-12T08:38:45+00:00","dateModified":"2023-06-12T09:56:02+00:00","mainEntityOfPage":{"@id":"https:\/\/www.esplac.cat\/contacontes-esplac-arriba-vila-seca\/"},"wordCount":225,"publisher":{"@id":"https:\/\/www.esplac.cat\/#organization"},"image":{"@id":"https:\/\/www.esplac.cat\/contacontes-esplac-arriba-vila-seca\/#primaryimage"},"thumbnailUrl":"https:\/\/www.esplac.cat\/wp-content\/uploads\/2023\/06\/Portades-Web-1.jpg","articleSection":["Sector Camp de Tarragona","Sense categoria"],"inLanguage":"en-US"},{"@type":"WebPage","@id":"https:\/\/www.esplac.cat\/contacontes-esplac-arriba-vila-seca\/","url":"https:\/\/www.esplac.cat\/contacontes-esplac-arriba-vila-seca\/","name":"El contacontes d'Esplac arriba a Vila-Seca! - Esplac","isPartOf":{"@id":"https:\/\/www.esplac.cat\/#website"},"primaryImageOfPage":{"@id":"https:\/\/www.esplac.cat\/contacontes-esplac-arriba-vila-seca\/#primaryimage"},"image":{"@id":"https:\/\/www.esplac.cat\/contacontes-esplac-arriba-vila-seca\/#primaryimage"},"thumbnailUrl":"https:\/\/www.esplac.cat\/wp-content\/uploads\/2023\/06\/Portades-Web-1.jpg","datePublished":"2023-06-12T08:38:45+00:00","dateModified":"2023-06-12T09:56:02+00:00","description":"El dissabte 10 de juny, infants i monis de l'esplai Esclop de Vila-Seca s'han endinsat en la hist\u00f2ria del conte \"I tu, qu\u00e8 fas dissabte?\".","breadcrumb":{"@id":"https:\/\/www.esplac.cat\/contacontes-esplac-arriba-vila-seca\/#breadcrumb"},"inLanguage":"en-US","potentialAction":[{"@type":"ReadAction","target":["https:\/\/www.esplac.cat\/contacontes-esplac-arriba-vila-seca\/"]}]},{"@type":"ImageObject","inLanguage":"en-US","@id":"https:\/\/www.esplac.cat\/contacontes-esplac-arriba-vila-seca\/#primaryimage","url":"https:\/\/www.esplac.cat\/wp-content\/uploads\/2023\/06\/Portades-Web-1.jpg","contentUrl":"https:\/\/www.esplac.cat\/wp-content\/uploads\/2023\/06\/Portades-Web-1.jpg","width":1697,"height":700},{"@type":"BreadcrumbList","@id":"https:\/\/www.esplac.cat\/contacontes-esplac-arriba-vila-seca\/#breadcrumb","itemListElement":[{"@type":"ListItem","position":1,"name":"Inici","item":"https:\/\/www.esplac.cat\/en\/"},{"@type":"ListItem","position":2,"name":"El contacontes d&#8217;Esplac arriba a Vila-Seca!"}]},{"@type":"WebSite","@id":"https:\/\/www.esplac.cat\/#website","url":"https:\/\/www.esplac.cat\/","name":"Esplac","description":"Esplais Catalans","publisher":{"@id":"https:\/\/www.esplac.cat\/#organization"},"potentialAction":[{"@type":"SearchAction","target":{"@type":"EntryPoint","urlTemplate":"https:\/\/www.esplac.cat\/?s={search_term_string}"},"query-input":{"@type":"PropertyValueSpecification","valueRequired":true,"valueName":"search_term_string"}}],"inLanguage":"en-US"},{"@type":"Organization","@id":"https:\/\/www.esplac.cat\/#organization","name":"Esplac","url":"https:\/\/www.esplac.cat\/","logo":{"@type":"ImageObject","inLanguage":"en-US","@id":"https:\/\/www.esplac.cat\/#\/schema\/logo\/image\/","url":"https:\/\/www.esplac.cat\/wp-content\/uploads\/2019\/08\/logox2.png","contentUrl":"https:\/\/www.esplac.cat\/wp-content\/uploads\/2019\/08\/logox2.png","width":600,"height":295,"caption":"Esplac"},"image":{"@id":"https:\/\/www.esplac.cat\/#\/schema\/logo\/image\/"}},{"@type":"Person","@id":"https:\/\/www.esplac.cat\/#\/schema\/person\/908383cf240be18b68f8855d0583faca","name":"Comunicaci\u00f3 Esplac","image":{"@type":"ImageObject","inLanguage":"en-US","@id":"https:\/\/secure.gravatar.com\/avatar\/7a4cf8feb412a76ea4a740ca02d95b06b2907b5a6c648c2dd0a1082a093c3141?s=96&d=mm&r=g","url":"https:\/\/secure.gravatar.com\/avatar\/7a4cf8feb412a76ea4a740ca02d95b06b2907b5a6c648c2dd0a1082a093c3141?s=96&d=mm&r=g","contentUrl":"https:\/\/secure.gravatar.com\/avatar\/7a4cf8feb412a76ea4a740ca02d95b06b2907b5a6c648c2dd0a1082a093c3141?s=96&d=mm&r=g","caption":"Comunicaci\u00f3 Esplac"}}]}},"_links":{"self":[{"href":"https:\/\/www.esplac.cat\/en\/wp-json\/wp\/v2\/posts\/45644","targetHints":{"allow":["GET"]}}],"collection":[{"href":"https:\/\/www.esplac.cat\/en\/wp-json\/wp\/v2\/posts"}],"about":[{"href":"https:\/\/www.esplac.cat\/en\/wp-json\/wp\/v2\/types\/post"}],"author":[{"embeddable":true,"href":"https:\/\/www.esplac.cat\/en\/wp-json\/wp\/v2\/users\/3"}],"replies":[{"embeddable":true,"href":"https:\/\/www.esplac.cat\/en\/wp-json\/wp\/v2\/comments?post=45644"}],"version-history":[{"count":0,"href":"https:\/\/www.esplac.cat\/en\/wp-json\/wp\/v2\/posts\/45644\/revisions"}],"wp:featuredmedia":[{"embeddable":true,"href":"https:\/\/www.esplac.cat\/en\/wp-json\/wp\/v2\/media\/45648"}],"wp:attachment":[{"href":"https:\/\/www.esplac.cat\/en\/wp-json\/wp\/v2\/media?parent=45644"}],"wp:term":[{"taxonomy":"category","embeddable":true,"href":"https:\/\/www.esplac.cat\/en\/wp-json\/wp\/v2\/categories?post=45644"},{"taxonomy":"post_tag","embeddable":true,"href":"https:\/\/www.esplac.cat\/en\/wp-json\/wp\/v2\/tags?post=45644"}],"curies":[{"name":"wp","href":"https:\/\/api.w.org\/{rel}","templated":true}]}}