{"id":45738,"date":"2023-06-15T12:28:10","date_gmt":"2023-06-15T10:28:10","guid":{"rendered":"https:\/\/www.esplac.cat\/?p=45738"},"modified":"2023-06-15T17:11:17","modified_gmt":"2023-06-15T15:11:17","slug":"preparem-lestiu-tot-el-que-necessites-saber-sobre-campaments-colonies-i-rutes","status":"publish","type":"post","link":"https:\/\/www.esplac.cat\/en\/preparem-lestiu-tot-el-que-necessites-saber-sobre-campaments-colonies-i-rutes\/","title":{"rendered":"Preparem l&#8217;estiu: tot el que necessites saber sobre Campaments, Col\u00f2nies i Rutes (CCR)!"},"content":{"rendered":"<h6><strong>Qu\u00e8 cal fer abans, durant i despr\u00e9s de les activitats d&#8217;estiu? Quins recursos tenim a l&#8217;abast per a preparar campaments, col\u00f2nies i rutes? Al web d&#8217;Esplac trobareu tota la informaci\u00f3 necess\u00e0ria!<\/strong><\/h6>\n<p>L&#8217;estiu ja \u00e9s a tocar i, com no podria ser d&#8217;altra manera, els esplais esteu immersos en la preparaci\u00f3 de les vostres activitats. Quines ganes! Per a preparar aquestes activitats cal tenir moltes coses en compte i \u00e9s f\u00e0cil despistar-se. \u00c9s per aix\u00f2 que hem creat al web l&#8217;apartat <a href=\"https:\/\/www.esplac.cat\/preparem-lestiu-ccr\/\" target=\"_blank\" rel=\"noopener\"><em><span style=\"color: #f69d0b;\">Preparem l&#8217;estiu!<\/span><\/em><\/a>, un espai on recollir les dates i terminis m\u00e9s importants, compartir recursos que us poden ser \u00fatils o actualitzar la situaci\u00f3 del Pla Alfa, entre d&#8217;altres. A qu\u00e8 espereu per fer-hi un cop d&#8217;ull?<\/p>\n<h4><strong>Terminis i recursos<\/strong><\/h4>\n<p>En aquest calendari interactiu hi trobareu els terminis que heu de seguir per a preparar els vostres campaments, col\u00f2nies o rutes. Alhora, tamb\u00e9 teniu l&#8217;enlla\u00e7 a diversos recursos tan interessants com el <span style=\"color: #f69d0b;\"><a style=\"color: #f69d0b;\" href=\"https:\/\/bancrecursos.esplac.cat\/recurs\/63d0efcc97f83d08fa4d7b62\" target=\"_blank\" rel=\"noopener\">CCReant<\/a><\/span>, un document que inclou tota aquella informaci\u00f3 \u00fatil per crear un projecte complet per la vostra activitat d&#8217;estiu. Tamb\u00e9 teniu recursos on s&#8217;explica quina documentaci\u00f3 \u00e9s necess\u00e0ria per a cada activitat o com crear un pla d&#8217;emerg\u00e8ncia.<\/p>\n<p><strong>Novetats!<\/strong> Aquest any des de <strong>Reduint Petjada<\/strong> arriben dos recursos acabats de sortir del forn: el <a href=\"https:\/\/bancrecursos.esplac.cat\/recurs\/6477126020a77b047a11745d\" target=\"_blank\" rel=\"noopener\"><span style=\"color: #f69d0b;\">Manual de Bones Pr\u00e0ctiques<\/span><\/a>, amb recursos i consells per incorporar el decreixement i la sostenibilitat a la nostra pr\u00e0ctica quotidiana, i <span style=\"color: #f69d0b;\"><a style=\"color: #f69d0b;\" href=\"https:\/\/bancrecursos.esplac.cat\/recurs\/6488528620a77b047a11747b\" target=\"_blank\" rel=\"noopener\">Les receptes d&#8217;en Vegeta<\/a><\/span>, \u00a0petita guia amb consells i propostes de plats per introduir el vegetarianisme i el veganisme a les nostres activitats.<\/p>\n<p>&nbsp;<\/p>\n<div style=\"width: 100%;\">\n<div style=\"position: relative; padding-bottom: 56.25%; padding-top: 0; height: 0;\"><iframe style=\"position: absolute; top: 0; left: 0; width: 100%; height: 100%;\" title=\"CCR 2023\" src=\"https:\/\/view.genial.ly\/647457555f2f160012613128\" width=\"1200\" height=\"675\" frameborder=\"0\" scrolling=\"yes\" allowfullscreen=\"allowfullscreen\"><\/iframe><\/div>\n<\/div>\n<h4><strong>Pla Alfa i visites d&#8217;estiu<\/strong><\/h4>\n<p>Aquest any s&#8217;activar\u00e0 per segon cop el <a href=\"https:\/\/interior.gencat.cat\/ca\/arees_dactuacio\/agents-rurals\/pla-alfa\/index.html\" target=\"_blank\" rel=\"noopener\"><span style=\"color: #f69d0b;\">Pla Alfa<\/span><\/a>, el procediment operatiu establert pel Cos d&#8217;Agents Rurals per definir les actuacions dels efectius de vigil\u00e0ncia i prevenci\u00f3 d&#8217;incendis, davant les situacions de perill d\u2019incendi forestal que es puguin produir. Cal estar alerta de quina \u00e9s la situaci\u00f3 a la zona on fareu activitats i prendre les mesures que correspongui. Si teniu qualsevol pregunta, no dubteu a comentar-ho a la vostra coordinadora de projectes del sector.<\/p>\n<p>Per acabar, recordeu que el dilluns <strong>19 de juny<\/strong> \u00e9s l&#8217;<strong>\u00faltim dia per demanar visites d&#8217;estiu<\/strong>. L&#8217;elefant fan t\u00e9 moltes ganes de retrobar-se amb els esplais!<\/p>\n","protected":false},"excerpt":{"rendered":"<p>Qu\u00e8 cal fer abans, durant i despr\u00e9s de les activitats [&hellip;]<\/p>\n","protected":false},"author":3,"featured_media":45784,"comment_status":"closed","ping_status":"closed","sticky":false,"template":"","format":"standard","meta":{"om_disable_all_campaigns":false,"_monsterinsights_skip_tracking":false,"_monsterinsights_sitenote_active":false,"_monsterinsights_sitenote_note":"","_monsterinsights_sitenote_category":0,"_uf_show_specific_survey":0,"_uf_disable_surveys":false,"footnotes":""},"categories":[1117,1161,1],"tags":[],"class_list":["post-45738","post","type-post","status-publish","format-standard","has-post-thumbnail","hentry","category-activitats-esplais","category-comissio-reduint-petjada","category-sense-categoria"],"yoast_head":"<!-- This site is optimized with the Yoast SEO plugin v27.4 - https:\/\/yoast.com\/product\/yoast-seo-wordpress\/ -->\n<title>Els esplais preparem l&#039;estiu!<\/title>\n<meta name=\"description\" content=\"Qu\u00e8 cal fer abans, durant i despr\u00e9s de les activitats d&#039;estiu? Quins recursos tenim a l&#039;abast per a preparar campaments, col\u00f2nies i rutes?\" \/>\n<meta name=\"robots\" content=\"index, follow, max-snippet:-1, max-image-preview:large, max-video-preview:-1\" \/>\n<link rel=\"canonical\" href=\"https:\/\/www.esplac.cat\/preparem-lestiu-tot-el-que-necessites-saber-sobre-campaments-colonies-i-rutes\/\" \/>\n<meta property=\"og:locale\" content=\"en_US\" \/>\n<meta property=\"og:type\" content=\"article\" \/>\n<meta property=\"og:title\" content=\"Els esplais preparem l&#039;estiu!\" \/>\n<meta property=\"og:description\" content=\"Qu\u00e8 cal fer abans, durant i despr\u00e9s de les activitats d&#039;estiu? Quins recursos tenim a l&#039;abast per a preparar campaments, col\u00f2nies i rutes?\" \/>\n<meta property=\"og:url\" content=\"https:\/\/www.esplac.cat\/preparem-lestiu-tot-el-que-necessites-saber-sobre-campaments-colonies-i-rutes\/\" \/>\n<meta property=\"og:site_name\" content=\"Esplac\" \/>\n<meta property=\"article:published_time\" content=\"2023-06-15T10:28:10+00:00\" \/>\n<meta property=\"article:modified_time\" content=\"2023-06-15T15:11:17+00:00\" \/>\n<meta property=\"og:image\" content=\"https:\/\/www.esplac.cat\/wp-content\/uploads\/2023\/06\/Portades-Web-4.jpg\" \/>\n\t<meta property=\"og:image:width\" content=\"1697\" \/>\n\t<meta property=\"og:image:height\" content=\"700\" \/>\n\t<meta property=\"og:image:type\" content=\"image\/jpeg\" \/>\n<meta name=\"author\" content=\"Comunicaci\u00f3 Esplac\" \/>\n<meta name=\"twitter:card\" content=\"summary_large_image\" \/>\n<meta name=\"twitter:label1\" content=\"Written by\" \/>\n\t<meta name=\"twitter:data1\" content=\"Comunicaci\u00f3 Esplac\" \/>\n\t<meta name=\"twitter:label2\" content=\"Est. reading time\" \/>\n\t<meta name=\"twitter:data2\" content=\"2 minutes\" \/>\n<script type=\"application\/ld+json\" class=\"yoast-schema-graph\">{\"@context\":\"https:\\\/\\\/schema.org\",\"@graph\":[{\"@type\":\"Article\",\"@id\":\"https:\\\/\\\/www.esplac.cat\\\/preparem-lestiu-tot-el-que-necessites-saber-sobre-campaments-colonies-i-rutes\\\/#article\",\"isPartOf\":{\"@id\":\"https:\\\/\\\/www.esplac.cat\\\/preparem-lestiu-tot-el-que-necessites-saber-sobre-campaments-colonies-i-rutes\\\/\"},\"author\":{\"name\":\"Comunicaci\u00f3 Esplac\",\"@id\":\"https:\\\/\\\/www.esplac.cat\\\/#\\\/schema\\\/person\\\/908383cf240be18b68f8855d0583faca\"},\"headline\":\"Preparem l&#8217;estiu: tot el que necessites saber sobre Campaments, Col\u00f2nies i Rutes (CCR)!\",\"datePublished\":\"2023-06-15T10:28:10+00:00\",\"dateModified\":\"2023-06-15T15:11:17+00:00\",\"mainEntityOfPage\":{\"@id\":\"https:\\\/\\\/www.esplac.cat\\\/preparem-lestiu-tot-el-que-necessites-saber-sobre-campaments-colonies-i-rutes\\\/\"},\"wordCount\":403,\"publisher\":{\"@id\":\"https:\\\/\\\/www.esplac.cat\\\/#organization\"},\"image\":{\"@id\":\"https:\\\/\\\/www.esplac.cat\\\/preparem-lestiu-tot-el-que-necessites-saber-sobre-campaments-colonies-i-rutes\\\/#primaryimage\"},\"thumbnailUrl\":\"https:\\\/\\\/www.esplac.cat\\\/wp-content\\\/uploads\\\/2023\\\/06\\\/Portades-Web-4.jpg\",\"articleSection\":[\"Activitats esplais\",\"Comissi\u00f3 Reduint Petjada\",\"Sense categoria\"],\"inLanguage\":\"en-US\"},{\"@type\":\"WebPage\",\"@id\":\"https:\\\/\\\/www.esplac.cat\\\/preparem-lestiu-tot-el-que-necessites-saber-sobre-campaments-colonies-i-rutes\\\/\",\"url\":\"https:\\\/\\\/www.esplac.cat\\\/preparem-lestiu-tot-el-que-necessites-saber-sobre-campaments-colonies-i-rutes\\\/\",\"name\":\"Els esplais preparem l'estiu!\",\"isPartOf\":{\"@id\":\"https:\\\/\\\/www.esplac.cat\\\/#website\"},\"primaryImageOfPage\":{\"@id\":\"https:\\\/\\\/www.esplac.cat\\\/preparem-lestiu-tot-el-que-necessites-saber-sobre-campaments-colonies-i-rutes\\\/#primaryimage\"},\"image\":{\"@id\":\"https:\\\/\\\/www.esplac.cat\\\/preparem-lestiu-tot-el-que-necessites-saber-sobre-campaments-colonies-i-rutes\\\/#primaryimage\"},\"thumbnailUrl\":\"https:\\\/\\\/www.esplac.cat\\\/wp-content\\\/uploads\\\/2023\\\/06\\\/Portades-Web-4.jpg\",\"datePublished\":\"2023-06-15T10:28:10+00:00\",\"dateModified\":\"2023-06-15T15:11:17+00:00\",\"description\":\"Qu\u00e8 cal fer abans, durant i despr\u00e9s de les activitats d'estiu? Quins recursos tenim a l'abast per a preparar campaments, col\u00f2nies i rutes?\",\"breadcrumb\":{\"@id\":\"https:\\\/\\\/www.esplac.cat\\\/preparem-lestiu-tot-el-que-necessites-saber-sobre-campaments-colonies-i-rutes\\\/#breadcrumb\"},\"inLanguage\":\"en-US\",\"potentialAction\":[{\"@type\":\"ReadAction\",\"target\":[\"https:\\\/\\\/www.esplac.cat\\\/preparem-lestiu-tot-el-que-necessites-saber-sobre-campaments-colonies-i-rutes\\\/\"]}]},{\"@type\":\"ImageObject\",\"inLanguage\":\"en-US\",\"@id\":\"https:\\\/\\\/www.esplac.cat\\\/preparem-lestiu-tot-el-que-necessites-saber-sobre-campaments-colonies-i-rutes\\\/#primaryimage\",\"url\":\"https:\\\/\\\/www.esplac.cat\\\/wp-content\\\/uploads\\\/2023\\\/06\\\/Portades-Web-4.jpg\",\"contentUrl\":\"https:\\\/\\\/www.esplac.cat\\\/wp-content\\\/uploads\\\/2023\\\/06\\\/Portades-Web-4.jpg\",\"width\":1697,\"height\":700},{\"@type\":\"BreadcrumbList\",\"@id\":\"https:\\\/\\\/www.esplac.cat\\\/preparem-lestiu-tot-el-que-necessites-saber-sobre-campaments-colonies-i-rutes\\\/#breadcrumb\",\"itemListElement\":[{\"@type\":\"ListItem\",\"position\":1,\"name\":\"Inici\",\"item\":\"https:\\\/\\\/www.esplac.cat\\\/en\\\/\"},{\"@type\":\"ListItem\",\"position\":2,\"name\":\"Preparem l&#8217;estiu: tot el que necessites saber sobre Campaments, Col\u00f2nies i Rutes (CCR)!\"}]},{\"@type\":\"WebSite\",\"@id\":\"https:\\\/\\\/www.esplac.cat\\\/#website\",\"url\":\"https:\\\/\\\/www.esplac.cat\\\/\",\"name\":\"Esplac\",\"description\":\"Esplais Catalans\",\"publisher\":{\"@id\":\"https:\\\/\\\/www.esplac.cat\\\/#organization\"},\"potentialAction\":[{\"@type\":\"SearchAction\",\"target\":{\"@type\":\"EntryPoint\",\"urlTemplate\":\"https:\\\/\\\/www.esplac.cat\\\/?s={search_term_string}\"},\"query-input\":{\"@type\":\"PropertyValueSpecification\",\"valueRequired\":true,\"valueName\":\"search_term_string\"}}],\"inLanguage\":\"en-US\"},{\"@type\":\"Organization\",\"@id\":\"https:\\\/\\\/www.esplac.cat\\\/#organization\",\"name\":\"Esplac\",\"url\":\"https:\\\/\\\/www.esplac.cat\\\/\",\"logo\":{\"@type\":\"ImageObject\",\"inLanguage\":\"en-US\",\"@id\":\"https:\\\/\\\/www.esplac.cat\\\/#\\\/schema\\\/logo\\\/image\\\/\",\"url\":\"https:\\\/\\\/www.esplac.cat\\\/wp-content\\\/uploads\\\/2019\\\/08\\\/logox2.png\",\"contentUrl\":\"https:\\\/\\\/www.esplac.cat\\\/wp-content\\\/uploads\\\/2019\\\/08\\\/logox2.png\",\"width\":600,\"height\":295,\"caption\":\"Esplac\"},\"image\":{\"@id\":\"https:\\\/\\\/www.esplac.cat\\\/#\\\/schema\\\/logo\\\/image\\\/\"}},{\"@type\":\"Person\",\"@id\":\"https:\\\/\\\/www.esplac.cat\\\/#\\\/schema\\\/person\\\/908383cf240be18b68f8855d0583faca\",\"name\":\"Comunicaci\u00f3 Esplac\",\"image\":{\"@type\":\"ImageObject\",\"inLanguage\":\"en-US\",\"@id\":\"https:\\\/\\\/secure.gravatar.com\\\/avatar\\\/7a4cf8feb412a76ea4a740ca02d95b06b2907b5a6c648c2dd0a1082a093c3141?s=96&d=mm&r=g\",\"url\":\"https:\\\/\\\/secure.gravatar.com\\\/avatar\\\/7a4cf8feb412a76ea4a740ca02d95b06b2907b5a6c648c2dd0a1082a093c3141?s=96&d=mm&r=g\",\"contentUrl\":\"https:\\\/\\\/secure.gravatar.com\\\/avatar\\\/7a4cf8feb412a76ea4a740ca02d95b06b2907b5a6c648c2dd0a1082a093c3141?s=96&d=mm&r=g\",\"caption\":\"Comunicaci\u00f3 Esplac\"}}]}<\/script>\n<!-- \/ Yoast SEO plugin. -->","yoast_head_json":{"title":"Els esplais preparem l'estiu!","description":"Qu\u00e8 cal fer abans, durant i despr\u00e9s de les activitats d'estiu? Quins recursos tenim a l'abast per a preparar campaments, col\u00f2nies i rutes?","robots":{"index":"index","follow":"follow","max-snippet":"max-snippet:-1","max-image-preview":"max-image-preview:large","max-video-preview":"max-video-preview:-1"},"canonical":"https:\/\/www.esplac.cat\/preparem-lestiu-tot-el-que-necessites-saber-sobre-campaments-colonies-i-rutes\/","og_locale":"en_US","og_type":"article","og_title":"Els esplais preparem l'estiu!","og_description":"Qu\u00e8 cal fer abans, durant i despr\u00e9s de les activitats d'estiu? Quins recursos tenim a l'abast per a preparar campaments, col\u00f2nies i rutes?","og_url":"https:\/\/www.esplac.cat\/preparem-lestiu-tot-el-que-necessites-saber-sobre-campaments-colonies-i-rutes\/","og_site_name":"Esplac","article_published_time":"2023-06-15T10:28:10+00:00","article_modified_time":"2023-06-15T15:11:17+00:00","og_image":[{"width":1697,"height":700,"url":"https:\/\/www.esplac.cat\/wp-content\/uploads\/2023\/06\/Portades-Web-4.jpg","type":"image\/jpeg"}],"author":"Comunicaci\u00f3 Esplac","twitter_card":"summary_large_image","twitter_misc":{"Written by":"Comunicaci\u00f3 Esplac","Est. reading time":"2 minutes"},"schema":{"@context":"https:\/\/schema.org","@graph":[{"@type":"Article","@id":"https:\/\/www.esplac.cat\/preparem-lestiu-tot-el-que-necessites-saber-sobre-campaments-colonies-i-rutes\/#article","isPartOf":{"@id":"https:\/\/www.esplac.cat\/preparem-lestiu-tot-el-que-necessites-saber-sobre-campaments-colonies-i-rutes\/"},"author":{"name":"Comunicaci\u00f3 Esplac","@id":"https:\/\/www.esplac.cat\/#\/schema\/person\/908383cf240be18b68f8855d0583faca"},"headline":"Preparem l&#8217;estiu: tot el que necessites saber sobre Campaments, Col\u00f2nies i Rutes (CCR)!","datePublished":"2023-06-15T10:28:10+00:00","dateModified":"2023-06-15T15:11:17+00:00","mainEntityOfPage":{"@id":"https:\/\/www.esplac.cat\/preparem-lestiu-tot-el-que-necessites-saber-sobre-campaments-colonies-i-rutes\/"},"wordCount":403,"publisher":{"@id":"https:\/\/www.esplac.cat\/#organization"},"image":{"@id":"https:\/\/www.esplac.cat\/preparem-lestiu-tot-el-que-necessites-saber-sobre-campaments-colonies-i-rutes\/#primaryimage"},"thumbnailUrl":"https:\/\/www.esplac.cat\/wp-content\/uploads\/2023\/06\/Portades-Web-4.jpg","articleSection":["Activitats esplais","Comissi\u00f3 Reduint Petjada","Sense categoria"],"inLanguage":"en-US"},{"@type":"WebPage","@id":"https:\/\/www.esplac.cat\/preparem-lestiu-tot-el-que-necessites-saber-sobre-campaments-colonies-i-rutes\/","url":"https:\/\/www.esplac.cat\/preparem-lestiu-tot-el-que-necessites-saber-sobre-campaments-colonies-i-rutes\/","name":"Els esplais preparem l'estiu!","isPartOf":{"@id":"https:\/\/www.esplac.cat\/#website"},"primaryImageOfPage":{"@id":"https:\/\/www.esplac.cat\/preparem-lestiu-tot-el-que-necessites-saber-sobre-campaments-colonies-i-rutes\/#primaryimage"},"image":{"@id":"https:\/\/www.esplac.cat\/preparem-lestiu-tot-el-que-necessites-saber-sobre-campaments-colonies-i-rutes\/#primaryimage"},"thumbnailUrl":"https:\/\/www.esplac.cat\/wp-content\/uploads\/2023\/06\/Portades-Web-4.jpg","datePublished":"2023-06-15T10:28:10+00:00","dateModified":"2023-06-15T15:11:17+00:00","description":"Qu\u00e8 cal fer abans, durant i despr\u00e9s de les activitats d'estiu? Quins recursos tenim a l'abast per a preparar campaments, col\u00f2nies i rutes?","breadcrumb":{"@id":"https:\/\/www.esplac.cat\/preparem-lestiu-tot-el-que-necessites-saber-sobre-campaments-colonies-i-rutes\/#breadcrumb"},"inLanguage":"en-US","potentialAction":[{"@type":"ReadAction","target":["https:\/\/www.esplac.cat\/preparem-lestiu-tot-el-que-necessites-saber-sobre-campaments-colonies-i-rutes\/"]}]},{"@type":"ImageObject","inLanguage":"en-US","@id":"https:\/\/www.esplac.cat\/preparem-lestiu-tot-el-que-necessites-saber-sobre-campaments-colonies-i-rutes\/#primaryimage","url":"https:\/\/www.esplac.cat\/wp-content\/uploads\/2023\/06\/Portades-Web-4.jpg","contentUrl":"https:\/\/www.esplac.cat\/wp-content\/uploads\/2023\/06\/Portades-Web-4.jpg","width":1697,"height":700},{"@type":"BreadcrumbList","@id":"https:\/\/www.esplac.cat\/preparem-lestiu-tot-el-que-necessites-saber-sobre-campaments-colonies-i-rutes\/#breadcrumb","itemListElement":[{"@type":"ListItem","position":1,"name":"Inici","item":"https:\/\/www.esplac.cat\/en\/"},{"@type":"ListItem","position":2,"name":"Preparem l&#8217;estiu: tot el que necessites saber sobre Campaments, Col\u00f2nies i Rutes (CCR)!"}]},{"@type":"WebSite","@id":"https:\/\/www.esplac.cat\/#website","url":"https:\/\/www.esplac.cat\/","name":"Esplac","description":"Esplais Catalans","publisher":{"@id":"https:\/\/www.esplac.cat\/#organization"},"potentialAction":[{"@type":"SearchAction","target":{"@type":"EntryPoint","urlTemplate":"https:\/\/www.esplac.cat\/?s={search_term_string}"},"query-input":{"@type":"PropertyValueSpecification","valueRequired":true,"valueName":"search_term_string"}}],"inLanguage":"en-US"},{"@type":"Organization","@id":"https:\/\/www.esplac.cat\/#organization","name":"Esplac","url":"https:\/\/www.esplac.cat\/","logo":{"@type":"ImageObject","inLanguage":"en-US","@id":"https:\/\/www.esplac.cat\/#\/schema\/logo\/image\/","url":"https:\/\/www.esplac.cat\/wp-content\/uploads\/2019\/08\/logox2.png","contentUrl":"https:\/\/www.esplac.cat\/wp-content\/uploads\/2019\/08\/logox2.png","width":600,"height":295,"caption":"Esplac"},"image":{"@id":"https:\/\/www.esplac.cat\/#\/schema\/logo\/image\/"}},{"@type":"Person","@id":"https:\/\/www.esplac.cat\/#\/schema\/person\/908383cf240be18b68f8855d0583faca","name":"Comunicaci\u00f3 Esplac","image":{"@type":"ImageObject","inLanguage":"en-US","@id":"https:\/\/secure.gravatar.com\/avatar\/7a4cf8feb412a76ea4a740ca02d95b06b2907b5a6c648c2dd0a1082a093c3141?s=96&d=mm&r=g","url":"https:\/\/secure.gravatar.com\/avatar\/7a4cf8feb412a76ea4a740ca02d95b06b2907b5a6c648c2dd0a1082a093c3141?s=96&d=mm&r=g","contentUrl":"https:\/\/secure.gravatar.com\/avatar\/7a4cf8feb412a76ea4a740ca02d95b06b2907b5a6c648c2dd0a1082a093c3141?s=96&d=mm&r=g","caption":"Comunicaci\u00f3 Esplac"}}]}},"_links":{"self":[{"href":"https:\/\/www.esplac.cat\/en\/wp-json\/wp\/v2\/posts\/45738","targetHints":{"allow":["GET"]}}],"collection":[{"href":"https:\/\/www.esplac.cat\/en\/wp-json\/wp\/v2\/posts"}],"about":[{"href":"https:\/\/www.esplac.cat\/en\/wp-json\/wp\/v2\/types\/post"}],"author":[{"embeddable":true,"href":"https:\/\/www.esplac.cat\/en\/wp-json\/wp\/v2\/users\/3"}],"replies":[{"embeddable":true,"href":"https:\/\/www.esplac.cat\/en\/wp-json\/wp\/v2\/comments?post=45738"}],"version-history":[{"count":0,"href":"https:\/\/www.esplac.cat\/en\/wp-json\/wp\/v2\/posts\/45738\/revisions"}],"wp:featuredmedia":[{"embeddable":true,"href":"https:\/\/www.esplac.cat\/en\/wp-json\/wp\/v2\/media\/45784"}],"wp:attachment":[{"href":"https:\/\/www.esplac.cat\/en\/wp-json\/wp\/v2\/media?parent=45738"}],"wp:term":[{"taxonomy":"category","embeddable":true,"href":"https:\/\/www.esplac.cat\/en\/wp-json\/wp\/v2\/categories?post=45738"},{"taxonomy":"post_tag","embeddable":true,"href":"https:\/\/www.esplac.cat\/en\/wp-json\/wp\/v2\/tags?post=45738"}],"curies":[{"name":"wp","href":"https:\/\/api.w.org\/{rel}","templated":true}]}}