{"id":45856,"date":"2023-06-23T09:27:54","date_gmt":"2023-06-23T07:27:54","guid":{"rendered":"https:\/\/www.esplac.cat\/?p=45856"},"modified":"2023-06-26T09:32:12","modified_gmt":"2023-06-26T07:32:12","slug":"ja-podeu-consultar-el-manual-per-educadores-i-educadors-del-kids-got-rights","status":"publish","type":"post","link":"https:\/\/www.esplac.cat\/en\/ja-podeu-consultar-el-manual-per-educadores-i-educadors-del-kids-got-rights\/","title":{"rendered":"Ja podeu consultar el manual per educadores i educadors del Kids Got Rights!"},"content":{"rendered":"<h6><b>&#8220;Per la defensa dels drets dels infants&#8221; \u00e9s un manual dirigit a educadores i educadors. Hi trobareu idees, conceptes i recursos pr\u00e0ctics perqu\u00e8 pugueu acompanyar els infants i joves dels vostres esplais a fer campanyes d&#8217;incid\u00e8ncia i projectes per defensar els seus drets.<\/b><\/h6>\n<h4><span style=\"color: #f69d0b;\"><a style=\"color: #f69d0b;\" href=\"https:\/\/www.esplac.cat\/kids-got-rights-projecte-internacional-infants\/\">Kids Got Rights!<\/a><\/span><span style=\"font-weight: 400;\"> va ser un projecte de dos anys de durada en qu\u00e8 infants de diferents pa\u00efsos van treballar la defensa dels seus drets. Amb l\u2019objectiu d\u2019exportar els coneixements adquirits i arribar a m\u00e9s esplais, s&#8217;han creat dues publicacions \u00fatils i molt interessants per a monis i infants. Per una banda, tenim la<\/span> <a href=\"https:\/\/bancrecursos.esplac.cat\/recurs\/6363b5a101ad5535295e319f\"><span style=\"color: #f69d0b;\">gu<\/span><\/a><a href=\"https:\/\/bancrecursos.esplac.cat\/recurs\/6363b5a101ad5535295e319f\"><span style=\"color: #f69d0b;\">ia<\/span><\/a><strong><a href=\"https:\/\/bancrecursos.esplac.cat\/recurs\/6363b5a101ad5535295e319f\"><span style=\"color: #f69d0b;\"> amb<\/span><\/a><\/strong><a href=\"https:\/\/bancrecursos.esplac.cat\/recurs\/6363b5a101ad5535295e319f\"><span style=\"color: #f69d0b;\"> re<\/span><\/a><a href=\"https:\/\/bancrecursos.esplac.cat\/recurs\/6363b5a101ad5535295e319f\"><span style=\"color: #f69d0b;\">cursos<\/span><\/a><a href=\"https:\/\/bancrecursos.esplac.cat\/recurs\/6363b5a101ad5535295e319f\"><span style=\"color: #f69d0b;\"> d\u2019educaci\u00f3<\/span><\/a><a href=\"https:\/\/bancrecursos.esplac.cat\/recurs\/6363b5a101ad5535295e319f\"><span style=\"color: #f69d0b;\"> no-formal<\/span><\/a><span style=\"font-weight: 400;\"> que els infants poden fer servir per educar a d\u2019altres sobre els drets de la inf\u00e0ncia. Per altra banda, s&#8217;ha creat el <\/span><b>manual per educadores i educadors<\/b><span style=\"font-weight: 400;\"> que aqu\u00ed us presentem. Aquest recurs t\u00e9 per objectiu ajudar-vos a acompanyar els infants que reclamen que els seus drets siguin respectats! A qu\u00e8 espereu per a consultar-lo?<\/span><\/h4>\n<p><a href=\"https:\/\/bancrecursos.esplac.cat\/recurs\/6495480d20a77b047a117496\" target=\"_blank\" rel=\"noopener\"><span style=\"color: #f69d0b;\">CONSULTA O DESCARREGA\u2019L AQU\u00cd<\/span><\/a><\/p>\n<h4><span style=\"font-weight: 400;\">El manual introdueix breument els <\/span><b>drets de la inf\u00e0ncia<\/b><span style=\"font-weight: 400;\"> i m\u00e9s espec\u00edficament el <\/span><b>dret a la participaci\u00f3<\/b><span style=\"font-weight: 400;\">, aprofundint en la seva import\u00e0ncia. Seguidament, se centra en com els infants poden defensar dels seus drets i dona eines per a donar-los suport. El recurs us guia pas a pas per a desenvolupar una visi\u00f3, planificaci\u00f3, acci\u00f3 i avaluaci\u00f3, donant consells per seguir aquests passos amb grups d\u2019infants de totes les edats. Podeu llegir el manual d\u2019inici a final per fer-vos-en una idea, o buscar directament consells i eines per q\u00fcestions espec\u00edfiques que tingueu. Aix\u00f2 ja dep\u00e8n de les vostres necessitats!<\/span><\/h4>\n<h4><b>Sobre Kids Got Rights!<\/b><\/h4>\n<h4><span style=\"font-weight: 400;\">El projecte Kids Got Rights! el va implementar el<\/span><span style=\"color: #f69d0b;\"> <a style=\"color: #f69d0b;\" href=\"https:\/\/ifm-sei.org\/\">Moviment<\/a><\/span><span style=\"color: #f69d0b;\"><a style=\"color: #f69d0b;\" href=\"https:\/\/ifm-sei.org\/\"> Internacional<\/a><\/span><span style=\"color: #f69d0b;\"><a style=\"color: #f69d0b;\" href=\"https:\/\/ifm-sei.org\/\"> dels<\/a><\/span><span style=\"color: #f69d0b;\"><a style=\"color: #f69d0b;\" href=\"https:\/\/ifm-sei.org\/\"> Falco<\/a><\/span><span style=\"color: #f69d0b;\"><a style=\"color: #f69d0b;\" href=\"https:\/\/ifm-sei.org\/\">ns<\/a><\/span><span style=\"color: #f69d0b;\"><a style=\"color: #f69d0b;\" href=\"https:\/\/ifm-sei.org\/\"> \u2013<\/a><\/span><span style=\"color: #f69d0b;\"><a style=\"color: #f69d0b;\" href=\"https:\/\/ifm-sei.org\/\"> Educaci\u00f3<\/a><\/span> <span style=\"color: #f69d0b;\"><a style=\"color: #f69d0b;\" href=\"https:\/\/ifm-sei.org\/\">Internacional<\/a><\/span><span style=\"color: #f69d0b;\"><a style=\"color: #f69d0b;\" href=\"https:\/\/ifm-sei.org\/\"> Socialista<\/a><\/span><span style=\"font-weight: 400;\"> (IFM-SEI, segons les seves sigles en angl\u00e8s) juntament amb les seves organitzacions membres Nuoret Kotkat, Arciragazzi, Esplais Catalans, \u00d6sterreichische Kindefreunde, Slovenian Falcons, Woodcraft Folk and DUI-LEG og VIRKE gr\u00e0cies a una subvenci\u00f3 del programa de Ciutadania, Igualtat, Drets i Valors de la Uni\u00f3 Europea 2021-22.<\/span><\/h4>\n<h4><span style=\"font-weight: 400;\">Amb el projecte Kids Got Rights!, vol\u00edem que <\/span><b>els infants siguin capa\u00e7os d\u2019al\u00e7ar la veu i tenir poder propi per decidir.<\/b><span style=\"font-weight: 400;\"> Els infants haurien de tenir el dret de ser escoltats, d\u2019organitzar-se i formar part de grups, d\u2019accedir a la informaci\u00f3 i que se\u2019ls prengui seriosament quan s\u2019han de prendre decisions que afecten el seu dia a dia. I quan els seus drets no s\u00f3n respectats, haurien de tenir el poder de queixar-se i de guanyar-se el respecte que, per dret, mereixen.<\/span><\/h4>\n<p><img decoding=\"async\" class=\"wp-image-45868 size-fusion-400 aligncenter\" src=\"https:\/\/www.esplac.cat\/wp-content\/uploads\/2023\/06\/KidsGotRights_pages-to-jpg-0001-400x561.jpg\" alt=\"\" width=\"400\" height=\"561\" srcset=\"https:\/\/www.esplac.cat\/wp-content\/uploads\/2023\/06\/KidsGotRights_pages-to-jpg-0001-200x281.jpg 200w, https:\/\/www.esplac.cat\/wp-content\/uploads\/2023\/06\/KidsGotRights_pages-to-jpg-0001-214x300.jpg 214w, https:\/\/www.esplac.cat\/wp-content\/uploads\/2023\/06\/KidsGotRights_pages-to-jpg-0001-400x561.jpg 400w, https:\/\/www.esplac.cat\/wp-content\/uploads\/2023\/06\/KidsGotRights_pages-to-jpg-0001-600x842.jpg 600w, https:\/\/www.esplac.cat\/wp-content\/uploads\/2023\/06\/KidsGotRights_pages-to-jpg-0001-730x1024.jpg 730w, https:\/\/www.esplac.cat\/wp-content\/uploads\/2023\/06\/KidsGotRights_pages-to-jpg-0001-768x1077.jpg 768w, https:\/\/www.esplac.cat\/wp-content\/uploads\/2023\/06\/KidsGotRights_pages-to-jpg-0001-800x1122.jpg 800w, https:\/\/www.esplac.cat\/wp-content\/uploads\/2023\/06\/KidsGotRights_pages-to-jpg-0001-1095x1536.jpg 1095w, https:\/\/www.esplac.cat\/wp-content\/uploads\/2023\/06\/KidsGotRights_pages-to-jpg-0001-1200x1683.jpg 1200w, https:\/\/www.esplac.cat\/wp-content\/uploads\/2023\/06\/KidsGotRights_pages-to-jpg-0001.jpg 1276w\" sizes=\"(max-width: 400px) 100vw, 400px\" \/><\/p>\n","protected":false},"excerpt":{"rendered":"<p>&#8220;Per la defensa dels drets dels infants&#8221; \u00e9s un manual [&hellip;]<\/p>\n","protected":false},"author":3,"featured_media":45872,"comment_status":"closed","ping_status":"closed","sticky":false,"template":"","format":"standard","meta":{"om_disable_all_campaigns":false,"_monsterinsights_skip_tracking":false,"_monsterinsights_sitenote_active":false,"_monsterinsights_sitenote_note":"","_monsterinsights_sitenote_category":0,"_uf_show_specific_survey":0,"_uf_disable_surveys":false,"footnotes":""},"categories":[1135,1121,1328,1],"tags":[],"class_list":["post-45856","post","type-post","status-publish","format-standard","has-post-thumbnail","hentry","category-20-n-drets-dels-infants","category-bones-practiques-2","category-participacio","category-sense-categoria"],"yoast_head":"<!-- This site is optimized with the Yoast SEO plugin v27.4 - https:\/\/yoast.com\/product\/yoast-seo-wordpress\/ -->\n<title>Manual per educadores i educadors del Kids Got Rights!<\/title>\n<meta name=\"description\" content=\"Hi trobareu idees i recursos pr\u00e0ctics per acompanyar infants i joves a fer campanyes d&#039;incid\u00e8ncia i projectes per defensar els seus drets.\" \/>\n<meta name=\"robots\" content=\"index, follow, max-snippet:-1, max-image-preview:large, max-video-preview:-1\" \/>\n<link rel=\"canonical\" href=\"https:\/\/www.esplac.cat\/ja-podeu-consultar-el-manual-per-educadores-i-educadors-del-kids-got-rights\/\" \/>\n<meta property=\"og:locale\" content=\"en_US\" \/>\n<meta property=\"og:type\" content=\"article\" \/>\n<meta property=\"og:title\" content=\"Manual per educadores i educadors del Kids Got Rights!\" \/>\n<meta property=\"og:description\" content=\"Hi trobareu idees i recursos pr\u00e0ctics per acompanyar infants i joves a fer campanyes d&#039;incid\u00e8ncia i projectes per defensar els seus drets.\" \/>\n<meta property=\"og:url\" content=\"https:\/\/www.esplac.cat\/ja-podeu-consultar-el-manual-per-educadores-i-educadors-del-kids-got-rights\/\" \/>\n<meta property=\"og:site_name\" content=\"Esplac\" \/>\n<meta property=\"article:published_time\" content=\"2023-06-23T07:27:54+00:00\" \/>\n<meta property=\"article:modified_time\" content=\"2023-06-26T07:32:12+00:00\" \/>\n<meta property=\"og:image\" content=\"https:\/\/www.esplac.cat\/wp-content\/uploads\/2023\/06\/Portades-Web-6.jpg\" \/>\n\t<meta property=\"og:image:width\" content=\"1697\" \/>\n\t<meta property=\"og:image:height\" content=\"700\" \/>\n\t<meta property=\"og:image:type\" content=\"image\/jpeg\" \/>\n<meta name=\"author\" content=\"Comunicaci\u00f3 Esplac\" \/>\n<meta name=\"twitter:card\" content=\"summary_large_image\" \/>\n<meta name=\"twitter:label1\" content=\"Written by\" \/>\n\t<meta name=\"twitter:data1\" content=\"Comunicaci\u00f3 Esplac\" \/>\n\t<meta name=\"twitter:label2\" content=\"Est. reading time\" \/>\n\t<meta name=\"twitter:data2\" content=\"3 minutes\" \/>\n<script type=\"application\/ld+json\" class=\"yoast-schema-graph\">{\"@context\":\"https:\\\/\\\/schema.org\",\"@graph\":[{\"@type\":\"Article\",\"@id\":\"https:\\\/\\\/www.esplac.cat\\\/ja-podeu-consultar-el-manual-per-educadores-i-educadors-del-kids-got-rights\\\/#article\",\"isPartOf\":{\"@id\":\"https:\\\/\\\/www.esplac.cat\\\/ja-podeu-consultar-el-manual-per-educadores-i-educadors-del-kids-got-rights\\\/\"},\"author\":{\"name\":\"Comunicaci\u00f3 Esplac\",\"@id\":\"https:\\\/\\\/www.esplac.cat\\\/#\\\/schema\\\/person\\\/908383cf240be18b68f8855d0583faca\"},\"headline\":\"Ja podeu consultar el manual per educadores i educadors del Kids Got Rights!\",\"datePublished\":\"2023-06-23T07:27:54+00:00\",\"dateModified\":\"2023-06-26T07:32:12+00:00\",\"mainEntityOfPage\":{\"@id\":\"https:\\\/\\\/www.esplac.cat\\\/ja-podeu-consultar-el-manual-per-educadores-i-educadors-del-kids-got-rights\\\/\"},\"wordCount\":456,\"publisher\":{\"@id\":\"https:\\\/\\\/www.esplac.cat\\\/#organization\"},\"image\":{\"@id\":\"https:\\\/\\\/www.esplac.cat\\\/ja-podeu-consultar-el-manual-per-educadores-i-educadors-del-kids-got-rights\\\/#primaryimage\"},\"thumbnailUrl\":\"https:\\\/\\\/www.esplac.cat\\\/wp-content\\\/uploads\\\/2023\\\/06\\\/Portades-Web-6.jpg\",\"articleSection\":[\"20-N: Drets dels infants\",\"Bones pr\u00e0ctiques\",\"Participaci\u00f3\",\"Sense categoria\"],\"inLanguage\":\"en-US\"},{\"@type\":\"WebPage\",\"@id\":\"https:\\\/\\\/www.esplac.cat\\\/ja-podeu-consultar-el-manual-per-educadores-i-educadors-del-kids-got-rights\\\/\",\"url\":\"https:\\\/\\\/www.esplac.cat\\\/ja-podeu-consultar-el-manual-per-educadores-i-educadors-del-kids-got-rights\\\/\",\"name\":\"Manual per educadores i educadors del Kids Got Rights!\",\"isPartOf\":{\"@id\":\"https:\\\/\\\/www.esplac.cat\\\/#website\"},\"primaryImageOfPage\":{\"@id\":\"https:\\\/\\\/www.esplac.cat\\\/ja-podeu-consultar-el-manual-per-educadores-i-educadors-del-kids-got-rights\\\/#primaryimage\"},\"image\":{\"@id\":\"https:\\\/\\\/www.esplac.cat\\\/ja-podeu-consultar-el-manual-per-educadores-i-educadors-del-kids-got-rights\\\/#primaryimage\"},\"thumbnailUrl\":\"https:\\\/\\\/www.esplac.cat\\\/wp-content\\\/uploads\\\/2023\\\/06\\\/Portades-Web-6.jpg\",\"datePublished\":\"2023-06-23T07:27:54+00:00\",\"dateModified\":\"2023-06-26T07:32:12+00:00\",\"description\":\"Hi trobareu idees i recursos pr\u00e0ctics per acompanyar infants i joves a fer campanyes d'incid\u00e8ncia i projectes per defensar els seus drets.\",\"breadcrumb\":{\"@id\":\"https:\\\/\\\/www.esplac.cat\\\/ja-podeu-consultar-el-manual-per-educadores-i-educadors-del-kids-got-rights\\\/#breadcrumb\"},\"inLanguage\":\"en-US\",\"potentialAction\":[{\"@type\":\"ReadAction\",\"target\":[\"https:\\\/\\\/www.esplac.cat\\\/ja-podeu-consultar-el-manual-per-educadores-i-educadors-del-kids-got-rights\\\/\"]}]},{\"@type\":\"ImageObject\",\"inLanguage\":\"en-US\",\"@id\":\"https:\\\/\\\/www.esplac.cat\\\/ja-podeu-consultar-el-manual-per-educadores-i-educadors-del-kids-got-rights\\\/#primaryimage\",\"url\":\"https:\\\/\\\/www.esplac.cat\\\/wp-content\\\/uploads\\\/2023\\\/06\\\/Portades-Web-6.jpg\",\"contentUrl\":\"https:\\\/\\\/www.esplac.cat\\\/wp-content\\\/uploads\\\/2023\\\/06\\\/Portades-Web-6.jpg\",\"width\":1697,\"height\":700},{\"@type\":\"BreadcrumbList\",\"@id\":\"https:\\\/\\\/www.esplac.cat\\\/ja-podeu-consultar-el-manual-per-educadores-i-educadors-del-kids-got-rights\\\/#breadcrumb\",\"itemListElement\":[{\"@type\":\"ListItem\",\"position\":1,\"name\":\"Inici\",\"item\":\"https:\\\/\\\/www.esplac.cat\\\/en\\\/\"},{\"@type\":\"ListItem\",\"position\":2,\"name\":\"Ja podeu consultar el manual per educadores i educadors del Kids Got Rights!\"}]},{\"@type\":\"WebSite\",\"@id\":\"https:\\\/\\\/www.esplac.cat\\\/#website\",\"url\":\"https:\\\/\\\/www.esplac.cat\\\/\",\"name\":\"Esplac\",\"description\":\"Esplais Catalans\",\"publisher\":{\"@id\":\"https:\\\/\\\/www.esplac.cat\\\/#organization\"},\"potentialAction\":[{\"@type\":\"SearchAction\",\"target\":{\"@type\":\"EntryPoint\",\"urlTemplate\":\"https:\\\/\\\/www.esplac.cat\\\/?s={search_term_string}\"},\"query-input\":{\"@type\":\"PropertyValueSpecification\",\"valueRequired\":true,\"valueName\":\"search_term_string\"}}],\"inLanguage\":\"en-US\"},{\"@type\":\"Organization\",\"@id\":\"https:\\\/\\\/www.esplac.cat\\\/#organization\",\"name\":\"Esplac\",\"url\":\"https:\\\/\\\/www.esplac.cat\\\/\",\"logo\":{\"@type\":\"ImageObject\",\"inLanguage\":\"en-US\",\"@id\":\"https:\\\/\\\/www.esplac.cat\\\/#\\\/schema\\\/logo\\\/image\\\/\",\"url\":\"https:\\\/\\\/www.esplac.cat\\\/wp-content\\\/uploads\\\/2019\\\/08\\\/logox2.png\",\"contentUrl\":\"https:\\\/\\\/www.esplac.cat\\\/wp-content\\\/uploads\\\/2019\\\/08\\\/logox2.png\",\"width\":600,\"height\":295,\"caption\":\"Esplac\"},\"image\":{\"@id\":\"https:\\\/\\\/www.esplac.cat\\\/#\\\/schema\\\/logo\\\/image\\\/\"}},{\"@type\":\"Person\",\"@id\":\"https:\\\/\\\/www.esplac.cat\\\/#\\\/schema\\\/person\\\/908383cf240be18b68f8855d0583faca\",\"name\":\"Comunicaci\u00f3 Esplac\",\"image\":{\"@type\":\"ImageObject\",\"inLanguage\":\"en-US\",\"@id\":\"https:\\\/\\\/secure.gravatar.com\\\/avatar\\\/7a4cf8feb412a76ea4a740ca02d95b06b2907b5a6c648c2dd0a1082a093c3141?s=96&d=mm&r=g\",\"url\":\"https:\\\/\\\/secure.gravatar.com\\\/avatar\\\/7a4cf8feb412a76ea4a740ca02d95b06b2907b5a6c648c2dd0a1082a093c3141?s=96&d=mm&r=g\",\"contentUrl\":\"https:\\\/\\\/secure.gravatar.com\\\/avatar\\\/7a4cf8feb412a76ea4a740ca02d95b06b2907b5a6c648c2dd0a1082a093c3141?s=96&d=mm&r=g\",\"caption\":\"Comunicaci\u00f3 Esplac\"}}]}<\/script>\n<!-- \/ Yoast SEO plugin. -->","yoast_head_json":{"title":"Manual per educadores i educadors del Kids Got Rights!","description":"Hi trobareu idees i recursos pr\u00e0ctics per acompanyar infants i joves a fer campanyes d'incid\u00e8ncia i projectes per defensar els seus drets.","robots":{"index":"index","follow":"follow","max-snippet":"max-snippet:-1","max-image-preview":"max-image-preview:large","max-video-preview":"max-video-preview:-1"},"canonical":"https:\/\/www.esplac.cat\/ja-podeu-consultar-el-manual-per-educadores-i-educadors-del-kids-got-rights\/","og_locale":"en_US","og_type":"article","og_title":"Manual per educadores i educadors del Kids Got Rights!","og_description":"Hi trobareu idees i recursos pr\u00e0ctics per acompanyar infants i joves a fer campanyes d'incid\u00e8ncia i projectes per defensar els seus drets.","og_url":"https:\/\/www.esplac.cat\/ja-podeu-consultar-el-manual-per-educadores-i-educadors-del-kids-got-rights\/","og_site_name":"Esplac","article_published_time":"2023-06-23T07:27:54+00:00","article_modified_time":"2023-06-26T07:32:12+00:00","og_image":[{"width":1697,"height":700,"url":"https:\/\/www.esplac.cat\/wp-content\/uploads\/2023\/06\/Portades-Web-6.jpg","type":"image\/jpeg"}],"author":"Comunicaci\u00f3 Esplac","twitter_card":"summary_large_image","twitter_misc":{"Written by":"Comunicaci\u00f3 Esplac","Est. reading time":"3 minutes"},"schema":{"@context":"https:\/\/schema.org","@graph":[{"@type":"Article","@id":"https:\/\/www.esplac.cat\/ja-podeu-consultar-el-manual-per-educadores-i-educadors-del-kids-got-rights\/#article","isPartOf":{"@id":"https:\/\/www.esplac.cat\/ja-podeu-consultar-el-manual-per-educadores-i-educadors-del-kids-got-rights\/"},"author":{"name":"Comunicaci\u00f3 Esplac","@id":"https:\/\/www.esplac.cat\/#\/schema\/person\/908383cf240be18b68f8855d0583faca"},"headline":"Ja podeu consultar el manual per educadores i educadors del Kids Got Rights!","datePublished":"2023-06-23T07:27:54+00:00","dateModified":"2023-06-26T07:32:12+00:00","mainEntityOfPage":{"@id":"https:\/\/www.esplac.cat\/ja-podeu-consultar-el-manual-per-educadores-i-educadors-del-kids-got-rights\/"},"wordCount":456,"publisher":{"@id":"https:\/\/www.esplac.cat\/#organization"},"image":{"@id":"https:\/\/www.esplac.cat\/ja-podeu-consultar-el-manual-per-educadores-i-educadors-del-kids-got-rights\/#primaryimage"},"thumbnailUrl":"https:\/\/www.esplac.cat\/wp-content\/uploads\/2023\/06\/Portades-Web-6.jpg","articleSection":["20-N: Drets dels infants","Bones pr\u00e0ctiques","Participaci\u00f3","Sense categoria"],"inLanguage":"en-US"},{"@type":"WebPage","@id":"https:\/\/www.esplac.cat\/ja-podeu-consultar-el-manual-per-educadores-i-educadors-del-kids-got-rights\/","url":"https:\/\/www.esplac.cat\/ja-podeu-consultar-el-manual-per-educadores-i-educadors-del-kids-got-rights\/","name":"Manual per educadores i educadors del Kids Got Rights!","isPartOf":{"@id":"https:\/\/www.esplac.cat\/#website"},"primaryImageOfPage":{"@id":"https:\/\/www.esplac.cat\/ja-podeu-consultar-el-manual-per-educadores-i-educadors-del-kids-got-rights\/#primaryimage"},"image":{"@id":"https:\/\/www.esplac.cat\/ja-podeu-consultar-el-manual-per-educadores-i-educadors-del-kids-got-rights\/#primaryimage"},"thumbnailUrl":"https:\/\/www.esplac.cat\/wp-content\/uploads\/2023\/06\/Portades-Web-6.jpg","datePublished":"2023-06-23T07:27:54+00:00","dateModified":"2023-06-26T07:32:12+00:00","description":"Hi trobareu idees i recursos pr\u00e0ctics per acompanyar infants i joves a fer campanyes d'incid\u00e8ncia i projectes per defensar els seus drets.","breadcrumb":{"@id":"https:\/\/www.esplac.cat\/ja-podeu-consultar-el-manual-per-educadores-i-educadors-del-kids-got-rights\/#breadcrumb"},"inLanguage":"en-US","potentialAction":[{"@type":"ReadAction","target":["https:\/\/www.esplac.cat\/ja-podeu-consultar-el-manual-per-educadores-i-educadors-del-kids-got-rights\/"]}]},{"@type":"ImageObject","inLanguage":"en-US","@id":"https:\/\/www.esplac.cat\/ja-podeu-consultar-el-manual-per-educadores-i-educadors-del-kids-got-rights\/#primaryimage","url":"https:\/\/www.esplac.cat\/wp-content\/uploads\/2023\/06\/Portades-Web-6.jpg","contentUrl":"https:\/\/www.esplac.cat\/wp-content\/uploads\/2023\/06\/Portades-Web-6.jpg","width":1697,"height":700},{"@type":"BreadcrumbList","@id":"https:\/\/www.esplac.cat\/ja-podeu-consultar-el-manual-per-educadores-i-educadors-del-kids-got-rights\/#breadcrumb","itemListElement":[{"@type":"ListItem","position":1,"name":"Inici","item":"https:\/\/www.esplac.cat\/en\/"},{"@type":"ListItem","position":2,"name":"Ja podeu consultar el manual per educadores i educadors del Kids Got Rights!"}]},{"@type":"WebSite","@id":"https:\/\/www.esplac.cat\/#website","url":"https:\/\/www.esplac.cat\/","name":"Esplac","description":"Esplais Catalans","publisher":{"@id":"https:\/\/www.esplac.cat\/#organization"},"potentialAction":[{"@type":"SearchAction","target":{"@type":"EntryPoint","urlTemplate":"https:\/\/www.esplac.cat\/?s={search_term_string}"},"query-input":{"@type":"PropertyValueSpecification","valueRequired":true,"valueName":"search_term_string"}}],"inLanguage":"en-US"},{"@type":"Organization","@id":"https:\/\/www.esplac.cat\/#organization","name":"Esplac","url":"https:\/\/www.esplac.cat\/","logo":{"@type":"ImageObject","inLanguage":"en-US","@id":"https:\/\/www.esplac.cat\/#\/schema\/logo\/image\/","url":"https:\/\/www.esplac.cat\/wp-content\/uploads\/2019\/08\/logox2.png","contentUrl":"https:\/\/www.esplac.cat\/wp-content\/uploads\/2019\/08\/logox2.png","width":600,"height":295,"caption":"Esplac"},"image":{"@id":"https:\/\/www.esplac.cat\/#\/schema\/logo\/image\/"}},{"@type":"Person","@id":"https:\/\/www.esplac.cat\/#\/schema\/person\/908383cf240be18b68f8855d0583faca","name":"Comunicaci\u00f3 Esplac","image":{"@type":"ImageObject","inLanguage":"en-US","@id":"https:\/\/secure.gravatar.com\/avatar\/7a4cf8feb412a76ea4a740ca02d95b06b2907b5a6c648c2dd0a1082a093c3141?s=96&d=mm&r=g","url":"https:\/\/secure.gravatar.com\/avatar\/7a4cf8feb412a76ea4a740ca02d95b06b2907b5a6c648c2dd0a1082a093c3141?s=96&d=mm&r=g","contentUrl":"https:\/\/secure.gravatar.com\/avatar\/7a4cf8feb412a76ea4a740ca02d95b06b2907b5a6c648c2dd0a1082a093c3141?s=96&d=mm&r=g","caption":"Comunicaci\u00f3 Esplac"}}]}},"_links":{"self":[{"href":"https:\/\/www.esplac.cat\/en\/wp-json\/wp\/v2\/posts\/45856","targetHints":{"allow":["GET"]}}],"collection":[{"href":"https:\/\/www.esplac.cat\/en\/wp-json\/wp\/v2\/posts"}],"about":[{"href":"https:\/\/www.esplac.cat\/en\/wp-json\/wp\/v2\/types\/post"}],"author":[{"embeddable":true,"href":"https:\/\/www.esplac.cat\/en\/wp-json\/wp\/v2\/users\/3"}],"replies":[{"embeddable":true,"href":"https:\/\/www.esplac.cat\/en\/wp-json\/wp\/v2\/comments?post=45856"}],"version-history":[{"count":0,"href":"https:\/\/www.esplac.cat\/en\/wp-json\/wp\/v2\/posts\/45856\/revisions"}],"wp:featuredmedia":[{"embeddable":true,"href":"https:\/\/www.esplac.cat\/en\/wp-json\/wp\/v2\/media\/45872"}],"wp:attachment":[{"href":"https:\/\/www.esplac.cat\/en\/wp-json\/wp\/v2\/media?parent=45856"}],"wp:term":[{"taxonomy":"category","embeddable":true,"href":"https:\/\/www.esplac.cat\/en\/wp-json\/wp\/v2\/categories?post=45856"},{"taxonomy":"post_tag","embeddable":true,"href":"https:\/\/www.esplac.cat\/en\/wp-json\/wp\/v2\/tags?post=45856"}],"curies":[{"name":"wp","href":"https:\/\/api.w.org\/{rel}","templated":true}]}}