{"id":46158,"date":"2023-07-03T09:27:54","date_gmt":"2023-07-03T07:27:54","guid":{"rendered":"https:\/\/www.esplac.cat\/?p=46158"},"modified":"2023-07-03T09:35:41","modified_gmt":"2023-07-03T07:35:41","slug":"el-joc-dautodiagnosi-un-nou-recurs-del-projecte-relleu","status":"publish","type":"post","link":"https:\/\/www.esplac.cat\/en\/el-joc-dautodiagnosi-un-nou-recurs-del-projecte-relleu\/","title":{"rendered":"El Joc d\u2019autodiagnosi: Un nou recurs del projecte Relleu"},"content":{"rendered":"<h6><strong>Estem buscant un esplai per fer la prova pilot del Joc d&#8217;autodiagnosi del relleu! Us animeu?<\/strong><\/h6>\n<p><span style=\"font-weight: 300;\">El projecte <strong><span style=\"color: #f69d0b;\"><a style=\"color: #f69d0b;\" href=\"https:\/\/www.esplac.cat\/projectes\/relleu\/\" target=\"_blank\" rel=\"noopener\">Relleu<\/a><\/span><\/strong> va n\u00e9ixer el curs 2021-22 amb l\u2019objectiu de refor\u00e7ar els cicles de relleu dels esplais, que s\u2019havien vist estroncats durant la pand\u00e8mia, i alhora donar eines i recursos per facilitar als esplais el proc\u00e9s d\u2019entrada de noves monis. La traject\u00f2ria de monis als esplais cada cop \u00e9s m\u00e9s curt i per aix\u00f2 volem que els processos de relleu garanteixin un bon funcionament de l\u2019esplai, amb la transmissi\u00f3 de coneixements i habilitats necess\u00e0ries. Alhora, per\u00f2, volem que aquests processos tamb\u00e9 siguin curosos amb les forces i energia de les persones que en formen part.\u00a0<\/span><\/p>\n<p><span style=\"font-weight: 300;\">Aquest ha estat el segon curs del projecte, i des del Grup de Treball, format per monitores de l\u2019<strong><span style=\"color: #f69d0b;\"><a style=\"color: #f69d0b;\" href=\"https:\/\/www.instagram.com\/esplaisafa\/\" target=\"_blank\" rel=\"noopener\">Esplai Safa<\/a><\/span><\/strong> i dirigents i t\u00e8cniques d\u2019Esplac<\/span> <span style=\"font-weight: 300;\">s\u2019ha elaborat un recurs per tal que les assemblees dels esplais puguin <\/span><b>detectar l\u2019estat del relleu d\u2019una forma l\u00fadica i divertida<\/b><span style=\"font-weight: 300;\">.<\/span><\/p>\n<p><span style=\"font-weight: 300;\">El recurs en q\u00fcesti\u00f3 es tracta d\u2019un <\/span><b>joc de taula cooperatiu<\/b><span style=\"font-weight: 300;\"> en qu\u00e8 les monis han de col\u00b7laborar per tal d\u2019aconseguir quatre trofeus imprescindibles per a qualsevol esplai. El joc \u00e9s una adaptaci\u00f3 lliure d&#8217;un joc ja existent: \u201cL\u2019Illa Prohibida&#8221;; que hem modificat per tal que les condicions de la partida reflecteixin la realitat de cada esplai. Per exemple, el joc t\u00e9 diversos personatges amb habilitats diferents, per\u00f2 cada personatge t\u00e9 uns requisits per a poder ser utilitzat. A m\u00e9s a m\u00e9s, el joc tamb\u00e9 compta, entre d\u2019altres, amb cartes de bona i mala sort. Aix\u00ed, l\u2019atzar tamb\u00e9 tindr\u00e0 un paper important, que es podr\u00e0 superar en funci\u00f3 de l\u2019estat en qu\u00e8 es trobi l\u2019assemblea i el seu nivell de col\u00b7laboraci\u00f3!<\/span><\/p>\n<p><span style=\"font-weight: 300;\">Actualment, tenim el joc en fase <\/span><i><span style=\"font-weight: 300;\">beta<\/span><\/i><span style=\"font-weight: 300;\"> i tenim moltes ganes de provar-lo! \u00c9s per aix\u00f2 que <\/span><b>busquem un o dos esplais que vulguin fer prova pilot. <\/b>A<span style=\"font-weight: 300;\">ix\u00f2 els permetr\u00e0 obtenir una autodiagnosi del seu estat del relleu i al grup de treball ens anir\u00e0 molt b\u00e9 per avaluar el funcionament d\u2019aquest nou recurs.<\/span><\/p>\n<p><span style=\"font-weight: 300;\"><strong>T\u2019interessaria que el teu esplai fos dels primers a jugar en aquest nou joc?<\/strong> Doncs escriu a <\/span><strong><a href=\"mailto:maresme@esplac.cat\"><span style=\"color: #f69d0b;\">maresme@esplac.cat<\/span><\/a><\/strong><span style=\"font-weight: 300;\">, al <strong>722 67 21 66<\/strong> o contacta amb la teva CPS.<\/span><\/p>\n<p><span style=\"font-weight: 300;\">A m\u00e9s a m\u00e9s, us recordem que a la <\/span><strong><span style=\"color: #f69d0b;\"><a style=\"color: #f69d0b;\" href=\"https:\/\/www.esplac.cat\/projectes\/relleu\/\">p\u00e0gina web del projecte<\/a><\/span><\/strong><span style=\"font-weight: 300;\"> hi podeu trobar una infografia interactiva amb els diferents recursos d\u2019Esplac sobre el relleu, doneu-hi un cop d\u2019ull!<\/span><\/p>\n\n\t\t<style type=\"text\/css\">\n\t\t\t#gallery-1 {\n\t\t\t\tmargin: auto;\n\t\t\t}\n\t\t\t#gallery-1 .gallery-item {\n\t\t\t\tfloat: left;\n\t\t\t\tmargin-top: 10px;\n\t\t\t\ttext-align: center;\n\t\t\t\twidth: 50%;\n\t\t\t}\n\t\t\t#gallery-1 img {\n\t\t\t\tborder: 2px solid #cfcfcf;\n\t\t\t}\n\t\t\t#gallery-1 .gallery-caption {\n\t\t\t\tmargin-left: 0;\n\t\t\t}\n\t\t\t\/* see gallery_shortcode() in wp-includes\/media.php *\/\n\t\t<\/style>\n\t\t<div id='gallery-1' class='gallery galleryid-46158 gallery-columns-2 gallery-size-fusion-600'><dl class='gallery-item'>\n\t\t\t<dt class='gallery-icon landscape'>\n\t\t\t\t<a data-rel=\"iLightbox[postimages]\" data-title=\"1\" data-caption=\"\" href='https:\/\/www.esplac.cat\/en\/1-40-2\/'><img decoding=\"async\" width=\"600\" height=\"600\" src=\"https:\/\/www.esplac.cat\/wp-content\/uploads\/2023\/07\/1-600x600.jpg\" class=\"attachment-fusion-600 size-fusion-600\" alt=\"\" srcset=\"https:\/\/www.esplac.cat\/wp-content\/uploads\/2023\/07\/1-66x66.jpg 66w, https:\/\/www.esplac.cat\/wp-content\/uploads\/2023\/07\/1-150x150.jpg 150w, https:\/\/www.esplac.cat\/wp-content\/uploads\/2023\/07\/1-200x200.jpg 200w, https:\/\/www.esplac.cat\/wp-content\/uploads\/2023\/07\/1-300x300.jpg 300w, https:\/\/www.esplac.cat\/wp-content\/uploads\/2023\/07\/1-400x400.jpg 400w, https:\/\/www.esplac.cat\/wp-content\/uploads\/2023\/07\/1-600x600.jpg 600w, https:\/\/www.esplac.cat\/wp-content\/uploads\/2023\/07\/1-768x768.jpg 768w, https:\/\/www.esplac.cat\/wp-content\/uploads\/2023\/07\/1-800x800.jpg 800w, https:\/\/www.esplac.cat\/wp-content\/uploads\/2023\/07\/1-1024x1024.jpg 1024w, https:\/\/www.esplac.cat\/wp-content\/uploads\/2023\/07\/1.jpg 1080w\" sizes=\"(max-width: 600px) 100vw, 600px\" \/><\/a>\n\t\t\t<\/dt><\/dl><dl class='gallery-item'>\n\t\t\t<dt class='gallery-icon landscape'>\n\t\t\t\t<a data-rel=\"iLightbox[postimages]\" data-title=\"2\" data-caption=\"\" href='https:\/\/www.esplac.cat\/en\/2-55-2\/'><img decoding=\"async\" width=\"600\" height=\"600\" src=\"https:\/\/www.esplac.cat\/wp-content\/uploads\/2023\/07\/2-600x600.jpg\" class=\"attachment-fusion-600 size-fusion-600\" alt=\"\" srcset=\"https:\/\/www.esplac.cat\/wp-content\/uploads\/2023\/07\/2-66x66.jpg 66w, https:\/\/www.esplac.cat\/wp-content\/uploads\/2023\/07\/2-150x150.jpg 150w, https:\/\/www.esplac.cat\/wp-content\/uploads\/2023\/07\/2-200x200.jpg 200w, https:\/\/www.esplac.cat\/wp-content\/uploads\/2023\/07\/2-300x300.jpg 300w, https:\/\/www.esplac.cat\/wp-content\/uploads\/2023\/07\/2-400x400.jpg 400w, https:\/\/www.esplac.cat\/wp-content\/uploads\/2023\/07\/2-600x600.jpg 600w, https:\/\/www.esplac.cat\/wp-content\/uploads\/2023\/07\/2-768x768.jpg 768w, https:\/\/www.esplac.cat\/wp-content\/uploads\/2023\/07\/2-800x800.jpg 800w, https:\/\/www.esplac.cat\/wp-content\/uploads\/2023\/07\/2-1024x1024.jpg 1024w, https:\/\/www.esplac.cat\/wp-content\/uploads\/2023\/07\/2.jpg 1080w\" sizes=\"(max-width: 600px) 100vw, 600px\" \/><\/a>\n\t\t\t<\/dt><\/dl><br style=\"clear: both\" \/>\n\t\t<\/div>\n\n","protected":false},"excerpt":{"rendered":"<p>Estem buscant un esplai per fer la prova pilot del [&hellip;]<\/p>\n","protected":false},"author":3,"featured_media":46161,"comment_status":"closed","ping_status":"closed","sticky":false,"template":"","format":"standard","meta":{"om_disable_all_campaigns":false,"_monsterinsights_skip_tracking":false,"_monsterinsights_sitenote_active":false,"_monsterinsights_sitenote_note":"","_monsterinsights_sitenote_category":0,"_uf_show_specific_survey":0,"_uf_disable_surveys":false,"footnotes":""},"categories":[1337,1],"tags":[],"class_list":["post-46158","post","type-post","status-publish","format-standard","has-post-thumbnail","hentry","category-relleu","category-sense-categoria"],"yoast_head":"<!-- This site is optimized with the Yoast SEO plugin v27.4 - https:\/\/yoast.com\/product\/yoast-seo-wordpress\/ -->\n<title>El Joc d\u2019autodiagnosi: Un nou recurs del projecte Relleu - Esplac<\/title>\n<meta name=\"description\" content=\"Estem buscant un esplai per fer la prova pilot del Joc d&#039;autodiagnosi del relleu! Us animeu a provar aquest nou recurs?\" \/>\n<meta name=\"robots\" content=\"index, follow, max-snippet:-1, max-image-preview:large, max-video-preview:-1\" \/>\n<link rel=\"canonical\" href=\"https:\/\/www.esplac.cat\/el-joc-dautodiagnosi-un-nou-recurs-del-projecte-relleu\/\" \/>\n<meta property=\"og:locale\" content=\"en_US\" \/>\n<meta property=\"og:type\" content=\"article\" \/>\n<meta property=\"og:title\" content=\"El Joc d\u2019autodiagnosi: Un nou recurs del projecte Relleu - Esplac\" \/>\n<meta property=\"og:description\" content=\"Estem buscant un esplai per fer la prova pilot del Joc d&#039;autodiagnosi del relleu! Us animeu a provar aquest nou recurs?\" \/>\n<meta property=\"og:url\" content=\"https:\/\/www.esplac.cat\/el-joc-dautodiagnosi-un-nou-recurs-del-projecte-relleu\/\" \/>\n<meta property=\"og:site_name\" content=\"Esplac\" \/>\n<meta property=\"article:published_time\" content=\"2023-07-03T07:27:54+00:00\" \/>\n<meta property=\"article:modified_time\" content=\"2023-07-03T07:35:41+00:00\" \/>\n<meta property=\"og:image\" content=\"https:\/\/www.esplac.cat\/wp-content\/uploads\/2023\/06\/Portades-Web-8.jpg\" \/>\n\t<meta property=\"og:image:width\" content=\"1697\" \/>\n\t<meta property=\"og:image:height\" content=\"700\" \/>\n\t<meta property=\"og:image:type\" content=\"image\/jpeg\" \/>\n<meta name=\"author\" content=\"Comunicaci\u00f3 Esplac\" \/>\n<meta name=\"twitter:card\" content=\"summary_large_image\" \/>\n<meta name=\"twitter:label1\" content=\"Written by\" \/>\n\t<meta name=\"twitter:data1\" content=\"Comunicaci\u00f3 Esplac\" \/>\n\t<meta name=\"twitter:label2\" content=\"Est. reading time\" \/>\n\t<meta name=\"twitter:data2\" content=\"3 minutes\" \/>\n<script type=\"application\/ld+json\" class=\"yoast-schema-graph\">{\"@context\":\"https:\\\/\\\/schema.org\",\"@graph\":[{\"@type\":\"Article\",\"@id\":\"https:\\\/\\\/www.esplac.cat\\\/el-joc-dautodiagnosi-un-nou-recurs-del-projecte-relleu\\\/#article\",\"isPartOf\":{\"@id\":\"https:\\\/\\\/www.esplac.cat\\\/el-joc-dautodiagnosi-un-nou-recurs-del-projecte-relleu\\\/\"},\"author\":{\"name\":\"Comunicaci\u00f3 Esplac\",\"@id\":\"https:\\\/\\\/www.esplac.cat\\\/#\\\/schema\\\/person\\\/908383cf240be18b68f8855d0583faca\"},\"headline\":\"El Joc d\u2019autodiagnosi: Un nou recurs del projecte Relleu\",\"datePublished\":\"2023-07-03T07:27:54+00:00\",\"dateModified\":\"2023-07-03T07:35:41+00:00\",\"mainEntityOfPage\":{\"@id\":\"https:\\\/\\\/www.esplac.cat\\\/el-joc-dautodiagnosi-un-nou-recurs-del-projecte-relleu\\\/\"},\"wordCount\":445,\"publisher\":{\"@id\":\"https:\\\/\\\/www.esplac.cat\\\/#organization\"},\"image\":{\"@id\":\"https:\\\/\\\/www.esplac.cat\\\/el-joc-dautodiagnosi-un-nou-recurs-del-projecte-relleu\\\/#primaryimage\"},\"thumbnailUrl\":\"https:\\\/\\\/www.esplac.cat\\\/wp-content\\\/uploads\\\/2023\\\/06\\\/Portades-Web-8.jpg\",\"articleSection\":[\"Relleu\",\"Sense categoria\"],\"inLanguage\":\"en-US\"},{\"@type\":\"WebPage\",\"@id\":\"https:\\\/\\\/www.esplac.cat\\\/el-joc-dautodiagnosi-un-nou-recurs-del-projecte-relleu\\\/\",\"url\":\"https:\\\/\\\/www.esplac.cat\\\/el-joc-dautodiagnosi-un-nou-recurs-del-projecte-relleu\\\/\",\"name\":\"El Joc d\u2019autodiagnosi: Un nou recurs del projecte Relleu - Esplac\",\"isPartOf\":{\"@id\":\"https:\\\/\\\/www.esplac.cat\\\/#website\"},\"primaryImageOfPage\":{\"@id\":\"https:\\\/\\\/www.esplac.cat\\\/el-joc-dautodiagnosi-un-nou-recurs-del-projecte-relleu\\\/#primaryimage\"},\"image\":{\"@id\":\"https:\\\/\\\/www.esplac.cat\\\/el-joc-dautodiagnosi-un-nou-recurs-del-projecte-relleu\\\/#primaryimage\"},\"thumbnailUrl\":\"https:\\\/\\\/www.esplac.cat\\\/wp-content\\\/uploads\\\/2023\\\/06\\\/Portades-Web-8.jpg\",\"datePublished\":\"2023-07-03T07:27:54+00:00\",\"dateModified\":\"2023-07-03T07:35:41+00:00\",\"description\":\"Estem buscant un esplai per fer la prova pilot del Joc d'autodiagnosi del relleu! Us animeu a provar aquest nou recurs?\",\"breadcrumb\":{\"@id\":\"https:\\\/\\\/www.esplac.cat\\\/el-joc-dautodiagnosi-un-nou-recurs-del-projecte-relleu\\\/#breadcrumb\"},\"inLanguage\":\"en-US\",\"potentialAction\":[{\"@type\":\"ReadAction\",\"target\":[\"https:\\\/\\\/www.esplac.cat\\\/el-joc-dautodiagnosi-un-nou-recurs-del-projecte-relleu\\\/\"]}]},{\"@type\":\"ImageObject\",\"inLanguage\":\"en-US\",\"@id\":\"https:\\\/\\\/www.esplac.cat\\\/el-joc-dautodiagnosi-un-nou-recurs-del-projecte-relleu\\\/#primaryimage\",\"url\":\"https:\\\/\\\/www.esplac.cat\\\/wp-content\\\/uploads\\\/2023\\\/06\\\/Portades-Web-8.jpg\",\"contentUrl\":\"https:\\\/\\\/www.esplac.cat\\\/wp-content\\\/uploads\\\/2023\\\/06\\\/Portades-Web-8.jpg\",\"width\":1697,\"height\":700,\"caption\":\"Joc Recurs Relleu\"},{\"@type\":\"BreadcrumbList\",\"@id\":\"https:\\\/\\\/www.esplac.cat\\\/el-joc-dautodiagnosi-un-nou-recurs-del-projecte-relleu\\\/#breadcrumb\",\"itemListElement\":[{\"@type\":\"ListItem\",\"position\":1,\"name\":\"Inici\",\"item\":\"https:\\\/\\\/www.esplac.cat\\\/en\\\/\"},{\"@type\":\"ListItem\",\"position\":2,\"name\":\"El Joc d\u2019autodiagnosi: Un nou recurs del projecte Relleu\"}]},{\"@type\":\"WebSite\",\"@id\":\"https:\\\/\\\/www.esplac.cat\\\/#website\",\"url\":\"https:\\\/\\\/www.esplac.cat\\\/\",\"name\":\"Esplac\",\"description\":\"Esplais Catalans\",\"publisher\":{\"@id\":\"https:\\\/\\\/www.esplac.cat\\\/#organization\"},\"potentialAction\":[{\"@type\":\"SearchAction\",\"target\":{\"@type\":\"EntryPoint\",\"urlTemplate\":\"https:\\\/\\\/www.esplac.cat\\\/?s={search_term_string}\"},\"query-input\":{\"@type\":\"PropertyValueSpecification\",\"valueRequired\":true,\"valueName\":\"search_term_string\"}}],\"inLanguage\":\"en-US\"},{\"@type\":\"Organization\",\"@id\":\"https:\\\/\\\/www.esplac.cat\\\/#organization\",\"name\":\"Esplac\",\"url\":\"https:\\\/\\\/www.esplac.cat\\\/\",\"logo\":{\"@type\":\"ImageObject\",\"inLanguage\":\"en-US\",\"@id\":\"https:\\\/\\\/www.esplac.cat\\\/#\\\/schema\\\/logo\\\/image\\\/\",\"url\":\"https:\\\/\\\/www.esplac.cat\\\/wp-content\\\/uploads\\\/2019\\\/08\\\/logox2.png\",\"contentUrl\":\"https:\\\/\\\/www.esplac.cat\\\/wp-content\\\/uploads\\\/2019\\\/08\\\/logox2.png\",\"width\":600,\"height\":295,\"caption\":\"Esplac\"},\"image\":{\"@id\":\"https:\\\/\\\/www.esplac.cat\\\/#\\\/schema\\\/logo\\\/image\\\/\"}},{\"@type\":\"Person\",\"@id\":\"https:\\\/\\\/www.esplac.cat\\\/#\\\/schema\\\/person\\\/908383cf240be18b68f8855d0583faca\",\"name\":\"Comunicaci\u00f3 Esplac\",\"image\":{\"@type\":\"ImageObject\",\"inLanguage\":\"en-US\",\"@id\":\"https:\\\/\\\/secure.gravatar.com\\\/avatar\\\/7a4cf8feb412a76ea4a740ca02d95b06b2907b5a6c648c2dd0a1082a093c3141?s=96&d=mm&r=g\",\"url\":\"https:\\\/\\\/secure.gravatar.com\\\/avatar\\\/7a4cf8feb412a76ea4a740ca02d95b06b2907b5a6c648c2dd0a1082a093c3141?s=96&d=mm&r=g\",\"contentUrl\":\"https:\\\/\\\/secure.gravatar.com\\\/avatar\\\/7a4cf8feb412a76ea4a740ca02d95b06b2907b5a6c648c2dd0a1082a093c3141?s=96&d=mm&r=g\",\"caption\":\"Comunicaci\u00f3 Esplac\"}}]}<\/script>\n<!-- \/ Yoast SEO plugin. -->","yoast_head_json":{"title":"El Joc d\u2019autodiagnosi: Un nou recurs del projecte Relleu - Esplac","description":"Estem buscant un esplai per fer la prova pilot del Joc d'autodiagnosi del relleu! Us animeu a provar aquest nou recurs?","robots":{"index":"index","follow":"follow","max-snippet":"max-snippet:-1","max-image-preview":"max-image-preview:large","max-video-preview":"max-video-preview:-1"},"canonical":"https:\/\/www.esplac.cat\/el-joc-dautodiagnosi-un-nou-recurs-del-projecte-relleu\/","og_locale":"en_US","og_type":"article","og_title":"El Joc d\u2019autodiagnosi: Un nou recurs del projecte Relleu - Esplac","og_description":"Estem buscant un esplai per fer la prova pilot del Joc d'autodiagnosi del relleu! Us animeu a provar aquest nou recurs?","og_url":"https:\/\/www.esplac.cat\/el-joc-dautodiagnosi-un-nou-recurs-del-projecte-relleu\/","og_site_name":"Esplac","article_published_time":"2023-07-03T07:27:54+00:00","article_modified_time":"2023-07-03T07:35:41+00:00","og_image":[{"width":1697,"height":700,"url":"https:\/\/www.esplac.cat\/wp-content\/uploads\/2023\/06\/Portades-Web-8.jpg","type":"image\/jpeg"}],"author":"Comunicaci\u00f3 Esplac","twitter_card":"summary_large_image","twitter_misc":{"Written by":"Comunicaci\u00f3 Esplac","Est. reading time":"3 minutes"},"schema":{"@context":"https:\/\/schema.org","@graph":[{"@type":"Article","@id":"https:\/\/www.esplac.cat\/el-joc-dautodiagnosi-un-nou-recurs-del-projecte-relleu\/#article","isPartOf":{"@id":"https:\/\/www.esplac.cat\/el-joc-dautodiagnosi-un-nou-recurs-del-projecte-relleu\/"},"author":{"name":"Comunicaci\u00f3 Esplac","@id":"https:\/\/www.esplac.cat\/#\/schema\/person\/908383cf240be18b68f8855d0583faca"},"headline":"El Joc d\u2019autodiagnosi: Un nou recurs del projecte Relleu","datePublished":"2023-07-03T07:27:54+00:00","dateModified":"2023-07-03T07:35:41+00:00","mainEntityOfPage":{"@id":"https:\/\/www.esplac.cat\/el-joc-dautodiagnosi-un-nou-recurs-del-projecte-relleu\/"},"wordCount":445,"publisher":{"@id":"https:\/\/www.esplac.cat\/#organization"},"image":{"@id":"https:\/\/www.esplac.cat\/el-joc-dautodiagnosi-un-nou-recurs-del-projecte-relleu\/#primaryimage"},"thumbnailUrl":"https:\/\/www.esplac.cat\/wp-content\/uploads\/2023\/06\/Portades-Web-8.jpg","articleSection":["Relleu","Sense categoria"],"inLanguage":"en-US"},{"@type":"WebPage","@id":"https:\/\/www.esplac.cat\/el-joc-dautodiagnosi-un-nou-recurs-del-projecte-relleu\/","url":"https:\/\/www.esplac.cat\/el-joc-dautodiagnosi-un-nou-recurs-del-projecte-relleu\/","name":"El Joc d\u2019autodiagnosi: Un nou recurs del projecte Relleu - Esplac","isPartOf":{"@id":"https:\/\/www.esplac.cat\/#website"},"primaryImageOfPage":{"@id":"https:\/\/www.esplac.cat\/el-joc-dautodiagnosi-un-nou-recurs-del-projecte-relleu\/#primaryimage"},"image":{"@id":"https:\/\/www.esplac.cat\/el-joc-dautodiagnosi-un-nou-recurs-del-projecte-relleu\/#primaryimage"},"thumbnailUrl":"https:\/\/www.esplac.cat\/wp-content\/uploads\/2023\/06\/Portades-Web-8.jpg","datePublished":"2023-07-03T07:27:54+00:00","dateModified":"2023-07-03T07:35:41+00:00","description":"Estem buscant un esplai per fer la prova pilot del Joc d'autodiagnosi del relleu! Us animeu a provar aquest nou recurs?","breadcrumb":{"@id":"https:\/\/www.esplac.cat\/el-joc-dautodiagnosi-un-nou-recurs-del-projecte-relleu\/#breadcrumb"},"inLanguage":"en-US","potentialAction":[{"@type":"ReadAction","target":["https:\/\/www.esplac.cat\/el-joc-dautodiagnosi-un-nou-recurs-del-projecte-relleu\/"]}]},{"@type":"ImageObject","inLanguage":"en-US","@id":"https:\/\/www.esplac.cat\/el-joc-dautodiagnosi-un-nou-recurs-del-projecte-relleu\/#primaryimage","url":"https:\/\/www.esplac.cat\/wp-content\/uploads\/2023\/06\/Portades-Web-8.jpg","contentUrl":"https:\/\/www.esplac.cat\/wp-content\/uploads\/2023\/06\/Portades-Web-8.jpg","width":1697,"height":700,"caption":"Joc Recurs Relleu"},{"@type":"BreadcrumbList","@id":"https:\/\/www.esplac.cat\/el-joc-dautodiagnosi-un-nou-recurs-del-projecte-relleu\/#breadcrumb","itemListElement":[{"@type":"ListItem","position":1,"name":"Inici","item":"https:\/\/www.esplac.cat\/en\/"},{"@type":"ListItem","position":2,"name":"El Joc d\u2019autodiagnosi: Un nou recurs del projecte Relleu"}]},{"@type":"WebSite","@id":"https:\/\/www.esplac.cat\/#website","url":"https:\/\/www.esplac.cat\/","name":"Esplac","description":"Esplais Catalans","publisher":{"@id":"https:\/\/www.esplac.cat\/#organization"},"potentialAction":[{"@type":"SearchAction","target":{"@type":"EntryPoint","urlTemplate":"https:\/\/www.esplac.cat\/?s={search_term_string}"},"query-input":{"@type":"PropertyValueSpecification","valueRequired":true,"valueName":"search_term_string"}}],"inLanguage":"en-US"},{"@type":"Organization","@id":"https:\/\/www.esplac.cat\/#organization","name":"Esplac","url":"https:\/\/www.esplac.cat\/","logo":{"@type":"ImageObject","inLanguage":"en-US","@id":"https:\/\/www.esplac.cat\/#\/schema\/logo\/image\/","url":"https:\/\/www.esplac.cat\/wp-content\/uploads\/2019\/08\/logox2.png","contentUrl":"https:\/\/www.esplac.cat\/wp-content\/uploads\/2019\/08\/logox2.png","width":600,"height":295,"caption":"Esplac"},"image":{"@id":"https:\/\/www.esplac.cat\/#\/schema\/logo\/image\/"}},{"@type":"Person","@id":"https:\/\/www.esplac.cat\/#\/schema\/person\/908383cf240be18b68f8855d0583faca","name":"Comunicaci\u00f3 Esplac","image":{"@type":"ImageObject","inLanguage":"en-US","@id":"https:\/\/secure.gravatar.com\/avatar\/7a4cf8feb412a76ea4a740ca02d95b06b2907b5a6c648c2dd0a1082a093c3141?s=96&d=mm&r=g","url":"https:\/\/secure.gravatar.com\/avatar\/7a4cf8feb412a76ea4a740ca02d95b06b2907b5a6c648c2dd0a1082a093c3141?s=96&d=mm&r=g","contentUrl":"https:\/\/secure.gravatar.com\/avatar\/7a4cf8feb412a76ea4a740ca02d95b06b2907b5a6c648c2dd0a1082a093c3141?s=96&d=mm&r=g","caption":"Comunicaci\u00f3 Esplac"}}]}},"_links":{"self":[{"href":"https:\/\/www.esplac.cat\/en\/wp-json\/wp\/v2\/posts\/46158","targetHints":{"allow":["GET"]}}],"collection":[{"href":"https:\/\/www.esplac.cat\/en\/wp-json\/wp\/v2\/posts"}],"about":[{"href":"https:\/\/www.esplac.cat\/en\/wp-json\/wp\/v2\/types\/post"}],"author":[{"embeddable":true,"href":"https:\/\/www.esplac.cat\/en\/wp-json\/wp\/v2\/users\/3"}],"replies":[{"embeddable":true,"href":"https:\/\/www.esplac.cat\/en\/wp-json\/wp\/v2\/comments?post=46158"}],"version-history":[{"count":0,"href":"https:\/\/www.esplac.cat\/en\/wp-json\/wp\/v2\/posts\/46158\/revisions"}],"wp:featuredmedia":[{"embeddable":true,"href":"https:\/\/www.esplac.cat\/en\/wp-json\/wp\/v2\/media\/46161"}],"wp:attachment":[{"href":"https:\/\/www.esplac.cat\/en\/wp-json\/wp\/v2\/media?parent=46158"}],"wp:term":[{"taxonomy":"category","embeddable":true,"href":"https:\/\/www.esplac.cat\/en\/wp-json\/wp\/v2\/categories?post=46158"},{"taxonomy":"post_tag","embeddable":true,"href":"https:\/\/www.esplac.cat\/en\/wp-json\/wp\/v2\/tags?post=46158"}],"curies":[{"name":"wp","href":"https:\/\/api.w.org\/{rel}","templated":true}]}}