{"id":46472,"date":"2023-07-14T12:45:46","date_gmt":"2023-07-14T10:45:46","guid":{"rendered":"https:\/\/www.esplac.cat\/?p=46472"},"modified":"2023-07-14T12:53:12","modified_gmt":"2023-07-14T10:53:12","slug":"lestiu-dels-esplais-campaments-colonies-i-rutes-per-avancar-cap-a-una-educacio-en-valors-i-comunitaria","status":"publish","type":"post","link":"https:\/\/www.esplac.cat\/en\/lestiu-dels-esplais-campaments-colonies-i-rutes-per-avancar-cap-a-una-educacio-en-valors-i-comunitaria\/","title":{"rendered":"L\u2019estiu dels esplais: campaments, col\u00f2nies i rutes per avan\u00e7ar cap a una educaci\u00f3 en valors i comunit\u00e0ria"},"content":{"rendered":"<h5><b>M\u00e9s de 4.500 infants i joves i m\u00e9s de 1.300 monis d\u2019Esplac marxen de campaments, col\u00f2nies i rutes aquest estiu.<\/b><\/h5>\n<p><span style=\"font-weight: 300;\">L\u2019estiu ja ha arrencat i els esplais comenceu les activitats d\u2019estiu que heu estat preparant durant els \u00faltims mesos. Quina emoci\u00f3! Despr\u00e9s d\u2019una \u00e8poca condicionada per les restriccions pand\u00e8miques, aquest any 7<strong>5 esplais d\u2019Esplac torneu a marxar de campaments, col\u00f2nies i rutes<\/strong> fent perviure un model d\u2019educaci\u00f3 en el lleure constru\u00eft des del voluntariat i l\u2019esperit comunitari.<\/span><\/p>\n<p><span style=\"font-weight: 300;\">En un context de creixent privatitzaci\u00f3 del lleure i de la monopolitzaci\u00f3 d\u2019activitats d\u2019oci d\u2019estiu dedicades a infants i joves, els esplais som un agent educatiu clau pel foment de l\u2019aprenentatge de la inf\u00e0ncia i la joventut del territori. \u00c9s des d&#8217;aqu\u00ed que reivindiquem la nostra tasca.<\/span><\/p>\n<p><b>Activitats d\u2019estiu marcades per l\u2019emerg\u00e8ncia clim\u00e0tica<\/b><\/p>\n<p><span style=\"font-weight: 300;\">Enguany, l\u2019activitat pedag\u00f2gica dels esplais tamb\u00e9 s\u2019ha vist marcada per l\u2019emerg\u00e8ncia clim\u00e0tica. L\u2019alt risc d&#8217;incendis, la previsi\u00f3 d&#8217;onades de calor, la sequera, la inestabilitat en les pluges intenses i la possibilitat d\u2019inundacions han fet que la majoria d&#8217;activitats d\u2019estiu hagin de comptar pr\u00e8viament amb un Pla B a seguir en cas de suspensi\u00f3 de l\u2019activitat.<\/span><\/p>\n<p><span style=\"font-weight: 300;\">Per fer front a la inestabilitat clim\u00e0tica i continuar amb les activitats d\u2019estiu, des d\u2019Esplac hem creat alguns recursos per a poder preparar els campaments, col\u00f2nies i rutes. Els trobareu tots a l&#8217;apartat del web <\/span><span style=\"color: #f69d0b;\"><strong><a style=\"color: #f69d0b;\" href=\"https:\/\/www.esplac.cat\/preparem-lestiu-ccr\/\">Preparem l\u2019estiu<\/a><\/strong><\/span><span style=\"font-weight: 300;\">.<\/span><\/p>\n<p><b>Les activitats d\u2019estiu, en dades<\/b><\/p>\n<p><span style=\"font-weight: 300;\">Durant els mesos de juliol, agost i setembre es preveuen quasi 200 activitats d\u2019estiu. D\u2019aquestes, ja hi ha confirmades un total de 69 campaments, 39 col\u00f2nies i 44 rutes de m\u00e9s de 75 esplais diferents. Tamb\u00e9 est\u00e0 prevista <\/span><b>la participaci\u00f3 de 1.314 monitores i monitors<\/b><span style=\"font-weight: 300;\"> en la preparaci\u00f3 i realitzaci\u00f3 de les activitats i un total de\u00a0 <\/span><b>4.724 infants i joves<\/b><span style=\"font-weight: 300;\"> que gaudiran de campaments, col\u00f2nies i rutes amb els seus esplais.<\/span><\/p>\n<table>\n<tbody>\n<tr>\n<td><span style=\"color: #f69d0b;\"><b>Tipus d&#8217;activitat<\/b><\/span><\/td>\n<td><b> 2023<\/b><\/td>\n<\/tr>\n<tr>\n<td><span style=\"font-weight: 400;\">Campaments<\/span><\/td>\n<td><span style=\"font-weight: 400;\">69<\/span><\/td>\n<\/tr>\n<tr>\n<td><span style=\"font-weight: 400;\">Col\u00f2nies<\/span><\/td>\n<td><span style=\"font-weight: 400;\">39<\/span><\/td>\n<\/tr>\n<tr>\n<td><span style=\"font-weight: 400;\">Rutes<\/span><\/td>\n<td><span style=\"font-weight: 400;\">44<\/span><\/td>\n<\/tr>\n<tr>\n<td><span style=\"font-weight: 400;\">Activitats no especificades<\/span><\/td>\n<td><span style=\"font-weight: 400;\">20<\/span><\/td>\n<\/tr>\n<tr>\n<td><span style=\"font-weight: 400;\">Nombre d\u2019esplais<\/span><\/td>\n<td><span style=\"font-weight: 400;\">75<\/span><\/td>\n<\/tr>\n<tr>\n<td><span style=\"color: #f69d0b;\"><b>Total CCR<\/b><\/span><\/td>\n<td><b>173<\/b><\/td>\n<\/tr>\n<\/tbody>\n<\/table>\n<p>&nbsp;<\/p>\n<p><em><span style=\"font-weight: 300;\">*Les dades de 2023 han estat obtingudes a partir una previsi\u00f3 estimada feta per Esplais Catalans, a trav\u00e9s dels seus canals interns. Fins al setembre no seran validades amb totes les activitats realitzades.\u00a0<\/span><\/em><\/p>\n<p><span style=\"font-weight: 300;\">En l\u2019\u00e0mbit nacional i internacional es preveuen <strong>34 activitats arreu de l\u2019Estat Espanyol i quatre en l\u2019\u00e0mbit internacional<\/strong>. <\/span><\/p>\n<p><strong>Esplac en ruta<\/strong><\/p>\n<p>Un any m\u00e9s, des d&#8217;Esplac aprofitem l&#8217;estiu per visitar les vostres activitats arreu del territori. Ja sigui per con\u00e8ixer qu\u00e8 feu i com us organitzeu, dinamitzar un taller o activitat, participar al Centre d&#8217;Inter\u00e8s o donar resposta a alguna necessitat concreta que tingueu, les visites sempre s\u00f3n una gran oportunitat. Des d&#8217;Esplac ens encanta compartir amb vosaltres aquest moment tan esperat del curs!<\/p>\n<p>A m\u00e9s, aquest estiu comptem amb una companyia molt especial: l&#8217;elefant Fan!<\/p>\n<div style=\"width: 100%;\">\n<div style=\"position: relative; padding-bottom: 56.25%; padding-top: 0; height: 0;\"><iframe style=\"position: absolute; top: 0; left: 0; width: 100%; height: 100%;\" title=\"Esplac en ruta! I Estiu 2023\" src=\"https:\/\/view.genial.ly\/64abc737d7dfc40019015c72\" width=\"1200\" height=\"675\" frameborder=\"0\" scrolling=\"yes\" allowfullscreen=\"allowfullscreen\"><\/iframe><\/div>\n<\/div>\n","protected":false},"excerpt":{"rendered":"<p>M\u00e9s de 4.500 infants i joves i m\u00e9s de 1.300 [&hellip;]<\/p>\n","protected":false},"author":3,"featured_media":46477,"comment_status":"closed","ping_status":"closed","sticky":false,"template":"","format":"standard","meta":{"om_disable_all_campaigns":false,"_monsterinsights_skip_tracking":false,"_monsterinsights_sitenote_active":false,"_monsterinsights_sitenote_note":"","_monsterinsights_sitenote_category":0,"_uf_show_specific_survey":0,"_uf_disable_surveys":false,"footnotes":""},"categories":[1162,1,1396],"tags":[],"class_list":["post-46472","post","type-post","status-publish","format-standard","has-post-thumbnail","hentry","category-linies-pedagogiques","category-sense-categoria","category-socies"],"yoast_head":"<!-- This site is optimized with the Yoast SEO plugin v27.4 - https:\/\/yoast.com\/product\/yoast-seo-wordpress\/ -->\n<title>L&#039;estiu dels esplais<\/title>\n<meta name=\"description\" content=\"M\u00e9s de 4.500 infants i joves i m\u00e9s de 1.300 monis d\u2019Esplac marxen de campaments, col\u00f2nies i rutes aquest estiu.\" \/>\n<meta name=\"robots\" content=\"index, follow, max-snippet:-1, max-image-preview:large, max-video-preview:-1\" \/>\n<link rel=\"canonical\" href=\"https:\/\/www.esplac.cat\/lestiu-dels-esplais-campaments-colonies-i-rutes-per-avancar-cap-a-una-educacio-en-valors-i-comunitaria\/\" \/>\n<meta property=\"og:locale\" content=\"en_US\" \/>\n<meta property=\"og:type\" content=\"article\" \/>\n<meta property=\"og:title\" content=\"L&#039;estiu dels esplais\" \/>\n<meta property=\"og:description\" content=\"M\u00e9s de 4.500 infants i joves i m\u00e9s de 1.300 monis d\u2019Esplac marxen de campaments, col\u00f2nies i rutes aquest estiu.\" \/>\n<meta property=\"og:url\" content=\"https:\/\/www.esplac.cat\/lestiu-dels-esplais-campaments-colonies-i-rutes-per-avancar-cap-a-una-educacio-en-valors-i-comunitaria\/\" \/>\n<meta property=\"og:site_name\" content=\"Esplac\" \/>\n<meta property=\"article:published_time\" content=\"2023-07-14T10:45:46+00:00\" \/>\n<meta property=\"article:modified_time\" content=\"2023-07-14T10:53:12+00:00\" \/>\n<meta property=\"og:image\" content=\"https:\/\/www.esplac.cat\/wp-content\/uploads\/2023\/07\/Portades-Web.jpg\" \/>\n\t<meta property=\"og:image:width\" content=\"1697\" \/>\n\t<meta property=\"og:image:height\" content=\"700\" \/>\n\t<meta property=\"og:image:type\" content=\"image\/jpeg\" \/>\n<meta name=\"author\" content=\"Comunicaci\u00f3 Esplac\" \/>\n<meta name=\"twitter:card\" content=\"summary_large_image\" \/>\n<meta name=\"twitter:label1\" content=\"Written by\" \/>\n\t<meta name=\"twitter:data1\" content=\"Comunicaci\u00f3 Esplac\" \/>\n\t<meta name=\"twitter:label2\" content=\"Est. reading time\" \/>\n\t<meta name=\"twitter:data2\" content=\"3 minutes\" \/>\n<script type=\"application\/ld+json\" class=\"yoast-schema-graph\">{\"@context\":\"https:\\\/\\\/schema.org\",\"@graph\":[{\"@type\":\"Article\",\"@id\":\"https:\\\/\\\/www.esplac.cat\\\/lestiu-dels-esplais-campaments-colonies-i-rutes-per-avancar-cap-a-una-educacio-en-valors-i-comunitaria\\\/#article\",\"isPartOf\":{\"@id\":\"https:\\\/\\\/www.esplac.cat\\\/lestiu-dels-esplais-campaments-colonies-i-rutes-per-avancar-cap-a-una-educacio-en-valors-i-comunitaria\\\/\"},\"author\":{\"name\":\"Comunicaci\u00f3 Esplac\",\"@id\":\"https:\\\/\\\/www.esplac.cat\\\/#\\\/schema\\\/person\\\/908383cf240be18b68f8855d0583faca\"},\"headline\":\"L\u2019estiu dels esplais: campaments, col\u00f2nies i rutes per avan\u00e7ar cap a una educaci\u00f3 en valors i comunit\u00e0ria\",\"datePublished\":\"2023-07-14T10:45:46+00:00\",\"dateModified\":\"2023-07-14T10:53:12+00:00\",\"mainEntityOfPage\":{\"@id\":\"https:\\\/\\\/www.esplac.cat\\\/lestiu-dels-esplais-campaments-colonies-i-rutes-per-avancar-cap-a-una-educacio-en-valors-i-comunitaria\\\/\"},\"wordCount\":517,\"publisher\":{\"@id\":\"https:\\\/\\\/www.esplac.cat\\\/#organization\"},\"image\":{\"@id\":\"https:\\\/\\\/www.esplac.cat\\\/lestiu-dels-esplais-campaments-colonies-i-rutes-per-avancar-cap-a-una-educacio-en-valors-i-comunitaria\\\/#primaryimage\"},\"thumbnailUrl\":\"https:\\\/\\\/www.esplac.cat\\\/wp-content\\\/uploads\\\/2023\\\/07\\\/Portades-Web.jpg\",\"articleSection\":[\"L\u00ednies pedag\u00f2giques\",\"Sense categoria\",\"S\u00f2cies\"],\"inLanguage\":\"en-US\"},{\"@type\":\"WebPage\",\"@id\":\"https:\\\/\\\/www.esplac.cat\\\/lestiu-dels-esplais-campaments-colonies-i-rutes-per-avancar-cap-a-una-educacio-en-valors-i-comunitaria\\\/\",\"url\":\"https:\\\/\\\/www.esplac.cat\\\/lestiu-dels-esplais-campaments-colonies-i-rutes-per-avancar-cap-a-una-educacio-en-valors-i-comunitaria\\\/\",\"name\":\"L'estiu dels esplais\",\"isPartOf\":{\"@id\":\"https:\\\/\\\/www.esplac.cat\\\/#website\"},\"primaryImageOfPage\":{\"@id\":\"https:\\\/\\\/www.esplac.cat\\\/lestiu-dels-esplais-campaments-colonies-i-rutes-per-avancar-cap-a-una-educacio-en-valors-i-comunitaria\\\/#primaryimage\"},\"image\":{\"@id\":\"https:\\\/\\\/www.esplac.cat\\\/lestiu-dels-esplais-campaments-colonies-i-rutes-per-avancar-cap-a-una-educacio-en-valors-i-comunitaria\\\/#primaryimage\"},\"thumbnailUrl\":\"https:\\\/\\\/www.esplac.cat\\\/wp-content\\\/uploads\\\/2023\\\/07\\\/Portades-Web.jpg\",\"datePublished\":\"2023-07-14T10:45:46+00:00\",\"dateModified\":\"2023-07-14T10:53:12+00:00\",\"description\":\"M\u00e9s de 4.500 infants i joves i m\u00e9s de 1.300 monis d\u2019Esplac marxen de campaments, col\u00f2nies i rutes aquest estiu.\",\"breadcrumb\":{\"@id\":\"https:\\\/\\\/www.esplac.cat\\\/lestiu-dels-esplais-campaments-colonies-i-rutes-per-avancar-cap-a-una-educacio-en-valors-i-comunitaria\\\/#breadcrumb\"},\"inLanguage\":\"en-US\",\"potentialAction\":[{\"@type\":\"ReadAction\",\"target\":[\"https:\\\/\\\/www.esplac.cat\\\/lestiu-dels-esplais-campaments-colonies-i-rutes-per-avancar-cap-a-una-educacio-en-valors-i-comunitaria\\\/\"]}]},{\"@type\":\"ImageObject\",\"inLanguage\":\"en-US\",\"@id\":\"https:\\\/\\\/www.esplac.cat\\\/lestiu-dels-esplais-campaments-colonies-i-rutes-per-avancar-cap-a-una-educacio-en-valors-i-comunitaria\\\/#primaryimage\",\"url\":\"https:\\\/\\\/www.esplac.cat\\\/wp-content\\\/uploads\\\/2023\\\/07\\\/Portades-Web.jpg\",\"contentUrl\":\"https:\\\/\\\/www.esplac.cat\\\/wp-content\\\/uploads\\\/2023\\\/07\\\/Portades-Web.jpg\",\"width\":1697,\"height\":700,\"caption\":\"CCR 2023\"},{\"@type\":\"BreadcrumbList\",\"@id\":\"https:\\\/\\\/www.esplac.cat\\\/lestiu-dels-esplais-campaments-colonies-i-rutes-per-avancar-cap-a-una-educacio-en-valors-i-comunitaria\\\/#breadcrumb\",\"itemListElement\":[{\"@type\":\"ListItem\",\"position\":1,\"name\":\"Inici\",\"item\":\"https:\\\/\\\/www.esplac.cat\\\/en\\\/\"},{\"@type\":\"ListItem\",\"position\":2,\"name\":\"L\u2019estiu dels esplais: campaments, col\u00f2nies i rutes per avan\u00e7ar cap a una educaci\u00f3 en valors i comunit\u00e0ria\"}]},{\"@type\":\"WebSite\",\"@id\":\"https:\\\/\\\/www.esplac.cat\\\/#website\",\"url\":\"https:\\\/\\\/www.esplac.cat\\\/\",\"name\":\"Esplac\",\"description\":\"Esplais Catalans\",\"publisher\":{\"@id\":\"https:\\\/\\\/www.esplac.cat\\\/#organization\"},\"potentialAction\":[{\"@type\":\"SearchAction\",\"target\":{\"@type\":\"EntryPoint\",\"urlTemplate\":\"https:\\\/\\\/www.esplac.cat\\\/?s={search_term_string}\"},\"query-input\":{\"@type\":\"PropertyValueSpecification\",\"valueRequired\":true,\"valueName\":\"search_term_string\"}}],\"inLanguage\":\"en-US\"},{\"@type\":\"Organization\",\"@id\":\"https:\\\/\\\/www.esplac.cat\\\/#organization\",\"name\":\"Esplac\",\"url\":\"https:\\\/\\\/www.esplac.cat\\\/\",\"logo\":{\"@type\":\"ImageObject\",\"inLanguage\":\"en-US\",\"@id\":\"https:\\\/\\\/www.esplac.cat\\\/#\\\/schema\\\/logo\\\/image\\\/\",\"url\":\"https:\\\/\\\/www.esplac.cat\\\/wp-content\\\/uploads\\\/2019\\\/08\\\/logox2.png\",\"contentUrl\":\"https:\\\/\\\/www.esplac.cat\\\/wp-content\\\/uploads\\\/2019\\\/08\\\/logox2.png\",\"width\":600,\"height\":295,\"caption\":\"Esplac\"},\"image\":{\"@id\":\"https:\\\/\\\/www.esplac.cat\\\/#\\\/schema\\\/logo\\\/image\\\/\"}},{\"@type\":\"Person\",\"@id\":\"https:\\\/\\\/www.esplac.cat\\\/#\\\/schema\\\/person\\\/908383cf240be18b68f8855d0583faca\",\"name\":\"Comunicaci\u00f3 Esplac\",\"image\":{\"@type\":\"ImageObject\",\"inLanguage\":\"en-US\",\"@id\":\"https:\\\/\\\/secure.gravatar.com\\\/avatar\\\/7a4cf8feb412a76ea4a740ca02d95b06b2907b5a6c648c2dd0a1082a093c3141?s=96&d=mm&r=g\",\"url\":\"https:\\\/\\\/secure.gravatar.com\\\/avatar\\\/7a4cf8feb412a76ea4a740ca02d95b06b2907b5a6c648c2dd0a1082a093c3141?s=96&d=mm&r=g\",\"contentUrl\":\"https:\\\/\\\/secure.gravatar.com\\\/avatar\\\/7a4cf8feb412a76ea4a740ca02d95b06b2907b5a6c648c2dd0a1082a093c3141?s=96&d=mm&r=g\",\"caption\":\"Comunicaci\u00f3 Esplac\"}}]}<\/script>\n<!-- \/ Yoast SEO plugin. -->","yoast_head_json":{"title":"L'estiu dels esplais","description":"M\u00e9s de 4.500 infants i joves i m\u00e9s de 1.300 monis d\u2019Esplac marxen de campaments, col\u00f2nies i rutes aquest estiu.","robots":{"index":"index","follow":"follow","max-snippet":"max-snippet:-1","max-image-preview":"max-image-preview:large","max-video-preview":"max-video-preview:-1"},"canonical":"https:\/\/www.esplac.cat\/lestiu-dels-esplais-campaments-colonies-i-rutes-per-avancar-cap-a-una-educacio-en-valors-i-comunitaria\/","og_locale":"en_US","og_type":"article","og_title":"L'estiu dels esplais","og_description":"M\u00e9s de 4.500 infants i joves i m\u00e9s de 1.300 monis d\u2019Esplac marxen de campaments, col\u00f2nies i rutes aquest estiu.","og_url":"https:\/\/www.esplac.cat\/lestiu-dels-esplais-campaments-colonies-i-rutes-per-avancar-cap-a-una-educacio-en-valors-i-comunitaria\/","og_site_name":"Esplac","article_published_time":"2023-07-14T10:45:46+00:00","article_modified_time":"2023-07-14T10:53:12+00:00","og_image":[{"width":1697,"height":700,"url":"https:\/\/www.esplac.cat\/wp-content\/uploads\/2023\/07\/Portades-Web.jpg","type":"image\/jpeg"}],"author":"Comunicaci\u00f3 Esplac","twitter_card":"summary_large_image","twitter_misc":{"Written by":"Comunicaci\u00f3 Esplac","Est. reading time":"3 minutes"},"schema":{"@context":"https:\/\/schema.org","@graph":[{"@type":"Article","@id":"https:\/\/www.esplac.cat\/lestiu-dels-esplais-campaments-colonies-i-rutes-per-avancar-cap-a-una-educacio-en-valors-i-comunitaria\/#article","isPartOf":{"@id":"https:\/\/www.esplac.cat\/lestiu-dels-esplais-campaments-colonies-i-rutes-per-avancar-cap-a-una-educacio-en-valors-i-comunitaria\/"},"author":{"name":"Comunicaci\u00f3 Esplac","@id":"https:\/\/www.esplac.cat\/#\/schema\/person\/908383cf240be18b68f8855d0583faca"},"headline":"L\u2019estiu dels esplais: campaments, col\u00f2nies i rutes per avan\u00e7ar cap a una educaci\u00f3 en valors i comunit\u00e0ria","datePublished":"2023-07-14T10:45:46+00:00","dateModified":"2023-07-14T10:53:12+00:00","mainEntityOfPage":{"@id":"https:\/\/www.esplac.cat\/lestiu-dels-esplais-campaments-colonies-i-rutes-per-avancar-cap-a-una-educacio-en-valors-i-comunitaria\/"},"wordCount":517,"publisher":{"@id":"https:\/\/www.esplac.cat\/#organization"},"image":{"@id":"https:\/\/www.esplac.cat\/lestiu-dels-esplais-campaments-colonies-i-rutes-per-avancar-cap-a-una-educacio-en-valors-i-comunitaria\/#primaryimage"},"thumbnailUrl":"https:\/\/www.esplac.cat\/wp-content\/uploads\/2023\/07\/Portades-Web.jpg","articleSection":["L\u00ednies pedag\u00f2giques","Sense categoria","S\u00f2cies"],"inLanguage":"en-US"},{"@type":"WebPage","@id":"https:\/\/www.esplac.cat\/lestiu-dels-esplais-campaments-colonies-i-rutes-per-avancar-cap-a-una-educacio-en-valors-i-comunitaria\/","url":"https:\/\/www.esplac.cat\/lestiu-dels-esplais-campaments-colonies-i-rutes-per-avancar-cap-a-una-educacio-en-valors-i-comunitaria\/","name":"L'estiu dels esplais","isPartOf":{"@id":"https:\/\/www.esplac.cat\/#website"},"primaryImageOfPage":{"@id":"https:\/\/www.esplac.cat\/lestiu-dels-esplais-campaments-colonies-i-rutes-per-avancar-cap-a-una-educacio-en-valors-i-comunitaria\/#primaryimage"},"image":{"@id":"https:\/\/www.esplac.cat\/lestiu-dels-esplais-campaments-colonies-i-rutes-per-avancar-cap-a-una-educacio-en-valors-i-comunitaria\/#primaryimage"},"thumbnailUrl":"https:\/\/www.esplac.cat\/wp-content\/uploads\/2023\/07\/Portades-Web.jpg","datePublished":"2023-07-14T10:45:46+00:00","dateModified":"2023-07-14T10:53:12+00:00","description":"M\u00e9s de 4.500 infants i joves i m\u00e9s de 1.300 monis d\u2019Esplac marxen de campaments, col\u00f2nies i rutes aquest estiu.","breadcrumb":{"@id":"https:\/\/www.esplac.cat\/lestiu-dels-esplais-campaments-colonies-i-rutes-per-avancar-cap-a-una-educacio-en-valors-i-comunitaria\/#breadcrumb"},"inLanguage":"en-US","potentialAction":[{"@type":"ReadAction","target":["https:\/\/www.esplac.cat\/lestiu-dels-esplais-campaments-colonies-i-rutes-per-avancar-cap-a-una-educacio-en-valors-i-comunitaria\/"]}]},{"@type":"ImageObject","inLanguage":"en-US","@id":"https:\/\/www.esplac.cat\/lestiu-dels-esplais-campaments-colonies-i-rutes-per-avancar-cap-a-una-educacio-en-valors-i-comunitaria\/#primaryimage","url":"https:\/\/www.esplac.cat\/wp-content\/uploads\/2023\/07\/Portades-Web.jpg","contentUrl":"https:\/\/www.esplac.cat\/wp-content\/uploads\/2023\/07\/Portades-Web.jpg","width":1697,"height":700,"caption":"CCR 2023"},{"@type":"BreadcrumbList","@id":"https:\/\/www.esplac.cat\/lestiu-dels-esplais-campaments-colonies-i-rutes-per-avancar-cap-a-una-educacio-en-valors-i-comunitaria\/#breadcrumb","itemListElement":[{"@type":"ListItem","position":1,"name":"Inici","item":"https:\/\/www.esplac.cat\/en\/"},{"@type":"ListItem","position":2,"name":"L\u2019estiu dels esplais: campaments, col\u00f2nies i rutes per avan\u00e7ar cap a una educaci\u00f3 en valors i comunit\u00e0ria"}]},{"@type":"WebSite","@id":"https:\/\/www.esplac.cat\/#website","url":"https:\/\/www.esplac.cat\/","name":"Esplac","description":"Esplais Catalans","publisher":{"@id":"https:\/\/www.esplac.cat\/#organization"},"potentialAction":[{"@type":"SearchAction","target":{"@type":"EntryPoint","urlTemplate":"https:\/\/www.esplac.cat\/?s={search_term_string}"},"query-input":{"@type":"PropertyValueSpecification","valueRequired":true,"valueName":"search_term_string"}}],"inLanguage":"en-US"},{"@type":"Organization","@id":"https:\/\/www.esplac.cat\/#organization","name":"Esplac","url":"https:\/\/www.esplac.cat\/","logo":{"@type":"ImageObject","inLanguage":"en-US","@id":"https:\/\/www.esplac.cat\/#\/schema\/logo\/image\/","url":"https:\/\/www.esplac.cat\/wp-content\/uploads\/2019\/08\/logox2.png","contentUrl":"https:\/\/www.esplac.cat\/wp-content\/uploads\/2019\/08\/logox2.png","width":600,"height":295,"caption":"Esplac"},"image":{"@id":"https:\/\/www.esplac.cat\/#\/schema\/logo\/image\/"}},{"@type":"Person","@id":"https:\/\/www.esplac.cat\/#\/schema\/person\/908383cf240be18b68f8855d0583faca","name":"Comunicaci\u00f3 Esplac","image":{"@type":"ImageObject","inLanguage":"en-US","@id":"https:\/\/secure.gravatar.com\/avatar\/7a4cf8feb412a76ea4a740ca02d95b06b2907b5a6c648c2dd0a1082a093c3141?s=96&d=mm&r=g","url":"https:\/\/secure.gravatar.com\/avatar\/7a4cf8feb412a76ea4a740ca02d95b06b2907b5a6c648c2dd0a1082a093c3141?s=96&d=mm&r=g","contentUrl":"https:\/\/secure.gravatar.com\/avatar\/7a4cf8feb412a76ea4a740ca02d95b06b2907b5a6c648c2dd0a1082a093c3141?s=96&d=mm&r=g","caption":"Comunicaci\u00f3 Esplac"}}]}},"_links":{"self":[{"href":"https:\/\/www.esplac.cat\/en\/wp-json\/wp\/v2\/posts\/46472","targetHints":{"allow":["GET"]}}],"collection":[{"href":"https:\/\/www.esplac.cat\/en\/wp-json\/wp\/v2\/posts"}],"about":[{"href":"https:\/\/www.esplac.cat\/en\/wp-json\/wp\/v2\/types\/post"}],"author":[{"embeddable":true,"href":"https:\/\/www.esplac.cat\/en\/wp-json\/wp\/v2\/users\/3"}],"replies":[{"embeddable":true,"href":"https:\/\/www.esplac.cat\/en\/wp-json\/wp\/v2\/comments?post=46472"}],"version-history":[{"count":0,"href":"https:\/\/www.esplac.cat\/en\/wp-json\/wp\/v2\/posts\/46472\/revisions"}],"wp:featuredmedia":[{"embeddable":true,"href":"https:\/\/www.esplac.cat\/en\/wp-json\/wp\/v2\/media\/46477"}],"wp:attachment":[{"href":"https:\/\/www.esplac.cat\/en\/wp-json\/wp\/v2\/media?parent=46472"}],"wp:term":[{"taxonomy":"category","embeddable":true,"href":"https:\/\/www.esplac.cat\/en\/wp-json\/wp\/v2\/categories?post=46472"},{"taxonomy":"post_tag","embeddable":true,"href":"https:\/\/www.esplac.cat\/en\/wp-json\/wp\/v2\/tags?post=46472"}],"curies":[{"name":"wp","href":"https:\/\/api.w.org\/{rel}","templated":true}]}}