{"id":4667,"date":"2018-05-15T16:15:19","date_gmt":"2018-05-15T14:15:19","guid":{"rendered":"https:\/\/www.somesplai.cat\/?p=4667"},"modified":"2019-11-28T13:31:25","modified_gmt":"2019-11-28T12:31:25","slug":"23-dabril-rosa-25-clavell","status":"publish","type":"post","link":"https:\/\/www.esplac.cat\/en\/23-dabril-rosa-25-clavell\/","title":{"rendered":"El 23 d&#8217;abril una rosa, el 25 un clavell"},"content":{"rendered":"<h5 style=\"text-align: justify;\">15-maig-2018<\/h5>\n<p style=\"text-align: justify;\"><strong>Cira Diakhaby<\/strong>, exmonitora de l\u2019<a href=\"http:\/\/esplaixango.com\/\">Esplai Xang\u00f3<\/a>, ex-EGS del Sector Barcelona, membre de l\u2019Espai de Coordinaci\u00f3 Internacional i actualment participant en un SVE a Lisboa.<\/p>\n<hr>\n<p style=\"text-align: justify;\">El mes d&#8217;abril arriba amb dates especials!<\/p>\n<ul style=\"text-align: justify;\">\n<li>Dilluns pasqua! Amb una mona molt personalitzada!<\/li>\n<li>21 d&#8217;Abril l&#8217;aniversari del perot i de les Vaquetes del Guinard\u00f3 dues entitats molt actives del meu barri de Barcelona! On va tocar el meu grup de m\u00fasica preferit &#8220;Clotildes&#8221; (tots sortits del m\u00f3n esplaiero!)<\/li>\n<li>23 d&#8217;Abril Sant Jordi i Santa Jordina! El dia de la rosa i el llibre commemorant al Sant i a Cervantes i Shakespeare morts el mateix dia. Un dia ple d&#8217;amor, felicitat i cultura.<\/li>\n<li>25 d&#8217;Abril dia de la llibertat a Portugal que commemora la revolta militar del 1974 que va acabar amb la dictadura de Salazar. El s\u00edmbol del dia \u00e9s un clavell.<\/li>\n<\/ul>\n<p style=\"text-align: justify;\">Com podeu imaginar aqu\u00ed cada setmana \u00e9s diferent! L&#8217;\u00fanica cosa que segueixo com a rutina \u00e9s la de <strong>cada dia anar a treballar a Cascais<\/strong> (que \u00e9s on es troba l&#8217;oficina de Rota Jovem) i els dimarts i dijous <strong>anar a Capoeira <\/strong>(pr\u00f2ximament ja us explicar\u00e9 una mica de qu\u00e8 va); encara que darrerament tamb\u00e9 he afegit una extraescolar al meu horari, <strong>escalar!<\/strong><br \/>\nIntento desconnectar de la rutina de l&#8217;oficina fent escapades, i \u00e9s que el Diego el meu company de pis t\u00e9 aqu\u00ed el seu cotxe, \u00e9s un d&#8217;aquests de 7 places i ens hem muntat dins un llit que es plega i aix\u00ed podem marxar per tot arreu, dormint en un hotel de 1000 estrelles sense pagar un duro.<\/p>\n<p style=\"text-align: justify;\">L&#8217;Aceituno (el cotxe) ens ha portat per tot arreu, costa Vicentina, Algarve, Serra de Monchique, Serra de Sintra, Serra da Estrela, Montsanto, serra de Arrabida, Azoia&#8230; I encara queden molts destins m\u00e9s!<br \/>\nAquests \u00faltims viatges que hem fet (per serra d&#8217;Estrela, Montsanto i Azoia) han estat amb la companyia d&#8217;altres espanyols, ja diuen que quan vas fora t&#8217;ajuntes amb gent del mateix territori. Aix\u00ed que un gallec, un valenci\u00e0, dos madrilenys i una catalana (sembla d&#8217;acudit d&#8217;aquests pesats) hem estat recorrent diferents paisatges, de la neu fins al mar, a la recerca de parets on poder grimpar com macacos (micos en portugu\u00e8s).<\/p>\n<p style=\"text-align: justify;\">Per\u00f2 aquests dies no tot ha sigut descobrir poblets i roques, tamb\u00e9 he aprofitat un cap de setmana llarg i <strong>he tornat a casa per Sant Jordi<\/strong>. Se&#8217;m feia dif\u00edcil pensar en un dia bonic com el 23 d&#8217;abril aqu\u00ed sense roses, sense llibres i amb pluja (aqu\u00ed ha plogut durant tot el mes d&#8217;abril). Aix\u00ed que em vaig permetre unes petites vacances a casa. I <strong>vaig tornar amb la maleta plena de llibres <\/strong>dels meus Jordis i Jordines!<\/p>\n<blockquote>\n<p style=\"text-align: justify;\">Se&#8217;m feia dif\u00edcil pensar en un dia bonic com el 23 d&#8217;abril aqu\u00ed sense roses, sense llibres i amb pluja (aqu\u00ed ha plogut durant tot el mes d&#8217;abril).<\/p>\n<\/blockquote>\n<p style=\"text-align: justify;\"><a href=\"https:\/\/www.somesplai.cat\/wp-content\/uploads\/2018\/05\/Creuant-Mirades-Somesplai-Cira.jpg\"><img decoding=\"async\" class=\"aligncenter size-full wp-image-4673\" src=\"https:\/\/www.somesplai.cat\/wp-content\/uploads\/2018\/05\/Creuant-Mirades-Somesplai-Cira.jpg\" alt=\"Creuant Mirades Somesplai Cira\" width=\"675\" height=\"251\"><\/a><\/p>\n","protected":false},"excerpt":{"rendered":"<p>15-maig-2018 Cira Diakhaby, exmonitora de l\u2019Esplai Xang\u00f3, ex-EGS del Sector [&hellip;]<\/p>\n","protected":false},"author":3,"featured_media":4670,"comment_status":"closed","ping_status":"closed","sticky":false,"template":"","format":"standard","meta":{"om_disable_all_campaigns":false,"_monsterinsights_skip_tracking":false,"_monsterinsights_sitenote_active":false,"_monsterinsights_sitenote_note":"","_monsterinsights_sitenote_category":0,"_uf_show_specific_survey":0,"_uf_disable_surveys":false,"footnotes":""},"categories":[1168],"tags":[1174,418,18],"class_list":["post-4667","post","type-post","status-publish","format-standard","has-post-thumbnail","hentry","category-creuant_mirades","tag-creuant-mirades","tag-portugal","tag-sant-jordi"],"yoast_head":"<!-- This site is optimized with the Yoast SEO plugin v27.5 - https:\/\/yoast.com\/product\/yoast-seo-wordpress\/ -->\n<title>El 23 d&#039;abril una rosa, el 25 un clavell - Esplac<\/title>\n<meta name=\"robots\" content=\"index, follow, max-snippet:-1, max-image-preview:large, max-video-preview:-1\" \/>\n<link rel=\"canonical\" href=\"https:\/\/www.esplac.cat\/23-dabril-rosa-25-clavell\/\" \/>\n<meta property=\"og:locale\" content=\"en_US\" \/>\n<meta property=\"og:type\" content=\"article\" \/>\n<meta property=\"og:title\" content=\"El 23 d&#039;abril una rosa, el 25 un clavell - Esplac\" \/>\n<meta property=\"og:description\" content=\"15-maig-2018 Cira Diakhaby, exmonitora de l\u2019Esplai Xang\u00f3, ex-EGS del Sector [&hellip;]\" \/>\n<meta property=\"og:url\" content=\"https:\/\/www.esplac.cat\/23-dabril-rosa-25-clavell\/\" \/>\n<meta property=\"og:site_name\" content=\"Esplac\" \/>\n<meta property=\"article:published_time\" content=\"2018-05-15T14:15:19+00:00\" \/>\n<meta property=\"article:modified_time\" content=\"2019-11-28T12:31:25+00:00\" \/>\n<meta property=\"og:image\" content=\"https:\/\/www.esplac.cat\/wp-content\/uploads\/2019\/11\/logo-open.jpg\" \/>\n\t<meta property=\"og:image:width\" content=\"1200\" \/>\n\t<meta property=\"og:image:height\" content=\"630\" \/>\n\t<meta property=\"og:image:type\" content=\"image\/jpeg\" \/>\n<meta name=\"author\" content=\"Comunicaci\u00f3 Esplac\" \/>\n<meta name=\"twitter:card\" content=\"summary_large_image\" \/>\n<meta name=\"twitter:label1\" content=\"Written by\" \/>\n\t<meta name=\"twitter:data1\" content=\"Comunicaci\u00f3 Esplac\" \/>\n\t<meta name=\"twitter:label2\" content=\"Est. reading time\" \/>\n\t<meta name=\"twitter:data2\" content=\"2 minutes\" \/>\n<script type=\"application\/ld+json\" class=\"yoast-schema-graph\">{\"@context\":\"https:\\\/\\\/schema.org\",\"@graph\":[{\"@type\":\"Article\",\"@id\":\"https:\\\/\\\/www.esplac.cat\\\/23-dabril-rosa-25-clavell\\\/#article\",\"isPartOf\":{\"@id\":\"https:\\\/\\\/www.esplac.cat\\\/23-dabril-rosa-25-clavell\\\/\"},\"author\":{\"name\":\"Comunicaci\u00f3 Esplac\",\"@id\":\"https:\\\/\\\/www.esplac.cat\\\/#\\\/schema\\\/person\\\/908383cf240be18b68f8855d0583faca\"},\"headline\":\"El 23 d&#8217;abril una rosa, el 25 un clavell\",\"datePublished\":\"2018-05-15T14:15:19+00:00\",\"dateModified\":\"2019-11-28T12:31:25+00:00\",\"mainEntityOfPage\":{\"@id\":\"https:\\\/\\\/www.esplac.cat\\\/23-dabril-rosa-25-clavell\\\/\"},\"wordCount\":500,\"publisher\":{\"@id\":\"https:\\\/\\\/www.esplac.cat\\\/#organization\"},\"image\":{\"@id\":\"https:\\\/\\\/www.esplac.cat\\\/23-dabril-rosa-25-clavell\\\/#primaryimage\"},\"thumbnailUrl\":\"\",\"keywords\":[\"creuant mirades\",\"Portugal\",\"Sant Jordi\"],\"articleSection\":[\"Creuant mirades\"],\"inLanguage\":\"en-US\"},{\"@type\":\"WebPage\",\"@id\":\"https:\\\/\\\/www.esplac.cat\\\/23-dabril-rosa-25-clavell\\\/\",\"url\":\"https:\\\/\\\/www.esplac.cat\\\/23-dabril-rosa-25-clavell\\\/\",\"name\":\"El 23 d'abril una rosa, el 25 un clavell - Esplac\",\"isPartOf\":{\"@id\":\"https:\\\/\\\/www.esplac.cat\\\/#website\"},\"primaryImageOfPage\":{\"@id\":\"https:\\\/\\\/www.esplac.cat\\\/23-dabril-rosa-25-clavell\\\/#primaryimage\"},\"image\":{\"@id\":\"https:\\\/\\\/www.esplac.cat\\\/23-dabril-rosa-25-clavell\\\/#primaryimage\"},\"thumbnailUrl\":\"\",\"datePublished\":\"2018-05-15T14:15:19+00:00\",\"dateModified\":\"2019-11-28T12:31:25+00:00\",\"breadcrumb\":{\"@id\":\"https:\\\/\\\/www.esplac.cat\\\/23-dabril-rosa-25-clavell\\\/#breadcrumb\"},\"inLanguage\":\"en-US\",\"potentialAction\":[{\"@type\":\"ReadAction\",\"target\":[\"https:\\\/\\\/www.esplac.cat\\\/23-dabril-rosa-25-clavell\\\/\"]}]},{\"@type\":\"ImageObject\",\"inLanguage\":\"en-US\",\"@id\":\"https:\\\/\\\/www.esplac.cat\\\/23-dabril-rosa-25-clavell\\\/#primaryimage\",\"url\":\"\",\"contentUrl\":\"\"},{\"@type\":\"BreadcrumbList\",\"@id\":\"https:\\\/\\\/www.esplac.cat\\\/23-dabril-rosa-25-clavell\\\/#breadcrumb\",\"itemListElement\":[{\"@type\":\"ListItem\",\"position\":1,\"name\":\"Inici\",\"item\":\"https:\\\/\\\/www.esplac.cat\\\/en\\\/\"},{\"@type\":\"ListItem\",\"position\":2,\"name\":\"El 23 d&#8217;abril una rosa, el 25 un clavell\"}]},{\"@type\":\"WebSite\",\"@id\":\"https:\\\/\\\/www.esplac.cat\\\/#website\",\"url\":\"https:\\\/\\\/www.esplac.cat\\\/\",\"name\":\"Esplac\",\"description\":\"Esplais Catalans\",\"publisher\":{\"@id\":\"https:\\\/\\\/www.esplac.cat\\\/#organization\"},\"potentialAction\":[{\"@type\":\"SearchAction\",\"target\":{\"@type\":\"EntryPoint\",\"urlTemplate\":\"https:\\\/\\\/www.esplac.cat\\\/?s={search_term_string}\"},\"query-input\":{\"@type\":\"PropertyValueSpecification\",\"valueRequired\":true,\"valueName\":\"search_term_string\"}}],\"inLanguage\":\"en-US\"},{\"@type\":\"Organization\",\"@id\":\"https:\\\/\\\/www.esplac.cat\\\/#organization\",\"name\":\"Esplac\",\"url\":\"https:\\\/\\\/www.esplac.cat\\\/\",\"logo\":{\"@type\":\"ImageObject\",\"inLanguage\":\"en-US\",\"@id\":\"https:\\\/\\\/www.esplac.cat\\\/#\\\/schema\\\/logo\\\/image\\\/\",\"url\":\"https:\\\/\\\/www.esplac.cat\\\/wp-content\\\/uploads\\\/2019\\\/08\\\/logox2.png\",\"contentUrl\":\"https:\\\/\\\/www.esplac.cat\\\/wp-content\\\/uploads\\\/2019\\\/08\\\/logox2.png\",\"width\":600,\"height\":295,\"caption\":\"Esplac\"},\"image\":{\"@id\":\"https:\\\/\\\/www.esplac.cat\\\/#\\\/schema\\\/logo\\\/image\\\/\"}},{\"@type\":\"Person\",\"@id\":\"https:\\\/\\\/www.esplac.cat\\\/#\\\/schema\\\/person\\\/908383cf240be18b68f8855d0583faca\",\"name\":\"Comunicaci\u00f3 Esplac\",\"image\":{\"@type\":\"ImageObject\",\"inLanguage\":\"en-US\",\"@id\":\"https:\\\/\\\/secure.gravatar.com\\\/avatar\\\/7a4cf8feb412a76ea4a740ca02d95b06b2907b5a6c648c2dd0a1082a093c3141?s=96&d=mm&r=g\",\"url\":\"https:\\\/\\\/secure.gravatar.com\\\/avatar\\\/7a4cf8feb412a76ea4a740ca02d95b06b2907b5a6c648c2dd0a1082a093c3141?s=96&d=mm&r=g\",\"contentUrl\":\"https:\\\/\\\/secure.gravatar.com\\\/avatar\\\/7a4cf8feb412a76ea4a740ca02d95b06b2907b5a6c648c2dd0a1082a093c3141?s=96&d=mm&r=g\",\"caption\":\"Comunicaci\u00f3 Esplac\"}}]}<\/script>\n<!-- \/ Yoast SEO plugin. -->","yoast_head_json":{"title":"El 23 d'abril una rosa, el 25 un clavell - Esplac","robots":{"index":"index","follow":"follow","max-snippet":"max-snippet:-1","max-image-preview":"max-image-preview:large","max-video-preview":"max-video-preview:-1"},"canonical":"https:\/\/www.esplac.cat\/23-dabril-rosa-25-clavell\/","og_locale":"en_US","og_type":"article","og_title":"El 23 d'abril una rosa, el 25 un clavell - Esplac","og_description":"15-maig-2018 Cira Diakhaby, exmonitora de l\u2019Esplai Xang\u00f3, ex-EGS del Sector [&hellip;]","og_url":"https:\/\/www.esplac.cat\/23-dabril-rosa-25-clavell\/","og_site_name":"Esplac","article_published_time":"2018-05-15T14:15:19+00:00","article_modified_time":"2019-11-28T12:31:25+00:00","og_image":[{"width":1200,"height":630,"url":"https:\/\/www.esplac.cat\/wp-content\/uploads\/2019\/11\/logo-open.jpg","type":"image\/jpeg"}],"author":"Comunicaci\u00f3 Esplac","twitter_card":"summary_large_image","twitter_misc":{"Written by":"Comunicaci\u00f3 Esplac","Est. reading time":"2 minutes"},"schema":{"@context":"https:\/\/schema.org","@graph":[{"@type":"Article","@id":"https:\/\/www.esplac.cat\/23-dabril-rosa-25-clavell\/#article","isPartOf":{"@id":"https:\/\/www.esplac.cat\/23-dabril-rosa-25-clavell\/"},"author":{"name":"Comunicaci\u00f3 Esplac","@id":"https:\/\/www.esplac.cat\/#\/schema\/person\/908383cf240be18b68f8855d0583faca"},"headline":"El 23 d&#8217;abril una rosa, el 25 un clavell","datePublished":"2018-05-15T14:15:19+00:00","dateModified":"2019-11-28T12:31:25+00:00","mainEntityOfPage":{"@id":"https:\/\/www.esplac.cat\/23-dabril-rosa-25-clavell\/"},"wordCount":500,"publisher":{"@id":"https:\/\/www.esplac.cat\/#organization"},"image":{"@id":"https:\/\/www.esplac.cat\/23-dabril-rosa-25-clavell\/#primaryimage"},"thumbnailUrl":"","keywords":["creuant mirades","Portugal","Sant Jordi"],"articleSection":["Creuant mirades"],"inLanguage":"en-US"},{"@type":"WebPage","@id":"https:\/\/www.esplac.cat\/23-dabril-rosa-25-clavell\/","url":"https:\/\/www.esplac.cat\/23-dabril-rosa-25-clavell\/","name":"El 23 d'abril una rosa, el 25 un clavell - Esplac","isPartOf":{"@id":"https:\/\/www.esplac.cat\/#website"},"primaryImageOfPage":{"@id":"https:\/\/www.esplac.cat\/23-dabril-rosa-25-clavell\/#primaryimage"},"image":{"@id":"https:\/\/www.esplac.cat\/23-dabril-rosa-25-clavell\/#primaryimage"},"thumbnailUrl":"","datePublished":"2018-05-15T14:15:19+00:00","dateModified":"2019-11-28T12:31:25+00:00","breadcrumb":{"@id":"https:\/\/www.esplac.cat\/23-dabril-rosa-25-clavell\/#breadcrumb"},"inLanguage":"en-US","potentialAction":[{"@type":"ReadAction","target":["https:\/\/www.esplac.cat\/23-dabril-rosa-25-clavell\/"]}]},{"@type":"ImageObject","inLanguage":"en-US","@id":"https:\/\/www.esplac.cat\/23-dabril-rosa-25-clavell\/#primaryimage","url":"","contentUrl":""},{"@type":"BreadcrumbList","@id":"https:\/\/www.esplac.cat\/23-dabril-rosa-25-clavell\/#breadcrumb","itemListElement":[{"@type":"ListItem","position":1,"name":"Inici","item":"https:\/\/www.esplac.cat\/en\/"},{"@type":"ListItem","position":2,"name":"El 23 d&#8217;abril una rosa, el 25 un clavell"}]},{"@type":"WebSite","@id":"https:\/\/www.esplac.cat\/#website","url":"https:\/\/www.esplac.cat\/","name":"Esplac","description":"Esplais Catalans","publisher":{"@id":"https:\/\/www.esplac.cat\/#organization"},"potentialAction":[{"@type":"SearchAction","target":{"@type":"EntryPoint","urlTemplate":"https:\/\/www.esplac.cat\/?s={search_term_string}"},"query-input":{"@type":"PropertyValueSpecification","valueRequired":true,"valueName":"search_term_string"}}],"inLanguage":"en-US"},{"@type":"Organization","@id":"https:\/\/www.esplac.cat\/#organization","name":"Esplac","url":"https:\/\/www.esplac.cat\/","logo":{"@type":"ImageObject","inLanguage":"en-US","@id":"https:\/\/www.esplac.cat\/#\/schema\/logo\/image\/","url":"https:\/\/www.esplac.cat\/wp-content\/uploads\/2019\/08\/logox2.png","contentUrl":"https:\/\/www.esplac.cat\/wp-content\/uploads\/2019\/08\/logox2.png","width":600,"height":295,"caption":"Esplac"},"image":{"@id":"https:\/\/www.esplac.cat\/#\/schema\/logo\/image\/"}},{"@type":"Person","@id":"https:\/\/www.esplac.cat\/#\/schema\/person\/908383cf240be18b68f8855d0583faca","name":"Comunicaci\u00f3 Esplac","image":{"@type":"ImageObject","inLanguage":"en-US","@id":"https:\/\/secure.gravatar.com\/avatar\/7a4cf8feb412a76ea4a740ca02d95b06b2907b5a6c648c2dd0a1082a093c3141?s=96&d=mm&r=g","url":"https:\/\/secure.gravatar.com\/avatar\/7a4cf8feb412a76ea4a740ca02d95b06b2907b5a6c648c2dd0a1082a093c3141?s=96&d=mm&r=g","contentUrl":"https:\/\/secure.gravatar.com\/avatar\/7a4cf8feb412a76ea4a740ca02d95b06b2907b5a6c648c2dd0a1082a093c3141?s=96&d=mm&r=g","caption":"Comunicaci\u00f3 Esplac"}}]}},"_links":{"self":[{"href":"https:\/\/www.esplac.cat\/en\/wp-json\/wp\/v2\/posts\/4667","targetHints":{"allow":["GET"]}}],"collection":[{"href":"https:\/\/www.esplac.cat\/en\/wp-json\/wp\/v2\/posts"}],"about":[{"href":"https:\/\/www.esplac.cat\/en\/wp-json\/wp\/v2\/types\/post"}],"author":[{"embeddable":true,"href":"https:\/\/www.esplac.cat\/en\/wp-json\/wp\/v2\/users\/3"}],"replies":[{"embeddable":true,"href":"https:\/\/www.esplac.cat\/en\/wp-json\/wp\/v2\/comments?post=4667"}],"version-history":[{"count":0,"href":"https:\/\/www.esplac.cat\/en\/wp-json\/wp\/v2\/posts\/4667\/revisions"}],"wp:featuredmedia":[{"embeddable":true,"href":"https:\/\/www.esplac.cat\/en\/wp-json\/"}],"wp:attachment":[{"href":"https:\/\/www.esplac.cat\/en\/wp-json\/wp\/v2\/media?parent=4667"}],"wp:term":[{"taxonomy":"category","embeddable":true,"href":"https:\/\/www.esplac.cat\/en\/wp-json\/wp\/v2\/categories?post=4667"},{"taxonomy":"post_tag","embeddable":true,"href":"https:\/\/www.esplac.cat\/en\/wp-json\/wp\/v2\/tags?post=4667"}],"curies":[{"name":"wp","href":"https:\/\/api.w.org\/{rel}","templated":true}]}}