{"id":46789,"date":"2023-09-07T09:28:39","date_gmt":"2023-09-07T07:28:39","guid":{"rendered":"https:\/\/www.esplac.cat\/?p=46789"},"modified":"2023-09-07T09:28:39","modified_gmt":"2023-09-07T07:28:39","slug":"pack-setembre-tot-el-que-necessiteu-per-comencar-be-el-curs","status":"publish","type":"post","link":"https:\/\/www.esplac.cat\/en\/pack-setembre-tot-el-que-necessiteu-per-comencar-be-el-curs\/","title":{"rendered":"Pack Setembre: tot el que necessiteu per comen\u00e7ar b\u00e9 el curs!"},"content":{"rendered":"<h6><strong>Ja ho teniu tot a punt per comen\u00e7ar un nou curs d\u2019esplai? Des d&#8217;Esplac us ho posem f\u00e0cil amb alguns recursos que us poden ser molt \u00fatils!<\/strong><\/h6>\n<p>Arriba el mes de setembre i arrenca un nou curs d&#8217;esplai. Aquest \u00e9s un moment de gran il\u00b7lusi\u00f3, per\u00f2 tamb\u00e9 de molta feina. No patiu! Al <strong><span style=\"color: #f69d0b;\"><a style=\"color: #f69d0b;\" href=\"https:\/\/www.esplac.cat\/nou-banc-recursos\/\" target=\"_blank\" rel=\"noopener\">Banc de Recursos<\/a><\/span><\/strong> trobareu un seguit d&#8217;eines que us seran de gran ajuda per preparar el curs 2023-24. El primer i m\u00e9s destacat \u00e9s el <strong>Pack Setembre<\/strong>. El podeu <span style=\"color: #f69d0b;\"><strong><a style=\"color: #f69d0b;\" href=\"https:\/\/bancrecursos.esplac.cat\/recurs\/64c245d9bbaee67a6d910424\" target=\"_blank\" rel=\"noopener\">descarregar aqu\u00ed<\/a><\/strong><\/span>!<\/p>\n<p>En aquest document hi trobareu tot el que necessiteu saber per comen\u00e7ar b\u00e9 el curs!<\/p>\n<blockquote><p><strong>Documentaci\u00f3<\/strong> que tot esplai ha de tenir tant a nivell d&#8217;entitat (Projecte de Curs, Educatiu, &#8230;), de participants (Fitxa dalut, autoritzacions,&#8230;) i de l&#8217;equip de monis (certificats, fitza de dades,&#8230;). A m\u00e9s, tamb\u00e9 hi trobareu tota la documentaci\u00f3 extra que heu de tenir durant les sortides i excursions.<\/p>\n<p><strong>Calendari amable<\/strong> amb totes les dates i terminis per fer el tancament del curs 2022 &#8211; 2023; l&#8217;inici del curs 2023 &#8211; 2024; beques i activitats d&#8217;hivern, estiu i primavera!<\/p>\n<p>Finalment, tamb\u00e9 hi ha tota la informaci\u00f3 que necessiteu per demanar una <strong>c\u00e0psula formativa<\/strong> o un <strong>acompanyament<\/strong>.<\/p><\/blockquote>\n<h5><strong>Altres recursos interessants<\/strong><\/h5>\n<p><a href=\"https:\/\/bancrecursos.esplac.cat\/recurs\/63d3997697f83d08fa4d7bef\" target=\"_blank\" rel=\"noopener\"><strong><span style=\"color: #f69d0b;\">L\u2019ABC de l\u2019esplai. Starter Pack<\/span><\/strong><\/a>. Una guia infogr\u00e0fica amb els principals c\u00e0rrecs i funcions que un esplai ha de tenir!<\/p>\n<p><a href=\"https:\/\/bancrecursos.esplac.cat\/recurs\/63e0d2be4e53d30ff3689e20\" target=\"_blank\" rel=\"noopener\"><strong><span style=\"color: #f69d0b;\">El pressupost i el seguiment econ\u00f2mic<\/span>.<\/strong><\/a> Si teniu dubtes sobre com fer un pressupost i un seguiment econ\u00f2mic d&#8217;una activitat, d&#8217;un trimestre o del curs, aquest \u00e9s el vostre recurs! Aprendreu qu\u00e8 \u00e9s un pressupost i com elaborar-ne un, com fer-ne el seguiment, i finalment el tancament econ\u00f2mic.<\/p>\n<p>&nbsp;<\/p>\n<blockquote class=\"instagram-media\" style=\"background: #FFF; border: 0; border-radius: 3px; box-shadow: 0 0 1px 0 rgba(0,0,0,0.5),0 1px 10px 0 rgba(0,0,0,0.15); margin: 1px; max-width: 540px; min-width: 326px; padding: 0; width: calc(100% - 2px);\" data-instgrm-captioned=\"\" data-instgrm-permalink=\"https:\/\/www.instagram.com\/p\/CwAFd-0oPCD\/?utm_source=ig_embed&amp;utm_campaign=loading\" data-instgrm-version=\"14\">\n<div style=\"padding: 16px;\">\n<p>&nbsp;<\/p>\n<div style=\"display: flex; flex-direction: row; align-items: center;\">\n<div style=\"background-color: #f4f4f4; border-radius: 50%; flex-grow: 0; height: 40px; margin-right: 14px; width: 40px;\"><\/div>\n<div style=\"display: flex; flex-direction: column; flex-grow: 1; justify-content: center;\">\n<div style=\"background-color: #f4f4f4; border-radius: 4px; flex-grow: 0; height: 14px; margin-bottom: 6px; width: 100px;\"><\/div>\n<div style=\"background-color: #f4f4f4; border-radius: 4px; flex-grow: 0; height: 14px; width: 60px;\"><\/div>\n<\/div>\n<\/div>\n<div style=\"padding: 19% 0;\"><\/div>\n<div style=\"display: block; height: 50px; margin: 0 auto 12px; width: 50px;\"><\/div>\n<div style=\"padding-top: 8px;\">\n<div style=\"color: #3897f0; font-family: Arial,sans-serif; font-size: 14px; font-style: normal; font-weight: 550; line-height: 18px;\">View this post on Instagram<\/div>\n<\/div>\n<div style=\"padding: 12.5% 0;\"><\/div>\n<div style=\"display: flex; flex-direction: row; margin-bottom: 14px; align-items: center;\">\n<div>\n<div style=\"background-color: #f4f4f4; border-radius: 50%; height: 12.5px; width: 12.5px; transform: translateX(0px) translateY(7px);\"><\/div>\n<div style=\"background-color: #f4f4f4; height: 12.5px; transform: rotate(-45deg) translateX(3px) translateY(1px); width: 12.5px; flex-grow: 0; margin-right: 14px; margin-left: 2px;\"><\/div>\n<div style=\"background-color: #f4f4f4; border-radius: 50%; height: 12.5px; width: 12.5px; transform: translateX(9px) translateY(-18px);\"><\/div>\n<\/div>\n<div style=\"margin-left: 8px;\">\n<div style=\"background-color: #f4f4f4; border-radius: 50%; flex-grow: 0; height: 20px; width: 20px;\"><\/div>\n<div style=\"width: 0; height: 0; border-top: 2px solid transparent; border-left: 6px solid #f4f4f4; border-bottom: 2px solid transparent; transform: translateX(16px) translateY(-4px) rotate(30deg);\"><\/div>\n<\/div>\n<div style=\"margin-left: auto;\">\n<div style=\"width: 0px; border-top: 8px solid #F4F4F4; border-right: 8px solid transparent; transform: translateY(16px);\"><\/div>\n<div style=\"background-color: #f4f4f4; flex-grow: 0; height: 12px; width: 16px; transform: translateY(-4px);\"><\/div>\n<div style=\"width: 0; height: 0; border-top: 8px solid #F4F4F4; border-left: 8px solid transparent; transform: translateY(-4px) translateX(8px);\"><\/div>\n<\/div>\n<\/div>\n<div style=\"display: flex; flex-direction: column; flex-grow: 1; justify-content: center; margin-bottom: 24px;\">\n<div style=\"background-color: #f4f4f4; border-radius: 4px; flex-grow: 0; height: 14px; margin-bottom: 6px; width: 224px;\"><\/div>\n<div style=\"background-color: #f4f4f4; border-radius: 4px; flex-grow: 0; height: 14px; width: 144px;\"><\/div>\n<\/div>\n<p>&nbsp;<\/p>\n<p style=\"color: #c9c8cd; font-family: Arial,sans-serif; font-size: 14px; line-height: 17px; margin-bottom: 0; margin-top: 8px; overflow: hidden; padding: 8px 0 7px; text-align: center; text-overflow: ellipsis; white-space: nowrap;\"><a style=\"color: #c9c8cd; font-family: Arial,sans-serif; font-size: 14px; font-style: normal; font-weight: normal; line-height: 17px; text-decoration: none;\" href=\"https:\/\/www.instagram.com\/p\/CwAFd-0oPCD\/?utm_source=ig_embed&amp;utm_campaign=loading\" target=\"_blank\" rel=\"noopener\">A post shared by Esplais Catalans (Esplac) (@esplaiscatalans)<\/a><\/p>\n<\/div>\n<\/blockquote>\n<p><script async src=\"\/\/www.instagram.com\/embed.js\"><\/script><\/p>\n","protected":false},"excerpt":{"rendered":"<p>Ja ho teniu tot a punt per comen\u00e7ar un nou [&hellip;]<\/p>\n","protected":false},"author":3,"featured_media":46801,"comment_status":"closed","ping_status":"closed","sticky":false,"template":"","format":"standard","meta":{"om_disable_all_campaigns":false,"_monsterinsights_skip_tracking":false,"_monsterinsights_sitenote_active":false,"_monsterinsights_sitenote_note":"","_monsterinsights_sitenote_category":0,"_uf_show_specific_survey":0,"_uf_disable_surveys":false,"footnotes":""},"categories":[1121,1114,1337,1],"tags":[],"class_list":["post-46789","post","type-post","status-publish","format-standard","has-post-thumbnail","hentry","category-bones-practiques-2","category-recursos","category-relleu","category-sense-categoria"],"yoast_head":"<!-- This site is optimized with the Yoast SEO plugin v27.4 - https:\/\/yoast.com\/product\/yoast-seo-wordpress\/ -->\n<title>Pack Setembre: tot el que necessiteu per comen\u00e7ar b\u00e9 el curs! - Esplac<\/title>\n<meta name=\"description\" content=\"Ja ho teniu tot a punt per comen\u00e7ar un nou curs d\u2019esplai? Des d&#039;Esplac us ho posem f\u00e0cil amb alguns recursos que us poden ser molt \u00fatils!\" \/>\n<meta name=\"robots\" content=\"index, follow, max-snippet:-1, max-image-preview:large, max-video-preview:-1\" \/>\n<link rel=\"canonical\" href=\"https:\/\/www.esplac.cat\/pack-setembre-tot-el-que-necessiteu-per-comencar-be-el-curs\/\" \/>\n<meta property=\"og:locale\" content=\"en_US\" \/>\n<meta property=\"og:type\" content=\"article\" \/>\n<meta property=\"og:title\" content=\"Pack Setembre: tot el que necessiteu per comen\u00e7ar b\u00e9 el curs! - Esplac\" \/>\n<meta property=\"og:description\" content=\"Ja ho teniu tot a punt per comen\u00e7ar un nou curs d\u2019esplai? Des d&#039;Esplac us ho posem f\u00e0cil amb alguns recursos que us poden ser molt \u00fatils!\" \/>\n<meta property=\"og:url\" content=\"https:\/\/www.esplac.cat\/pack-setembre-tot-el-que-necessiteu-per-comencar-be-el-curs\/\" \/>\n<meta property=\"og:site_name\" content=\"Esplac\" \/>\n<meta property=\"article:published_time\" content=\"2023-09-07T07:28:39+00:00\" \/>\n<meta property=\"og:image\" content=\"https:\/\/www.esplac.cat\/wp-content\/uploads\/2023\/09\/Pack-Setembre-1.jpg\" \/>\n\t<meta property=\"og:image:width\" content=\"1697\" \/>\n\t<meta property=\"og:image:height\" content=\"700\" \/>\n\t<meta property=\"og:image:type\" content=\"image\/jpeg\" \/>\n<meta name=\"author\" content=\"Comunicaci\u00f3 Esplac\" \/>\n<meta name=\"twitter:card\" content=\"summary_large_image\" \/>\n<meta name=\"twitter:label1\" content=\"Written by\" \/>\n\t<meta name=\"twitter:data1\" content=\"Comunicaci\u00f3 Esplac\" \/>\n\t<meta name=\"twitter:label2\" content=\"Est. reading time\" \/>\n\t<meta name=\"twitter:data2\" content=\"1 minute\" \/>\n<script type=\"application\/ld+json\" class=\"yoast-schema-graph\">{\"@context\":\"https:\\\/\\\/schema.org\",\"@graph\":[{\"@type\":\"Article\",\"@id\":\"https:\\\/\\\/www.esplac.cat\\\/pack-setembre-tot-el-que-necessiteu-per-comencar-be-el-curs\\\/#article\",\"isPartOf\":{\"@id\":\"https:\\\/\\\/www.esplac.cat\\\/pack-setembre-tot-el-que-necessiteu-per-comencar-be-el-curs\\\/\"},\"author\":{\"name\":\"Comunicaci\u00f3 Esplac\",\"@id\":\"https:\\\/\\\/www.esplac.cat\\\/#\\\/schema\\\/person\\\/908383cf240be18b68f8855d0583faca\"},\"headline\":\"Pack Setembre: tot el que necessiteu per comen\u00e7ar b\u00e9 el curs!\",\"datePublished\":\"2023-09-07T07:28:39+00:00\",\"mainEntityOfPage\":{\"@id\":\"https:\\\/\\\/www.esplac.cat\\\/pack-setembre-tot-el-que-necessiteu-per-comencar-be-el-curs\\\/\"},\"wordCount\":312,\"publisher\":{\"@id\":\"https:\\\/\\\/www.esplac.cat\\\/#organization\"},\"image\":{\"@id\":\"https:\\\/\\\/www.esplac.cat\\\/pack-setembre-tot-el-que-necessiteu-per-comencar-be-el-curs\\\/#primaryimage\"},\"thumbnailUrl\":\"https:\\\/\\\/www.esplac.cat\\\/wp-content\\\/uploads\\\/2023\\\/09\\\/Pack-Setembre-1.jpg\",\"articleSection\":[\"Bones pr\u00e0ctiques\",\"Recursos\",\"Relleu\",\"Sense categoria\"],\"inLanguage\":\"en-US\"},{\"@type\":\"WebPage\",\"@id\":\"https:\\\/\\\/www.esplac.cat\\\/pack-setembre-tot-el-que-necessiteu-per-comencar-be-el-curs\\\/\",\"url\":\"https:\\\/\\\/www.esplac.cat\\\/pack-setembre-tot-el-que-necessiteu-per-comencar-be-el-curs\\\/\",\"name\":\"Pack Setembre: tot el que necessiteu per comen\u00e7ar b\u00e9 el curs! - Esplac\",\"isPartOf\":{\"@id\":\"https:\\\/\\\/www.esplac.cat\\\/#website\"},\"primaryImageOfPage\":{\"@id\":\"https:\\\/\\\/www.esplac.cat\\\/pack-setembre-tot-el-que-necessiteu-per-comencar-be-el-curs\\\/#primaryimage\"},\"image\":{\"@id\":\"https:\\\/\\\/www.esplac.cat\\\/pack-setembre-tot-el-que-necessiteu-per-comencar-be-el-curs\\\/#primaryimage\"},\"thumbnailUrl\":\"https:\\\/\\\/www.esplac.cat\\\/wp-content\\\/uploads\\\/2023\\\/09\\\/Pack-Setembre-1.jpg\",\"datePublished\":\"2023-09-07T07:28:39+00:00\",\"description\":\"Ja ho teniu tot a punt per comen\u00e7ar un nou curs d\u2019esplai? Des d'Esplac us ho posem f\u00e0cil amb alguns recursos que us poden ser molt \u00fatils!\",\"breadcrumb\":{\"@id\":\"https:\\\/\\\/www.esplac.cat\\\/pack-setembre-tot-el-que-necessiteu-per-comencar-be-el-curs\\\/#breadcrumb\"},\"inLanguage\":\"en-US\",\"potentialAction\":[{\"@type\":\"ReadAction\",\"target\":[\"https:\\\/\\\/www.esplac.cat\\\/pack-setembre-tot-el-que-necessiteu-per-comencar-be-el-curs\\\/\"]}]},{\"@type\":\"ImageObject\",\"inLanguage\":\"en-US\",\"@id\":\"https:\\\/\\\/www.esplac.cat\\\/pack-setembre-tot-el-que-necessiteu-per-comencar-be-el-curs\\\/#primaryimage\",\"url\":\"https:\\\/\\\/www.esplac.cat\\\/wp-content\\\/uploads\\\/2023\\\/09\\\/Pack-Setembre-1.jpg\",\"contentUrl\":\"https:\\\/\\\/www.esplac.cat\\\/wp-content\\\/uploads\\\/2023\\\/09\\\/Pack-Setembre-1.jpg\",\"width\":1697,\"height\":700,\"caption\":\"Pack Setembre 2023-24\"},{\"@type\":\"BreadcrumbList\",\"@id\":\"https:\\\/\\\/www.esplac.cat\\\/pack-setembre-tot-el-que-necessiteu-per-comencar-be-el-curs\\\/#breadcrumb\",\"itemListElement\":[{\"@type\":\"ListItem\",\"position\":1,\"name\":\"Inici\",\"item\":\"https:\\\/\\\/www.esplac.cat\\\/en\\\/\"},{\"@type\":\"ListItem\",\"position\":2,\"name\":\"Pack Setembre: tot el que necessiteu per comen\u00e7ar b\u00e9 el curs!\"}]},{\"@type\":\"WebSite\",\"@id\":\"https:\\\/\\\/www.esplac.cat\\\/#website\",\"url\":\"https:\\\/\\\/www.esplac.cat\\\/\",\"name\":\"Esplac\",\"description\":\"Esplais Catalans\",\"publisher\":{\"@id\":\"https:\\\/\\\/www.esplac.cat\\\/#organization\"},\"potentialAction\":[{\"@type\":\"SearchAction\",\"target\":{\"@type\":\"EntryPoint\",\"urlTemplate\":\"https:\\\/\\\/www.esplac.cat\\\/?s={search_term_string}\"},\"query-input\":{\"@type\":\"PropertyValueSpecification\",\"valueRequired\":true,\"valueName\":\"search_term_string\"}}],\"inLanguage\":\"en-US\"},{\"@type\":\"Organization\",\"@id\":\"https:\\\/\\\/www.esplac.cat\\\/#organization\",\"name\":\"Esplac\",\"url\":\"https:\\\/\\\/www.esplac.cat\\\/\",\"logo\":{\"@type\":\"ImageObject\",\"inLanguage\":\"en-US\",\"@id\":\"https:\\\/\\\/www.esplac.cat\\\/#\\\/schema\\\/logo\\\/image\\\/\",\"url\":\"https:\\\/\\\/www.esplac.cat\\\/wp-content\\\/uploads\\\/2019\\\/08\\\/logox2.png\",\"contentUrl\":\"https:\\\/\\\/www.esplac.cat\\\/wp-content\\\/uploads\\\/2019\\\/08\\\/logox2.png\",\"width\":600,\"height\":295,\"caption\":\"Esplac\"},\"image\":{\"@id\":\"https:\\\/\\\/www.esplac.cat\\\/#\\\/schema\\\/logo\\\/image\\\/\"}},{\"@type\":\"Person\",\"@id\":\"https:\\\/\\\/www.esplac.cat\\\/#\\\/schema\\\/person\\\/908383cf240be18b68f8855d0583faca\",\"name\":\"Comunicaci\u00f3 Esplac\",\"image\":{\"@type\":\"ImageObject\",\"inLanguage\":\"en-US\",\"@id\":\"https:\\\/\\\/secure.gravatar.com\\\/avatar\\\/7a4cf8feb412a76ea4a740ca02d95b06b2907b5a6c648c2dd0a1082a093c3141?s=96&d=mm&r=g\",\"url\":\"https:\\\/\\\/secure.gravatar.com\\\/avatar\\\/7a4cf8feb412a76ea4a740ca02d95b06b2907b5a6c648c2dd0a1082a093c3141?s=96&d=mm&r=g\",\"contentUrl\":\"https:\\\/\\\/secure.gravatar.com\\\/avatar\\\/7a4cf8feb412a76ea4a740ca02d95b06b2907b5a6c648c2dd0a1082a093c3141?s=96&d=mm&r=g\",\"caption\":\"Comunicaci\u00f3 Esplac\"}}]}<\/script>\n<!-- \/ Yoast SEO plugin. -->","yoast_head_json":{"title":"Pack Setembre: tot el que necessiteu per comen\u00e7ar b\u00e9 el curs! - Esplac","description":"Ja ho teniu tot a punt per comen\u00e7ar un nou curs d\u2019esplai? Des d'Esplac us ho posem f\u00e0cil amb alguns recursos que us poden ser molt \u00fatils!","robots":{"index":"index","follow":"follow","max-snippet":"max-snippet:-1","max-image-preview":"max-image-preview:large","max-video-preview":"max-video-preview:-1"},"canonical":"https:\/\/www.esplac.cat\/pack-setembre-tot-el-que-necessiteu-per-comencar-be-el-curs\/","og_locale":"en_US","og_type":"article","og_title":"Pack Setembre: tot el que necessiteu per comen\u00e7ar b\u00e9 el curs! - Esplac","og_description":"Ja ho teniu tot a punt per comen\u00e7ar un nou curs d\u2019esplai? Des d'Esplac us ho posem f\u00e0cil amb alguns recursos que us poden ser molt \u00fatils!","og_url":"https:\/\/www.esplac.cat\/pack-setembre-tot-el-que-necessiteu-per-comencar-be-el-curs\/","og_site_name":"Esplac","article_published_time":"2023-09-07T07:28:39+00:00","og_image":[{"width":1697,"height":700,"url":"https:\/\/www.esplac.cat\/wp-content\/uploads\/2023\/09\/Pack-Setembre-1.jpg","type":"image\/jpeg"}],"author":"Comunicaci\u00f3 Esplac","twitter_card":"summary_large_image","twitter_misc":{"Written by":"Comunicaci\u00f3 Esplac","Est. reading time":"1 minute"},"schema":{"@context":"https:\/\/schema.org","@graph":[{"@type":"Article","@id":"https:\/\/www.esplac.cat\/pack-setembre-tot-el-que-necessiteu-per-comencar-be-el-curs\/#article","isPartOf":{"@id":"https:\/\/www.esplac.cat\/pack-setembre-tot-el-que-necessiteu-per-comencar-be-el-curs\/"},"author":{"name":"Comunicaci\u00f3 Esplac","@id":"https:\/\/www.esplac.cat\/#\/schema\/person\/908383cf240be18b68f8855d0583faca"},"headline":"Pack Setembre: tot el que necessiteu per comen\u00e7ar b\u00e9 el curs!","datePublished":"2023-09-07T07:28:39+00:00","mainEntityOfPage":{"@id":"https:\/\/www.esplac.cat\/pack-setembre-tot-el-que-necessiteu-per-comencar-be-el-curs\/"},"wordCount":312,"publisher":{"@id":"https:\/\/www.esplac.cat\/#organization"},"image":{"@id":"https:\/\/www.esplac.cat\/pack-setembre-tot-el-que-necessiteu-per-comencar-be-el-curs\/#primaryimage"},"thumbnailUrl":"https:\/\/www.esplac.cat\/wp-content\/uploads\/2023\/09\/Pack-Setembre-1.jpg","articleSection":["Bones pr\u00e0ctiques","Recursos","Relleu","Sense categoria"],"inLanguage":"en-US"},{"@type":"WebPage","@id":"https:\/\/www.esplac.cat\/pack-setembre-tot-el-que-necessiteu-per-comencar-be-el-curs\/","url":"https:\/\/www.esplac.cat\/pack-setembre-tot-el-que-necessiteu-per-comencar-be-el-curs\/","name":"Pack Setembre: tot el que necessiteu per comen\u00e7ar b\u00e9 el curs! - Esplac","isPartOf":{"@id":"https:\/\/www.esplac.cat\/#website"},"primaryImageOfPage":{"@id":"https:\/\/www.esplac.cat\/pack-setembre-tot-el-que-necessiteu-per-comencar-be-el-curs\/#primaryimage"},"image":{"@id":"https:\/\/www.esplac.cat\/pack-setembre-tot-el-que-necessiteu-per-comencar-be-el-curs\/#primaryimage"},"thumbnailUrl":"https:\/\/www.esplac.cat\/wp-content\/uploads\/2023\/09\/Pack-Setembre-1.jpg","datePublished":"2023-09-07T07:28:39+00:00","description":"Ja ho teniu tot a punt per comen\u00e7ar un nou curs d\u2019esplai? Des d'Esplac us ho posem f\u00e0cil amb alguns recursos que us poden ser molt \u00fatils!","breadcrumb":{"@id":"https:\/\/www.esplac.cat\/pack-setembre-tot-el-que-necessiteu-per-comencar-be-el-curs\/#breadcrumb"},"inLanguage":"en-US","potentialAction":[{"@type":"ReadAction","target":["https:\/\/www.esplac.cat\/pack-setembre-tot-el-que-necessiteu-per-comencar-be-el-curs\/"]}]},{"@type":"ImageObject","inLanguage":"en-US","@id":"https:\/\/www.esplac.cat\/pack-setembre-tot-el-que-necessiteu-per-comencar-be-el-curs\/#primaryimage","url":"https:\/\/www.esplac.cat\/wp-content\/uploads\/2023\/09\/Pack-Setembre-1.jpg","contentUrl":"https:\/\/www.esplac.cat\/wp-content\/uploads\/2023\/09\/Pack-Setembre-1.jpg","width":1697,"height":700,"caption":"Pack Setembre 2023-24"},{"@type":"BreadcrumbList","@id":"https:\/\/www.esplac.cat\/pack-setembre-tot-el-que-necessiteu-per-comencar-be-el-curs\/#breadcrumb","itemListElement":[{"@type":"ListItem","position":1,"name":"Inici","item":"https:\/\/www.esplac.cat\/en\/"},{"@type":"ListItem","position":2,"name":"Pack Setembre: tot el que necessiteu per comen\u00e7ar b\u00e9 el curs!"}]},{"@type":"WebSite","@id":"https:\/\/www.esplac.cat\/#website","url":"https:\/\/www.esplac.cat\/","name":"Esplac","description":"Esplais Catalans","publisher":{"@id":"https:\/\/www.esplac.cat\/#organization"},"potentialAction":[{"@type":"SearchAction","target":{"@type":"EntryPoint","urlTemplate":"https:\/\/www.esplac.cat\/?s={search_term_string}"},"query-input":{"@type":"PropertyValueSpecification","valueRequired":true,"valueName":"search_term_string"}}],"inLanguage":"en-US"},{"@type":"Organization","@id":"https:\/\/www.esplac.cat\/#organization","name":"Esplac","url":"https:\/\/www.esplac.cat\/","logo":{"@type":"ImageObject","inLanguage":"en-US","@id":"https:\/\/www.esplac.cat\/#\/schema\/logo\/image\/","url":"https:\/\/www.esplac.cat\/wp-content\/uploads\/2019\/08\/logox2.png","contentUrl":"https:\/\/www.esplac.cat\/wp-content\/uploads\/2019\/08\/logox2.png","width":600,"height":295,"caption":"Esplac"},"image":{"@id":"https:\/\/www.esplac.cat\/#\/schema\/logo\/image\/"}},{"@type":"Person","@id":"https:\/\/www.esplac.cat\/#\/schema\/person\/908383cf240be18b68f8855d0583faca","name":"Comunicaci\u00f3 Esplac","image":{"@type":"ImageObject","inLanguage":"en-US","@id":"https:\/\/secure.gravatar.com\/avatar\/7a4cf8feb412a76ea4a740ca02d95b06b2907b5a6c648c2dd0a1082a093c3141?s=96&d=mm&r=g","url":"https:\/\/secure.gravatar.com\/avatar\/7a4cf8feb412a76ea4a740ca02d95b06b2907b5a6c648c2dd0a1082a093c3141?s=96&d=mm&r=g","contentUrl":"https:\/\/secure.gravatar.com\/avatar\/7a4cf8feb412a76ea4a740ca02d95b06b2907b5a6c648c2dd0a1082a093c3141?s=96&d=mm&r=g","caption":"Comunicaci\u00f3 Esplac"}}]}},"_links":{"self":[{"href":"https:\/\/www.esplac.cat\/en\/wp-json\/wp\/v2\/posts\/46789","targetHints":{"allow":["GET"]}}],"collection":[{"href":"https:\/\/www.esplac.cat\/en\/wp-json\/wp\/v2\/posts"}],"about":[{"href":"https:\/\/www.esplac.cat\/en\/wp-json\/wp\/v2\/types\/post"}],"author":[{"embeddable":true,"href":"https:\/\/www.esplac.cat\/en\/wp-json\/wp\/v2\/users\/3"}],"replies":[{"embeddable":true,"href":"https:\/\/www.esplac.cat\/en\/wp-json\/wp\/v2\/comments?post=46789"}],"version-history":[{"count":0,"href":"https:\/\/www.esplac.cat\/en\/wp-json\/wp\/v2\/posts\/46789\/revisions"}],"wp:featuredmedia":[{"embeddable":true,"href":"https:\/\/www.esplac.cat\/en\/wp-json\/wp\/v2\/media\/46801"}],"wp:attachment":[{"href":"https:\/\/www.esplac.cat\/en\/wp-json\/wp\/v2\/media?parent=46789"}],"wp:term":[{"taxonomy":"category","embeddable":true,"href":"https:\/\/www.esplac.cat\/en\/wp-json\/wp\/v2\/categories?post=46789"},{"taxonomy":"post_tag","embeddable":true,"href":"https:\/\/www.esplac.cat\/en\/wp-json\/wp\/v2\/tags?post=46789"}],"curies":[{"name":"wp","href":"https:\/\/api.w.org\/{rel}","templated":true}]}}