{"id":46896,"date":"2023-09-19T11:50:20","date_gmt":"2023-09-19T09:50:20","guid":{"rendered":"https:\/\/www.esplac.cat\/?p=46896"},"modified":"2023-09-19T12:10:44","modified_gmt":"2023-09-19T10:10:44","slug":"jornades-lleure-i-feminismes-2023","status":"publish","type":"post","link":"https:\/\/www.esplac.cat\/en\/jornades-lleure-i-feminismes-2023\/","title":{"rendered":"Arriba la XIII edici\u00f3 de les Jornades de Lleure i Feminismes!"},"content":{"rendered":"<h5><span style=\"font-weight: 300;\"><span style=\"font-weight: 800;\">Jornades de Lleure i Feminismes: &#8220;Del qu\u00e8 al com: aterrem el feminisme interseccional a l\u2019esplai i al cau&#8221;.<\/span><\/span><\/h5>\n<p><span style=\"font-weight: 300;\">Arriben les XIII Jornades de Lleure i Feminismes amb la voluntat de passar a l\u2019acci\u00f3. Seguint el fil de l\u2019edici\u00f3 anterior, volem anar m\u00e9s enll\u00e0 de la teoria i dels discursos per formar-nos i reflexionar sobre <\/span><b>com portem a la pr\u00e0ctica el feminisme interseccional.<\/b><span style=\"font-weight: 300;\">\u00a0<\/span><\/p>\n<p><span style=\"font-weight: 300;\">Ho farem centrant-nos en la realitat dels esplais, els agrupaments i altres entitats juvenils. Posarem el focus en com treballem temes com el feminisme antiracista, la salut mental, els TCA i el plaer i el desig amb infants i joves.<\/span><\/p>\n<p><span style=\"font-weight: 300;\">Les Jornades tindran lloc a l\u2019Ateneu la B\u00f2bila <\/span><b>diumenge 5 de novembre de 9h a 19:30h<\/b><span style=\"font-weight: 300;\">, i la inscripci\u00f3 t\u00e9 un cost de 8\u20ac (amb dinar incl\u00f2s). <\/span><b>Les inscripcions s\u2019obriran dimecres 27 de setembre<\/b><span style=\"font-weight: 300;\">. Es faran a trav\u00e9s de la p\u00e0gina web de l\u2019<span style=\"color: #f69d0b;\"><a style=\"color: #f69d0b;\" href=\"https:\/\/escolaelsol.coop\/\" target=\"_blank\" rel=\"noopener\"><strong>Escola Lliure El Sol<\/strong><\/a><\/span>. Aquestes tindran dues etapes:\u00a0<\/span><\/p>\n<ol>\n<li style=\"font-weight: 400;\" aria-level=\"1\"><b>Del<\/b> <b>27 de setembre al 18 d&#8217;octubre: <\/b><span style=\"font-weight: 300;\">Inscripcions per a membres de les <\/span><b>entitats<\/b><span style=\"font-weight: 300;\"> organitzadores (Esplac, Escoltes Catalans, Minyons Escoltes i Guies, Escola Lliure el Sol)\u00a0<\/span><\/li>\n<li style=\"font-weight: 400;\" aria-level=\"1\"><b>Del 18 d&#8217;octubre al 30 d&#8217;octubre<\/b><span style=\"font-weight: 300;\">: Inscripcions per persones <\/span><b>externes<\/b><span style=\"font-weight: 300;\"> a les entitats organitzadores, \u00e9s a dir, persones que no formen part de cap de les tres entitats organitzadores.<\/span><\/li>\n<\/ol>\n<p><span style=\"font-weight: 300;\">Un cop completada la inscripci\u00f3, rebreu un correu electr\u00f2nic que us indicar\u00e0 el seg\u00fcent pas a seguir per tal de poder prioritzar els tallers on voleu participar. Tot i que procurarem tenir en compte les prioritats de totes, l\u2019organitzaci\u00f3 vetllar\u00e0 per l\u2019equilibri en el nombre de participants dels tallers.<\/span><\/p>\n<p><span style=\"font-weight: 300;\">Podeu consultar tota la informaci\u00f3 actualitzada a la <\/span><strong><a href=\"https:\/\/lleureisexisme.wordpress.com\/\"><span style=\"color: #f69d0b;\">web<\/span><\/a><\/strong><span style=\"font-weight: 300;\">, <\/span><strong><span style=\"color: #f69d0b;\"><a style=\"color: #f69d0b;\" href=\"https:\/\/www.instagram.com\/lleureifeminismes\/\">instagram<\/a><\/span><\/strong><span style=\"font-weight: 300;\"> i <\/span><strong><span style=\"color: #f69d0b;\"><a style=\"color: #f69d0b;\" href=\"https:\/\/mobile.twitter.com\/jllifeminismes\">twitter<\/a><\/span><\/strong><span style=\"font-weight: 300;\"> de les Jornades, i podeu veure les edicions anteriors a l\u2019<\/span><strong><a href=\"https:\/\/www.esplac.cat\/formacions\/jornades-de-lleure-i-feminismes\/\"><span style=\"color: #f69d0b;\">apartat del web<\/span><\/a><\/strong><span style=\"font-weight: 300;\"> d\u2019Esplac sobre les Jornades de Lleure i Feminismes.<\/span><\/p>\n<p>&nbsp;<\/p>\n<blockquote class=\"instagram-media\" style=\"background: #FFF; border: 0; border-radius: 3px; box-shadow: 0 0 1px 0 rgba(0,0,0,0.5),0 1px 10px 0 rgba(0,0,0,0.15); margin: 1px; max-width: 540px; min-width: 326px; padding: 0; width: calc(100% - 2px);\" data-instgrm-captioned=\"\" data-instgrm-permalink=\"https:\/\/www.instagram.com\/p\/CxLhpsIqCS3\/?utm_source=ig_embed&amp;utm_campaign=loading\" data-instgrm-version=\"14\">\n<div style=\"padding: 16px;\">\n<p>&nbsp;<\/p>\n<div style=\"display: flex; flex-direction: row; align-items: center;\">\n<div style=\"background-color: #f4f4f4; border-radius: 50%; flex-grow: 0; height: 40px; margin-right: 14px; width: 40px;\"><\/div>\n<div style=\"display: flex; flex-direction: column; flex-grow: 1; justify-content: center;\">\n<div style=\"background-color: #f4f4f4; border-radius: 4px; flex-grow: 0; height: 14px; margin-bottom: 6px; width: 100px;\"><\/div>\n<div style=\"background-color: #f4f4f4; border-radius: 4px; flex-grow: 0; height: 14px; width: 60px;\"><\/div>\n<\/div>\n<\/div>\n<div style=\"padding: 19% 0;\"><\/div>\n<div style=\"display: block; height: 50px; margin: 0 auto 12px; width: 50px;\"><\/div>\n<div style=\"padding-top: 8px;\">\n<div style=\"color: #3897f0; font-family: Arial,sans-serif; font-size: 14px; font-style: normal; font-weight: 550; line-height: 18px;\">View this post on Instagram<\/div>\n<\/div>\n<div style=\"padding: 12.5% 0;\"><\/div>\n<div style=\"display: flex; flex-direction: row; margin-bottom: 14px; align-items: center;\">\n<div>\n<div style=\"background-color: #f4f4f4; border-radius: 50%; height: 12.5px; width: 12.5px; transform: translateX(0px) translateY(7px);\"><\/div>\n<div style=\"background-color: #f4f4f4; height: 12.5px; transform: rotate(-45deg) translateX(3px) translateY(1px); width: 12.5px; flex-grow: 0; margin-right: 14px; margin-left: 2px;\"><\/div>\n<div style=\"background-color: #f4f4f4; border-radius: 50%; height: 12.5px; width: 12.5px; transform: translateX(9px) translateY(-18px);\"><\/div>\n<\/div>\n<div style=\"margin-left: 8px;\">\n<div style=\"background-color: #f4f4f4; border-radius: 50%; flex-grow: 0; height: 20px; width: 20px;\"><\/div>\n<div style=\"width: 0; height: 0; border-top: 2px solid transparent; border-left: 6px solid #f4f4f4; border-bottom: 2px solid transparent; transform: translateX(16px) translateY(-4px) rotate(30deg);\"><\/div>\n<\/div>\n<div style=\"margin-left: auto;\">\n<div style=\"width: 0px; border-top: 8px solid #F4F4F4; border-right: 8px solid transparent; transform: translateY(16px);\"><\/div>\n<div style=\"background-color: #f4f4f4; flex-grow: 0; height: 12px; width: 16px; transform: translateY(-4px);\"><\/div>\n<div style=\"width: 0; height: 0; border-top: 8px solid #F4F4F4; border-left: 8px solid transparent; transform: translateY(-4px) translateX(8px);\"><\/div>\n<\/div>\n<\/div>\n<div style=\"display: flex; flex-direction: column; flex-grow: 1; justify-content: center; margin-bottom: 24px;\">\n<div style=\"background-color: #f4f4f4; border-radius: 4px; flex-grow: 0; height: 14px; margin-bottom: 6px; width: 224px;\"><\/div>\n<div style=\"background-color: #f4f4f4; border-radius: 4px; flex-grow: 0; height: 14px; width: 144px;\"><\/div>\n<\/div>\n<p>&nbsp;<\/p>\n<p style=\"color: #c9c8cd; font-family: Arial,sans-serif; font-size: 14px; line-height: 17px; margin-bottom: 0; margin-top: 8px; overflow: hidden; padding: 8px 0 7px; text-align: center; text-overflow: ellipsis; white-space: nowrap;\"><a style=\"color: #c9c8cd; font-family: Arial,sans-serif; font-size: 14px; font-style: normal; font-weight: normal; line-height: 17px; text-decoration: none;\" href=\"https:\/\/www.instagram.com\/p\/CxLhpsIqCS3\/?utm_source=ig_embed&amp;utm_campaign=loading\" target=\"_blank\" rel=\"noopener\">A post shared by Jornades Lleure i Feminismes (@lleureifeminismes)<\/a><\/p>\n<\/div>\n<\/blockquote>\n<p><script async src=\"\/\/www.instagram.com\/embed.js\"><\/script><\/p>\n","protected":false},"excerpt":{"rendered":"<p>Jornades de Lleure i Feminismes: &#8220;Del qu\u00e8 al com: aterrem [&hellip;]<\/p>\n","protected":false},"author":3,"featured_media":46900,"comment_status":"closed","ping_status":"closed","sticky":false,"template":"","format":"standard","meta":{"om_disable_all_campaigns":false,"_monsterinsights_skip_tracking":false,"_monsterinsights_sitenote_active":false,"_monsterinsights_sitenote_note":"","_monsterinsights_sitenote_category":0,"_uf_show_specific_survey":0,"_uf_disable_surveys":false,"footnotes":""},"categories":[1158,1396],"tags":[],"class_list":["post-46896","post","type-post","status-publish","format-standard","has-post-thumbnail","hentry","category-jornades-lleure-feminismes","category-socies"],"yoast_head":"<!-- This site is optimized with the Yoast SEO plugin v27.5 - https:\/\/yoast.com\/product\/yoast-seo-wordpress\/ -->\n<title>Arriba la XIII edici\u00f3 de les Jornades de Lleure i Feminismes! - Esplac<\/title>\n<meta name=\"description\" content=\"Volem anar m\u00e9s enll\u00e0 de la teoria i dels discursos per formar-nos i reflexionar sobre com portem a la pr\u00e0ctica el feminisme interseccional.\u00a0\" \/>\n<meta name=\"robots\" content=\"index, follow, max-snippet:-1, max-image-preview:large, max-video-preview:-1\" \/>\n<link rel=\"canonical\" href=\"https:\/\/www.esplac.cat\/jornades-lleure-i-feminismes-2023\/\" \/>\n<meta property=\"og:locale\" content=\"en_US\" \/>\n<meta property=\"og:type\" content=\"article\" \/>\n<meta property=\"og:title\" content=\"Arriba la XIII edici\u00f3 de les Jornades de Lleure i Feminismes! - Esplac\" \/>\n<meta property=\"og:description\" content=\"Volem anar m\u00e9s enll\u00e0 de la teoria i dels discursos per formar-nos i reflexionar sobre com portem a la pr\u00e0ctica el feminisme interseccional.\u00a0\" \/>\n<meta property=\"og:url\" content=\"https:\/\/www.esplac.cat\/jornades-lleure-i-feminismes-2023\/\" \/>\n<meta property=\"og:site_name\" content=\"Esplac\" \/>\n<meta property=\"article:published_time\" content=\"2023-09-19T09:50:20+00:00\" \/>\n<meta property=\"article:modified_time\" content=\"2023-09-19T10:10:44+00:00\" \/>\n<meta property=\"og:image\" content=\"https:\/\/www.esplac.cat\/wp-content\/uploads\/2023\/09\/Portades-Web-3.jpg\" \/>\n\t<meta property=\"og:image:width\" content=\"1697\" \/>\n\t<meta property=\"og:image:height\" content=\"700\" \/>\n\t<meta property=\"og:image:type\" content=\"image\/jpeg\" \/>\n<meta name=\"author\" content=\"Comunicaci\u00f3 Esplac\" \/>\n<meta name=\"twitter:card\" content=\"summary_large_image\" \/>\n<meta name=\"twitter:label1\" content=\"Written by\" \/>\n\t<meta name=\"twitter:data1\" content=\"Comunicaci\u00f3 Esplac\" \/>\n\t<meta name=\"twitter:label2\" content=\"Est. reading time\" \/>\n\t<meta name=\"twitter:data2\" content=\"2 minutes\" \/>\n<script type=\"application\/ld+json\" class=\"yoast-schema-graph\">{\"@context\":\"https:\\\/\\\/schema.org\",\"@graph\":[{\"@type\":\"Article\",\"@id\":\"https:\\\/\\\/www.esplac.cat\\\/jornades-lleure-i-feminismes-2023\\\/#article\",\"isPartOf\":{\"@id\":\"https:\\\/\\\/www.esplac.cat\\\/jornades-lleure-i-feminismes-2023\\\/\"},\"author\":{\"name\":\"Comunicaci\u00f3 Esplac\",\"@id\":\"https:\\\/\\\/www.esplac.cat\\\/#\\\/schema\\\/person\\\/908383cf240be18b68f8855d0583faca\"},\"headline\":\"Arriba la XIII edici\u00f3 de les Jornades de Lleure i Feminismes!\",\"datePublished\":\"2023-09-19T09:50:20+00:00\",\"dateModified\":\"2023-09-19T10:10:44+00:00\",\"mainEntityOfPage\":{\"@id\":\"https:\\\/\\\/www.esplac.cat\\\/jornades-lleure-i-feminismes-2023\\\/\"},\"wordCount\":332,\"publisher\":{\"@id\":\"https:\\\/\\\/www.esplac.cat\\\/#organization\"},\"image\":{\"@id\":\"https:\\\/\\\/www.esplac.cat\\\/jornades-lleure-i-feminismes-2023\\\/#primaryimage\"},\"thumbnailUrl\":\"https:\\\/\\\/www.esplac.cat\\\/wp-content\\\/uploads\\\/2023\\\/09\\\/Portades-Web-3.jpg\",\"articleSection\":[\"Jornades de Lleure i Feminismes\",\"S\u00f2cies\"],\"inLanguage\":\"en-US\"},{\"@type\":\"WebPage\",\"@id\":\"https:\\\/\\\/www.esplac.cat\\\/jornades-lleure-i-feminismes-2023\\\/\",\"url\":\"https:\\\/\\\/www.esplac.cat\\\/jornades-lleure-i-feminismes-2023\\\/\",\"name\":\"Arriba la XIII edici\u00f3 de les Jornades de Lleure i Feminismes! - Esplac\",\"isPartOf\":{\"@id\":\"https:\\\/\\\/www.esplac.cat\\\/#website\"},\"primaryImageOfPage\":{\"@id\":\"https:\\\/\\\/www.esplac.cat\\\/jornades-lleure-i-feminismes-2023\\\/#primaryimage\"},\"image\":{\"@id\":\"https:\\\/\\\/www.esplac.cat\\\/jornades-lleure-i-feminismes-2023\\\/#primaryimage\"},\"thumbnailUrl\":\"https:\\\/\\\/www.esplac.cat\\\/wp-content\\\/uploads\\\/2023\\\/09\\\/Portades-Web-3.jpg\",\"datePublished\":\"2023-09-19T09:50:20+00:00\",\"dateModified\":\"2023-09-19T10:10:44+00:00\",\"description\":\"Volem anar m\u00e9s enll\u00e0 de la teoria i dels discursos per formar-nos i reflexionar sobre com portem a la pr\u00e0ctica el feminisme interseccional.\u00a0\",\"breadcrumb\":{\"@id\":\"https:\\\/\\\/www.esplac.cat\\\/jornades-lleure-i-feminismes-2023\\\/#breadcrumb\"},\"inLanguage\":\"en-US\",\"potentialAction\":[{\"@type\":\"ReadAction\",\"target\":[\"https:\\\/\\\/www.esplac.cat\\\/jornades-lleure-i-feminismes-2023\\\/\"]}]},{\"@type\":\"ImageObject\",\"inLanguage\":\"en-US\",\"@id\":\"https:\\\/\\\/www.esplac.cat\\\/jornades-lleure-i-feminismes-2023\\\/#primaryimage\",\"url\":\"https:\\\/\\\/www.esplac.cat\\\/wp-content\\\/uploads\\\/2023\\\/09\\\/Portades-Web-3.jpg\",\"contentUrl\":\"https:\\\/\\\/www.esplac.cat\\\/wp-content\\\/uploads\\\/2023\\\/09\\\/Portades-Web-3.jpg\",\"width\":1697,\"height\":700,\"caption\":\"XIII Jornades Lleure i Feminismes\"},{\"@type\":\"BreadcrumbList\",\"@id\":\"https:\\\/\\\/www.esplac.cat\\\/jornades-lleure-i-feminismes-2023\\\/#breadcrumb\",\"itemListElement\":[{\"@type\":\"ListItem\",\"position\":1,\"name\":\"Inici\",\"item\":\"https:\\\/\\\/www.esplac.cat\\\/en\\\/\"},{\"@type\":\"ListItem\",\"position\":2,\"name\":\"Arriba la XIII edici\u00f3 de les Jornades de Lleure i Feminismes!\"}]},{\"@type\":\"WebSite\",\"@id\":\"https:\\\/\\\/www.esplac.cat\\\/#website\",\"url\":\"https:\\\/\\\/www.esplac.cat\\\/\",\"name\":\"Esplac\",\"description\":\"Esplais Catalans\",\"publisher\":{\"@id\":\"https:\\\/\\\/www.esplac.cat\\\/#organization\"},\"potentialAction\":[{\"@type\":\"SearchAction\",\"target\":{\"@type\":\"EntryPoint\",\"urlTemplate\":\"https:\\\/\\\/www.esplac.cat\\\/?s={search_term_string}\"},\"query-input\":{\"@type\":\"PropertyValueSpecification\",\"valueRequired\":true,\"valueName\":\"search_term_string\"}}],\"inLanguage\":\"en-US\"},{\"@type\":\"Organization\",\"@id\":\"https:\\\/\\\/www.esplac.cat\\\/#organization\",\"name\":\"Esplac\",\"url\":\"https:\\\/\\\/www.esplac.cat\\\/\",\"logo\":{\"@type\":\"ImageObject\",\"inLanguage\":\"en-US\",\"@id\":\"https:\\\/\\\/www.esplac.cat\\\/#\\\/schema\\\/logo\\\/image\\\/\",\"url\":\"https:\\\/\\\/www.esplac.cat\\\/wp-content\\\/uploads\\\/2019\\\/08\\\/logox2.png\",\"contentUrl\":\"https:\\\/\\\/www.esplac.cat\\\/wp-content\\\/uploads\\\/2019\\\/08\\\/logox2.png\",\"width\":600,\"height\":295,\"caption\":\"Esplac\"},\"image\":{\"@id\":\"https:\\\/\\\/www.esplac.cat\\\/#\\\/schema\\\/logo\\\/image\\\/\"}},{\"@type\":\"Person\",\"@id\":\"https:\\\/\\\/www.esplac.cat\\\/#\\\/schema\\\/person\\\/908383cf240be18b68f8855d0583faca\",\"name\":\"Comunicaci\u00f3 Esplac\",\"image\":{\"@type\":\"ImageObject\",\"inLanguage\":\"en-US\",\"@id\":\"https:\\\/\\\/secure.gravatar.com\\\/avatar\\\/7a4cf8feb412a76ea4a740ca02d95b06b2907b5a6c648c2dd0a1082a093c3141?s=96&d=mm&r=g\",\"url\":\"https:\\\/\\\/secure.gravatar.com\\\/avatar\\\/7a4cf8feb412a76ea4a740ca02d95b06b2907b5a6c648c2dd0a1082a093c3141?s=96&d=mm&r=g\",\"contentUrl\":\"https:\\\/\\\/secure.gravatar.com\\\/avatar\\\/7a4cf8feb412a76ea4a740ca02d95b06b2907b5a6c648c2dd0a1082a093c3141?s=96&d=mm&r=g\",\"caption\":\"Comunicaci\u00f3 Esplac\"}}]}<\/script>\n<!-- \/ Yoast SEO plugin. -->","yoast_head_json":{"title":"Arriba la XIII edici\u00f3 de les Jornades de Lleure i Feminismes! - Esplac","description":"Volem anar m\u00e9s enll\u00e0 de la teoria i dels discursos per formar-nos i reflexionar sobre com portem a la pr\u00e0ctica el feminisme interseccional.\u00a0","robots":{"index":"index","follow":"follow","max-snippet":"max-snippet:-1","max-image-preview":"max-image-preview:large","max-video-preview":"max-video-preview:-1"},"canonical":"https:\/\/www.esplac.cat\/jornades-lleure-i-feminismes-2023\/","og_locale":"en_US","og_type":"article","og_title":"Arriba la XIII edici\u00f3 de les Jornades de Lleure i Feminismes! - Esplac","og_description":"Volem anar m\u00e9s enll\u00e0 de la teoria i dels discursos per formar-nos i reflexionar sobre com portem a la pr\u00e0ctica el feminisme interseccional.\u00a0","og_url":"https:\/\/www.esplac.cat\/jornades-lleure-i-feminismes-2023\/","og_site_name":"Esplac","article_published_time":"2023-09-19T09:50:20+00:00","article_modified_time":"2023-09-19T10:10:44+00:00","og_image":[{"width":1697,"height":700,"url":"https:\/\/www.esplac.cat\/wp-content\/uploads\/2023\/09\/Portades-Web-3.jpg","type":"image\/jpeg"}],"author":"Comunicaci\u00f3 Esplac","twitter_card":"summary_large_image","twitter_misc":{"Written by":"Comunicaci\u00f3 Esplac","Est. reading time":"2 minutes"},"schema":{"@context":"https:\/\/schema.org","@graph":[{"@type":"Article","@id":"https:\/\/www.esplac.cat\/jornades-lleure-i-feminismes-2023\/#article","isPartOf":{"@id":"https:\/\/www.esplac.cat\/jornades-lleure-i-feminismes-2023\/"},"author":{"name":"Comunicaci\u00f3 Esplac","@id":"https:\/\/www.esplac.cat\/#\/schema\/person\/908383cf240be18b68f8855d0583faca"},"headline":"Arriba la XIII edici\u00f3 de les Jornades de Lleure i Feminismes!","datePublished":"2023-09-19T09:50:20+00:00","dateModified":"2023-09-19T10:10:44+00:00","mainEntityOfPage":{"@id":"https:\/\/www.esplac.cat\/jornades-lleure-i-feminismes-2023\/"},"wordCount":332,"publisher":{"@id":"https:\/\/www.esplac.cat\/#organization"},"image":{"@id":"https:\/\/www.esplac.cat\/jornades-lleure-i-feminismes-2023\/#primaryimage"},"thumbnailUrl":"https:\/\/www.esplac.cat\/wp-content\/uploads\/2023\/09\/Portades-Web-3.jpg","articleSection":["Jornades de Lleure i Feminismes","S\u00f2cies"],"inLanguage":"en-US"},{"@type":"WebPage","@id":"https:\/\/www.esplac.cat\/jornades-lleure-i-feminismes-2023\/","url":"https:\/\/www.esplac.cat\/jornades-lleure-i-feminismes-2023\/","name":"Arriba la XIII edici\u00f3 de les Jornades de Lleure i Feminismes! - Esplac","isPartOf":{"@id":"https:\/\/www.esplac.cat\/#website"},"primaryImageOfPage":{"@id":"https:\/\/www.esplac.cat\/jornades-lleure-i-feminismes-2023\/#primaryimage"},"image":{"@id":"https:\/\/www.esplac.cat\/jornades-lleure-i-feminismes-2023\/#primaryimage"},"thumbnailUrl":"https:\/\/www.esplac.cat\/wp-content\/uploads\/2023\/09\/Portades-Web-3.jpg","datePublished":"2023-09-19T09:50:20+00:00","dateModified":"2023-09-19T10:10:44+00:00","description":"Volem anar m\u00e9s enll\u00e0 de la teoria i dels discursos per formar-nos i reflexionar sobre com portem a la pr\u00e0ctica el feminisme interseccional.\u00a0","breadcrumb":{"@id":"https:\/\/www.esplac.cat\/jornades-lleure-i-feminismes-2023\/#breadcrumb"},"inLanguage":"en-US","potentialAction":[{"@type":"ReadAction","target":["https:\/\/www.esplac.cat\/jornades-lleure-i-feminismes-2023\/"]}]},{"@type":"ImageObject","inLanguage":"en-US","@id":"https:\/\/www.esplac.cat\/jornades-lleure-i-feminismes-2023\/#primaryimage","url":"https:\/\/www.esplac.cat\/wp-content\/uploads\/2023\/09\/Portades-Web-3.jpg","contentUrl":"https:\/\/www.esplac.cat\/wp-content\/uploads\/2023\/09\/Portades-Web-3.jpg","width":1697,"height":700,"caption":"XIII Jornades Lleure i Feminismes"},{"@type":"BreadcrumbList","@id":"https:\/\/www.esplac.cat\/jornades-lleure-i-feminismes-2023\/#breadcrumb","itemListElement":[{"@type":"ListItem","position":1,"name":"Inici","item":"https:\/\/www.esplac.cat\/en\/"},{"@type":"ListItem","position":2,"name":"Arriba la XIII edici\u00f3 de les Jornades de Lleure i Feminismes!"}]},{"@type":"WebSite","@id":"https:\/\/www.esplac.cat\/#website","url":"https:\/\/www.esplac.cat\/","name":"Esplac","description":"Esplais Catalans","publisher":{"@id":"https:\/\/www.esplac.cat\/#organization"},"potentialAction":[{"@type":"SearchAction","target":{"@type":"EntryPoint","urlTemplate":"https:\/\/www.esplac.cat\/?s={search_term_string}"},"query-input":{"@type":"PropertyValueSpecification","valueRequired":true,"valueName":"search_term_string"}}],"inLanguage":"en-US"},{"@type":"Organization","@id":"https:\/\/www.esplac.cat\/#organization","name":"Esplac","url":"https:\/\/www.esplac.cat\/","logo":{"@type":"ImageObject","inLanguage":"en-US","@id":"https:\/\/www.esplac.cat\/#\/schema\/logo\/image\/","url":"https:\/\/www.esplac.cat\/wp-content\/uploads\/2019\/08\/logox2.png","contentUrl":"https:\/\/www.esplac.cat\/wp-content\/uploads\/2019\/08\/logox2.png","width":600,"height":295,"caption":"Esplac"},"image":{"@id":"https:\/\/www.esplac.cat\/#\/schema\/logo\/image\/"}},{"@type":"Person","@id":"https:\/\/www.esplac.cat\/#\/schema\/person\/908383cf240be18b68f8855d0583faca","name":"Comunicaci\u00f3 Esplac","image":{"@type":"ImageObject","inLanguage":"en-US","@id":"https:\/\/secure.gravatar.com\/avatar\/7a4cf8feb412a76ea4a740ca02d95b06b2907b5a6c648c2dd0a1082a093c3141?s=96&d=mm&r=g","url":"https:\/\/secure.gravatar.com\/avatar\/7a4cf8feb412a76ea4a740ca02d95b06b2907b5a6c648c2dd0a1082a093c3141?s=96&d=mm&r=g","contentUrl":"https:\/\/secure.gravatar.com\/avatar\/7a4cf8feb412a76ea4a740ca02d95b06b2907b5a6c648c2dd0a1082a093c3141?s=96&d=mm&r=g","caption":"Comunicaci\u00f3 Esplac"}}]}},"_links":{"self":[{"href":"https:\/\/www.esplac.cat\/en\/wp-json\/wp\/v2\/posts\/46896","targetHints":{"allow":["GET"]}}],"collection":[{"href":"https:\/\/www.esplac.cat\/en\/wp-json\/wp\/v2\/posts"}],"about":[{"href":"https:\/\/www.esplac.cat\/en\/wp-json\/wp\/v2\/types\/post"}],"author":[{"embeddable":true,"href":"https:\/\/www.esplac.cat\/en\/wp-json\/wp\/v2\/users\/3"}],"replies":[{"embeddable":true,"href":"https:\/\/www.esplac.cat\/en\/wp-json\/wp\/v2\/comments?post=46896"}],"version-history":[{"count":0,"href":"https:\/\/www.esplac.cat\/en\/wp-json\/wp\/v2\/posts\/46896\/revisions"}],"wp:featuredmedia":[{"embeddable":true,"href":"https:\/\/www.esplac.cat\/en\/wp-json\/wp\/v2\/media\/46900"}],"wp:attachment":[{"href":"https:\/\/www.esplac.cat\/en\/wp-json\/wp\/v2\/media?parent=46896"}],"wp:term":[{"taxonomy":"category","embeddable":true,"href":"https:\/\/www.esplac.cat\/en\/wp-json\/wp\/v2\/categories?post=46896"},{"taxonomy":"post_tag","embeddable":true,"href":"https:\/\/www.esplac.cat\/en\/wp-json\/wp\/v2\/tags?post=46896"}],"curies":[{"name":"wp","href":"https:\/\/api.w.org\/{rel}","templated":true}]}}